{"id":14291,"date":"2017-07-09T08:10:45","date_gmt":"2017-07-09T08:10:45","guid":{"rendered":"https:\/\/archiviocassano.lavocedelpaese.info\/index.php\/2017\/07\/09\/lagenda-ri-trovata-il-9-luglio-a-cassano-la-carovana-per-paolo-borsellino\/"},"modified":"2017-07-09T08:10:45","modified_gmt":"2017-07-09T08:10:45","slug":"lagenda-ri-trovata-il-9-luglio-a-cassano-la-carovana-per-paolo-borsellino","status":"publish","type":"post","link":"https:\/\/archiviocassano.lavocedelpaese.info\/index.php\/2017\/07\/09\/lagenda-ri-trovata-il-9-luglio-a-cassano-la-carovana-per-paolo-borsellino\/","title":{"rendered":"L&#8217;Agenda ri-trovata: oggi a Cassano la carovana per Paolo Borsellino"},"content":{"rendered":"<p style=\"text-align: justify;\"><img loading=\"lazy\" decoding=\"async\" class=\" size-full wp-image-10181\" src=\"https:\/\/archiviocassano.lavocedelpaese.info\/wp-content\/uploads\/2015\/01\/striscione_sul_comune.jpg\" width=\"320\" height=\"150\" alt=\"striscione sul comune\" style=\"margin-right: 2px; margin-left: 2px;\" \/><\/p>\n<p><!--more--><\/p>\n<p>Sono trascorsi 25 anni ormai dalla strage di via D\u2019Amelio, del 19 LUGLIO 1992, quando un auto-bomba pose fine alla vita del giudice Paolo Borsellino e degli uomini della sua scorta, ma a scomparire quel giorno fu anche la sua AGENDA ROSSA, sulla quale annotava le informazioni pi\u00f9 sensibili e forse attinenti alla strage di Capaci e alla morte del suo caro amico Giovanni Falcone.<\/p>\n<p>Quest\u2019anno in occasione dell\u2019anniversario, noi Associazioni \u201cAgende Rosse\u201d e \u201cL\u2019ora blu\u201d abbiamo dato vita ad una ciclostaffetta nazionale, denominata &#8220;L&#8217;AGENDA RI-TROVATA&#8221;, che attraverser\u00e0 l\u2019intero stivale Italiano e riporter\u00e0 simbolicamente a Palermo un diario identico a quello sottratto al magistrato.<\/p>\n<p>E\u2019 importante \u201ceducare alla bellezza\u201d e rinnovare il ricordo di quel sacrificio umano, pertanto, un camper e tre tedofori percorreranno l\u2019Italia, accompagnati da liberi cittadini, che vorranno omaggiare gli eroi scomparsi in via D\u2019Amelio, chiedendo VERITA\u2019 E GIUSTIZIA su quelle pagine ancora buie della storia nostrana.<\/p>\n<p>L\u2019iniziativa \u00e8 partita da Bollate (MI) il 25 giugno e giunger\u00e0 in Puglia il 9 Luglio durante la tappa Potenza \u2013 Bari.<\/p>\n<p>Dopo l\u2019incontro sul tragitto (Irsina) tra Tedofori e Fiab di Bari, <strong>la carovana proseguir\u00e0 per Cassano delle Murge,<\/strong> sostando per un pranzo al sacco con liberi cittadini, presso la Foresta Mercadante.<\/p>\n<p>Alle ore 16, raduno in piazza Aldo Moro, nelle vicinanze dello striscione dedicato al pm Antonino Di Matteo ed esposto presso il Balcone del Palazzo municipale cassanese <em>(al momento ancora non presente ma pare in via di ripristino, ndr).<\/em><\/p>\n<p>Ore 17:00 circa secondo raduno allo Stadio San Nicola, nei pressi della rotonda che sbocca su viale Nicola Vernola e successivamente passerella finale nella citta di Bari che terminer\u00e0 a \u201cPane e Pomodoro\u201d.<\/p>\n<p>Il 10 luglio, alle ore 8:00, presso piazza Vittorio Emanuele II di Acquaviva delle fonti, il viaggio proseguir\u00e0 verso Scanzano Jonico.<\/p>\n<p>La partecipazione al tour \u00e8 gratuita e aperta anche ai bambini.<\/p>\n<p>Non sono previste competizioni o vincoli di km e ogni partecipante decider\u00e0 liberamente il tratto che riterr\u00e0 opportuno percorrere.<\/p>\n<p>La ciclostaffetta \u00e8 una passeggiata che ha lo scopo di mantenere vivo il ricordo di quella strage, nella lotta contro il crimine organizzato.<\/p>\n<p>Sull\u2019agenda ri-trovata che attraverser\u00e0 la penisola, saranno raccolte firme, testimonianze, pensieri, storie, ecc. e sar\u00e0 deposta presso la sede palermitana delle Agende Rosse, nonch\u00e9 la casa dove \u00e8 nato e cresciuto Paolo Borsellino.<\/p>\n<p>Maggiori informazioni sull\u2019evento su:<\/p>\n<p><a href=\"http:\/\/www.orablu.com\/agendaritrovata\" target=\"_blank\" rel=\"noopener\"><\/a><a href=\"http:\/\/www.orablu.com\/\">http:\/\/www.orablu.com\/<\/a><wbr \/>agendaritrovata&nbsp;<br \/><a href=\"http:\/\/www.19luglio1992.com\/\">http:\/\/<wbr \/><\/a><a href=\"http:\/\/www.19luglio1992.com\/\">www.19luglio1992.com\/<\/a><a href=\"http:\/\/www.19luglio1992.com\/\"><\/a><\/p>\n<p>&nbsp;<\/p>\n<p style=\"text-align: center;\"><img loading=\"lazy\" decoding=\"async\" src=\"images\/stories\/archiviofoto\/19511581_820892491410250_4996368579044607818_n.jpg\" width=\"424\" height=\"600\" alt=\"19511581 820892491410250 4996368579044607818 n\" style=\"margin-right: 2px; margin-left: 2px;\" \/><\/p>\n<p>&nbsp;<\/p>\n","protected":false},"excerpt":{"rendered":"","protected":false},"author":1,"featured_media":10181,"comment_status":"open","ping_status":"closed","sticky":false,"template":"","format":"standard","meta":{"colormag_page_container_layout":"default_layout","colormag_page_sidebar_layout":"default_layout","footnotes":""},"categories":[7],"tags":[],"class_list":["post-14291","post","type-post","status-publish","format-standard","has-post-thumbnail","hentry","category-attualita"],"yoast_head":"<!-- This site is optimized with the Yoast SEO plugin v27.5 - https:\/\/yoast.com\/product\/yoast-seo-wordpress\/ -->\n<title>L&#039;Agenda ri-trovata: oggi a Cassano la carovana per Paolo Borsellino - Archivio CassanoWeb<\/title>\n<meta name=\"robots\" content=\"index, follow, max-snippet:-1, max-image-preview:large, max-video-preview:-1\" \/>\n<link rel=\"canonical\" href=\"https:\/\/archiviocassano.lavocedelpaese.info\/index.php\/2017\/07\/09\/lagenda-ri-trovata-il-9-luglio-a-cassano-la-carovana-per-paolo-borsellino\/\" \/>\n<meta property=\"og:locale\" content=\"it_IT\" \/>\n<meta property=\"og:type\" content=\"article\" \/>\n<meta property=\"og:title\" content=\"L&#039;Agenda ri-trovata: oggi a Cassano la carovana per Paolo Borsellino - Archivio CassanoWeb\" \/>\n<meta property=\"og:url\" content=\"https:\/\/archiviocassano.lavocedelpaese.info\/index.php\/2017\/07\/09\/lagenda-ri-trovata-il-9-luglio-a-cassano-la-carovana-per-paolo-borsellino\/\" \/>\n<meta property=\"og:site_name\" content=\"Archivio CassanoWeb\" \/>\n<meta property=\"article:publisher\" content=\"https:\/\/www.facebook.com\/redazione.cassanoweb\" \/>\n<meta property=\"article:published_time\" content=\"2017-07-09T08:10:45+00:00\" \/>\n<meta property=\"og:image\" content=\"https:\/\/archiviocassano.lavocedelpaese.info\/wp-content\/uploads\/2015\/01\/striscione_sul_comune.jpg\" \/>\n\t<meta property=\"og:image:width\" content=\"320\" \/>\n\t<meta property=\"og:image:height\" content=\"180\" \/>\n\t<meta property=\"og:image:type\" content=\"image\/jpeg\" \/>\n<meta name=\"author\" content=\"admin\" \/>\n<meta name=\"twitter:card\" content=\"summary_large_image\" \/>\n<meta name=\"twitter:label1\" content=\"Scritto da\" \/>\n\t<meta name=\"twitter:data1\" content=\"admin\" \/>\n\t<meta name=\"twitter:label2\" content=\"Tempo di lettura stimato\" \/>\n\t<meta name=\"twitter:data2\" content=\"2 minuti\" \/>\n<script type=\"application\/ld+json\" class=\"yoast-schema-graph\">{\"@context\":\"https:\\\/\\\/schema.org\",\"@graph\":[{\"@type\":\"Article\",\"@id\":\"https:\\\/\\\/archiviocassano.lavocedelpaese.info\\\/index.php\\\/2017\\\/07\\\/09\\\/lagenda-ri-trovata-il-9-luglio-a-cassano-la-carovana-per-paolo-borsellino\\\/#article\",\"isPartOf\":{\"@id\":\"https:\\\/\\\/archiviocassano.lavocedelpaese.info\\\/index.php\\\/2017\\\/07\\\/09\\\/lagenda-ri-trovata-il-9-luglio-a-cassano-la-carovana-per-paolo-borsellino\\\/\"},\"author\":{\"name\":\"admin\",\"@id\":\"https:\\\/\\\/archiviocassano.lavocedelpaese.info\\\/#\\\/schema\\\/person\\\/df195bc79a9b4c35127cf005f92e041b\"},\"headline\":\"L&#8217;Agenda ri-trovata: oggi a Cassano la carovana per Paolo Borsellino\",\"datePublished\":\"2017-07-09T08:10:45+00:00\",\"mainEntityOfPage\":{\"@id\":\"https:\\\/\\\/archiviocassano.lavocedelpaese.info\\\/index.php\\\/2017\\\/07\\\/09\\\/lagenda-ri-trovata-il-9-luglio-a-cassano-la-carovana-per-paolo-borsellino\\\/\"},\"wordCount\":407,\"commentCount\":0,\"publisher\":{\"@id\":\"https:\\\/\\\/archiviocassano.lavocedelpaese.info\\\/#organization\"},\"image\":{\"@id\":\"https:\\\/\\\/archiviocassano.lavocedelpaese.info\\\/index.php\\\/2017\\\/07\\\/09\\\/lagenda-ri-trovata-il-9-luglio-a-cassano-la-carovana-per-paolo-borsellino\\\/#primaryimage\"},\"thumbnailUrl\":\"https:\\\/\\\/archiviocassano.lavocedelpaese.info\\\/wp-content\\\/uploads\\\/2015\\\/01\\\/striscione_sul_comune.jpg\",\"articleSection\":[\"Attualit\u00e0\"],\"inLanguage\":\"it-IT\",\"potentialAction\":[{\"@type\":\"CommentAction\",\"name\":\"Comment\",\"target\":[\"https:\\\/\\\/archiviocassano.lavocedelpaese.info\\\/index.php\\\/2017\\\/07\\\/09\\\/lagenda-ri-trovata-il-9-luglio-a-cassano-la-carovana-per-paolo-borsellino\\\/#respond\"]}]},{\"@type\":\"WebPage\",\"@id\":\"https:\\\/\\\/archiviocassano.lavocedelpaese.info\\\/index.php\\\/2017\\\/07\\\/09\\\/lagenda-ri-trovata-il-9-luglio-a-cassano-la-carovana-per-paolo-borsellino\\\/\",\"url\":\"https:\\\/\\\/archiviocassano.lavocedelpaese.info\\\/index.php\\\/2017\\\/07\\\/09\\\/lagenda-ri-trovata-il-9-luglio-a-cassano-la-carovana-per-paolo-borsellino\\\/\",\"name\":\"L'Agenda ri-trovata: oggi a Cassano la carovana per Paolo Borsellino - Archivio CassanoWeb\",\"isPartOf\":{\"@id\":\"https:\\\/\\\/archiviocassano.lavocedelpaese.info\\\/#website\"},\"primaryImageOfPage\":{\"@id\":\"https:\\\/\\\/archiviocassano.lavocedelpaese.info\\\/index.php\\\/2017\\\/07\\\/09\\\/lagenda-ri-trovata-il-9-luglio-a-cassano-la-carovana-per-paolo-borsellino\\\/#primaryimage\"},\"image\":{\"@id\":\"https:\\\/\\\/archiviocassano.lavocedelpaese.info\\\/index.php\\\/2017\\\/07\\\/09\\\/lagenda-ri-trovata-il-9-luglio-a-cassano-la-carovana-per-paolo-borsellino\\\/#primaryimage\"},\"thumbnailUrl\":\"https:\\\/\\\/archiviocassano.lavocedelpaese.info\\\/wp-content\\\/uploads\\\/2015\\\/01\\\/striscione_sul_comune.jpg\",\"datePublished\":\"2017-07-09T08:10:45+00:00\",\"breadcrumb\":{\"@id\":\"https:\\\/\\\/archiviocassano.lavocedelpaese.info\\\/index.php\\\/2017\\\/07\\\/09\\\/lagenda-ri-trovata-il-9-luglio-a-cassano-la-carovana-per-paolo-borsellino\\\/#breadcrumb\"},\"inLanguage\":\"it-IT\",\"potentialAction\":[{\"@type\":\"ReadAction\",\"target\":[\"https:\\\/\\\/archiviocassano.lavocedelpaese.info\\\/index.php\\\/2017\\\/07\\\/09\\\/lagenda-ri-trovata-il-9-luglio-a-cassano-la-carovana-per-paolo-borsellino\\\/\"]}]},{\"@type\":\"ImageObject\",\"inLanguage\":\"it-IT\",\"@id\":\"https:\\\/\\\/archiviocassano.lavocedelpaese.info\\\/index.php\\\/2017\\\/07\\\/09\\\/lagenda-ri-trovata-il-9-luglio-a-cassano-la-carovana-per-paolo-borsellino\\\/#primaryimage\",\"url\":\"https:\\\/\\\/archiviocassano.lavocedelpaese.info\\\/wp-content\\\/uploads\\\/2015\\\/01\\\/striscione_sul_comune.jpg\",\"contentUrl\":\"https:\\\/\\\/archiviocassano.lavocedelpaese.info\\\/wp-content\\\/uploads\\\/2015\\\/01\\\/striscione_sul_comune.jpg\",\"width\":320,\"height\":180,\"caption\":\"striscione sul comune\"},{\"@type\":\"BreadcrumbList\",\"@id\":\"https:\\\/\\\/archiviocassano.lavocedelpaese.info\\\/index.php\\\/2017\\\/07\\\/09\\\/lagenda-ri-trovata-il-9-luglio-a-cassano-la-carovana-per-paolo-borsellino\\\/#breadcrumb\",\"itemListElement\":[{\"@type\":\"ListItem\",\"position\":1,\"name\":\"Home\",\"item\":\"https:\\\/\\\/archiviocassano.lavocedelpaese.info\\\/\"},{\"@type\":\"ListItem\",\"position\":2,\"name\":\"L&#8217;Agenda ri-trovata: oggi a Cassano la carovana per Paolo Borsellino\"}]},{\"@type\":\"WebSite\",\"@id\":\"https:\\\/\\\/archiviocassano.lavocedelpaese.info\\\/#website\",\"url\":\"https:\\\/\\\/archiviocassano.lavocedelpaese.info\\\/\",\"name\":\"Archivio CassanoWeb\",\"description\":\"La Voce del Paese - un network di idee\",\"publisher\":{\"@id\":\"https:\\\/\\\/archiviocassano.lavocedelpaese.info\\\/#organization\"},\"potentialAction\":[{\"@type\":\"SearchAction\",\"target\":{\"@type\":\"EntryPoint\",\"urlTemplate\":\"https:\\\/\\\/archiviocassano.lavocedelpaese.info\\\/?s={search_term_string}\"},\"query-input\":{\"@type\":\"PropertyValueSpecification\",\"valueRequired\":true,\"valueName\":\"search_term_string\"}}],\"inLanguage\":\"it-IT\"},{\"@type\":\"Organization\",\"@id\":\"https:\\\/\\\/archiviocassano.lavocedelpaese.info\\\/#organization\",\"name\":\"Archivio CassanoWeb\",\"url\":\"https:\\\/\\\/archiviocassano.lavocedelpaese.info\\\/\",\"logo\":{\"@type\":\"ImageObject\",\"inLanguage\":\"it-IT\",\"@id\":\"https:\\\/\\\/archiviocassano.lavocedelpaese.info\\\/#\\\/schema\\\/logo\\\/image\\\/\",\"url\":\"https:\\\/\\\/archiviocassano.lavocedelpaese.info\\\/wp-content\\\/uploads\\\/2024\\\/08\\\/logo-rosso-2.png\",\"contentUrl\":\"https:\\\/\\\/archiviocassano.lavocedelpaese.info\\\/wp-content\\\/uploads\\\/2024\\\/08\\\/logo-rosso-2.png\",\"width\":491,\"height\":432,\"caption\":\"Archivio CassanoWeb\"},\"image\":{\"@id\":\"https:\\\/\\\/archiviocassano.lavocedelpaese.info\\\/#\\\/schema\\\/logo\\\/image\\\/\"},\"sameAs\":[\"https:\\\/\\\/www.facebook.com\\\/redazione.cassanoweb\"]},{\"@type\":\"Person\",\"@id\":\"https:\\\/\\\/archiviocassano.lavocedelpaese.info\\\/#\\\/schema\\\/person\\\/df195bc79a9b4c35127cf005f92e041b\",\"name\":\"admin\",\"image\":{\"@type\":\"ImageObject\",\"inLanguage\":\"it-IT\",\"@id\":\"https:\\\/\\\/secure.gravatar.com\\\/avatar\\\/eabba89a432e8eaa1b0207cc55f7e5340b22712b1ed80677efcf63e02ff5b235?s=96&d=mm&r=g\",\"url\":\"https:\\\/\\\/secure.gravatar.com\\\/avatar\\\/eabba89a432e8eaa1b0207cc55f7e5340b22712b1ed80677efcf63e02ff5b235?s=96&d=mm&r=g\",\"contentUrl\":\"https:\\\/\\\/secure.gravatar.com\\\/avatar\\\/eabba89a432e8eaa1b0207cc55f7e5340b22712b1ed80677efcf63e02ff5b235?s=96&d=mm&r=g\",\"caption\":\"admin\"},\"sameAs\":[\"https:\\\/\\\/archiviocassano.lavocedelpaese.info\"],\"url\":\"https:\\\/\\\/archiviocassano.lavocedelpaese.info\\\/index.php\\\/author\\\/admin_0qgz1xdp\\\/\"}]}<\/script>\n<!-- \/ Yoast SEO plugin. -->","yoast_head_json":{"title":"L'Agenda ri-trovata: oggi a Cassano la carovana per Paolo Borsellino - Archivio CassanoWeb","robots":{"index":"index","follow":"follow","max-snippet":"max-snippet:-1","max-image-preview":"max-image-preview:large","max-video-preview":"max-video-preview:-1"},"canonical":"https:\/\/archiviocassano.lavocedelpaese.info\/index.php\/2017\/07\/09\/lagenda-ri-trovata-il-9-luglio-a-cassano-la-carovana-per-paolo-borsellino\/","og_locale":"it_IT","og_type":"article","og_title":"L'Agenda ri-trovata: oggi a Cassano la carovana per Paolo Borsellino - Archivio CassanoWeb","og_url":"https:\/\/archiviocassano.lavocedelpaese.info\/index.php\/2017\/07\/09\/lagenda-ri-trovata-il-9-luglio-a-cassano-la-carovana-per-paolo-borsellino\/","og_site_name":"Archivio CassanoWeb","article_publisher":"https:\/\/www.facebook.com\/redazione.cassanoweb","article_published_time":"2017-07-09T08:10:45+00:00","og_image":[{"width":320,"height":180,"url":"https:\/\/archiviocassano.lavocedelpaese.info\/wp-content\/uploads\/2015\/01\/striscione_sul_comune.jpg","type":"image\/jpeg"}],"author":"admin","twitter_card":"summary_large_image","twitter_misc":{"Scritto da":"admin","Tempo di lettura stimato":"2 minuti"},"schema":{"@context":"https:\/\/schema.org","@graph":[{"@type":"Article","@id":"https:\/\/archiviocassano.lavocedelpaese.info\/index.php\/2017\/07\/09\/lagenda-ri-trovata-il-9-luglio-a-cassano-la-carovana-per-paolo-borsellino\/#article","isPartOf":{"@id":"https:\/\/archiviocassano.lavocedelpaese.info\/index.php\/2017\/07\/09\/lagenda-ri-trovata-il-9-luglio-a-cassano-la-carovana-per-paolo-borsellino\/"},"author":{"name":"admin","@id":"https:\/\/archiviocassano.lavocedelpaese.info\/#\/schema\/person\/df195bc79a9b4c35127cf005f92e041b"},"headline":"L&#8217;Agenda ri-trovata: oggi a Cassano la carovana per Paolo Borsellino","datePublished":"2017-07-09T08:10:45+00:00","mainEntityOfPage":{"@id":"https:\/\/archiviocassano.lavocedelpaese.info\/index.php\/2017\/07\/09\/lagenda-ri-trovata-il-9-luglio-a-cassano-la-carovana-per-paolo-borsellino\/"},"wordCount":407,"commentCount":0,"publisher":{"@id":"https:\/\/archiviocassano.lavocedelpaese.info\/#organization"},"image":{"@id":"https:\/\/archiviocassano.lavocedelpaese.info\/index.php\/2017\/07\/09\/lagenda-ri-trovata-il-9-luglio-a-cassano-la-carovana-per-paolo-borsellino\/#primaryimage"},"thumbnailUrl":"https:\/\/archiviocassano.lavocedelpaese.info\/wp-content\/uploads\/2015\/01\/striscione_sul_comune.jpg","articleSection":["Attualit\u00e0"],"inLanguage":"it-IT","potentialAction":[{"@type":"CommentAction","name":"Comment","target":["https:\/\/archiviocassano.lavocedelpaese.info\/index.php\/2017\/07\/09\/lagenda-ri-trovata-il-9-luglio-a-cassano-la-carovana-per-paolo-borsellino\/#respond"]}]},{"@type":"WebPage","@id":"https:\/\/archiviocassano.lavocedelpaese.info\/index.php\/2017\/07\/09\/lagenda-ri-trovata-il-9-luglio-a-cassano-la-carovana-per-paolo-borsellino\/","url":"https:\/\/archiviocassano.lavocedelpaese.info\/index.php\/2017\/07\/09\/lagenda-ri-trovata-il-9-luglio-a-cassano-la-carovana-per-paolo-borsellino\/","name":"L'Agenda ri-trovata: oggi a Cassano la carovana per Paolo Borsellino - Archivio CassanoWeb","isPartOf":{"@id":"https:\/\/archiviocassano.lavocedelpaese.info\/#website"},"primaryImageOfPage":{"@id":"https:\/\/archiviocassano.lavocedelpaese.info\/index.php\/2017\/07\/09\/lagenda-ri-trovata-il-9-luglio-a-cassano-la-carovana-per-paolo-borsellino\/#primaryimage"},"image":{"@id":"https:\/\/archiviocassano.lavocedelpaese.info\/index.php\/2017\/07\/09\/lagenda-ri-trovata-il-9-luglio-a-cassano-la-carovana-per-paolo-borsellino\/#primaryimage"},"thumbnailUrl":"https:\/\/archiviocassano.lavocedelpaese.info\/wp-content\/uploads\/2015\/01\/striscione_sul_comune.jpg","datePublished":"2017-07-09T08:10:45+00:00","breadcrumb":{"@id":"https:\/\/archiviocassano.lavocedelpaese.info\/index.php\/2017\/07\/09\/lagenda-ri-trovata-il-9-luglio-a-cassano-la-carovana-per-paolo-borsellino\/#breadcrumb"},"inLanguage":"it-IT","potentialAction":[{"@type":"ReadAction","target":["https:\/\/archiviocassano.lavocedelpaese.info\/index.php\/2017\/07\/09\/lagenda-ri-trovata-il-9-luglio-a-cassano-la-carovana-per-paolo-borsellino\/"]}]},{"@type":"ImageObject","inLanguage":"it-IT","@id":"https:\/\/archiviocassano.lavocedelpaese.info\/index.php\/2017\/07\/09\/lagenda-ri-trovata-il-9-luglio-a-cassano-la-carovana-per-paolo-borsellino\/#primaryimage","url":"https:\/\/archiviocassano.lavocedelpaese.info\/wp-content\/uploads\/2015\/01\/striscione_sul_comune.jpg","contentUrl":"https:\/\/archiviocassano.lavocedelpaese.info\/wp-content\/uploads\/2015\/01\/striscione_sul_comune.jpg","width":320,"height":180,"caption":"striscione sul comune"},{"@type":"BreadcrumbList","@id":"https:\/\/archiviocassano.lavocedelpaese.info\/index.php\/2017\/07\/09\/lagenda-ri-trovata-il-9-luglio-a-cassano-la-carovana-per-paolo-borsellino\/#breadcrumb","itemListElement":[{"@type":"ListItem","position":1,"name":"Home","item":"https:\/\/archiviocassano.lavocedelpaese.info\/"},{"@type":"ListItem","position":2,"name":"L&#8217;Agenda ri-trovata: oggi a Cassano la carovana per Paolo Borsellino"}]},{"@type":"WebSite","@id":"https:\/\/archiviocassano.lavocedelpaese.info\/#website","url":"https:\/\/archiviocassano.lavocedelpaese.info\/","name":"Archivio CassanoWeb","description":"La Voce del Paese - un network di idee","publisher":{"@id":"https:\/\/archiviocassano.lavocedelpaese.info\/#organization"},"potentialAction":[{"@type":"SearchAction","target":{"@type":"EntryPoint","urlTemplate":"https:\/\/archiviocassano.lavocedelpaese.info\/?s={search_term_string}"},"query-input":{"@type":"PropertyValueSpecification","valueRequired":true,"valueName":"search_term_string"}}],"inLanguage":"it-IT"},{"@type":"Organization","@id":"https:\/\/archiviocassano.lavocedelpaese.info\/#organization","name":"Archivio CassanoWeb","url":"https:\/\/archiviocassano.lavocedelpaese.info\/","logo":{"@type":"ImageObject","inLanguage":"it-IT","@id":"https:\/\/archiviocassano.lavocedelpaese.info\/#\/schema\/logo\/image\/","url":"https:\/\/archiviocassano.lavocedelpaese.info\/wp-content\/uploads\/2024\/08\/logo-rosso-2.png","contentUrl":"https:\/\/archiviocassano.lavocedelpaese.info\/wp-content\/uploads\/2024\/08\/logo-rosso-2.png","width":491,"height":432,"caption":"Archivio CassanoWeb"},"image":{"@id":"https:\/\/archiviocassano.lavocedelpaese.info\/#\/schema\/logo\/image\/"},"sameAs":["https:\/\/www.facebook.com\/redazione.cassanoweb"]},{"@type":"Person","@id":"https:\/\/archiviocassano.lavocedelpaese.info\/#\/schema\/person\/df195bc79a9b4c35127cf005f92e041b","name":"admin","image":{"@type":"ImageObject","inLanguage":"it-IT","@id":"https:\/\/secure.gravatar.com\/avatar\/eabba89a432e8eaa1b0207cc55f7e5340b22712b1ed80677efcf63e02ff5b235?s=96&d=mm&r=g","url":"https:\/\/secure.gravatar.com\/avatar\/eabba89a432e8eaa1b0207cc55f7e5340b22712b1ed80677efcf63e02ff5b235?s=96&d=mm&r=g","contentUrl":"https:\/\/secure.gravatar.com\/avatar\/eabba89a432e8eaa1b0207cc55f7e5340b22712b1ed80677efcf63e02ff5b235?s=96&d=mm&r=g","caption":"admin"},"sameAs":["https:\/\/archiviocassano.lavocedelpaese.info"],"url":"https:\/\/archiviocassano.lavocedelpaese.info\/index.php\/author\/admin_0qgz1xdp\/"}]}},"_links":{"self":[{"href":"https:\/\/archiviocassano.lavocedelpaese.info\/index.php\/wp-json\/wp\/v2\/posts\/14291","targetHints":{"allow":["GET"]}}],"collection":[{"href":"https:\/\/archiviocassano.lavocedelpaese.info\/index.php\/wp-json\/wp\/v2\/posts"}],"about":[{"href":"https:\/\/archiviocassano.lavocedelpaese.info\/index.php\/wp-json\/wp\/v2\/types\/post"}],"author":[{"embeddable":true,"href":"https:\/\/archiviocassano.lavocedelpaese.info\/index.php\/wp-json\/wp\/v2\/users\/1"}],"replies":[{"embeddable":true,"href":"https:\/\/archiviocassano.lavocedelpaese.info\/index.php\/wp-json\/wp\/v2\/comments?post=14291"}],"version-history":[{"count":0,"href":"https:\/\/archiviocassano.lavocedelpaese.info\/index.php\/wp-json\/wp\/v2\/posts\/14291\/revisions"}],"wp:featuredmedia":[{"embeddable":true,"href":"https:\/\/archiviocassano.lavocedelpaese.info\/index.php\/wp-json\/wp\/v2\/media\/10181"}],"wp:attachment":[{"href":"https:\/\/archiviocassano.lavocedelpaese.info\/index.php\/wp-json\/wp\/v2\/media?parent=14291"}],"wp:term":[{"taxonomy":"category","embeddable":true,"href":"https:\/\/archiviocassano.lavocedelpaese.info\/index.php\/wp-json\/wp\/v2\/categories?post=14291"},{"taxonomy":"post_tag","embeddable":true,"href":"https:\/\/archiviocassano.lavocedelpaese.info\/index.php\/wp-json\/wp\/v2\/tags?post=14291"}],"curies":[{"name":"wp","href":"https:\/\/api.w.org\/{rel}","templated":true}]}}