{"id":14326,"date":"2017-07-11T17:27:59","date_gmt":"2017-07-11T17:27:59","guid":{"rendered":"https:\/\/archiviocassano.lavocedelpaese.info\/index.php\/2017\/07\/11\/rifiuti-scattano-le-multe-per-la-cattiva-differenziata-ed-e-qrivoltaq-sul-web\/"},"modified":"2017-07-11T17:27:59","modified_gmt":"2017-07-11T17:27:59","slug":"rifiuti-scattano-le-multe-per-la-cattiva-differenziata-ed-e-qrivoltaq-sul-web","status":"publish","type":"post","link":"https:\/\/archiviocassano.lavocedelpaese.info\/index.php\/2017\/07\/11\/rifiuti-scattano-le-multe-per-la-cattiva-differenziata-ed-e-qrivoltaq-sul-web\/","title":{"rendered":"Rifiuti: scattano le multe per la cattiva differenziata"},"content":{"rendered":"<p style=\"text-align: justify;\"><img loading=\"lazy\" decoding=\"async\" class=\" size-full wp-image-14325\" src=\"https:\/\/archiviocassano.lavocedelpaese.info\/wp-content\/uploads\/2017\/07\/rifiuti-multe.jpg\" alt=\"rifiuti-multe\" style=\"margin-right: 2px; margin-left: 2px;\" height=\"150\" width=\"320\" \/><\/p>\n<p><!--more--><\/p>\n<p>Sono state recapitate a casa le prime sanzioni per una non corretta raccolta differenziata dei rifiuti domestici, rilevate nei giorni scorsi dalla Polizia Locale che ha effettuato una serie di controlli ordinati dal neo assessore all\u2019ambiente Carmelo Briano.<\/p>\n<p style=\"text-align: justify;\">Multe fino a 100,00 euro \u2013 se si paga entro i termini prescritti \u2013 per chi, nel bidone grigio dell\u2019indifferenziato, ha invece buttato carta, plastica o altro.<\/p>\n<p style=\"text-align: justify;\">I controlli sono stati effettuati nei giorni scorsi in particolare su alcune strade del centro storico ma \u00e8 intenzione dell\u2019Amministrazione Comunale estendere le verifiche \u201cfisiche\u201d (ovvero aprendo i bidoni e le buste e controllare quale tipo di rifiuto viene immesso) a tutto l\u2019abitato, borghi compresi.<\/p>\n<p style=\"text-align: justify;\">Ovviamente le polemiche sul web non sono mancate, dopo che una delle famiglie multate ha postato la foto del verbale e una propria giustificazione: solidariet\u00e0 di alcuni utenti ma anche critiche all\u2019amministrazione Di Medio, accusata di prendersela con gli utenti che comunque effettuano la differenziata anzich\u00e9 con chi quotidianamente sversa i rifiuti per strada senza mai essere n\u00e9 multato n\u00e9 identificato. &nbsp;Cosa estremamente difficile, d\u2019altra parte, visto che le tre foto-trappole acquistate l\u2019anno scorso sono rimaste in funzione, presso alcuni punti strategici, solo per alcuni giorni, senza produrre alcun risultato e sono poi state rimosse a causa di una caratteristica tecnica evidentemente non&nbsp; valutata a sufficienza all\u2019acquisto.<\/p>\n<p style=\"text-align: justify;\">Le fototrappole in dotazione alla Polizia Locale, infatti, sono del tipo cosiddetto \u201cin continuo\u201d ovvero funzionano non quando vengono attivate da un soggetto che si para loro dinanzi ma in maniera continuata: questo significa che l\u2019apparecchio pu\u00f2 funzionare al massimo per tre ore quanto, cio\u00e8, dura la batteria che lo alimenta, poi si spengono.<\/p>\n<p style=\"text-align: justify;\">Al momento, dunque, le fototrappole non sono installate e i controlli sul vasto territorio cassanese sono pressoch\u00e9 inesistenti: i risultati si vedono ogni giorno in una qualunque strada periferica.<\/p>\n<p>&nbsp;<\/p>\n<p>&nbsp;<\/p>\n","protected":false},"excerpt":{"rendered":"","protected":false},"author":1,"featured_media":14325,"comment_status":"open","ping_status":"closed","sticky":false,"template":"","format":"standard","meta":{"colormag_page_container_layout":"default_layout","colormag_page_sidebar_layout":"default_layout","footnotes":""},"categories":[8],"tags":[],"class_list":["post-14326","post","type-post","status-publish","format-standard","has-post-thumbnail","hentry","category-cronaca"],"yoast_head":"<!-- This site is optimized with the Yoast SEO plugin v27.5 - https:\/\/yoast.com\/product\/yoast-seo-wordpress\/ -->\n<title>Rifiuti: scattano le multe per la cattiva differenziata - Archivio CassanoWeb<\/title>\n<meta name=\"robots\" content=\"index, follow, max-snippet:-1, max-image-preview:large, max-video-preview:-1\" \/>\n<link rel=\"canonical\" href=\"https:\/\/archiviocassano.lavocedelpaese.info\/index.php\/2017\/07\/11\/rifiuti-scattano-le-multe-per-la-cattiva-differenziata-ed-e-qrivoltaq-sul-web\/\" \/>\n<meta property=\"og:locale\" content=\"it_IT\" \/>\n<meta property=\"og:type\" content=\"article\" \/>\n<meta property=\"og:title\" content=\"Rifiuti: scattano le multe per la cattiva differenziata - Archivio CassanoWeb\" \/>\n<meta property=\"og:url\" content=\"https:\/\/archiviocassano.lavocedelpaese.info\/index.php\/2017\/07\/11\/rifiuti-scattano-le-multe-per-la-cattiva-differenziata-ed-e-qrivoltaq-sul-web\/\" \/>\n<meta property=\"og:site_name\" content=\"Archivio CassanoWeb\" \/>\n<meta property=\"article:publisher\" content=\"https:\/\/www.facebook.com\/redazione.cassanoweb\" \/>\n<meta property=\"article:published_time\" content=\"2017-07-11T17:27:59+00:00\" \/>\n<meta property=\"og:image\" content=\"https:\/\/archiviocassano.lavocedelpaese.info\/wp-content\/uploads\/2017\/07\/rifiuti-multe.jpg\" \/>\n\t<meta property=\"og:image:width\" content=\"560\" \/>\n\t<meta property=\"og:image:height\" content=\"380\" \/>\n\t<meta property=\"og:image:type\" content=\"image\/jpeg\" \/>\n<meta name=\"author\" content=\"admin\" \/>\n<meta name=\"twitter:card\" content=\"summary_large_image\" \/>\n<meta name=\"twitter:label1\" content=\"Scritto da\" \/>\n\t<meta name=\"twitter:data1\" content=\"admin\" \/>\n\t<meta name=\"twitter:label2\" content=\"Tempo di lettura stimato\" \/>\n\t<meta name=\"twitter:data2\" content=\"2 minuti\" \/>\n<script type=\"application\/ld+json\" class=\"yoast-schema-graph\">{\"@context\":\"https:\\\/\\\/schema.org\",\"@graph\":[{\"@type\":\"Article\",\"@id\":\"https:\\\/\\\/archiviocassano.lavocedelpaese.info\\\/index.php\\\/2017\\\/07\\\/11\\\/rifiuti-scattano-le-multe-per-la-cattiva-differenziata-ed-e-qrivoltaq-sul-web\\\/#article\",\"isPartOf\":{\"@id\":\"https:\\\/\\\/archiviocassano.lavocedelpaese.info\\\/index.php\\\/2017\\\/07\\\/11\\\/rifiuti-scattano-le-multe-per-la-cattiva-differenziata-ed-e-qrivoltaq-sul-web\\\/\"},\"author\":{\"name\":\"admin\",\"@id\":\"https:\\\/\\\/archiviocassano.lavocedelpaese.info\\\/#\\\/schema\\\/person\\\/df195bc79a9b4c35127cf005f92e041b\"},\"headline\":\"Rifiuti: scattano le multe per la cattiva differenziata\",\"datePublished\":\"2017-07-11T17:27:59+00:00\",\"mainEntityOfPage\":{\"@id\":\"https:\\\/\\\/archiviocassano.lavocedelpaese.info\\\/index.php\\\/2017\\\/07\\\/11\\\/rifiuti-scattano-le-multe-per-la-cattiva-differenziata-ed-e-qrivoltaq-sul-web\\\/\"},\"wordCount\":317,\"commentCount\":0,\"publisher\":{\"@id\":\"https:\\\/\\\/archiviocassano.lavocedelpaese.info\\\/#organization\"},\"image\":{\"@id\":\"https:\\\/\\\/archiviocassano.lavocedelpaese.info\\\/index.php\\\/2017\\\/07\\\/11\\\/rifiuti-scattano-le-multe-per-la-cattiva-differenziata-ed-e-qrivoltaq-sul-web\\\/#primaryimage\"},\"thumbnailUrl\":\"https:\\\/\\\/archiviocassano.lavocedelpaese.info\\\/wp-content\\\/uploads\\\/2017\\\/07\\\/rifiuti-multe.jpg\",\"articleSection\":[\"Cronaca\"],\"inLanguage\":\"it-IT\",\"potentialAction\":[{\"@type\":\"CommentAction\",\"name\":\"Comment\",\"target\":[\"https:\\\/\\\/archiviocassano.lavocedelpaese.info\\\/index.php\\\/2017\\\/07\\\/11\\\/rifiuti-scattano-le-multe-per-la-cattiva-differenziata-ed-e-qrivoltaq-sul-web\\\/#respond\"]}]},{\"@type\":\"WebPage\",\"@id\":\"https:\\\/\\\/archiviocassano.lavocedelpaese.info\\\/index.php\\\/2017\\\/07\\\/11\\\/rifiuti-scattano-le-multe-per-la-cattiva-differenziata-ed-e-qrivoltaq-sul-web\\\/\",\"url\":\"https:\\\/\\\/archiviocassano.lavocedelpaese.info\\\/index.php\\\/2017\\\/07\\\/11\\\/rifiuti-scattano-le-multe-per-la-cattiva-differenziata-ed-e-qrivoltaq-sul-web\\\/\",\"name\":\"Rifiuti: scattano le multe per la cattiva differenziata - Archivio CassanoWeb\",\"isPartOf\":{\"@id\":\"https:\\\/\\\/archiviocassano.lavocedelpaese.info\\\/#website\"},\"primaryImageOfPage\":{\"@id\":\"https:\\\/\\\/archiviocassano.lavocedelpaese.info\\\/index.php\\\/2017\\\/07\\\/11\\\/rifiuti-scattano-le-multe-per-la-cattiva-differenziata-ed-e-qrivoltaq-sul-web\\\/#primaryimage\"},\"image\":{\"@id\":\"https:\\\/\\\/archiviocassano.lavocedelpaese.info\\\/index.php\\\/2017\\\/07\\\/11\\\/rifiuti-scattano-le-multe-per-la-cattiva-differenziata-ed-e-qrivoltaq-sul-web\\\/#primaryimage\"},\"thumbnailUrl\":\"https:\\\/\\\/archiviocassano.lavocedelpaese.info\\\/wp-content\\\/uploads\\\/2017\\\/07\\\/rifiuti-multe.jpg\",\"datePublished\":\"2017-07-11T17:27:59+00:00\",\"breadcrumb\":{\"@id\":\"https:\\\/\\\/archiviocassano.lavocedelpaese.info\\\/index.php\\\/2017\\\/07\\\/11\\\/rifiuti-scattano-le-multe-per-la-cattiva-differenziata-ed-e-qrivoltaq-sul-web\\\/#breadcrumb\"},\"inLanguage\":\"it-IT\",\"potentialAction\":[{\"@type\":\"ReadAction\",\"target\":[\"https:\\\/\\\/archiviocassano.lavocedelpaese.info\\\/index.php\\\/2017\\\/07\\\/11\\\/rifiuti-scattano-le-multe-per-la-cattiva-differenziata-ed-e-qrivoltaq-sul-web\\\/\"]}]},{\"@type\":\"ImageObject\",\"inLanguage\":\"it-IT\",\"@id\":\"https:\\\/\\\/archiviocassano.lavocedelpaese.info\\\/index.php\\\/2017\\\/07\\\/11\\\/rifiuti-scattano-le-multe-per-la-cattiva-differenziata-ed-e-qrivoltaq-sul-web\\\/#primaryimage\",\"url\":\"https:\\\/\\\/archiviocassano.lavocedelpaese.info\\\/wp-content\\\/uploads\\\/2017\\\/07\\\/rifiuti-multe.jpg\",\"contentUrl\":\"https:\\\/\\\/archiviocassano.lavocedelpaese.info\\\/wp-content\\\/uploads\\\/2017\\\/07\\\/rifiuti-multe.jpg\",\"width\":560,\"height\":380,\"caption\":\"rifiuti-multe\"},{\"@type\":\"BreadcrumbList\",\"@id\":\"https:\\\/\\\/archiviocassano.lavocedelpaese.info\\\/index.php\\\/2017\\\/07\\\/11\\\/rifiuti-scattano-le-multe-per-la-cattiva-differenziata-ed-e-qrivoltaq-sul-web\\\/#breadcrumb\",\"itemListElement\":[{\"@type\":\"ListItem\",\"position\":1,\"name\":\"Home\",\"item\":\"https:\\\/\\\/archiviocassano.lavocedelpaese.info\\\/\"},{\"@type\":\"ListItem\",\"position\":2,\"name\":\"Rifiuti: scattano le multe per la cattiva differenziata\"}]},{\"@type\":\"WebSite\",\"@id\":\"https:\\\/\\\/archiviocassano.lavocedelpaese.info\\\/#website\",\"url\":\"https:\\\/\\\/archiviocassano.lavocedelpaese.info\\\/\",\"name\":\"Archivio CassanoWeb\",\"description\":\"La Voce del Paese - un network di idee\",\"publisher\":{\"@id\":\"https:\\\/\\\/archiviocassano.lavocedelpaese.info\\\/#organization\"},\"potentialAction\":[{\"@type\":\"SearchAction\",\"target\":{\"@type\":\"EntryPoint\",\"urlTemplate\":\"https:\\\/\\\/archiviocassano.lavocedelpaese.info\\\/?s={search_term_string}\"},\"query-input\":{\"@type\":\"PropertyValueSpecification\",\"valueRequired\":true,\"valueName\":\"search_term_string\"}}],\"inLanguage\":\"it-IT\"},{\"@type\":\"Organization\",\"@id\":\"https:\\\/\\\/archiviocassano.lavocedelpaese.info\\\/#organization\",\"name\":\"Archivio CassanoWeb\",\"url\":\"https:\\\/\\\/archiviocassano.lavocedelpaese.info\\\/\",\"logo\":{\"@type\":\"ImageObject\",\"inLanguage\":\"it-IT\",\"@id\":\"https:\\\/\\\/archiviocassano.lavocedelpaese.info\\\/#\\\/schema\\\/logo\\\/image\\\/\",\"url\":\"https:\\\/\\\/archiviocassano.lavocedelpaese.info\\\/wp-content\\\/uploads\\\/2024\\\/08\\\/logo-rosso-2.png\",\"contentUrl\":\"https:\\\/\\\/archiviocassano.lavocedelpaese.info\\\/wp-content\\\/uploads\\\/2024\\\/08\\\/logo-rosso-2.png\",\"width\":491,\"height\":432,\"caption\":\"Archivio CassanoWeb\"},\"image\":{\"@id\":\"https:\\\/\\\/archiviocassano.lavocedelpaese.info\\\/#\\\/schema\\\/logo\\\/image\\\/\"},\"sameAs\":[\"https:\\\/\\\/www.facebook.com\\\/redazione.cassanoweb\"]},{\"@type\":\"Person\",\"@id\":\"https:\\\/\\\/archiviocassano.lavocedelpaese.info\\\/#\\\/schema\\\/person\\\/df195bc79a9b4c35127cf005f92e041b\",\"name\":\"admin\",\"image\":{\"@type\":\"ImageObject\",\"inLanguage\":\"it-IT\",\"@id\":\"https:\\\/\\\/secure.gravatar.com\\\/avatar\\\/eabba89a432e8eaa1b0207cc55f7e5340b22712b1ed80677efcf63e02ff5b235?s=96&d=mm&r=g\",\"url\":\"https:\\\/\\\/secure.gravatar.com\\\/avatar\\\/eabba89a432e8eaa1b0207cc55f7e5340b22712b1ed80677efcf63e02ff5b235?s=96&d=mm&r=g\",\"contentUrl\":\"https:\\\/\\\/secure.gravatar.com\\\/avatar\\\/eabba89a432e8eaa1b0207cc55f7e5340b22712b1ed80677efcf63e02ff5b235?s=96&d=mm&r=g\",\"caption\":\"admin\"},\"sameAs\":[\"https:\\\/\\\/archiviocassano.lavocedelpaese.info\"],\"url\":\"https:\\\/\\\/archiviocassano.lavocedelpaese.info\\\/index.php\\\/author\\\/admin_0qgz1xdp\\\/\"}]}<\/script>\n<!-- \/ Yoast SEO plugin. -->","yoast_head_json":{"title":"Rifiuti: scattano le multe per la cattiva differenziata - Archivio CassanoWeb","robots":{"index":"index","follow":"follow","max-snippet":"max-snippet:-1","max-image-preview":"max-image-preview:large","max-video-preview":"max-video-preview:-1"},"canonical":"https:\/\/archiviocassano.lavocedelpaese.info\/index.php\/2017\/07\/11\/rifiuti-scattano-le-multe-per-la-cattiva-differenziata-ed-e-qrivoltaq-sul-web\/","og_locale":"it_IT","og_type":"article","og_title":"Rifiuti: scattano le multe per la cattiva differenziata - Archivio CassanoWeb","og_url":"https:\/\/archiviocassano.lavocedelpaese.info\/index.php\/2017\/07\/11\/rifiuti-scattano-le-multe-per-la-cattiva-differenziata-ed-e-qrivoltaq-sul-web\/","og_site_name":"Archivio CassanoWeb","article_publisher":"https:\/\/www.facebook.com\/redazione.cassanoweb","article_published_time":"2017-07-11T17:27:59+00:00","og_image":[{"width":560,"height":380,"url":"https:\/\/archiviocassano.lavocedelpaese.info\/wp-content\/uploads\/2017\/07\/rifiuti-multe.jpg","type":"image\/jpeg"}],"author":"admin","twitter_card":"summary_large_image","twitter_misc":{"Scritto da":"admin","Tempo di lettura stimato":"2 minuti"},"schema":{"@context":"https:\/\/schema.org","@graph":[{"@type":"Article","@id":"https:\/\/archiviocassano.lavocedelpaese.info\/index.php\/2017\/07\/11\/rifiuti-scattano-le-multe-per-la-cattiva-differenziata-ed-e-qrivoltaq-sul-web\/#article","isPartOf":{"@id":"https:\/\/archiviocassano.lavocedelpaese.info\/index.php\/2017\/07\/11\/rifiuti-scattano-le-multe-per-la-cattiva-differenziata-ed-e-qrivoltaq-sul-web\/"},"author":{"name":"admin","@id":"https:\/\/archiviocassano.lavocedelpaese.info\/#\/schema\/person\/df195bc79a9b4c35127cf005f92e041b"},"headline":"Rifiuti: scattano le multe per la cattiva differenziata","datePublished":"2017-07-11T17:27:59+00:00","mainEntityOfPage":{"@id":"https:\/\/archiviocassano.lavocedelpaese.info\/index.php\/2017\/07\/11\/rifiuti-scattano-le-multe-per-la-cattiva-differenziata-ed-e-qrivoltaq-sul-web\/"},"wordCount":317,"commentCount":0,"publisher":{"@id":"https:\/\/archiviocassano.lavocedelpaese.info\/#organization"},"image":{"@id":"https:\/\/archiviocassano.lavocedelpaese.info\/index.php\/2017\/07\/11\/rifiuti-scattano-le-multe-per-la-cattiva-differenziata-ed-e-qrivoltaq-sul-web\/#primaryimage"},"thumbnailUrl":"https:\/\/archiviocassano.lavocedelpaese.info\/wp-content\/uploads\/2017\/07\/rifiuti-multe.jpg","articleSection":["Cronaca"],"inLanguage":"it-IT","potentialAction":[{"@type":"CommentAction","name":"Comment","target":["https:\/\/archiviocassano.lavocedelpaese.info\/index.php\/2017\/07\/11\/rifiuti-scattano-le-multe-per-la-cattiva-differenziata-ed-e-qrivoltaq-sul-web\/#respond"]}]},{"@type":"WebPage","@id":"https:\/\/archiviocassano.lavocedelpaese.info\/index.php\/2017\/07\/11\/rifiuti-scattano-le-multe-per-la-cattiva-differenziata-ed-e-qrivoltaq-sul-web\/","url":"https:\/\/archiviocassano.lavocedelpaese.info\/index.php\/2017\/07\/11\/rifiuti-scattano-le-multe-per-la-cattiva-differenziata-ed-e-qrivoltaq-sul-web\/","name":"Rifiuti: scattano le multe per la cattiva differenziata - Archivio CassanoWeb","isPartOf":{"@id":"https:\/\/archiviocassano.lavocedelpaese.info\/#website"},"primaryImageOfPage":{"@id":"https:\/\/archiviocassano.lavocedelpaese.info\/index.php\/2017\/07\/11\/rifiuti-scattano-le-multe-per-la-cattiva-differenziata-ed-e-qrivoltaq-sul-web\/#primaryimage"},"image":{"@id":"https:\/\/archiviocassano.lavocedelpaese.info\/index.php\/2017\/07\/11\/rifiuti-scattano-le-multe-per-la-cattiva-differenziata-ed-e-qrivoltaq-sul-web\/#primaryimage"},"thumbnailUrl":"https:\/\/archiviocassano.lavocedelpaese.info\/wp-content\/uploads\/2017\/07\/rifiuti-multe.jpg","datePublished":"2017-07-11T17:27:59+00:00","breadcrumb":{"@id":"https:\/\/archiviocassano.lavocedelpaese.info\/index.php\/2017\/07\/11\/rifiuti-scattano-le-multe-per-la-cattiva-differenziata-ed-e-qrivoltaq-sul-web\/#breadcrumb"},"inLanguage":"it-IT","potentialAction":[{"@type":"ReadAction","target":["https:\/\/archiviocassano.lavocedelpaese.info\/index.php\/2017\/07\/11\/rifiuti-scattano-le-multe-per-la-cattiva-differenziata-ed-e-qrivoltaq-sul-web\/"]}]},{"@type":"ImageObject","inLanguage":"it-IT","@id":"https:\/\/archiviocassano.lavocedelpaese.info\/index.php\/2017\/07\/11\/rifiuti-scattano-le-multe-per-la-cattiva-differenziata-ed-e-qrivoltaq-sul-web\/#primaryimage","url":"https:\/\/archiviocassano.lavocedelpaese.info\/wp-content\/uploads\/2017\/07\/rifiuti-multe.jpg","contentUrl":"https:\/\/archiviocassano.lavocedelpaese.info\/wp-content\/uploads\/2017\/07\/rifiuti-multe.jpg","width":560,"height":380,"caption":"rifiuti-multe"},{"@type":"BreadcrumbList","@id":"https:\/\/archiviocassano.lavocedelpaese.info\/index.php\/2017\/07\/11\/rifiuti-scattano-le-multe-per-la-cattiva-differenziata-ed-e-qrivoltaq-sul-web\/#breadcrumb","itemListElement":[{"@type":"ListItem","position":1,"name":"Home","item":"https:\/\/archiviocassano.lavocedelpaese.info\/"},{"@type":"ListItem","position":2,"name":"Rifiuti: scattano le multe per la cattiva differenziata"}]},{"@type":"WebSite","@id":"https:\/\/archiviocassano.lavocedelpaese.info\/#website","url":"https:\/\/archiviocassano.lavocedelpaese.info\/","name":"Archivio CassanoWeb","description":"La Voce del Paese - un network di idee","publisher":{"@id":"https:\/\/archiviocassano.lavocedelpaese.info\/#organization"},"potentialAction":[{"@type":"SearchAction","target":{"@type":"EntryPoint","urlTemplate":"https:\/\/archiviocassano.lavocedelpaese.info\/?s={search_term_string}"},"query-input":{"@type":"PropertyValueSpecification","valueRequired":true,"valueName":"search_term_string"}}],"inLanguage":"it-IT"},{"@type":"Organization","@id":"https:\/\/archiviocassano.lavocedelpaese.info\/#organization","name":"Archivio CassanoWeb","url":"https:\/\/archiviocassano.lavocedelpaese.info\/","logo":{"@type":"ImageObject","inLanguage":"it-IT","@id":"https:\/\/archiviocassano.lavocedelpaese.info\/#\/schema\/logo\/image\/","url":"https:\/\/archiviocassano.lavocedelpaese.info\/wp-content\/uploads\/2024\/08\/logo-rosso-2.png","contentUrl":"https:\/\/archiviocassano.lavocedelpaese.info\/wp-content\/uploads\/2024\/08\/logo-rosso-2.png","width":491,"height":432,"caption":"Archivio CassanoWeb"},"image":{"@id":"https:\/\/archiviocassano.lavocedelpaese.info\/#\/schema\/logo\/image\/"},"sameAs":["https:\/\/www.facebook.com\/redazione.cassanoweb"]},{"@type":"Person","@id":"https:\/\/archiviocassano.lavocedelpaese.info\/#\/schema\/person\/df195bc79a9b4c35127cf005f92e041b","name":"admin","image":{"@type":"ImageObject","inLanguage":"it-IT","@id":"https:\/\/secure.gravatar.com\/avatar\/eabba89a432e8eaa1b0207cc55f7e5340b22712b1ed80677efcf63e02ff5b235?s=96&d=mm&r=g","url":"https:\/\/secure.gravatar.com\/avatar\/eabba89a432e8eaa1b0207cc55f7e5340b22712b1ed80677efcf63e02ff5b235?s=96&d=mm&r=g","contentUrl":"https:\/\/secure.gravatar.com\/avatar\/eabba89a432e8eaa1b0207cc55f7e5340b22712b1ed80677efcf63e02ff5b235?s=96&d=mm&r=g","caption":"admin"},"sameAs":["https:\/\/archiviocassano.lavocedelpaese.info"],"url":"https:\/\/archiviocassano.lavocedelpaese.info\/index.php\/author\/admin_0qgz1xdp\/"}]}},"_links":{"self":[{"href":"https:\/\/archiviocassano.lavocedelpaese.info\/index.php\/wp-json\/wp\/v2\/posts\/14326","targetHints":{"allow":["GET"]}}],"collection":[{"href":"https:\/\/archiviocassano.lavocedelpaese.info\/index.php\/wp-json\/wp\/v2\/posts"}],"about":[{"href":"https:\/\/archiviocassano.lavocedelpaese.info\/index.php\/wp-json\/wp\/v2\/types\/post"}],"author":[{"embeddable":true,"href":"https:\/\/archiviocassano.lavocedelpaese.info\/index.php\/wp-json\/wp\/v2\/users\/1"}],"replies":[{"embeddable":true,"href":"https:\/\/archiviocassano.lavocedelpaese.info\/index.php\/wp-json\/wp\/v2\/comments?post=14326"}],"version-history":[{"count":0,"href":"https:\/\/archiviocassano.lavocedelpaese.info\/index.php\/wp-json\/wp\/v2\/posts\/14326\/revisions"}],"wp:featuredmedia":[{"embeddable":true,"href":"https:\/\/archiviocassano.lavocedelpaese.info\/index.php\/wp-json\/wp\/v2\/media\/14325"}],"wp:attachment":[{"href":"https:\/\/archiviocassano.lavocedelpaese.info\/index.php\/wp-json\/wp\/v2\/media?parent=14326"}],"wp:term":[{"taxonomy":"category","embeddable":true,"href":"https:\/\/archiviocassano.lavocedelpaese.info\/index.php\/wp-json\/wp\/v2\/categories?post=14326"},{"taxonomy":"post_tag","embeddable":true,"href":"https:\/\/archiviocassano.lavocedelpaese.info\/index.php\/wp-json\/wp\/v2\/tags?post=14326"}],"curies":[{"name":"wp","href":"https:\/\/api.w.org\/{rel}","templated":true}]}}