{"id":14357,"date":"2017-07-19T07:08:57","date_gmt":"2017-07-19T07:08:57","guid":{"rendered":"https:\/\/archiviocassano.lavocedelpaese.info\/index.php\/2017\/07\/19\/paolo-borsellino-e-la-sua-scorta-il-sindaco-maria-pia-di-medio-ricorda-la-strage-di-via-damelio\/"},"modified":"2017-07-19T07:08:57","modified_gmt":"2017-07-19T07:08:57","slug":"paolo-borsellino-e-la-sua-scorta-il-sindaco-maria-pia-di-medio-ricorda-la-strage-di-via-damelio","status":"publish","type":"post","link":"https:\/\/archiviocassano.lavocedelpaese.info\/index.php\/2017\/07\/19\/paolo-borsellino-e-la-sua-scorta-il-sindaco-maria-pia-di-medio-ricorda-la-strage-di-via-damelio\/","title":{"rendered":"Il Sindaco ricorda la strage di via D&#8217;Amelio"},"content":{"rendered":"<p style=\"text-align: justify;\"><img loading=\"lazy\" decoding=\"async\" class=\" size-full wp-image-7306\" src=\"https:\/\/archiviocassano.lavocedelpaese.info\/wp-content\/uploads\/2013\/03\/sindaco_di_medio_grande.jpg\" alt=\"sindaco di medio grande\" style=\"margin-right: 2px; margin-left: 2px;\" height=\"150\" width=\"320\" \/><\/p>\n<p><!--more--><\/p>\n<p><em>Dal Sindaco di Cassano delle Murge, Maria Pia Di Medio anche a nome dell&#8217;Amministrazione Comunale, riceviamo e pubblichiamo un messaggio in occasione del 25\u00b0 anniversario della strage di via D&#8217;Amelio dove la mafia uccise il giudice Paolo Borsellino e gli uomini della sua scorta.<\/em><\/p>\n<p>&nbsp;<\/p>\n<p>&nbsp;<\/p>\n<p style=\"text-align: justify;\">25 anni da quel 19 luglio 1992. A soli 57 giorni dalla strage di Capaci, la mafia tornava ad uccidere, questa volta a Palermo in via D\u2019Amelio il giudice Paolo Borsellino e i cinque membri della scorta: Agostino Catalano, Eddie Walter Cosina, Claudio Traina, Vincenzo Li Muli ed Emanuela Loi.<\/p>\n<p style=\"text-align: justify;\">Nel XXV anniversario della sua morte \u00e8 pi\u00f9 che mai vivo il suo esempio di coraggio, di coerenza e spirito di sacrificio in tutte le nostre azioni quotidiane di amministratori comunali fatte di onest\u00e0, legalit\u00e0, &nbsp;spirito di abnegazione e di contrasto ai ricatti della malavita o, peggio, di chi detiene alcuni poteri. Ispirati dalle parole del giudice Borsellino: \u201cE&#8217; normale che esista la paura, in ogni uomo, l&#8217;importante \u00e8 che sia accompagnata dal coraggio. Non bisogna lasciarsi sopraffare dalla paura, altrimenti diventa un ostacolo che impedisce di andare avanti\u201d, in queste frasi, percorriamo, come in un sentiero, il suo insegnamento che guida la nostra azione amministrativa volta al raggiungimento del bene della nostra Comunit\u00e0. Commemorare Borsellino e ricordare tutte le vittime di mafia, che hanno speso la propria vita per il bene della nostra comunit\u00e0, vuol dire rinnovare e onorare quel patto con i valori alti della nostra Costituzione affinch\u00e9 non siano mai vani i sacrifici di questi grandi uomini, perch\u00e9 come lui scriveva: \u201cchi ha paura muore ogni giorno, chi non ha paura muore una volta sola\u201d.<\/p>\n<p>Cassano delle Murge, 19 luglio 2017<\/p>\n<p style=\"text-align: right;\">&nbsp;&nbsp;&nbsp;&nbsp;&nbsp;&nbsp;&nbsp;&nbsp;&nbsp;&nbsp;&nbsp;&nbsp;&nbsp;&nbsp;&nbsp;&nbsp;&nbsp;&nbsp;&nbsp;&nbsp;&nbsp;&nbsp;&nbsp;&nbsp;&nbsp;&nbsp;&nbsp;&nbsp;&nbsp;&nbsp;&nbsp;&nbsp;&nbsp;&nbsp;&nbsp;&nbsp;&nbsp;&nbsp;&nbsp;&nbsp;&nbsp;&nbsp;&nbsp;&nbsp;&nbsp;&nbsp;&nbsp;&nbsp;&nbsp;&nbsp;&nbsp;&nbsp;&nbsp;&nbsp;&nbsp;&nbsp;&nbsp;&nbsp;&nbsp;&nbsp;&nbsp;&nbsp;&nbsp;&nbsp;&nbsp;&nbsp;&nbsp;&nbsp;&nbsp;&nbsp;&nbsp;&nbsp;&nbsp;&nbsp;&nbsp;&nbsp;&nbsp;&nbsp;&nbsp;&nbsp;&nbsp;&nbsp;&nbsp;&nbsp;&nbsp;&nbsp;&nbsp;&nbsp;&nbsp;&nbsp;&nbsp;&nbsp;&nbsp; Il sindaco<\/p>\n<p style=\"text-align: right;\">con l\u2019amministrazione comunale<\/p>\n<p>&nbsp;<\/p>\n","protected":false},"excerpt":{"rendered":"","protected":false},"author":1,"featured_media":7306,"comment_status":"open","ping_status":"closed","sticky":false,"template":"","format":"standard","meta":{"colormag_page_container_layout":"default_layout","colormag_page_sidebar_layout":"default_layout","footnotes":""},"categories":[9],"tags":[],"class_list":["post-14357","post","type-post","status-publish","format-standard","has-post-thumbnail","hentry","category-la-voce-del-paese"],"yoast_head":"<!-- This site is optimized with the Yoast SEO plugin v27.5 - https:\/\/yoast.com\/product\/yoast-seo-wordpress\/ -->\n<title>Il Sindaco ricorda la strage di via D&#039;Amelio - Archivio CassanoWeb<\/title>\n<meta name=\"robots\" content=\"index, follow, max-snippet:-1, max-image-preview:large, max-video-preview:-1\" \/>\n<link rel=\"canonical\" href=\"https:\/\/archiviocassano.lavocedelpaese.info\/index.php\/2017\/07\/19\/paolo-borsellino-e-la-sua-scorta-il-sindaco-maria-pia-di-medio-ricorda-la-strage-di-via-damelio\/\" \/>\n<meta property=\"og:locale\" content=\"it_IT\" \/>\n<meta property=\"og:type\" content=\"article\" \/>\n<meta property=\"og:title\" content=\"Il Sindaco ricorda la strage di via D&#039;Amelio - Archivio CassanoWeb\" \/>\n<meta property=\"og:url\" content=\"https:\/\/archiviocassano.lavocedelpaese.info\/index.php\/2017\/07\/19\/paolo-borsellino-e-la-sua-scorta-il-sindaco-maria-pia-di-medio-ricorda-la-strage-di-via-damelio\/\" \/>\n<meta property=\"og:site_name\" content=\"Archivio CassanoWeb\" \/>\n<meta property=\"article:publisher\" content=\"https:\/\/www.facebook.com\/redazione.cassanoweb\" \/>\n<meta property=\"article:published_time\" content=\"2017-07-19T07:08:57+00:00\" \/>\n<meta property=\"og:image\" content=\"https:\/\/archiviocassano.lavocedelpaese.info\/wp-content\/uploads\/2013\/03\/sindaco_di_medio_grande.jpg\" \/>\n\t<meta property=\"og:image:width\" content=\"600\" \/>\n\t<meta property=\"og:image:height\" content=\"330\" \/>\n\t<meta property=\"og:image:type\" content=\"image\/jpeg\" \/>\n<meta name=\"author\" content=\"admin\" \/>\n<meta name=\"twitter:card\" content=\"summary_large_image\" \/>\n<meta name=\"twitter:label1\" content=\"Scritto da\" \/>\n\t<meta name=\"twitter:data1\" content=\"admin\" \/>\n\t<meta name=\"twitter:label2\" content=\"Tempo di lettura stimato\" \/>\n\t<meta name=\"twitter:data2\" content=\"2 minuti\" \/>\n<script type=\"application\/ld+json\" class=\"yoast-schema-graph\">{\"@context\":\"https:\\\/\\\/schema.org\",\"@graph\":[{\"@type\":\"Article\",\"@id\":\"https:\\\/\\\/archiviocassano.lavocedelpaese.info\\\/index.php\\\/2017\\\/07\\\/19\\\/paolo-borsellino-e-la-sua-scorta-il-sindaco-maria-pia-di-medio-ricorda-la-strage-di-via-damelio\\\/#article\",\"isPartOf\":{\"@id\":\"https:\\\/\\\/archiviocassano.lavocedelpaese.info\\\/index.php\\\/2017\\\/07\\\/19\\\/paolo-borsellino-e-la-sua-scorta-il-sindaco-maria-pia-di-medio-ricorda-la-strage-di-via-damelio\\\/\"},\"author\":{\"name\":\"admin\",\"@id\":\"https:\\\/\\\/archiviocassano.lavocedelpaese.info\\\/#\\\/schema\\\/person\\\/df195bc79a9b4c35127cf005f92e041b\"},\"headline\":\"Il Sindaco ricorda la strage di via D&#8217;Amelio\",\"datePublished\":\"2017-07-19T07:08:57+00:00\",\"mainEntityOfPage\":{\"@id\":\"https:\\\/\\\/archiviocassano.lavocedelpaese.info\\\/index.php\\\/2017\\\/07\\\/19\\\/paolo-borsellino-e-la-sua-scorta-il-sindaco-maria-pia-di-medio-ricorda-la-strage-di-via-damelio\\\/\"},\"wordCount\":385,\"commentCount\":0,\"publisher\":{\"@id\":\"https:\\\/\\\/archiviocassano.lavocedelpaese.info\\\/#organization\"},\"image\":{\"@id\":\"https:\\\/\\\/archiviocassano.lavocedelpaese.info\\\/index.php\\\/2017\\\/07\\\/19\\\/paolo-borsellino-e-la-sua-scorta-il-sindaco-maria-pia-di-medio-ricorda-la-strage-di-via-damelio\\\/#primaryimage\"},\"thumbnailUrl\":\"https:\\\/\\\/archiviocassano.lavocedelpaese.info\\\/wp-content\\\/uploads\\\/2013\\\/03\\\/sindaco_di_medio_grande.jpg\",\"articleSection\":[\"La voce del paese\"],\"inLanguage\":\"it-IT\",\"potentialAction\":[{\"@type\":\"CommentAction\",\"name\":\"Comment\",\"target\":[\"https:\\\/\\\/archiviocassano.lavocedelpaese.info\\\/index.php\\\/2017\\\/07\\\/19\\\/paolo-borsellino-e-la-sua-scorta-il-sindaco-maria-pia-di-medio-ricorda-la-strage-di-via-damelio\\\/#respond\"]}]},{\"@type\":\"WebPage\",\"@id\":\"https:\\\/\\\/archiviocassano.lavocedelpaese.info\\\/index.php\\\/2017\\\/07\\\/19\\\/paolo-borsellino-e-la-sua-scorta-il-sindaco-maria-pia-di-medio-ricorda-la-strage-di-via-damelio\\\/\",\"url\":\"https:\\\/\\\/archiviocassano.lavocedelpaese.info\\\/index.php\\\/2017\\\/07\\\/19\\\/paolo-borsellino-e-la-sua-scorta-il-sindaco-maria-pia-di-medio-ricorda-la-strage-di-via-damelio\\\/\",\"name\":\"Il Sindaco ricorda la strage di via D'Amelio - Archivio CassanoWeb\",\"isPartOf\":{\"@id\":\"https:\\\/\\\/archiviocassano.lavocedelpaese.info\\\/#website\"},\"primaryImageOfPage\":{\"@id\":\"https:\\\/\\\/archiviocassano.lavocedelpaese.info\\\/index.php\\\/2017\\\/07\\\/19\\\/paolo-borsellino-e-la-sua-scorta-il-sindaco-maria-pia-di-medio-ricorda-la-strage-di-via-damelio\\\/#primaryimage\"},\"image\":{\"@id\":\"https:\\\/\\\/archiviocassano.lavocedelpaese.info\\\/index.php\\\/2017\\\/07\\\/19\\\/paolo-borsellino-e-la-sua-scorta-il-sindaco-maria-pia-di-medio-ricorda-la-strage-di-via-damelio\\\/#primaryimage\"},\"thumbnailUrl\":\"https:\\\/\\\/archiviocassano.lavocedelpaese.info\\\/wp-content\\\/uploads\\\/2013\\\/03\\\/sindaco_di_medio_grande.jpg\",\"datePublished\":\"2017-07-19T07:08:57+00:00\",\"breadcrumb\":{\"@id\":\"https:\\\/\\\/archiviocassano.lavocedelpaese.info\\\/index.php\\\/2017\\\/07\\\/19\\\/paolo-borsellino-e-la-sua-scorta-il-sindaco-maria-pia-di-medio-ricorda-la-strage-di-via-damelio\\\/#breadcrumb\"},\"inLanguage\":\"it-IT\",\"potentialAction\":[{\"@type\":\"ReadAction\",\"target\":[\"https:\\\/\\\/archiviocassano.lavocedelpaese.info\\\/index.php\\\/2017\\\/07\\\/19\\\/paolo-borsellino-e-la-sua-scorta-il-sindaco-maria-pia-di-medio-ricorda-la-strage-di-via-damelio\\\/\"]}]},{\"@type\":\"ImageObject\",\"inLanguage\":\"it-IT\",\"@id\":\"https:\\\/\\\/archiviocassano.lavocedelpaese.info\\\/index.php\\\/2017\\\/07\\\/19\\\/paolo-borsellino-e-la-sua-scorta-il-sindaco-maria-pia-di-medio-ricorda-la-strage-di-via-damelio\\\/#primaryimage\",\"url\":\"https:\\\/\\\/archiviocassano.lavocedelpaese.info\\\/wp-content\\\/uploads\\\/2013\\\/03\\\/sindaco_di_medio_grande.jpg\",\"contentUrl\":\"https:\\\/\\\/archiviocassano.lavocedelpaese.info\\\/wp-content\\\/uploads\\\/2013\\\/03\\\/sindaco_di_medio_grande.jpg\",\"width\":600,\"height\":330,\"caption\":\"sindaco di medio grande\"},{\"@type\":\"BreadcrumbList\",\"@id\":\"https:\\\/\\\/archiviocassano.lavocedelpaese.info\\\/index.php\\\/2017\\\/07\\\/19\\\/paolo-borsellino-e-la-sua-scorta-il-sindaco-maria-pia-di-medio-ricorda-la-strage-di-via-damelio\\\/#breadcrumb\",\"itemListElement\":[{\"@type\":\"ListItem\",\"position\":1,\"name\":\"Home\",\"item\":\"https:\\\/\\\/archiviocassano.lavocedelpaese.info\\\/\"},{\"@type\":\"ListItem\",\"position\":2,\"name\":\"Il Sindaco ricorda la strage di via D&#8217;Amelio\"}]},{\"@type\":\"WebSite\",\"@id\":\"https:\\\/\\\/archiviocassano.lavocedelpaese.info\\\/#website\",\"url\":\"https:\\\/\\\/archiviocassano.lavocedelpaese.info\\\/\",\"name\":\"Archivio CassanoWeb\",\"description\":\"La Voce del Paese - un network di idee\",\"publisher\":{\"@id\":\"https:\\\/\\\/archiviocassano.lavocedelpaese.info\\\/#organization\"},\"potentialAction\":[{\"@type\":\"SearchAction\",\"target\":{\"@type\":\"EntryPoint\",\"urlTemplate\":\"https:\\\/\\\/archiviocassano.lavocedelpaese.info\\\/?s={search_term_string}\"},\"query-input\":{\"@type\":\"PropertyValueSpecification\",\"valueRequired\":true,\"valueName\":\"search_term_string\"}}],\"inLanguage\":\"it-IT\"},{\"@type\":\"Organization\",\"@id\":\"https:\\\/\\\/archiviocassano.lavocedelpaese.info\\\/#organization\",\"name\":\"Archivio CassanoWeb\",\"url\":\"https:\\\/\\\/archiviocassano.lavocedelpaese.info\\\/\",\"logo\":{\"@type\":\"ImageObject\",\"inLanguage\":\"it-IT\",\"@id\":\"https:\\\/\\\/archiviocassano.lavocedelpaese.info\\\/#\\\/schema\\\/logo\\\/image\\\/\",\"url\":\"https:\\\/\\\/archiviocassano.lavocedelpaese.info\\\/wp-content\\\/uploads\\\/2024\\\/08\\\/logo-rosso-2.png\",\"contentUrl\":\"https:\\\/\\\/archiviocassano.lavocedelpaese.info\\\/wp-content\\\/uploads\\\/2024\\\/08\\\/logo-rosso-2.png\",\"width\":491,\"height\":432,\"caption\":\"Archivio CassanoWeb\"},\"image\":{\"@id\":\"https:\\\/\\\/archiviocassano.lavocedelpaese.info\\\/#\\\/schema\\\/logo\\\/image\\\/\"},\"sameAs\":[\"https:\\\/\\\/www.facebook.com\\\/redazione.cassanoweb\"]},{\"@type\":\"Person\",\"@id\":\"https:\\\/\\\/archiviocassano.lavocedelpaese.info\\\/#\\\/schema\\\/person\\\/df195bc79a9b4c35127cf005f92e041b\",\"name\":\"admin\",\"image\":{\"@type\":\"ImageObject\",\"inLanguage\":\"it-IT\",\"@id\":\"https:\\\/\\\/secure.gravatar.com\\\/avatar\\\/eabba89a432e8eaa1b0207cc55f7e5340b22712b1ed80677efcf63e02ff5b235?s=96&d=mm&r=g\",\"url\":\"https:\\\/\\\/secure.gravatar.com\\\/avatar\\\/eabba89a432e8eaa1b0207cc55f7e5340b22712b1ed80677efcf63e02ff5b235?s=96&d=mm&r=g\",\"contentUrl\":\"https:\\\/\\\/secure.gravatar.com\\\/avatar\\\/eabba89a432e8eaa1b0207cc55f7e5340b22712b1ed80677efcf63e02ff5b235?s=96&d=mm&r=g\",\"caption\":\"admin\"},\"sameAs\":[\"https:\\\/\\\/archiviocassano.lavocedelpaese.info\"],\"url\":\"https:\\\/\\\/archiviocassano.lavocedelpaese.info\\\/index.php\\\/author\\\/admin_0qgz1xdp\\\/\"}]}<\/script>\n<!-- \/ Yoast SEO plugin. -->","yoast_head_json":{"title":"Il Sindaco ricorda la strage di via D'Amelio - Archivio CassanoWeb","robots":{"index":"index","follow":"follow","max-snippet":"max-snippet:-1","max-image-preview":"max-image-preview:large","max-video-preview":"max-video-preview:-1"},"canonical":"https:\/\/archiviocassano.lavocedelpaese.info\/index.php\/2017\/07\/19\/paolo-borsellino-e-la-sua-scorta-il-sindaco-maria-pia-di-medio-ricorda-la-strage-di-via-damelio\/","og_locale":"it_IT","og_type":"article","og_title":"Il Sindaco ricorda la strage di via D'Amelio - Archivio CassanoWeb","og_url":"https:\/\/archiviocassano.lavocedelpaese.info\/index.php\/2017\/07\/19\/paolo-borsellino-e-la-sua-scorta-il-sindaco-maria-pia-di-medio-ricorda-la-strage-di-via-damelio\/","og_site_name":"Archivio CassanoWeb","article_publisher":"https:\/\/www.facebook.com\/redazione.cassanoweb","article_published_time":"2017-07-19T07:08:57+00:00","og_image":[{"width":600,"height":330,"url":"https:\/\/archiviocassano.lavocedelpaese.info\/wp-content\/uploads\/2013\/03\/sindaco_di_medio_grande.jpg","type":"image\/jpeg"}],"author":"admin","twitter_card":"summary_large_image","twitter_misc":{"Scritto da":"admin","Tempo di lettura stimato":"2 minuti"},"schema":{"@context":"https:\/\/schema.org","@graph":[{"@type":"Article","@id":"https:\/\/archiviocassano.lavocedelpaese.info\/index.php\/2017\/07\/19\/paolo-borsellino-e-la-sua-scorta-il-sindaco-maria-pia-di-medio-ricorda-la-strage-di-via-damelio\/#article","isPartOf":{"@id":"https:\/\/archiviocassano.lavocedelpaese.info\/index.php\/2017\/07\/19\/paolo-borsellino-e-la-sua-scorta-il-sindaco-maria-pia-di-medio-ricorda-la-strage-di-via-damelio\/"},"author":{"name":"admin","@id":"https:\/\/archiviocassano.lavocedelpaese.info\/#\/schema\/person\/df195bc79a9b4c35127cf005f92e041b"},"headline":"Il Sindaco ricorda la strage di via D&#8217;Amelio","datePublished":"2017-07-19T07:08:57+00:00","mainEntityOfPage":{"@id":"https:\/\/archiviocassano.lavocedelpaese.info\/index.php\/2017\/07\/19\/paolo-borsellino-e-la-sua-scorta-il-sindaco-maria-pia-di-medio-ricorda-la-strage-di-via-damelio\/"},"wordCount":385,"commentCount":0,"publisher":{"@id":"https:\/\/archiviocassano.lavocedelpaese.info\/#organization"},"image":{"@id":"https:\/\/archiviocassano.lavocedelpaese.info\/index.php\/2017\/07\/19\/paolo-borsellino-e-la-sua-scorta-il-sindaco-maria-pia-di-medio-ricorda-la-strage-di-via-damelio\/#primaryimage"},"thumbnailUrl":"https:\/\/archiviocassano.lavocedelpaese.info\/wp-content\/uploads\/2013\/03\/sindaco_di_medio_grande.jpg","articleSection":["La voce del paese"],"inLanguage":"it-IT","potentialAction":[{"@type":"CommentAction","name":"Comment","target":["https:\/\/archiviocassano.lavocedelpaese.info\/index.php\/2017\/07\/19\/paolo-borsellino-e-la-sua-scorta-il-sindaco-maria-pia-di-medio-ricorda-la-strage-di-via-damelio\/#respond"]}]},{"@type":"WebPage","@id":"https:\/\/archiviocassano.lavocedelpaese.info\/index.php\/2017\/07\/19\/paolo-borsellino-e-la-sua-scorta-il-sindaco-maria-pia-di-medio-ricorda-la-strage-di-via-damelio\/","url":"https:\/\/archiviocassano.lavocedelpaese.info\/index.php\/2017\/07\/19\/paolo-borsellino-e-la-sua-scorta-il-sindaco-maria-pia-di-medio-ricorda-la-strage-di-via-damelio\/","name":"Il Sindaco ricorda la strage di via D'Amelio - Archivio CassanoWeb","isPartOf":{"@id":"https:\/\/archiviocassano.lavocedelpaese.info\/#website"},"primaryImageOfPage":{"@id":"https:\/\/archiviocassano.lavocedelpaese.info\/index.php\/2017\/07\/19\/paolo-borsellino-e-la-sua-scorta-il-sindaco-maria-pia-di-medio-ricorda-la-strage-di-via-damelio\/#primaryimage"},"image":{"@id":"https:\/\/archiviocassano.lavocedelpaese.info\/index.php\/2017\/07\/19\/paolo-borsellino-e-la-sua-scorta-il-sindaco-maria-pia-di-medio-ricorda-la-strage-di-via-damelio\/#primaryimage"},"thumbnailUrl":"https:\/\/archiviocassano.lavocedelpaese.info\/wp-content\/uploads\/2013\/03\/sindaco_di_medio_grande.jpg","datePublished":"2017-07-19T07:08:57+00:00","breadcrumb":{"@id":"https:\/\/archiviocassano.lavocedelpaese.info\/index.php\/2017\/07\/19\/paolo-borsellino-e-la-sua-scorta-il-sindaco-maria-pia-di-medio-ricorda-la-strage-di-via-damelio\/#breadcrumb"},"inLanguage":"it-IT","potentialAction":[{"@type":"ReadAction","target":["https:\/\/archiviocassano.lavocedelpaese.info\/index.php\/2017\/07\/19\/paolo-borsellino-e-la-sua-scorta-il-sindaco-maria-pia-di-medio-ricorda-la-strage-di-via-damelio\/"]}]},{"@type":"ImageObject","inLanguage":"it-IT","@id":"https:\/\/archiviocassano.lavocedelpaese.info\/index.php\/2017\/07\/19\/paolo-borsellino-e-la-sua-scorta-il-sindaco-maria-pia-di-medio-ricorda-la-strage-di-via-damelio\/#primaryimage","url":"https:\/\/archiviocassano.lavocedelpaese.info\/wp-content\/uploads\/2013\/03\/sindaco_di_medio_grande.jpg","contentUrl":"https:\/\/archiviocassano.lavocedelpaese.info\/wp-content\/uploads\/2013\/03\/sindaco_di_medio_grande.jpg","width":600,"height":330,"caption":"sindaco di medio grande"},{"@type":"BreadcrumbList","@id":"https:\/\/archiviocassano.lavocedelpaese.info\/index.php\/2017\/07\/19\/paolo-borsellino-e-la-sua-scorta-il-sindaco-maria-pia-di-medio-ricorda-la-strage-di-via-damelio\/#breadcrumb","itemListElement":[{"@type":"ListItem","position":1,"name":"Home","item":"https:\/\/archiviocassano.lavocedelpaese.info\/"},{"@type":"ListItem","position":2,"name":"Il Sindaco ricorda la strage di via D&#8217;Amelio"}]},{"@type":"WebSite","@id":"https:\/\/archiviocassano.lavocedelpaese.info\/#website","url":"https:\/\/archiviocassano.lavocedelpaese.info\/","name":"Archivio CassanoWeb","description":"La Voce del Paese - un network di idee","publisher":{"@id":"https:\/\/archiviocassano.lavocedelpaese.info\/#organization"},"potentialAction":[{"@type":"SearchAction","target":{"@type":"EntryPoint","urlTemplate":"https:\/\/archiviocassano.lavocedelpaese.info\/?s={search_term_string}"},"query-input":{"@type":"PropertyValueSpecification","valueRequired":true,"valueName":"search_term_string"}}],"inLanguage":"it-IT"},{"@type":"Organization","@id":"https:\/\/archiviocassano.lavocedelpaese.info\/#organization","name":"Archivio CassanoWeb","url":"https:\/\/archiviocassano.lavocedelpaese.info\/","logo":{"@type":"ImageObject","inLanguage":"it-IT","@id":"https:\/\/archiviocassano.lavocedelpaese.info\/#\/schema\/logo\/image\/","url":"https:\/\/archiviocassano.lavocedelpaese.info\/wp-content\/uploads\/2024\/08\/logo-rosso-2.png","contentUrl":"https:\/\/archiviocassano.lavocedelpaese.info\/wp-content\/uploads\/2024\/08\/logo-rosso-2.png","width":491,"height":432,"caption":"Archivio CassanoWeb"},"image":{"@id":"https:\/\/archiviocassano.lavocedelpaese.info\/#\/schema\/logo\/image\/"},"sameAs":["https:\/\/www.facebook.com\/redazione.cassanoweb"]},{"@type":"Person","@id":"https:\/\/archiviocassano.lavocedelpaese.info\/#\/schema\/person\/df195bc79a9b4c35127cf005f92e041b","name":"admin","image":{"@type":"ImageObject","inLanguage":"it-IT","@id":"https:\/\/secure.gravatar.com\/avatar\/eabba89a432e8eaa1b0207cc55f7e5340b22712b1ed80677efcf63e02ff5b235?s=96&d=mm&r=g","url":"https:\/\/secure.gravatar.com\/avatar\/eabba89a432e8eaa1b0207cc55f7e5340b22712b1ed80677efcf63e02ff5b235?s=96&d=mm&r=g","contentUrl":"https:\/\/secure.gravatar.com\/avatar\/eabba89a432e8eaa1b0207cc55f7e5340b22712b1ed80677efcf63e02ff5b235?s=96&d=mm&r=g","caption":"admin"},"sameAs":["https:\/\/archiviocassano.lavocedelpaese.info"],"url":"https:\/\/archiviocassano.lavocedelpaese.info\/index.php\/author\/admin_0qgz1xdp\/"}]}},"_links":{"self":[{"href":"https:\/\/archiviocassano.lavocedelpaese.info\/index.php\/wp-json\/wp\/v2\/posts\/14357","targetHints":{"allow":["GET"]}}],"collection":[{"href":"https:\/\/archiviocassano.lavocedelpaese.info\/index.php\/wp-json\/wp\/v2\/posts"}],"about":[{"href":"https:\/\/archiviocassano.lavocedelpaese.info\/index.php\/wp-json\/wp\/v2\/types\/post"}],"author":[{"embeddable":true,"href":"https:\/\/archiviocassano.lavocedelpaese.info\/index.php\/wp-json\/wp\/v2\/users\/1"}],"replies":[{"embeddable":true,"href":"https:\/\/archiviocassano.lavocedelpaese.info\/index.php\/wp-json\/wp\/v2\/comments?post=14357"}],"version-history":[{"count":0,"href":"https:\/\/archiviocassano.lavocedelpaese.info\/index.php\/wp-json\/wp\/v2\/posts\/14357\/revisions"}],"wp:featuredmedia":[{"embeddable":true,"href":"https:\/\/archiviocassano.lavocedelpaese.info\/index.php\/wp-json\/wp\/v2\/media\/7306"}],"wp:attachment":[{"href":"https:\/\/archiviocassano.lavocedelpaese.info\/index.php\/wp-json\/wp\/v2\/media?parent=14357"}],"wp:term":[{"taxonomy":"category","embeddable":true,"href":"https:\/\/archiviocassano.lavocedelpaese.info\/index.php\/wp-json\/wp\/v2\/categories?post=14357"},{"taxonomy":"post_tag","embeddable":true,"href":"https:\/\/archiviocassano.lavocedelpaese.info\/index.php\/wp-json\/wp\/v2\/tags?post=14357"}],"curies":[{"name":"wp","href":"https:\/\/api.w.org\/{rel}","templated":true}]}}