{"id":14761,"date":"2017-10-06T09:06:24","date_gmt":"2017-10-06T09:06:24","guid":{"rendered":"https:\/\/archiviocassano.lavocedelpaese.info\/index.php\/2017\/10\/06\/atletico-gli-ultras-si-organizzano-domani-prima-di-campionato\/"},"modified":"2017-10-06T09:06:24","modified_gmt":"2017-10-06T09:06:24","slug":"atletico-gli-ultras-si-organizzano-domani-prima-di-campionato","status":"publish","type":"post","link":"https:\/\/archiviocassano.lavocedelpaese.info\/index.php\/2017\/10\/06\/atletico-gli-ultras-si-organizzano-domani-prima-di-campionato\/","title":{"rendered":"Atletico, gli ultras si organizzano per seguire la squadra del cuore"},"content":{"rendered":"<p><img loading=\"lazy\" decoding=\"async\" class=\" size-full wp-image-14759\" src=\"https:\/\/archiviocassano.lavocedelpaese.info\/wp-content\/uploads\/2017\/10\/DSC_0023-iloveimg-resized.jpg\" alt=\"DSC 0023-iloveimg-resized\" style=\"margin-right: 2px; margin-left: 2px;\" width=\"320\" height=\"212\" srcset=\"https:\/\/archiviocassano.lavocedelpaese.info\/wp-content\/uploads\/2017\/10\/DSC_0023-iloveimg-resized.jpg 320w, https:\/\/archiviocassano.lavocedelpaese.info\/wp-content\/uploads\/2017\/10\/DSC_0023-iloveimg-resized-300x199.jpg 300w\" sizes=\"auto, (max-width: 320px) 100vw, 320px\" \/><\/p>\n<p><!--more--><\/p>\n<p style=\"text-align: justify;\">Comincia domani il Campionato Nazionale di calcio a 5 che vede schierato nel girone F della serie B l&#8217;Atletico Cassano.<\/p>\n<p style=\"text-align: justify;\">Dopo il buon esordio in Coppa Italia con la vittoria ad Altamura, i ragazzi di mister Guarino dovranno affrontare alle ore 16.00 al PalaRoma di Montesilvano, nei pressi di Pescara, il Real Dem, che nella passata stagione militava in Serie A2.<\/p>\n<p style=\"text-align: justify;\">Come \u00e8 stato pi\u00f9 volte sottolineato, ancora pi\u00f9 che nella passata stagione, l\u2019Atletico Cassano sar\u00e0 chiamato a trasferte anche molto lontane dal nostro territorio. E se lo scorso anno ci si \u00e8 dovuti spostare massimo fino al Molise, quest\u2019anno si dovr\u00e0 andare anche oltre. \u00c8 il caso, appunto, della prima giornata da giocare in terra abruzzese, che risulta essere, probabilmente, la trasferta pi\u00f9 lontana da dovere affrontare in tutto il campionato. Sette giorni pi\u00f9 tardi, invece, l\u2019atteso debutto casalingo sul campo del PalAngelillo. Una vecchia conoscenza come il Futsal Canosa, avversario dell\u2019Atletico gi\u00e0 nello scorso campionato di serie B, bagner\u00e0 la prima apparizione dei cassanesi davanti al pubblico amico.&nbsp;<\/p>\n<p style=\"text-align: justify;\">Pubblico che comincia ad organizzarsi in vera e proprio <strong>tifoseria ultras<\/strong>. <em>&#8220;Pi\u00f9 carichi che mai, siamo pronti ad affrontare questo nuovo percorso, dettato dall\u2019 amore verso i colori e la maglia del nostro paese, un amore che negli scorsi anni, ci ha visto gioire, soffrire e sognare&#8221;,<\/em> scrovo i ragazzi che con tanta passione e sacrificio seguono da anni le vicende dell&#8217;Atletico.<\/p>\n<p style=\"text-align: center;\"><img loading=\"lazy\" decoding=\"async\" class=\" size-full wp-image-14760\" src=\"https:\/\/archiviocassano.lavocedelpaese.info\/wp-content\/uploads\/2017\/10\/skylin_1.jpg\" alt=\"skylin 1\" style=\"margin-right: 2px; margin-left: 2px;\" width=\"709\" height=\"177\" srcset=\"https:\/\/archiviocassano.lavocedelpaese.info\/wp-content\/uploads\/2017\/10\/skylin_1.jpg 709w, https:\/\/archiviocassano.lavocedelpaese.info\/wp-content\/uploads\/2017\/10\/skylin_1-300x75.jpg 300w\" sizes=\"auto, (max-width: 709px) 100vw, 709px\" \/><\/p>\n<p style=\"text-align: justify;\">&#8220;Grazie a queste emozioni vissute, siamo felici di tornare sulle gradinate del nostro palazzetto e delle citt\u00e0 d\u2019Italia.&nbsp;\u201c<strong>VIETATO MOLLARE\u201d <\/strong>\u00e8 il motto che ci rappresenta e dovr\u00e0 accompagnare coloro che indossano e indosseranno i colori del nostro paese.&nbsp;Partecipazione e attaccamento, dovranno essere valori fondamentali per raggiungere grandi vittorie ma anche per rialzarsi dalle sconfitte.&nbsp;Auguriamo alla societ\u00e0, alla squadra, a tutti noi Cassanesi, una stagione ricca di fantastiche emozioni di sport e di vita&#8221;, conclude il Comunicato.<\/p>\n","protected":false},"excerpt":{"rendered":"","protected":false},"author":1,"featured_media":14759,"comment_status":"open","ping_status":"closed","sticky":false,"template":"","format":"standard","meta":{"colormag_page_container_layout":"default_layout","colormag_page_sidebar_layout":"default_layout","footnotes":""},"categories":[5],"tags":[],"class_list":["post-14761","post","type-post","status-publish","format-standard","has-post-thumbnail","hentry","category-sport"],"yoast_head":"<!-- This site is optimized with the Yoast SEO plugin v27.5 - https:\/\/yoast.com\/product\/yoast-seo-wordpress\/ -->\n<title>Atletico, gli ultras si organizzano per seguire la squadra del cuore - Archivio CassanoWeb<\/title>\n<meta name=\"robots\" content=\"index, follow, max-snippet:-1, max-image-preview:large, max-video-preview:-1\" \/>\n<link rel=\"canonical\" href=\"https:\/\/archiviocassano.lavocedelpaese.info\/index.php\/2017\/10\/06\/atletico-gli-ultras-si-organizzano-domani-prima-di-campionato\/\" \/>\n<meta property=\"og:locale\" content=\"it_IT\" \/>\n<meta property=\"og:type\" content=\"article\" \/>\n<meta property=\"og:title\" content=\"Atletico, gli ultras si organizzano per seguire la squadra del cuore - Archivio CassanoWeb\" \/>\n<meta property=\"og:url\" content=\"https:\/\/archiviocassano.lavocedelpaese.info\/index.php\/2017\/10\/06\/atletico-gli-ultras-si-organizzano-domani-prima-di-campionato\/\" \/>\n<meta property=\"og:site_name\" content=\"Archivio CassanoWeb\" \/>\n<meta property=\"article:publisher\" content=\"https:\/\/www.facebook.com\/redazione.cassanoweb\" \/>\n<meta property=\"article:published_time\" content=\"2017-10-06T09:06:24+00:00\" \/>\n<meta property=\"og:image\" content=\"https:\/\/archiviocassano.lavocedelpaese.info\/wp-content\/uploads\/2017\/10\/DSC_0023-iloveimg-resized.jpg\" \/>\n\t<meta property=\"og:image:width\" content=\"320\" \/>\n\t<meta property=\"og:image:height\" content=\"212\" \/>\n\t<meta property=\"og:image:type\" content=\"image\/jpeg\" \/>\n<meta name=\"author\" content=\"admin\" \/>\n<meta name=\"twitter:card\" content=\"summary_large_image\" \/>\n<meta name=\"twitter:label1\" content=\"Scritto da\" \/>\n\t<meta name=\"twitter:data1\" content=\"admin\" \/>\n\t<meta name=\"twitter:label2\" content=\"Tempo di lettura stimato\" \/>\n\t<meta name=\"twitter:data2\" content=\"2 minuti\" \/>\n<script type=\"application\/ld+json\" class=\"yoast-schema-graph\">{\"@context\":\"https:\\\/\\\/schema.org\",\"@graph\":[{\"@type\":\"Article\",\"@id\":\"https:\\\/\\\/archiviocassano.lavocedelpaese.info\\\/index.php\\\/2017\\\/10\\\/06\\\/atletico-gli-ultras-si-organizzano-domani-prima-di-campionato\\\/#article\",\"isPartOf\":{\"@id\":\"https:\\\/\\\/archiviocassano.lavocedelpaese.info\\\/index.php\\\/2017\\\/10\\\/06\\\/atletico-gli-ultras-si-organizzano-domani-prima-di-campionato\\\/\"},\"author\":{\"name\":\"admin\",\"@id\":\"https:\\\/\\\/archiviocassano.lavocedelpaese.info\\\/#\\\/schema\\\/person\\\/df195bc79a9b4c35127cf005f92e041b\"},\"headline\":\"Atletico, gli ultras si organizzano per seguire la squadra del cuore\",\"datePublished\":\"2017-10-06T09:06:24+00:00\",\"mainEntityOfPage\":{\"@id\":\"https:\\\/\\\/archiviocassano.lavocedelpaese.info\\\/index.php\\\/2017\\\/10\\\/06\\\/atletico-gli-ultras-si-organizzano-domani-prima-di-campionato\\\/\"},\"wordCount\":327,\"commentCount\":0,\"publisher\":{\"@id\":\"https:\\\/\\\/archiviocassano.lavocedelpaese.info\\\/#organization\"},\"image\":{\"@id\":\"https:\\\/\\\/archiviocassano.lavocedelpaese.info\\\/index.php\\\/2017\\\/10\\\/06\\\/atletico-gli-ultras-si-organizzano-domani-prima-di-campionato\\\/#primaryimage\"},\"thumbnailUrl\":\"https:\\\/\\\/archiviocassano.lavocedelpaese.info\\\/wp-content\\\/uploads\\\/2017\\\/10\\\/DSC_0023-iloveimg-resized.jpg\",\"articleSection\":[\"Sport\"],\"inLanguage\":\"it-IT\",\"potentialAction\":[{\"@type\":\"CommentAction\",\"name\":\"Comment\",\"target\":[\"https:\\\/\\\/archiviocassano.lavocedelpaese.info\\\/index.php\\\/2017\\\/10\\\/06\\\/atletico-gli-ultras-si-organizzano-domani-prima-di-campionato\\\/#respond\"]}]},{\"@type\":\"WebPage\",\"@id\":\"https:\\\/\\\/archiviocassano.lavocedelpaese.info\\\/index.php\\\/2017\\\/10\\\/06\\\/atletico-gli-ultras-si-organizzano-domani-prima-di-campionato\\\/\",\"url\":\"https:\\\/\\\/archiviocassano.lavocedelpaese.info\\\/index.php\\\/2017\\\/10\\\/06\\\/atletico-gli-ultras-si-organizzano-domani-prima-di-campionato\\\/\",\"name\":\"Atletico, gli ultras si organizzano per seguire la squadra del cuore - Archivio CassanoWeb\",\"isPartOf\":{\"@id\":\"https:\\\/\\\/archiviocassano.lavocedelpaese.info\\\/#website\"},\"primaryImageOfPage\":{\"@id\":\"https:\\\/\\\/archiviocassano.lavocedelpaese.info\\\/index.php\\\/2017\\\/10\\\/06\\\/atletico-gli-ultras-si-organizzano-domani-prima-di-campionato\\\/#primaryimage\"},\"image\":{\"@id\":\"https:\\\/\\\/archiviocassano.lavocedelpaese.info\\\/index.php\\\/2017\\\/10\\\/06\\\/atletico-gli-ultras-si-organizzano-domani-prima-di-campionato\\\/#primaryimage\"},\"thumbnailUrl\":\"https:\\\/\\\/archiviocassano.lavocedelpaese.info\\\/wp-content\\\/uploads\\\/2017\\\/10\\\/DSC_0023-iloveimg-resized.jpg\",\"datePublished\":\"2017-10-06T09:06:24+00:00\",\"breadcrumb\":{\"@id\":\"https:\\\/\\\/archiviocassano.lavocedelpaese.info\\\/index.php\\\/2017\\\/10\\\/06\\\/atletico-gli-ultras-si-organizzano-domani-prima-di-campionato\\\/#breadcrumb\"},\"inLanguage\":\"it-IT\",\"potentialAction\":[{\"@type\":\"ReadAction\",\"target\":[\"https:\\\/\\\/archiviocassano.lavocedelpaese.info\\\/index.php\\\/2017\\\/10\\\/06\\\/atletico-gli-ultras-si-organizzano-domani-prima-di-campionato\\\/\"]}]},{\"@type\":\"ImageObject\",\"inLanguage\":\"it-IT\",\"@id\":\"https:\\\/\\\/archiviocassano.lavocedelpaese.info\\\/index.php\\\/2017\\\/10\\\/06\\\/atletico-gli-ultras-si-organizzano-domani-prima-di-campionato\\\/#primaryimage\",\"url\":\"https:\\\/\\\/archiviocassano.lavocedelpaese.info\\\/wp-content\\\/uploads\\\/2017\\\/10\\\/DSC_0023-iloveimg-resized.jpg\",\"contentUrl\":\"https:\\\/\\\/archiviocassano.lavocedelpaese.info\\\/wp-content\\\/uploads\\\/2017\\\/10\\\/DSC_0023-iloveimg-resized.jpg\",\"width\":320,\"height\":212,\"caption\":\"DSC 0023-iloveimg-resized\"},{\"@type\":\"BreadcrumbList\",\"@id\":\"https:\\\/\\\/archiviocassano.lavocedelpaese.info\\\/index.php\\\/2017\\\/10\\\/06\\\/atletico-gli-ultras-si-organizzano-domani-prima-di-campionato\\\/#breadcrumb\",\"itemListElement\":[{\"@type\":\"ListItem\",\"position\":1,\"name\":\"Home\",\"item\":\"https:\\\/\\\/archiviocassano.lavocedelpaese.info\\\/\"},{\"@type\":\"ListItem\",\"position\":2,\"name\":\"Atletico, gli ultras si organizzano per seguire la squadra del cuore\"}]},{\"@type\":\"WebSite\",\"@id\":\"https:\\\/\\\/archiviocassano.lavocedelpaese.info\\\/#website\",\"url\":\"https:\\\/\\\/archiviocassano.lavocedelpaese.info\\\/\",\"name\":\"Archivio CassanoWeb\",\"description\":\"La Voce del Paese - un network di idee\",\"publisher\":{\"@id\":\"https:\\\/\\\/archiviocassano.lavocedelpaese.info\\\/#organization\"},\"potentialAction\":[{\"@type\":\"SearchAction\",\"target\":{\"@type\":\"EntryPoint\",\"urlTemplate\":\"https:\\\/\\\/archiviocassano.lavocedelpaese.info\\\/?s={search_term_string}\"},\"query-input\":{\"@type\":\"PropertyValueSpecification\",\"valueRequired\":true,\"valueName\":\"search_term_string\"}}],\"inLanguage\":\"it-IT\"},{\"@type\":\"Organization\",\"@id\":\"https:\\\/\\\/archiviocassano.lavocedelpaese.info\\\/#organization\",\"name\":\"Archivio CassanoWeb\",\"url\":\"https:\\\/\\\/archiviocassano.lavocedelpaese.info\\\/\",\"logo\":{\"@type\":\"ImageObject\",\"inLanguage\":\"it-IT\",\"@id\":\"https:\\\/\\\/archiviocassano.lavocedelpaese.info\\\/#\\\/schema\\\/logo\\\/image\\\/\",\"url\":\"https:\\\/\\\/archiviocassano.lavocedelpaese.info\\\/wp-content\\\/uploads\\\/2024\\\/08\\\/logo-rosso-2.png\",\"contentUrl\":\"https:\\\/\\\/archiviocassano.lavocedelpaese.info\\\/wp-content\\\/uploads\\\/2024\\\/08\\\/logo-rosso-2.png\",\"width\":491,\"height\":432,\"caption\":\"Archivio CassanoWeb\"},\"image\":{\"@id\":\"https:\\\/\\\/archiviocassano.lavocedelpaese.info\\\/#\\\/schema\\\/logo\\\/image\\\/\"},\"sameAs\":[\"https:\\\/\\\/www.facebook.com\\\/redazione.cassanoweb\"]},{\"@type\":\"Person\",\"@id\":\"https:\\\/\\\/archiviocassano.lavocedelpaese.info\\\/#\\\/schema\\\/person\\\/df195bc79a9b4c35127cf005f92e041b\",\"name\":\"admin\",\"image\":{\"@type\":\"ImageObject\",\"inLanguage\":\"it-IT\",\"@id\":\"https:\\\/\\\/secure.gravatar.com\\\/avatar\\\/eabba89a432e8eaa1b0207cc55f7e5340b22712b1ed80677efcf63e02ff5b235?s=96&d=mm&r=g\",\"url\":\"https:\\\/\\\/secure.gravatar.com\\\/avatar\\\/eabba89a432e8eaa1b0207cc55f7e5340b22712b1ed80677efcf63e02ff5b235?s=96&d=mm&r=g\",\"contentUrl\":\"https:\\\/\\\/secure.gravatar.com\\\/avatar\\\/eabba89a432e8eaa1b0207cc55f7e5340b22712b1ed80677efcf63e02ff5b235?s=96&d=mm&r=g\",\"caption\":\"admin\"},\"sameAs\":[\"https:\\\/\\\/archiviocassano.lavocedelpaese.info\"],\"url\":\"https:\\\/\\\/archiviocassano.lavocedelpaese.info\\\/index.php\\\/author\\\/admin_0qgz1xdp\\\/\"}]}<\/script>\n<!-- \/ Yoast SEO plugin. -->","yoast_head_json":{"title":"Atletico, gli ultras si organizzano per seguire la squadra del cuore - Archivio CassanoWeb","robots":{"index":"index","follow":"follow","max-snippet":"max-snippet:-1","max-image-preview":"max-image-preview:large","max-video-preview":"max-video-preview:-1"},"canonical":"https:\/\/archiviocassano.lavocedelpaese.info\/index.php\/2017\/10\/06\/atletico-gli-ultras-si-organizzano-domani-prima-di-campionato\/","og_locale":"it_IT","og_type":"article","og_title":"Atletico, gli ultras si organizzano per seguire la squadra del cuore - Archivio CassanoWeb","og_url":"https:\/\/archiviocassano.lavocedelpaese.info\/index.php\/2017\/10\/06\/atletico-gli-ultras-si-organizzano-domani-prima-di-campionato\/","og_site_name":"Archivio CassanoWeb","article_publisher":"https:\/\/www.facebook.com\/redazione.cassanoweb","article_published_time":"2017-10-06T09:06:24+00:00","og_image":[{"width":320,"height":212,"url":"https:\/\/archiviocassano.lavocedelpaese.info\/wp-content\/uploads\/2017\/10\/DSC_0023-iloveimg-resized.jpg","type":"image\/jpeg"}],"author":"admin","twitter_card":"summary_large_image","twitter_misc":{"Scritto da":"admin","Tempo di lettura stimato":"2 minuti"},"schema":{"@context":"https:\/\/schema.org","@graph":[{"@type":"Article","@id":"https:\/\/archiviocassano.lavocedelpaese.info\/index.php\/2017\/10\/06\/atletico-gli-ultras-si-organizzano-domani-prima-di-campionato\/#article","isPartOf":{"@id":"https:\/\/archiviocassano.lavocedelpaese.info\/index.php\/2017\/10\/06\/atletico-gli-ultras-si-organizzano-domani-prima-di-campionato\/"},"author":{"name":"admin","@id":"https:\/\/archiviocassano.lavocedelpaese.info\/#\/schema\/person\/df195bc79a9b4c35127cf005f92e041b"},"headline":"Atletico, gli ultras si organizzano per seguire la squadra del cuore","datePublished":"2017-10-06T09:06:24+00:00","mainEntityOfPage":{"@id":"https:\/\/archiviocassano.lavocedelpaese.info\/index.php\/2017\/10\/06\/atletico-gli-ultras-si-organizzano-domani-prima-di-campionato\/"},"wordCount":327,"commentCount":0,"publisher":{"@id":"https:\/\/archiviocassano.lavocedelpaese.info\/#organization"},"image":{"@id":"https:\/\/archiviocassano.lavocedelpaese.info\/index.php\/2017\/10\/06\/atletico-gli-ultras-si-organizzano-domani-prima-di-campionato\/#primaryimage"},"thumbnailUrl":"https:\/\/archiviocassano.lavocedelpaese.info\/wp-content\/uploads\/2017\/10\/DSC_0023-iloveimg-resized.jpg","articleSection":["Sport"],"inLanguage":"it-IT","potentialAction":[{"@type":"CommentAction","name":"Comment","target":["https:\/\/archiviocassano.lavocedelpaese.info\/index.php\/2017\/10\/06\/atletico-gli-ultras-si-organizzano-domani-prima-di-campionato\/#respond"]}]},{"@type":"WebPage","@id":"https:\/\/archiviocassano.lavocedelpaese.info\/index.php\/2017\/10\/06\/atletico-gli-ultras-si-organizzano-domani-prima-di-campionato\/","url":"https:\/\/archiviocassano.lavocedelpaese.info\/index.php\/2017\/10\/06\/atletico-gli-ultras-si-organizzano-domani-prima-di-campionato\/","name":"Atletico, gli ultras si organizzano per seguire la squadra del cuore - Archivio CassanoWeb","isPartOf":{"@id":"https:\/\/archiviocassano.lavocedelpaese.info\/#website"},"primaryImageOfPage":{"@id":"https:\/\/archiviocassano.lavocedelpaese.info\/index.php\/2017\/10\/06\/atletico-gli-ultras-si-organizzano-domani-prima-di-campionato\/#primaryimage"},"image":{"@id":"https:\/\/archiviocassano.lavocedelpaese.info\/index.php\/2017\/10\/06\/atletico-gli-ultras-si-organizzano-domani-prima-di-campionato\/#primaryimage"},"thumbnailUrl":"https:\/\/archiviocassano.lavocedelpaese.info\/wp-content\/uploads\/2017\/10\/DSC_0023-iloveimg-resized.jpg","datePublished":"2017-10-06T09:06:24+00:00","breadcrumb":{"@id":"https:\/\/archiviocassano.lavocedelpaese.info\/index.php\/2017\/10\/06\/atletico-gli-ultras-si-organizzano-domani-prima-di-campionato\/#breadcrumb"},"inLanguage":"it-IT","potentialAction":[{"@type":"ReadAction","target":["https:\/\/archiviocassano.lavocedelpaese.info\/index.php\/2017\/10\/06\/atletico-gli-ultras-si-organizzano-domani-prima-di-campionato\/"]}]},{"@type":"ImageObject","inLanguage":"it-IT","@id":"https:\/\/archiviocassano.lavocedelpaese.info\/index.php\/2017\/10\/06\/atletico-gli-ultras-si-organizzano-domani-prima-di-campionato\/#primaryimage","url":"https:\/\/archiviocassano.lavocedelpaese.info\/wp-content\/uploads\/2017\/10\/DSC_0023-iloveimg-resized.jpg","contentUrl":"https:\/\/archiviocassano.lavocedelpaese.info\/wp-content\/uploads\/2017\/10\/DSC_0023-iloveimg-resized.jpg","width":320,"height":212,"caption":"DSC 0023-iloveimg-resized"},{"@type":"BreadcrumbList","@id":"https:\/\/archiviocassano.lavocedelpaese.info\/index.php\/2017\/10\/06\/atletico-gli-ultras-si-organizzano-domani-prima-di-campionato\/#breadcrumb","itemListElement":[{"@type":"ListItem","position":1,"name":"Home","item":"https:\/\/archiviocassano.lavocedelpaese.info\/"},{"@type":"ListItem","position":2,"name":"Atletico, gli ultras si organizzano per seguire la squadra del cuore"}]},{"@type":"WebSite","@id":"https:\/\/archiviocassano.lavocedelpaese.info\/#website","url":"https:\/\/archiviocassano.lavocedelpaese.info\/","name":"Archivio CassanoWeb","description":"La Voce del Paese - un network di idee","publisher":{"@id":"https:\/\/archiviocassano.lavocedelpaese.info\/#organization"},"potentialAction":[{"@type":"SearchAction","target":{"@type":"EntryPoint","urlTemplate":"https:\/\/archiviocassano.lavocedelpaese.info\/?s={search_term_string}"},"query-input":{"@type":"PropertyValueSpecification","valueRequired":true,"valueName":"search_term_string"}}],"inLanguage":"it-IT"},{"@type":"Organization","@id":"https:\/\/archiviocassano.lavocedelpaese.info\/#organization","name":"Archivio CassanoWeb","url":"https:\/\/archiviocassano.lavocedelpaese.info\/","logo":{"@type":"ImageObject","inLanguage":"it-IT","@id":"https:\/\/archiviocassano.lavocedelpaese.info\/#\/schema\/logo\/image\/","url":"https:\/\/archiviocassano.lavocedelpaese.info\/wp-content\/uploads\/2024\/08\/logo-rosso-2.png","contentUrl":"https:\/\/archiviocassano.lavocedelpaese.info\/wp-content\/uploads\/2024\/08\/logo-rosso-2.png","width":491,"height":432,"caption":"Archivio CassanoWeb"},"image":{"@id":"https:\/\/archiviocassano.lavocedelpaese.info\/#\/schema\/logo\/image\/"},"sameAs":["https:\/\/www.facebook.com\/redazione.cassanoweb"]},{"@type":"Person","@id":"https:\/\/archiviocassano.lavocedelpaese.info\/#\/schema\/person\/df195bc79a9b4c35127cf005f92e041b","name":"admin","image":{"@type":"ImageObject","inLanguage":"it-IT","@id":"https:\/\/secure.gravatar.com\/avatar\/eabba89a432e8eaa1b0207cc55f7e5340b22712b1ed80677efcf63e02ff5b235?s=96&d=mm&r=g","url":"https:\/\/secure.gravatar.com\/avatar\/eabba89a432e8eaa1b0207cc55f7e5340b22712b1ed80677efcf63e02ff5b235?s=96&d=mm&r=g","contentUrl":"https:\/\/secure.gravatar.com\/avatar\/eabba89a432e8eaa1b0207cc55f7e5340b22712b1ed80677efcf63e02ff5b235?s=96&d=mm&r=g","caption":"admin"},"sameAs":["https:\/\/archiviocassano.lavocedelpaese.info"],"url":"https:\/\/archiviocassano.lavocedelpaese.info\/index.php\/author\/admin_0qgz1xdp\/"}]}},"_links":{"self":[{"href":"https:\/\/archiviocassano.lavocedelpaese.info\/index.php\/wp-json\/wp\/v2\/posts\/14761","targetHints":{"allow":["GET"]}}],"collection":[{"href":"https:\/\/archiviocassano.lavocedelpaese.info\/index.php\/wp-json\/wp\/v2\/posts"}],"about":[{"href":"https:\/\/archiviocassano.lavocedelpaese.info\/index.php\/wp-json\/wp\/v2\/types\/post"}],"author":[{"embeddable":true,"href":"https:\/\/archiviocassano.lavocedelpaese.info\/index.php\/wp-json\/wp\/v2\/users\/1"}],"replies":[{"embeddable":true,"href":"https:\/\/archiviocassano.lavocedelpaese.info\/index.php\/wp-json\/wp\/v2\/comments?post=14761"}],"version-history":[{"count":0,"href":"https:\/\/archiviocassano.lavocedelpaese.info\/index.php\/wp-json\/wp\/v2\/posts\/14761\/revisions"}],"wp:featuredmedia":[{"embeddable":true,"href":"https:\/\/archiviocassano.lavocedelpaese.info\/index.php\/wp-json\/wp\/v2\/media\/14759"}],"wp:attachment":[{"href":"https:\/\/archiviocassano.lavocedelpaese.info\/index.php\/wp-json\/wp\/v2\/media?parent=14761"}],"wp:term":[{"taxonomy":"category","embeddable":true,"href":"https:\/\/archiviocassano.lavocedelpaese.info\/index.php\/wp-json\/wp\/v2\/categories?post=14761"},{"taxonomy":"post_tag","embeddable":true,"href":"https:\/\/archiviocassano.lavocedelpaese.info\/index.php\/wp-json\/wp\/v2\/tags?post=14761"}],"curies":[{"name":"wp","href":"https:\/\/api.w.org\/{rel}","templated":true}]}}