{"id":14775,"date":"2017-10-09T05:20:16","date_gmt":"2017-10-09T05:20:16","guid":{"rendered":"https:\/\/archiviocassano.lavocedelpaese.info\/index.php\/2017\/10\/09\/losito-sulle-dimissioni-del-direttivo-della-consulta\/"},"modified":"2017-10-09T05:20:16","modified_gmt":"2017-10-09T05:20:16","slug":"losito-sulle-dimissioni-del-direttivo-della-consulta","status":"publish","type":"post","link":"https:\/\/archiviocassano.lavocedelpaese.info\/index.php\/2017\/10\/09\/losito-sulle-dimissioni-del-direttivo-della-consulta\/","title":{"rendered":"Losito sulle dimissioni del Direttivo della Consulta"},"content":{"rendered":"<p><img loading=\"lazy\" decoding=\"async\" class=\" size-full wp-image-14774\" src=\"https:\/\/archiviocassano.lavocedelpaese.info\/wp-content\/uploads\/2017\/10\/associazioni_unite.jpg\" width=\"320\" height=\"150\" alt=\"associazioni unite\" style=\"margin-right: 2px; margin-left: 2px;\" \/><\/p>\n<p><!--more--><\/p>\n<p>&nbsp;<\/p>\n<p style=\"text-align: justify;\">&#8220;Scomodo&#8221;? Si, proprio vero, lo ammetto! I componenti del Direttivo si sono espressi bene perch\u00e9 a Cassano si diventa scomodi quando si espone il cartello &#8220;Con la partecipazione gratuita di Murgia Enjoy&#8221;, quando ci si impegna per far conoscere il territorio che qualcuno pensa di poter monopolizzare, quando ci si adopera concretamente per portare visitatori in paese, quando si giustifica pubblicamente ed al fine di salvaguardare la propria immagine l&#8217;assenza ad un incontro perch\u00e9 non si \u00e8 ricevuto invito, quando si smentisce con prove chi dichiara di aver invitato le associazioni, quando si ricorda che le associazioni di volontari non possono presentare preventivi soprattutto se ONLUS, quando si evidenziano scorrettezze a danno di tutta una comunit\u00e0, quando si propone di rendere pubbliche le agevolazioni comunali alle associazioni, quando si dichiarano le vere finalit\u00e0 di un circolo, quando non si accetta il commento di chi ha incassato 2000\u20ac, chiede guide turistiche abilitate (ma si affida a chi non lo \u00e8), quando si riporta la mail di chi dai monumenti pubblici pensa di dar &#8220;lavoro&#8221; ad un fiduciario, quando si chiede conto di domande protocollate da mesi ed alle quali non si \u00e8 ricevuta risposta, quando si propone l&#8217;incontro super partes &#8220;Diamo voce a chi non vota: la Murgia!&#8221; per comprendere l&#8217;interesse sull&#8217;argomento &#8220;ambiente&#8221; dei futuri amministratori, quando si ha il coraggio di ricordare gli impegni assunti pubblicamente da chi non li rispetta e che di associazioni non ce ne solo tre o quattro ma circa 50!!!<br \/><strong><\/strong><\/p>\n<p style=\"text-align: justify;\"><strong>Queste non sono &#8220;polemiche&#8221;, come le definiscono alcuni, ma VERITA&#8217; che possono disturbare SOLO chi vuole il silenzio!<\/strong><\/p>\n<p style=\"text-align: justify;\">A mio avviso non ci si pu\u00f2 ricordare del volontariato delle associazioni solo quando bisogna abbellire il paese senza fondi disponibili e non indire riunioni quando, invece, i fondi, attinti dalle casse dei contribuenti o caduti dal cielo, ci sono. Pi\u00f9 volte ho ribadito che le associazioni sono costituite da volontari e quindi devono proporre attivit\u00e0 facendo leva sulle loro risorse ma, quando chi dovrebbe comportarsi come un padre di famiglia, ha qualcosa in tasca, a mio avviso, dovrebbe renderlo disponibile a tutti i figli permettendo a tutti di coordinarsi attraverso la Consulta e non un&#8217;altra associazione! E&#8217; forse sbagliato?&nbsp;<\/p>\n<p style=\"text-align: justify;\">Ho ricevuto il consenso di varie associazioni e non sono venuto meno al mio impegno rispettando sempre, e per quieto vivere, anche una &#8220;clausola&#8221; contra legem non condivisa perch\u00e9 la Consulta \u00e8 un organo comunale e, come tale, a mio avviso, deve dar conto alla cittadinanza anche con il tramite delle testate giornalistiche. Mi sono espresso chiedendo pari opportunit\u00e0 a tutte le associazioni e MAI per un fine personale: \u00e8 stato questo il mio errore?&nbsp;<\/p>\n<p style=\"text-align: justify;\">Oggi sono fiero di proporre eventi senza aver&nbsp;<strong>mai<\/strong>&nbsp;ottenuto contributi a carico dei contribuenti pur avendo protocollato diverse richieste&#8230;ma forse, anche qui, non \u00e8 una richiesta protocollata che serve, ma altro?&nbsp;<\/p>\n<p style=\"text-align: justify;\">Non entro nel merito di quelli che sono stati definiti metodi &#8220;fascisti&#8221; ma, di fatto, le associazioni hanno potuto notare che il &#8220;Dino Grandi&#8221; del momento ha ordito una congiura che ricorda proprio quella del 25 luglio 1943 ignorando volutamente il regolamento e cercando di trascinare i rappresentanti delle associazioni in fallo.<\/p>\n<p style=\"text-align: justify;\">Sono certo che a Cassano ci siano persone molto pi\u00f9 preparate di me per ricoprire incarichi nel Direttivo della Consulta e mi auguro che il futuro Direttivo,&nbsp;<strong>per il quale sono certo che per coerenza e dignit\u00e0 non si riproporr\u00e0 proprio chi si \u00e8 volontariamente dimesso<\/strong>, si adoperi a vantaggio di TUTTE le associazioni senza favoritismi, ma forse questa \u00e8 solo una mia utopia.<\/p>\n<p style=\"text-align: justify;\">Ma se il fine della Consulta non \u00e8 chiaro e non propone riunioni in tempo utile, non si adopera per la creazione di cartelloni di iniziative, non si attiva per coordinare le associazioni evitando accavallamenti di eventi, ecc. \u00e8 bene chiedersi, come gi\u00e0 sostenuto da qualcuno, se realmente non sia meglio abolirla.<\/p>\n<p style=\"text-align: justify;\">Chiedo a tutte le valide realt\u00e0 associative (e ve ne sono!) presenti sul territorio di far sentire la propria voce e di far fronte comune per una giusta trasparenza e democrazia.&nbsp;<\/p>\n<p style=\"text-align: justify;\">Se poi quello che si vuole \u00e8 altro&#8230;lo capiremo!<\/p>\n<p>&nbsp;<\/p>\n<p>&nbsp;<\/p>\n<p>&nbsp;<\/p>\n","protected":false},"excerpt":{"rendered":"","protected":false},"author":1,"featured_media":14774,"comment_status":"open","ping_status":"closed","sticky":false,"template":"","format":"standard","meta":{"colormag_page_container_layout":"default_layout","colormag_page_sidebar_layout":"default_layout","footnotes":""},"categories":[9],"tags":[],"class_list":["post-14775","post","type-post","status-publish","format-standard","has-post-thumbnail","hentry","category-la-voce-del-paese"],"yoast_head":"<!-- This site is optimized with the Yoast SEO plugin v27.5 - https:\/\/yoast.com\/product\/yoast-seo-wordpress\/ -->\n<title>Losito sulle dimissioni del Direttivo della Consulta - Archivio CassanoWeb<\/title>\n<meta name=\"robots\" content=\"index, follow, max-snippet:-1, max-image-preview:large, max-video-preview:-1\" \/>\n<link rel=\"canonical\" href=\"https:\/\/archiviocassano.lavocedelpaese.info\/index.php\/2017\/10\/09\/losito-sulle-dimissioni-del-direttivo-della-consulta\/\" \/>\n<meta property=\"og:locale\" content=\"it_IT\" \/>\n<meta property=\"og:type\" content=\"article\" \/>\n<meta property=\"og:title\" content=\"Losito sulle dimissioni del Direttivo della Consulta - Archivio CassanoWeb\" \/>\n<meta property=\"og:url\" content=\"https:\/\/archiviocassano.lavocedelpaese.info\/index.php\/2017\/10\/09\/losito-sulle-dimissioni-del-direttivo-della-consulta\/\" \/>\n<meta property=\"og:site_name\" content=\"Archivio CassanoWeb\" \/>\n<meta property=\"article:publisher\" content=\"https:\/\/www.facebook.com\/redazione.cassanoweb\" \/>\n<meta property=\"article:published_time\" content=\"2017-10-09T05:20:16+00:00\" \/>\n<meta property=\"og:image\" content=\"https:\/\/archiviocassano.lavocedelpaese.info\/wp-content\/uploads\/2017\/10\/associazioni_unite.jpg\" \/>\n\t<meta property=\"og:image:width\" content=\"640\" \/>\n\t<meta property=\"og:image:height\" content=\"480\" \/>\n\t<meta property=\"og:image:type\" content=\"image\/jpeg\" \/>\n<meta name=\"author\" content=\"admin\" \/>\n<meta name=\"twitter:card\" content=\"summary_large_image\" \/>\n<meta name=\"twitter:label1\" content=\"Scritto da\" \/>\n\t<meta name=\"twitter:data1\" content=\"admin\" \/>\n\t<meta name=\"twitter:label2\" content=\"Tempo di lettura stimato\" \/>\n\t<meta name=\"twitter:data2\" content=\"3 minuti\" \/>\n<script type=\"application\/ld+json\" class=\"yoast-schema-graph\">{\"@context\":\"https:\\\/\\\/schema.org\",\"@graph\":[{\"@type\":\"Article\",\"@id\":\"https:\\\/\\\/archiviocassano.lavocedelpaese.info\\\/index.php\\\/2017\\\/10\\\/09\\\/losito-sulle-dimissioni-del-direttivo-della-consulta\\\/#article\",\"isPartOf\":{\"@id\":\"https:\\\/\\\/archiviocassano.lavocedelpaese.info\\\/index.php\\\/2017\\\/10\\\/09\\\/losito-sulle-dimissioni-del-direttivo-della-consulta\\\/\"},\"author\":{\"name\":\"admin\",\"@id\":\"https:\\\/\\\/archiviocassano.lavocedelpaese.info\\\/#\\\/schema\\\/person\\\/df195bc79a9b4c35127cf005f92e041b\"},\"headline\":\"Losito sulle dimissioni del Direttivo della Consulta\",\"datePublished\":\"2017-10-09T05:20:16+00:00\",\"mainEntityOfPage\":{\"@id\":\"https:\\\/\\\/archiviocassano.lavocedelpaese.info\\\/index.php\\\/2017\\\/10\\\/09\\\/losito-sulle-dimissioni-del-direttivo-della-consulta\\\/\"},\"wordCount\":688,\"commentCount\":0,\"publisher\":{\"@id\":\"https:\\\/\\\/archiviocassano.lavocedelpaese.info\\\/#organization\"},\"image\":{\"@id\":\"https:\\\/\\\/archiviocassano.lavocedelpaese.info\\\/index.php\\\/2017\\\/10\\\/09\\\/losito-sulle-dimissioni-del-direttivo-della-consulta\\\/#primaryimage\"},\"thumbnailUrl\":\"https:\\\/\\\/archiviocassano.lavocedelpaese.info\\\/wp-content\\\/uploads\\\/2017\\\/10\\\/associazioni_unite.jpg\",\"articleSection\":[\"La voce del paese\"],\"inLanguage\":\"it-IT\",\"potentialAction\":[{\"@type\":\"CommentAction\",\"name\":\"Comment\",\"target\":[\"https:\\\/\\\/archiviocassano.lavocedelpaese.info\\\/index.php\\\/2017\\\/10\\\/09\\\/losito-sulle-dimissioni-del-direttivo-della-consulta\\\/#respond\"]}]},{\"@type\":\"WebPage\",\"@id\":\"https:\\\/\\\/archiviocassano.lavocedelpaese.info\\\/index.php\\\/2017\\\/10\\\/09\\\/losito-sulle-dimissioni-del-direttivo-della-consulta\\\/\",\"url\":\"https:\\\/\\\/archiviocassano.lavocedelpaese.info\\\/index.php\\\/2017\\\/10\\\/09\\\/losito-sulle-dimissioni-del-direttivo-della-consulta\\\/\",\"name\":\"Losito sulle dimissioni del Direttivo della Consulta - Archivio CassanoWeb\",\"isPartOf\":{\"@id\":\"https:\\\/\\\/archiviocassano.lavocedelpaese.info\\\/#website\"},\"primaryImageOfPage\":{\"@id\":\"https:\\\/\\\/archiviocassano.lavocedelpaese.info\\\/index.php\\\/2017\\\/10\\\/09\\\/losito-sulle-dimissioni-del-direttivo-della-consulta\\\/#primaryimage\"},\"image\":{\"@id\":\"https:\\\/\\\/archiviocassano.lavocedelpaese.info\\\/index.php\\\/2017\\\/10\\\/09\\\/losito-sulle-dimissioni-del-direttivo-della-consulta\\\/#primaryimage\"},\"thumbnailUrl\":\"https:\\\/\\\/archiviocassano.lavocedelpaese.info\\\/wp-content\\\/uploads\\\/2017\\\/10\\\/associazioni_unite.jpg\",\"datePublished\":\"2017-10-09T05:20:16+00:00\",\"breadcrumb\":{\"@id\":\"https:\\\/\\\/archiviocassano.lavocedelpaese.info\\\/index.php\\\/2017\\\/10\\\/09\\\/losito-sulle-dimissioni-del-direttivo-della-consulta\\\/#breadcrumb\"},\"inLanguage\":\"it-IT\",\"potentialAction\":[{\"@type\":\"ReadAction\",\"target\":[\"https:\\\/\\\/archiviocassano.lavocedelpaese.info\\\/index.php\\\/2017\\\/10\\\/09\\\/losito-sulle-dimissioni-del-direttivo-della-consulta\\\/\"]}]},{\"@type\":\"ImageObject\",\"inLanguage\":\"it-IT\",\"@id\":\"https:\\\/\\\/archiviocassano.lavocedelpaese.info\\\/index.php\\\/2017\\\/10\\\/09\\\/losito-sulle-dimissioni-del-direttivo-della-consulta\\\/#primaryimage\",\"url\":\"https:\\\/\\\/archiviocassano.lavocedelpaese.info\\\/wp-content\\\/uploads\\\/2017\\\/10\\\/associazioni_unite.jpg\",\"contentUrl\":\"https:\\\/\\\/archiviocassano.lavocedelpaese.info\\\/wp-content\\\/uploads\\\/2017\\\/10\\\/associazioni_unite.jpg\",\"width\":640,\"height\":480,\"caption\":\"associazioni unite\"},{\"@type\":\"BreadcrumbList\",\"@id\":\"https:\\\/\\\/archiviocassano.lavocedelpaese.info\\\/index.php\\\/2017\\\/10\\\/09\\\/losito-sulle-dimissioni-del-direttivo-della-consulta\\\/#breadcrumb\",\"itemListElement\":[{\"@type\":\"ListItem\",\"position\":1,\"name\":\"Home\",\"item\":\"https:\\\/\\\/archiviocassano.lavocedelpaese.info\\\/\"},{\"@type\":\"ListItem\",\"position\":2,\"name\":\"Losito sulle dimissioni del Direttivo della Consulta\"}]},{\"@type\":\"WebSite\",\"@id\":\"https:\\\/\\\/archiviocassano.lavocedelpaese.info\\\/#website\",\"url\":\"https:\\\/\\\/archiviocassano.lavocedelpaese.info\\\/\",\"name\":\"Archivio CassanoWeb\",\"description\":\"La Voce del Paese - un network di idee\",\"publisher\":{\"@id\":\"https:\\\/\\\/archiviocassano.lavocedelpaese.info\\\/#organization\"},\"potentialAction\":[{\"@type\":\"SearchAction\",\"target\":{\"@type\":\"EntryPoint\",\"urlTemplate\":\"https:\\\/\\\/archiviocassano.lavocedelpaese.info\\\/?s={search_term_string}\"},\"query-input\":{\"@type\":\"PropertyValueSpecification\",\"valueRequired\":true,\"valueName\":\"search_term_string\"}}],\"inLanguage\":\"it-IT\"},{\"@type\":\"Organization\",\"@id\":\"https:\\\/\\\/archiviocassano.lavocedelpaese.info\\\/#organization\",\"name\":\"Archivio CassanoWeb\",\"url\":\"https:\\\/\\\/archiviocassano.lavocedelpaese.info\\\/\",\"logo\":{\"@type\":\"ImageObject\",\"inLanguage\":\"it-IT\",\"@id\":\"https:\\\/\\\/archiviocassano.lavocedelpaese.info\\\/#\\\/schema\\\/logo\\\/image\\\/\",\"url\":\"https:\\\/\\\/archiviocassano.lavocedelpaese.info\\\/wp-content\\\/uploads\\\/2024\\\/08\\\/logo-rosso-2.png\",\"contentUrl\":\"https:\\\/\\\/archiviocassano.lavocedelpaese.info\\\/wp-content\\\/uploads\\\/2024\\\/08\\\/logo-rosso-2.png\",\"width\":491,\"height\":432,\"caption\":\"Archivio CassanoWeb\"},\"image\":{\"@id\":\"https:\\\/\\\/archiviocassano.lavocedelpaese.info\\\/#\\\/schema\\\/logo\\\/image\\\/\"},\"sameAs\":[\"https:\\\/\\\/www.facebook.com\\\/redazione.cassanoweb\"]},{\"@type\":\"Person\",\"@id\":\"https:\\\/\\\/archiviocassano.lavocedelpaese.info\\\/#\\\/schema\\\/person\\\/df195bc79a9b4c35127cf005f92e041b\",\"name\":\"admin\",\"image\":{\"@type\":\"ImageObject\",\"inLanguage\":\"it-IT\",\"@id\":\"https:\\\/\\\/secure.gravatar.com\\\/avatar\\\/eabba89a432e8eaa1b0207cc55f7e5340b22712b1ed80677efcf63e02ff5b235?s=96&d=mm&r=g\",\"url\":\"https:\\\/\\\/secure.gravatar.com\\\/avatar\\\/eabba89a432e8eaa1b0207cc55f7e5340b22712b1ed80677efcf63e02ff5b235?s=96&d=mm&r=g\",\"contentUrl\":\"https:\\\/\\\/secure.gravatar.com\\\/avatar\\\/eabba89a432e8eaa1b0207cc55f7e5340b22712b1ed80677efcf63e02ff5b235?s=96&d=mm&r=g\",\"caption\":\"admin\"},\"sameAs\":[\"https:\\\/\\\/archiviocassano.lavocedelpaese.info\"],\"url\":\"https:\\\/\\\/archiviocassano.lavocedelpaese.info\\\/index.php\\\/author\\\/admin_0qgz1xdp\\\/\"}]}<\/script>\n<!-- \/ Yoast SEO plugin. -->","yoast_head_json":{"title":"Losito sulle dimissioni del Direttivo della Consulta - Archivio CassanoWeb","robots":{"index":"index","follow":"follow","max-snippet":"max-snippet:-1","max-image-preview":"max-image-preview:large","max-video-preview":"max-video-preview:-1"},"canonical":"https:\/\/archiviocassano.lavocedelpaese.info\/index.php\/2017\/10\/09\/losito-sulle-dimissioni-del-direttivo-della-consulta\/","og_locale":"it_IT","og_type":"article","og_title":"Losito sulle dimissioni del Direttivo della Consulta - Archivio CassanoWeb","og_url":"https:\/\/archiviocassano.lavocedelpaese.info\/index.php\/2017\/10\/09\/losito-sulle-dimissioni-del-direttivo-della-consulta\/","og_site_name":"Archivio CassanoWeb","article_publisher":"https:\/\/www.facebook.com\/redazione.cassanoweb","article_published_time":"2017-10-09T05:20:16+00:00","og_image":[{"width":640,"height":480,"url":"https:\/\/archiviocassano.lavocedelpaese.info\/wp-content\/uploads\/2017\/10\/associazioni_unite.jpg","type":"image\/jpeg"}],"author":"admin","twitter_card":"summary_large_image","twitter_misc":{"Scritto da":"admin","Tempo di lettura stimato":"3 minuti"},"schema":{"@context":"https:\/\/schema.org","@graph":[{"@type":"Article","@id":"https:\/\/archiviocassano.lavocedelpaese.info\/index.php\/2017\/10\/09\/losito-sulle-dimissioni-del-direttivo-della-consulta\/#article","isPartOf":{"@id":"https:\/\/archiviocassano.lavocedelpaese.info\/index.php\/2017\/10\/09\/losito-sulle-dimissioni-del-direttivo-della-consulta\/"},"author":{"name":"admin","@id":"https:\/\/archiviocassano.lavocedelpaese.info\/#\/schema\/person\/df195bc79a9b4c35127cf005f92e041b"},"headline":"Losito sulle dimissioni del Direttivo della Consulta","datePublished":"2017-10-09T05:20:16+00:00","mainEntityOfPage":{"@id":"https:\/\/archiviocassano.lavocedelpaese.info\/index.php\/2017\/10\/09\/losito-sulle-dimissioni-del-direttivo-della-consulta\/"},"wordCount":688,"commentCount":0,"publisher":{"@id":"https:\/\/archiviocassano.lavocedelpaese.info\/#organization"},"image":{"@id":"https:\/\/archiviocassano.lavocedelpaese.info\/index.php\/2017\/10\/09\/losito-sulle-dimissioni-del-direttivo-della-consulta\/#primaryimage"},"thumbnailUrl":"https:\/\/archiviocassano.lavocedelpaese.info\/wp-content\/uploads\/2017\/10\/associazioni_unite.jpg","articleSection":["La voce del paese"],"inLanguage":"it-IT","potentialAction":[{"@type":"CommentAction","name":"Comment","target":["https:\/\/archiviocassano.lavocedelpaese.info\/index.php\/2017\/10\/09\/losito-sulle-dimissioni-del-direttivo-della-consulta\/#respond"]}]},{"@type":"WebPage","@id":"https:\/\/archiviocassano.lavocedelpaese.info\/index.php\/2017\/10\/09\/losito-sulle-dimissioni-del-direttivo-della-consulta\/","url":"https:\/\/archiviocassano.lavocedelpaese.info\/index.php\/2017\/10\/09\/losito-sulle-dimissioni-del-direttivo-della-consulta\/","name":"Losito sulle dimissioni del Direttivo della Consulta - Archivio CassanoWeb","isPartOf":{"@id":"https:\/\/archiviocassano.lavocedelpaese.info\/#website"},"primaryImageOfPage":{"@id":"https:\/\/archiviocassano.lavocedelpaese.info\/index.php\/2017\/10\/09\/losito-sulle-dimissioni-del-direttivo-della-consulta\/#primaryimage"},"image":{"@id":"https:\/\/archiviocassano.lavocedelpaese.info\/index.php\/2017\/10\/09\/losito-sulle-dimissioni-del-direttivo-della-consulta\/#primaryimage"},"thumbnailUrl":"https:\/\/archiviocassano.lavocedelpaese.info\/wp-content\/uploads\/2017\/10\/associazioni_unite.jpg","datePublished":"2017-10-09T05:20:16+00:00","breadcrumb":{"@id":"https:\/\/archiviocassano.lavocedelpaese.info\/index.php\/2017\/10\/09\/losito-sulle-dimissioni-del-direttivo-della-consulta\/#breadcrumb"},"inLanguage":"it-IT","potentialAction":[{"@type":"ReadAction","target":["https:\/\/archiviocassano.lavocedelpaese.info\/index.php\/2017\/10\/09\/losito-sulle-dimissioni-del-direttivo-della-consulta\/"]}]},{"@type":"ImageObject","inLanguage":"it-IT","@id":"https:\/\/archiviocassano.lavocedelpaese.info\/index.php\/2017\/10\/09\/losito-sulle-dimissioni-del-direttivo-della-consulta\/#primaryimage","url":"https:\/\/archiviocassano.lavocedelpaese.info\/wp-content\/uploads\/2017\/10\/associazioni_unite.jpg","contentUrl":"https:\/\/archiviocassano.lavocedelpaese.info\/wp-content\/uploads\/2017\/10\/associazioni_unite.jpg","width":640,"height":480,"caption":"associazioni unite"},{"@type":"BreadcrumbList","@id":"https:\/\/archiviocassano.lavocedelpaese.info\/index.php\/2017\/10\/09\/losito-sulle-dimissioni-del-direttivo-della-consulta\/#breadcrumb","itemListElement":[{"@type":"ListItem","position":1,"name":"Home","item":"https:\/\/archiviocassano.lavocedelpaese.info\/"},{"@type":"ListItem","position":2,"name":"Losito sulle dimissioni del Direttivo della Consulta"}]},{"@type":"WebSite","@id":"https:\/\/archiviocassano.lavocedelpaese.info\/#website","url":"https:\/\/archiviocassano.lavocedelpaese.info\/","name":"Archivio CassanoWeb","description":"La Voce del Paese - un network di idee","publisher":{"@id":"https:\/\/archiviocassano.lavocedelpaese.info\/#organization"},"potentialAction":[{"@type":"SearchAction","target":{"@type":"EntryPoint","urlTemplate":"https:\/\/archiviocassano.lavocedelpaese.info\/?s={search_term_string}"},"query-input":{"@type":"PropertyValueSpecification","valueRequired":true,"valueName":"search_term_string"}}],"inLanguage":"it-IT"},{"@type":"Organization","@id":"https:\/\/archiviocassano.lavocedelpaese.info\/#organization","name":"Archivio CassanoWeb","url":"https:\/\/archiviocassano.lavocedelpaese.info\/","logo":{"@type":"ImageObject","inLanguage":"it-IT","@id":"https:\/\/archiviocassano.lavocedelpaese.info\/#\/schema\/logo\/image\/","url":"https:\/\/archiviocassano.lavocedelpaese.info\/wp-content\/uploads\/2024\/08\/logo-rosso-2.png","contentUrl":"https:\/\/archiviocassano.lavocedelpaese.info\/wp-content\/uploads\/2024\/08\/logo-rosso-2.png","width":491,"height":432,"caption":"Archivio CassanoWeb"},"image":{"@id":"https:\/\/archiviocassano.lavocedelpaese.info\/#\/schema\/logo\/image\/"},"sameAs":["https:\/\/www.facebook.com\/redazione.cassanoweb"]},{"@type":"Person","@id":"https:\/\/archiviocassano.lavocedelpaese.info\/#\/schema\/person\/df195bc79a9b4c35127cf005f92e041b","name":"admin","image":{"@type":"ImageObject","inLanguage":"it-IT","@id":"https:\/\/secure.gravatar.com\/avatar\/eabba89a432e8eaa1b0207cc55f7e5340b22712b1ed80677efcf63e02ff5b235?s=96&d=mm&r=g","url":"https:\/\/secure.gravatar.com\/avatar\/eabba89a432e8eaa1b0207cc55f7e5340b22712b1ed80677efcf63e02ff5b235?s=96&d=mm&r=g","contentUrl":"https:\/\/secure.gravatar.com\/avatar\/eabba89a432e8eaa1b0207cc55f7e5340b22712b1ed80677efcf63e02ff5b235?s=96&d=mm&r=g","caption":"admin"},"sameAs":["https:\/\/archiviocassano.lavocedelpaese.info"],"url":"https:\/\/archiviocassano.lavocedelpaese.info\/index.php\/author\/admin_0qgz1xdp\/"}]}},"_links":{"self":[{"href":"https:\/\/archiviocassano.lavocedelpaese.info\/index.php\/wp-json\/wp\/v2\/posts\/14775","targetHints":{"allow":["GET"]}}],"collection":[{"href":"https:\/\/archiviocassano.lavocedelpaese.info\/index.php\/wp-json\/wp\/v2\/posts"}],"about":[{"href":"https:\/\/archiviocassano.lavocedelpaese.info\/index.php\/wp-json\/wp\/v2\/types\/post"}],"author":[{"embeddable":true,"href":"https:\/\/archiviocassano.lavocedelpaese.info\/index.php\/wp-json\/wp\/v2\/users\/1"}],"replies":[{"embeddable":true,"href":"https:\/\/archiviocassano.lavocedelpaese.info\/index.php\/wp-json\/wp\/v2\/comments?post=14775"}],"version-history":[{"count":0,"href":"https:\/\/archiviocassano.lavocedelpaese.info\/index.php\/wp-json\/wp\/v2\/posts\/14775\/revisions"}],"wp:featuredmedia":[{"embeddable":true,"href":"https:\/\/archiviocassano.lavocedelpaese.info\/index.php\/wp-json\/wp\/v2\/media\/14774"}],"wp:attachment":[{"href":"https:\/\/archiviocassano.lavocedelpaese.info\/index.php\/wp-json\/wp\/v2\/media?parent=14775"}],"wp:term":[{"taxonomy":"category","embeddable":true,"href":"https:\/\/archiviocassano.lavocedelpaese.info\/index.php\/wp-json\/wp\/v2\/categories?post=14775"},{"taxonomy":"post_tag","embeddable":true,"href":"https:\/\/archiviocassano.lavocedelpaese.info\/index.php\/wp-json\/wp\/v2\/tags?post=14775"}],"curies":[{"name":"wp","href":"https:\/\/api.w.org\/{rel}","templated":true}]}}