{"id":14815,"date":"2017-10-13T15:41:02","date_gmt":"2017-10-13T15:41:02","guid":{"rendered":"https:\/\/archiviocassano.lavocedelpaese.info\/index.php\/2017\/10\/13\/qsiamo-cassanoq-interpella-il-sindaco-sul-personale-del-comune\/"},"modified":"2017-10-13T15:41:02","modified_gmt":"2017-10-13T15:41:02","slug":"qsiamo-cassanoq-interpella-il-sindaco-sul-personale-del-comune","status":"publish","type":"post","link":"https:\/\/archiviocassano.lavocedelpaese.info\/index.php\/2017\/10\/13\/qsiamo-cassanoq-interpella-il-sindaco-sul-personale-del-comune\/","title":{"rendered":"&#8220;Siamo Cassano&#8221; interpella il Sindaco sul personale del Comune"},"content":{"rendered":"<p><img loading=\"lazy\" decoding=\"async\" class=\" size-full wp-image-14814\" src=\"https:\/\/archiviocassano.lavocedelpaese.info\/wp-content\/uploads\/2017\/10\/gruppo_siamo_Cassano-iloveimg-cropped.jpg\" width=\"320\" height=\"182\" alt=\"gruppo siamo Cassano-iloveimg-cropped\" style=\"margin-right: 2px; margin-left: 2px;\" \/><\/p>\n<p><!--more--><\/p>\n<p>&nbsp;<\/p>\n<p>Una interpellanza a proposito di personale comunale e assunzione (temporanea) delle nuove agenti della Polizia Locale \u00e8 stata presentata questa mattina dal gruppo di opposizione \u201cSiamo Cassano\u201d al Sindaco Maria Pia Di Medio.<\/p>\n<p>I Consiglieri Linda Catucci e Ignazio Zullo, in sostanza, chiedono delucidazione sui recenti \u201cspostamenti\u201d all\u2019interno degli Uffici del Comune di Cassano, spostamenti che hanno riguardato il settore autonomo della Polizia Locale ma non solo.<\/p>\n<p style=\"text-align: justify;\">Sono stati dettati da favoritismi, con un occhio alle parentele di alcuni \u201cgrandi elettori\u201d della Di Medio &#8211; &nbsp;si chiede \u201cSiamo Cassano\u201d \u2013 o sono stati attentamente vagliati anche con l\u2019ausilio del Segretario Generale del Comune che per legge \u00e8 a capo del personale? &nbsp;E perch\u00e9 alcuni agenti di Polizia sono stati spostati a mansioni impiegatizie, salvo poi \u201cimportare\u201d altri agenti dalle graduatorie del Comune di Santeramo? Non doveva essere garantita la sicurezza e la maggiore efficacia del servizio sul territorio?<\/p>\n<p>Tutti interrogativi a cui il Sindaco ha 30 giorni di tempo per rispondere.<\/p>\n<p>Ecco, comunque, il testo integrale della interpellanza.<\/p>\n<p>PREMESSO CHE<\/p>\n<p>sono tassative le norme che regolano la gestione del personale nei Comuni con riferimento alla dotazione organica, agli inquadramenti, alle disposizioni contrattuali e alle regole assunzionali;<\/p>\n<p>il corretto utilizzo del personale nei suoi compiti attiene a diritti e doveri e al rispetto della dignit\u00e0 delle persone e dei lavoratori da una parte, dall&#8217;altra al pi\u00f9 efficiente servizio reso alla collettivit\u00e0 con un&#8217;attenzione ai parametri di spesa e al vincolo del bilancio;<\/p>\n<p>ogni favoritismo che si traduca in indebite preferenze verso alcuni provoca inefficienza, disservizi, diseconomie e mortificazione nei colleghi; notiamo uno spostamento di unit\u00e0 di personale da una parte con piglio punitivo e dall&#8217;altro con fare preferenziale per parenti di vostri grandi e potenti elettori;<\/p>\n<p>in particolare notiamo gi\u00e0 tre vigili urbani che vengono distratti dal loro inquadramento per assumere mansioni impiegatizie per poi deliberare un accordo con il Comune di Santeramo per assumere vigili a tempo determinato in sostituzione di quelli spostati ad altro ufficio;<\/p>\n<p>CONSIDERATO CHE<\/p>\n<p>il Capo del Personale \u00e8 il segretario comunale ed a noi non risulta che abbia mai relazionato su necessit\u00e0 di spostamenti n\u00e9 il Medico Competente ha mai giudicato quei vigili non idonei alla mansione condizione per la quale sarebbe stato legittimo procedere alla ricollocazione in altra mansione;<\/p>\n<p>TUTTO CIO\u2019 PREMESSO E CONSIDERATO<\/p>\n<p>si interroga il Sindaco per sapere:<\/p>\n<p>1. Quale segretario comunale, in qualit\u00e0 di capo del personale e con quali criteri e motivazioni ha disposto il trasferimento e\/o la ricollocazione del personale in mansioni per le quali non sono stati assunti sguarnendo servizi di estrema necessit\u00e0 come quello della polizia locale;<\/p>\n<p>2. se, nella ricollocazione si \u00e8 proceduto a verificare l&#8217;idoneit\u00e0 alla nuova mansione e alla formazione e addestramento del lavoratore;<\/p>\n<p>3. Se le ricollocazioni e gli spostamenti sono coerenti con la dotazione organica;<\/p>\n<p>4. Se non ravvisa in queste manovre un&#8217;artata azione per liberare posti nella polizia locale e accedere clientelarmente a graduatorie di vigili urbani invece che ad assunzioni di impiegati;<\/p>\n<p>5. se non ritiene in risposta alla presente interrogazione dettagliare i principi e i criteri che motivano la corretta gestione delle risorse umane unitamente al dettaglio dei parametri di spesa e delle regole assunzionali;<\/p>\n<p>6. Se queste manovre producono maggiore spesa nel bilancio e se, ove occorrano, si proceder\u00e0 ad aumenti di tassazione per la collettivit\u00e0.<\/p>\n<p>&nbsp;<\/p>\n<p>&nbsp;<\/p>\n","protected":false},"excerpt":{"rendered":"","protected":false},"author":1,"featured_media":14814,"comment_status":"open","ping_status":"closed","sticky":false,"template":"","format":"standard","meta":{"colormag_page_container_layout":"default_layout","colormag_page_sidebar_layout":"default_layout","footnotes":""},"categories":[4],"tags":[],"class_list":["post-14815","post","type-post","status-publish","format-standard","has-post-thumbnail","hentry","category-politica"],"yoast_head":"<!-- This site is optimized with the Yoast SEO plugin v27.5 - https:\/\/yoast.com\/product\/yoast-seo-wordpress\/ -->\n<title>&quot;Siamo Cassano&quot; interpella il Sindaco sul personale del Comune - Archivio CassanoWeb<\/title>\n<meta name=\"robots\" content=\"index, follow, max-snippet:-1, max-image-preview:large, max-video-preview:-1\" \/>\n<link rel=\"canonical\" href=\"https:\/\/archiviocassano.lavocedelpaese.info\/index.php\/2017\/10\/13\/qsiamo-cassanoq-interpella-il-sindaco-sul-personale-del-comune\/\" \/>\n<meta property=\"og:locale\" content=\"it_IT\" \/>\n<meta property=\"og:type\" content=\"article\" \/>\n<meta property=\"og:title\" content=\"&quot;Siamo Cassano&quot; interpella il Sindaco sul personale del Comune - Archivio CassanoWeb\" \/>\n<meta property=\"og:url\" content=\"https:\/\/archiviocassano.lavocedelpaese.info\/index.php\/2017\/10\/13\/qsiamo-cassanoq-interpella-il-sindaco-sul-personale-del-comune\/\" \/>\n<meta property=\"og:site_name\" content=\"Archivio CassanoWeb\" \/>\n<meta property=\"article:publisher\" content=\"https:\/\/www.facebook.com\/redazione.cassanoweb\" \/>\n<meta property=\"article:published_time\" content=\"2017-10-13T15:41:02+00:00\" \/>\n<meta property=\"og:image\" content=\"https:\/\/archiviocassano.lavocedelpaese.info\/wp-content\/uploads\/2017\/10\/gruppo_siamo_Cassano-iloveimg-cropped.jpg\" \/>\n\t<meta property=\"og:image:width\" content=\"234\" \/>\n\t<meta property=\"og:image:height\" content=\"133\" \/>\n\t<meta property=\"og:image:type\" content=\"image\/jpeg\" \/>\n<meta name=\"author\" content=\"admin\" \/>\n<meta name=\"twitter:card\" content=\"summary_large_image\" \/>\n<meta name=\"twitter:label1\" content=\"Scritto da\" \/>\n\t<meta name=\"twitter:data1\" content=\"admin\" \/>\n\t<meta name=\"twitter:label2\" content=\"Tempo di lettura stimato\" \/>\n\t<meta name=\"twitter:data2\" content=\"3 minuti\" \/>\n<script type=\"application\/ld+json\" class=\"yoast-schema-graph\">{\"@context\":\"https:\\\/\\\/schema.org\",\"@graph\":[{\"@type\":\"Article\",\"@id\":\"https:\\\/\\\/archiviocassano.lavocedelpaese.info\\\/index.php\\\/2017\\\/10\\\/13\\\/qsiamo-cassanoq-interpella-il-sindaco-sul-personale-del-comune\\\/#article\",\"isPartOf\":{\"@id\":\"https:\\\/\\\/archiviocassano.lavocedelpaese.info\\\/index.php\\\/2017\\\/10\\\/13\\\/qsiamo-cassanoq-interpella-il-sindaco-sul-personale-del-comune\\\/\"},\"author\":{\"name\":\"admin\",\"@id\":\"https:\\\/\\\/archiviocassano.lavocedelpaese.info\\\/#\\\/schema\\\/person\\\/df195bc79a9b4c35127cf005f92e041b\"},\"headline\":\"&#8220;Siamo Cassano&#8221; interpella il Sindaco sul personale del Comune\",\"datePublished\":\"2017-10-13T15:41:02+00:00\",\"mainEntityOfPage\":{\"@id\":\"https:\\\/\\\/archiviocassano.lavocedelpaese.info\\\/index.php\\\/2017\\\/10\\\/13\\\/qsiamo-cassanoq-interpella-il-sindaco-sul-personale-del-comune\\\/\"},\"wordCount\":558,\"commentCount\":0,\"publisher\":{\"@id\":\"https:\\\/\\\/archiviocassano.lavocedelpaese.info\\\/#organization\"},\"image\":{\"@id\":\"https:\\\/\\\/archiviocassano.lavocedelpaese.info\\\/index.php\\\/2017\\\/10\\\/13\\\/qsiamo-cassanoq-interpella-il-sindaco-sul-personale-del-comune\\\/#primaryimage\"},\"thumbnailUrl\":\"https:\\\/\\\/archiviocassano.lavocedelpaese.info\\\/wp-content\\\/uploads\\\/2017\\\/10\\\/gruppo_siamo_Cassano-iloveimg-cropped.jpg\",\"articleSection\":[\"Politica\"],\"inLanguage\":\"it-IT\",\"potentialAction\":[{\"@type\":\"CommentAction\",\"name\":\"Comment\",\"target\":[\"https:\\\/\\\/archiviocassano.lavocedelpaese.info\\\/index.php\\\/2017\\\/10\\\/13\\\/qsiamo-cassanoq-interpella-il-sindaco-sul-personale-del-comune\\\/#respond\"]}]},{\"@type\":\"WebPage\",\"@id\":\"https:\\\/\\\/archiviocassano.lavocedelpaese.info\\\/index.php\\\/2017\\\/10\\\/13\\\/qsiamo-cassanoq-interpella-il-sindaco-sul-personale-del-comune\\\/\",\"url\":\"https:\\\/\\\/archiviocassano.lavocedelpaese.info\\\/index.php\\\/2017\\\/10\\\/13\\\/qsiamo-cassanoq-interpella-il-sindaco-sul-personale-del-comune\\\/\",\"name\":\"\\\"Siamo Cassano\\\" interpella il Sindaco sul personale del Comune - Archivio CassanoWeb\",\"isPartOf\":{\"@id\":\"https:\\\/\\\/archiviocassano.lavocedelpaese.info\\\/#website\"},\"primaryImageOfPage\":{\"@id\":\"https:\\\/\\\/archiviocassano.lavocedelpaese.info\\\/index.php\\\/2017\\\/10\\\/13\\\/qsiamo-cassanoq-interpella-il-sindaco-sul-personale-del-comune\\\/#primaryimage\"},\"image\":{\"@id\":\"https:\\\/\\\/archiviocassano.lavocedelpaese.info\\\/index.php\\\/2017\\\/10\\\/13\\\/qsiamo-cassanoq-interpella-il-sindaco-sul-personale-del-comune\\\/#primaryimage\"},\"thumbnailUrl\":\"https:\\\/\\\/archiviocassano.lavocedelpaese.info\\\/wp-content\\\/uploads\\\/2017\\\/10\\\/gruppo_siamo_Cassano-iloveimg-cropped.jpg\",\"datePublished\":\"2017-10-13T15:41:02+00:00\",\"breadcrumb\":{\"@id\":\"https:\\\/\\\/archiviocassano.lavocedelpaese.info\\\/index.php\\\/2017\\\/10\\\/13\\\/qsiamo-cassanoq-interpella-il-sindaco-sul-personale-del-comune\\\/#breadcrumb\"},\"inLanguage\":\"it-IT\",\"potentialAction\":[{\"@type\":\"ReadAction\",\"target\":[\"https:\\\/\\\/archiviocassano.lavocedelpaese.info\\\/index.php\\\/2017\\\/10\\\/13\\\/qsiamo-cassanoq-interpella-il-sindaco-sul-personale-del-comune\\\/\"]}]},{\"@type\":\"ImageObject\",\"inLanguage\":\"it-IT\",\"@id\":\"https:\\\/\\\/archiviocassano.lavocedelpaese.info\\\/index.php\\\/2017\\\/10\\\/13\\\/qsiamo-cassanoq-interpella-il-sindaco-sul-personale-del-comune\\\/#primaryimage\",\"url\":\"https:\\\/\\\/archiviocassano.lavocedelpaese.info\\\/wp-content\\\/uploads\\\/2017\\\/10\\\/gruppo_siamo_Cassano-iloveimg-cropped.jpg\",\"contentUrl\":\"https:\\\/\\\/archiviocassano.lavocedelpaese.info\\\/wp-content\\\/uploads\\\/2017\\\/10\\\/gruppo_siamo_Cassano-iloveimg-cropped.jpg\",\"width\":234,\"height\":133,\"caption\":\"gruppo siamo Cassano-iloveimg-cropped\"},{\"@type\":\"BreadcrumbList\",\"@id\":\"https:\\\/\\\/archiviocassano.lavocedelpaese.info\\\/index.php\\\/2017\\\/10\\\/13\\\/qsiamo-cassanoq-interpella-il-sindaco-sul-personale-del-comune\\\/#breadcrumb\",\"itemListElement\":[{\"@type\":\"ListItem\",\"position\":1,\"name\":\"Home\",\"item\":\"https:\\\/\\\/archiviocassano.lavocedelpaese.info\\\/\"},{\"@type\":\"ListItem\",\"position\":2,\"name\":\"&#8220;Siamo Cassano&#8221; interpella il Sindaco sul personale del Comune\"}]},{\"@type\":\"WebSite\",\"@id\":\"https:\\\/\\\/archiviocassano.lavocedelpaese.info\\\/#website\",\"url\":\"https:\\\/\\\/archiviocassano.lavocedelpaese.info\\\/\",\"name\":\"Archivio CassanoWeb\",\"description\":\"La Voce del Paese - un network di idee\",\"publisher\":{\"@id\":\"https:\\\/\\\/archiviocassano.lavocedelpaese.info\\\/#organization\"},\"potentialAction\":[{\"@type\":\"SearchAction\",\"target\":{\"@type\":\"EntryPoint\",\"urlTemplate\":\"https:\\\/\\\/archiviocassano.lavocedelpaese.info\\\/?s={search_term_string}\"},\"query-input\":{\"@type\":\"PropertyValueSpecification\",\"valueRequired\":true,\"valueName\":\"search_term_string\"}}],\"inLanguage\":\"it-IT\"},{\"@type\":\"Organization\",\"@id\":\"https:\\\/\\\/archiviocassano.lavocedelpaese.info\\\/#organization\",\"name\":\"Archivio CassanoWeb\",\"url\":\"https:\\\/\\\/archiviocassano.lavocedelpaese.info\\\/\",\"logo\":{\"@type\":\"ImageObject\",\"inLanguage\":\"it-IT\",\"@id\":\"https:\\\/\\\/archiviocassano.lavocedelpaese.info\\\/#\\\/schema\\\/logo\\\/image\\\/\",\"url\":\"https:\\\/\\\/archiviocassano.lavocedelpaese.info\\\/wp-content\\\/uploads\\\/2024\\\/08\\\/logo-rosso-2.png\",\"contentUrl\":\"https:\\\/\\\/archiviocassano.lavocedelpaese.info\\\/wp-content\\\/uploads\\\/2024\\\/08\\\/logo-rosso-2.png\",\"width\":491,\"height\":432,\"caption\":\"Archivio CassanoWeb\"},\"image\":{\"@id\":\"https:\\\/\\\/archiviocassano.lavocedelpaese.info\\\/#\\\/schema\\\/logo\\\/image\\\/\"},\"sameAs\":[\"https:\\\/\\\/www.facebook.com\\\/redazione.cassanoweb\"]},{\"@type\":\"Person\",\"@id\":\"https:\\\/\\\/archiviocassano.lavocedelpaese.info\\\/#\\\/schema\\\/person\\\/df195bc79a9b4c35127cf005f92e041b\",\"name\":\"admin\",\"image\":{\"@type\":\"ImageObject\",\"inLanguage\":\"it-IT\",\"@id\":\"https:\\\/\\\/secure.gravatar.com\\\/avatar\\\/eabba89a432e8eaa1b0207cc55f7e5340b22712b1ed80677efcf63e02ff5b235?s=96&d=mm&r=g\",\"url\":\"https:\\\/\\\/secure.gravatar.com\\\/avatar\\\/eabba89a432e8eaa1b0207cc55f7e5340b22712b1ed80677efcf63e02ff5b235?s=96&d=mm&r=g\",\"contentUrl\":\"https:\\\/\\\/secure.gravatar.com\\\/avatar\\\/eabba89a432e8eaa1b0207cc55f7e5340b22712b1ed80677efcf63e02ff5b235?s=96&d=mm&r=g\",\"caption\":\"admin\"},\"sameAs\":[\"https:\\\/\\\/archiviocassano.lavocedelpaese.info\"],\"url\":\"https:\\\/\\\/archiviocassano.lavocedelpaese.info\\\/index.php\\\/author\\\/admin_0qgz1xdp\\\/\"}]}<\/script>\n<!-- \/ Yoast SEO plugin. -->","yoast_head_json":{"title":"\"Siamo Cassano\" interpella il Sindaco sul personale del Comune - Archivio CassanoWeb","robots":{"index":"index","follow":"follow","max-snippet":"max-snippet:-1","max-image-preview":"max-image-preview:large","max-video-preview":"max-video-preview:-1"},"canonical":"https:\/\/archiviocassano.lavocedelpaese.info\/index.php\/2017\/10\/13\/qsiamo-cassanoq-interpella-il-sindaco-sul-personale-del-comune\/","og_locale":"it_IT","og_type":"article","og_title":"\"Siamo Cassano\" interpella il Sindaco sul personale del Comune - Archivio CassanoWeb","og_url":"https:\/\/archiviocassano.lavocedelpaese.info\/index.php\/2017\/10\/13\/qsiamo-cassanoq-interpella-il-sindaco-sul-personale-del-comune\/","og_site_name":"Archivio CassanoWeb","article_publisher":"https:\/\/www.facebook.com\/redazione.cassanoweb","article_published_time":"2017-10-13T15:41:02+00:00","og_image":[{"width":234,"height":133,"url":"https:\/\/archiviocassano.lavocedelpaese.info\/wp-content\/uploads\/2017\/10\/gruppo_siamo_Cassano-iloveimg-cropped.jpg","type":"image\/jpeg"}],"author":"admin","twitter_card":"summary_large_image","twitter_misc":{"Scritto da":"admin","Tempo di lettura stimato":"3 minuti"},"schema":{"@context":"https:\/\/schema.org","@graph":[{"@type":"Article","@id":"https:\/\/archiviocassano.lavocedelpaese.info\/index.php\/2017\/10\/13\/qsiamo-cassanoq-interpella-il-sindaco-sul-personale-del-comune\/#article","isPartOf":{"@id":"https:\/\/archiviocassano.lavocedelpaese.info\/index.php\/2017\/10\/13\/qsiamo-cassanoq-interpella-il-sindaco-sul-personale-del-comune\/"},"author":{"name":"admin","@id":"https:\/\/archiviocassano.lavocedelpaese.info\/#\/schema\/person\/df195bc79a9b4c35127cf005f92e041b"},"headline":"&#8220;Siamo Cassano&#8221; interpella il Sindaco sul personale del Comune","datePublished":"2017-10-13T15:41:02+00:00","mainEntityOfPage":{"@id":"https:\/\/archiviocassano.lavocedelpaese.info\/index.php\/2017\/10\/13\/qsiamo-cassanoq-interpella-il-sindaco-sul-personale-del-comune\/"},"wordCount":558,"commentCount":0,"publisher":{"@id":"https:\/\/archiviocassano.lavocedelpaese.info\/#organization"},"image":{"@id":"https:\/\/archiviocassano.lavocedelpaese.info\/index.php\/2017\/10\/13\/qsiamo-cassanoq-interpella-il-sindaco-sul-personale-del-comune\/#primaryimage"},"thumbnailUrl":"https:\/\/archiviocassano.lavocedelpaese.info\/wp-content\/uploads\/2017\/10\/gruppo_siamo_Cassano-iloveimg-cropped.jpg","articleSection":["Politica"],"inLanguage":"it-IT","potentialAction":[{"@type":"CommentAction","name":"Comment","target":["https:\/\/archiviocassano.lavocedelpaese.info\/index.php\/2017\/10\/13\/qsiamo-cassanoq-interpella-il-sindaco-sul-personale-del-comune\/#respond"]}]},{"@type":"WebPage","@id":"https:\/\/archiviocassano.lavocedelpaese.info\/index.php\/2017\/10\/13\/qsiamo-cassanoq-interpella-il-sindaco-sul-personale-del-comune\/","url":"https:\/\/archiviocassano.lavocedelpaese.info\/index.php\/2017\/10\/13\/qsiamo-cassanoq-interpella-il-sindaco-sul-personale-del-comune\/","name":"\"Siamo Cassano\" interpella il Sindaco sul personale del Comune - Archivio CassanoWeb","isPartOf":{"@id":"https:\/\/archiviocassano.lavocedelpaese.info\/#website"},"primaryImageOfPage":{"@id":"https:\/\/archiviocassano.lavocedelpaese.info\/index.php\/2017\/10\/13\/qsiamo-cassanoq-interpella-il-sindaco-sul-personale-del-comune\/#primaryimage"},"image":{"@id":"https:\/\/archiviocassano.lavocedelpaese.info\/index.php\/2017\/10\/13\/qsiamo-cassanoq-interpella-il-sindaco-sul-personale-del-comune\/#primaryimage"},"thumbnailUrl":"https:\/\/archiviocassano.lavocedelpaese.info\/wp-content\/uploads\/2017\/10\/gruppo_siamo_Cassano-iloveimg-cropped.jpg","datePublished":"2017-10-13T15:41:02+00:00","breadcrumb":{"@id":"https:\/\/archiviocassano.lavocedelpaese.info\/index.php\/2017\/10\/13\/qsiamo-cassanoq-interpella-il-sindaco-sul-personale-del-comune\/#breadcrumb"},"inLanguage":"it-IT","potentialAction":[{"@type":"ReadAction","target":["https:\/\/archiviocassano.lavocedelpaese.info\/index.php\/2017\/10\/13\/qsiamo-cassanoq-interpella-il-sindaco-sul-personale-del-comune\/"]}]},{"@type":"ImageObject","inLanguage":"it-IT","@id":"https:\/\/archiviocassano.lavocedelpaese.info\/index.php\/2017\/10\/13\/qsiamo-cassanoq-interpella-il-sindaco-sul-personale-del-comune\/#primaryimage","url":"https:\/\/archiviocassano.lavocedelpaese.info\/wp-content\/uploads\/2017\/10\/gruppo_siamo_Cassano-iloveimg-cropped.jpg","contentUrl":"https:\/\/archiviocassano.lavocedelpaese.info\/wp-content\/uploads\/2017\/10\/gruppo_siamo_Cassano-iloveimg-cropped.jpg","width":234,"height":133,"caption":"gruppo siamo Cassano-iloveimg-cropped"},{"@type":"BreadcrumbList","@id":"https:\/\/archiviocassano.lavocedelpaese.info\/index.php\/2017\/10\/13\/qsiamo-cassanoq-interpella-il-sindaco-sul-personale-del-comune\/#breadcrumb","itemListElement":[{"@type":"ListItem","position":1,"name":"Home","item":"https:\/\/archiviocassano.lavocedelpaese.info\/"},{"@type":"ListItem","position":2,"name":"&#8220;Siamo Cassano&#8221; interpella il Sindaco sul personale del Comune"}]},{"@type":"WebSite","@id":"https:\/\/archiviocassano.lavocedelpaese.info\/#website","url":"https:\/\/archiviocassano.lavocedelpaese.info\/","name":"Archivio CassanoWeb","description":"La Voce del Paese - un network di idee","publisher":{"@id":"https:\/\/archiviocassano.lavocedelpaese.info\/#organization"},"potentialAction":[{"@type":"SearchAction","target":{"@type":"EntryPoint","urlTemplate":"https:\/\/archiviocassano.lavocedelpaese.info\/?s={search_term_string}"},"query-input":{"@type":"PropertyValueSpecification","valueRequired":true,"valueName":"search_term_string"}}],"inLanguage":"it-IT"},{"@type":"Organization","@id":"https:\/\/archiviocassano.lavocedelpaese.info\/#organization","name":"Archivio CassanoWeb","url":"https:\/\/archiviocassano.lavocedelpaese.info\/","logo":{"@type":"ImageObject","inLanguage":"it-IT","@id":"https:\/\/archiviocassano.lavocedelpaese.info\/#\/schema\/logo\/image\/","url":"https:\/\/archiviocassano.lavocedelpaese.info\/wp-content\/uploads\/2024\/08\/logo-rosso-2.png","contentUrl":"https:\/\/archiviocassano.lavocedelpaese.info\/wp-content\/uploads\/2024\/08\/logo-rosso-2.png","width":491,"height":432,"caption":"Archivio CassanoWeb"},"image":{"@id":"https:\/\/archiviocassano.lavocedelpaese.info\/#\/schema\/logo\/image\/"},"sameAs":["https:\/\/www.facebook.com\/redazione.cassanoweb"]},{"@type":"Person","@id":"https:\/\/archiviocassano.lavocedelpaese.info\/#\/schema\/person\/df195bc79a9b4c35127cf005f92e041b","name":"admin","image":{"@type":"ImageObject","inLanguage":"it-IT","@id":"https:\/\/secure.gravatar.com\/avatar\/eabba89a432e8eaa1b0207cc55f7e5340b22712b1ed80677efcf63e02ff5b235?s=96&d=mm&r=g","url":"https:\/\/secure.gravatar.com\/avatar\/eabba89a432e8eaa1b0207cc55f7e5340b22712b1ed80677efcf63e02ff5b235?s=96&d=mm&r=g","contentUrl":"https:\/\/secure.gravatar.com\/avatar\/eabba89a432e8eaa1b0207cc55f7e5340b22712b1ed80677efcf63e02ff5b235?s=96&d=mm&r=g","caption":"admin"},"sameAs":["https:\/\/archiviocassano.lavocedelpaese.info"],"url":"https:\/\/archiviocassano.lavocedelpaese.info\/index.php\/author\/admin_0qgz1xdp\/"}]}},"_links":{"self":[{"href":"https:\/\/archiviocassano.lavocedelpaese.info\/index.php\/wp-json\/wp\/v2\/posts\/14815","targetHints":{"allow":["GET"]}}],"collection":[{"href":"https:\/\/archiviocassano.lavocedelpaese.info\/index.php\/wp-json\/wp\/v2\/posts"}],"about":[{"href":"https:\/\/archiviocassano.lavocedelpaese.info\/index.php\/wp-json\/wp\/v2\/types\/post"}],"author":[{"embeddable":true,"href":"https:\/\/archiviocassano.lavocedelpaese.info\/index.php\/wp-json\/wp\/v2\/users\/1"}],"replies":[{"embeddable":true,"href":"https:\/\/archiviocassano.lavocedelpaese.info\/index.php\/wp-json\/wp\/v2\/comments?post=14815"}],"version-history":[{"count":0,"href":"https:\/\/archiviocassano.lavocedelpaese.info\/index.php\/wp-json\/wp\/v2\/posts\/14815\/revisions"}],"wp:featuredmedia":[{"embeddable":true,"href":"https:\/\/archiviocassano.lavocedelpaese.info\/index.php\/wp-json\/wp\/v2\/media\/14814"}],"wp:attachment":[{"href":"https:\/\/archiviocassano.lavocedelpaese.info\/index.php\/wp-json\/wp\/v2\/media?parent=14815"}],"wp:term":[{"taxonomy":"category","embeddable":true,"href":"https:\/\/archiviocassano.lavocedelpaese.info\/index.php\/wp-json\/wp\/v2\/categories?post=14815"},{"taxonomy":"post_tag","embeddable":true,"href":"https:\/\/archiviocassano.lavocedelpaese.info\/index.php\/wp-json\/wp\/v2\/tags?post=14815"}],"curies":[{"name":"wp","href":"https:\/\/api.w.org\/{rel}","templated":true}]}}