{"id":14817,"date":"2017-10-13T17:00:39","date_gmt":"2017-10-13T17:00:39","guid":{"rendered":"https:\/\/archiviocassano.lavocedelpaese.info\/index.php\/2017\/10\/13\/lallarme-di-del-re-sul-polisportivo-la-di-medio-vuole-privatizzarlo\/"},"modified":"2017-10-13T17:00:39","modified_gmt":"2017-10-13T17:00:39","slug":"lallarme-di-del-re-sul-polisportivo-la-di-medio-vuole-privatizzarlo","status":"publish","type":"post","link":"https:\/\/archiviocassano.lavocedelpaese.info\/index.php\/2017\/10\/13\/lallarme-di-del-re-sul-polisportivo-la-di-medio-vuole-privatizzarlo\/","title":{"rendered":"Polisportivo, Del Re: la Di Medio vuole privatizzarlo"},"content":{"rendered":"<p><img loading=\"lazy\" decoding=\"async\" class=\" size-full wp-image-14816\" src=\"https:\/\/archiviocassano.lavocedelpaese.info\/wp-content\/uploads\/2017\/10\/Davide_Del_Re_piccola.jpg\" alt=\"Davide Del Re piccola\" style=\"margin-right: 2px; margin-left: 2px;\" width=\"320\" height=\"213\" srcset=\"https:\/\/archiviocassano.lavocedelpaese.info\/wp-content\/uploads\/2017\/10\/Davide_Del_Re_piccola.jpg 320w, https:\/\/archiviocassano.lavocedelpaese.info\/wp-content\/uploads\/2017\/10\/Davide_Del_Re_piccola-300x200.jpg 300w\" sizes=\"auto, (max-width: 320px) 100vw, 320px\" \/><\/p>\n<p><!--more--><\/p>\n<p>&nbsp;<\/p>\n<p>Allarme privatizzazione per il Polisportivo Comunale di via Grumo. A lanciarlo \u00e8 il Consigliere comunale di opposizione Davide Del Re sulla base della risposta che il Sindaco Maria Pia Di Medio ha dato recentemente ad una interpellanza presentata lo scorso 21 luglio in merito ai mancati lavori di adeguamento dei due campi da tennis, del rifacimento di un campo da calcetto e degli spazi esterni.<\/p>\n<p>Lavori candidati ad ottenere un mutuo dal Credito Sportivo per circa 1 milione di euro ed una progettazione che per\u00f2 l\u2019Amministrazione Di Medio ha bloccato, preferendo \u2013 dice il Sindaco nella risposta a Del Re \u2013 una valutazione complessiva di quel che c\u2019\u00e8 da fare, sull\u2019intero impianto.<\/p>\n<p><em>&#8220;Siamo fortemente rammaricati\u201d <\/em><em>ha detto l\u2019ex vicesindaco della Giunta Lionetti alla Di Medio<\/em><em>. \u201cIntanto avremmo potuto avere entro fine anno due campi da tennis e un campo di calcetto completamente nuovi, e invece dobbiamo aspettare anni per poter avere delle risposte e con costi non sostenibili per la nostra Comunit\u00e0. &nbsp;Inoltre si lascia &#8216;morire&#8217; un nostro progetto di ristrutturazione complessiva, gi\u00e0 candidato a 1 milione di euro finanziamento richiesto all&#8217;Istituto di Credito Sportivo, il quale avrebbe garantito i servizi sportivi ai cassanesi lasciando a loro la propriet\u00e0 pubblica del bene, mentre preferisce privatizzarlo per decenni. Cui prodest?&#8221;<\/em><\/p>\n<p><em>&nbsp;<\/em><\/p>\n<p><em>Il pallino della Di Medio, lo si sa, \u00e8 quello del \u201cproject financing\u201d, due paroline magiche entrate di prepotenza da qualche anno nel linguaggio politico-amministrativo anche locale che tuttavia hanno avuto, finora, scarsa applicazione. Nel corso del governo Di Medio I, ad esempio, lo si pens\u00f2 per la pubblica illuminazione cittadina e per lo spesso Polisportivo mentre durante i due anni e mezzo del mandato di Lionetti c\u2019era chi lo prospettava per il Cimitero. Finora non \u00e8 accaduto niente.<\/em><\/p>\n<p><em>&nbsp;<\/em><\/p>\n<p><em>L\u2019attuale Amministrazione Comunale, per\u00f2, questa volta sembra davvero decisa: \u201cl\u2019unica forma finanziaria utile per affrontare la ristrutturazione del Polisportivo (\u00e8) il Project Financing che avr\u00e0 nel suo contesto anche una gestione garantita che potr\u00e0 assicurare pulizia, servizi, manutenzioni cosicch\u00e8 le societ\u00e0 sportive possano usufruire di un impianto efficiente e possano gestire le proprie attivit\u00e0 con i migliori risultati sia agonistici che finanziari\u201d, scrive il Sindaco nella risposta a Del Re.<\/em><\/p>\n<p><em>&nbsp;<\/em><\/p>\n<p><em>Ora tutto sta a trovare un imprenditore che trovi conveniente rilevare la gestione (sicuramente pluriennale) dell\u2019impianto di via Grumo, ristrutturarlo, aprirlo al pubblico con tariffe che siano convenienti rispetto all\u2019investimento effettuato.<\/em><\/p>\n<p>&nbsp;<\/p>\n","protected":false},"excerpt":{"rendered":"","protected":false},"author":1,"featured_media":14816,"comment_status":"open","ping_status":"closed","sticky":false,"template":"","format":"standard","meta":{"colormag_page_container_layout":"default_layout","colormag_page_sidebar_layout":"default_layout","footnotes":""},"categories":[4],"tags":[],"class_list":["post-14817","post","type-post","status-publish","format-standard","has-post-thumbnail","hentry","category-politica"],"yoast_head":"<!-- This site is optimized with the Yoast SEO plugin v27.5 - https:\/\/yoast.com\/product\/yoast-seo-wordpress\/ -->\n<title>Polisportivo, Del Re: la Di Medio vuole privatizzarlo - Archivio CassanoWeb<\/title>\n<meta name=\"robots\" content=\"index, follow, max-snippet:-1, max-image-preview:large, max-video-preview:-1\" \/>\n<link rel=\"canonical\" href=\"https:\/\/archiviocassano.lavocedelpaese.info\/index.php\/2017\/10\/13\/lallarme-di-del-re-sul-polisportivo-la-di-medio-vuole-privatizzarlo\/\" \/>\n<meta property=\"og:locale\" content=\"it_IT\" \/>\n<meta property=\"og:type\" content=\"article\" \/>\n<meta property=\"og:title\" content=\"Polisportivo, Del Re: la Di Medio vuole privatizzarlo - Archivio CassanoWeb\" \/>\n<meta property=\"og:url\" content=\"https:\/\/archiviocassano.lavocedelpaese.info\/index.php\/2017\/10\/13\/lallarme-di-del-re-sul-polisportivo-la-di-medio-vuole-privatizzarlo\/\" \/>\n<meta property=\"og:site_name\" content=\"Archivio CassanoWeb\" \/>\n<meta property=\"article:publisher\" content=\"https:\/\/www.facebook.com\/redazione.cassanoweb\" \/>\n<meta property=\"article:published_time\" content=\"2017-10-13T17:00:39+00:00\" \/>\n<meta property=\"og:image\" content=\"https:\/\/archiviocassano.lavocedelpaese.info\/wp-content\/uploads\/2017\/10\/Davide_Del_Re_piccola.jpg\" \/>\n\t<meta property=\"og:image:width\" content=\"320\" \/>\n\t<meta property=\"og:image:height\" content=\"213\" \/>\n\t<meta property=\"og:image:type\" content=\"image\/jpeg\" \/>\n<meta name=\"author\" content=\"admin\" \/>\n<meta name=\"twitter:card\" content=\"summary_large_image\" \/>\n<meta name=\"twitter:label1\" content=\"Scritto da\" \/>\n\t<meta name=\"twitter:data1\" content=\"admin\" \/>\n\t<meta name=\"twitter:label2\" content=\"Tempo di lettura stimato\" \/>\n\t<meta name=\"twitter:data2\" content=\"2 minuti\" \/>\n<script type=\"application\/ld+json\" class=\"yoast-schema-graph\">{\"@context\":\"https:\\\/\\\/schema.org\",\"@graph\":[{\"@type\":\"Article\",\"@id\":\"https:\\\/\\\/archiviocassano.lavocedelpaese.info\\\/index.php\\\/2017\\\/10\\\/13\\\/lallarme-di-del-re-sul-polisportivo-la-di-medio-vuole-privatizzarlo\\\/#article\",\"isPartOf\":{\"@id\":\"https:\\\/\\\/archiviocassano.lavocedelpaese.info\\\/index.php\\\/2017\\\/10\\\/13\\\/lallarme-di-del-re-sul-polisportivo-la-di-medio-vuole-privatizzarlo\\\/\"},\"author\":{\"name\":\"admin\",\"@id\":\"https:\\\/\\\/archiviocassano.lavocedelpaese.info\\\/#\\\/schema\\\/person\\\/df195bc79a9b4c35127cf005f92e041b\"},\"headline\":\"Polisportivo, Del Re: la Di Medio vuole privatizzarlo\",\"datePublished\":\"2017-10-13T17:00:39+00:00\",\"mainEntityOfPage\":{\"@id\":\"https:\\\/\\\/archiviocassano.lavocedelpaese.info\\\/index.php\\\/2017\\\/10\\\/13\\\/lallarme-di-del-re-sul-polisportivo-la-di-medio-vuole-privatizzarlo\\\/\"},\"wordCount\":403,\"commentCount\":0,\"publisher\":{\"@id\":\"https:\\\/\\\/archiviocassano.lavocedelpaese.info\\\/#organization\"},\"image\":{\"@id\":\"https:\\\/\\\/archiviocassano.lavocedelpaese.info\\\/index.php\\\/2017\\\/10\\\/13\\\/lallarme-di-del-re-sul-polisportivo-la-di-medio-vuole-privatizzarlo\\\/#primaryimage\"},\"thumbnailUrl\":\"https:\\\/\\\/archiviocassano.lavocedelpaese.info\\\/wp-content\\\/uploads\\\/2017\\\/10\\\/Davide_Del_Re_piccola.jpg\",\"articleSection\":[\"Politica\"],\"inLanguage\":\"it-IT\",\"potentialAction\":[{\"@type\":\"CommentAction\",\"name\":\"Comment\",\"target\":[\"https:\\\/\\\/archiviocassano.lavocedelpaese.info\\\/index.php\\\/2017\\\/10\\\/13\\\/lallarme-di-del-re-sul-polisportivo-la-di-medio-vuole-privatizzarlo\\\/#respond\"]}]},{\"@type\":\"WebPage\",\"@id\":\"https:\\\/\\\/archiviocassano.lavocedelpaese.info\\\/index.php\\\/2017\\\/10\\\/13\\\/lallarme-di-del-re-sul-polisportivo-la-di-medio-vuole-privatizzarlo\\\/\",\"url\":\"https:\\\/\\\/archiviocassano.lavocedelpaese.info\\\/index.php\\\/2017\\\/10\\\/13\\\/lallarme-di-del-re-sul-polisportivo-la-di-medio-vuole-privatizzarlo\\\/\",\"name\":\"Polisportivo, Del Re: la Di Medio vuole privatizzarlo - Archivio CassanoWeb\",\"isPartOf\":{\"@id\":\"https:\\\/\\\/archiviocassano.lavocedelpaese.info\\\/#website\"},\"primaryImageOfPage\":{\"@id\":\"https:\\\/\\\/archiviocassano.lavocedelpaese.info\\\/index.php\\\/2017\\\/10\\\/13\\\/lallarme-di-del-re-sul-polisportivo-la-di-medio-vuole-privatizzarlo\\\/#primaryimage\"},\"image\":{\"@id\":\"https:\\\/\\\/archiviocassano.lavocedelpaese.info\\\/index.php\\\/2017\\\/10\\\/13\\\/lallarme-di-del-re-sul-polisportivo-la-di-medio-vuole-privatizzarlo\\\/#primaryimage\"},\"thumbnailUrl\":\"https:\\\/\\\/archiviocassano.lavocedelpaese.info\\\/wp-content\\\/uploads\\\/2017\\\/10\\\/Davide_Del_Re_piccola.jpg\",\"datePublished\":\"2017-10-13T17:00:39+00:00\",\"breadcrumb\":{\"@id\":\"https:\\\/\\\/archiviocassano.lavocedelpaese.info\\\/index.php\\\/2017\\\/10\\\/13\\\/lallarme-di-del-re-sul-polisportivo-la-di-medio-vuole-privatizzarlo\\\/#breadcrumb\"},\"inLanguage\":\"it-IT\",\"potentialAction\":[{\"@type\":\"ReadAction\",\"target\":[\"https:\\\/\\\/archiviocassano.lavocedelpaese.info\\\/index.php\\\/2017\\\/10\\\/13\\\/lallarme-di-del-re-sul-polisportivo-la-di-medio-vuole-privatizzarlo\\\/\"]}]},{\"@type\":\"ImageObject\",\"inLanguage\":\"it-IT\",\"@id\":\"https:\\\/\\\/archiviocassano.lavocedelpaese.info\\\/index.php\\\/2017\\\/10\\\/13\\\/lallarme-di-del-re-sul-polisportivo-la-di-medio-vuole-privatizzarlo\\\/#primaryimage\",\"url\":\"https:\\\/\\\/archiviocassano.lavocedelpaese.info\\\/wp-content\\\/uploads\\\/2017\\\/10\\\/Davide_Del_Re_piccola.jpg\",\"contentUrl\":\"https:\\\/\\\/archiviocassano.lavocedelpaese.info\\\/wp-content\\\/uploads\\\/2017\\\/10\\\/Davide_Del_Re_piccola.jpg\",\"width\":320,\"height\":213,\"caption\":\"Davide Del Re piccola\"},{\"@type\":\"BreadcrumbList\",\"@id\":\"https:\\\/\\\/archiviocassano.lavocedelpaese.info\\\/index.php\\\/2017\\\/10\\\/13\\\/lallarme-di-del-re-sul-polisportivo-la-di-medio-vuole-privatizzarlo\\\/#breadcrumb\",\"itemListElement\":[{\"@type\":\"ListItem\",\"position\":1,\"name\":\"Home\",\"item\":\"https:\\\/\\\/archiviocassano.lavocedelpaese.info\\\/\"},{\"@type\":\"ListItem\",\"position\":2,\"name\":\"Polisportivo, Del Re: la Di Medio vuole privatizzarlo\"}]},{\"@type\":\"WebSite\",\"@id\":\"https:\\\/\\\/archiviocassano.lavocedelpaese.info\\\/#website\",\"url\":\"https:\\\/\\\/archiviocassano.lavocedelpaese.info\\\/\",\"name\":\"Archivio CassanoWeb\",\"description\":\"La Voce del Paese - un network di idee\",\"publisher\":{\"@id\":\"https:\\\/\\\/archiviocassano.lavocedelpaese.info\\\/#organization\"},\"potentialAction\":[{\"@type\":\"SearchAction\",\"target\":{\"@type\":\"EntryPoint\",\"urlTemplate\":\"https:\\\/\\\/archiviocassano.lavocedelpaese.info\\\/?s={search_term_string}\"},\"query-input\":{\"@type\":\"PropertyValueSpecification\",\"valueRequired\":true,\"valueName\":\"search_term_string\"}}],\"inLanguage\":\"it-IT\"},{\"@type\":\"Organization\",\"@id\":\"https:\\\/\\\/archiviocassano.lavocedelpaese.info\\\/#organization\",\"name\":\"Archivio CassanoWeb\",\"url\":\"https:\\\/\\\/archiviocassano.lavocedelpaese.info\\\/\",\"logo\":{\"@type\":\"ImageObject\",\"inLanguage\":\"it-IT\",\"@id\":\"https:\\\/\\\/archiviocassano.lavocedelpaese.info\\\/#\\\/schema\\\/logo\\\/image\\\/\",\"url\":\"https:\\\/\\\/archiviocassano.lavocedelpaese.info\\\/wp-content\\\/uploads\\\/2024\\\/08\\\/logo-rosso-2.png\",\"contentUrl\":\"https:\\\/\\\/archiviocassano.lavocedelpaese.info\\\/wp-content\\\/uploads\\\/2024\\\/08\\\/logo-rosso-2.png\",\"width\":491,\"height\":432,\"caption\":\"Archivio CassanoWeb\"},\"image\":{\"@id\":\"https:\\\/\\\/archiviocassano.lavocedelpaese.info\\\/#\\\/schema\\\/logo\\\/image\\\/\"},\"sameAs\":[\"https:\\\/\\\/www.facebook.com\\\/redazione.cassanoweb\"]},{\"@type\":\"Person\",\"@id\":\"https:\\\/\\\/archiviocassano.lavocedelpaese.info\\\/#\\\/schema\\\/person\\\/df195bc79a9b4c35127cf005f92e041b\",\"name\":\"admin\",\"image\":{\"@type\":\"ImageObject\",\"inLanguage\":\"it-IT\",\"@id\":\"https:\\\/\\\/secure.gravatar.com\\\/avatar\\\/eabba89a432e8eaa1b0207cc55f7e5340b22712b1ed80677efcf63e02ff5b235?s=96&d=mm&r=g\",\"url\":\"https:\\\/\\\/secure.gravatar.com\\\/avatar\\\/eabba89a432e8eaa1b0207cc55f7e5340b22712b1ed80677efcf63e02ff5b235?s=96&d=mm&r=g\",\"contentUrl\":\"https:\\\/\\\/secure.gravatar.com\\\/avatar\\\/eabba89a432e8eaa1b0207cc55f7e5340b22712b1ed80677efcf63e02ff5b235?s=96&d=mm&r=g\",\"caption\":\"admin\"},\"sameAs\":[\"https:\\\/\\\/archiviocassano.lavocedelpaese.info\"],\"url\":\"https:\\\/\\\/archiviocassano.lavocedelpaese.info\\\/index.php\\\/author\\\/admin_0qgz1xdp\\\/\"}]}<\/script>\n<!-- \/ Yoast SEO plugin. -->","yoast_head_json":{"title":"Polisportivo, Del Re: la Di Medio vuole privatizzarlo - Archivio CassanoWeb","robots":{"index":"index","follow":"follow","max-snippet":"max-snippet:-1","max-image-preview":"max-image-preview:large","max-video-preview":"max-video-preview:-1"},"canonical":"https:\/\/archiviocassano.lavocedelpaese.info\/index.php\/2017\/10\/13\/lallarme-di-del-re-sul-polisportivo-la-di-medio-vuole-privatizzarlo\/","og_locale":"it_IT","og_type":"article","og_title":"Polisportivo, Del Re: la Di Medio vuole privatizzarlo - Archivio CassanoWeb","og_url":"https:\/\/archiviocassano.lavocedelpaese.info\/index.php\/2017\/10\/13\/lallarme-di-del-re-sul-polisportivo-la-di-medio-vuole-privatizzarlo\/","og_site_name":"Archivio CassanoWeb","article_publisher":"https:\/\/www.facebook.com\/redazione.cassanoweb","article_published_time":"2017-10-13T17:00:39+00:00","og_image":[{"width":320,"height":213,"url":"https:\/\/archiviocassano.lavocedelpaese.info\/wp-content\/uploads\/2017\/10\/Davide_Del_Re_piccola.jpg","type":"image\/jpeg"}],"author":"admin","twitter_card":"summary_large_image","twitter_misc":{"Scritto da":"admin","Tempo di lettura stimato":"2 minuti"},"schema":{"@context":"https:\/\/schema.org","@graph":[{"@type":"Article","@id":"https:\/\/archiviocassano.lavocedelpaese.info\/index.php\/2017\/10\/13\/lallarme-di-del-re-sul-polisportivo-la-di-medio-vuole-privatizzarlo\/#article","isPartOf":{"@id":"https:\/\/archiviocassano.lavocedelpaese.info\/index.php\/2017\/10\/13\/lallarme-di-del-re-sul-polisportivo-la-di-medio-vuole-privatizzarlo\/"},"author":{"name":"admin","@id":"https:\/\/archiviocassano.lavocedelpaese.info\/#\/schema\/person\/df195bc79a9b4c35127cf005f92e041b"},"headline":"Polisportivo, Del Re: la Di Medio vuole privatizzarlo","datePublished":"2017-10-13T17:00:39+00:00","mainEntityOfPage":{"@id":"https:\/\/archiviocassano.lavocedelpaese.info\/index.php\/2017\/10\/13\/lallarme-di-del-re-sul-polisportivo-la-di-medio-vuole-privatizzarlo\/"},"wordCount":403,"commentCount":0,"publisher":{"@id":"https:\/\/archiviocassano.lavocedelpaese.info\/#organization"},"image":{"@id":"https:\/\/archiviocassano.lavocedelpaese.info\/index.php\/2017\/10\/13\/lallarme-di-del-re-sul-polisportivo-la-di-medio-vuole-privatizzarlo\/#primaryimage"},"thumbnailUrl":"https:\/\/archiviocassano.lavocedelpaese.info\/wp-content\/uploads\/2017\/10\/Davide_Del_Re_piccola.jpg","articleSection":["Politica"],"inLanguage":"it-IT","potentialAction":[{"@type":"CommentAction","name":"Comment","target":["https:\/\/archiviocassano.lavocedelpaese.info\/index.php\/2017\/10\/13\/lallarme-di-del-re-sul-polisportivo-la-di-medio-vuole-privatizzarlo\/#respond"]}]},{"@type":"WebPage","@id":"https:\/\/archiviocassano.lavocedelpaese.info\/index.php\/2017\/10\/13\/lallarme-di-del-re-sul-polisportivo-la-di-medio-vuole-privatizzarlo\/","url":"https:\/\/archiviocassano.lavocedelpaese.info\/index.php\/2017\/10\/13\/lallarme-di-del-re-sul-polisportivo-la-di-medio-vuole-privatizzarlo\/","name":"Polisportivo, Del Re: la Di Medio vuole privatizzarlo - Archivio CassanoWeb","isPartOf":{"@id":"https:\/\/archiviocassano.lavocedelpaese.info\/#website"},"primaryImageOfPage":{"@id":"https:\/\/archiviocassano.lavocedelpaese.info\/index.php\/2017\/10\/13\/lallarme-di-del-re-sul-polisportivo-la-di-medio-vuole-privatizzarlo\/#primaryimage"},"image":{"@id":"https:\/\/archiviocassano.lavocedelpaese.info\/index.php\/2017\/10\/13\/lallarme-di-del-re-sul-polisportivo-la-di-medio-vuole-privatizzarlo\/#primaryimage"},"thumbnailUrl":"https:\/\/archiviocassano.lavocedelpaese.info\/wp-content\/uploads\/2017\/10\/Davide_Del_Re_piccola.jpg","datePublished":"2017-10-13T17:00:39+00:00","breadcrumb":{"@id":"https:\/\/archiviocassano.lavocedelpaese.info\/index.php\/2017\/10\/13\/lallarme-di-del-re-sul-polisportivo-la-di-medio-vuole-privatizzarlo\/#breadcrumb"},"inLanguage":"it-IT","potentialAction":[{"@type":"ReadAction","target":["https:\/\/archiviocassano.lavocedelpaese.info\/index.php\/2017\/10\/13\/lallarme-di-del-re-sul-polisportivo-la-di-medio-vuole-privatizzarlo\/"]}]},{"@type":"ImageObject","inLanguage":"it-IT","@id":"https:\/\/archiviocassano.lavocedelpaese.info\/index.php\/2017\/10\/13\/lallarme-di-del-re-sul-polisportivo-la-di-medio-vuole-privatizzarlo\/#primaryimage","url":"https:\/\/archiviocassano.lavocedelpaese.info\/wp-content\/uploads\/2017\/10\/Davide_Del_Re_piccola.jpg","contentUrl":"https:\/\/archiviocassano.lavocedelpaese.info\/wp-content\/uploads\/2017\/10\/Davide_Del_Re_piccola.jpg","width":320,"height":213,"caption":"Davide Del Re piccola"},{"@type":"BreadcrumbList","@id":"https:\/\/archiviocassano.lavocedelpaese.info\/index.php\/2017\/10\/13\/lallarme-di-del-re-sul-polisportivo-la-di-medio-vuole-privatizzarlo\/#breadcrumb","itemListElement":[{"@type":"ListItem","position":1,"name":"Home","item":"https:\/\/archiviocassano.lavocedelpaese.info\/"},{"@type":"ListItem","position":2,"name":"Polisportivo, Del Re: la Di Medio vuole privatizzarlo"}]},{"@type":"WebSite","@id":"https:\/\/archiviocassano.lavocedelpaese.info\/#website","url":"https:\/\/archiviocassano.lavocedelpaese.info\/","name":"Archivio CassanoWeb","description":"La Voce del Paese - un network di idee","publisher":{"@id":"https:\/\/archiviocassano.lavocedelpaese.info\/#organization"},"potentialAction":[{"@type":"SearchAction","target":{"@type":"EntryPoint","urlTemplate":"https:\/\/archiviocassano.lavocedelpaese.info\/?s={search_term_string}"},"query-input":{"@type":"PropertyValueSpecification","valueRequired":true,"valueName":"search_term_string"}}],"inLanguage":"it-IT"},{"@type":"Organization","@id":"https:\/\/archiviocassano.lavocedelpaese.info\/#organization","name":"Archivio CassanoWeb","url":"https:\/\/archiviocassano.lavocedelpaese.info\/","logo":{"@type":"ImageObject","inLanguage":"it-IT","@id":"https:\/\/archiviocassano.lavocedelpaese.info\/#\/schema\/logo\/image\/","url":"https:\/\/archiviocassano.lavocedelpaese.info\/wp-content\/uploads\/2024\/08\/logo-rosso-2.png","contentUrl":"https:\/\/archiviocassano.lavocedelpaese.info\/wp-content\/uploads\/2024\/08\/logo-rosso-2.png","width":491,"height":432,"caption":"Archivio CassanoWeb"},"image":{"@id":"https:\/\/archiviocassano.lavocedelpaese.info\/#\/schema\/logo\/image\/"},"sameAs":["https:\/\/www.facebook.com\/redazione.cassanoweb"]},{"@type":"Person","@id":"https:\/\/archiviocassano.lavocedelpaese.info\/#\/schema\/person\/df195bc79a9b4c35127cf005f92e041b","name":"admin","image":{"@type":"ImageObject","inLanguage":"it-IT","@id":"https:\/\/secure.gravatar.com\/avatar\/eabba89a432e8eaa1b0207cc55f7e5340b22712b1ed80677efcf63e02ff5b235?s=96&d=mm&r=g","url":"https:\/\/secure.gravatar.com\/avatar\/eabba89a432e8eaa1b0207cc55f7e5340b22712b1ed80677efcf63e02ff5b235?s=96&d=mm&r=g","contentUrl":"https:\/\/secure.gravatar.com\/avatar\/eabba89a432e8eaa1b0207cc55f7e5340b22712b1ed80677efcf63e02ff5b235?s=96&d=mm&r=g","caption":"admin"},"sameAs":["https:\/\/archiviocassano.lavocedelpaese.info"],"url":"https:\/\/archiviocassano.lavocedelpaese.info\/index.php\/author\/admin_0qgz1xdp\/"}]}},"_links":{"self":[{"href":"https:\/\/archiviocassano.lavocedelpaese.info\/index.php\/wp-json\/wp\/v2\/posts\/14817","targetHints":{"allow":["GET"]}}],"collection":[{"href":"https:\/\/archiviocassano.lavocedelpaese.info\/index.php\/wp-json\/wp\/v2\/posts"}],"about":[{"href":"https:\/\/archiviocassano.lavocedelpaese.info\/index.php\/wp-json\/wp\/v2\/types\/post"}],"author":[{"embeddable":true,"href":"https:\/\/archiviocassano.lavocedelpaese.info\/index.php\/wp-json\/wp\/v2\/users\/1"}],"replies":[{"embeddable":true,"href":"https:\/\/archiviocassano.lavocedelpaese.info\/index.php\/wp-json\/wp\/v2\/comments?post=14817"}],"version-history":[{"count":0,"href":"https:\/\/archiviocassano.lavocedelpaese.info\/index.php\/wp-json\/wp\/v2\/posts\/14817\/revisions"}],"wp:featuredmedia":[{"embeddable":true,"href":"https:\/\/archiviocassano.lavocedelpaese.info\/index.php\/wp-json\/wp\/v2\/media\/14816"}],"wp:attachment":[{"href":"https:\/\/archiviocassano.lavocedelpaese.info\/index.php\/wp-json\/wp\/v2\/media?parent=14817"}],"wp:term":[{"taxonomy":"category","embeddable":true,"href":"https:\/\/archiviocassano.lavocedelpaese.info\/index.php\/wp-json\/wp\/v2\/categories?post=14817"},{"taxonomy":"post_tag","embeddable":true,"href":"https:\/\/archiviocassano.lavocedelpaese.info\/index.php\/wp-json\/wp\/v2\/tags?post=14817"}],"curies":[{"name":"wp","href":"https:\/\/api.w.org\/{rel}","templated":true}]}}