{"id":14871,"date":"2017-10-26T05:40:13","date_gmt":"2017-10-26T05:40:13","guid":{"rendered":"https:\/\/archiviocassano.lavocedelpaese.info\/index.php\/2017\/10\/26\/qprimavera-cassanoq-incontra-i-cittadini-in-sala-consiliare\/"},"modified":"2017-10-26T05:40:13","modified_gmt":"2017-10-26T05:40:13","slug":"qprimavera-cassanoq-incontra-i-cittadini-in-sala-consiliare","status":"publish","type":"post","link":"https:\/\/archiviocassano.lavocedelpaese.info\/index.php\/2017\/10\/26\/qprimavera-cassanoq-incontra-i-cittadini-in-sala-consiliare\/","title":{"rendered":"&#8220;PrimaVera Cassano&#8221; incontra stasera i cittadini in sala consiliare"},"content":{"rendered":"<p><img loading=\"lazy\" decoding=\"async\" class=\" size-full wp-image-14870\" src=\"https:\/\/archiviocassano.lavocedelpaese.info\/wp-content\/uploads\/2017\/10\/incontro_26_ottobre.jpg\" width=\"320\" height=\"150\" alt=\"incontro 26 ottobre\" style=\"margin-right: 2px; margin-left: 2px;\" \/><\/p>\n<p><!--more--><\/p>\n<p style=\"text-align: justify;\"><strong>Gioved\u00ec 26 ottobre, alle ore 18:30, presso la Sala Consiliare di piazza Rossani,<\/strong> il gruppo PrimaVera Cassano terr\u00e0 un incontro pubblico con i cittadini per dare resoconto dei primi quattro mesi di attivit\u00e0 e aprire un dibattito sulle iniziative messe in campo dalla lista civica. Dare voce ai cassanesi \u00e8 la parola d&#8217;ordine.<\/p>\n<p style=\"text-align: justify;\">&#8220;Sono tanti coloro che si rivolgono ai consiglieri comunali della lista Primavera per sottoporre questioni critiche, vere &#8220;grida di allarme&#8221; secondo le parole del capogruppo Santorsola, o anche richiami ad una maggiore attenzione per la cosa pubblica.<\/p>\n<p style=\"text-align: justify;\">PrimaVera Cassano vuole dunque mettere il microfono nelle mani della cittadinanza per raccoglierne le istanze e riportarle in Consiglio comunale Al centro del dibattito anche il Centro Medico, su cui si sono aperte nuove prospettive da quando la comunit\u00e0 ha ottenuto il parere favorevole della Regione Puglia per procedere alla ristrutturazione e all\u2019ampliamento.<\/p>\n<p style=\"text-align: justify;\">&#8220;Non eravamo dei visionari quando in campagna elettorale dicevamo che esistevano i presupposti reali per salvare quest\u2019ultimo fiore all\u2019occhiello che forse ci resta a Cassano- dice Santorsola.<\/p>\n<p style=\"text-align: justify;\">&#8220;L&#8217;attuale amministrazione defin\u00ec la nostra una battaglia contro i mulini a vento &#8211; sottolinea il consigliere Venezia &#8211; Ora siamo noi che attendiamo dal Sindaco Di Medio risposte immediate, insieme a tutta la comunit\u00e0 cassanese e ai dipendenti della struttura&#8221;.<\/p>\n<p style=\"text-align: justify;\">&#8220;Ci mettiamo a disposizione per svegliare chi dorme su temi importanti quali la sicurezza, la viabilit\u00e0, le scuole, la cultura, l\u2019immigrazione, i borghi, temi importanti che dopo la campagna elettorale sono stati dimenticati- prosegue Santorsola- E vogliamo spiegare a tutti perch\u00e9 siamo stati contrari all&#8217;abbattimento del Garden Village, un\u2019area che contiene 68 villini nella zona appena a ridosso della foresta Mercadante.<\/p>\n<p style=\"text-align: justify;\">Invitiamo tutti i cittadini a partecipare e far sentire la propria voce, consapevoli che due consiglieri di minoranza non possono prendere decisioni che spettano al governo cittadino, ma che possono ben rappresentare lo scontento che serpeggia in citt\u00e0 gi\u00e0 a pochi mesi dalla conclusione delle amministrative&#8221;.<\/p>\n<p style=\"text-align: justify;\">Appuntamento per tutti, dunque, 26 ottobre alle 18,30 presso la Sala Consiliare cassanese.<\/p>\n<p>.<a href=\"https:\/\/www.facebook.com\/events\/154159201851043\/?fref=ts\">https:\/\/www.facebook.com\/events\/154159201851043\/?fref=ts<\/a><\/p>\n","protected":false},"excerpt":{"rendered":"","protected":false},"author":1,"featured_media":14870,"comment_status":"open","ping_status":"closed","sticky":false,"template":"","format":"standard","meta":{"colormag_page_container_layout":"default_layout","colormag_page_sidebar_layout":"default_layout","footnotes":""},"categories":[4],"tags":[],"class_list":["post-14871","post","type-post","status-publish","format-standard","has-post-thumbnail","hentry","category-politica"],"yoast_head":"<!-- This site is optimized with the Yoast SEO plugin v27.5 - https:\/\/yoast.com\/product\/yoast-seo-wordpress\/ -->\n<title>&quot;PrimaVera Cassano&quot; incontra stasera i cittadini in sala consiliare - Archivio CassanoWeb<\/title>\n<meta name=\"robots\" content=\"index, follow, max-snippet:-1, max-image-preview:large, max-video-preview:-1\" \/>\n<link rel=\"canonical\" href=\"https:\/\/archiviocassano.lavocedelpaese.info\/index.php\/2017\/10\/26\/qprimavera-cassanoq-incontra-i-cittadini-in-sala-consiliare\/\" \/>\n<meta property=\"og:locale\" content=\"it_IT\" \/>\n<meta property=\"og:type\" content=\"article\" \/>\n<meta property=\"og:title\" content=\"&quot;PrimaVera Cassano&quot; incontra stasera i cittadini in sala consiliare - Archivio CassanoWeb\" \/>\n<meta property=\"og:url\" content=\"https:\/\/archiviocassano.lavocedelpaese.info\/index.php\/2017\/10\/26\/qprimavera-cassanoq-incontra-i-cittadini-in-sala-consiliare\/\" \/>\n<meta property=\"og:site_name\" content=\"Archivio CassanoWeb\" \/>\n<meta property=\"article:publisher\" content=\"https:\/\/www.facebook.com\/redazione.cassanoweb\" \/>\n<meta property=\"article:published_time\" content=\"2017-10-26T05:40:13+00:00\" \/>\n<meta property=\"og:image\" content=\"https:\/\/archiviocassano.lavocedelpaese.info\/wp-content\/uploads\/2017\/10\/incontro_26_ottobre.jpg\" \/>\n\t<meta property=\"og:image:width\" content=\"960\" \/>\n\t<meta property=\"og:image:height\" content=\"371\" \/>\n\t<meta property=\"og:image:type\" content=\"image\/jpeg\" \/>\n<meta name=\"author\" content=\"admin\" \/>\n<meta name=\"twitter:card\" content=\"summary_large_image\" \/>\n<meta name=\"twitter:label1\" content=\"Scritto da\" \/>\n\t<meta name=\"twitter:data1\" content=\"admin\" \/>\n\t<meta name=\"twitter:label2\" content=\"Tempo di lettura stimato\" \/>\n\t<meta name=\"twitter:data2\" content=\"2 minuti\" \/>\n<script type=\"application\/ld+json\" class=\"yoast-schema-graph\">{\"@context\":\"https:\\\/\\\/schema.org\",\"@graph\":[{\"@type\":\"Article\",\"@id\":\"https:\\\/\\\/archiviocassano.lavocedelpaese.info\\\/index.php\\\/2017\\\/10\\\/26\\\/qprimavera-cassanoq-incontra-i-cittadini-in-sala-consiliare\\\/#article\",\"isPartOf\":{\"@id\":\"https:\\\/\\\/archiviocassano.lavocedelpaese.info\\\/index.php\\\/2017\\\/10\\\/26\\\/qprimavera-cassanoq-incontra-i-cittadini-in-sala-consiliare\\\/\"},\"author\":{\"name\":\"admin\",\"@id\":\"https:\\\/\\\/archiviocassano.lavocedelpaese.info\\\/#\\\/schema\\\/person\\\/df195bc79a9b4c35127cf005f92e041b\"},\"headline\":\"&#8220;PrimaVera Cassano&#8221; incontra stasera i cittadini in sala consiliare\",\"datePublished\":\"2017-10-26T05:40:13+00:00\",\"mainEntityOfPage\":{\"@id\":\"https:\\\/\\\/archiviocassano.lavocedelpaese.info\\\/index.php\\\/2017\\\/10\\\/26\\\/qprimavera-cassanoq-incontra-i-cittadini-in-sala-consiliare\\\/\"},\"wordCount\":348,\"commentCount\":0,\"publisher\":{\"@id\":\"https:\\\/\\\/archiviocassano.lavocedelpaese.info\\\/#organization\"},\"image\":{\"@id\":\"https:\\\/\\\/archiviocassano.lavocedelpaese.info\\\/index.php\\\/2017\\\/10\\\/26\\\/qprimavera-cassanoq-incontra-i-cittadini-in-sala-consiliare\\\/#primaryimage\"},\"thumbnailUrl\":\"https:\\\/\\\/archiviocassano.lavocedelpaese.info\\\/wp-content\\\/uploads\\\/2017\\\/10\\\/incontro_26_ottobre.jpg\",\"articleSection\":[\"Politica\"],\"inLanguage\":\"it-IT\",\"potentialAction\":[{\"@type\":\"CommentAction\",\"name\":\"Comment\",\"target\":[\"https:\\\/\\\/archiviocassano.lavocedelpaese.info\\\/index.php\\\/2017\\\/10\\\/26\\\/qprimavera-cassanoq-incontra-i-cittadini-in-sala-consiliare\\\/#respond\"]}]},{\"@type\":\"WebPage\",\"@id\":\"https:\\\/\\\/archiviocassano.lavocedelpaese.info\\\/index.php\\\/2017\\\/10\\\/26\\\/qprimavera-cassanoq-incontra-i-cittadini-in-sala-consiliare\\\/\",\"url\":\"https:\\\/\\\/archiviocassano.lavocedelpaese.info\\\/index.php\\\/2017\\\/10\\\/26\\\/qprimavera-cassanoq-incontra-i-cittadini-in-sala-consiliare\\\/\",\"name\":\"\\\"PrimaVera Cassano\\\" incontra stasera i cittadini in sala consiliare - Archivio CassanoWeb\",\"isPartOf\":{\"@id\":\"https:\\\/\\\/archiviocassano.lavocedelpaese.info\\\/#website\"},\"primaryImageOfPage\":{\"@id\":\"https:\\\/\\\/archiviocassano.lavocedelpaese.info\\\/index.php\\\/2017\\\/10\\\/26\\\/qprimavera-cassanoq-incontra-i-cittadini-in-sala-consiliare\\\/#primaryimage\"},\"image\":{\"@id\":\"https:\\\/\\\/archiviocassano.lavocedelpaese.info\\\/index.php\\\/2017\\\/10\\\/26\\\/qprimavera-cassanoq-incontra-i-cittadini-in-sala-consiliare\\\/#primaryimage\"},\"thumbnailUrl\":\"https:\\\/\\\/archiviocassano.lavocedelpaese.info\\\/wp-content\\\/uploads\\\/2017\\\/10\\\/incontro_26_ottobre.jpg\",\"datePublished\":\"2017-10-26T05:40:13+00:00\",\"breadcrumb\":{\"@id\":\"https:\\\/\\\/archiviocassano.lavocedelpaese.info\\\/index.php\\\/2017\\\/10\\\/26\\\/qprimavera-cassanoq-incontra-i-cittadini-in-sala-consiliare\\\/#breadcrumb\"},\"inLanguage\":\"it-IT\",\"potentialAction\":[{\"@type\":\"ReadAction\",\"target\":[\"https:\\\/\\\/archiviocassano.lavocedelpaese.info\\\/index.php\\\/2017\\\/10\\\/26\\\/qprimavera-cassanoq-incontra-i-cittadini-in-sala-consiliare\\\/\"]}]},{\"@type\":\"ImageObject\",\"inLanguage\":\"it-IT\",\"@id\":\"https:\\\/\\\/archiviocassano.lavocedelpaese.info\\\/index.php\\\/2017\\\/10\\\/26\\\/qprimavera-cassanoq-incontra-i-cittadini-in-sala-consiliare\\\/#primaryimage\",\"url\":\"https:\\\/\\\/archiviocassano.lavocedelpaese.info\\\/wp-content\\\/uploads\\\/2017\\\/10\\\/incontro_26_ottobre.jpg\",\"contentUrl\":\"https:\\\/\\\/archiviocassano.lavocedelpaese.info\\\/wp-content\\\/uploads\\\/2017\\\/10\\\/incontro_26_ottobre.jpg\",\"width\":960,\"height\":371,\"caption\":\"incontro 26 ottobre\"},{\"@type\":\"BreadcrumbList\",\"@id\":\"https:\\\/\\\/archiviocassano.lavocedelpaese.info\\\/index.php\\\/2017\\\/10\\\/26\\\/qprimavera-cassanoq-incontra-i-cittadini-in-sala-consiliare\\\/#breadcrumb\",\"itemListElement\":[{\"@type\":\"ListItem\",\"position\":1,\"name\":\"Home\",\"item\":\"https:\\\/\\\/archiviocassano.lavocedelpaese.info\\\/\"},{\"@type\":\"ListItem\",\"position\":2,\"name\":\"&#8220;PrimaVera Cassano&#8221; incontra stasera i cittadini in sala consiliare\"}]},{\"@type\":\"WebSite\",\"@id\":\"https:\\\/\\\/archiviocassano.lavocedelpaese.info\\\/#website\",\"url\":\"https:\\\/\\\/archiviocassano.lavocedelpaese.info\\\/\",\"name\":\"Archivio CassanoWeb\",\"description\":\"La Voce del Paese - un network di idee\",\"publisher\":{\"@id\":\"https:\\\/\\\/archiviocassano.lavocedelpaese.info\\\/#organization\"},\"potentialAction\":[{\"@type\":\"SearchAction\",\"target\":{\"@type\":\"EntryPoint\",\"urlTemplate\":\"https:\\\/\\\/archiviocassano.lavocedelpaese.info\\\/?s={search_term_string}\"},\"query-input\":{\"@type\":\"PropertyValueSpecification\",\"valueRequired\":true,\"valueName\":\"search_term_string\"}}],\"inLanguage\":\"it-IT\"},{\"@type\":\"Organization\",\"@id\":\"https:\\\/\\\/archiviocassano.lavocedelpaese.info\\\/#organization\",\"name\":\"Archivio CassanoWeb\",\"url\":\"https:\\\/\\\/archiviocassano.lavocedelpaese.info\\\/\",\"logo\":{\"@type\":\"ImageObject\",\"inLanguage\":\"it-IT\",\"@id\":\"https:\\\/\\\/archiviocassano.lavocedelpaese.info\\\/#\\\/schema\\\/logo\\\/image\\\/\",\"url\":\"https:\\\/\\\/archiviocassano.lavocedelpaese.info\\\/wp-content\\\/uploads\\\/2024\\\/08\\\/logo-rosso-2.png\",\"contentUrl\":\"https:\\\/\\\/archiviocassano.lavocedelpaese.info\\\/wp-content\\\/uploads\\\/2024\\\/08\\\/logo-rosso-2.png\",\"width\":491,\"height\":432,\"caption\":\"Archivio CassanoWeb\"},\"image\":{\"@id\":\"https:\\\/\\\/archiviocassano.lavocedelpaese.info\\\/#\\\/schema\\\/logo\\\/image\\\/\"},\"sameAs\":[\"https:\\\/\\\/www.facebook.com\\\/redazione.cassanoweb\"]},{\"@type\":\"Person\",\"@id\":\"https:\\\/\\\/archiviocassano.lavocedelpaese.info\\\/#\\\/schema\\\/person\\\/df195bc79a9b4c35127cf005f92e041b\",\"name\":\"admin\",\"image\":{\"@type\":\"ImageObject\",\"inLanguage\":\"it-IT\",\"@id\":\"https:\\\/\\\/secure.gravatar.com\\\/avatar\\\/eabba89a432e8eaa1b0207cc55f7e5340b22712b1ed80677efcf63e02ff5b235?s=96&d=mm&r=g\",\"url\":\"https:\\\/\\\/secure.gravatar.com\\\/avatar\\\/eabba89a432e8eaa1b0207cc55f7e5340b22712b1ed80677efcf63e02ff5b235?s=96&d=mm&r=g\",\"contentUrl\":\"https:\\\/\\\/secure.gravatar.com\\\/avatar\\\/eabba89a432e8eaa1b0207cc55f7e5340b22712b1ed80677efcf63e02ff5b235?s=96&d=mm&r=g\",\"caption\":\"admin\"},\"sameAs\":[\"https:\\\/\\\/archiviocassano.lavocedelpaese.info\"],\"url\":\"https:\\\/\\\/archiviocassano.lavocedelpaese.info\\\/index.php\\\/author\\\/admin_0qgz1xdp\\\/\"}]}<\/script>\n<!-- \/ Yoast SEO plugin. -->","yoast_head_json":{"title":"\"PrimaVera Cassano\" incontra stasera i cittadini in sala consiliare - Archivio CassanoWeb","robots":{"index":"index","follow":"follow","max-snippet":"max-snippet:-1","max-image-preview":"max-image-preview:large","max-video-preview":"max-video-preview:-1"},"canonical":"https:\/\/archiviocassano.lavocedelpaese.info\/index.php\/2017\/10\/26\/qprimavera-cassanoq-incontra-i-cittadini-in-sala-consiliare\/","og_locale":"it_IT","og_type":"article","og_title":"\"PrimaVera Cassano\" incontra stasera i cittadini in sala consiliare - Archivio CassanoWeb","og_url":"https:\/\/archiviocassano.lavocedelpaese.info\/index.php\/2017\/10\/26\/qprimavera-cassanoq-incontra-i-cittadini-in-sala-consiliare\/","og_site_name":"Archivio CassanoWeb","article_publisher":"https:\/\/www.facebook.com\/redazione.cassanoweb","article_published_time":"2017-10-26T05:40:13+00:00","og_image":[{"width":960,"height":371,"url":"https:\/\/archiviocassano.lavocedelpaese.info\/wp-content\/uploads\/2017\/10\/incontro_26_ottobre.jpg","type":"image\/jpeg"}],"author":"admin","twitter_card":"summary_large_image","twitter_misc":{"Scritto da":"admin","Tempo di lettura stimato":"2 minuti"},"schema":{"@context":"https:\/\/schema.org","@graph":[{"@type":"Article","@id":"https:\/\/archiviocassano.lavocedelpaese.info\/index.php\/2017\/10\/26\/qprimavera-cassanoq-incontra-i-cittadini-in-sala-consiliare\/#article","isPartOf":{"@id":"https:\/\/archiviocassano.lavocedelpaese.info\/index.php\/2017\/10\/26\/qprimavera-cassanoq-incontra-i-cittadini-in-sala-consiliare\/"},"author":{"name":"admin","@id":"https:\/\/archiviocassano.lavocedelpaese.info\/#\/schema\/person\/df195bc79a9b4c35127cf005f92e041b"},"headline":"&#8220;PrimaVera Cassano&#8221; incontra stasera i cittadini in sala consiliare","datePublished":"2017-10-26T05:40:13+00:00","mainEntityOfPage":{"@id":"https:\/\/archiviocassano.lavocedelpaese.info\/index.php\/2017\/10\/26\/qprimavera-cassanoq-incontra-i-cittadini-in-sala-consiliare\/"},"wordCount":348,"commentCount":0,"publisher":{"@id":"https:\/\/archiviocassano.lavocedelpaese.info\/#organization"},"image":{"@id":"https:\/\/archiviocassano.lavocedelpaese.info\/index.php\/2017\/10\/26\/qprimavera-cassanoq-incontra-i-cittadini-in-sala-consiliare\/#primaryimage"},"thumbnailUrl":"https:\/\/archiviocassano.lavocedelpaese.info\/wp-content\/uploads\/2017\/10\/incontro_26_ottobre.jpg","articleSection":["Politica"],"inLanguage":"it-IT","potentialAction":[{"@type":"CommentAction","name":"Comment","target":["https:\/\/archiviocassano.lavocedelpaese.info\/index.php\/2017\/10\/26\/qprimavera-cassanoq-incontra-i-cittadini-in-sala-consiliare\/#respond"]}]},{"@type":"WebPage","@id":"https:\/\/archiviocassano.lavocedelpaese.info\/index.php\/2017\/10\/26\/qprimavera-cassanoq-incontra-i-cittadini-in-sala-consiliare\/","url":"https:\/\/archiviocassano.lavocedelpaese.info\/index.php\/2017\/10\/26\/qprimavera-cassanoq-incontra-i-cittadini-in-sala-consiliare\/","name":"\"PrimaVera Cassano\" incontra stasera i cittadini in sala consiliare - Archivio CassanoWeb","isPartOf":{"@id":"https:\/\/archiviocassano.lavocedelpaese.info\/#website"},"primaryImageOfPage":{"@id":"https:\/\/archiviocassano.lavocedelpaese.info\/index.php\/2017\/10\/26\/qprimavera-cassanoq-incontra-i-cittadini-in-sala-consiliare\/#primaryimage"},"image":{"@id":"https:\/\/archiviocassano.lavocedelpaese.info\/index.php\/2017\/10\/26\/qprimavera-cassanoq-incontra-i-cittadini-in-sala-consiliare\/#primaryimage"},"thumbnailUrl":"https:\/\/archiviocassano.lavocedelpaese.info\/wp-content\/uploads\/2017\/10\/incontro_26_ottobre.jpg","datePublished":"2017-10-26T05:40:13+00:00","breadcrumb":{"@id":"https:\/\/archiviocassano.lavocedelpaese.info\/index.php\/2017\/10\/26\/qprimavera-cassanoq-incontra-i-cittadini-in-sala-consiliare\/#breadcrumb"},"inLanguage":"it-IT","potentialAction":[{"@type":"ReadAction","target":["https:\/\/archiviocassano.lavocedelpaese.info\/index.php\/2017\/10\/26\/qprimavera-cassanoq-incontra-i-cittadini-in-sala-consiliare\/"]}]},{"@type":"ImageObject","inLanguage":"it-IT","@id":"https:\/\/archiviocassano.lavocedelpaese.info\/index.php\/2017\/10\/26\/qprimavera-cassanoq-incontra-i-cittadini-in-sala-consiliare\/#primaryimage","url":"https:\/\/archiviocassano.lavocedelpaese.info\/wp-content\/uploads\/2017\/10\/incontro_26_ottobre.jpg","contentUrl":"https:\/\/archiviocassano.lavocedelpaese.info\/wp-content\/uploads\/2017\/10\/incontro_26_ottobre.jpg","width":960,"height":371,"caption":"incontro 26 ottobre"},{"@type":"BreadcrumbList","@id":"https:\/\/archiviocassano.lavocedelpaese.info\/index.php\/2017\/10\/26\/qprimavera-cassanoq-incontra-i-cittadini-in-sala-consiliare\/#breadcrumb","itemListElement":[{"@type":"ListItem","position":1,"name":"Home","item":"https:\/\/archiviocassano.lavocedelpaese.info\/"},{"@type":"ListItem","position":2,"name":"&#8220;PrimaVera Cassano&#8221; incontra stasera i cittadini in sala consiliare"}]},{"@type":"WebSite","@id":"https:\/\/archiviocassano.lavocedelpaese.info\/#website","url":"https:\/\/archiviocassano.lavocedelpaese.info\/","name":"Archivio CassanoWeb","description":"La Voce del Paese - un network di idee","publisher":{"@id":"https:\/\/archiviocassano.lavocedelpaese.info\/#organization"},"potentialAction":[{"@type":"SearchAction","target":{"@type":"EntryPoint","urlTemplate":"https:\/\/archiviocassano.lavocedelpaese.info\/?s={search_term_string}"},"query-input":{"@type":"PropertyValueSpecification","valueRequired":true,"valueName":"search_term_string"}}],"inLanguage":"it-IT"},{"@type":"Organization","@id":"https:\/\/archiviocassano.lavocedelpaese.info\/#organization","name":"Archivio CassanoWeb","url":"https:\/\/archiviocassano.lavocedelpaese.info\/","logo":{"@type":"ImageObject","inLanguage":"it-IT","@id":"https:\/\/archiviocassano.lavocedelpaese.info\/#\/schema\/logo\/image\/","url":"https:\/\/archiviocassano.lavocedelpaese.info\/wp-content\/uploads\/2024\/08\/logo-rosso-2.png","contentUrl":"https:\/\/archiviocassano.lavocedelpaese.info\/wp-content\/uploads\/2024\/08\/logo-rosso-2.png","width":491,"height":432,"caption":"Archivio CassanoWeb"},"image":{"@id":"https:\/\/archiviocassano.lavocedelpaese.info\/#\/schema\/logo\/image\/"},"sameAs":["https:\/\/www.facebook.com\/redazione.cassanoweb"]},{"@type":"Person","@id":"https:\/\/archiviocassano.lavocedelpaese.info\/#\/schema\/person\/df195bc79a9b4c35127cf005f92e041b","name":"admin","image":{"@type":"ImageObject","inLanguage":"it-IT","@id":"https:\/\/secure.gravatar.com\/avatar\/eabba89a432e8eaa1b0207cc55f7e5340b22712b1ed80677efcf63e02ff5b235?s=96&d=mm&r=g","url":"https:\/\/secure.gravatar.com\/avatar\/eabba89a432e8eaa1b0207cc55f7e5340b22712b1ed80677efcf63e02ff5b235?s=96&d=mm&r=g","contentUrl":"https:\/\/secure.gravatar.com\/avatar\/eabba89a432e8eaa1b0207cc55f7e5340b22712b1ed80677efcf63e02ff5b235?s=96&d=mm&r=g","caption":"admin"},"sameAs":["https:\/\/archiviocassano.lavocedelpaese.info"],"url":"https:\/\/archiviocassano.lavocedelpaese.info\/index.php\/author\/admin_0qgz1xdp\/"}]}},"_links":{"self":[{"href":"https:\/\/archiviocassano.lavocedelpaese.info\/index.php\/wp-json\/wp\/v2\/posts\/14871","targetHints":{"allow":["GET"]}}],"collection":[{"href":"https:\/\/archiviocassano.lavocedelpaese.info\/index.php\/wp-json\/wp\/v2\/posts"}],"about":[{"href":"https:\/\/archiviocassano.lavocedelpaese.info\/index.php\/wp-json\/wp\/v2\/types\/post"}],"author":[{"embeddable":true,"href":"https:\/\/archiviocassano.lavocedelpaese.info\/index.php\/wp-json\/wp\/v2\/users\/1"}],"replies":[{"embeddable":true,"href":"https:\/\/archiviocassano.lavocedelpaese.info\/index.php\/wp-json\/wp\/v2\/comments?post=14871"}],"version-history":[{"count":0,"href":"https:\/\/archiviocassano.lavocedelpaese.info\/index.php\/wp-json\/wp\/v2\/posts\/14871\/revisions"}],"wp:featuredmedia":[{"embeddable":true,"href":"https:\/\/archiviocassano.lavocedelpaese.info\/index.php\/wp-json\/wp\/v2\/media\/14870"}],"wp:attachment":[{"href":"https:\/\/archiviocassano.lavocedelpaese.info\/index.php\/wp-json\/wp\/v2\/media?parent=14871"}],"wp:term":[{"taxonomy":"category","embeddable":true,"href":"https:\/\/archiviocassano.lavocedelpaese.info\/index.php\/wp-json\/wp\/v2\/categories?post=14871"},{"taxonomy":"post_tag","embeddable":true,"href":"https:\/\/archiviocassano.lavocedelpaese.info\/index.php\/wp-json\/wp\/v2\/tags?post=14871"}],"curies":[{"name":"wp","href":"https:\/\/api.w.org\/{rel}","templated":true}]}}