{"id":1489,"date":"2010-05-20T14:19:11","date_gmt":"2010-05-20T14:19:11","guid":{"rendered":"https:\/\/archiviocassano.lavocedelpaese.info\/index.php\/2010\/05\/20\/quarta-race-for-the-cure-per-combattere-il-cancro\/"},"modified":"2010-05-20T14:19:11","modified_gmt":"2010-05-20T14:19:11","slug":"quarta-race-for-the-cure-per-combattere-il-cancro","status":"publish","type":"post","link":"https:\/\/archiviocassano.lavocedelpaese.info\/index.php\/2010\/05\/20\/quarta-race-for-the-cure-per-combattere-il-cancro\/","title":{"rendered":"QUARTA \u201cRACE FOR THE CURE\u201d PER COMBATTERE IL CANCRO"},"content":{"rendered":"<p><img loading=\"lazy\" decoding=\"async\" class=\" size-full wp-image-1488\" alt=\"susan-g-komen-italia-cerca-volontari_1\" src=\"https:\/\/archiviocassano.lavocedelpaese.info\/wp-content\/uploads\/2010\/05\/susan-g-komen-italia-cerca-volontari_1.jpg\" width=\"320\" height=\"150\" \/> <\/p>\n<p><!--more--><\/p>\n<p style=\"text-align: justify;\"><em>Fitness e Fit-check <\/em> in piazza Prefettura a Bari, per aprire il <strong>Villaggio Race<\/strong> a partire da <strong>venerd\u00ec 21 maggio (ore 15.00)<\/strong>: un week end all\u2019insegna della salute, dello sport e del benessere fa da cornice quest\u2019anno alla <strong><em>Race for the Cure <\/em><\/strong><em>\u2013 <strong>di corsa contro i tumori del seno<\/strong><\/em>, la tradizionale mini-maratona promossa dalla <strong>Susan G. Komen Italia<\/strong> e organizzata <strong>a Bari<\/strong> per il quarto anno consecutivo dal <strong>Comitato Regionale Puglia, <\/strong>presieduto dal <strong>Prof. Vincenzo Lattanzio<\/strong> ,<strong> <\/strong>direttore del SARIS, Servizio Autonomo di Radiologia ad Indirizzo Senologico del Policlinico di Bari.<\/p>\n<div style=\"text-align: justify;\"><\/div>\n<p style=\"text-align: justify;\"><em>\u201cPromuovere la salute attraverso una prevenzione costante\u201d<\/em> \u00e8 il messaggio rilanciato ogni volta con il Villaggio della Prevenzione e che ben si accorda con l\u2019idea di \u201c<em>promuovere il benessere attraverso un\u2019attivit\u00e0 fisica consapevole\u201d<\/em>, cui si ispira il ricco programma di attivit\u00e0 sportive in scaletta quest\u2019anno per animare il Villaggio.<\/p>\n<div style=\"text-align: justify;\"><\/div>\n<p style=\"text-align: justify;\">\u00c8 questa la <strong>novit\u00e0 <\/strong>della quarta edizione barese della <em>Race for the Cure,<\/em> per la quale sono scesi in campo operatori ed istruttori del centro <strong>Njlaya<\/strong> e di <strong>Villa Camilla<\/strong>, che effettueranno gratuitamente test per valutare il livello di fitness<em> <\/em>e svolgereanno un fitto programma di attivit\u00e0 sul palco con il coinvolgimento del pubblico (mini masterclass di walking, fitboxe e zumba).<\/p>\n<div style=\"text-align: justify;\"><\/div>\n<p style=\"text-align: justify;\">Punto di riferimento resta Piazza Prefettura, che <strong>domenica 23 maggio alle ore 9.30<\/strong> sar\u00e0 anche punto di partenza per la mini-maratona di 5 km e per la passeggiata di 2 km , alla quale ci si pu\u00f2 iscrivere con un contributo minimo di 8 euro, che d\u00e0 diritto alla maglietta ufficiale della manifestazione e alla borsa gara con gli omaggi degli sponsor. Previsti anche premi ad estrazione tra tutti i partecipanti alla gara, tra cui 2 biglietti aerei per gli Stati Uniti offerti da American Airlines, una crociera MSC e un weekend benessere presso le Terme di Margherita di Savoia.<\/p>\n<div style=\"text-align: justify;\"><\/div>\n<p style=\"text-align: justify;\">In prima fila, con maglietta e cappellino rosa, ci saranno come ogni anno, le \u201cDonne in rosa\u201d, a portare la testimonianza di come si possa combattere la malattia e confrontarsi con essa in modo aperto e sereno. Lo scorso anno furono in 500 su oltre <strong>8000 partecipanti<\/strong>: un record che si spera di superare nell\u2019edizione 2010.<\/p>\n<div style=\"text-align: justify;\"><\/div>\n<p style=\"text-align: justify;\">Esprimere solidariet\u00e0 a tutte le donne che affrontano il tumore del seno, raccogliere fondi e sensibilizzare l\u2019opinione pubblica sull\u2019importanza della prevenzione: questi gli obiettivi per cui \u00e8 nata la <em>Race for the Cure<\/em>. Sono infatti pi\u00f9 di 37.000 le donne che ogni anno scoprono di avere questa malattia e pi\u00f9 di 11.000 quelle che non ce la fanno a superarla, anche a causa del senso di smarrimento successivo alla diagnosi.<\/p>\n<div style=\"text-align: justify;\"><\/div>\n<p style=\"text-align: justify;\">Testimonial d\u2019eccezione della <em>Race for the cure<\/em> sono le attrici <strong>Maria Grazia Cucinotta<\/strong>, da sempre impegnata nella lotta ai tumori del seno al fianco della Komen Italia e <strong>Rosanna Banfi, <\/strong>dall\u2019anno scorso madrina delle \u201cDonne in rosa\u201d.<\/p>\n<div style=\"text-align: justify;\"><\/div>\n<p style=\"text-align: justify;\">Al pari degli anni scorsi, due grandi aziende come <strong>Johnson &amp; Johnson <\/strong>e <strong>Samsung <\/strong>hanno scelto di affiancare la Susan G. Komen Italia quali sponsor nazionali nelle edizioni di Roma, Bari, Bologna e Napoli. Numerosi gli\u00a0 sponsor locali, tra cui: <strong>Natuzzi, Banca Popolare di Bari, Fidanzia Sistemi, Gioco del Lotto,\u00a0 LUM, Ecoambiente<\/strong>, <strong>Terme di Margherita di Savoia, Sedit. <\/strong><\/p>\n<div style=\"text-align: justify;\"><\/div>\n<p style=\"text-align: justify;\"><strong>Neutrogena<\/strong> affiancher\u00e0 anche quest\u2019anno le \u201cDonne in Rosa\u201d, con <strong>Acqua Lete <\/strong>fornitore ufficiale e <strong>New Balance<\/strong> sponsor tecnico. \u00a0Media sponsor nazionali sono il <strong>Corriere dello Sport<\/strong> e il canale di Sky al femminile <strong>Hallmark Channel<\/strong>. L\u2019organizzazione tecnica \u00e8 a cura di <strong>ASD Bari Road Runners<\/strong>.<\/p>\n<div style=\"text-align: justify;\"><\/div>\n<p style=\"text-align: justify;\">La manifestazione si svolge sotto <strong>l\u2019Alto Patronato della<\/strong> <strong>Presidenza della Repubblica<\/strong> e con il patrocinio di: Ministero della Salute, Regione Puglia, Provincia e Comune di Bari, Coni, FIDAL, Croce Rossa Italiana, IPASVI, AIDDA, Arma dei Carabinieri, A. O. Policlinico di Bari, Universit\u00e0 degli Studi di Bari, Comitato Pari Opportunit\u00e0 Ordine degli Avvocati di Bari, Camera di Commercio di Bari, Fiera del Levante.<\/p>\n<div style=\"text-align: justify;\"><\/div>\n<p style=\"text-align: justify;\">Per conoscere i punti-iscrizione in Puglia e avere ulteriori informazioni \u00e8 possibile visitare il sito <strong><a href=\"http:\/\/www.raceforthecure.it\/\" target=\"_blank\" rel=\"noopener\">www.raceforthecure.it<\/a> <\/strong>o chiamare la Komen Italia allo <strong>080.5593622 <\/strong>oppure al <strong>346.0314796.<\/strong><\/p>\n","protected":false},"excerpt":{"rendered":"","protected":false},"author":1,"featured_media":1488,"comment_status":"open","ping_status":"closed","sticky":false,"template":"","format":"standard","meta":{"colormag_page_container_layout":"default_layout","colormag_page_sidebar_layout":"default_layout","footnotes":""},"categories":[5],"tags":[],"class_list":["post-1489","post","type-post","status-publish","format-standard","has-post-thumbnail","hentry","category-sport"],"yoast_head":"<!-- This site is optimized with the Yoast SEO plugin v27.5 - https:\/\/yoast.com\/product\/yoast-seo-wordpress\/ -->\n<title>QUARTA \u201cRACE FOR THE CURE\u201d PER COMBATTERE IL CANCRO - Archivio CassanoWeb<\/title>\n<meta name=\"robots\" content=\"index, follow, max-snippet:-1, max-image-preview:large, max-video-preview:-1\" \/>\n<link rel=\"canonical\" href=\"https:\/\/archiviocassano.lavocedelpaese.info\/index.php\/2010\/05\/20\/quarta-race-for-the-cure-per-combattere-il-cancro\/\" \/>\n<meta property=\"og:locale\" content=\"it_IT\" \/>\n<meta property=\"og:type\" content=\"article\" \/>\n<meta property=\"og:title\" content=\"QUARTA \u201cRACE FOR THE CURE\u201d PER COMBATTERE IL CANCRO - Archivio CassanoWeb\" \/>\n<meta property=\"og:url\" content=\"https:\/\/archiviocassano.lavocedelpaese.info\/index.php\/2010\/05\/20\/quarta-race-for-the-cure-per-combattere-il-cancro\/\" \/>\n<meta property=\"og:site_name\" content=\"Archivio CassanoWeb\" \/>\n<meta property=\"article:publisher\" content=\"https:\/\/www.facebook.com\/redazione.cassanoweb\" \/>\n<meta property=\"article:published_time\" content=\"2010-05-20T14:19:11+00:00\" \/>\n<meta property=\"og:image\" content=\"https:\/\/archiviocassano.lavocedelpaese.info\/wp-content\/uploads\/2010\/05\/susan-g-komen-italia-cerca-volontari_1.jpg\" \/>\n\t<meta property=\"og:image:width\" content=\"320\" \/>\n\t<meta property=\"og:image:height\" content=\"211\" \/>\n\t<meta property=\"og:image:type\" content=\"image\/jpeg\" \/>\n<meta name=\"author\" content=\"admin\" \/>\n<meta name=\"twitter:card\" content=\"summary_large_image\" \/>\n<meta name=\"twitter:label1\" content=\"Scritto da\" \/>\n\t<meta name=\"twitter:data1\" content=\"admin\" \/>\n\t<meta name=\"twitter:label2\" content=\"Tempo di lettura stimato\" \/>\n\t<meta name=\"twitter:data2\" content=\"3 minuti\" \/>\n<script type=\"application\/ld+json\" class=\"yoast-schema-graph\">{\"@context\":\"https:\\\/\\\/schema.org\",\"@graph\":[{\"@type\":\"Article\",\"@id\":\"https:\\\/\\\/archiviocassano.lavocedelpaese.info\\\/index.php\\\/2010\\\/05\\\/20\\\/quarta-race-for-the-cure-per-combattere-il-cancro\\\/#article\",\"isPartOf\":{\"@id\":\"https:\\\/\\\/archiviocassano.lavocedelpaese.info\\\/index.php\\\/2010\\\/05\\\/20\\\/quarta-race-for-the-cure-per-combattere-il-cancro\\\/\"},\"author\":{\"name\":\"admin\",\"@id\":\"https:\\\/\\\/archiviocassano.lavocedelpaese.info\\\/#\\\/schema\\\/person\\\/df195bc79a9b4c35127cf005f92e041b\"},\"headline\":\"QUARTA \u201cRACE FOR THE CURE\u201d PER COMBATTERE IL CANCRO\",\"datePublished\":\"2010-05-20T14:19:11+00:00\",\"mainEntityOfPage\":{\"@id\":\"https:\\\/\\\/archiviocassano.lavocedelpaese.info\\\/index.php\\\/2010\\\/05\\\/20\\\/quarta-race-for-the-cure-per-combattere-il-cancro\\\/\"},\"wordCount\":656,\"commentCount\":0,\"publisher\":{\"@id\":\"https:\\\/\\\/archiviocassano.lavocedelpaese.info\\\/#organization\"},\"image\":{\"@id\":\"https:\\\/\\\/archiviocassano.lavocedelpaese.info\\\/index.php\\\/2010\\\/05\\\/20\\\/quarta-race-for-the-cure-per-combattere-il-cancro\\\/#primaryimage\"},\"thumbnailUrl\":\"https:\\\/\\\/archiviocassano.lavocedelpaese.info\\\/wp-content\\\/uploads\\\/2010\\\/05\\\/susan-g-komen-italia-cerca-volontari_1.jpg\",\"articleSection\":[\"Sport\"],\"inLanguage\":\"it-IT\",\"potentialAction\":[{\"@type\":\"CommentAction\",\"name\":\"Comment\",\"target\":[\"https:\\\/\\\/archiviocassano.lavocedelpaese.info\\\/index.php\\\/2010\\\/05\\\/20\\\/quarta-race-for-the-cure-per-combattere-il-cancro\\\/#respond\"]}]},{\"@type\":\"WebPage\",\"@id\":\"https:\\\/\\\/archiviocassano.lavocedelpaese.info\\\/index.php\\\/2010\\\/05\\\/20\\\/quarta-race-for-the-cure-per-combattere-il-cancro\\\/\",\"url\":\"https:\\\/\\\/archiviocassano.lavocedelpaese.info\\\/index.php\\\/2010\\\/05\\\/20\\\/quarta-race-for-the-cure-per-combattere-il-cancro\\\/\",\"name\":\"QUARTA \u201cRACE FOR THE CURE\u201d PER COMBATTERE IL CANCRO - Archivio CassanoWeb\",\"isPartOf\":{\"@id\":\"https:\\\/\\\/archiviocassano.lavocedelpaese.info\\\/#website\"},\"primaryImageOfPage\":{\"@id\":\"https:\\\/\\\/archiviocassano.lavocedelpaese.info\\\/index.php\\\/2010\\\/05\\\/20\\\/quarta-race-for-the-cure-per-combattere-il-cancro\\\/#primaryimage\"},\"image\":{\"@id\":\"https:\\\/\\\/archiviocassano.lavocedelpaese.info\\\/index.php\\\/2010\\\/05\\\/20\\\/quarta-race-for-the-cure-per-combattere-il-cancro\\\/#primaryimage\"},\"thumbnailUrl\":\"https:\\\/\\\/archiviocassano.lavocedelpaese.info\\\/wp-content\\\/uploads\\\/2010\\\/05\\\/susan-g-komen-italia-cerca-volontari_1.jpg\",\"datePublished\":\"2010-05-20T14:19:11+00:00\",\"breadcrumb\":{\"@id\":\"https:\\\/\\\/archiviocassano.lavocedelpaese.info\\\/index.php\\\/2010\\\/05\\\/20\\\/quarta-race-for-the-cure-per-combattere-il-cancro\\\/#breadcrumb\"},\"inLanguage\":\"it-IT\",\"potentialAction\":[{\"@type\":\"ReadAction\",\"target\":[\"https:\\\/\\\/archiviocassano.lavocedelpaese.info\\\/index.php\\\/2010\\\/05\\\/20\\\/quarta-race-for-the-cure-per-combattere-il-cancro\\\/\"]}]},{\"@type\":\"ImageObject\",\"inLanguage\":\"it-IT\",\"@id\":\"https:\\\/\\\/archiviocassano.lavocedelpaese.info\\\/index.php\\\/2010\\\/05\\\/20\\\/quarta-race-for-the-cure-per-combattere-il-cancro\\\/#primaryimage\",\"url\":\"https:\\\/\\\/archiviocassano.lavocedelpaese.info\\\/wp-content\\\/uploads\\\/2010\\\/05\\\/susan-g-komen-italia-cerca-volontari_1.jpg\",\"contentUrl\":\"https:\\\/\\\/archiviocassano.lavocedelpaese.info\\\/wp-content\\\/uploads\\\/2010\\\/05\\\/susan-g-komen-italia-cerca-volontari_1.jpg\",\"width\":320,\"height\":211,\"caption\":\"susan-g-komen-italia-cerca-volontari_1\"},{\"@type\":\"BreadcrumbList\",\"@id\":\"https:\\\/\\\/archiviocassano.lavocedelpaese.info\\\/index.php\\\/2010\\\/05\\\/20\\\/quarta-race-for-the-cure-per-combattere-il-cancro\\\/#breadcrumb\",\"itemListElement\":[{\"@type\":\"ListItem\",\"position\":1,\"name\":\"Home\",\"item\":\"https:\\\/\\\/archiviocassano.lavocedelpaese.info\\\/\"},{\"@type\":\"ListItem\",\"position\":2,\"name\":\"QUARTA \u201cRACE FOR THE CURE\u201d PER COMBATTERE IL CANCRO\"}]},{\"@type\":\"WebSite\",\"@id\":\"https:\\\/\\\/archiviocassano.lavocedelpaese.info\\\/#website\",\"url\":\"https:\\\/\\\/archiviocassano.lavocedelpaese.info\\\/\",\"name\":\"Archivio CassanoWeb\",\"description\":\"La Voce del Paese - un network di idee\",\"publisher\":{\"@id\":\"https:\\\/\\\/archiviocassano.lavocedelpaese.info\\\/#organization\"},\"potentialAction\":[{\"@type\":\"SearchAction\",\"target\":{\"@type\":\"EntryPoint\",\"urlTemplate\":\"https:\\\/\\\/archiviocassano.lavocedelpaese.info\\\/?s={search_term_string}\"},\"query-input\":{\"@type\":\"PropertyValueSpecification\",\"valueRequired\":true,\"valueName\":\"search_term_string\"}}],\"inLanguage\":\"it-IT\"},{\"@type\":\"Organization\",\"@id\":\"https:\\\/\\\/archiviocassano.lavocedelpaese.info\\\/#organization\",\"name\":\"Archivio CassanoWeb\",\"url\":\"https:\\\/\\\/archiviocassano.lavocedelpaese.info\\\/\",\"logo\":{\"@type\":\"ImageObject\",\"inLanguage\":\"it-IT\",\"@id\":\"https:\\\/\\\/archiviocassano.lavocedelpaese.info\\\/#\\\/schema\\\/logo\\\/image\\\/\",\"url\":\"https:\\\/\\\/archiviocassano.lavocedelpaese.info\\\/wp-content\\\/uploads\\\/2024\\\/08\\\/logo-rosso-2.png\",\"contentUrl\":\"https:\\\/\\\/archiviocassano.lavocedelpaese.info\\\/wp-content\\\/uploads\\\/2024\\\/08\\\/logo-rosso-2.png\",\"width\":491,\"height\":432,\"caption\":\"Archivio CassanoWeb\"},\"image\":{\"@id\":\"https:\\\/\\\/archiviocassano.lavocedelpaese.info\\\/#\\\/schema\\\/logo\\\/image\\\/\"},\"sameAs\":[\"https:\\\/\\\/www.facebook.com\\\/redazione.cassanoweb\"]},{\"@type\":\"Person\",\"@id\":\"https:\\\/\\\/archiviocassano.lavocedelpaese.info\\\/#\\\/schema\\\/person\\\/df195bc79a9b4c35127cf005f92e041b\",\"name\":\"admin\",\"image\":{\"@type\":\"ImageObject\",\"inLanguage\":\"it-IT\",\"@id\":\"https:\\\/\\\/secure.gravatar.com\\\/avatar\\\/eabba89a432e8eaa1b0207cc55f7e5340b22712b1ed80677efcf63e02ff5b235?s=96&d=mm&r=g\",\"url\":\"https:\\\/\\\/secure.gravatar.com\\\/avatar\\\/eabba89a432e8eaa1b0207cc55f7e5340b22712b1ed80677efcf63e02ff5b235?s=96&d=mm&r=g\",\"contentUrl\":\"https:\\\/\\\/secure.gravatar.com\\\/avatar\\\/eabba89a432e8eaa1b0207cc55f7e5340b22712b1ed80677efcf63e02ff5b235?s=96&d=mm&r=g\",\"caption\":\"admin\"},\"sameAs\":[\"https:\\\/\\\/archiviocassano.lavocedelpaese.info\"],\"url\":\"https:\\\/\\\/archiviocassano.lavocedelpaese.info\\\/index.php\\\/author\\\/admin_0qgz1xdp\\\/\"}]}<\/script>\n<!-- \/ Yoast SEO plugin. -->","yoast_head_json":{"title":"QUARTA \u201cRACE FOR THE CURE\u201d PER COMBATTERE IL CANCRO - Archivio CassanoWeb","robots":{"index":"index","follow":"follow","max-snippet":"max-snippet:-1","max-image-preview":"max-image-preview:large","max-video-preview":"max-video-preview:-1"},"canonical":"https:\/\/archiviocassano.lavocedelpaese.info\/index.php\/2010\/05\/20\/quarta-race-for-the-cure-per-combattere-il-cancro\/","og_locale":"it_IT","og_type":"article","og_title":"QUARTA \u201cRACE FOR THE CURE\u201d PER COMBATTERE IL CANCRO - Archivio CassanoWeb","og_url":"https:\/\/archiviocassano.lavocedelpaese.info\/index.php\/2010\/05\/20\/quarta-race-for-the-cure-per-combattere-il-cancro\/","og_site_name":"Archivio CassanoWeb","article_publisher":"https:\/\/www.facebook.com\/redazione.cassanoweb","article_published_time":"2010-05-20T14:19:11+00:00","og_image":[{"width":320,"height":211,"url":"https:\/\/archiviocassano.lavocedelpaese.info\/wp-content\/uploads\/2010\/05\/susan-g-komen-italia-cerca-volontari_1.jpg","type":"image\/jpeg"}],"author":"admin","twitter_card":"summary_large_image","twitter_misc":{"Scritto da":"admin","Tempo di lettura stimato":"3 minuti"},"schema":{"@context":"https:\/\/schema.org","@graph":[{"@type":"Article","@id":"https:\/\/archiviocassano.lavocedelpaese.info\/index.php\/2010\/05\/20\/quarta-race-for-the-cure-per-combattere-il-cancro\/#article","isPartOf":{"@id":"https:\/\/archiviocassano.lavocedelpaese.info\/index.php\/2010\/05\/20\/quarta-race-for-the-cure-per-combattere-il-cancro\/"},"author":{"name":"admin","@id":"https:\/\/archiviocassano.lavocedelpaese.info\/#\/schema\/person\/df195bc79a9b4c35127cf005f92e041b"},"headline":"QUARTA \u201cRACE FOR THE CURE\u201d PER COMBATTERE IL CANCRO","datePublished":"2010-05-20T14:19:11+00:00","mainEntityOfPage":{"@id":"https:\/\/archiviocassano.lavocedelpaese.info\/index.php\/2010\/05\/20\/quarta-race-for-the-cure-per-combattere-il-cancro\/"},"wordCount":656,"commentCount":0,"publisher":{"@id":"https:\/\/archiviocassano.lavocedelpaese.info\/#organization"},"image":{"@id":"https:\/\/archiviocassano.lavocedelpaese.info\/index.php\/2010\/05\/20\/quarta-race-for-the-cure-per-combattere-il-cancro\/#primaryimage"},"thumbnailUrl":"https:\/\/archiviocassano.lavocedelpaese.info\/wp-content\/uploads\/2010\/05\/susan-g-komen-italia-cerca-volontari_1.jpg","articleSection":["Sport"],"inLanguage":"it-IT","potentialAction":[{"@type":"CommentAction","name":"Comment","target":["https:\/\/archiviocassano.lavocedelpaese.info\/index.php\/2010\/05\/20\/quarta-race-for-the-cure-per-combattere-il-cancro\/#respond"]}]},{"@type":"WebPage","@id":"https:\/\/archiviocassano.lavocedelpaese.info\/index.php\/2010\/05\/20\/quarta-race-for-the-cure-per-combattere-il-cancro\/","url":"https:\/\/archiviocassano.lavocedelpaese.info\/index.php\/2010\/05\/20\/quarta-race-for-the-cure-per-combattere-il-cancro\/","name":"QUARTA \u201cRACE FOR THE CURE\u201d PER COMBATTERE IL CANCRO - Archivio CassanoWeb","isPartOf":{"@id":"https:\/\/archiviocassano.lavocedelpaese.info\/#website"},"primaryImageOfPage":{"@id":"https:\/\/archiviocassano.lavocedelpaese.info\/index.php\/2010\/05\/20\/quarta-race-for-the-cure-per-combattere-il-cancro\/#primaryimage"},"image":{"@id":"https:\/\/archiviocassano.lavocedelpaese.info\/index.php\/2010\/05\/20\/quarta-race-for-the-cure-per-combattere-il-cancro\/#primaryimage"},"thumbnailUrl":"https:\/\/archiviocassano.lavocedelpaese.info\/wp-content\/uploads\/2010\/05\/susan-g-komen-italia-cerca-volontari_1.jpg","datePublished":"2010-05-20T14:19:11+00:00","breadcrumb":{"@id":"https:\/\/archiviocassano.lavocedelpaese.info\/index.php\/2010\/05\/20\/quarta-race-for-the-cure-per-combattere-il-cancro\/#breadcrumb"},"inLanguage":"it-IT","potentialAction":[{"@type":"ReadAction","target":["https:\/\/archiviocassano.lavocedelpaese.info\/index.php\/2010\/05\/20\/quarta-race-for-the-cure-per-combattere-il-cancro\/"]}]},{"@type":"ImageObject","inLanguage":"it-IT","@id":"https:\/\/archiviocassano.lavocedelpaese.info\/index.php\/2010\/05\/20\/quarta-race-for-the-cure-per-combattere-il-cancro\/#primaryimage","url":"https:\/\/archiviocassano.lavocedelpaese.info\/wp-content\/uploads\/2010\/05\/susan-g-komen-italia-cerca-volontari_1.jpg","contentUrl":"https:\/\/archiviocassano.lavocedelpaese.info\/wp-content\/uploads\/2010\/05\/susan-g-komen-italia-cerca-volontari_1.jpg","width":320,"height":211,"caption":"susan-g-komen-italia-cerca-volontari_1"},{"@type":"BreadcrumbList","@id":"https:\/\/archiviocassano.lavocedelpaese.info\/index.php\/2010\/05\/20\/quarta-race-for-the-cure-per-combattere-il-cancro\/#breadcrumb","itemListElement":[{"@type":"ListItem","position":1,"name":"Home","item":"https:\/\/archiviocassano.lavocedelpaese.info\/"},{"@type":"ListItem","position":2,"name":"QUARTA \u201cRACE FOR THE CURE\u201d PER COMBATTERE IL CANCRO"}]},{"@type":"WebSite","@id":"https:\/\/archiviocassano.lavocedelpaese.info\/#website","url":"https:\/\/archiviocassano.lavocedelpaese.info\/","name":"Archivio CassanoWeb","description":"La Voce del Paese - un network di idee","publisher":{"@id":"https:\/\/archiviocassano.lavocedelpaese.info\/#organization"},"potentialAction":[{"@type":"SearchAction","target":{"@type":"EntryPoint","urlTemplate":"https:\/\/archiviocassano.lavocedelpaese.info\/?s={search_term_string}"},"query-input":{"@type":"PropertyValueSpecification","valueRequired":true,"valueName":"search_term_string"}}],"inLanguage":"it-IT"},{"@type":"Organization","@id":"https:\/\/archiviocassano.lavocedelpaese.info\/#organization","name":"Archivio CassanoWeb","url":"https:\/\/archiviocassano.lavocedelpaese.info\/","logo":{"@type":"ImageObject","inLanguage":"it-IT","@id":"https:\/\/archiviocassano.lavocedelpaese.info\/#\/schema\/logo\/image\/","url":"https:\/\/archiviocassano.lavocedelpaese.info\/wp-content\/uploads\/2024\/08\/logo-rosso-2.png","contentUrl":"https:\/\/archiviocassano.lavocedelpaese.info\/wp-content\/uploads\/2024\/08\/logo-rosso-2.png","width":491,"height":432,"caption":"Archivio CassanoWeb"},"image":{"@id":"https:\/\/archiviocassano.lavocedelpaese.info\/#\/schema\/logo\/image\/"},"sameAs":["https:\/\/www.facebook.com\/redazione.cassanoweb"]},{"@type":"Person","@id":"https:\/\/archiviocassano.lavocedelpaese.info\/#\/schema\/person\/df195bc79a9b4c35127cf005f92e041b","name":"admin","image":{"@type":"ImageObject","inLanguage":"it-IT","@id":"https:\/\/secure.gravatar.com\/avatar\/eabba89a432e8eaa1b0207cc55f7e5340b22712b1ed80677efcf63e02ff5b235?s=96&d=mm&r=g","url":"https:\/\/secure.gravatar.com\/avatar\/eabba89a432e8eaa1b0207cc55f7e5340b22712b1ed80677efcf63e02ff5b235?s=96&d=mm&r=g","contentUrl":"https:\/\/secure.gravatar.com\/avatar\/eabba89a432e8eaa1b0207cc55f7e5340b22712b1ed80677efcf63e02ff5b235?s=96&d=mm&r=g","caption":"admin"},"sameAs":["https:\/\/archiviocassano.lavocedelpaese.info"],"url":"https:\/\/archiviocassano.lavocedelpaese.info\/index.php\/author\/admin_0qgz1xdp\/"}]}},"_links":{"self":[{"href":"https:\/\/archiviocassano.lavocedelpaese.info\/index.php\/wp-json\/wp\/v2\/posts\/1489","targetHints":{"allow":["GET"]}}],"collection":[{"href":"https:\/\/archiviocassano.lavocedelpaese.info\/index.php\/wp-json\/wp\/v2\/posts"}],"about":[{"href":"https:\/\/archiviocassano.lavocedelpaese.info\/index.php\/wp-json\/wp\/v2\/types\/post"}],"author":[{"embeddable":true,"href":"https:\/\/archiviocassano.lavocedelpaese.info\/index.php\/wp-json\/wp\/v2\/users\/1"}],"replies":[{"embeddable":true,"href":"https:\/\/archiviocassano.lavocedelpaese.info\/index.php\/wp-json\/wp\/v2\/comments?post=1489"}],"version-history":[{"count":0,"href":"https:\/\/archiviocassano.lavocedelpaese.info\/index.php\/wp-json\/wp\/v2\/posts\/1489\/revisions"}],"wp:featuredmedia":[{"embeddable":true,"href":"https:\/\/archiviocassano.lavocedelpaese.info\/index.php\/wp-json\/wp\/v2\/media\/1488"}],"wp:attachment":[{"href":"https:\/\/archiviocassano.lavocedelpaese.info\/index.php\/wp-json\/wp\/v2\/media?parent=1489"}],"wp:term":[{"taxonomy":"category","embeddable":true,"href":"https:\/\/archiviocassano.lavocedelpaese.info\/index.php\/wp-json\/wp\/v2\/categories?post=1489"},{"taxonomy":"post_tag","embeddable":true,"href":"https:\/\/archiviocassano.lavocedelpaese.info\/index.php\/wp-json\/wp\/v2\/tags?post=1489"}],"curies":[{"name":"wp","href":"https:\/\/api.w.org\/{rel}","templated":true}]}}