{"id":15178,"date":"2017-12-16T07:16:50","date_gmt":"2017-12-16T07:16:50","guid":{"rendered":"https:\/\/archiviocassano.lavocedelpaese.info\/index.php\/2017\/12\/16\/la-nativita-di-gesu-nella-rivelazione-di-maria-valtorta\/"},"modified":"2017-12-16T07:16:50","modified_gmt":"2017-12-16T07:16:50","slug":"la-nativita-di-gesu-nella-rivelazione-di-maria-valtorta","status":"publish","type":"post","link":"https:\/\/archiviocassano.lavocedelpaese.info\/index.php\/2017\/12\/16\/la-nativita-di-gesu-nella-rivelazione-di-maria-valtorta\/","title":{"rendered":"La Nativit\u00e0 di Ges\u00f9 nella rivelazione di Maria Valtorta"},"content":{"rendered":"<p><img loading=\"lazy\" decoding=\"async\" class=\" size-full wp-image-15177\" src=\"https:\/\/archiviocassano.lavocedelpaese.info\/wp-content\/uploads\/2017\/12\/natale_valtorta-iloveimg-cropped.jpg\" alt=\"natale valtorta-iloveimg-cropped\" style=\"margin-right: 2px; margin-left: 2px;\" height=\"150\" width=\"320\" \/><\/p>\n<p><!--more--><\/p>\n<p>&nbsp;<\/p>\n<p align=\"center\"><strong>MARIA VALTORTA<\/strong><\/p>\n<p align=\"center\"><strong>\u201cL\u2019Evangelo come mi e\u2019 stato rivelato\u201d<\/strong><\/p>\n<p><strong>&nbsp;&nbsp;&nbsp;&nbsp;&nbsp;&nbsp;&nbsp;&nbsp;&nbsp;&nbsp;&nbsp;&nbsp;&nbsp;&nbsp;&nbsp;&nbsp;&nbsp;&nbsp;&nbsp;&nbsp;&nbsp;&nbsp;&nbsp; &nbsp;&nbsp;&nbsp; &nbsp;&nbsp;&nbsp;&nbsp;&nbsp;&nbsp;&nbsp;&nbsp;&nbsp;&nbsp;&nbsp;&nbsp;&nbsp;&nbsp;&nbsp;&nbsp;&nbsp;&nbsp;&nbsp;&nbsp;&nbsp;&nbsp;&nbsp;&nbsp;&nbsp;&nbsp;&nbsp;&nbsp;<\/strong><\/p>\n<p align=\"center\"><strong>LA NATIVITA&#8217; &nbsp;&nbsp;DI &nbsp;&nbsp;N.S. &nbsp;GESU&#8217; CRISTO<\/strong><\/p>\n<p style=\"text-align: justify;\"><i>&nbsp;La Nascita di Ges\u00f9 :&nbsp;\u00abIn quei giorni un decreto di Cesare Augusto ordin\u00f2 che si facesse il censimento di tutta la terra. Questo primo censimento fu fatto quando era governatore della Siria Quirino. Andavano tutti a farsi registrare, ciascuno nella sua citt\u00e0. Anche Giuseppe, che era della casa e della famiglia di Davide, dalla citt\u00e0 di Nazaret e dalla Galilea sal\u00ec in Giudea alla citt\u00e0 di Davide, chiamata Betlemme, per farsi registrare insieme con Maria sua sposa, che era incinta. Ora, mentre si trovavano in quel luogo, si compirono per lei i giorni del parto. Diede alla luce il suo figlio primogenito, lo avvolse in fasce e lo depose in una mangiatoia, perch\u00e9 non c&#8217;era posto per loro nell&#8217;albergo\u00bb (Luca&nbsp;2,1-7).<\/i><\/p>\n<p style=\"text-align: justify;\">Questa \u00e8 la cronaca della nascita di Ges\u00f9 nel vangelo di Luca, sette righi che raccontano concisamente l\u2019avvenimento pi\u00f9 importante nella storia del cristianesimo.<\/p>\n<p style=\"text-align: justify;\">Leggiamo invece cosa la mistica Maria Valtorta scrive nel suo Evangelo ispirato da Ges\u00f9 : Volume I &#8211; Cap. 28&nbsp; \u201cL&#8217;arrivo&nbsp; a Betlemme, Cap. 29 \u201cLa &nbsp;nascita di Ges\u00f9\u201d , Cap 30 \u201cL&#8217;annuncio ai pastori\u201d; tre stupendi capitoli, dodici pagine, che ti fanno \u201cvedere\u201d cosa accadde in quella notte di 2000 anni fa, si potrebbe dire minuto per minuto.<\/p>\n<p style=\"text-align: justify;\">Lascio poi agli appassionati della vita di Ges\u00f9 di completare la lettura su internet&nbsp; dell&#8217;opera,&nbsp; che non ha nulla di eguale e che ognuno \u00e8 libero di accettarla&nbsp; o meno.<\/p>\n<p align=\"center\" style=\"text-align: justify;\">Volume I &#8211; Cap. 28 &#8211; L&#8217;arrivo a Betlemme<\/p>\n<p align=\"center\" style=\"text-align: justify;\">\u00b0\u00b0\u00b0\u00b0\u00b0\u00b0\u00b0\u00b0\u00b0\u00b0\u00b0\u00b0\u00b0\u00b0\u00b0\u00b0\u00b0\u00b0\u00b0\u00b0\u00b0\u00b0\u00b0\u00b0\u00b0\u00b0\u00b0\u00b0\u00b0\u00b0\u00b0\u00b0\u00b0\u00b0\u00b0\u00b0\u00b0\u00b0\u00b0\u00b0\u00b0\u00b0\u00b0\u00b0\u00b0\u00b0\u00b0\u00b0\u00b0\u00b0\u00b0\u00b0\u00b0\u00b0\u00b0\u00b0\u00b0\u00b0\u00b0\u00b0\u00b0\u00b0\u00b0\u00b0\u00b0\u00b0\u00b0\u00b0\u00b0\u00b0\u00b0\u00b0\u00b0\u00b0\u00b0\u00b0\u00b0\u00b0\u00b0\u00b0\u00b0\u00b0\u00b0\u00b0\u00b0\u00b0\u00b0\u00b0\u00b0\u00b0\u00b0\u00b0\u00b0\u00b0\u00b0\u00b0\u00b0\u00b0\u00b0<\/p>\n<p style=\"text-align: justify;\">&lt;&lt;&lt; Vedo una strada maestra. Vi \u00e8 tanta folla. Asinelli che vanno carichi di masserizie e di persone. Asinelli che tornano. La gente sprona le cavalcature, e chi \u00e8 a piedi va in fretta perch\u00e9 fa freddo. L&#8217;aria \u00e8 tersa e asciutta, il cielo sereno, ma tutto ha quel tagliente netto dei giorni di pieno inverno.<\/p>\n<p style=\"text-align: justify;\">La campagna, &nbsp;spogliata, &nbsp;sembra pi\u00f9 vasta, e i &nbsp;pascoli&nbsp; &nbsp;hanno &nbsp;un&#8217;erbetta &nbsp;&nbsp;corta, &nbsp;bruciacchiata dai venti invernali; sui pascoli le pecore cercano un poco di nutrimento e cercano il sole che sorge piano piano.<\/p>\n<p style=\"text-align: justify;\">Stanno strette l&#8217;una all&#8217;altra perch\u00e9 hanno freddo anche loro, e belano alzando il muso e guardando il sole come dicessero: \u00abVieni presto, ch\u00e9 fa freddo!\u00bb. &nbsp;&nbsp;Il terreno &nbsp;\u00e8 &nbsp;a ondulazioni &nbsp;che &nbsp;si fanno sempre pi\u00f9 nette.<\/p>\n<p style=\"text-align: justify;\">E&#8217; un vero posto di collina. Vi sono conche erbose e coste, vi sono vallette e dorsi. La strada vi passa in mezzo e va a sud-est.<\/p>\n<p style=\"text-align: justify;\">Maria \u00e8 su un ciuchino bigio. Tutta avvolta nel pesante mantello. Sul davanti della sella \u00e8 quell&#8217;arnese gi\u00e0 visto nel viaggio verso Ebron, e sopra il cofano delle cose pi\u00f9 necessarie.<\/p>\n<p style=\"text-align: justify;\">Giuseppe cammina a lato tenendo la briglia. \u00abSei stanca?\u00bb chiede ogni tanto. Maria lo guarda sorridendo&nbsp;e dice: \u00abNo\u00bb. Alla terza volta aggiunge: \u00abTu piuttosto, che devi camminare, sarai stanco\u00bb. \u00abOh! io! Per me \u00e8 niente. Penso che, se avessi trovato un altro asino, potevi essere pi\u00f9 comoda e fare pi\u00f9 presto. Ma non ho proprio trovato. Occorre a tutti, ora, la cavalcatura. Ma fa&#8217; cuore. Presto siamo a Betlemme. Oltre quel monte \u00e8 Efrata\u00bb.<\/p>\n<p style=\"text-align: justify;\">Tacciono. La Vergine, quando non parla, pare raccogliersi in interna preghiera. Sorride di un sorriso mite ad un suo pensiero e, se guarda la folla, pare non la veda per quello che \u00e8: un uomo, una donna, un vecchio, un pastore, un ricco o un povero. Ma per quello che Lei solo vede \u00abHai freddo?\u00bb chiede Giuseppe, perch\u00e9 il vento si leva. &nbsp;&nbsp;\u00abNo. Grazie\u00bb.<\/p>\n<p style=\"text-align: justify;\">Ma Giuseppe non si fida. Le tocca i piedi, penzolanti sul fianco del ciuchino, i piedi calzati nei sandali e che appena si vedono spuntare dalla lunga veste, e li deve sentire freddi, perch\u00e9 scuote il capo e si leva una coperta che ha a tracolla e avvolge le gambe di Maria e gliela stende anche sul grembo, di modo che le mani stiano ben calde sotto di essa e del manto. Incontrano un pastore, che taglia la via col suo gregge passando dal pascolo di destra a quello di sinistra. Giuseppe si curva a dirgli qualcosa. Il pastore annuisce. Giuseppe prende il ciuchino e lo trascina dietro al gregge nel pascolo. Il pastore si leva una rozza scodella da una bisaccia e munge una grassa pecora dalle gonfie mammelle e d\u00e0 la scodella a Giuseppe, che la offre a Maria.<\/p>\n<p style=\"text-align: justify;\">\u00abDio vi benedica entrambi\u00bb dice Maria. \u00abTu per il tuo amore, e tu per la tua bont\u00e0. Pregher\u00f2 per te \u00bb.<\/p>\n<p style=\"text-align: justify;\">\u00abVenite da lontano?\u00bb. \u00abDa Nazareth\u00bb risponde Giuseppe. \u00abE andate?\u00bb. \u00abA Betlemme\u00bb.<\/p>\n<p style=\"text-align: justify;\">\u00abLungo viaggio per la donna in quello stato. E&#8217; tua moglie?\u00bb. \u00abE&#8217; mia moglie\u00bb. \u00abAvete dove andare?\u00bb. \u00abNo\u00bb. \u00abBrutta cosa! Betlemme \u00e8 piena di popolo venuto da ogni dove &nbsp;per segnarsi o per andare a segnarsi altrove. Non so se troverete alloggio. Sei pratico del luogo?\u00bb.&nbsp; \u00abNon molto\u00bb.<\/p>\n<p style=\"text-align: justify;\">\u00abEbbene&#8230; io ti insegno&#8230; per Lei (e accenna a Maria). Cercate dell&#8217;albergo. Sar\u00e0 pieno. Ma ve lo dico per darvi una guida. E&#8217; in una piazza, la pi\u00f9 grande. Vi si va da questa via maestra. Non potete sbagliare. Vi \u00e8 una fonte davanti, ed \u00e8 grande e basso con un gran portone. Sar\u00e0 pieno. Ma, se non trovate niente nell&#8217;albergo e nelle case, girate dietro all&#8217;albergo, verso la campagna. Vi sono stalle nel monte, che delle volte servono ai mercanti che vanno a Gerusalemme per mettervi le bestie che non trovano posto nell&#8217;albergo. Sono stalle, sapete, nel monte :umide, fredde e senza porta. Ma sono sempre un rifugio, perch\u00e9 la donna&#8230; non pu\u00f2 rimanere per la via. Forse l\u00e0 &nbsp;trovate un posto&#8230; e del fieno per dormire e per l&#8217;asino. E che Dio vi accompagni\u00bb.<\/p>\n<p style=\"text-align: justify;\">\u00abE Dio ti dia gioia\u00bb risponde Maria. Giuseppe invece risponde: \u00abLa pace sia con te\u00bb.<\/p>\n<p style=\"text-align: justify;\">Riprendono la strada. Una conca pi\u00f9 vasta si mostra dal ciglione che hanno superato. Nella conca, su e gi\u00f9 per le chine morbide che la circondano, vi sono case e case. E&#8217; Betlemme. \u00abEccoci nella terra di Davide, Maria. Ora riposerai. Mi sembri stanca tanto&#8230;\u00bb. \u00abNo. Pensavo&#8230; penso&#8230;\u00bb. Maria afferra la mano di Giuseppe e gli dice con un sorriso beato: \u00abPenso proprio che il tempo sia giunto\u00bb. \u00abDio di misericordia! Come facciamo?\u00bb. \u00abNon temere, Giuseppe. Abbi costanza. Vedi come sono calma io?\u00bb. \u00abMa soffri molto\u00bb.<\/p>\n<p style=\"text-align: justify;\">\u00abOh! no. Sono piena di gaudio. Un gaudio tale, cos\u00ec forte, cos\u00ec bello, cos\u00ec incontenibile, che il mio cuore batte forte forte e mi dice: &#8220;Egli nasce! Egli nasce!&#8221; Lo dice ad ogni battito. E&#8217; il mio Bambino che bussa al mio cuore e dice: &#8220;Mamma, son qui che vengo a darti il bacio di Dio&#8221;. Oh! che gioia, Giuseppe mio!\u00bb. &nbsp;&nbsp;&nbsp;&nbsp;&nbsp;&nbsp;<\/p>\n<p style=\"text-align: justify;\">Ma Giuseppe non \u00e8 nella gioia. Pensa all&#8217;urgenza di trovare un ricovero e affretta il passo. Porta per porta chiede un ricovero. Niente. Tutto occupato. Giungono all&#8217;albergo. E&#8217; pieno persino sotto i rustici portici, che circondano il grande cortile interno, di gente che bivacca.<\/p>\n<p style=\"text-align: justify;\">Giuseppe lascia Maria sul ciuchino dentro al cortile ed esce cercando nelle altre case. Torna sconfortato. Non vi \u00e8 nulla. Il rapido crepuscolo invernale comincia a stendere i suoi veli. Giuseppe supplica l&#8217;albergatore. Supplica dei viaggiatori. Loro sono uomini e sani. Qui vi \u00e8 una donna prossima a dare un figlio alla luce. Abbiano piet\u00e0. Niente.<\/p>\n<p style=\"text-align: justify;\">Vi &nbsp;\u00e8 un ricco &nbsp;fariseo che li &nbsp;guarda con &nbsp;palese &nbsp;disprezzo e, quando Maria si accosta, si &nbsp;scansa &nbsp;&nbsp;come si&nbsp;fosse avvicinata una lebbrosa. Giuseppe lo guarda e un rossore di sdegno gli monta al volto. Maria posa &nbsp;la sua mano sul polso di Giuseppe per calmarlo e dice: \u00abNon insistere. Andiamo Dio provveder\u00e0\u00bb.<\/p>\n<p style=\"text-align: justify;\">Escono e seguono il muro dell&#8217;albergo. Svoltano per una &nbsp;stradetta &nbsp;incassata &nbsp;fra &nbsp;questo &nbsp;e &nbsp;delle &nbsp;povere case. Girano dietro l&#8217;albergo. Cercano. Ecco delle specie di grotte, di cantine, direi, pi\u00f9 che di stalle, &nbsp;&nbsp;tanto sono basse e umide. Le pi\u00f9 belle sono gi\u00e0 occupate. Giuseppe si accascia.<\/p>\n<p style=\"text-align: justify;\">\u00abEhi! Galileo!\u00bb gli grida dietro un vecchio. \u00abL\u00e0 in fondo, sotto quella rovina, vi \u00e8 una tana. Forse non c\u2019\u00e8 ancora nessuno\u00bb. Si affrettano a quella \u00abtana\u00bb.<\/p>\n<p style=\"text-align: justify;\">E&#8217; proprio una tana. Fra macerie di qualche fabbricato in rovina vi \u00e8 un pertugio, oltre il quale vi \u00e8 una grotta, uno scavo nel monte pi\u00f9 che grotta. Si direbbe che sono le fondamenta dell&#8217;antica costruzione, a cui fan da tetto le macerie appuntellate da tronchi d&#8217;albero appena sgrezzati.<\/p>\n<p style=\"text-align: justify;\">Per vedere meglio, poich\u00e9 vi \u00e8 pochissima luce, Giuseppe trae esca e acciarino e accende una lucernetta che trae dalla bisaccia che ha a tracolla. Entra, e un muggito lo saluta. \u00abVieni,Maria. E&#8217; vuota. Non vi \u00e8 che un bue\u00bb. Giuseppe sorride. \u00abMeglio che niente!&#8230; \u00bb Maria smonta dal ciuchino ed entra. Giuseppe ha appeso la lucernetta ad un chiodo infisso in uno dei tronchi che fanno da pilone. Si vede la volta piena di ragnatele, il suolo &#8211; terreno battuto e tutto sconquassato, con buche,ciottoli, detriti ed escrementi &#8211; sparso di steli di paglia. In fondo, un bue si volta e guarda coi suoi occhi quieti mentre del fieno gli pende dalle labbra. Vi \u00e8 un rozzo sedile e due pietre in un angolo presso una feritoia. Il nero di quell&#8217;angolo dice che l\u00e0 si fa fuoco.<\/p>\n<p style=\"text-align: justify;\">Maria si accosta al bue. Ha freddo. Gli mette le mani sul collo per sentirne il tepore. Il bue muggisce e si lascia fare. Pare comprenda. Anche quando Giuseppe lo spinge in l\u00e0 per levare molto fieno alla greppia e fare un letto a Maria &#8211; la greppia \u00e8 doppia, ossia vi \u00e8 quella dove mangia il bue e, sopra, una specie di scansia con su dell&#8217;altro fieno di scorta, e Giuseppe prende quello &#8211; lascia fare. Fa posto anche al ciuchino che, stanco e affamato, si d\u00e0 subito a mangiare. Giuseppe scova anche un secchio capovolto, tutto ammaccato. Esce, perch\u00e9 fuori ha visto un rio, e torna con dell&#8217;acqua per l&#8217;asinello. Poi si impadronisce di una fascina di frasche messa in un angolo e cerca scopare un poco il suolo. Poi stende il fieno, ne fa un giaciglio, presso il bue, nell&#8217;angolo pi\u00f9 asciutto e riparato.<\/p>\n<p style=\"text-align: justify;\">Ma lo sente umido, questo povero fieno, e sospira. Accende il fuoco e, con una pazienza da certosino, asciuga a manate il fieno tenendolo presso il calore. Maria, seduta sullo sgabello, stanca, guarda e sorride. Ecco pronto. Maria si accomoda meglio nel soffice fieno, con le spalle appoggiate ad un tronco. Giuseppe completa&#8230; l&#8217;arredamento stendendo il suo mantello come una tenda sul pertugio che fa da porta. Un riparo molto relativo.<\/p>\n<p style=\"text-align: justify;\">Poi offre pane e formaggio alla Vergine e le d\u00e0 da bere l&#8217;acqua di una borraccia. \u00abDormi, ora \u00bb le dice poi. \u00abIo veglier\u00f2 perch\u00e9 il fuoco non si spenga. Vi \u00e8 della legna, per fortuna, speriamo duri e arda. Potr\u00f2 risparmiare l&#8217;olio del lume\u00bb.<\/p>\n<p style=\"text-align: justify;\">Maria si stende ubbidiente. Giuseppe la copre col mantello di Maria stessa e con la coperta che aveva prima ai piedi. \u00abMa tu&#8230; avrai freddo, tu\u00bb. \u00abNo, Maria. Sto presso al fuoco. Cerca di riposare. Domani andr\u00e0 meglio\u00bb. Maria chiude gli occhi senza insistere. Giuseppe si rincantuccia nel suo angolo, sullo sgabello, con degli sterpi accanto. Pochi. Che durino a lungo non credo. Sono situati cos\u00ec: Maria a destra, con le spalle alla&#8230; porta, semi nascosta dal tronco e dal corpo del bue, che si \u00e8 accosciato nella lettiera.<\/p>\n<p style=\"text-align: justify;\">Giuseppe a sinistra e verso la porta, in diagonale perci\u00f2, e, avendo il volto al fuoco, ha le spalle verso Maria. Si gira per\u00f2 a guardarla ogni tanto e la vede quieta, come dormisse. Spezza piano le sue fraschette e le getta una per una sul fuocherello perch\u00e9 non si spenga, perch\u00e9 dia luce, e perch\u00e9 la poca legna duri. Non vi \u00e8 che il bagliore, ora pi\u00f9 vivo ora quasi morto, del fuoco. Perch\u00e9 il lume \u00e8 stato spento e nella penombra spicca soltanto il biancore del bue e del viso e delle mani di Giuseppe. Tutto il resto \u00e8 una massa che si confonde nella penombra greve.&gt;&gt;&gt; &nbsp;<\/p>\n<p>\u00b0\u00b0\u00b0\u00b0\u00b0\u00b0\u00b0\u00b0\u00b0\u00b0\u00b0\u00b0\u00b0\u00b0\u00b0\u00b0\u00b0\u00b0\u00b0\u00b0\u00b0\u00b0\u00b0\u00b0\u00b0\u00b0\u00b0\u00b0\u00b0\u00b0\u00b0\u00b0\u00b0\u00b0\u00b0\u00b0\u00b0\u00b0\u00b0\u00b0\u00b0\u00b0\u00b0\u00b0\u00b0\u00b0\u00b0\u00b0\u00b0\u00b0\u00b0\u00b0\u00b0\u00b0\u00b0\u00b0\u00b0\u00b0\u00b0\u00b0\u00b0\u00b0\u00b0\u00b0\u00b0\u00b0\u00b0\u00b0\u00b0\u00b0\u00b0\u00b0\u00b0\u00b0\u00b0\u00b0\u00b0\u00b0\u00b0\u00b0\u00b0\u00b0\u00b0\u00b0\u00b0\u00b0\u00b0\u00b0\u00b0\u00b0<\/p>\n<p>I capitoli nr. 29 e &nbsp;30 saranno pubblicati nei prossimi giorni.<\/p>\n<p><em>&nbsp;<\/em><\/p>\n<p><em>Tutte&nbsp;&nbsp; le&nbsp; informazioni&nbsp;&nbsp; sull&#8217;opera ,&nbsp;&nbsp; sui luoghi ,&nbsp; sugli&nbsp; scritti &nbsp;e sul pensiero&nbsp; di&nbsp; personaggi&nbsp; importanti \u00e8 possibile leggerli in internet al sito<\/em><em> &nbsp;&nbsp;&nbsp;&nbsp;&nbsp;<\/em><a href=\"http:\/\/www.scrittivaltorta.altervista.org\/per_volume.htm\">http:\/\/www.scrittivaltorta.altervista.org\/per_volume.htm<\/a><\/p>\n<p>Si&nbsp;&nbsp;&nbsp; ringrazia&nbsp;&nbsp; la&nbsp;&nbsp; &nbsp;Fondazione&nbsp; &nbsp;Maria Valtorta &nbsp;&#8211; &nbsp;Centro Editoriale Valtortiano &#8211; &nbsp;srl&nbsp; &nbsp;di Isola del Liri -FR , <a href=\"http:\/\/www.mariavaltorta.com\/\">www.mariavaltorta.com<\/a>&nbsp; &nbsp;&nbsp;&nbsp;&nbsp;per &nbsp;&nbsp;aver &nbsp;&nbsp;autorizzata&nbsp; &nbsp;la &nbsp;pubblicazione &nbsp;&nbsp;dell\u2019intero capitolo su Cassanoweb.<\/p>\n<p>&nbsp;<\/p>\n","protected":false},"excerpt":{"rendered":"","protected":false},"author":1,"featured_media":15177,"comment_status":"open","ping_status":"closed","sticky":false,"template":"","format":"standard","meta":{"colormag_page_container_layout":"default_layout","colormag_page_sidebar_layout":"default_layout","footnotes":""},"categories":[9],"tags":[],"class_list":["post-15178","post","type-post","status-publish","format-standard","has-post-thumbnail","hentry","category-la-voce-del-paese"],"yoast_head":"<!-- This site is optimized with the Yoast SEO plugin v27.5 - https:\/\/yoast.com\/product\/yoast-seo-wordpress\/ -->\n<title>La Nativit\u00e0 di Ges\u00f9 nella rivelazione di Maria Valtorta - Archivio CassanoWeb<\/title>\n<meta name=\"robots\" content=\"index, follow, max-snippet:-1, max-image-preview:large, max-video-preview:-1\" \/>\n<link rel=\"canonical\" href=\"https:\/\/archiviocassano.lavocedelpaese.info\/index.php\/2017\/12\/16\/la-nativita-di-gesu-nella-rivelazione-di-maria-valtorta\/\" \/>\n<meta property=\"og:locale\" content=\"it_IT\" \/>\n<meta property=\"og:type\" content=\"article\" \/>\n<meta property=\"og:title\" content=\"La Nativit\u00e0 di Ges\u00f9 nella rivelazione di Maria Valtorta - Archivio CassanoWeb\" \/>\n<meta property=\"og:url\" content=\"https:\/\/archiviocassano.lavocedelpaese.info\/index.php\/2017\/12\/16\/la-nativita-di-gesu-nella-rivelazione-di-maria-valtorta\/\" \/>\n<meta property=\"og:site_name\" content=\"Archivio CassanoWeb\" \/>\n<meta property=\"article:publisher\" content=\"https:\/\/www.facebook.com\/redazione.cassanoweb\" \/>\n<meta property=\"article:published_time\" content=\"2017-12-16T07:16:50+00:00\" \/>\n<meta property=\"og:image\" content=\"https:\/\/archiviocassano.lavocedelpaese.info\/wp-content\/uploads\/2017\/12\/natale_valtorta-iloveimg-cropped.jpg\" \/>\n\t<meta property=\"og:image:width\" content=\"867\" \/>\n\t<meta property=\"og:image:height\" content=\"564\" \/>\n\t<meta property=\"og:image:type\" content=\"image\/jpeg\" \/>\n<meta name=\"author\" content=\"admin\" \/>\n<meta name=\"twitter:card\" content=\"summary_large_image\" \/>\n<meta name=\"twitter:label1\" content=\"Scritto da\" \/>\n\t<meta name=\"twitter:data1\" content=\"admin\" \/>\n\t<meta name=\"twitter:label2\" content=\"Tempo di lettura stimato\" \/>\n\t<meta name=\"twitter:data2\" content=\"11 minuti\" \/>\n<script type=\"application\/ld+json\" class=\"yoast-schema-graph\">{\"@context\":\"https:\\\/\\\/schema.org\",\"@graph\":[{\"@type\":\"Article\",\"@id\":\"https:\\\/\\\/archiviocassano.lavocedelpaese.info\\\/index.php\\\/2017\\\/12\\\/16\\\/la-nativita-di-gesu-nella-rivelazione-di-maria-valtorta\\\/#article\",\"isPartOf\":{\"@id\":\"https:\\\/\\\/archiviocassano.lavocedelpaese.info\\\/index.php\\\/2017\\\/12\\\/16\\\/la-nativita-di-gesu-nella-rivelazione-di-maria-valtorta\\\/\"},\"author\":{\"name\":\"admin\",\"@id\":\"https:\\\/\\\/archiviocassano.lavocedelpaese.info\\\/#\\\/schema\\\/person\\\/df195bc79a9b4c35127cf005f92e041b\"},\"headline\":\"La Nativit\u00e0 di Ges\u00f9 nella rivelazione di Maria Valtorta\",\"datePublished\":\"2017-12-16T07:16:50+00:00\",\"mainEntityOfPage\":{\"@id\":\"https:\\\/\\\/archiviocassano.lavocedelpaese.info\\\/index.php\\\/2017\\\/12\\\/16\\\/la-nativita-di-gesu-nella-rivelazione-di-maria-valtorta\\\/\"},\"wordCount\":2218,\"commentCount\":0,\"publisher\":{\"@id\":\"https:\\\/\\\/archiviocassano.lavocedelpaese.info\\\/#organization\"},\"image\":{\"@id\":\"https:\\\/\\\/archiviocassano.lavocedelpaese.info\\\/index.php\\\/2017\\\/12\\\/16\\\/la-nativita-di-gesu-nella-rivelazione-di-maria-valtorta\\\/#primaryimage\"},\"thumbnailUrl\":\"https:\\\/\\\/archiviocassano.lavocedelpaese.info\\\/wp-content\\\/uploads\\\/2017\\\/12\\\/natale_valtorta-iloveimg-cropped.jpg\",\"articleSection\":[\"La voce del paese\"],\"inLanguage\":\"it-IT\",\"potentialAction\":[{\"@type\":\"CommentAction\",\"name\":\"Comment\",\"target\":[\"https:\\\/\\\/archiviocassano.lavocedelpaese.info\\\/index.php\\\/2017\\\/12\\\/16\\\/la-nativita-di-gesu-nella-rivelazione-di-maria-valtorta\\\/#respond\"]}]},{\"@type\":\"WebPage\",\"@id\":\"https:\\\/\\\/archiviocassano.lavocedelpaese.info\\\/index.php\\\/2017\\\/12\\\/16\\\/la-nativita-di-gesu-nella-rivelazione-di-maria-valtorta\\\/\",\"url\":\"https:\\\/\\\/archiviocassano.lavocedelpaese.info\\\/index.php\\\/2017\\\/12\\\/16\\\/la-nativita-di-gesu-nella-rivelazione-di-maria-valtorta\\\/\",\"name\":\"La Nativit\u00e0 di Ges\u00f9 nella rivelazione di Maria Valtorta - Archivio CassanoWeb\",\"isPartOf\":{\"@id\":\"https:\\\/\\\/archiviocassano.lavocedelpaese.info\\\/#website\"},\"primaryImageOfPage\":{\"@id\":\"https:\\\/\\\/archiviocassano.lavocedelpaese.info\\\/index.php\\\/2017\\\/12\\\/16\\\/la-nativita-di-gesu-nella-rivelazione-di-maria-valtorta\\\/#primaryimage\"},\"image\":{\"@id\":\"https:\\\/\\\/archiviocassano.lavocedelpaese.info\\\/index.php\\\/2017\\\/12\\\/16\\\/la-nativita-di-gesu-nella-rivelazione-di-maria-valtorta\\\/#primaryimage\"},\"thumbnailUrl\":\"https:\\\/\\\/archiviocassano.lavocedelpaese.info\\\/wp-content\\\/uploads\\\/2017\\\/12\\\/natale_valtorta-iloveimg-cropped.jpg\",\"datePublished\":\"2017-12-16T07:16:50+00:00\",\"breadcrumb\":{\"@id\":\"https:\\\/\\\/archiviocassano.lavocedelpaese.info\\\/index.php\\\/2017\\\/12\\\/16\\\/la-nativita-di-gesu-nella-rivelazione-di-maria-valtorta\\\/#breadcrumb\"},\"inLanguage\":\"it-IT\",\"potentialAction\":[{\"@type\":\"ReadAction\",\"target\":[\"https:\\\/\\\/archiviocassano.lavocedelpaese.info\\\/index.php\\\/2017\\\/12\\\/16\\\/la-nativita-di-gesu-nella-rivelazione-di-maria-valtorta\\\/\"]}]},{\"@type\":\"ImageObject\",\"inLanguage\":\"it-IT\",\"@id\":\"https:\\\/\\\/archiviocassano.lavocedelpaese.info\\\/index.php\\\/2017\\\/12\\\/16\\\/la-nativita-di-gesu-nella-rivelazione-di-maria-valtorta\\\/#primaryimage\",\"url\":\"https:\\\/\\\/archiviocassano.lavocedelpaese.info\\\/wp-content\\\/uploads\\\/2017\\\/12\\\/natale_valtorta-iloveimg-cropped.jpg\",\"contentUrl\":\"https:\\\/\\\/archiviocassano.lavocedelpaese.info\\\/wp-content\\\/uploads\\\/2017\\\/12\\\/natale_valtorta-iloveimg-cropped.jpg\",\"width\":867,\"height\":564,\"caption\":\"natale valtorta-iloveimg-cropped\"},{\"@type\":\"BreadcrumbList\",\"@id\":\"https:\\\/\\\/archiviocassano.lavocedelpaese.info\\\/index.php\\\/2017\\\/12\\\/16\\\/la-nativita-di-gesu-nella-rivelazione-di-maria-valtorta\\\/#breadcrumb\",\"itemListElement\":[{\"@type\":\"ListItem\",\"position\":1,\"name\":\"Home\",\"item\":\"https:\\\/\\\/archiviocassano.lavocedelpaese.info\\\/\"},{\"@type\":\"ListItem\",\"position\":2,\"name\":\"La Nativit\u00e0 di Ges\u00f9 nella rivelazione di Maria Valtorta\"}]},{\"@type\":\"WebSite\",\"@id\":\"https:\\\/\\\/archiviocassano.lavocedelpaese.info\\\/#website\",\"url\":\"https:\\\/\\\/archiviocassano.lavocedelpaese.info\\\/\",\"name\":\"Archivio CassanoWeb\",\"description\":\"La Voce del Paese - un network di idee\",\"publisher\":{\"@id\":\"https:\\\/\\\/archiviocassano.lavocedelpaese.info\\\/#organization\"},\"potentialAction\":[{\"@type\":\"SearchAction\",\"target\":{\"@type\":\"EntryPoint\",\"urlTemplate\":\"https:\\\/\\\/archiviocassano.lavocedelpaese.info\\\/?s={search_term_string}\"},\"query-input\":{\"@type\":\"PropertyValueSpecification\",\"valueRequired\":true,\"valueName\":\"search_term_string\"}}],\"inLanguage\":\"it-IT\"},{\"@type\":\"Organization\",\"@id\":\"https:\\\/\\\/archiviocassano.lavocedelpaese.info\\\/#organization\",\"name\":\"Archivio CassanoWeb\",\"url\":\"https:\\\/\\\/archiviocassano.lavocedelpaese.info\\\/\",\"logo\":{\"@type\":\"ImageObject\",\"inLanguage\":\"it-IT\",\"@id\":\"https:\\\/\\\/archiviocassano.lavocedelpaese.info\\\/#\\\/schema\\\/logo\\\/image\\\/\",\"url\":\"https:\\\/\\\/archiviocassano.lavocedelpaese.info\\\/wp-content\\\/uploads\\\/2024\\\/08\\\/logo-rosso-2.png\",\"contentUrl\":\"https:\\\/\\\/archiviocassano.lavocedelpaese.info\\\/wp-content\\\/uploads\\\/2024\\\/08\\\/logo-rosso-2.png\",\"width\":491,\"height\":432,\"caption\":\"Archivio CassanoWeb\"},\"image\":{\"@id\":\"https:\\\/\\\/archiviocassano.lavocedelpaese.info\\\/#\\\/schema\\\/logo\\\/image\\\/\"},\"sameAs\":[\"https:\\\/\\\/www.facebook.com\\\/redazione.cassanoweb\"]},{\"@type\":\"Person\",\"@id\":\"https:\\\/\\\/archiviocassano.lavocedelpaese.info\\\/#\\\/schema\\\/person\\\/df195bc79a9b4c35127cf005f92e041b\",\"name\":\"admin\",\"image\":{\"@type\":\"ImageObject\",\"inLanguage\":\"it-IT\",\"@id\":\"https:\\\/\\\/secure.gravatar.com\\\/avatar\\\/eabba89a432e8eaa1b0207cc55f7e5340b22712b1ed80677efcf63e02ff5b235?s=96&d=mm&r=g\",\"url\":\"https:\\\/\\\/secure.gravatar.com\\\/avatar\\\/eabba89a432e8eaa1b0207cc55f7e5340b22712b1ed80677efcf63e02ff5b235?s=96&d=mm&r=g\",\"contentUrl\":\"https:\\\/\\\/secure.gravatar.com\\\/avatar\\\/eabba89a432e8eaa1b0207cc55f7e5340b22712b1ed80677efcf63e02ff5b235?s=96&d=mm&r=g\",\"caption\":\"admin\"},\"sameAs\":[\"https:\\\/\\\/archiviocassano.lavocedelpaese.info\"],\"url\":\"https:\\\/\\\/archiviocassano.lavocedelpaese.info\\\/index.php\\\/author\\\/admin_0qgz1xdp\\\/\"}]}<\/script>\n<!-- \/ Yoast SEO plugin. -->","yoast_head_json":{"title":"La Nativit\u00e0 di Ges\u00f9 nella rivelazione di Maria Valtorta - Archivio CassanoWeb","robots":{"index":"index","follow":"follow","max-snippet":"max-snippet:-1","max-image-preview":"max-image-preview:large","max-video-preview":"max-video-preview:-1"},"canonical":"https:\/\/archiviocassano.lavocedelpaese.info\/index.php\/2017\/12\/16\/la-nativita-di-gesu-nella-rivelazione-di-maria-valtorta\/","og_locale":"it_IT","og_type":"article","og_title":"La Nativit\u00e0 di Ges\u00f9 nella rivelazione di Maria Valtorta - Archivio CassanoWeb","og_url":"https:\/\/archiviocassano.lavocedelpaese.info\/index.php\/2017\/12\/16\/la-nativita-di-gesu-nella-rivelazione-di-maria-valtorta\/","og_site_name":"Archivio CassanoWeb","article_publisher":"https:\/\/www.facebook.com\/redazione.cassanoweb","article_published_time":"2017-12-16T07:16:50+00:00","og_image":[{"width":867,"height":564,"url":"https:\/\/archiviocassano.lavocedelpaese.info\/wp-content\/uploads\/2017\/12\/natale_valtorta-iloveimg-cropped.jpg","type":"image\/jpeg"}],"author":"admin","twitter_card":"summary_large_image","twitter_misc":{"Scritto da":"admin","Tempo di lettura stimato":"11 minuti"},"schema":{"@context":"https:\/\/schema.org","@graph":[{"@type":"Article","@id":"https:\/\/archiviocassano.lavocedelpaese.info\/index.php\/2017\/12\/16\/la-nativita-di-gesu-nella-rivelazione-di-maria-valtorta\/#article","isPartOf":{"@id":"https:\/\/archiviocassano.lavocedelpaese.info\/index.php\/2017\/12\/16\/la-nativita-di-gesu-nella-rivelazione-di-maria-valtorta\/"},"author":{"name":"admin","@id":"https:\/\/archiviocassano.lavocedelpaese.info\/#\/schema\/person\/df195bc79a9b4c35127cf005f92e041b"},"headline":"La Nativit\u00e0 di Ges\u00f9 nella rivelazione di Maria Valtorta","datePublished":"2017-12-16T07:16:50+00:00","mainEntityOfPage":{"@id":"https:\/\/archiviocassano.lavocedelpaese.info\/index.php\/2017\/12\/16\/la-nativita-di-gesu-nella-rivelazione-di-maria-valtorta\/"},"wordCount":2218,"commentCount":0,"publisher":{"@id":"https:\/\/archiviocassano.lavocedelpaese.info\/#organization"},"image":{"@id":"https:\/\/archiviocassano.lavocedelpaese.info\/index.php\/2017\/12\/16\/la-nativita-di-gesu-nella-rivelazione-di-maria-valtorta\/#primaryimage"},"thumbnailUrl":"https:\/\/archiviocassano.lavocedelpaese.info\/wp-content\/uploads\/2017\/12\/natale_valtorta-iloveimg-cropped.jpg","articleSection":["La voce del paese"],"inLanguage":"it-IT","potentialAction":[{"@type":"CommentAction","name":"Comment","target":["https:\/\/archiviocassano.lavocedelpaese.info\/index.php\/2017\/12\/16\/la-nativita-di-gesu-nella-rivelazione-di-maria-valtorta\/#respond"]}]},{"@type":"WebPage","@id":"https:\/\/archiviocassano.lavocedelpaese.info\/index.php\/2017\/12\/16\/la-nativita-di-gesu-nella-rivelazione-di-maria-valtorta\/","url":"https:\/\/archiviocassano.lavocedelpaese.info\/index.php\/2017\/12\/16\/la-nativita-di-gesu-nella-rivelazione-di-maria-valtorta\/","name":"La Nativit\u00e0 di Ges\u00f9 nella rivelazione di Maria Valtorta - Archivio CassanoWeb","isPartOf":{"@id":"https:\/\/archiviocassano.lavocedelpaese.info\/#website"},"primaryImageOfPage":{"@id":"https:\/\/archiviocassano.lavocedelpaese.info\/index.php\/2017\/12\/16\/la-nativita-di-gesu-nella-rivelazione-di-maria-valtorta\/#primaryimage"},"image":{"@id":"https:\/\/archiviocassano.lavocedelpaese.info\/index.php\/2017\/12\/16\/la-nativita-di-gesu-nella-rivelazione-di-maria-valtorta\/#primaryimage"},"thumbnailUrl":"https:\/\/archiviocassano.lavocedelpaese.info\/wp-content\/uploads\/2017\/12\/natale_valtorta-iloveimg-cropped.jpg","datePublished":"2017-12-16T07:16:50+00:00","breadcrumb":{"@id":"https:\/\/archiviocassano.lavocedelpaese.info\/index.php\/2017\/12\/16\/la-nativita-di-gesu-nella-rivelazione-di-maria-valtorta\/#breadcrumb"},"inLanguage":"it-IT","potentialAction":[{"@type":"ReadAction","target":["https:\/\/archiviocassano.lavocedelpaese.info\/index.php\/2017\/12\/16\/la-nativita-di-gesu-nella-rivelazione-di-maria-valtorta\/"]}]},{"@type":"ImageObject","inLanguage":"it-IT","@id":"https:\/\/archiviocassano.lavocedelpaese.info\/index.php\/2017\/12\/16\/la-nativita-di-gesu-nella-rivelazione-di-maria-valtorta\/#primaryimage","url":"https:\/\/archiviocassano.lavocedelpaese.info\/wp-content\/uploads\/2017\/12\/natale_valtorta-iloveimg-cropped.jpg","contentUrl":"https:\/\/archiviocassano.lavocedelpaese.info\/wp-content\/uploads\/2017\/12\/natale_valtorta-iloveimg-cropped.jpg","width":867,"height":564,"caption":"natale valtorta-iloveimg-cropped"},{"@type":"BreadcrumbList","@id":"https:\/\/archiviocassano.lavocedelpaese.info\/index.php\/2017\/12\/16\/la-nativita-di-gesu-nella-rivelazione-di-maria-valtorta\/#breadcrumb","itemListElement":[{"@type":"ListItem","position":1,"name":"Home","item":"https:\/\/archiviocassano.lavocedelpaese.info\/"},{"@type":"ListItem","position":2,"name":"La Nativit\u00e0 di Ges\u00f9 nella rivelazione di Maria Valtorta"}]},{"@type":"WebSite","@id":"https:\/\/archiviocassano.lavocedelpaese.info\/#website","url":"https:\/\/archiviocassano.lavocedelpaese.info\/","name":"Archivio CassanoWeb","description":"La Voce del Paese - un network di idee","publisher":{"@id":"https:\/\/archiviocassano.lavocedelpaese.info\/#organization"},"potentialAction":[{"@type":"SearchAction","target":{"@type":"EntryPoint","urlTemplate":"https:\/\/archiviocassano.lavocedelpaese.info\/?s={search_term_string}"},"query-input":{"@type":"PropertyValueSpecification","valueRequired":true,"valueName":"search_term_string"}}],"inLanguage":"it-IT"},{"@type":"Organization","@id":"https:\/\/archiviocassano.lavocedelpaese.info\/#organization","name":"Archivio CassanoWeb","url":"https:\/\/archiviocassano.lavocedelpaese.info\/","logo":{"@type":"ImageObject","inLanguage":"it-IT","@id":"https:\/\/archiviocassano.lavocedelpaese.info\/#\/schema\/logo\/image\/","url":"https:\/\/archiviocassano.lavocedelpaese.info\/wp-content\/uploads\/2024\/08\/logo-rosso-2.png","contentUrl":"https:\/\/archiviocassano.lavocedelpaese.info\/wp-content\/uploads\/2024\/08\/logo-rosso-2.png","width":491,"height":432,"caption":"Archivio CassanoWeb"},"image":{"@id":"https:\/\/archiviocassano.lavocedelpaese.info\/#\/schema\/logo\/image\/"},"sameAs":["https:\/\/www.facebook.com\/redazione.cassanoweb"]},{"@type":"Person","@id":"https:\/\/archiviocassano.lavocedelpaese.info\/#\/schema\/person\/df195bc79a9b4c35127cf005f92e041b","name":"admin","image":{"@type":"ImageObject","inLanguage":"it-IT","@id":"https:\/\/secure.gravatar.com\/avatar\/eabba89a432e8eaa1b0207cc55f7e5340b22712b1ed80677efcf63e02ff5b235?s=96&d=mm&r=g","url":"https:\/\/secure.gravatar.com\/avatar\/eabba89a432e8eaa1b0207cc55f7e5340b22712b1ed80677efcf63e02ff5b235?s=96&d=mm&r=g","contentUrl":"https:\/\/secure.gravatar.com\/avatar\/eabba89a432e8eaa1b0207cc55f7e5340b22712b1ed80677efcf63e02ff5b235?s=96&d=mm&r=g","caption":"admin"},"sameAs":["https:\/\/archiviocassano.lavocedelpaese.info"],"url":"https:\/\/archiviocassano.lavocedelpaese.info\/index.php\/author\/admin_0qgz1xdp\/"}]}},"_links":{"self":[{"href":"https:\/\/archiviocassano.lavocedelpaese.info\/index.php\/wp-json\/wp\/v2\/posts\/15178","targetHints":{"allow":["GET"]}}],"collection":[{"href":"https:\/\/archiviocassano.lavocedelpaese.info\/index.php\/wp-json\/wp\/v2\/posts"}],"about":[{"href":"https:\/\/archiviocassano.lavocedelpaese.info\/index.php\/wp-json\/wp\/v2\/types\/post"}],"author":[{"embeddable":true,"href":"https:\/\/archiviocassano.lavocedelpaese.info\/index.php\/wp-json\/wp\/v2\/users\/1"}],"replies":[{"embeddable":true,"href":"https:\/\/archiviocassano.lavocedelpaese.info\/index.php\/wp-json\/wp\/v2\/comments?post=15178"}],"version-history":[{"count":0,"href":"https:\/\/archiviocassano.lavocedelpaese.info\/index.php\/wp-json\/wp\/v2\/posts\/15178\/revisions"}],"wp:featuredmedia":[{"embeddable":true,"href":"https:\/\/archiviocassano.lavocedelpaese.info\/index.php\/wp-json\/wp\/v2\/media\/15177"}],"wp:attachment":[{"href":"https:\/\/archiviocassano.lavocedelpaese.info\/index.php\/wp-json\/wp\/v2\/media?parent=15178"}],"wp:term":[{"taxonomy":"category","embeddable":true,"href":"https:\/\/archiviocassano.lavocedelpaese.info\/index.php\/wp-json\/wp\/v2\/categories?post=15178"},{"taxonomy":"post_tag","embeddable":true,"href":"https:\/\/archiviocassano.lavocedelpaese.info\/index.php\/wp-json\/wp\/v2\/tags?post=15178"}],"curies":[{"name":"wp","href":"https:\/\/api.w.org\/{rel}","templated":true}]}}