{"id":15181,"date":"2017-12-18T07:32:17","date_gmt":"2017-12-18T07:32:17","guid":{"rendered":"https:\/\/archiviocassano.lavocedelpaese.info\/index.php\/2017\/12\/18\/mensa-scolastica-per-qsiamo-cassanoq-i-conti-non-tornano\/"},"modified":"2017-12-18T07:32:17","modified_gmt":"2017-12-18T07:32:17","slug":"mensa-scolastica-per-qsiamo-cassanoq-i-conti-non-tornano","status":"publish","type":"post","link":"https:\/\/archiviocassano.lavocedelpaese.info\/index.php\/2017\/12\/18\/mensa-scolastica-per-qsiamo-cassanoq-i-conti-non-tornano\/","title":{"rendered":"Mensa scolastica, per &#8220;Siamo Cassano&#8221; i conti non tornano"},"content":{"rendered":"<p><img loading=\"lazy\" decoding=\"async\" class=\" size-full wp-image-15180\" src=\"https:\/\/archiviocassano.lavocedelpaese.info\/wp-content\/uploads\/2017\/12\/mensa-scolastica.jpg\" alt=\"mensa-scolastica\" style=\"margin-right: 2px; margin-left: 2px;\" height=\"150\" width=\"320\" \/><\/p>\n<p><!--more--><\/p>\n<p style=\"text-align: justify;\"><em>Dal gruppo consiliare di minoranza &#8220;Siamo Cassano&#8221;, riceviamo e pubblichiamo una interrogazione rivolta al Sindaco Maria Pia Di Medio.&nbsp; Il gruppo chiede spiegazioni sull&#8217;errato calcolo dei bambini che usufruiscono della mensa (100 in pi\u00f9) da parte del Comune che ha quindi dovuto far ricorso in emergenza al fondo di emergenza per garantire il servizio. E ci\u00f2, fa rilevare &#8220;Siamo Cassano&#8221;, nonostante diversi giorni prima la Dirigente scolastica avesse segnalato il maggior numero di piccoli utenti.&nbsp;<\/em><\/p>\n<p style=\"text-align: justify;\"><em>Di seguito il testo della interrogazione.<\/em><\/p>\n<p>&nbsp;<\/p>\n<p>&nbsp;<\/p>\n<p>Oggetto: interrogazione mensa scolastica<\/p>\n<p><strong>Premesso:<\/strong><\/p>\n<p>-che in data 29\/11\/2017 abbiamo approvato in Consiglio Comunale il Piano del Diritto allo Studio e l\u2019ultima variazione possibile per il corrente anno al bilancio di esercizio 2017;<\/p>\n<p>&#8211; solo in data successiva ci si accorge che il Dirigente Scolastico fin dal <strong>24\/11\/2017<\/strong> preavvertiva il Comune sul dato che rispetto alla media di 200 bambini fruitori del servizio mensa nel periodo gennaio-maggio 2017, si registrer\u00e0 un incremento di circa 100 unit\u00e0 in pi\u00f9 di bambini che nel corso dell\u2019anno scolastico 2017\/2018 fruiranno del servizio mensa tanto da indurre Lei ad adottare la Delibera 122 del 6\/12\/2017 con la quale ha prosciugato il fondo di riserva per poter garantire la copertura di spesa per l\u2019appalto del servizio mensa scolastica<\/p>\n<p style=\"text-align: justify;\">&#8211; in data 11\/12\/2017 viene pubblicato l\u2019Avviso pubblico per l\u2019espletamento di procedura negoziata senza previa pubblicazione di un bando di gara per l\u2019affidamento del servizio di \u201c Mensa scolastica anno 2018\u201d <strong>periodo 1 gennaio\/31 maggio<\/strong> che prevede la fornitura dei pasti per 280 bambini con copertura di spesa per \u20ac. 105.080,00 oltre iva pari a \u20ac. 23.117,60 per complessivi \u20ac. 128.197,60 ed \u00e8 presumibile che per il periodo settembre\/dicembre 2018, conteggiando il servizio mensa per tre mesi dal 20 settembre al 20 dicembre occorreranno \u20ac. 85.465,00 circa per un totale di costo per il servizio mensa anno 2018 pari a \u20ac. 213.662,60 (N.B.: abbiamo calcolato 18 settimane di frequenza per 5 giorni nel periodo gennaio\/maggio che conta 20 settimane decurtate della settimana di inizio anno e della settimana delle vacanze pasquali) e 12 settimane di frequenze per cinque giorni nel periodo 20 settembre\/20 dicembre)<strong><\/strong><\/p>\n<p>&#8211; nel Piano del Diritto allo studio sono stati previsti solo 234 bambini fruitori del servizio mensa per la scuola statale dell\u2019infanzia e 52 bambini della scuola primaria statale oltre i pasti per i docenti per un totale di 286 pasti e per un costo di \u20ac. 184.764,99 ed \u00e8 stato chiesto alla Regione un contributo di \u20ac. 55.429,50<\/p>\n<p><strong>In disparte ogni rilievo circa:<\/strong><\/p>\n<p>l\u2019attenzione che la Sua amministrazione presta alle comunicazioni che giungono al Comune:<\/p>\n<ol>\n<li>&nbsp;&nbsp;&nbsp;&nbsp;&nbsp; <strong>per ritornare alla questione SPRAR<\/strong> in data 01\/09\/2017 in soli <strong>tre giorni<\/strong> con Deliberazione di Giunta Comunale veniva accolta una nota PEC del 29\/08\/2017 con un\u2019immediatezza e con tanta solerzia che non \u00e8 facile riscontrare nelle attivit\u00e0 del nostro Comune, neanche quando bisogna inviare richieste per accedere a finanziamenti regionali che puntualmente perdiamo come quello dei 32.500 \u20ac. per la rimozione dei rifiuti dalle strade; con tale delibera Lei, senza alcun bando e senza alcun confronto con eventuali altri operatori o cittadini disponibili ad acquisire in comodato d&#8217;uso gratuito o anche a titolo oneroso, accoglieva la richiesta della societ\u00e0 Terra Nostra ( soggetto giuridico avente fini di lucro) tendente ad ottenere l&#8217;utilizzo di immobili di propriet\u00e0 comunale affinch\u00e8 potesse partecipare al bando SPRAR facendo in modo che quella ditta potesse pretendere di concorrere all&#8217;attribuzione di <strong>Max 15 punti che il bando prevede a favore del concorrente che avesse avuto alla data di presentazione delle offerte la disponibilit\u00e0 di unit\u00e0 immobiliari <\/strong>per civile abitazione e\/o ricettivo da adibire esclusivamente all&#8217;accoglienza richiedenti\/titolari di protezione internazionale del progetto territoriale del Comune di Cassano delle Murge.<\/li>\n<li>&nbsp;&nbsp;&nbsp;&nbsp;&nbsp; <strong>Giunge in data 24\/11\/2017 la comunicazione del dirigente scolastico <\/strong>&nbsp;che preavverte il Comune sul dato che rispetto alla media di 200 bambini fruitori del servizio mensa nel periodo gennaio-maggio 2017, si registrer\u00e0 un incremento di circa 100 unit\u00e0 in pi\u00f9 di bambini che nel corso dell\u2019anno scolastico 2017\/2018 fruiranno del servizio mensa e Lei non ne prende atto nel Piano del Diritto allo Studio e nella variazione di Bilancio che abbiamo approvato in Consiglio Comunale il 29\/11\/2017 con il svantaggio di non poter pi\u00f9 rimediare in quanto obbligati a deliberare entro il 30 novembre 2017.<\/li>\n<li>&nbsp;&nbsp;&nbsp;&nbsp;&nbsp; Avremmo potuto considerare quella spesa in pi\u00f9, occorrente a garantire la copertura di spesa per il servizio mensa, nella variazione di bilancio consiliare lasciando inalterato il fondo di riserva per eventuali imprevisti ed emergenze e ora siamo a secco e dobbiamo sperare che fino al 31\/12\/2017 il Comune non abbia a soffrire situazioni impreviste, imprevedibili ed emergenti<\/li>\n<li>&nbsp;&nbsp;&nbsp;&nbsp;&nbsp; Avremmo potuto considerare nel Piano del Diritto allo Studio la spesa che pi\u00f9 realisticamente si approssima al dato reale e cio\u00e8 \u20ac. 213.662,60 invece che \u20ac. 184.764,99 ed avremmo potuto chiedere alla Regione un contributo di entit\u00e0 maggiore rispetto agli \u20ac. 55.429,50 &nbsp;che con il Piano del Diritto allo Studio il Comune ha richiesto<\/li>\n<li>&nbsp;&nbsp;&nbsp;&nbsp;&nbsp; Come mai, se Le scrive Terra Nostra srl ( societ\u00e0 avente fini di lucro) in data 29 agosto 2017 Lei fa un Delibera in tre giorni ossia in data 1 settembre 2017, se Le scrive il Dirigente Scolastico in data 24\/11\/2017 Lei ne prende atto <strong>solo a tempo scaduto<\/strong> cio\u00e8 l\u20191 dicembre 2017, dopo che sono stati deliberati in Consiglio il Piano del Diritto allo Studio e le variazioni di bilancio le cui scadenze, per ragioni diverse, erano fissate al 30\/11\/2017?<\/li>\n<li>&nbsp;&nbsp;&nbsp;&nbsp;&nbsp; Non ritiene che ogni conseguenza contabile riveniente da questo pastrocchio che dovesse determinare maggiori oneri in bilancio o maggiori esborsi per le famiglie i cui figli fruiranno del servizio mensa scolastica e del trasporto scolastico nl 2018 debbano essere addebitati alla Sua amministrazione e non alla collettivit\u00e0?<\/li>\n<\/ol>\n<p><strong>Vanno effettuate due considerazioni:<\/strong><\/p>\n<p>&nbsp;<\/p>\n<ol>\n<li>&nbsp;&nbsp;&nbsp;&nbsp;&nbsp; Avremmo potuto considerare quella spesa in pi\u00f9, occorrente a garantire la copertura di spesa per il servizio mensa, nella variazione di bilancio consiliare lasciando inalterato il fondo di riserva per eventuali imprevisti ed emergenze e ora siamo a secco e dobbiamo sperare che fino al 31\/12\/2017 il Comune non abbia a soffrire situazioni impreviste, imprevedibili ed emergenti.<\/li>\n<li>Avremmo potuto considerare nel Piano del Diritto allo Studio la spesa che pi\u00f9 realisticamente si approssima al dato reale e cio\u00e8 \u20ac. 213.662,60 invece che \u20ac. 184.764,99 ed avremmo potuto chiedere alla Regione un contributo di entit\u00e0 maggiore rispetto agli \u20ac. 55.429,50 &nbsp;che con il Piano del Diritto allo Studio il Comune ha richiesto<\/li>\n<\/ol>\n<p>&nbsp;<\/p>\n<p><strong>Rileviamo in questo:<\/strong><\/p>\n<p>&nbsp;&#8211; un possibile errato calcolo anche per ci\u00f2 che riguarda il trasporto perch\u00e9 se 100 bambini in pi\u00f9 fruiranno del servizio mensa, sicuramente tra i 100 ci sar\u00e0 qualche bambino che avr\u00e0 necessit\u00e0 del servizio trasporto e non \u00e8 conteggiato nei calcoli del Piano del Diritto allo Studio;<\/p>\n<p>&#8211; la possibilit\u00e0 che parte della spesa in aumento non prevista per intempestiva presa di coscienza della lettera del dirigente scolastico si riversi sulla tasca delle famiglie in termini di aumenti di tariffa per il servizio mensa o di trasporto scolastico;<\/p>\n<p><strong>Tutto ci\u00f2 premesso e considerato, La interroghiamo per conoscere:<\/strong><\/p>\n<p>&nbsp;<\/p>\n<ol>\n<li>&nbsp;&nbsp;&nbsp;&nbsp;&nbsp; Come mai, se Le scrive Terra Nostra srl ( societ\u00e0 avente fini di lucro) in data 29 agosto 2017 Lei fa un Delibera in tre giorni ossia in data 1 settembre 2017, se Le scrive il Dirigente Scolastico in data 24\/11\/2017 Lei ne prende atto solo a tempo scaduto cio\u00e8 l\u20191 dicembre 2017, dopo che sono stati deliberati in Consiglio il Piano del Diritto allo Studio e le variazioni di bilancio le cui scadenze, per ragioni diverse, erano fissate al 30\/11\/2017?<\/li>\n<li>Non ritiene che ogni conseguenza contabile riveniente da questo pastrocchio che dovesse determinare maggiori oneri in bilancio o maggiori esborsi per le famiglie i cui figli fruiranno del servizio mensa scolastica e del trasporto scolastico nl 2018 debbano essere addebitati alla Sua amministrazione e non alla collettivit\u00e0?<\/li>\n<\/ol>\n<p>&nbsp;<\/p>\n<p>&nbsp;<\/p>\n<p>&nbsp;<\/p>\n","protected":false},"excerpt":{"rendered":"","protected":false},"author":1,"featured_media":15180,"comment_status":"open","ping_status":"closed","sticky":false,"template":"","format":"standard","meta":{"colormag_page_container_layout":"default_layout","colormag_page_sidebar_layout":"default_layout","footnotes":""},"categories":[4],"tags":[],"class_list":["post-15181","post","type-post","status-publish","format-standard","has-post-thumbnail","hentry","category-politica"],"yoast_head":"<!-- This site is optimized with the Yoast SEO plugin v27.5 - https:\/\/yoast.com\/product\/yoast-seo-wordpress\/ -->\n<title>Mensa scolastica, per &quot;Siamo Cassano&quot; i conti non tornano - Archivio CassanoWeb<\/title>\n<meta name=\"robots\" content=\"index, follow, max-snippet:-1, max-image-preview:large, max-video-preview:-1\" \/>\n<link rel=\"canonical\" href=\"https:\/\/archiviocassano.lavocedelpaese.info\/index.php\/2017\/12\/18\/mensa-scolastica-per-qsiamo-cassanoq-i-conti-non-tornano\/\" \/>\n<meta property=\"og:locale\" content=\"it_IT\" \/>\n<meta property=\"og:type\" content=\"article\" \/>\n<meta property=\"og:title\" content=\"Mensa scolastica, per &quot;Siamo Cassano&quot; i conti non tornano - Archivio CassanoWeb\" \/>\n<meta property=\"og:url\" content=\"https:\/\/archiviocassano.lavocedelpaese.info\/index.php\/2017\/12\/18\/mensa-scolastica-per-qsiamo-cassanoq-i-conti-non-tornano\/\" \/>\n<meta property=\"og:site_name\" content=\"Archivio CassanoWeb\" \/>\n<meta property=\"article:publisher\" content=\"https:\/\/www.facebook.com\/redazione.cassanoweb\" \/>\n<meta property=\"article:published_time\" content=\"2017-12-18T07:32:17+00:00\" \/>\n<meta property=\"og:image\" content=\"https:\/\/archiviocassano.lavocedelpaese.info\/wp-content\/uploads\/2017\/12\/mensa-scolastica.jpg\" \/>\n\t<meta property=\"og:image:width\" content=\"1920\" \/>\n\t<meta property=\"og:image:height\" content=\"1002\" \/>\n\t<meta property=\"og:image:type\" content=\"image\/jpeg\" \/>\n<meta name=\"author\" content=\"admin\" \/>\n<meta name=\"twitter:card\" content=\"summary_large_image\" \/>\n<meta name=\"twitter:label1\" content=\"Scritto da\" \/>\n\t<meta name=\"twitter:data1\" content=\"admin\" \/>\n\t<meta name=\"twitter:label2\" content=\"Tempo di lettura stimato\" \/>\n\t<meta name=\"twitter:data2\" content=\"6 minuti\" \/>\n<script type=\"application\/ld+json\" class=\"yoast-schema-graph\">{\"@context\":\"https:\\\/\\\/schema.org\",\"@graph\":[{\"@type\":\"Article\",\"@id\":\"https:\\\/\\\/archiviocassano.lavocedelpaese.info\\\/index.php\\\/2017\\\/12\\\/18\\\/mensa-scolastica-per-qsiamo-cassanoq-i-conti-non-tornano\\\/#article\",\"isPartOf\":{\"@id\":\"https:\\\/\\\/archiviocassano.lavocedelpaese.info\\\/index.php\\\/2017\\\/12\\\/18\\\/mensa-scolastica-per-qsiamo-cassanoq-i-conti-non-tornano\\\/\"},\"author\":{\"name\":\"admin\",\"@id\":\"https:\\\/\\\/archiviocassano.lavocedelpaese.info\\\/#\\\/schema\\\/person\\\/df195bc79a9b4c35127cf005f92e041b\"},\"headline\":\"Mensa scolastica, per &#8220;Siamo Cassano&#8221; i conti non tornano\",\"datePublished\":\"2017-12-18T07:32:17+00:00\",\"mainEntityOfPage\":{\"@id\":\"https:\\\/\\\/archiviocassano.lavocedelpaese.info\\\/index.php\\\/2017\\\/12\\\/18\\\/mensa-scolastica-per-qsiamo-cassanoq-i-conti-non-tornano\\\/\"},\"wordCount\":1274,\"commentCount\":0,\"publisher\":{\"@id\":\"https:\\\/\\\/archiviocassano.lavocedelpaese.info\\\/#organization\"},\"image\":{\"@id\":\"https:\\\/\\\/archiviocassano.lavocedelpaese.info\\\/index.php\\\/2017\\\/12\\\/18\\\/mensa-scolastica-per-qsiamo-cassanoq-i-conti-non-tornano\\\/#primaryimage\"},\"thumbnailUrl\":\"https:\\\/\\\/archiviocassano.lavocedelpaese.info\\\/wp-content\\\/uploads\\\/2017\\\/12\\\/mensa-scolastica.jpg\",\"articleSection\":[\"Politica\"],\"inLanguage\":\"it-IT\",\"potentialAction\":[{\"@type\":\"CommentAction\",\"name\":\"Comment\",\"target\":[\"https:\\\/\\\/archiviocassano.lavocedelpaese.info\\\/index.php\\\/2017\\\/12\\\/18\\\/mensa-scolastica-per-qsiamo-cassanoq-i-conti-non-tornano\\\/#respond\"]}]},{\"@type\":\"WebPage\",\"@id\":\"https:\\\/\\\/archiviocassano.lavocedelpaese.info\\\/index.php\\\/2017\\\/12\\\/18\\\/mensa-scolastica-per-qsiamo-cassanoq-i-conti-non-tornano\\\/\",\"url\":\"https:\\\/\\\/archiviocassano.lavocedelpaese.info\\\/index.php\\\/2017\\\/12\\\/18\\\/mensa-scolastica-per-qsiamo-cassanoq-i-conti-non-tornano\\\/\",\"name\":\"Mensa scolastica, per \\\"Siamo Cassano\\\" i conti non tornano - Archivio CassanoWeb\",\"isPartOf\":{\"@id\":\"https:\\\/\\\/archiviocassano.lavocedelpaese.info\\\/#website\"},\"primaryImageOfPage\":{\"@id\":\"https:\\\/\\\/archiviocassano.lavocedelpaese.info\\\/index.php\\\/2017\\\/12\\\/18\\\/mensa-scolastica-per-qsiamo-cassanoq-i-conti-non-tornano\\\/#primaryimage\"},\"image\":{\"@id\":\"https:\\\/\\\/archiviocassano.lavocedelpaese.info\\\/index.php\\\/2017\\\/12\\\/18\\\/mensa-scolastica-per-qsiamo-cassanoq-i-conti-non-tornano\\\/#primaryimage\"},\"thumbnailUrl\":\"https:\\\/\\\/archiviocassano.lavocedelpaese.info\\\/wp-content\\\/uploads\\\/2017\\\/12\\\/mensa-scolastica.jpg\",\"datePublished\":\"2017-12-18T07:32:17+00:00\",\"breadcrumb\":{\"@id\":\"https:\\\/\\\/archiviocassano.lavocedelpaese.info\\\/index.php\\\/2017\\\/12\\\/18\\\/mensa-scolastica-per-qsiamo-cassanoq-i-conti-non-tornano\\\/#breadcrumb\"},\"inLanguage\":\"it-IT\",\"potentialAction\":[{\"@type\":\"ReadAction\",\"target\":[\"https:\\\/\\\/archiviocassano.lavocedelpaese.info\\\/index.php\\\/2017\\\/12\\\/18\\\/mensa-scolastica-per-qsiamo-cassanoq-i-conti-non-tornano\\\/\"]}]},{\"@type\":\"ImageObject\",\"inLanguage\":\"it-IT\",\"@id\":\"https:\\\/\\\/archiviocassano.lavocedelpaese.info\\\/index.php\\\/2017\\\/12\\\/18\\\/mensa-scolastica-per-qsiamo-cassanoq-i-conti-non-tornano\\\/#primaryimage\",\"url\":\"https:\\\/\\\/archiviocassano.lavocedelpaese.info\\\/wp-content\\\/uploads\\\/2017\\\/12\\\/mensa-scolastica.jpg\",\"contentUrl\":\"https:\\\/\\\/archiviocassano.lavocedelpaese.info\\\/wp-content\\\/uploads\\\/2017\\\/12\\\/mensa-scolastica.jpg\",\"width\":1920,\"height\":1002,\"caption\":\"mensa-scolastica\"},{\"@type\":\"BreadcrumbList\",\"@id\":\"https:\\\/\\\/archiviocassano.lavocedelpaese.info\\\/index.php\\\/2017\\\/12\\\/18\\\/mensa-scolastica-per-qsiamo-cassanoq-i-conti-non-tornano\\\/#breadcrumb\",\"itemListElement\":[{\"@type\":\"ListItem\",\"position\":1,\"name\":\"Home\",\"item\":\"https:\\\/\\\/archiviocassano.lavocedelpaese.info\\\/\"},{\"@type\":\"ListItem\",\"position\":2,\"name\":\"Mensa scolastica, per &#8220;Siamo Cassano&#8221; i conti non tornano\"}]},{\"@type\":\"WebSite\",\"@id\":\"https:\\\/\\\/archiviocassano.lavocedelpaese.info\\\/#website\",\"url\":\"https:\\\/\\\/archiviocassano.lavocedelpaese.info\\\/\",\"name\":\"Archivio CassanoWeb\",\"description\":\"La Voce del Paese - un network di idee\",\"publisher\":{\"@id\":\"https:\\\/\\\/archiviocassano.lavocedelpaese.info\\\/#organization\"},\"potentialAction\":[{\"@type\":\"SearchAction\",\"target\":{\"@type\":\"EntryPoint\",\"urlTemplate\":\"https:\\\/\\\/archiviocassano.lavocedelpaese.info\\\/?s={search_term_string}\"},\"query-input\":{\"@type\":\"PropertyValueSpecification\",\"valueRequired\":true,\"valueName\":\"search_term_string\"}}],\"inLanguage\":\"it-IT\"},{\"@type\":\"Organization\",\"@id\":\"https:\\\/\\\/archiviocassano.lavocedelpaese.info\\\/#organization\",\"name\":\"Archivio CassanoWeb\",\"url\":\"https:\\\/\\\/archiviocassano.lavocedelpaese.info\\\/\",\"logo\":{\"@type\":\"ImageObject\",\"inLanguage\":\"it-IT\",\"@id\":\"https:\\\/\\\/archiviocassano.lavocedelpaese.info\\\/#\\\/schema\\\/logo\\\/image\\\/\",\"url\":\"https:\\\/\\\/archiviocassano.lavocedelpaese.info\\\/wp-content\\\/uploads\\\/2024\\\/08\\\/logo-rosso-2.png\",\"contentUrl\":\"https:\\\/\\\/archiviocassano.lavocedelpaese.info\\\/wp-content\\\/uploads\\\/2024\\\/08\\\/logo-rosso-2.png\",\"width\":491,\"height\":432,\"caption\":\"Archivio CassanoWeb\"},\"image\":{\"@id\":\"https:\\\/\\\/archiviocassano.lavocedelpaese.info\\\/#\\\/schema\\\/logo\\\/image\\\/\"},\"sameAs\":[\"https:\\\/\\\/www.facebook.com\\\/redazione.cassanoweb\"]},{\"@type\":\"Person\",\"@id\":\"https:\\\/\\\/archiviocassano.lavocedelpaese.info\\\/#\\\/schema\\\/person\\\/df195bc79a9b4c35127cf005f92e041b\",\"name\":\"admin\",\"image\":{\"@type\":\"ImageObject\",\"inLanguage\":\"it-IT\",\"@id\":\"https:\\\/\\\/secure.gravatar.com\\\/avatar\\\/eabba89a432e8eaa1b0207cc55f7e5340b22712b1ed80677efcf63e02ff5b235?s=96&d=mm&r=g\",\"url\":\"https:\\\/\\\/secure.gravatar.com\\\/avatar\\\/eabba89a432e8eaa1b0207cc55f7e5340b22712b1ed80677efcf63e02ff5b235?s=96&d=mm&r=g\",\"contentUrl\":\"https:\\\/\\\/secure.gravatar.com\\\/avatar\\\/eabba89a432e8eaa1b0207cc55f7e5340b22712b1ed80677efcf63e02ff5b235?s=96&d=mm&r=g\",\"caption\":\"admin\"},\"sameAs\":[\"https:\\\/\\\/archiviocassano.lavocedelpaese.info\"],\"url\":\"https:\\\/\\\/archiviocassano.lavocedelpaese.info\\\/index.php\\\/author\\\/admin_0qgz1xdp\\\/\"}]}<\/script>\n<!-- \/ Yoast SEO plugin. -->","yoast_head_json":{"title":"Mensa scolastica, per \"Siamo Cassano\" i conti non tornano - Archivio CassanoWeb","robots":{"index":"index","follow":"follow","max-snippet":"max-snippet:-1","max-image-preview":"max-image-preview:large","max-video-preview":"max-video-preview:-1"},"canonical":"https:\/\/archiviocassano.lavocedelpaese.info\/index.php\/2017\/12\/18\/mensa-scolastica-per-qsiamo-cassanoq-i-conti-non-tornano\/","og_locale":"it_IT","og_type":"article","og_title":"Mensa scolastica, per \"Siamo Cassano\" i conti non tornano - Archivio CassanoWeb","og_url":"https:\/\/archiviocassano.lavocedelpaese.info\/index.php\/2017\/12\/18\/mensa-scolastica-per-qsiamo-cassanoq-i-conti-non-tornano\/","og_site_name":"Archivio CassanoWeb","article_publisher":"https:\/\/www.facebook.com\/redazione.cassanoweb","article_published_time":"2017-12-18T07:32:17+00:00","og_image":[{"width":1920,"height":1002,"url":"https:\/\/archiviocassano.lavocedelpaese.info\/wp-content\/uploads\/2017\/12\/mensa-scolastica.jpg","type":"image\/jpeg"}],"author":"admin","twitter_card":"summary_large_image","twitter_misc":{"Scritto da":"admin","Tempo di lettura stimato":"6 minuti"},"schema":{"@context":"https:\/\/schema.org","@graph":[{"@type":"Article","@id":"https:\/\/archiviocassano.lavocedelpaese.info\/index.php\/2017\/12\/18\/mensa-scolastica-per-qsiamo-cassanoq-i-conti-non-tornano\/#article","isPartOf":{"@id":"https:\/\/archiviocassano.lavocedelpaese.info\/index.php\/2017\/12\/18\/mensa-scolastica-per-qsiamo-cassanoq-i-conti-non-tornano\/"},"author":{"name":"admin","@id":"https:\/\/archiviocassano.lavocedelpaese.info\/#\/schema\/person\/df195bc79a9b4c35127cf005f92e041b"},"headline":"Mensa scolastica, per &#8220;Siamo Cassano&#8221; i conti non tornano","datePublished":"2017-12-18T07:32:17+00:00","mainEntityOfPage":{"@id":"https:\/\/archiviocassano.lavocedelpaese.info\/index.php\/2017\/12\/18\/mensa-scolastica-per-qsiamo-cassanoq-i-conti-non-tornano\/"},"wordCount":1274,"commentCount":0,"publisher":{"@id":"https:\/\/archiviocassano.lavocedelpaese.info\/#organization"},"image":{"@id":"https:\/\/archiviocassano.lavocedelpaese.info\/index.php\/2017\/12\/18\/mensa-scolastica-per-qsiamo-cassanoq-i-conti-non-tornano\/#primaryimage"},"thumbnailUrl":"https:\/\/archiviocassano.lavocedelpaese.info\/wp-content\/uploads\/2017\/12\/mensa-scolastica.jpg","articleSection":["Politica"],"inLanguage":"it-IT","potentialAction":[{"@type":"CommentAction","name":"Comment","target":["https:\/\/archiviocassano.lavocedelpaese.info\/index.php\/2017\/12\/18\/mensa-scolastica-per-qsiamo-cassanoq-i-conti-non-tornano\/#respond"]}]},{"@type":"WebPage","@id":"https:\/\/archiviocassano.lavocedelpaese.info\/index.php\/2017\/12\/18\/mensa-scolastica-per-qsiamo-cassanoq-i-conti-non-tornano\/","url":"https:\/\/archiviocassano.lavocedelpaese.info\/index.php\/2017\/12\/18\/mensa-scolastica-per-qsiamo-cassanoq-i-conti-non-tornano\/","name":"Mensa scolastica, per \"Siamo Cassano\" i conti non tornano - Archivio CassanoWeb","isPartOf":{"@id":"https:\/\/archiviocassano.lavocedelpaese.info\/#website"},"primaryImageOfPage":{"@id":"https:\/\/archiviocassano.lavocedelpaese.info\/index.php\/2017\/12\/18\/mensa-scolastica-per-qsiamo-cassanoq-i-conti-non-tornano\/#primaryimage"},"image":{"@id":"https:\/\/archiviocassano.lavocedelpaese.info\/index.php\/2017\/12\/18\/mensa-scolastica-per-qsiamo-cassanoq-i-conti-non-tornano\/#primaryimage"},"thumbnailUrl":"https:\/\/archiviocassano.lavocedelpaese.info\/wp-content\/uploads\/2017\/12\/mensa-scolastica.jpg","datePublished":"2017-12-18T07:32:17+00:00","breadcrumb":{"@id":"https:\/\/archiviocassano.lavocedelpaese.info\/index.php\/2017\/12\/18\/mensa-scolastica-per-qsiamo-cassanoq-i-conti-non-tornano\/#breadcrumb"},"inLanguage":"it-IT","potentialAction":[{"@type":"ReadAction","target":["https:\/\/archiviocassano.lavocedelpaese.info\/index.php\/2017\/12\/18\/mensa-scolastica-per-qsiamo-cassanoq-i-conti-non-tornano\/"]}]},{"@type":"ImageObject","inLanguage":"it-IT","@id":"https:\/\/archiviocassano.lavocedelpaese.info\/index.php\/2017\/12\/18\/mensa-scolastica-per-qsiamo-cassanoq-i-conti-non-tornano\/#primaryimage","url":"https:\/\/archiviocassano.lavocedelpaese.info\/wp-content\/uploads\/2017\/12\/mensa-scolastica.jpg","contentUrl":"https:\/\/archiviocassano.lavocedelpaese.info\/wp-content\/uploads\/2017\/12\/mensa-scolastica.jpg","width":1920,"height":1002,"caption":"mensa-scolastica"},{"@type":"BreadcrumbList","@id":"https:\/\/archiviocassano.lavocedelpaese.info\/index.php\/2017\/12\/18\/mensa-scolastica-per-qsiamo-cassanoq-i-conti-non-tornano\/#breadcrumb","itemListElement":[{"@type":"ListItem","position":1,"name":"Home","item":"https:\/\/archiviocassano.lavocedelpaese.info\/"},{"@type":"ListItem","position":2,"name":"Mensa scolastica, per &#8220;Siamo Cassano&#8221; i conti non tornano"}]},{"@type":"WebSite","@id":"https:\/\/archiviocassano.lavocedelpaese.info\/#website","url":"https:\/\/archiviocassano.lavocedelpaese.info\/","name":"Archivio CassanoWeb","description":"La Voce del Paese - un network di idee","publisher":{"@id":"https:\/\/archiviocassano.lavocedelpaese.info\/#organization"},"potentialAction":[{"@type":"SearchAction","target":{"@type":"EntryPoint","urlTemplate":"https:\/\/archiviocassano.lavocedelpaese.info\/?s={search_term_string}"},"query-input":{"@type":"PropertyValueSpecification","valueRequired":true,"valueName":"search_term_string"}}],"inLanguage":"it-IT"},{"@type":"Organization","@id":"https:\/\/archiviocassano.lavocedelpaese.info\/#organization","name":"Archivio CassanoWeb","url":"https:\/\/archiviocassano.lavocedelpaese.info\/","logo":{"@type":"ImageObject","inLanguage":"it-IT","@id":"https:\/\/archiviocassano.lavocedelpaese.info\/#\/schema\/logo\/image\/","url":"https:\/\/archiviocassano.lavocedelpaese.info\/wp-content\/uploads\/2024\/08\/logo-rosso-2.png","contentUrl":"https:\/\/archiviocassano.lavocedelpaese.info\/wp-content\/uploads\/2024\/08\/logo-rosso-2.png","width":491,"height":432,"caption":"Archivio CassanoWeb"},"image":{"@id":"https:\/\/archiviocassano.lavocedelpaese.info\/#\/schema\/logo\/image\/"},"sameAs":["https:\/\/www.facebook.com\/redazione.cassanoweb"]},{"@type":"Person","@id":"https:\/\/archiviocassano.lavocedelpaese.info\/#\/schema\/person\/df195bc79a9b4c35127cf005f92e041b","name":"admin","image":{"@type":"ImageObject","inLanguage":"it-IT","@id":"https:\/\/secure.gravatar.com\/avatar\/eabba89a432e8eaa1b0207cc55f7e5340b22712b1ed80677efcf63e02ff5b235?s=96&d=mm&r=g","url":"https:\/\/secure.gravatar.com\/avatar\/eabba89a432e8eaa1b0207cc55f7e5340b22712b1ed80677efcf63e02ff5b235?s=96&d=mm&r=g","contentUrl":"https:\/\/secure.gravatar.com\/avatar\/eabba89a432e8eaa1b0207cc55f7e5340b22712b1ed80677efcf63e02ff5b235?s=96&d=mm&r=g","caption":"admin"},"sameAs":["https:\/\/archiviocassano.lavocedelpaese.info"],"url":"https:\/\/archiviocassano.lavocedelpaese.info\/index.php\/author\/admin_0qgz1xdp\/"}]}},"_links":{"self":[{"href":"https:\/\/archiviocassano.lavocedelpaese.info\/index.php\/wp-json\/wp\/v2\/posts\/15181","targetHints":{"allow":["GET"]}}],"collection":[{"href":"https:\/\/archiviocassano.lavocedelpaese.info\/index.php\/wp-json\/wp\/v2\/posts"}],"about":[{"href":"https:\/\/archiviocassano.lavocedelpaese.info\/index.php\/wp-json\/wp\/v2\/types\/post"}],"author":[{"embeddable":true,"href":"https:\/\/archiviocassano.lavocedelpaese.info\/index.php\/wp-json\/wp\/v2\/users\/1"}],"replies":[{"embeddable":true,"href":"https:\/\/archiviocassano.lavocedelpaese.info\/index.php\/wp-json\/wp\/v2\/comments?post=15181"}],"version-history":[{"count":0,"href":"https:\/\/archiviocassano.lavocedelpaese.info\/index.php\/wp-json\/wp\/v2\/posts\/15181\/revisions"}],"wp:featuredmedia":[{"embeddable":true,"href":"https:\/\/archiviocassano.lavocedelpaese.info\/index.php\/wp-json\/wp\/v2\/media\/15180"}],"wp:attachment":[{"href":"https:\/\/archiviocassano.lavocedelpaese.info\/index.php\/wp-json\/wp\/v2\/media?parent=15181"}],"wp:term":[{"taxonomy":"category","embeddable":true,"href":"https:\/\/archiviocassano.lavocedelpaese.info\/index.php\/wp-json\/wp\/v2\/categories?post=15181"},{"taxonomy":"post_tag","embeddable":true,"href":"https:\/\/archiviocassano.lavocedelpaese.info\/index.php\/wp-json\/wp\/v2\/tags?post=15181"}],"curies":[{"name":"wp","href":"https:\/\/api.w.org\/{rel}","templated":true}]}}