{"id":15275,"date":"2017-12-31T09:46:16","date_gmt":"2017-12-31T09:46:16","guid":{"rendered":"https:\/\/archiviocassano.lavocedelpaese.info\/index.php\/2017\/12\/31\/gli-auguri-del-sindaco-maria-pia-di-medio-per-il-2018-qonoriamo-la-costituzione-italiana-a-70-anni-anni-dalla-promulgazioneq\/"},"modified":"2017-12-31T09:46:16","modified_gmt":"2017-12-31T09:46:16","slug":"gli-auguri-del-sindaco-maria-pia-di-medio-per-il-2018-qonoriamo-la-costituzione-italiana-a-70-anni-anni-dalla-promulgazioneq","status":"publish","type":"post","link":"https:\/\/archiviocassano.lavocedelpaese.info\/index.php\/2017\/12\/31\/gli-auguri-del-sindaco-maria-pia-di-medio-per-il-2018-qonoriamo-la-costituzione-italiana-a-70-anni-anni-dalla-promulgazioneq\/","title":{"rendered":"Gli auguri del Sindaco di Cassano per il 2018"},"content":{"rendered":"<p style=\"text-align: justify;\"><img loading=\"lazy\" decoding=\"async\" class=\" size-full wp-image-15274\" src=\"https:\/\/archiviocassano.lavocedelpaese.info\/wp-content\/uploads\/2017\/12\/sindaco_con_fascia_verticale-iloveimg-cropped.jpg\" alt=\"sindaco con fascia verticale-iloveimg-cropped\" style=\"margin-right: 2px; margin-left: 2px;\" height=\"150\" width=\"320\" \/><\/p>\n<p><!--more--><\/p>\n<p>Settanta anni fa, &nbsp;il 27 dicembre 1947 fu promulgata la Costituzione della Repubblia Italiana da Enrico De Nicola, sino ad allora, e dal 1 luglio 1946, Capo provvisorio dello Stato &#8211; eletto dalla Costituente &#8211; e Presidente della Repubblica dal 1 gennaio 1948, giorno dell&#8217;entrata in vigore della Carta, proprio in virt\u00f9 della prima delle Disposizioni transitorie e finali.<\/p>\n<p style=\"text-align: justify;\">A controfirmare furono il Presidente dell&#8217;Assemblea Costituente stessa, Umberto Terracini, quello del Consiglio, Alcide De Gasperi, e, ovviamente, il Guardasigilli, Giuseppe Grassi.<\/p>\n<p style=\"text-align: justify;\">Pertanto il 1 gennaio 2018 saranno 70 anni che l\u2019Italia pu\u00f2 vantare la Costituzione pi\u00f9 bella tra i paesi democratici. Noi Italiani di oggi abbiamo il DOVERE di onorarla e rispettarla perch\u00e9 \u00e8 il frutto di lotte, di sacrifici di vite umane ma soprattutto del grande senso dello Stato e della Democrrazia dei Padri Costituenti.<\/p>\n<p style=\"text-align: justify;\">Per questo, con gli &nbsp;auguri di un sereno 2018 a tutti i cittadini di Cassano, invitiamo gli Enti Culturali del nostro territorio e le scuole di ogni ordine e grado a formulare proposte per realizzare interventi o eventi in ricordo dei 70 anni della nostra Costituzione per onorare degnamente questo anno dedicato anche alle manifestazioni per i cento anni della fine della Grande Guerra.<\/p>\n<p style=\"text-align: justify;\">Le ideee e le proposte possono essere inviate all\u2019attenzione del Sindaco.<\/p>\n<p style=\"text-align: justify;\">Auguri per un prospero 2018.<\/p>\n<p>&nbsp;<\/p>\n<p>&nbsp;<\/p>\n","protected":false},"excerpt":{"rendered":"","protected":false},"author":1,"featured_media":15274,"comment_status":"open","ping_status":"closed","sticky":false,"template":"","format":"standard","meta":{"colormag_page_container_layout":"default_layout","colormag_page_sidebar_layout":"default_layout","footnotes":""},"categories":[4],"tags":[],"class_list":["post-15275","post","type-post","status-publish","format-standard","has-post-thumbnail","hentry","category-politica"],"yoast_head":"<!-- This site is optimized with the Yoast SEO plugin v27.5 - https:\/\/yoast.com\/product\/yoast-seo-wordpress\/ -->\n<title>Gli auguri del Sindaco di Cassano per il 2018 - Archivio CassanoWeb<\/title>\n<meta name=\"robots\" content=\"index, follow, max-snippet:-1, max-image-preview:large, max-video-preview:-1\" \/>\n<link rel=\"canonical\" href=\"https:\/\/archiviocassano.lavocedelpaese.info\/index.php\/2017\/12\/31\/gli-auguri-del-sindaco-maria-pia-di-medio-per-il-2018-qonoriamo-la-costituzione-italiana-a-70-anni-anni-dalla-promulgazioneq\/\" \/>\n<meta property=\"og:locale\" content=\"it_IT\" \/>\n<meta property=\"og:type\" content=\"article\" \/>\n<meta property=\"og:title\" content=\"Gli auguri del Sindaco di Cassano per il 2018 - Archivio CassanoWeb\" \/>\n<meta property=\"og:url\" content=\"https:\/\/archiviocassano.lavocedelpaese.info\/index.php\/2017\/12\/31\/gli-auguri-del-sindaco-maria-pia-di-medio-per-il-2018-qonoriamo-la-costituzione-italiana-a-70-anni-anni-dalla-promulgazioneq\/\" \/>\n<meta property=\"og:site_name\" content=\"Archivio CassanoWeb\" \/>\n<meta property=\"article:publisher\" content=\"https:\/\/www.facebook.com\/redazione.cassanoweb\" \/>\n<meta property=\"article:published_time\" content=\"2017-12-31T09:46:16+00:00\" \/>\n<meta property=\"og:image\" content=\"https:\/\/archiviocassano.lavocedelpaese.info\/wp-content\/uploads\/2017\/12\/sindaco_con_fascia_verticale-iloveimg-cropped.jpg\" \/>\n\t<meta property=\"og:image:width\" content=\"375\" \/>\n\t<meta property=\"og:image:height\" content=\"205\" \/>\n\t<meta property=\"og:image:type\" content=\"image\/jpeg\" \/>\n<meta name=\"author\" content=\"admin\" \/>\n<meta name=\"twitter:card\" content=\"summary_large_image\" \/>\n<meta name=\"twitter:label1\" content=\"Scritto da\" \/>\n\t<meta name=\"twitter:data1\" content=\"admin\" \/>\n\t<meta name=\"twitter:label2\" content=\"Tempo di lettura stimato\" \/>\n\t<meta name=\"twitter:data2\" content=\"1 minuto\" \/>\n<script type=\"application\/ld+json\" class=\"yoast-schema-graph\">{\"@context\":\"https:\\\/\\\/schema.org\",\"@graph\":[{\"@type\":\"Article\",\"@id\":\"https:\\\/\\\/archiviocassano.lavocedelpaese.info\\\/index.php\\\/2017\\\/12\\\/31\\\/gli-auguri-del-sindaco-maria-pia-di-medio-per-il-2018-qonoriamo-la-costituzione-italiana-a-70-anni-anni-dalla-promulgazioneq\\\/#article\",\"isPartOf\":{\"@id\":\"https:\\\/\\\/archiviocassano.lavocedelpaese.info\\\/index.php\\\/2017\\\/12\\\/31\\\/gli-auguri-del-sindaco-maria-pia-di-medio-per-il-2018-qonoriamo-la-costituzione-italiana-a-70-anni-anni-dalla-promulgazioneq\\\/\"},\"author\":{\"name\":\"admin\",\"@id\":\"https:\\\/\\\/archiviocassano.lavocedelpaese.info\\\/#\\\/schema\\\/person\\\/df195bc79a9b4c35127cf005f92e041b\"},\"headline\":\"Gli auguri del Sindaco di Cassano per il 2018\",\"datePublished\":\"2017-12-31T09:46:16+00:00\",\"mainEntityOfPage\":{\"@id\":\"https:\\\/\\\/archiviocassano.lavocedelpaese.info\\\/index.php\\\/2017\\\/12\\\/31\\\/gli-auguri-del-sindaco-maria-pia-di-medio-per-il-2018-qonoriamo-la-costituzione-italiana-a-70-anni-anni-dalla-promulgazioneq\\\/\"},\"wordCount\":219,\"commentCount\":0,\"publisher\":{\"@id\":\"https:\\\/\\\/archiviocassano.lavocedelpaese.info\\\/#organization\"},\"image\":{\"@id\":\"https:\\\/\\\/archiviocassano.lavocedelpaese.info\\\/index.php\\\/2017\\\/12\\\/31\\\/gli-auguri-del-sindaco-maria-pia-di-medio-per-il-2018-qonoriamo-la-costituzione-italiana-a-70-anni-anni-dalla-promulgazioneq\\\/#primaryimage\"},\"thumbnailUrl\":\"https:\\\/\\\/archiviocassano.lavocedelpaese.info\\\/wp-content\\\/uploads\\\/2017\\\/12\\\/sindaco_con_fascia_verticale-iloveimg-cropped.jpg\",\"articleSection\":[\"Politica\"],\"inLanguage\":\"it-IT\",\"potentialAction\":[{\"@type\":\"CommentAction\",\"name\":\"Comment\",\"target\":[\"https:\\\/\\\/archiviocassano.lavocedelpaese.info\\\/index.php\\\/2017\\\/12\\\/31\\\/gli-auguri-del-sindaco-maria-pia-di-medio-per-il-2018-qonoriamo-la-costituzione-italiana-a-70-anni-anni-dalla-promulgazioneq\\\/#respond\"]}]},{\"@type\":\"WebPage\",\"@id\":\"https:\\\/\\\/archiviocassano.lavocedelpaese.info\\\/index.php\\\/2017\\\/12\\\/31\\\/gli-auguri-del-sindaco-maria-pia-di-medio-per-il-2018-qonoriamo-la-costituzione-italiana-a-70-anni-anni-dalla-promulgazioneq\\\/\",\"url\":\"https:\\\/\\\/archiviocassano.lavocedelpaese.info\\\/index.php\\\/2017\\\/12\\\/31\\\/gli-auguri-del-sindaco-maria-pia-di-medio-per-il-2018-qonoriamo-la-costituzione-italiana-a-70-anni-anni-dalla-promulgazioneq\\\/\",\"name\":\"Gli auguri del Sindaco di Cassano per il 2018 - Archivio CassanoWeb\",\"isPartOf\":{\"@id\":\"https:\\\/\\\/archiviocassano.lavocedelpaese.info\\\/#website\"},\"primaryImageOfPage\":{\"@id\":\"https:\\\/\\\/archiviocassano.lavocedelpaese.info\\\/index.php\\\/2017\\\/12\\\/31\\\/gli-auguri-del-sindaco-maria-pia-di-medio-per-il-2018-qonoriamo-la-costituzione-italiana-a-70-anni-anni-dalla-promulgazioneq\\\/#primaryimage\"},\"image\":{\"@id\":\"https:\\\/\\\/archiviocassano.lavocedelpaese.info\\\/index.php\\\/2017\\\/12\\\/31\\\/gli-auguri-del-sindaco-maria-pia-di-medio-per-il-2018-qonoriamo-la-costituzione-italiana-a-70-anni-anni-dalla-promulgazioneq\\\/#primaryimage\"},\"thumbnailUrl\":\"https:\\\/\\\/archiviocassano.lavocedelpaese.info\\\/wp-content\\\/uploads\\\/2017\\\/12\\\/sindaco_con_fascia_verticale-iloveimg-cropped.jpg\",\"datePublished\":\"2017-12-31T09:46:16+00:00\",\"breadcrumb\":{\"@id\":\"https:\\\/\\\/archiviocassano.lavocedelpaese.info\\\/index.php\\\/2017\\\/12\\\/31\\\/gli-auguri-del-sindaco-maria-pia-di-medio-per-il-2018-qonoriamo-la-costituzione-italiana-a-70-anni-anni-dalla-promulgazioneq\\\/#breadcrumb\"},\"inLanguage\":\"it-IT\",\"potentialAction\":[{\"@type\":\"ReadAction\",\"target\":[\"https:\\\/\\\/archiviocassano.lavocedelpaese.info\\\/index.php\\\/2017\\\/12\\\/31\\\/gli-auguri-del-sindaco-maria-pia-di-medio-per-il-2018-qonoriamo-la-costituzione-italiana-a-70-anni-anni-dalla-promulgazioneq\\\/\"]}]},{\"@type\":\"ImageObject\",\"inLanguage\":\"it-IT\",\"@id\":\"https:\\\/\\\/archiviocassano.lavocedelpaese.info\\\/index.php\\\/2017\\\/12\\\/31\\\/gli-auguri-del-sindaco-maria-pia-di-medio-per-il-2018-qonoriamo-la-costituzione-italiana-a-70-anni-anni-dalla-promulgazioneq\\\/#primaryimage\",\"url\":\"https:\\\/\\\/archiviocassano.lavocedelpaese.info\\\/wp-content\\\/uploads\\\/2017\\\/12\\\/sindaco_con_fascia_verticale-iloveimg-cropped.jpg\",\"contentUrl\":\"https:\\\/\\\/archiviocassano.lavocedelpaese.info\\\/wp-content\\\/uploads\\\/2017\\\/12\\\/sindaco_con_fascia_verticale-iloveimg-cropped.jpg\",\"width\":375,\"height\":205,\"caption\":\"sindaco con fascia verticale-iloveimg-cropped\"},{\"@type\":\"BreadcrumbList\",\"@id\":\"https:\\\/\\\/archiviocassano.lavocedelpaese.info\\\/index.php\\\/2017\\\/12\\\/31\\\/gli-auguri-del-sindaco-maria-pia-di-medio-per-il-2018-qonoriamo-la-costituzione-italiana-a-70-anni-anni-dalla-promulgazioneq\\\/#breadcrumb\",\"itemListElement\":[{\"@type\":\"ListItem\",\"position\":1,\"name\":\"Home\",\"item\":\"https:\\\/\\\/archiviocassano.lavocedelpaese.info\\\/\"},{\"@type\":\"ListItem\",\"position\":2,\"name\":\"Gli auguri del Sindaco di Cassano per il 2018\"}]},{\"@type\":\"WebSite\",\"@id\":\"https:\\\/\\\/archiviocassano.lavocedelpaese.info\\\/#website\",\"url\":\"https:\\\/\\\/archiviocassano.lavocedelpaese.info\\\/\",\"name\":\"Archivio CassanoWeb\",\"description\":\"La Voce del Paese - un network di idee\",\"publisher\":{\"@id\":\"https:\\\/\\\/archiviocassano.lavocedelpaese.info\\\/#organization\"},\"potentialAction\":[{\"@type\":\"SearchAction\",\"target\":{\"@type\":\"EntryPoint\",\"urlTemplate\":\"https:\\\/\\\/archiviocassano.lavocedelpaese.info\\\/?s={search_term_string}\"},\"query-input\":{\"@type\":\"PropertyValueSpecification\",\"valueRequired\":true,\"valueName\":\"search_term_string\"}}],\"inLanguage\":\"it-IT\"},{\"@type\":\"Organization\",\"@id\":\"https:\\\/\\\/archiviocassano.lavocedelpaese.info\\\/#organization\",\"name\":\"Archivio CassanoWeb\",\"url\":\"https:\\\/\\\/archiviocassano.lavocedelpaese.info\\\/\",\"logo\":{\"@type\":\"ImageObject\",\"inLanguage\":\"it-IT\",\"@id\":\"https:\\\/\\\/archiviocassano.lavocedelpaese.info\\\/#\\\/schema\\\/logo\\\/image\\\/\",\"url\":\"https:\\\/\\\/archiviocassano.lavocedelpaese.info\\\/wp-content\\\/uploads\\\/2024\\\/08\\\/logo-rosso-2.png\",\"contentUrl\":\"https:\\\/\\\/archiviocassano.lavocedelpaese.info\\\/wp-content\\\/uploads\\\/2024\\\/08\\\/logo-rosso-2.png\",\"width\":491,\"height\":432,\"caption\":\"Archivio CassanoWeb\"},\"image\":{\"@id\":\"https:\\\/\\\/archiviocassano.lavocedelpaese.info\\\/#\\\/schema\\\/logo\\\/image\\\/\"},\"sameAs\":[\"https:\\\/\\\/www.facebook.com\\\/redazione.cassanoweb\"]},{\"@type\":\"Person\",\"@id\":\"https:\\\/\\\/archiviocassano.lavocedelpaese.info\\\/#\\\/schema\\\/person\\\/df195bc79a9b4c35127cf005f92e041b\",\"name\":\"admin\",\"image\":{\"@type\":\"ImageObject\",\"inLanguage\":\"it-IT\",\"@id\":\"https:\\\/\\\/secure.gravatar.com\\\/avatar\\\/eabba89a432e8eaa1b0207cc55f7e5340b22712b1ed80677efcf63e02ff5b235?s=96&d=mm&r=g\",\"url\":\"https:\\\/\\\/secure.gravatar.com\\\/avatar\\\/eabba89a432e8eaa1b0207cc55f7e5340b22712b1ed80677efcf63e02ff5b235?s=96&d=mm&r=g\",\"contentUrl\":\"https:\\\/\\\/secure.gravatar.com\\\/avatar\\\/eabba89a432e8eaa1b0207cc55f7e5340b22712b1ed80677efcf63e02ff5b235?s=96&d=mm&r=g\",\"caption\":\"admin\"},\"sameAs\":[\"https:\\\/\\\/archiviocassano.lavocedelpaese.info\"],\"url\":\"https:\\\/\\\/archiviocassano.lavocedelpaese.info\\\/index.php\\\/author\\\/admin_0qgz1xdp\\\/\"}]}<\/script>\n<!-- \/ Yoast SEO plugin. -->","yoast_head_json":{"title":"Gli auguri del Sindaco di Cassano per il 2018 - Archivio CassanoWeb","robots":{"index":"index","follow":"follow","max-snippet":"max-snippet:-1","max-image-preview":"max-image-preview:large","max-video-preview":"max-video-preview:-1"},"canonical":"https:\/\/archiviocassano.lavocedelpaese.info\/index.php\/2017\/12\/31\/gli-auguri-del-sindaco-maria-pia-di-medio-per-il-2018-qonoriamo-la-costituzione-italiana-a-70-anni-anni-dalla-promulgazioneq\/","og_locale":"it_IT","og_type":"article","og_title":"Gli auguri del Sindaco di Cassano per il 2018 - Archivio CassanoWeb","og_url":"https:\/\/archiviocassano.lavocedelpaese.info\/index.php\/2017\/12\/31\/gli-auguri-del-sindaco-maria-pia-di-medio-per-il-2018-qonoriamo-la-costituzione-italiana-a-70-anni-anni-dalla-promulgazioneq\/","og_site_name":"Archivio CassanoWeb","article_publisher":"https:\/\/www.facebook.com\/redazione.cassanoweb","article_published_time":"2017-12-31T09:46:16+00:00","og_image":[{"width":375,"height":205,"url":"https:\/\/archiviocassano.lavocedelpaese.info\/wp-content\/uploads\/2017\/12\/sindaco_con_fascia_verticale-iloveimg-cropped.jpg","type":"image\/jpeg"}],"author":"admin","twitter_card":"summary_large_image","twitter_misc":{"Scritto da":"admin","Tempo di lettura stimato":"1 minuto"},"schema":{"@context":"https:\/\/schema.org","@graph":[{"@type":"Article","@id":"https:\/\/archiviocassano.lavocedelpaese.info\/index.php\/2017\/12\/31\/gli-auguri-del-sindaco-maria-pia-di-medio-per-il-2018-qonoriamo-la-costituzione-italiana-a-70-anni-anni-dalla-promulgazioneq\/#article","isPartOf":{"@id":"https:\/\/archiviocassano.lavocedelpaese.info\/index.php\/2017\/12\/31\/gli-auguri-del-sindaco-maria-pia-di-medio-per-il-2018-qonoriamo-la-costituzione-italiana-a-70-anni-anni-dalla-promulgazioneq\/"},"author":{"name":"admin","@id":"https:\/\/archiviocassano.lavocedelpaese.info\/#\/schema\/person\/df195bc79a9b4c35127cf005f92e041b"},"headline":"Gli auguri del Sindaco di Cassano per il 2018","datePublished":"2017-12-31T09:46:16+00:00","mainEntityOfPage":{"@id":"https:\/\/archiviocassano.lavocedelpaese.info\/index.php\/2017\/12\/31\/gli-auguri-del-sindaco-maria-pia-di-medio-per-il-2018-qonoriamo-la-costituzione-italiana-a-70-anni-anni-dalla-promulgazioneq\/"},"wordCount":219,"commentCount":0,"publisher":{"@id":"https:\/\/archiviocassano.lavocedelpaese.info\/#organization"},"image":{"@id":"https:\/\/archiviocassano.lavocedelpaese.info\/index.php\/2017\/12\/31\/gli-auguri-del-sindaco-maria-pia-di-medio-per-il-2018-qonoriamo-la-costituzione-italiana-a-70-anni-anni-dalla-promulgazioneq\/#primaryimage"},"thumbnailUrl":"https:\/\/archiviocassano.lavocedelpaese.info\/wp-content\/uploads\/2017\/12\/sindaco_con_fascia_verticale-iloveimg-cropped.jpg","articleSection":["Politica"],"inLanguage":"it-IT","potentialAction":[{"@type":"CommentAction","name":"Comment","target":["https:\/\/archiviocassano.lavocedelpaese.info\/index.php\/2017\/12\/31\/gli-auguri-del-sindaco-maria-pia-di-medio-per-il-2018-qonoriamo-la-costituzione-italiana-a-70-anni-anni-dalla-promulgazioneq\/#respond"]}]},{"@type":"WebPage","@id":"https:\/\/archiviocassano.lavocedelpaese.info\/index.php\/2017\/12\/31\/gli-auguri-del-sindaco-maria-pia-di-medio-per-il-2018-qonoriamo-la-costituzione-italiana-a-70-anni-anni-dalla-promulgazioneq\/","url":"https:\/\/archiviocassano.lavocedelpaese.info\/index.php\/2017\/12\/31\/gli-auguri-del-sindaco-maria-pia-di-medio-per-il-2018-qonoriamo-la-costituzione-italiana-a-70-anni-anni-dalla-promulgazioneq\/","name":"Gli auguri del Sindaco di Cassano per il 2018 - Archivio CassanoWeb","isPartOf":{"@id":"https:\/\/archiviocassano.lavocedelpaese.info\/#website"},"primaryImageOfPage":{"@id":"https:\/\/archiviocassano.lavocedelpaese.info\/index.php\/2017\/12\/31\/gli-auguri-del-sindaco-maria-pia-di-medio-per-il-2018-qonoriamo-la-costituzione-italiana-a-70-anni-anni-dalla-promulgazioneq\/#primaryimage"},"image":{"@id":"https:\/\/archiviocassano.lavocedelpaese.info\/index.php\/2017\/12\/31\/gli-auguri-del-sindaco-maria-pia-di-medio-per-il-2018-qonoriamo-la-costituzione-italiana-a-70-anni-anni-dalla-promulgazioneq\/#primaryimage"},"thumbnailUrl":"https:\/\/archiviocassano.lavocedelpaese.info\/wp-content\/uploads\/2017\/12\/sindaco_con_fascia_verticale-iloveimg-cropped.jpg","datePublished":"2017-12-31T09:46:16+00:00","breadcrumb":{"@id":"https:\/\/archiviocassano.lavocedelpaese.info\/index.php\/2017\/12\/31\/gli-auguri-del-sindaco-maria-pia-di-medio-per-il-2018-qonoriamo-la-costituzione-italiana-a-70-anni-anni-dalla-promulgazioneq\/#breadcrumb"},"inLanguage":"it-IT","potentialAction":[{"@type":"ReadAction","target":["https:\/\/archiviocassano.lavocedelpaese.info\/index.php\/2017\/12\/31\/gli-auguri-del-sindaco-maria-pia-di-medio-per-il-2018-qonoriamo-la-costituzione-italiana-a-70-anni-anni-dalla-promulgazioneq\/"]}]},{"@type":"ImageObject","inLanguage":"it-IT","@id":"https:\/\/archiviocassano.lavocedelpaese.info\/index.php\/2017\/12\/31\/gli-auguri-del-sindaco-maria-pia-di-medio-per-il-2018-qonoriamo-la-costituzione-italiana-a-70-anni-anni-dalla-promulgazioneq\/#primaryimage","url":"https:\/\/archiviocassano.lavocedelpaese.info\/wp-content\/uploads\/2017\/12\/sindaco_con_fascia_verticale-iloveimg-cropped.jpg","contentUrl":"https:\/\/archiviocassano.lavocedelpaese.info\/wp-content\/uploads\/2017\/12\/sindaco_con_fascia_verticale-iloveimg-cropped.jpg","width":375,"height":205,"caption":"sindaco con fascia verticale-iloveimg-cropped"},{"@type":"BreadcrumbList","@id":"https:\/\/archiviocassano.lavocedelpaese.info\/index.php\/2017\/12\/31\/gli-auguri-del-sindaco-maria-pia-di-medio-per-il-2018-qonoriamo-la-costituzione-italiana-a-70-anni-anni-dalla-promulgazioneq\/#breadcrumb","itemListElement":[{"@type":"ListItem","position":1,"name":"Home","item":"https:\/\/archiviocassano.lavocedelpaese.info\/"},{"@type":"ListItem","position":2,"name":"Gli auguri del Sindaco di Cassano per il 2018"}]},{"@type":"WebSite","@id":"https:\/\/archiviocassano.lavocedelpaese.info\/#website","url":"https:\/\/archiviocassano.lavocedelpaese.info\/","name":"Archivio CassanoWeb","description":"La Voce del Paese - un network di idee","publisher":{"@id":"https:\/\/archiviocassano.lavocedelpaese.info\/#organization"},"potentialAction":[{"@type":"SearchAction","target":{"@type":"EntryPoint","urlTemplate":"https:\/\/archiviocassano.lavocedelpaese.info\/?s={search_term_string}"},"query-input":{"@type":"PropertyValueSpecification","valueRequired":true,"valueName":"search_term_string"}}],"inLanguage":"it-IT"},{"@type":"Organization","@id":"https:\/\/archiviocassano.lavocedelpaese.info\/#organization","name":"Archivio CassanoWeb","url":"https:\/\/archiviocassano.lavocedelpaese.info\/","logo":{"@type":"ImageObject","inLanguage":"it-IT","@id":"https:\/\/archiviocassano.lavocedelpaese.info\/#\/schema\/logo\/image\/","url":"https:\/\/archiviocassano.lavocedelpaese.info\/wp-content\/uploads\/2024\/08\/logo-rosso-2.png","contentUrl":"https:\/\/archiviocassano.lavocedelpaese.info\/wp-content\/uploads\/2024\/08\/logo-rosso-2.png","width":491,"height":432,"caption":"Archivio CassanoWeb"},"image":{"@id":"https:\/\/archiviocassano.lavocedelpaese.info\/#\/schema\/logo\/image\/"},"sameAs":["https:\/\/www.facebook.com\/redazione.cassanoweb"]},{"@type":"Person","@id":"https:\/\/archiviocassano.lavocedelpaese.info\/#\/schema\/person\/df195bc79a9b4c35127cf005f92e041b","name":"admin","image":{"@type":"ImageObject","inLanguage":"it-IT","@id":"https:\/\/secure.gravatar.com\/avatar\/eabba89a432e8eaa1b0207cc55f7e5340b22712b1ed80677efcf63e02ff5b235?s=96&d=mm&r=g","url":"https:\/\/secure.gravatar.com\/avatar\/eabba89a432e8eaa1b0207cc55f7e5340b22712b1ed80677efcf63e02ff5b235?s=96&d=mm&r=g","contentUrl":"https:\/\/secure.gravatar.com\/avatar\/eabba89a432e8eaa1b0207cc55f7e5340b22712b1ed80677efcf63e02ff5b235?s=96&d=mm&r=g","caption":"admin"},"sameAs":["https:\/\/archiviocassano.lavocedelpaese.info"],"url":"https:\/\/archiviocassano.lavocedelpaese.info\/index.php\/author\/admin_0qgz1xdp\/"}]}},"_links":{"self":[{"href":"https:\/\/archiviocassano.lavocedelpaese.info\/index.php\/wp-json\/wp\/v2\/posts\/15275","targetHints":{"allow":["GET"]}}],"collection":[{"href":"https:\/\/archiviocassano.lavocedelpaese.info\/index.php\/wp-json\/wp\/v2\/posts"}],"about":[{"href":"https:\/\/archiviocassano.lavocedelpaese.info\/index.php\/wp-json\/wp\/v2\/types\/post"}],"author":[{"embeddable":true,"href":"https:\/\/archiviocassano.lavocedelpaese.info\/index.php\/wp-json\/wp\/v2\/users\/1"}],"replies":[{"embeddable":true,"href":"https:\/\/archiviocassano.lavocedelpaese.info\/index.php\/wp-json\/wp\/v2\/comments?post=15275"}],"version-history":[{"count":0,"href":"https:\/\/archiviocassano.lavocedelpaese.info\/index.php\/wp-json\/wp\/v2\/posts\/15275\/revisions"}],"wp:featuredmedia":[{"embeddable":true,"href":"https:\/\/archiviocassano.lavocedelpaese.info\/index.php\/wp-json\/wp\/v2\/media\/15274"}],"wp:attachment":[{"href":"https:\/\/archiviocassano.lavocedelpaese.info\/index.php\/wp-json\/wp\/v2\/media?parent=15275"}],"wp:term":[{"taxonomy":"category","embeddable":true,"href":"https:\/\/archiviocassano.lavocedelpaese.info\/index.php\/wp-json\/wp\/v2\/categories?post=15275"},{"taxonomy":"post_tag","embeddable":true,"href":"https:\/\/archiviocassano.lavocedelpaese.info\/index.php\/wp-json\/wp\/v2\/tags?post=15275"}],"curies":[{"name":"wp","href":"https:\/\/api.w.org\/{rel}","templated":true}]}}