{"id":15334,"date":"2018-01-09T18:41:20","date_gmt":"2018-01-09T18:41:20","guid":{"rendered":"https:\/\/archiviocassano.lavocedelpaese.info\/index.php\/2018\/01\/09\/appalto-rifiuti-consip-domani-forse-la-firma-del-contratto-cassano-ci-sara\/"},"modified":"2018-01-09T18:41:20","modified_gmt":"2018-01-09T18:41:20","slug":"appalto-rifiuti-consip-domani-forse-la-firma-del-contratto-cassano-ci-sara","status":"publish","type":"post","link":"https:\/\/archiviocassano.lavocedelpaese.info\/index.php\/2018\/01\/09\/appalto-rifiuti-consip-domani-forse-la-firma-del-contratto-cassano-ci-sara\/","title":{"rendered":"Appalto rifiuti Consip: il 12 gennaio la firma del contratto"},"content":{"rendered":"<p style=\"text-align: justify;\"><img loading=\"lazy\" decoding=\"async\" class=\" size-full wp-image-15333\" src=\"https:\/\/archiviocassano.lavocedelpaese.info\/wp-content\/uploads\/2018\/01\/raccolta_rifiuti_54_4675.jpg\" width=\"320\" height=\"150\" alt=\"raccolta rifiuti 54 4675\" style=\"margin-right: 2px; margin-left: 2px;\" \/><\/p>\n<p><!--more--><\/p>\n<p>Sar\u00e0 sottoscritto il 12 gennaio 2018 (e non pi\u00f9 il 10, come previsto inizialmente), presso gli uffici dell&#8217;Ager a Modugno, il nuovo contratto del servizio di igiene urbana per i Comuni aderenti all\u2019Unicam (Gravina, Grumo Appula, Toritto, Poggiorsini, Santeramo, Altamura e Cassano delle Murge) ovvero quelli ricadenti nell\u2019Aro Ba\/4.<\/p>\n<p style=\"text-align: justify;\">La decisione \u00e8 stata assunta, nei giorni scorsi, all&#8217;unanimit\u00e0, dai sindaci dei Comuni interessati nel corso di un incontro convocato dal commissario dell&#8217;Aro Ba\/4, Gianfranco Grandaliano, su richiesta del presidente Unicam e sindaco di Gravina in Puglia, Alesio Valente.<\/p>\n<p style=\"text-align: justify;\">L\u2019appalto fu aggiudicato dalla Consip lo scorso giugno ma divenne subito oggetto di ricorso da parte della Tradeco, seconda classificata che &nbsp;contestava l\u2019affidamento alla RTI TeKnoService Srl &#8211; Azienda Servizi Vari Spa &#8211; Raccolio Srl.<\/p>\n<p style=\"text-align: justify;\">L\u2019importo a base d\u2019asta \u00e8 di oltre 143 milioni di euro, che per i prossimi&nbsp;7 anni garantir\u00e0 nei centri dell\u2019Aro Ba\/4 la raccolta ed il trasporto dei&nbsp;&nbsp;rifiuti solidi urbani e la raccolta differenziata.<\/p>\n<p style=\"text-align: justify;\">La novit\u00e0 che riguarda direttamente il nostro comune \u00e8 che anche Cassano firmer\u00e0 il contratto, riservandosi per\u00f2 ogni successiva valutazione per l\u2019effettiva entrata in vigore del servizio nel nostro territorio sulla base di parametri tecnici ed economici, cos\u00ec come spiegato al nostro giornale dall\u2019Assessore comunale all\u2019Ambiente Carmelo Briano.<\/p>\n<p style=\"text-align: justify;\">Il contratto che lega il Comune di Cassano all\u2019ATI \u201cTradeco-Murgia Servizi Ecologici\u201d, infatti, si chiude a fine 2019 ma gi\u00e0 dalla sua stipula era previsto che il Comune potesse aderire ad un nuovo appalto, collegiale, qualora ne potesse trarre benefici.<\/p>\n<p style=\"text-align: justify;\">Il punto, dunque, \u00e8 proprio questo: aderire al nuovo contratto coster\u00e0 di pi\u00f9 per le tasche dei cassanesi? Potr\u00e0 portare nuovi benefici, ad esempio per la raccolta differenziata dei rifiuti? Qualche vantaggio che non sia solo quello ambientale? Ci sar\u00e0 maggiore pulizia per le strade periferiche? Maggiore efficienza?<\/p>\n<p style=\"text-align: justify;\">A queste, ed a tante altre domande, dovranno rispondere gli uffici comunali che in questi giorni sono al lavoro per presentare agli organi politico-amministrativi del Comune un quadro completo della situazione, fra pro e contro, fra vantaggi e svantaggi del nuovo servizio.&nbsp;<\/p>\n<p>&nbsp;<\/p>\n<p>&nbsp;<\/p>\n","protected":false},"excerpt":{"rendered":"","protected":false},"author":1,"featured_media":15333,"comment_status":"open","ping_status":"closed","sticky":false,"template":"","format":"standard","meta":{"colormag_page_container_layout":"default_layout","colormag_page_sidebar_layout":"default_layout","footnotes":""},"categories":[7],"tags":[],"class_list":["post-15334","post","type-post","status-publish","format-standard","has-post-thumbnail","hentry","category-attualita"],"yoast_head":"<!-- This site is optimized with the Yoast SEO plugin v27.5 - https:\/\/yoast.com\/product\/yoast-seo-wordpress\/ -->\n<title>Appalto rifiuti Consip: il 12 gennaio la firma del contratto - Archivio CassanoWeb<\/title>\n<meta name=\"robots\" content=\"index, follow, max-snippet:-1, max-image-preview:large, max-video-preview:-1\" \/>\n<link rel=\"canonical\" href=\"https:\/\/archiviocassano.lavocedelpaese.info\/index.php\/2018\/01\/09\/appalto-rifiuti-consip-domani-forse-la-firma-del-contratto-cassano-ci-sara\/\" \/>\n<meta property=\"og:locale\" content=\"it_IT\" \/>\n<meta property=\"og:type\" content=\"article\" \/>\n<meta property=\"og:title\" content=\"Appalto rifiuti Consip: il 12 gennaio la firma del contratto - Archivio CassanoWeb\" \/>\n<meta property=\"og:url\" content=\"https:\/\/archiviocassano.lavocedelpaese.info\/index.php\/2018\/01\/09\/appalto-rifiuti-consip-domani-forse-la-firma-del-contratto-cassano-ci-sara\/\" \/>\n<meta property=\"og:site_name\" content=\"Archivio CassanoWeb\" \/>\n<meta property=\"article:publisher\" content=\"https:\/\/www.facebook.com\/redazione.cassanoweb\" \/>\n<meta property=\"article:published_time\" content=\"2018-01-09T18:41:20+00:00\" \/>\n<meta property=\"og:image\" content=\"https:\/\/archiviocassano.lavocedelpaese.info\/wp-content\/uploads\/2018\/01\/raccolta_rifiuti_54_4675.jpg\" \/>\n\t<meta property=\"og:image:width\" content=\"1062\" \/>\n\t<meta property=\"og:image:height\" content=\"708\" \/>\n\t<meta property=\"og:image:type\" content=\"image\/jpeg\" \/>\n<meta name=\"author\" content=\"admin\" \/>\n<meta name=\"twitter:card\" content=\"summary_large_image\" \/>\n<meta name=\"twitter:label1\" content=\"Scritto da\" \/>\n\t<meta name=\"twitter:data1\" content=\"admin\" \/>\n\t<meta name=\"twitter:label2\" content=\"Tempo di lettura stimato\" \/>\n\t<meta name=\"twitter:data2\" content=\"2 minuti\" \/>\n<script type=\"application\/ld+json\" class=\"yoast-schema-graph\">{\"@context\":\"https:\\\/\\\/schema.org\",\"@graph\":[{\"@type\":\"Article\",\"@id\":\"https:\\\/\\\/archiviocassano.lavocedelpaese.info\\\/index.php\\\/2018\\\/01\\\/09\\\/appalto-rifiuti-consip-domani-forse-la-firma-del-contratto-cassano-ci-sara\\\/#article\",\"isPartOf\":{\"@id\":\"https:\\\/\\\/archiviocassano.lavocedelpaese.info\\\/index.php\\\/2018\\\/01\\\/09\\\/appalto-rifiuti-consip-domani-forse-la-firma-del-contratto-cassano-ci-sara\\\/\"},\"author\":{\"name\":\"admin\",\"@id\":\"https:\\\/\\\/archiviocassano.lavocedelpaese.info\\\/#\\\/schema\\\/person\\\/df195bc79a9b4c35127cf005f92e041b\"},\"headline\":\"Appalto rifiuti Consip: il 12 gennaio la firma del contratto\",\"datePublished\":\"2018-01-09T18:41:20+00:00\",\"mainEntityOfPage\":{\"@id\":\"https:\\\/\\\/archiviocassano.lavocedelpaese.info\\\/index.php\\\/2018\\\/01\\\/09\\\/appalto-rifiuti-consip-domani-forse-la-firma-del-contratto-cassano-ci-sara\\\/\"},\"wordCount\":356,\"commentCount\":0,\"publisher\":{\"@id\":\"https:\\\/\\\/archiviocassano.lavocedelpaese.info\\\/#organization\"},\"image\":{\"@id\":\"https:\\\/\\\/archiviocassano.lavocedelpaese.info\\\/index.php\\\/2018\\\/01\\\/09\\\/appalto-rifiuti-consip-domani-forse-la-firma-del-contratto-cassano-ci-sara\\\/#primaryimage\"},\"thumbnailUrl\":\"https:\\\/\\\/archiviocassano.lavocedelpaese.info\\\/wp-content\\\/uploads\\\/2018\\\/01\\\/raccolta_rifiuti_54_4675.jpg\",\"articleSection\":[\"Attualit\u00e0\"],\"inLanguage\":\"it-IT\",\"potentialAction\":[{\"@type\":\"CommentAction\",\"name\":\"Comment\",\"target\":[\"https:\\\/\\\/archiviocassano.lavocedelpaese.info\\\/index.php\\\/2018\\\/01\\\/09\\\/appalto-rifiuti-consip-domani-forse-la-firma-del-contratto-cassano-ci-sara\\\/#respond\"]}]},{\"@type\":\"WebPage\",\"@id\":\"https:\\\/\\\/archiviocassano.lavocedelpaese.info\\\/index.php\\\/2018\\\/01\\\/09\\\/appalto-rifiuti-consip-domani-forse-la-firma-del-contratto-cassano-ci-sara\\\/\",\"url\":\"https:\\\/\\\/archiviocassano.lavocedelpaese.info\\\/index.php\\\/2018\\\/01\\\/09\\\/appalto-rifiuti-consip-domani-forse-la-firma-del-contratto-cassano-ci-sara\\\/\",\"name\":\"Appalto rifiuti Consip: il 12 gennaio la firma del contratto - Archivio CassanoWeb\",\"isPartOf\":{\"@id\":\"https:\\\/\\\/archiviocassano.lavocedelpaese.info\\\/#website\"},\"primaryImageOfPage\":{\"@id\":\"https:\\\/\\\/archiviocassano.lavocedelpaese.info\\\/index.php\\\/2018\\\/01\\\/09\\\/appalto-rifiuti-consip-domani-forse-la-firma-del-contratto-cassano-ci-sara\\\/#primaryimage\"},\"image\":{\"@id\":\"https:\\\/\\\/archiviocassano.lavocedelpaese.info\\\/index.php\\\/2018\\\/01\\\/09\\\/appalto-rifiuti-consip-domani-forse-la-firma-del-contratto-cassano-ci-sara\\\/#primaryimage\"},\"thumbnailUrl\":\"https:\\\/\\\/archiviocassano.lavocedelpaese.info\\\/wp-content\\\/uploads\\\/2018\\\/01\\\/raccolta_rifiuti_54_4675.jpg\",\"datePublished\":\"2018-01-09T18:41:20+00:00\",\"breadcrumb\":{\"@id\":\"https:\\\/\\\/archiviocassano.lavocedelpaese.info\\\/index.php\\\/2018\\\/01\\\/09\\\/appalto-rifiuti-consip-domani-forse-la-firma-del-contratto-cassano-ci-sara\\\/#breadcrumb\"},\"inLanguage\":\"it-IT\",\"potentialAction\":[{\"@type\":\"ReadAction\",\"target\":[\"https:\\\/\\\/archiviocassano.lavocedelpaese.info\\\/index.php\\\/2018\\\/01\\\/09\\\/appalto-rifiuti-consip-domani-forse-la-firma-del-contratto-cassano-ci-sara\\\/\"]}]},{\"@type\":\"ImageObject\",\"inLanguage\":\"it-IT\",\"@id\":\"https:\\\/\\\/archiviocassano.lavocedelpaese.info\\\/index.php\\\/2018\\\/01\\\/09\\\/appalto-rifiuti-consip-domani-forse-la-firma-del-contratto-cassano-ci-sara\\\/#primaryimage\",\"url\":\"https:\\\/\\\/archiviocassano.lavocedelpaese.info\\\/wp-content\\\/uploads\\\/2018\\\/01\\\/raccolta_rifiuti_54_4675.jpg\",\"contentUrl\":\"https:\\\/\\\/archiviocassano.lavocedelpaese.info\\\/wp-content\\\/uploads\\\/2018\\\/01\\\/raccolta_rifiuti_54_4675.jpg\",\"width\":1062,\"height\":708,\"caption\":\"raccolta rifiuti 54 4675\"},{\"@type\":\"BreadcrumbList\",\"@id\":\"https:\\\/\\\/archiviocassano.lavocedelpaese.info\\\/index.php\\\/2018\\\/01\\\/09\\\/appalto-rifiuti-consip-domani-forse-la-firma-del-contratto-cassano-ci-sara\\\/#breadcrumb\",\"itemListElement\":[{\"@type\":\"ListItem\",\"position\":1,\"name\":\"Home\",\"item\":\"https:\\\/\\\/archiviocassano.lavocedelpaese.info\\\/\"},{\"@type\":\"ListItem\",\"position\":2,\"name\":\"Appalto rifiuti Consip: il 12 gennaio la firma del contratto\"}]},{\"@type\":\"WebSite\",\"@id\":\"https:\\\/\\\/archiviocassano.lavocedelpaese.info\\\/#website\",\"url\":\"https:\\\/\\\/archiviocassano.lavocedelpaese.info\\\/\",\"name\":\"Archivio CassanoWeb\",\"description\":\"La Voce del Paese - un network di idee\",\"publisher\":{\"@id\":\"https:\\\/\\\/archiviocassano.lavocedelpaese.info\\\/#organization\"},\"potentialAction\":[{\"@type\":\"SearchAction\",\"target\":{\"@type\":\"EntryPoint\",\"urlTemplate\":\"https:\\\/\\\/archiviocassano.lavocedelpaese.info\\\/?s={search_term_string}\"},\"query-input\":{\"@type\":\"PropertyValueSpecification\",\"valueRequired\":true,\"valueName\":\"search_term_string\"}}],\"inLanguage\":\"it-IT\"},{\"@type\":\"Organization\",\"@id\":\"https:\\\/\\\/archiviocassano.lavocedelpaese.info\\\/#organization\",\"name\":\"Archivio CassanoWeb\",\"url\":\"https:\\\/\\\/archiviocassano.lavocedelpaese.info\\\/\",\"logo\":{\"@type\":\"ImageObject\",\"inLanguage\":\"it-IT\",\"@id\":\"https:\\\/\\\/archiviocassano.lavocedelpaese.info\\\/#\\\/schema\\\/logo\\\/image\\\/\",\"url\":\"https:\\\/\\\/archiviocassano.lavocedelpaese.info\\\/wp-content\\\/uploads\\\/2024\\\/08\\\/logo-rosso-2.png\",\"contentUrl\":\"https:\\\/\\\/archiviocassano.lavocedelpaese.info\\\/wp-content\\\/uploads\\\/2024\\\/08\\\/logo-rosso-2.png\",\"width\":491,\"height\":432,\"caption\":\"Archivio CassanoWeb\"},\"image\":{\"@id\":\"https:\\\/\\\/archiviocassano.lavocedelpaese.info\\\/#\\\/schema\\\/logo\\\/image\\\/\"},\"sameAs\":[\"https:\\\/\\\/www.facebook.com\\\/redazione.cassanoweb\"]},{\"@type\":\"Person\",\"@id\":\"https:\\\/\\\/archiviocassano.lavocedelpaese.info\\\/#\\\/schema\\\/person\\\/df195bc79a9b4c35127cf005f92e041b\",\"name\":\"admin\",\"image\":{\"@type\":\"ImageObject\",\"inLanguage\":\"it-IT\",\"@id\":\"https:\\\/\\\/secure.gravatar.com\\\/avatar\\\/eabba89a432e8eaa1b0207cc55f7e5340b22712b1ed80677efcf63e02ff5b235?s=96&d=mm&r=g\",\"url\":\"https:\\\/\\\/secure.gravatar.com\\\/avatar\\\/eabba89a432e8eaa1b0207cc55f7e5340b22712b1ed80677efcf63e02ff5b235?s=96&d=mm&r=g\",\"contentUrl\":\"https:\\\/\\\/secure.gravatar.com\\\/avatar\\\/eabba89a432e8eaa1b0207cc55f7e5340b22712b1ed80677efcf63e02ff5b235?s=96&d=mm&r=g\",\"caption\":\"admin\"},\"sameAs\":[\"https:\\\/\\\/archiviocassano.lavocedelpaese.info\"],\"url\":\"https:\\\/\\\/archiviocassano.lavocedelpaese.info\\\/index.php\\\/author\\\/admin_0qgz1xdp\\\/\"}]}<\/script>\n<!-- \/ Yoast SEO plugin. -->","yoast_head_json":{"title":"Appalto rifiuti Consip: il 12 gennaio la firma del contratto - Archivio CassanoWeb","robots":{"index":"index","follow":"follow","max-snippet":"max-snippet:-1","max-image-preview":"max-image-preview:large","max-video-preview":"max-video-preview:-1"},"canonical":"https:\/\/archiviocassano.lavocedelpaese.info\/index.php\/2018\/01\/09\/appalto-rifiuti-consip-domani-forse-la-firma-del-contratto-cassano-ci-sara\/","og_locale":"it_IT","og_type":"article","og_title":"Appalto rifiuti Consip: il 12 gennaio la firma del contratto - Archivio CassanoWeb","og_url":"https:\/\/archiviocassano.lavocedelpaese.info\/index.php\/2018\/01\/09\/appalto-rifiuti-consip-domani-forse-la-firma-del-contratto-cassano-ci-sara\/","og_site_name":"Archivio CassanoWeb","article_publisher":"https:\/\/www.facebook.com\/redazione.cassanoweb","article_published_time":"2018-01-09T18:41:20+00:00","og_image":[{"width":1062,"height":708,"url":"https:\/\/archiviocassano.lavocedelpaese.info\/wp-content\/uploads\/2018\/01\/raccolta_rifiuti_54_4675.jpg","type":"image\/jpeg"}],"author":"admin","twitter_card":"summary_large_image","twitter_misc":{"Scritto da":"admin","Tempo di lettura stimato":"2 minuti"},"schema":{"@context":"https:\/\/schema.org","@graph":[{"@type":"Article","@id":"https:\/\/archiviocassano.lavocedelpaese.info\/index.php\/2018\/01\/09\/appalto-rifiuti-consip-domani-forse-la-firma-del-contratto-cassano-ci-sara\/#article","isPartOf":{"@id":"https:\/\/archiviocassano.lavocedelpaese.info\/index.php\/2018\/01\/09\/appalto-rifiuti-consip-domani-forse-la-firma-del-contratto-cassano-ci-sara\/"},"author":{"name":"admin","@id":"https:\/\/archiviocassano.lavocedelpaese.info\/#\/schema\/person\/df195bc79a9b4c35127cf005f92e041b"},"headline":"Appalto rifiuti Consip: il 12 gennaio la firma del contratto","datePublished":"2018-01-09T18:41:20+00:00","mainEntityOfPage":{"@id":"https:\/\/archiviocassano.lavocedelpaese.info\/index.php\/2018\/01\/09\/appalto-rifiuti-consip-domani-forse-la-firma-del-contratto-cassano-ci-sara\/"},"wordCount":356,"commentCount":0,"publisher":{"@id":"https:\/\/archiviocassano.lavocedelpaese.info\/#organization"},"image":{"@id":"https:\/\/archiviocassano.lavocedelpaese.info\/index.php\/2018\/01\/09\/appalto-rifiuti-consip-domani-forse-la-firma-del-contratto-cassano-ci-sara\/#primaryimage"},"thumbnailUrl":"https:\/\/archiviocassano.lavocedelpaese.info\/wp-content\/uploads\/2018\/01\/raccolta_rifiuti_54_4675.jpg","articleSection":["Attualit\u00e0"],"inLanguage":"it-IT","potentialAction":[{"@type":"CommentAction","name":"Comment","target":["https:\/\/archiviocassano.lavocedelpaese.info\/index.php\/2018\/01\/09\/appalto-rifiuti-consip-domani-forse-la-firma-del-contratto-cassano-ci-sara\/#respond"]}]},{"@type":"WebPage","@id":"https:\/\/archiviocassano.lavocedelpaese.info\/index.php\/2018\/01\/09\/appalto-rifiuti-consip-domani-forse-la-firma-del-contratto-cassano-ci-sara\/","url":"https:\/\/archiviocassano.lavocedelpaese.info\/index.php\/2018\/01\/09\/appalto-rifiuti-consip-domani-forse-la-firma-del-contratto-cassano-ci-sara\/","name":"Appalto rifiuti Consip: il 12 gennaio la firma del contratto - Archivio CassanoWeb","isPartOf":{"@id":"https:\/\/archiviocassano.lavocedelpaese.info\/#website"},"primaryImageOfPage":{"@id":"https:\/\/archiviocassano.lavocedelpaese.info\/index.php\/2018\/01\/09\/appalto-rifiuti-consip-domani-forse-la-firma-del-contratto-cassano-ci-sara\/#primaryimage"},"image":{"@id":"https:\/\/archiviocassano.lavocedelpaese.info\/index.php\/2018\/01\/09\/appalto-rifiuti-consip-domani-forse-la-firma-del-contratto-cassano-ci-sara\/#primaryimage"},"thumbnailUrl":"https:\/\/archiviocassano.lavocedelpaese.info\/wp-content\/uploads\/2018\/01\/raccolta_rifiuti_54_4675.jpg","datePublished":"2018-01-09T18:41:20+00:00","breadcrumb":{"@id":"https:\/\/archiviocassano.lavocedelpaese.info\/index.php\/2018\/01\/09\/appalto-rifiuti-consip-domani-forse-la-firma-del-contratto-cassano-ci-sara\/#breadcrumb"},"inLanguage":"it-IT","potentialAction":[{"@type":"ReadAction","target":["https:\/\/archiviocassano.lavocedelpaese.info\/index.php\/2018\/01\/09\/appalto-rifiuti-consip-domani-forse-la-firma-del-contratto-cassano-ci-sara\/"]}]},{"@type":"ImageObject","inLanguage":"it-IT","@id":"https:\/\/archiviocassano.lavocedelpaese.info\/index.php\/2018\/01\/09\/appalto-rifiuti-consip-domani-forse-la-firma-del-contratto-cassano-ci-sara\/#primaryimage","url":"https:\/\/archiviocassano.lavocedelpaese.info\/wp-content\/uploads\/2018\/01\/raccolta_rifiuti_54_4675.jpg","contentUrl":"https:\/\/archiviocassano.lavocedelpaese.info\/wp-content\/uploads\/2018\/01\/raccolta_rifiuti_54_4675.jpg","width":1062,"height":708,"caption":"raccolta rifiuti 54 4675"},{"@type":"BreadcrumbList","@id":"https:\/\/archiviocassano.lavocedelpaese.info\/index.php\/2018\/01\/09\/appalto-rifiuti-consip-domani-forse-la-firma-del-contratto-cassano-ci-sara\/#breadcrumb","itemListElement":[{"@type":"ListItem","position":1,"name":"Home","item":"https:\/\/archiviocassano.lavocedelpaese.info\/"},{"@type":"ListItem","position":2,"name":"Appalto rifiuti Consip: il 12 gennaio la firma del contratto"}]},{"@type":"WebSite","@id":"https:\/\/archiviocassano.lavocedelpaese.info\/#website","url":"https:\/\/archiviocassano.lavocedelpaese.info\/","name":"Archivio CassanoWeb","description":"La Voce del Paese - un network di idee","publisher":{"@id":"https:\/\/archiviocassano.lavocedelpaese.info\/#organization"},"potentialAction":[{"@type":"SearchAction","target":{"@type":"EntryPoint","urlTemplate":"https:\/\/archiviocassano.lavocedelpaese.info\/?s={search_term_string}"},"query-input":{"@type":"PropertyValueSpecification","valueRequired":true,"valueName":"search_term_string"}}],"inLanguage":"it-IT"},{"@type":"Organization","@id":"https:\/\/archiviocassano.lavocedelpaese.info\/#organization","name":"Archivio CassanoWeb","url":"https:\/\/archiviocassano.lavocedelpaese.info\/","logo":{"@type":"ImageObject","inLanguage":"it-IT","@id":"https:\/\/archiviocassano.lavocedelpaese.info\/#\/schema\/logo\/image\/","url":"https:\/\/archiviocassano.lavocedelpaese.info\/wp-content\/uploads\/2024\/08\/logo-rosso-2.png","contentUrl":"https:\/\/archiviocassano.lavocedelpaese.info\/wp-content\/uploads\/2024\/08\/logo-rosso-2.png","width":491,"height":432,"caption":"Archivio CassanoWeb"},"image":{"@id":"https:\/\/archiviocassano.lavocedelpaese.info\/#\/schema\/logo\/image\/"},"sameAs":["https:\/\/www.facebook.com\/redazione.cassanoweb"]},{"@type":"Person","@id":"https:\/\/archiviocassano.lavocedelpaese.info\/#\/schema\/person\/df195bc79a9b4c35127cf005f92e041b","name":"admin","image":{"@type":"ImageObject","inLanguage":"it-IT","@id":"https:\/\/secure.gravatar.com\/avatar\/eabba89a432e8eaa1b0207cc55f7e5340b22712b1ed80677efcf63e02ff5b235?s=96&d=mm&r=g","url":"https:\/\/secure.gravatar.com\/avatar\/eabba89a432e8eaa1b0207cc55f7e5340b22712b1ed80677efcf63e02ff5b235?s=96&d=mm&r=g","contentUrl":"https:\/\/secure.gravatar.com\/avatar\/eabba89a432e8eaa1b0207cc55f7e5340b22712b1ed80677efcf63e02ff5b235?s=96&d=mm&r=g","caption":"admin"},"sameAs":["https:\/\/archiviocassano.lavocedelpaese.info"],"url":"https:\/\/archiviocassano.lavocedelpaese.info\/index.php\/author\/admin_0qgz1xdp\/"}]}},"_links":{"self":[{"href":"https:\/\/archiviocassano.lavocedelpaese.info\/index.php\/wp-json\/wp\/v2\/posts\/15334","targetHints":{"allow":["GET"]}}],"collection":[{"href":"https:\/\/archiviocassano.lavocedelpaese.info\/index.php\/wp-json\/wp\/v2\/posts"}],"about":[{"href":"https:\/\/archiviocassano.lavocedelpaese.info\/index.php\/wp-json\/wp\/v2\/types\/post"}],"author":[{"embeddable":true,"href":"https:\/\/archiviocassano.lavocedelpaese.info\/index.php\/wp-json\/wp\/v2\/users\/1"}],"replies":[{"embeddable":true,"href":"https:\/\/archiviocassano.lavocedelpaese.info\/index.php\/wp-json\/wp\/v2\/comments?post=15334"}],"version-history":[{"count":0,"href":"https:\/\/archiviocassano.lavocedelpaese.info\/index.php\/wp-json\/wp\/v2\/posts\/15334\/revisions"}],"wp:featuredmedia":[{"embeddable":true,"href":"https:\/\/archiviocassano.lavocedelpaese.info\/index.php\/wp-json\/wp\/v2\/media\/15333"}],"wp:attachment":[{"href":"https:\/\/archiviocassano.lavocedelpaese.info\/index.php\/wp-json\/wp\/v2\/media?parent=15334"}],"wp:term":[{"taxonomy":"category","embeddable":true,"href":"https:\/\/archiviocassano.lavocedelpaese.info\/index.php\/wp-json\/wp\/v2\/categories?post=15334"},{"taxonomy":"post_tag","embeddable":true,"href":"https:\/\/archiviocassano.lavocedelpaese.info\/index.php\/wp-json\/wp\/v2\/tags?post=15334"}],"curies":[{"name":"wp","href":"https:\/\/api.w.org\/{rel}","templated":true}]}}