{"id":15344,"date":"2018-01-12T09:27:51","date_gmt":"2018-01-12T09:27:51","guid":{"rendered":"https:\/\/archiviocassano.lavocedelpaese.info\/index.php\/2018\/01\/12\/qsiamo-cassanoq-2\/"},"modified":"2018-01-12T09:27:51","modified_gmt":"2018-01-12T09:27:51","slug":"qsiamo-cassanoq-2","status":"publish","type":"post","link":"https:\/\/archiviocassano.lavocedelpaese.info\/index.php\/2018\/01\/12\/qsiamo-cassanoq-2\/","title":{"rendered":"&#8220;Siamo Cassano&#8221; interroga la Di Medio su manutenzione strade e personale"},"content":{"rendered":"<p><img loading=\"lazy\" decoding=\"async\" class=\" size-full wp-image-13974\" src=\"https:\/\/archiviocassano.lavocedelpaese.info\/wp-content\/uploads\/2017\/05\/simbolo_copy_copy.png\" width=\"250\" height=\"250\" alt=\"simbolo copy copy\" style=\"margin-right: 2px; margin-left: 2px;\" srcset=\"https:\/\/archiviocassano.lavocedelpaese.info\/wp-content\/uploads\/2017\/05\/simbolo_copy_copy.png 500w, https:\/\/archiviocassano.lavocedelpaese.info\/wp-content\/uploads\/2017\/05\/simbolo_copy_copy-300x300.png 300w, https:\/\/archiviocassano.lavocedelpaese.info\/wp-content\/uploads\/2017\/05\/simbolo_copy_copy-150x150.png 150w\" sizes=\"auto, (max-width: 250px) 100vw, 250px\" \/><\/p>\n<p><!--more--><\/p>\n<p>&nbsp;<\/p>\n<p><i>La manutenzione stradale affidata con rapidit\u00e0 ad una ditta esterna e la mancata liquidazione del premio produttivit\u00e0 al personale comunale sono gli argomenti di due interrogazioni che il gruppo \u201cSiamo Cassano\u201d ha rivolto al Sindaco Maria Pia Di Medio.<\/i><\/p>\n<p><i>Ecco, di seguito il testo. <\/i><\/p>\n<p><i>Oggetto: interrogazione su spacchettamento manutenzione stradale<\/i><\/p>\n<p><strong>Premesso:<\/strong><\/p>\n<p>&#8211; che Lei <strong>in data 29.12.2017<\/strong> sottoscriveva con il Dirigente dell\u2019UTC&nbsp; il Computo Metrico redatto dal Dirigente dell\u2019UTC prevedendo una spesa di \u20ac 52.007,36 oltre IVA per i lavori di manutenzione straordinaria alla pavimentazione bituminosa di via Sannicandro, via Grumo, via Gen. Magli, trav. via Bitetto e piazza Garibaldi<\/p>\n<p>&#8211; che con &nbsp;determina 276 <strong>dello stesso giorno 29\/12\/2017<\/strong> si procedeva all\u2019 affidamento diretto dei lavori di cui sopra alla ditta CO.STR.AN srl con sede in Andria alla via Monte Grappa, 4\/a \u2013 P.IVA 07010420722 avendo questa offerto un ribasso del 24% sul computo Metrico per un totale di \u20ac 39.525,59 + IVA 10%;<\/p>\n<p>&#8211; che l\u2019affidamento diretto, a mente dell\u2019art. 36 del Decreto Legislativo 50\/2016, \u00e8 previsto per lavori di valore inferiore a \u20ac. 40.000,00 al netto di IVA;<\/p>\n<p><strong>Va rilevato che:<\/strong><\/p>\n<p>Nel caso nostro il valore dei lavori \u00e8 quantificato in misura superiore a 40.000 euro e questa soglia si raggiunge solo dopo offerta di ribasso da parte della ditta affidataria, <strong>ribasso (24%) scientificamente studiato<\/strong> che non \u00e8 stato confrontato con altra possibilit\u00e0 di ottenere offerta di ribasso migliore<\/p>\n<p>Ed infatti, la lett. a) del comma 2 dell\u2019art. 36 del Decreto Legislativo 50\/2016 prevede che le stazioni appaltanti procedano mediante affidamento diretto anche senza previa consultazione di due o pi\u00f9 operatori economici per lavori di importo inferiore a 40.000 euro <strong>ma nel caso nostro il lavoro aveva un importo di <\/strong><strong>\u20ac 52.007,36 ed intanto l\u2019importo \u00e8 sceso sotto soglia solo dopo una negoziazione che \u00e8 stata limitata ad un solo soggetto.<\/strong><\/p>\n<p><strong>Vanno considerati i tempi, non c\u2019\u00e8 dubbio, da FERRARI:<\/strong><\/p>\n<p>se potessimo cronometrare e se il protocollo elettronico potesse venirci in soccorso con la registrazione dell\u2019ora e dei minuti, riusciremmo ad immaginare il film dell\u2019accaduto: in data 29\/12\/2017 viene redatto e sottoscritto da Lei il computo metrico dei lavori e nella stessa data viene contattata (si legge in determina) la ditta CO.STR.AN&nbsp; che l\u00ec per l\u00ec formula l\u2019offerta con il ribasso del 24% ( ovviamente avr\u00e0 avuto il tempo di valutare la fattibilit\u00e0 e la vantaggiosit\u00e0 del lavoro ) e sempre nella stessa data viene redatta la determina di affidamento diretto. La quasi contemporaneit\u00e0 degli eventi ci fa pensare che il 29\/12\/2017 o le parti erano tutte riunite o che comunque si era tutti ad adoperarsi per questo affidamento.<\/p>\n<p><strong>Abbiamo superato i tempi record di TERRA NOSTRA srl<\/strong><\/p>\n<p><strong>Ad avvalorare quanto sopra \u00e8 da rilevare che:<\/strong><\/p>\n<p>tanta \u00e8 la fretta di chiudere che ci si dimentica nell\u2019affidare i lavori di indicare il Tempo di completamento dei lavori. Infatti, nella determina di affidamento \u00e8 scritto:\u201d Tempo di completamento dei lavori: gg. dalla consegna lavori\u201d. Quanti giorni? Boh! E\u2019 un dato che \u00e8 saltato, non \u00e8 scritto e non \u00e8 dato saperlo.<\/p>\n<p><strong>Tutto ci\u00f2 premesso e considerato, La interroghiamo per conoscere:<\/strong><\/p>\n<ol>\n<li>&nbsp;&nbsp;&nbsp;&nbsp;&nbsp; Ritiene, come noi riteniamo, che nel caso che ci occupa, essendo l\u2019importo dei lavori superiore a 40.000 euro (soglia prevista dalla legge per procedere all\u2019affidamento diretto), la determina vada annullata per procedere con procedure di selezione del contraente mediante confronto tra due e pi\u00f9 operatori economici al fine di aderire alla norma e di comprendere se esista una possibilit\u00e0 di ribasso pi\u00f9 consistente e pi\u00f9 vantaggiosa per le casse comunali?<\/li>\n<li>&nbsp;&nbsp;&nbsp;&nbsp;&nbsp; Dato che l\u2019art. 36, co. 1, impone il rispetto del principio di rotazione degli inviti e degli affidamenti diretti in modo da assicurare l&#8217;effettiva possibilit\u00e0 di partecipazione a una pluralit\u00e0 di microimprese, piccole e medie imprese e non alla stessa, vorr\u00e0 indicarci nella risposta l\u2019eventuale ripetitivit\u00e0 di affidamenti diretti di lavori alla CO.STR.AN&nbsp; srl negli ultimi cinque anni.<\/li>\n<li>&nbsp;&nbsp;&nbsp;&nbsp;&nbsp; Come mai, per TERRA NOSTRA, per il DOPOSCUOLA, per <strong>questo affidamento<\/strong> siete una Ferrari e siete la BUONA AMMINISTRAZIONE e quando giunge un cittadino al Comune per assistenza sociale o per servizi vari ci si contraddistingue per grande inefficienza?<\/li>\n<li>&nbsp;&nbsp;&nbsp;&nbsp;&nbsp; E\u2019 prevista la corresponsione ai dipendenti degli elementi della retribuzione contrattuale della produttivit\u00e0 con la busta paga del corrente mese di gennaio 2018?<\/li>\n<li>&nbsp;&nbsp;&nbsp;&nbsp;&nbsp; In caso negativo, quali sono i motivi ostativi?&nbsp;<\/li>\n<\/ol>\n<p><i>Oggetto: seconda interrogazione corresponsione produttivit\u00e0<\/i><\/p>\n<p><strong>Premesso:<\/strong><\/p>\n<p>&#8211; che con precedente interrogazione rimasta ad oggi inevasa, nel raccogliere voci circa la mancata corresponsione ai dipendenti degli elementi della retribuzione contrattuale della produttivit\u00e0 da sempre corrisposti entro il mese di dicembre, ne chiedevamo le ragioni;<\/p>\n<p>&#8211; che tale corresponsione, nell\u2019ambito delle voci della retribuzione ha un valore di alto profilo in quanto attiene al sistema premiante che determina la motivazione e il coinvolgimento del dipendente nelle attivit\u00e0 con incidenza positiva sulla qualit\u00e0 dei servizi offerti ai cittadini con possibilit\u00e0 di penalizzazione per quei dipendenti che non hanno dato tutto quello di cui sono capaci e che con la produttivit\u00e0 possono essere motivati a dare di pi\u00f9;<\/p>\n<p><strong>Considerato che:<\/strong><\/p>\n<p>con DGC 129 del 22\/12\/2017 \u00e8 stata approvata la relazione delle performances anno 2016 e che a nostro parere non sussistono impedimenti a procedere alla liquidazione delle spettanze stipendiali in favore dei dipendenti con la busta paga del corrente mese di gennaio 2018<\/p>\n<p><strong>Tutto ci\u00f2 premesso e considerato, La interroghiamo per conoscere:<\/strong><\/p>\n<p>&nbsp;<\/p>\n","protected":false},"excerpt":{"rendered":"","protected":false},"author":1,"featured_media":13974,"comment_status":"open","ping_status":"closed","sticky":false,"template":"","format":"standard","meta":{"colormag_page_container_layout":"default_layout","colormag_page_sidebar_layout":"default_layout","footnotes":""},"categories":[4],"tags":[],"class_list":["post-15344","post","type-post","status-publish","format-standard","has-post-thumbnail","hentry","category-politica"],"yoast_head":"<!-- This site is optimized with the Yoast SEO plugin v27.5 - https:\/\/yoast.com\/product\/yoast-seo-wordpress\/ -->\n<title>&quot;Siamo Cassano&quot; interroga la Di Medio su manutenzione strade e personale - Archivio CassanoWeb<\/title>\n<meta name=\"robots\" content=\"index, follow, max-snippet:-1, max-image-preview:large, max-video-preview:-1\" \/>\n<link rel=\"canonical\" href=\"https:\/\/archiviocassano.lavocedelpaese.info\/index.php\/2018\/01\/12\/qsiamo-cassanoq-2\/\" \/>\n<meta property=\"og:locale\" content=\"it_IT\" \/>\n<meta property=\"og:type\" content=\"article\" \/>\n<meta property=\"og:title\" content=\"&quot;Siamo Cassano&quot; interroga la Di Medio su manutenzione strade e personale - Archivio CassanoWeb\" \/>\n<meta property=\"og:url\" content=\"https:\/\/archiviocassano.lavocedelpaese.info\/index.php\/2018\/01\/12\/qsiamo-cassanoq-2\/\" \/>\n<meta property=\"og:site_name\" content=\"Archivio CassanoWeb\" \/>\n<meta property=\"article:publisher\" content=\"https:\/\/www.facebook.com\/redazione.cassanoweb\" \/>\n<meta property=\"article:published_time\" content=\"2018-01-12T09:27:51+00:00\" \/>\n<meta property=\"og:image\" content=\"https:\/\/archiviocassano.lavocedelpaese.info\/wp-content\/uploads\/2017\/05\/simbolo_copy_copy.png\" \/>\n\t<meta property=\"og:image:width\" content=\"500\" \/>\n\t<meta property=\"og:image:height\" content=\"500\" \/>\n\t<meta property=\"og:image:type\" content=\"image\/png\" \/>\n<meta name=\"author\" content=\"admin\" \/>\n<meta name=\"twitter:card\" content=\"summary_large_image\" \/>\n<meta name=\"twitter:label1\" content=\"Scritto da\" \/>\n\t<meta name=\"twitter:data1\" content=\"admin\" \/>\n\t<meta name=\"twitter:label2\" content=\"Tempo di lettura stimato\" \/>\n\t<meta name=\"twitter:data2\" content=\"4 minuti\" \/>\n<script type=\"application\/ld+json\" class=\"yoast-schema-graph\">{\"@context\":\"https:\\\/\\\/schema.org\",\"@graph\":[{\"@type\":\"Article\",\"@id\":\"https:\\\/\\\/archiviocassano.lavocedelpaese.info\\\/index.php\\\/2018\\\/01\\\/12\\\/qsiamo-cassanoq-2\\\/#article\",\"isPartOf\":{\"@id\":\"https:\\\/\\\/archiviocassano.lavocedelpaese.info\\\/index.php\\\/2018\\\/01\\\/12\\\/qsiamo-cassanoq-2\\\/\"},\"author\":{\"name\":\"admin\",\"@id\":\"https:\\\/\\\/archiviocassano.lavocedelpaese.info\\\/#\\\/schema\\\/person\\\/df195bc79a9b4c35127cf005f92e041b\"},\"headline\":\"&#8220;Siamo Cassano&#8221; interroga la Di Medio su manutenzione strade e personale\",\"datePublished\":\"2018-01-12T09:27:51+00:00\",\"mainEntityOfPage\":{\"@id\":\"https:\\\/\\\/archiviocassano.lavocedelpaese.info\\\/index.php\\\/2018\\\/01\\\/12\\\/qsiamo-cassanoq-2\\\/\"},\"wordCount\":894,\"commentCount\":0,\"publisher\":{\"@id\":\"https:\\\/\\\/archiviocassano.lavocedelpaese.info\\\/#organization\"},\"image\":{\"@id\":\"https:\\\/\\\/archiviocassano.lavocedelpaese.info\\\/index.php\\\/2018\\\/01\\\/12\\\/qsiamo-cassanoq-2\\\/#primaryimage\"},\"thumbnailUrl\":\"https:\\\/\\\/archiviocassano.lavocedelpaese.info\\\/wp-content\\\/uploads\\\/2017\\\/05\\\/simbolo_copy_copy.png\",\"articleSection\":[\"Politica\"],\"inLanguage\":\"it-IT\",\"potentialAction\":[{\"@type\":\"CommentAction\",\"name\":\"Comment\",\"target\":[\"https:\\\/\\\/archiviocassano.lavocedelpaese.info\\\/index.php\\\/2018\\\/01\\\/12\\\/qsiamo-cassanoq-2\\\/#respond\"]}]},{\"@type\":\"WebPage\",\"@id\":\"https:\\\/\\\/archiviocassano.lavocedelpaese.info\\\/index.php\\\/2018\\\/01\\\/12\\\/qsiamo-cassanoq-2\\\/\",\"url\":\"https:\\\/\\\/archiviocassano.lavocedelpaese.info\\\/index.php\\\/2018\\\/01\\\/12\\\/qsiamo-cassanoq-2\\\/\",\"name\":\"\\\"Siamo Cassano\\\" interroga la Di Medio su manutenzione strade e personale - Archivio CassanoWeb\",\"isPartOf\":{\"@id\":\"https:\\\/\\\/archiviocassano.lavocedelpaese.info\\\/#website\"},\"primaryImageOfPage\":{\"@id\":\"https:\\\/\\\/archiviocassano.lavocedelpaese.info\\\/index.php\\\/2018\\\/01\\\/12\\\/qsiamo-cassanoq-2\\\/#primaryimage\"},\"image\":{\"@id\":\"https:\\\/\\\/archiviocassano.lavocedelpaese.info\\\/index.php\\\/2018\\\/01\\\/12\\\/qsiamo-cassanoq-2\\\/#primaryimage\"},\"thumbnailUrl\":\"https:\\\/\\\/archiviocassano.lavocedelpaese.info\\\/wp-content\\\/uploads\\\/2017\\\/05\\\/simbolo_copy_copy.png\",\"datePublished\":\"2018-01-12T09:27:51+00:00\",\"breadcrumb\":{\"@id\":\"https:\\\/\\\/archiviocassano.lavocedelpaese.info\\\/index.php\\\/2018\\\/01\\\/12\\\/qsiamo-cassanoq-2\\\/#breadcrumb\"},\"inLanguage\":\"it-IT\",\"potentialAction\":[{\"@type\":\"ReadAction\",\"target\":[\"https:\\\/\\\/archiviocassano.lavocedelpaese.info\\\/index.php\\\/2018\\\/01\\\/12\\\/qsiamo-cassanoq-2\\\/\"]}]},{\"@type\":\"ImageObject\",\"inLanguage\":\"it-IT\",\"@id\":\"https:\\\/\\\/archiviocassano.lavocedelpaese.info\\\/index.php\\\/2018\\\/01\\\/12\\\/qsiamo-cassanoq-2\\\/#primaryimage\",\"url\":\"https:\\\/\\\/archiviocassano.lavocedelpaese.info\\\/wp-content\\\/uploads\\\/2017\\\/05\\\/simbolo_copy_copy.png\",\"contentUrl\":\"https:\\\/\\\/archiviocassano.lavocedelpaese.info\\\/wp-content\\\/uploads\\\/2017\\\/05\\\/simbolo_copy_copy.png\",\"width\":500,\"height\":500,\"caption\":\"simbolo copy copy\"},{\"@type\":\"BreadcrumbList\",\"@id\":\"https:\\\/\\\/archiviocassano.lavocedelpaese.info\\\/index.php\\\/2018\\\/01\\\/12\\\/qsiamo-cassanoq-2\\\/#breadcrumb\",\"itemListElement\":[{\"@type\":\"ListItem\",\"position\":1,\"name\":\"Home\",\"item\":\"https:\\\/\\\/archiviocassano.lavocedelpaese.info\\\/\"},{\"@type\":\"ListItem\",\"position\":2,\"name\":\"&#8220;Siamo Cassano&#8221; interroga la Di Medio su manutenzione strade e personale\"}]},{\"@type\":\"WebSite\",\"@id\":\"https:\\\/\\\/archiviocassano.lavocedelpaese.info\\\/#website\",\"url\":\"https:\\\/\\\/archiviocassano.lavocedelpaese.info\\\/\",\"name\":\"Archivio CassanoWeb\",\"description\":\"La Voce del Paese - un network di idee\",\"publisher\":{\"@id\":\"https:\\\/\\\/archiviocassano.lavocedelpaese.info\\\/#organization\"},\"potentialAction\":[{\"@type\":\"SearchAction\",\"target\":{\"@type\":\"EntryPoint\",\"urlTemplate\":\"https:\\\/\\\/archiviocassano.lavocedelpaese.info\\\/?s={search_term_string}\"},\"query-input\":{\"@type\":\"PropertyValueSpecification\",\"valueRequired\":true,\"valueName\":\"search_term_string\"}}],\"inLanguage\":\"it-IT\"},{\"@type\":\"Organization\",\"@id\":\"https:\\\/\\\/archiviocassano.lavocedelpaese.info\\\/#organization\",\"name\":\"Archivio CassanoWeb\",\"url\":\"https:\\\/\\\/archiviocassano.lavocedelpaese.info\\\/\",\"logo\":{\"@type\":\"ImageObject\",\"inLanguage\":\"it-IT\",\"@id\":\"https:\\\/\\\/archiviocassano.lavocedelpaese.info\\\/#\\\/schema\\\/logo\\\/image\\\/\",\"url\":\"https:\\\/\\\/archiviocassano.lavocedelpaese.info\\\/wp-content\\\/uploads\\\/2024\\\/08\\\/logo-rosso-2.png\",\"contentUrl\":\"https:\\\/\\\/archiviocassano.lavocedelpaese.info\\\/wp-content\\\/uploads\\\/2024\\\/08\\\/logo-rosso-2.png\",\"width\":491,\"height\":432,\"caption\":\"Archivio CassanoWeb\"},\"image\":{\"@id\":\"https:\\\/\\\/archiviocassano.lavocedelpaese.info\\\/#\\\/schema\\\/logo\\\/image\\\/\"},\"sameAs\":[\"https:\\\/\\\/www.facebook.com\\\/redazione.cassanoweb\"]},{\"@type\":\"Person\",\"@id\":\"https:\\\/\\\/archiviocassano.lavocedelpaese.info\\\/#\\\/schema\\\/person\\\/df195bc79a9b4c35127cf005f92e041b\",\"name\":\"admin\",\"image\":{\"@type\":\"ImageObject\",\"inLanguage\":\"it-IT\",\"@id\":\"https:\\\/\\\/secure.gravatar.com\\\/avatar\\\/eabba89a432e8eaa1b0207cc55f7e5340b22712b1ed80677efcf63e02ff5b235?s=96&d=mm&r=g\",\"url\":\"https:\\\/\\\/secure.gravatar.com\\\/avatar\\\/eabba89a432e8eaa1b0207cc55f7e5340b22712b1ed80677efcf63e02ff5b235?s=96&d=mm&r=g\",\"contentUrl\":\"https:\\\/\\\/secure.gravatar.com\\\/avatar\\\/eabba89a432e8eaa1b0207cc55f7e5340b22712b1ed80677efcf63e02ff5b235?s=96&d=mm&r=g\",\"caption\":\"admin\"},\"sameAs\":[\"https:\\\/\\\/archiviocassano.lavocedelpaese.info\"],\"url\":\"https:\\\/\\\/archiviocassano.lavocedelpaese.info\\\/index.php\\\/author\\\/admin_0qgz1xdp\\\/\"}]}<\/script>\n<!-- \/ Yoast SEO plugin. -->","yoast_head_json":{"title":"\"Siamo Cassano\" interroga la Di Medio su manutenzione strade e personale - Archivio CassanoWeb","robots":{"index":"index","follow":"follow","max-snippet":"max-snippet:-1","max-image-preview":"max-image-preview:large","max-video-preview":"max-video-preview:-1"},"canonical":"https:\/\/archiviocassano.lavocedelpaese.info\/index.php\/2018\/01\/12\/qsiamo-cassanoq-2\/","og_locale":"it_IT","og_type":"article","og_title":"\"Siamo Cassano\" interroga la Di Medio su manutenzione strade e personale - Archivio CassanoWeb","og_url":"https:\/\/archiviocassano.lavocedelpaese.info\/index.php\/2018\/01\/12\/qsiamo-cassanoq-2\/","og_site_name":"Archivio CassanoWeb","article_publisher":"https:\/\/www.facebook.com\/redazione.cassanoweb","article_published_time":"2018-01-12T09:27:51+00:00","og_image":[{"width":500,"height":500,"url":"https:\/\/archiviocassano.lavocedelpaese.info\/wp-content\/uploads\/2017\/05\/simbolo_copy_copy.png","type":"image\/png"}],"author":"admin","twitter_card":"summary_large_image","twitter_misc":{"Scritto da":"admin","Tempo di lettura stimato":"4 minuti"},"schema":{"@context":"https:\/\/schema.org","@graph":[{"@type":"Article","@id":"https:\/\/archiviocassano.lavocedelpaese.info\/index.php\/2018\/01\/12\/qsiamo-cassanoq-2\/#article","isPartOf":{"@id":"https:\/\/archiviocassano.lavocedelpaese.info\/index.php\/2018\/01\/12\/qsiamo-cassanoq-2\/"},"author":{"name":"admin","@id":"https:\/\/archiviocassano.lavocedelpaese.info\/#\/schema\/person\/df195bc79a9b4c35127cf005f92e041b"},"headline":"&#8220;Siamo Cassano&#8221; interroga la Di Medio su manutenzione strade e personale","datePublished":"2018-01-12T09:27:51+00:00","mainEntityOfPage":{"@id":"https:\/\/archiviocassano.lavocedelpaese.info\/index.php\/2018\/01\/12\/qsiamo-cassanoq-2\/"},"wordCount":894,"commentCount":0,"publisher":{"@id":"https:\/\/archiviocassano.lavocedelpaese.info\/#organization"},"image":{"@id":"https:\/\/archiviocassano.lavocedelpaese.info\/index.php\/2018\/01\/12\/qsiamo-cassanoq-2\/#primaryimage"},"thumbnailUrl":"https:\/\/archiviocassano.lavocedelpaese.info\/wp-content\/uploads\/2017\/05\/simbolo_copy_copy.png","articleSection":["Politica"],"inLanguage":"it-IT","potentialAction":[{"@type":"CommentAction","name":"Comment","target":["https:\/\/archiviocassano.lavocedelpaese.info\/index.php\/2018\/01\/12\/qsiamo-cassanoq-2\/#respond"]}]},{"@type":"WebPage","@id":"https:\/\/archiviocassano.lavocedelpaese.info\/index.php\/2018\/01\/12\/qsiamo-cassanoq-2\/","url":"https:\/\/archiviocassano.lavocedelpaese.info\/index.php\/2018\/01\/12\/qsiamo-cassanoq-2\/","name":"\"Siamo Cassano\" interroga la Di Medio su manutenzione strade e personale - Archivio CassanoWeb","isPartOf":{"@id":"https:\/\/archiviocassano.lavocedelpaese.info\/#website"},"primaryImageOfPage":{"@id":"https:\/\/archiviocassano.lavocedelpaese.info\/index.php\/2018\/01\/12\/qsiamo-cassanoq-2\/#primaryimage"},"image":{"@id":"https:\/\/archiviocassano.lavocedelpaese.info\/index.php\/2018\/01\/12\/qsiamo-cassanoq-2\/#primaryimage"},"thumbnailUrl":"https:\/\/archiviocassano.lavocedelpaese.info\/wp-content\/uploads\/2017\/05\/simbolo_copy_copy.png","datePublished":"2018-01-12T09:27:51+00:00","breadcrumb":{"@id":"https:\/\/archiviocassano.lavocedelpaese.info\/index.php\/2018\/01\/12\/qsiamo-cassanoq-2\/#breadcrumb"},"inLanguage":"it-IT","potentialAction":[{"@type":"ReadAction","target":["https:\/\/archiviocassano.lavocedelpaese.info\/index.php\/2018\/01\/12\/qsiamo-cassanoq-2\/"]}]},{"@type":"ImageObject","inLanguage":"it-IT","@id":"https:\/\/archiviocassano.lavocedelpaese.info\/index.php\/2018\/01\/12\/qsiamo-cassanoq-2\/#primaryimage","url":"https:\/\/archiviocassano.lavocedelpaese.info\/wp-content\/uploads\/2017\/05\/simbolo_copy_copy.png","contentUrl":"https:\/\/archiviocassano.lavocedelpaese.info\/wp-content\/uploads\/2017\/05\/simbolo_copy_copy.png","width":500,"height":500,"caption":"simbolo copy copy"},{"@type":"BreadcrumbList","@id":"https:\/\/archiviocassano.lavocedelpaese.info\/index.php\/2018\/01\/12\/qsiamo-cassanoq-2\/#breadcrumb","itemListElement":[{"@type":"ListItem","position":1,"name":"Home","item":"https:\/\/archiviocassano.lavocedelpaese.info\/"},{"@type":"ListItem","position":2,"name":"&#8220;Siamo Cassano&#8221; interroga la Di Medio su manutenzione strade e personale"}]},{"@type":"WebSite","@id":"https:\/\/archiviocassano.lavocedelpaese.info\/#website","url":"https:\/\/archiviocassano.lavocedelpaese.info\/","name":"Archivio CassanoWeb","description":"La Voce del Paese - un network di idee","publisher":{"@id":"https:\/\/archiviocassano.lavocedelpaese.info\/#organization"},"potentialAction":[{"@type":"SearchAction","target":{"@type":"EntryPoint","urlTemplate":"https:\/\/archiviocassano.lavocedelpaese.info\/?s={search_term_string}"},"query-input":{"@type":"PropertyValueSpecification","valueRequired":true,"valueName":"search_term_string"}}],"inLanguage":"it-IT"},{"@type":"Organization","@id":"https:\/\/archiviocassano.lavocedelpaese.info\/#organization","name":"Archivio CassanoWeb","url":"https:\/\/archiviocassano.lavocedelpaese.info\/","logo":{"@type":"ImageObject","inLanguage":"it-IT","@id":"https:\/\/archiviocassano.lavocedelpaese.info\/#\/schema\/logo\/image\/","url":"https:\/\/archiviocassano.lavocedelpaese.info\/wp-content\/uploads\/2024\/08\/logo-rosso-2.png","contentUrl":"https:\/\/archiviocassano.lavocedelpaese.info\/wp-content\/uploads\/2024\/08\/logo-rosso-2.png","width":491,"height":432,"caption":"Archivio CassanoWeb"},"image":{"@id":"https:\/\/archiviocassano.lavocedelpaese.info\/#\/schema\/logo\/image\/"},"sameAs":["https:\/\/www.facebook.com\/redazione.cassanoweb"]},{"@type":"Person","@id":"https:\/\/archiviocassano.lavocedelpaese.info\/#\/schema\/person\/df195bc79a9b4c35127cf005f92e041b","name":"admin","image":{"@type":"ImageObject","inLanguage":"it-IT","@id":"https:\/\/secure.gravatar.com\/avatar\/eabba89a432e8eaa1b0207cc55f7e5340b22712b1ed80677efcf63e02ff5b235?s=96&d=mm&r=g","url":"https:\/\/secure.gravatar.com\/avatar\/eabba89a432e8eaa1b0207cc55f7e5340b22712b1ed80677efcf63e02ff5b235?s=96&d=mm&r=g","contentUrl":"https:\/\/secure.gravatar.com\/avatar\/eabba89a432e8eaa1b0207cc55f7e5340b22712b1ed80677efcf63e02ff5b235?s=96&d=mm&r=g","caption":"admin"},"sameAs":["https:\/\/archiviocassano.lavocedelpaese.info"],"url":"https:\/\/archiviocassano.lavocedelpaese.info\/index.php\/author\/admin_0qgz1xdp\/"}]}},"_links":{"self":[{"href":"https:\/\/archiviocassano.lavocedelpaese.info\/index.php\/wp-json\/wp\/v2\/posts\/15344","targetHints":{"allow":["GET"]}}],"collection":[{"href":"https:\/\/archiviocassano.lavocedelpaese.info\/index.php\/wp-json\/wp\/v2\/posts"}],"about":[{"href":"https:\/\/archiviocassano.lavocedelpaese.info\/index.php\/wp-json\/wp\/v2\/types\/post"}],"author":[{"embeddable":true,"href":"https:\/\/archiviocassano.lavocedelpaese.info\/index.php\/wp-json\/wp\/v2\/users\/1"}],"replies":[{"embeddable":true,"href":"https:\/\/archiviocassano.lavocedelpaese.info\/index.php\/wp-json\/wp\/v2\/comments?post=15344"}],"version-history":[{"count":0,"href":"https:\/\/archiviocassano.lavocedelpaese.info\/index.php\/wp-json\/wp\/v2\/posts\/15344\/revisions"}],"wp:featuredmedia":[{"embeddable":true,"href":"https:\/\/archiviocassano.lavocedelpaese.info\/index.php\/wp-json\/wp\/v2\/media\/13974"}],"wp:attachment":[{"href":"https:\/\/archiviocassano.lavocedelpaese.info\/index.php\/wp-json\/wp\/v2\/media?parent=15344"}],"wp:term":[{"taxonomy":"category","embeddable":true,"href":"https:\/\/archiviocassano.lavocedelpaese.info\/index.php\/wp-json\/wp\/v2\/categories?post=15344"},{"taxonomy":"post_tag","embeddable":true,"href":"https:\/\/archiviocassano.lavocedelpaese.info\/index.php\/wp-json\/wp\/v2\/tags?post=15344"}],"curies":[{"name":"wp","href":"https:\/\/api.w.org\/{rel}","templated":true}]}}