{"id":15424,"date":"2018-01-31T12:04:26","date_gmt":"2018-01-31T12:04:26","guid":{"rendered":"https:\/\/archiviocassano.lavocedelpaese.info\/index.php\/2018\/01\/31\/criminalita-nelle-campagne-minnitti-studia-il-caso-puglia\/"},"modified":"2018-01-31T12:04:26","modified_gmt":"2018-01-31T12:04:26","slug":"criminalita-nelle-campagne-minnitti-studia-il-caso-puglia","status":"publish","type":"post","link":"https:\/\/archiviocassano.lavocedelpaese.info\/index.php\/2018\/01\/31\/criminalita-nelle-campagne-minnitti-studia-il-caso-puglia\/","title":{"rendered":"Criminalit\u00e0 nelle campagne: Minnitti studia il caso Puglia"},"content":{"rendered":"<p><img loading=\"lazy\" decoding=\"async\" class=\" size-full wp-image-15423\" src=\"https:\/\/archiviocassano.lavocedelpaese.info\/wp-content\/uploads\/2018\/01\/Il_Ministro_Minniti_il_Presidente_comitato_scientifico_Osservatorio_Caselli_ex_Procuratore_Motta_e_Presidente_Ca-iloveimg-cropped.jpg\" alt=\"Il Ministro Minniti il Presidente comitato scientifico Osservatorio Caselli ex Procuratore Motta e Presidente Ca-iloveimg-cropped\" style=\"margin-right: 2px; margin-left: 2px;\" height=\"150\" width=\"320\" \/><\/p>\n<p><!--more--><\/p>\n<p>Riflettori del Ministero degli Interni puntati sul \u2018caso Puglia\u2019 e sui fenomeni di criminalit\u00e0 cos\u00ec frequenti nelle aree rurali da allertare il Ministro Minniti che, sollecitato dall\u2019Osservatorio sulla criminalit\u00e0 nell\u2019agricoltura e sul sistema agroalimentare, segnatamente dal presidente del comitato scientifico, l\u2019ex Procuratore Gian Carlo Caselli e dall\u2019ex Procuratore Cataldo Motta, ha garantito al Presidente di Coldiretti Puglia, Gianni Cantele, che attiver\u00e0 immediatamente gli strumenti&nbsp;idonei ad arginare furti e atti intimidatori nelle campagne pugliesi.<\/p>\n<p>\u201cIl fenomeno della micro criminalit\u00e0 nelle aree rurali pugliesi \u2013 ha denunciato il Presidente Cantele &#8211; \u00e8 divenuto cos\u00ec pressante e pericoloso per la stessa incolumit\u00e0 che gli agricoltori stanno rinunciando a presentare regolare denuncia. Ci siamo impegnati a sensibilizzare i coltivatori a presentare regolare denuncia, in modo da aiutare le forze dell\u2019ordine. I furti di olive, mandorle, rame e mezzi agricoli, fenomeni estorsivi con il taglio dei ceppi di uva sono stati all\u2019ordine del giorno anche nel 2017. In questo scenario di strisciante diffusione dell\u2019illegalit\u00e0 e clima di pericolosa incertezza, le aziende corrono il forte rischio di perdere competitivit\u00e0\u201d. &nbsp;<\/p>\n<p>Ancora nelle ultime ore proprio ad Andria, la culla dell\u2019olivicoltura pugliese, sono stati registrati casi di taglio di ulivi monumentali per rivendere la legna a&nbsp;pochi spiccioli (foto in allegato).<\/p>\n<p>\u201cPer questo abbiamo richiesto da tempo che il territorio sia maggiormente presidiato \u2013 ha aggiunto il Direttore di Coldiretti Puglia, Angelo Corsetti &#8211; auspicando una collaborazione pi\u00f9 stringente con i Consorzi nella vigilanza delle campagne, auspicando che non si interrompa il percorso gi\u00e0 intrapreso di accorpamento dei Consorzi minori al fine di incrementare ed ottimizzare il servizio di vigilanza campestre reso all\u2019utenza e un coordinamento delle attivit\u00e0 di presidio e vigilanza tra le forze dell\u2019ordine e la Federazione regionale dei Consorzi di Vigilanza campestre che annovera 2 consorzi a Taranto, 1 a Brindisi, 4 a Lecce, 12 a Foggia, 8 nella BAT e 30 a Bari\u201d.<\/p>\n<p>&nbsp;Sensibilizzare gli agricoltori circa l\u2019importanza di denunciare \u00e8 l\u2019obiettivo di Coldiretti Puglia, per analizzare dove si registrano in pi\u00f9 larga misura i fenomeni criminosi, quando avvengono i furti, quali sono mezzi e prodotti maggiormente appetibili e come \u00e8 strutturata la \u2018filiera\u2019 della ricettazione per economizzare le attivit\u00e0 di polizia, rassicurando le vittime circa l\u2019anonimato della denuncia non restando isolati.<\/p>\n<p><b>Per quanto riguarda i territori della provincia di bari e della Bat, i<\/b>I predoni delle campagne stanno facendo razzia di olive che come diamanti andrebbero sorvegliate di notte e scortate durante i trasferimenti nei frantoi.<\/p>\n<p>I mandanti dei gruppi criminali sono italiani anche se spesso si avvalgono di \u2018manodopera\u2019 straniera. Stanno letteralmente depredando gli oliveti del barese, tarantino e del foggiano. In 2\/3 minuti riescono a portare via oltre 30 kg di olive ad albero, battendo gli ulivi con mazze anche di ferro per far crollare il maggior numero di prodotto, danneggiando al contempo le piante. Le squadre di malfattori trascinano le reti sotto gli olivi a mano a mano che i complici percuotono i rami, per raccogliere il maggiore numero possibile di olive in caduta. Oltre alla perdita di reddito per il furto di olive e al danneggiamento delle piante, gli agricoltori sono costretti ad impiegare pi\u00f9 manodopera per recuperare dal terreno parte della \u2018refurtiva\u2019 che i ladri, trascinando velocemente le reti di raccolta, non riescono a portare via. Gli agricoltori, ormai per il terzo anno consecutivo, sono vittime di un fenomeno che si sta consolidando e aggravando nel tempo.<\/p>\n<p>I frantoi sono costretti ad avvisare la Questura prima di far partire i camion di olio extravergine alla volta delle varie destinazioni italiane &nbsp;per farli scortare fino all\u2019imbocco dell\u2019autostrada, eppure questa \u00e8 la situazione nella BAT e soprattutto ad Andria, culla dell\u2019olivicoltura pugliese. Il fenomeno che si ripete ogni anno mette a repentaglio l\u2019incolumit\u00e0 stessa degli olivicoltori, costretti a fare ronde diurne e notturne. Le forze dell\u2019ordine, coadiuvate dalla Guardie Campestri, hanno un territorio assai vasto da presidiare, pertanto ampie zone non sono pattugliate. Ci possiamo impegnare a fornire in tempo reale segnalazioni puntuali delle aree da cui giungono le denunce per avere almeno la mappatura del fenomeno e poter indirizzare l\u2019attivit\u00e0 delle forze dell\u2019ordine in maniera puntuale. Furti e danneggiamenti sono praticamente quotidiani&nbsp; tanto da aver spinto alcuni agricoltori ad organizzarsi con ronde notturne e diurne.<\/p>\n<p>Stessa sorte subiscono mandorle, uva da tavola, uva da vino, perch\u00e9 i gruppi criminali seguono la stagionalit\u00e0 delle produzioni.<\/p>\n<p>Strage di ulivi monumentali nelle campagne del barese a Santo Spirito, nell\u2019area attorno all\u2019aeroporto di Bari e nella zona tra Bitonto, Grumo e Palo. Ogni albero garantisce circa un quintale di olive e il paradosso vergognoso della vicenda \u00e8 che gli ulivi di inestimabile valore sono tagliati per rivendersi la legna. Gli atti criminosi segnano la fine dell\u2019attivit\u00e0 olivicola degli olivicoltori che, prima di poter raccogliere nuovamente olive, devono aspettare anni.<\/p>\n<p>&nbsp;<\/p>\n","protected":false},"excerpt":{"rendered":"","protected":false},"author":1,"featured_media":15423,"comment_status":"open","ping_status":"closed","sticky":false,"template":"","format":"standard","meta":{"colormag_page_container_layout":"default_layout","colormag_page_sidebar_layout":"default_layout","footnotes":""},"categories":[8],"tags":[],"class_list":["post-15424","post","type-post","status-publish","format-standard","has-post-thumbnail","hentry","category-cronaca"],"yoast_head":"<!-- This site is optimized with the Yoast SEO plugin v27.5 - https:\/\/yoast.com\/product\/yoast-seo-wordpress\/ -->\n<title>Criminalit\u00e0 nelle campagne: Minnitti studia il caso Puglia - Archivio CassanoWeb<\/title>\n<meta name=\"robots\" content=\"index, follow, max-snippet:-1, max-image-preview:large, max-video-preview:-1\" \/>\n<link rel=\"canonical\" href=\"https:\/\/archiviocassano.lavocedelpaese.info\/index.php\/2018\/01\/31\/criminalita-nelle-campagne-minnitti-studia-il-caso-puglia\/\" \/>\n<meta property=\"og:locale\" content=\"it_IT\" \/>\n<meta property=\"og:type\" content=\"article\" \/>\n<meta property=\"og:title\" content=\"Criminalit\u00e0 nelle campagne: Minnitti studia il caso Puglia - Archivio CassanoWeb\" \/>\n<meta property=\"og:url\" content=\"https:\/\/archiviocassano.lavocedelpaese.info\/index.php\/2018\/01\/31\/criminalita-nelle-campagne-minnitti-studia-il-caso-puglia\/\" \/>\n<meta property=\"og:site_name\" content=\"Archivio CassanoWeb\" \/>\n<meta property=\"article:publisher\" content=\"https:\/\/www.facebook.com\/redazione.cassanoweb\" \/>\n<meta property=\"article:published_time\" content=\"2018-01-31T12:04:26+00:00\" \/>\n<meta property=\"og:image\" content=\"https:\/\/archiviocassano.lavocedelpaese.info\/wp-content\/uploads\/2018\/01\/Il_Ministro_Minniti_il_Presidente_comitato_scientifico_Osservatorio_Caselli_ex_Procuratore_Motta_e_Presidente_Ca-iloveimg-cropped.jpg\" \/>\n\t<meta property=\"og:image:width\" content=\"707\" \/>\n\t<meta property=\"og:image:height\" content=\"316\" \/>\n\t<meta property=\"og:image:type\" content=\"image\/jpeg\" \/>\n<meta name=\"author\" content=\"admin\" \/>\n<meta name=\"twitter:card\" content=\"summary_large_image\" \/>\n<meta name=\"twitter:label1\" content=\"Scritto da\" \/>\n\t<meta name=\"twitter:data1\" content=\"admin\" \/>\n\t<meta name=\"twitter:label2\" content=\"Tempo di lettura stimato\" \/>\n\t<meta name=\"twitter:data2\" content=\"4 minuti\" \/>\n<script type=\"application\/ld+json\" class=\"yoast-schema-graph\">{\"@context\":\"https:\\\/\\\/schema.org\",\"@graph\":[{\"@type\":\"Article\",\"@id\":\"https:\\\/\\\/archiviocassano.lavocedelpaese.info\\\/index.php\\\/2018\\\/01\\\/31\\\/criminalita-nelle-campagne-minnitti-studia-il-caso-puglia\\\/#article\",\"isPartOf\":{\"@id\":\"https:\\\/\\\/archiviocassano.lavocedelpaese.info\\\/index.php\\\/2018\\\/01\\\/31\\\/criminalita-nelle-campagne-minnitti-studia-il-caso-puglia\\\/\"},\"author\":{\"name\":\"admin\",\"@id\":\"https:\\\/\\\/archiviocassano.lavocedelpaese.info\\\/#\\\/schema\\\/person\\\/df195bc79a9b4c35127cf005f92e041b\"},\"headline\":\"Criminalit\u00e0 nelle campagne: Minnitti studia il caso Puglia\",\"datePublished\":\"2018-01-31T12:04:26+00:00\",\"mainEntityOfPage\":{\"@id\":\"https:\\\/\\\/archiviocassano.lavocedelpaese.info\\\/index.php\\\/2018\\\/01\\\/31\\\/criminalita-nelle-campagne-minnitti-studia-il-caso-puglia\\\/\"},\"wordCount\":809,\"commentCount\":0,\"publisher\":{\"@id\":\"https:\\\/\\\/archiviocassano.lavocedelpaese.info\\\/#organization\"},\"image\":{\"@id\":\"https:\\\/\\\/archiviocassano.lavocedelpaese.info\\\/index.php\\\/2018\\\/01\\\/31\\\/criminalita-nelle-campagne-minnitti-studia-il-caso-puglia\\\/#primaryimage\"},\"thumbnailUrl\":\"https:\\\/\\\/archiviocassano.lavocedelpaese.info\\\/wp-content\\\/uploads\\\/2018\\\/01\\\/Il_Ministro_Minniti_il_Presidente_comitato_scientifico_Osservatorio_Caselli_ex_Procuratore_Motta_e_Presidente_Ca-iloveimg-cropped.jpg\",\"articleSection\":[\"Cronaca\"],\"inLanguage\":\"it-IT\",\"potentialAction\":[{\"@type\":\"CommentAction\",\"name\":\"Comment\",\"target\":[\"https:\\\/\\\/archiviocassano.lavocedelpaese.info\\\/index.php\\\/2018\\\/01\\\/31\\\/criminalita-nelle-campagne-minnitti-studia-il-caso-puglia\\\/#respond\"]}]},{\"@type\":\"WebPage\",\"@id\":\"https:\\\/\\\/archiviocassano.lavocedelpaese.info\\\/index.php\\\/2018\\\/01\\\/31\\\/criminalita-nelle-campagne-minnitti-studia-il-caso-puglia\\\/\",\"url\":\"https:\\\/\\\/archiviocassano.lavocedelpaese.info\\\/index.php\\\/2018\\\/01\\\/31\\\/criminalita-nelle-campagne-minnitti-studia-il-caso-puglia\\\/\",\"name\":\"Criminalit\u00e0 nelle campagne: Minnitti studia il caso Puglia - Archivio CassanoWeb\",\"isPartOf\":{\"@id\":\"https:\\\/\\\/archiviocassano.lavocedelpaese.info\\\/#website\"},\"primaryImageOfPage\":{\"@id\":\"https:\\\/\\\/archiviocassano.lavocedelpaese.info\\\/index.php\\\/2018\\\/01\\\/31\\\/criminalita-nelle-campagne-minnitti-studia-il-caso-puglia\\\/#primaryimage\"},\"image\":{\"@id\":\"https:\\\/\\\/archiviocassano.lavocedelpaese.info\\\/index.php\\\/2018\\\/01\\\/31\\\/criminalita-nelle-campagne-minnitti-studia-il-caso-puglia\\\/#primaryimage\"},\"thumbnailUrl\":\"https:\\\/\\\/archiviocassano.lavocedelpaese.info\\\/wp-content\\\/uploads\\\/2018\\\/01\\\/Il_Ministro_Minniti_il_Presidente_comitato_scientifico_Osservatorio_Caselli_ex_Procuratore_Motta_e_Presidente_Ca-iloveimg-cropped.jpg\",\"datePublished\":\"2018-01-31T12:04:26+00:00\",\"breadcrumb\":{\"@id\":\"https:\\\/\\\/archiviocassano.lavocedelpaese.info\\\/index.php\\\/2018\\\/01\\\/31\\\/criminalita-nelle-campagne-minnitti-studia-il-caso-puglia\\\/#breadcrumb\"},\"inLanguage\":\"it-IT\",\"potentialAction\":[{\"@type\":\"ReadAction\",\"target\":[\"https:\\\/\\\/archiviocassano.lavocedelpaese.info\\\/index.php\\\/2018\\\/01\\\/31\\\/criminalita-nelle-campagne-minnitti-studia-il-caso-puglia\\\/\"]}]},{\"@type\":\"ImageObject\",\"inLanguage\":\"it-IT\",\"@id\":\"https:\\\/\\\/archiviocassano.lavocedelpaese.info\\\/index.php\\\/2018\\\/01\\\/31\\\/criminalita-nelle-campagne-minnitti-studia-il-caso-puglia\\\/#primaryimage\",\"url\":\"https:\\\/\\\/archiviocassano.lavocedelpaese.info\\\/wp-content\\\/uploads\\\/2018\\\/01\\\/Il_Ministro_Minniti_il_Presidente_comitato_scientifico_Osservatorio_Caselli_ex_Procuratore_Motta_e_Presidente_Ca-iloveimg-cropped.jpg\",\"contentUrl\":\"https:\\\/\\\/archiviocassano.lavocedelpaese.info\\\/wp-content\\\/uploads\\\/2018\\\/01\\\/Il_Ministro_Minniti_il_Presidente_comitato_scientifico_Osservatorio_Caselli_ex_Procuratore_Motta_e_Presidente_Ca-iloveimg-cropped.jpg\",\"width\":707,\"height\":316,\"caption\":\"Il Ministro Minniti il Presidente comitato scientifico Osservatorio Caselli ex Procuratore Motta e Presidente Ca-iloveimg-cropped\"},{\"@type\":\"BreadcrumbList\",\"@id\":\"https:\\\/\\\/archiviocassano.lavocedelpaese.info\\\/index.php\\\/2018\\\/01\\\/31\\\/criminalita-nelle-campagne-minnitti-studia-il-caso-puglia\\\/#breadcrumb\",\"itemListElement\":[{\"@type\":\"ListItem\",\"position\":1,\"name\":\"Home\",\"item\":\"https:\\\/\\\/archiviocassano.lavocedelpaese.info\\\/\"},{\"@type\":\"ListItem\",\"position\":2,\"name\":\"Criminalit\u00e0 nelle campagne: Minnitti studia il caso Puglia\"}]},{\"@type\":\"WebSite\",\"@id\":\"https:\\\/\\\/archiviocassano.lavocedelpaese.info\\\/#website\",\"url\":\"https:\\\/\\\/archiviocassano.lavocedelpaese.info\\\/\",\"name\":\"Archivio CassanoWeb\",\"description\":\"La Voce del Paese - un network di idee\",\"publisher\":{\"@id\":\"https:\\\/\\\/archiviocassano.lavocedelpaese.info\\\/#organization\"},\"potentialAction\":[{\"@type\":\"SearchAction\",\"target\":{\"@type\":\"EntryPoint\",\"urlTemplate\":\"https:\\\/\\\/archiviocassano.lavocedelpaese.info\\\/?s={search_term_string}\"},\"query-input\":{\"@type\":\"PropertyValueSpecification\",\"valueRequired\":true,\"valueName\":\"search_term_string\"}}],\"inLanguage\":\"it-IT\"},{\"@type\":\"Organization\",\"@id\":\"https:\\\/\\\/archiviocassano.lavocedelpaese.info\\\/#organization\",\"name\":\"Archivio CassanoWeb\",\"url\":\"https:\\\/\\\/archiviocassano.lavocedelpaese.info\\\/\",\"logo\":{\"@type\":\"ImageObject\",\"inLanguage\":\"it-IT\",\"@id\":\"https:\\\/\\\/archiviocassano.lavocedelpaese.info\\\/#\\\/schema\\\/logo\\\/image\\\/\",\"url\":\"https:\\\/\\\/archiviocassano.lavocedelpaese.info\\\/wp-content\\\/uploads\\\/2024\\\/08\\\/logo-rosso-2.png\",\"contentUrl\":\"https:\\\/\\\/archiviocassano.lavocedelpaese.info\\\/wp-content\\\/uploads\\\/2024\\\/08\\\/logo-rosso-2.png\",\"width\":491,\"height\":432,\"caption\":\"Archivio CassanoWeb\"},\"image\":{\"@id\":\"https:\\\/\\\/archiviocassano.lavocedelpaese.info\\\/#\\\/schema\\\/logo\\\/image\\\/\"},\"sameAs\":[\"https:\\\/\\\/www.facebook.com\\\/redazione.cassanoweb\"]},{\"@type\":\"Person\",\"@id\":\"https:\\\/\\\/archiviocassano.lavocedelpaese.info\\\/#\\\/schema\\\/person\\\/df195bc79a9b4c35127cf005f92e041b\",\"name\":\"admin\",\"image\":{\"@type\":\"ImageObject\",\"inLanguage\":\"it-IT\",\"@id\":\"https:\\\/\\\/secure.gravatar.com\\\/avatar\\\/eabba89a432e8eaa1b0207cc55f7e5340b22712b1ed80677efcf63e02ff5b235?s=96&d=mm&r=g\",\"url\":\"https:\\\/\\\/secure.gravatar.com\\\/avatar\\\/eabba89a432e8eaa1b0207cc55f7e5340b22712b1ed80677efcf63e02ff5b235?s=96&d=mm&r=g\",\"contentUrl\":\"https:\\\/\\\/secure.gravatar.com\\\/avatar\\\/eabba89a432e8eaa1b0207cc55f7e5340b22712b1ed80677efcf63e02ff5b235?s=96&d=mm&r=g\",\"caption\":\"admin\"},\"sameAs\":[\"https:\\\/\\\/archiviocassano.lavocedelpaese.info\"],\"url\":\"https:\\\/\\\/archiviocassano.lavocedelpaese.info\\\/index.php\\\/author\\\/admin_0qgz1xdp\\\/\"}]}<\/script>\n<!-- \/ Yoast SEO plugin. -->","yoast_head_json":{"title":"Criminalit\u00e0 nelle campagne: Minnitti studia il caso Puglia - Archivio CassanoWeb","robots":{"index":"index","follow":"follow","max-snippet":"max-snippet:-1","max-image-preview":"max-image-preview:large","max-video-preview":"max-video-preview:-1"},"canonical":"https:\/\/archiviocassano.lavocedelpaese.info\/index.php\/2018\/01\/31\/criminalita-nelle-campagne-minnitti-studia-il-caso-puglia\/","og_locale":"it_IT","og_type":"article","og_title":"Criminalit\u00e0 nelle campagne: Minnitti studia il caso Puglia - Archivio CassanoWeb","og_url":"https:\/\/archiviocassano.lavocedelpaese.info\/index.php\/2018\/01\/31\/criminalita-nelle-campagne-minnitti-studia-il-caso-puglia\/","og_site_name":"Archivio CassanoWeb","article_publisher":"https:\/\/www.facebook.com\/redazione.cassanoweb","article_published_time":"2018-01-31T12:04:26+00:00","og_image":[{"width":707,"height":316,"url":"https:\/\/archiviocassano.lavocedelpaese.info\/wp-content\/uploads\/2018\/01\/Il_Ministro_Minniti_il_Presidente_comitato_scientifico_Osservatorio_Caselli_ex_Procuratore_Motta_e_Presidente_Ca-iloveimg-cropped.jpg","type":"image\/jpeg"}],"author":"admin","twitter_card":"summary_large_image","twitter_misc":{"Scritto da":"admin","Tempo di lettura stimato":"4 minuti"},"schema":{"@context":"https:\/\/schema.org","@graph":[{"@type":"Article","@id":"https:\/\/archiviocassano.lavocedelpaese.info\/index.php\/2018\/01\/31\/criminalita-nelle-campagne-minnitti-studia-il-caso-puglia\/#article","isPartOf":{"@id":"https:\/\/archiviocassano.lavocedelpaese.info\/index.php\/2018\/01\/31\/criminalita-nelle-campagne-minnitti-studia-il-caso-puglia\/"},"author":{"name":"admin","@id":"https:\/\/archiviocassano.lavocedelpaese.info\/#\/schema\/person\/df195bc79a9b4c35127cf005f92e041b"},"headline":"Criminalit\u00e0 nelle campagne: Minnitti studia il caso Puglia","datePublished":"2018-01-31T12:04:26+00:00","mainEntityOfPage":{"@id":"https:\/\/archiviocassano.lavocedelpaese.info\/index.php\/2018\/01\/31\/criminalita-nelle-campagne-minnitti-studia-il-caso-puglia\/"},"wordCount":809,"commentCount":0,"publisher":{"@id":"https:\/\/archiviocassano.lavocedelpaese.info\/#organization"},"image":{"@id":"https:\/\/archiviocassano.lavocedelpaese.info\/index.php\/2018\/01\/31\/criminalita-nelle-campagne-minnitti-studia-il-caso-puglia\/#primaryimage"},"thumbnailUrl":"https:\/\/archiviocassano.lavocedelpaese.info\/wp-content\/uploads\/2018\/01\/Il_Ministro_Minniti_il_Presidente_comitato_scientifico_Osservatorio_Caselli_ex_Procuratore_Motta_e_Presidente_Ca-iloveimg-cropped.jpg","articleSection":["Cronaca"],"inLanguage":"it-IT","potentialAction":[{"@type":"CommentAction","name":"Comment","target":["https:\/\/archiviocassano.lavocedelpaese.info\/index.php\/2018\/01\/31\/criminalita-nelle-campagne-minnitti-studia-il-caso-puglia\/#respond"]}]},{"@type":"WebPage","@id":"https:\/\/archiviocassano.lavocedelpaese.info\/index.php\/2018\/01\/31\/criminalita-nelle-campagne-minnitti-studia-il-caso-puglia\/","url":"https:\/\/archiviocassano.lavocedelpaese.info\/index.php\/2018\/01\/31\/criminalita-nelle-campagne-minnitti-studia-il-caso-puglia\/","name":"Criminalit\u00e0 nelle campagne: Minnitti studia il caso Puglia - Archivio CassanoWeb","isPartOf":{"@id":"https:\/\/archiviocassano.lavocedelpaese.info\/#website"},"primaryImageOfPage":{"@id":"https:\/\/archiviocassano.lavocedelpaese.info\/index.php\/2018\/01\/31\/criminalita-nelle-campagne-minnitti-studia-il-caso-puglia\/#primaryimage"},"image":{"@id":"https:\/\/archiviocassano.lavocedelpaese.info\/index.php\/2018\/01\/31\/criminalita-nelle-campagne-minnitti-studia-il-caso-puglia\/#primaryimage"},"thumbnailUrl":"https:\/\/archiviocassano.lavocedelpaese.info\/wp-content\/uploads\/2018\/01\/Il_Ministro_Minniti_il_Presidente_comitato_scientifico_Osservatorio_Caselli_ex_Procuratore_Motta_e_Presidente_Ca-iloveimg-cropped.jpg","datePublished":"2018-01-31T12:04:26+00:00","breadcrumb":{"@id":"https:\/\/archiviocassano.lavocedelpaese.info\/index.php\/2018\/01\/31\/criminalita-nelle-campagne-minnitti-studia-il-caso-puglia\/#breadcrumb"},"inLanguage":"it-IT","potentialAction":[{"@type":"ReadAction","target":["https:\/\/archiviocassano.lavocedelpaese.info\/index.php\/2018\/01\/31\/criminalita-nelle-campagne-minnitti-studia-il-caso-puglia\/"]}]},{"@type":"ImageObject","inLanguage":"it-IT","@id":"https:\/\/archiviocassano.lavocedelpaese.info\/index.php\/2018\/01\/31\/criminalita-nelle-campagne-minnitti-studia-il-caso-puglia\/#primaryimage","url":"https:\/\/archiviocassano.lavocedelpaese.info\/wp-content\/uploads\/2018\/01\/Il_Ministro_Minniti_il_Presidente_comitato_scientifico_Osservatorio_Caselli_ex_Procuratore_Motta_e_Presidente_Ca-iloveimg-cropped.jpg","contentUrl":"https:\/\/archiviocassano.lavocedelpaese.info\/wp-content\/uploads\/2018\/01\/Il_Ministro_Minniti_il_Presidente_comitato_scientifico_Osservatorio_Caselli_ex_Procuratore_Motta_e_Presidente_Ca-iloveimg-cropped.jpg","width":707,"height":316,"caption":"Il Ministro Minniti il Presidente comitato scientifico Osservatorio Caselli ex Procuratore Motta e Presidente Ca-iloveimg-cropped"},{"@type":"BreadcrumbList","@id":"https:\/\/archiviocassano.lavocedelpaese.info\/index.php\/2018\/01\/31\/criminalita-nelle-campagne-minnitti-studia-il-caso-puglia\/#breadcrumb","itemListElement":[{"@type":"ListItem","position":1,"name":"Home","item":"https:\/\/archiviocassano.lavocedelpaese.info\/"},{"@type":"ListItem","position":2,"name":"Criminalit\u00e0 nelle campagne: Minnitti studia il caso Puglia"}]},{"@type":"WebSite","@id":"https:\/\/archiviocassano.lavocedelpaese.info\/#website","url":"https:\/\/archiviocassano.lavocedelpaese.info\/","name":"Archivio CassanoWeb","description":"La Voce del Paese - un network di idee","publisher":{"@id":"https:\/\/archiviocassano.lavocedelpaese.info\/#organization"},"potentialAction":[{"@type":"SearchAction","target":{"@type":"EntryPoint","urlTemplate":"https:\/\/archiviocassano.lavocedelpaese.info\/?s={search_term_string}"},"query-input":{"@type":"PropertyValueSpecification","valueRequired":true,"valueName":"search_term_string"}}],"inLanguage":"it-IT"},{"@type":"Organization","@id":"https:\/\/archiviocassano.lavocedelpaese.info\/#organization","name":"Archivio CassanoWeb","url":"https:\/\/archiviocassano.lavocedelpaese.info\/","logo":{"@type":"ImageObject","inLanguage":"it-IT","@id":"https:\/\/archiviocassano.lavocedelpaese.info\/#\/schema\/logo\/image\/","url":"https:\/\/archiviocassano.lavocedelpaese.info\/wp-content\/uploads\/2024\/08\/logo-rosso-2.png","contentUrl":"https:\/\/archiviocassano.lavocedelpaese.info\/wp-content\/uploads\/2024\/08\/logo-rosso-2.png","width":491,"height":432,"caption":"Archivio CassanoWeb"},"image":{"@id":"https:\/\/archiviocassano.lavocedelpaese.info\/#\/schema\/logo\/image\/"},"sameAs":["https:\/\/www.facebook.com\/redazione.cassanoweb"]},{"@type":"Person","@id":"https:\/\/archiviocassano.lavocedelpaese.info\/#\/schema\/person\/df195bc79a9b4c35127cf005f92e041b","name":"admin","image":{"@type":"ImageObject","inLanguage":"it-IT","@id":"https:\/\/secure.gravatar.com\/avatar\/eabba89a432e8eaa1b0207cc55f7e5340b22712b1ed80677efcf63e02ff5b235?s=96&d=mm&r=g","url":"https:\/\/secure.gravatar.com\/avatar\/eabba89a432e8eaa1b0207cc55f7e5340b22712b1ed80677efcf63e02ff5b235?s=96&d=mm&r=g","contentUrl":"https:\/\/secure.gravatar.com\/avatar\/eabba89a432e8eaa1b0207cc55f7e5340b22712b1ed80677efcf63e02ff5b235?s=96&d=mm&r=g","caption":"admin"},"sameAs":["https:\/\/archiviocassano.lavocedelpaese.info"],"url":"https:\/\/archiviocassano.lavocedelpaese.info\/index.php\/author\/admin_0qgz1xdp\/"}]}},"_links":{"self":[{"href":"https:\/\/archiviocassano.lavocedelpaese.info\/index.php\/wp-json\/wp\/v2\/posts\/15424","targetHints":{"allow":["GET"]}}],"collection":[{"href":"https:\/\/archiviocassano.lavocedelpaese.info\/index.php\/wp-json\/wp\/v2\/posts"}],"about":[{"href":"https:\/\/archiviocassano.lavocedelpaese.info\/index.php\/wp-json\/wp\/v2\/types\/post"}],"author":[{"embeddable":true,"href":"https:\/\/archiviocassano.lavocedelpaese.info\/index.php\/wp-json\/wp\/v2\/users\/1"}],"replies":[{"embeddable":true,"href":"https:\/\/archiviocassano.lavocedelpaese.info\/index.php\/wp-json\/wp\/v2\/comments?post=15424"}],"version-history":[{"count":0,"href":"https:\/\/archiviocassano.lavocedelpaese.info\/index.php\/wp-json\/wp\/v2\/posts\/15424\/revisions"}],"wp:featuredmedia":[{"embeddable":true,"href":"https:\/\/archiviocassano.lavocedelpaese.info\/index.php\/wp-json\/wp\/v2\/media\/15423"}],"wp:attachment":[{"href":"https:\/\/archiviocassano.lavocedelpaese.info\/index.php\/wp-json\/wp\/v2\/media?parent=15424"}],"wp:term":[{"taxonomy":"category","embeddable":true,"href":"https:\/\/archiviocassano.lavocedelpaese.info\/index.php\/wp-json\/wp\/v2\/categories?post=15424"},{"taxonomy":"post_tag","embeddable":true,"href":"https:\/\/archiviocassano.lavocedelpaese.info\/index.php\/wp-json\/wp\/v2\/tags?post=15424"}],"curies":[{"name":"wp","href":"https:\/\/api.w.org\/{rel}","templated":true}]}}