{"id":15427,"date":"2018-01-31T17:19:36","date_gmt":"2018-01-31T17:19:36","guid":{"rendered":"https:\/\/archiviocassano.lavocedelpaese.info\/index.php\/2018\/01\/31\/polisportivo-qprogetto-in-comuneq-dallamministrazione-di-medio-il-buio-totale\/"},"modified":"2018-01-31T17:19:36","modified_gmt":"2018-01-31T17:19:36","slug":"polisportivo-qprogetto-in-comuneq-dallamministrazione-di-medio-il-buio-totale","status":"publish","type":"post","link":"https:\/\/archiviocassano.lavocedelpaese.info\/index.php\/2018\/01\/31\/polisportivo-qprogetto-in-comuneq-dallamministrazione-di-medio-il-buio-totale\/","title":{"rendered":"Polisportivo, &#8220;Progetto in Comune&#8221; torna alla carica"},"content":{"rendered":"<p><img loading=\"lazy\" decoding=\"async\" src=\"https:\/\/archiviocassano.lavocedelpaese.info\/wp-content\/uploads\/2015\/11\/polisportivo_di_Cassano.jpg\" alt=\"polisportivo di Cassano\" style=\"margin-right: 2px; margin-left: 2px;\" height=\"150\" width=\"320\"\/><\/p>\n<p><!--more--><\/p>\n<p><em>&nbsp;Dal gruppo &#8220;Progetto in Comune&#8221;, riceviamo e pubblichiamo.<\/em><\/p>\n<p>&nbsp;<\/p>\n<p>&nbsp;<\/p>\n<p>La questione \u201cPolisportivo\u201d, a noi di Progetto in Comune, sta davvero a cuore.<\/p>\n<p>Per questo abbiamo fatto delle domande precise all\u2019Amministrazione Comunale, volendo evitare che eventuali scelte sul BENE COMUNE possano essere prese senza che la cittadinanza ne sia adeguatamente informata.<\/p>\n<p>Lo scorso 8 gennaio abbiamo protocollato una nostra nuova istanza presso il Comune, indirizzata a Sindaco e Presidente del Consiglio Comunale, chiedendo lumi sulla situazione Project Financing: impatto della partecipazione al bando del CONI sul progetto proposto, esito delle eventuali modifiche proposte dalle associazioni sportive dopo l\u2019incontro pubblico del 17 novembre, delucidazioni circa gli importi inseriti nella programmazione triennale delle opere pubbliche.<\/p>\n<p>Nessuna risposta ad oggi ci \u00e8 pervenuta, perci\u00f2 ci stiamo muovendo per essere pi\u00f9 incisivi ed ottenere le risposte di cui i cittadini cassanesi hanno bisogno.<\/p>\n<p>Il tempo passa, e nuove opportunit\u00e0 possono affacciarsi per la riqualificazione del Polisportivo, e noi di Progetto in Comune non vogliamo correre il rischio di perdere l\u2019ennesima occasione.<\/p>\n<p>Alleghiamo l\u2019istanza completa protocollata in Comune.<\/p>\n<p>Cassano delle Murge, 31 gennaio 2018<\/p>\n<p>&nbsp;&nbsp;&nbsp;&nbsp;&nbsp;&nbsp;&nbsp;&nbsp;&nbsp;&nbsp;&nbsp;&nbsp;&nbsp;&nbsp;&nbsp;&nbsp;&nbsp;&nbsp;&nbsp;&nbsp;&nbsp;&nbsp;&nbsp;&nbsp;&nbsp;&nbsp;&nbsp;&nbsp;&nbsp;&nbsp;&nbsp;&nbsp;&nbsp;&nbsp;&nbsp;&nbsp;&nbsp;&nbsp;&nbsp;&nbsp;&nbsp;&nbsp;&nbsp;&nbsp;&nbsp;&nbsp;&nbsp;&nbsp;&nbsp;&nbsp;&nbsp;&nbsp;&nbsp;&nbsp;&nbsp;&nbsp;&nbsp;&nbsp;&nbsp;&nbsp;&nbsp;&nbsp;&nbsp;&nbsp;&nbsp;&nbsp;&nbsp;&nbsp;&nbsp;&nbsp;&nbsp;&nbsp;&nbsp;&nbsp;&nbsp;&nbsp;&nbsp;&nbsp;&nbsp;&nbsp;&nbsp;&nbsp;&nbsp;&nbsp;&nbsp;&nbsp;&nbsp;&nbsp;&nbsp;&nbsp;&nbsp;&nbsp;&nbsp; Progetto in Comune<\/p>\n<p><a href=\"mailto:info@progettoincomune.com\">info@progettoincomune.com<\/a><\/p>\n<p>Progetto in Comune,<\/p>\n<p><strong>PREMESSO:<\/strong><\/p>\n<p>&#8211;&nbsp;&nbsp;&nbsp;&nbsp;&nbsp;&nbsp;&nbsp;&nbsp;&nbsp; che in occasione dell\u2019incontro pubblico, tenutosi in data 17\/11\/2017, l\u2019Amministrazione ha presentato ai cittadini l\u2019ipotesi progettuale relativa alla proposta di Project Financing ricevuta da una rete di aziende interessate alla riqualificazione e successiva gestione del Polisportivo;<\/p>\n<p>&#8211;&nbsp;&nbsp;&nbsp;&nbsp;&nbsp;&nbsp;&nbsp;&nbsp;&nbsp; che durante tale l\u2019incontro sono stati raccolti questionari volti a raccogliere proposte e richieste da parte delle associazioni sportive;<\/p>\n<p>&#8211;&nbsp;&nbsp;&nbsp;&nbsp;&nbsp;&nbsp;&nbsp;&nbsp;&nbsp; che, a seguito dell\u2019incontro tenutosi in data 05\/12\/2017 con alcuni menbri di Progetto in Comune, l\u2019Amministrazione ha dichiarato di aver partecipato al bando CONI per la ristrutturazione delle due palestre del Polisportivo, e di voler procedere alla riqulificazione della restante parte tramite project financing;<\/p>\n<p><strong>CONSIDERATO:<\/strong><\/p>\n<p>&#8211;&nbsp;&nbsp;&nbsp;&nbsp;&nbsp;&nbsp;&nbsp;&nbsp;&nbsp; che l\u2019Art. 183, comma 15, del D.Lgs. 55\/2016 recita:<\/p>\n<p><i>Gli operatori economici possono presentare alle amministrazioni aggiudicatrici proposte relative alla realizzazione in concessione di lavori pubblici o di lavori di pubblica utilit\u00e0, incluse le strutture dedicate alla nautica da diporto, non presenti negli strumenti di programmazione approvati dall&#8217;amministrazione aggiudicatrice sulla base della normativa vigente. La proposta contiene un progetto di fattibilit\u00e0, una bozza di convenzione, il piano economico-finanziario asseverato da uno dei soggetti di cui al comma 9, primo periodo, e la specificazione delle caratteristiche del servizio e della gestione. [\u2026]<\/i><\/p>\n<p><i>L&#8217;amministrazione aggiudicatrice valuta, entro il termine perentorio di <strong>tre mesi<\/strong>, la fattibilit\u00e0 della proposta. A tal fine l&#8217;amministrazione aggiudicatrice pu\u00f2 invitare il proponente ad apportare al progetto di fattibilit\u00e0 le modifiche necessarie per la sua approvazione. Se il proponente non apporta le modifiche richieste, la proposta non pu\u00f2 essere valutata positivamente. Il progetto di fattibilit\u00e0 eventualmente modificato, \u00e8 inserito negli strumenti di programmazione approvati dall&#8217;amministrazione aggiudicatrice sulla base della normativa vigente ed \u00e8 posto in approvazione con le modalit\u00e0 previste per l&#8217;approvazione di progetti; il proponente \u00e8 tenuto ad apportare le eventuali ulteriori modifiche chieste in sede di approvazione del progetto; in difetto, il progetto si intende non approvato. Il progetto di fattibilit\u00e0 approvato \u00e8 posto a base di gara, alla quale \u00e8 invitato il proponente. Nel bando l&#8217;amministrazione aggiudicatrice pu\u00f2 chiedere ai concorrenti, compreso il proponente, la presentazione di eventuali varianti al progetto. Nel bando \u00e8 specificato che il promotore pu\u00f2 esercitare il diritto di prelazione. I concorrenti, compreso il promotore, devono essere in possesso dei requisiti di cui al comma 8, e presentare un&#8217;offerta contenente una bozza di convenzione, il piano economico-finanziario asseverato da uno dei soggetti di cui al comma 9, primo periodo, la specificazione delle caratteristiche del servizio e della gestione, nonch\u00e8 le eventuali varianti al progetto di fattibilit\u00e0; si applicano i commi 4, 5, 6, 7 e 13. Se il promotore non risulta aggiudicatario, pu\u00f2 esercitare, entro quindici giorni dalla comunicazione dell&#8217;aggiudicazione, il diritto di prelazione e divenire aggiudicatario se dichiara di impegnarsi ad adempiere alle obbligazioni contrattuali alle medesime condizioni offerte dall&#8217;aggiudicatario. Se il promotore non risulta aggiudicatario e non esercita la prelazione ha diritto al pagamento, a carico dell&#8217;aggiudicatario, dell&#8217;importo delle spese per la predisposizione della proposta nei limiti indicati nel comma 9. Se il promotore esercita la prelazione, l&#8217;originario aggiudicatario ha diritto al pagamento, a carico del promotore, dell&#8217;importo delle spese per la predisposizione dell&#8217;offerta nei limiti di cui al comma 9.<\/i><\/p>\n<p><strong>VISTO:<\/strong><\/p>\n<p>&#8211;&nbsp;&nbsp;&nbsp;&nbsp;&nbsp;&nbsp;&nbsp;&nbsp;&nbsp; che l\u2019opera in oggetto era gi\u00e0 inserita nel precedente programma triennale delle opere pubbliche 2017\/2019 (importo di circa 960.000\u20ac, con fondi comunali), redatto dal Commissario;<\/p>\n<p>&#8211;&nbsp;&nbsp;&nbsp;&nbsp;&nbsp;&nbsp;&nbsp;&nbsp;&nbsp; che l\u2019opera in oggetto \u00e8 stata rivista nel nuovo programma triennale delle opere pubbliche 2018\/2020, andandone a variare l\u2019importo (1.700.000\u20ac) con finanziamento tramite PPP;<\/p>\n<p align=\"center\"><strong>CHIEDE:<\/strong><\/p>\n<ol>\n<li>&nbsp;&nbsp;&nbsp;&nbsp;&nbsp;&nbsp; A che punto \u00e8 l\u2019iter relativo alla proposta di Project Financing? Sono trascorsi 3 mesi dalla data di presentazione della proposta? Se si, sono state proposte modifiche (definite sulla base dell\u2019analisi delle risposte ai questionari somministrati alle associazioni sportive il 17\/11\/2017) al progetto presentato? Se no, quando scade il termine dei 3 mesi?<\/li>\n<li>&nbsp;&nbsp;&nbsp;&nbsp;&nbsp;&nbsp; Se sono state proposte modifiche, queste includono la richiesta di stralciare dal progetto gli interventi di recupero e adeguamento delle due palestre, in quanto candidate a separata richiesta di finanziamento pubblico?<\/li>\n<li>&nbsp;&nbsp;&nbsp;&nbsp;&nbsp;&nbsp; Perch\u00e9 inserire nel nuovo programma triennale delle opere pubbliche un progetto dal valore di 1.700.000\u20ac da realizzare mediante la formula del PPP, se a tale data (delibera di giunta del 16\/11\/2017) L\u2019Amministrazione era gi\u00e0 a conoscenza dei dettagli relativi alla proposta di Project Financing pervenuta?<\/li>\n<\/ol>\n<p>&nbsp;<\/p>\n","protected":false},"excerpt":{"rendered":"","protected":false},"author":1,"featured_media":11630,"comment_status":"open","ping_status":"closed","sticky":false,"template":"","format":"standard","meta":{"colormag_page_container_layout":"default_layout","colormag_page_sidebar_layout":"default_layout","footnotes":""},"categories":[7],"tags":[],"class_list":["post-15427","post","type-post","status-publish","format-standard","has-post-thumbnail","hentry","category-attualita"],"yoast_head":"<!-- This site is optimized with the Yoast SEO plugin v27.5 - https:\/\/yoast.com\/product\/yoast-seo-wordpress\/ -->\n<title>Polisportivo, &quot;Progetto in Comune&quot; torna alla carica - Archivio CassanoWeb<\/title>\n<meta name=\"robots\" content=\"index, follow, max-snippet:-1, max-image-preview:large, max-video-preview:-1\" \/>\n<link rel=\"canonical\" href=\"https:\/\/archiviocassano.lavocedelpaese.info\/index.php\/2018\/01\/31\/polisportivo-qprogetto-in-comuneq-dallamministrazione-di-medio-il-buio-totale\/\" \/>\n<meta property=\"og:locale\" content=\"it_IT\" \/>\n<meta property=\"og:type\" content=\"article\" \/>\n<meta property=\"og:title\" content=\"Polisportivo, &quot;Progetto in Comune&quot; torna alla carica - Archivio CassanoWeb\" \/>\n<meta property=\"og:url\" content=\"https:\/\/archiviocassano.lavocedelpaese.info\/index.php\/2018\/01\/31\/polisportivo-qprogetto-in-comuneq-dallamministrazione-di-medio-il-buio-totale\/\" \/>\n<meta property=\"og:site_name\" content=\"Archivio CassanoWeb\" \/>\n<meta property=\"article:publisher\" content=\"https:\/\/www.facebook.com\/redazione.cassanoweb\" \/>\n<meta property=\"article:published_time\" content=\"2018-01-31T17:19:36+00:00\" \/>\n<meta property=\"og:image\" content=\"https:\/\/archiviocassano.lavocedelpaese.info\/wp-content\/uploads\/2015\/11\/polisportivo_di_Cassano.jpg\" \/>\n\t<meta property=\"og:image:width\" content=\"600\" \/>\n\t<meta property=\"og:image:height\" content=\"260\" \/>\n\t<meta property=\"og:image:type\" content=\"image\/jpeg\" \/>\n<meta name=\"author\" content=\"admin\" \/>\n<meta name=\"twitter:card\" content=\"summary_large_image\" \/>\n<meta name=\"twitter:label1\" content=\"Scritto da\" \/>\n\t<meta name=\"twitter:data1\" content=\"admin\" \/>\n\t<meta name=\"twitter:label2\" content=\"Tempo di lettura stimato\" \/>\n\t<meta name=\"twitter:data2\" content=\"5 minuti\" \/>\n<script type=\"application\/ld+json\" class=\"yoast-schema-graph\">{\"@context\":\"https:\\\/\\\/schema.org\",\"@graph\":[{\"@type\":\"Article\",\"@id\":\"https:\\\/\\\/archiviocassano.lavocedelpaese.info\\\/index.php\\\/2018\\\/01\\\/31\\\/polisportivo-qprogetto-in-comuneq-dallamministrazione-di-medio-il-buio-totale\\\/#article\",\"isPartOf\":{\"@id\":\"https:\\\/\\\/archiviocassano.lavocedelpaese.info\\\/index.php\\\/2018\\\/01\\\/31\\\/polisportivo-qprogetto-in-comuneq-dallamministrazione-di-medio-il-buio-totale\\\/\"},\"author\":{\"name\":\"admin\",\"@id\":\"https:\\\/\\\/archiviocassano.lavocedelpaese.info\\\/#\\\/schema\\\/person\\\/df195bc79a9b4c35127cf005f92e041b\"},\"headline\":\"Polisportivo, &#8220;Progetto in Comune&#8221; torna alla carica\",\"datePublished\":\"2018-01-31T17:19:36+00:00\",\"mainEntityOfPage\":{\"@id\":\"https:\\\/\\\/archiviocassano.lavocedelpaese.info\\\/index.php\\\/2018\\\/01\\\/31\\\/polisportivo-qprogetto-in-comuneq-dallamministrazione-di-medio-il-buio-totale\\\/\"},\"wordCount\":1054,\"commentCount\":0,\"publisher\":{\"@id\":\"https:\\\/\\\/archiviocassano.lavocedelpaese.info\\\/#organization\"},\"image\":{\"@id\":\"https:\\\/\\\/archiviocassano.lavocedelpaese.info\\\/index.php\\\/2018\\\/01\\\/31\\\/polisportivo-qprogetto-in-comuneq-dallamministrazione-di-medio-il-buio-totale\\\/#primaryimage\"},\"thumbnailUrl\":\"https:\\\/\\\/archiviocassano.lavocedelpaese.info\\\/wp-content\\\/uploads\\\/2015\\\/11\\\/polisportivo_di_Cassano.jpg\",\"articleSection\":[\"Attualit\u00e0\"],\"inLanguage\":\"it-IT\",\"potentialAction\":[{\"@type\":\"CommentAction\",\"name\":\"Comment\",\"target\":[\"https:\\\/\\\/archiviocassano.lavocedelpaese.info\\\/index.php\\\/2018\\\/01\\\/31\\\/polisportivo-qprogetto-in-comuneq-dallamministrazione-di-medio-il-buio-totale\\\/#respond\"]}]},{\"@type\":\"WebPage\",\"@id\":\"https:\\\/\\\/archiviocassano.lavocedelpaese.info\\\/index.php\\\/2018\\\/01\\\/31\\\/polisportivo-qprogetto-in-comuneq-dallamministrazione-di-medio-il-buio-totale\\\/\",\"url\":\"https:\\\/\\\/archiviocassano.lavocedelpaese.info\\\/index.php\\\/2018\\\/01\\\/31\\\/polisportivo-qprogetto-in-comuneq-dallamministrazione-di-medio-il-buio-totale\\\/\",\"name\":\"Polisportivo, \\\"Progetto in Comune\\\" torna alla carica - Archivio CassanoWeb\",\"isPartOf\":{\"@id\":\"https:\\\/\\\/archiviocassano.lavocedelpaese.info\\\/#website\"},\"primaryImageOfPage\":{\"@id\":\"https:\\\/\\\/archiviocassano.lavocedelpaese.info\\\/index.php\\\/2018\\\/01\\\/31\\\/polisportivo-qprogetto-in-comuneq-dallamministrazione-di-medio-il-buio-totale\\\/#primaryimage\"},\"image\":{\"@id\":\"https:\\\/\\\/archiviocassano.lavocedelpaese.info\\\/index.php\\\/2018\\\/01\\\/31\\\/polisportivo-qprogetto-in-comuneq-dallamministrazione-di-medio-il-buio-totale\\\/#primaryimage\"},\"thumbnailUrl\":\"https:\\\/\\\/archiviocassano.lavocedelpaese.info\\\/wp-content\\\/uploads\\\/2015\\\/11\\\/polisportivo_di_Cassano.jpg\",\"datePublished\":\"2018-01-31T17:19:36+00:00\",\"breadcrumb\":{\"@id\":\"https:\\\/\\\/archiviocassano.lavocedelpaese.info\\\/index.php\\\/2018\\\/01\\\/31\\\/polisportivo-qprogetto-in-comuneq-dallamministrazione-di-medio-il-buio-totale\\\/#breadcrumb\"},\"inLanguage\":\"it-IT\",\"potentialAction\":[{\"@type\":\"ReadAction\",\"target\":[\"https:\\\/\\\/archiviocassano.lavocedelpaese.info\\\/index.php\\\/2018\\\/01\\\/31\\\/polisportivo-qprogetto-in-comuneq-dallamministrazione-di-medio-il-buio-totale\\\/\"]}]},{\"@type\":\"ImageObject\",\"inLanguage\":\"it-IT\",\"@id\":\"https:\\\/\\\/archiviocassano.lavocedelpaese.info\\\/index.php\\\/2018\\\/01\\\/31\\\/polisportivo-qprogetto-in-comuneq-dallamministrazione-di-medio-il-buio-totale\\\/#primaryimage\",\"url\":\"https:\\\/\\\/archiviocassano.lavocedelpaese.info\\\/wp-content\\\/uploads\\\/2015\\\/11\\\/polisportivo_di_Cassano.jpg\",\"contentUrl\":\"https:\\\/\\\/archiviocassano.lavocedelpaese.info\\\/wp-content\\\/uploads\\\/2015\\\/11\\\/polisportivo_di_Cassano.jpg\",\"width\":600,\"height\":260,\"caption\":\"polisportivo di Cassano\"},{\"@type\":\"BreadcrumbList\",\"@id\":\"https:\\\/\\\/archiviocassano.lavocedelpaese.info\\\/index.php\\\/2018\\\/01\\\/31\\\/polisportivo-qprogetto-in-comuneq-dallamministrazione-di-medio-il-buio-totale\\\/#breadcrumb\",\"itemListElement\":[{\"@type\":\"ListItem\",\"position\":1,\"name\":\"Home\",\"item\":\"https:\\\/\\\/archiviocassano.lavocedelpaese.info\\\/\"},{\"@type\":\"ListItem\",\"position\":2,\"name\":\"Polisportivo, &#8220;Progetto in Comune&#8221; torna alla carica\"}]},{\"@type\":\"WebSite\",\"@id\":\"https:\\\/\\\/archiviocassano.lavocedelpaese.info\\\/#website\",\"url\":\"https:\\\/\\\/archiviocassano.lavocedelpaese.info\\\/\",\"name\":\"Archivio CassanoWeb\",\"description\":\"La Voce del Paese - un network di idee\",\"publisher\":{\"@id\":\"https:\\\/\\\/archiviocassano.lavocedelpaese.info\\\/#organization\"},\"potentialAction\":[{\"@type\":\"SearchAction\",\"target\":{\"@type\":\"EntryPoint\",\"urlTemplate\":\"https:\\\/\\\/archiviocassano.lavocedelpaese.info\\\/?s={search_term_string}\"},\"query-input\":{\"@type\":\"PropertyValueSpecification\",\"valueRequired\":true,\"valueName\":\"search_term_string\"}}],\"inLanguage\":\"it-IT\"},{\"@type\":\"Organization\",\"@id\":\"https:\\\/\\\/archiviocassano.lavocedelpaese.info\\\/#organization\",\"name\":\"Archivio CassanoWeb\",\"url\":\"https:\\\/\\\/archiviocassano.lavocedelpaese.info\\\/\",\"logo\":{\"@type\":\"ImageObject\",\"inLanguage\":\"it-IT\",\"@id\":\"https:\\\/\\\/archiviocassano.lavocedelpaese.info\\\/#\\\/schema\\\/logo\\\/image\\\/\",\"url\":\"https:\\\/\\\/archiviocassano.lavocedelpaese.info\\\/wp-content\\\/uploads\\\/2024\\\/08\\\/logo-rosso-2.png\",\"contentUrl\":\"https:\\\/\\\/archiviocassano.lavocedelpaese.info\\\/wp-content\\\/uploads\\\/2024\\\/08\\\/logo-rosso-2.png\",\"width\":491,\"height\":432,\"caption\":\"Archivio CassanoWeb\"},\"image\":{\"@id\":\"https:\\\/\\\/archiviocassano.lavocedelpaese.info\\\/#\\\/schema\\\/logo\\\/image\\\/\"},\"sameAs\":[\"https:\\\/\\\/www.facebook.com\\\/redazione.cassanoweb\"]},{\"@type\":\"Person\",\"@id\":\"https:\\\/\\\/archiviocassano.lavocedelpaese.info\\\/#\\\/schema\\\/person\\\/df195bc79a9b4c35127cf005f92e041b\",\"name\":\"admin\",\"image\":{\"@type\":\"ImageObject\",\"inLanguage\":\"it-IT\",\"@id\":\"https:\\\/\\\/secure.gravatar.com\\\/avatar\\\/eabba89a432e8eaa1b0207cc55f7e5340b22712b1ed80677efcf63e02ff5b235?s=96&d=mm&r=g\",\"url\":\"https:\\\/\\\/secure.gravatar.com\\\/avatar\\\/eabba89a432e8eaa1b0207cc55f7e5340b22712b1ed80677efcf63e02ff5b235?s=96&d=mm&r=g\",\"contentUrl\":\"https:\\\/\\\/secure.gravatar.com\\\/avatar\\\/eabba89a432e8eaa1b0207cc55f7e5340b22712b1ed80677efcf63e02ff5b235?s=96&d=mm&r=g\",\"caption\":\"admin\"},\"sameAs\":[\"https:\\\/\\\/archiviocassano.lavocedelpaese.info\"],\"url\":\"https:\\\/\\\/archiviocassano.lavocedelpaese.info\\\/index.php\\\/author\\\/admin_0qgz1xdp\\\/\"}]}<\/script>\n<!-- \/ Yoast SEO plugin. -->","yoast_head_json":{"title":"Polisportivo, \"Progetto in Comune\" torna alla carica - Archivio CassanoWeb","robots":{"index":"index","follow":"follow","max-snippet":"max-snippet:-1","max-image-preview":"max-image-preview:large","max-video-preview":"max-video-preview:-1"},"canonical":"https:\/\/archiviocassano.lavocedelpaese.info\/index.php\/2018\/01\/31\/polisportivo-qprogetto-in-comuneq-dallamministrazione-di-medio-il-buio-totale\/","og_locale":"it_IT","og_type":"article","og_title":"Polisportivo, \"Progetto in Comune\" torna alla carica - Archivio CassanoWeb","og_url":"https:\/\/archiviocassano.lavocedelpaese.info\/index.php\/2018\/01\/31\/polisportivo-qprogetto-in-comuneq-dallamministrazione-di-medio-il-buio-totale\/","og_site_name":"Archivio CassanoWeb","article_publisher":"https:\/\/www.facebook.com\/redazione.cassanoweb","article_published_time":"2018-01-31T17:19:36+00:00","og_image":[{"width":600,"height":260,"url":"https:\/\/archiviocassano.lavocedelpaese.info\/wp-content\/uploads\/2015\/11\/polisportivo_di_Cassano.jpg","type":"image\/jpeg"}],"author":"admin","twitter_card":"summary_large_image","twitter_misc":{"Scritto da":"admin","Tempo di lettura stimato":"5 minuti"},"schema":{"@context":"https:\/\/schema.org","@graph":[{"@type":"Article","@id":"https:\/\/archiviocassano.lavocedelpaese.info\/index.php\/2018\/01\/31\/polisportivo-qprogetto-in-comuneq-dallamministrazione-di-medio-il-buio-totale\/#article","isPartOf":{"@id":"https:\/\/archiviocassano.lavocedelpaese.info\/index.php\/2018\/01\/31\/polisportivo-qprogetto-in-comuneq-dallamministrazione-di-medio-il-buio-totale\/"},"author":{"name":"admin","@id":"https:\/\/archiviocassano.lavocedelpaese.info\/#\/schema\/person\/df195bc79a9b4c35127cf005f92e041b"},"headline":"Polisportivo, &#8220;Progetto in Comune&#8221; torna alla carica","datePublished":"2018-01-31T17:19:36+00:00","mainEntityOfPage":{"@id":"https:\/\/archiviocassano.lavocedelpaese.info\/index.php\/2018\/01\/31\/polisportivo-qprogetto-in-comuneq-dallamministrazione-di-medio-il-buio-totale\/"},"wordCount":1054,"commentCount":0,"publisher":{"@id":"https:\/\/archiviocassano.lavocedelpaese.info\/#organization"},"image":{"@id":"https:\/\/archiviocassano.lavocedelpaese.info\/index.php\/2018\/01\/31\/polisportivo-qprogetto-in-comuneq-dallamministrazione-di-medio-il-buio-totale\/#primaryimage"},"thumbnailUrl":"https:\/\/archiviocassano.lavocedelpaese.info\/wp-content\/uploads\/2015\/11\/polisportivo_di_Cassano.jpg","articleSection":["Attualit\u00e0"],"inLanguage":"it-IT","potentialAction":[{"@type":"CommentAction","name":"Comment","target":["https:\/\/archiviocassano.lavocedelpaese.info\/index.php\/2018\/01\/31\/polisportivo-qprogetto-in-comuneq-dallamministrazione-di-medio-il-buio-totale\/#respond"]}]},{"@type":"WebPage","@id":"https:\/\/archiviocassano.lavocedelpaese.info\/index.php\/2018\/01\/31\/polisportivo-qprogetto-in-comuneq-dallamministrazione-di-medio-il-buio-totale\/","url":"https:\/\/archiviocassano.lavocedelpaese.info\/index.php\/2018\/01\/31\/polisportivo-qprogetto-in-comuneq-dallamministrazione-di-medio-il-buio-totale\/","name":"Polisportivo, \"Progetto in Comune\" torna alla carica - Archivio CassanoWeb","isPartOf":{"@id":"https:\/\/archiviocassano.lavocedelpaese.info\/#website"},"primaryImageOfPage":{"@id":"https:\/\/archiviocassano.lavocedelpaese.info\/index.php\/2018\/01\/31\/polisportivo-qprogetto-in-comuneq-dallamministrazione-di-medio-il-buio-totale\/#primaryimage"},"image":{"@id":"https:\/\/archiviocassano.lavocedelpaese.info\/index.php\/2018\/01\/31\/polisportivo-qprogetto-in-comuneq-dallamministrazione-di-medio-il-buio-totale\/#primaryimage"},"thumbnailUrl":"https:\/\/archiviocassano.lavocedelpaese.info\/wp-content\/uploads\/2015\/11\/polisportivo_di_Cassano.jpg","datePublished":"2018-01-31T17:19:36+00:00","breadcrumb":{"@id":"https:\/\/archiviocassano.lavocedelpaese.info\/index.php\/2018\/01\/31\/polisportivo-qprogetto-in-comuneq-dallamministrazione-di-medio-il-buio-totale\/#breadcrumb"},"inLanguage":"it-IT","potentialAction":[{"@type":"ReadAction","target":["https:\/\/archiviocassano.lavocedelpaese.info\/index.php\/2018\/01\/31\/polisportivo-qprogetto-in-comuneq-dallamministrazione-di-medio-il-buio-totale\/"]}]},{"@type":"ImageObject","inLanguage":"it-IT","@id":"https:\/\/archiviocassano.lavocedelpaese.info\/index.php\/2018\/01\/31\/polisportivo-qprogetto-in-comuneq-dallamministrazione-di-medio-il-buio-totale\/#primaryimage","url":"https:\/\/archiviocassano.lavocedelpaese.info\/wp-content\/uploads\/2015\/11\/polisportivo_di_Cassano.jpg","contentUrl":"https:\/\/archiviocassano.lavocedelpaese.info\/wp-content\/uploads\/2015\/11\/polisportivo_di_Cassano.jpg","width":600,"height":260,"caption":"polisportivo di Cassano"},{"@type":"BreadcrumbList","@id":"https:\/\/archiviocassano.lavocedelpaese.info\/index.php\/2018\/01\/31\/polisportivo-qprogetto-in-comuneq-dallamministrazione-di-medio-il-buio-totale\/#breadcrumb","itemListElement":[{"@type":"ListItem","position":1,"name":"Home","item":"https:\/\/archiviocassano.lavocedelpaese.info\/"},{"@type":"ListItem","position":2,"name":"Polisportivo, &#8220;Progetto in Comune&#8221; torna alla carica"}]},{"@type":"WebSite","@id":"https:\/\/archiviocassano.lavocedelpaese.info\/#website","url":"https:\/\/archiviocassano.lavocedelpaese.info\/","name":"Archivio CassanoWeb","description":"La Voce del Paese - un network di idee","publisher":{"@id":"https:\/\/archiviocassano.lavocedelpaese.info\/#organization"},"potentialAction":[{"@type":"SearchAction","target":{"@type":"EntryPoint","urlTemplate":"https:\/\/archiviocassano.lavocedelpaese.info\/?s={search_term_string}"},"query-input":{"@type":"PropertyValueSpecification","valueRequired":true,"valueName":"search_term_string"}}],"inLanguage":"it-IT"},{"@type":"Organization","@id":"https:\/\/archiviocassano.lavocedelpaese.info\/#organization","name":"Archivio CassanoWeb","url":"https:\/\/archiviocassano.lavocedelpaese.info\/","logo":{"@type":"ImageObject","inLanguage":"it-IT","@id":"https:\/\/archiviocassano.lavocedelpaese.info\/#\/schema\/logo\/image\/","url":"https:\/\/archiviocassano.lavocedelpaese.info\/wp-content\/uploads\/2024\/08\/logo-rosso-2.png","contentUrl":"https:\/\/archiviocassano.lavocedelpaese.info\/wp-content\/uploads\/2024\/08\/logo-rosso-2.png","width":491,"height":432,"caption":"Archivio CassanoWeb"},"image":{"@id":"https:\/\/archiviocassano.lavocedelpaese.info\/#\/schema\/logo\/image\/"},"sameAs":["https:\/\/www.facebook.com\/redazione.cassanoweb"]},{"@type":"Person","@id":"https:\/\/archiviocassano.lavocedelpaese.info\/#\/schema\/person\/df195bc79a9b4c35127cf005f92e041b","name":"admin","image":{"@type":"ImageObject","inLanguage":"it-IT","@id":"https:\/\/secure.gravatar.com\/avatar\/eabba89a432e8eaa1b0207cc55f7e5340b22712b1ed80677efcf63e02ff5b235?s=96&d=mm&r=g","url":"https:\/\/secure.gravatar.com\/avatar\/eabba89a432e8eaa1b0207cc55f7e5340b22712b1ed80677efcf63e02ff5b235?s=96&d=mm&r=g","contentUrl":"https:\/\/secure.gravatar.com\/avatar\/eabba89a432e8eaa1b0207cc55f7e5340b22712b1ed80677efcf63e02ff5b235?s=96&d=mm&r=g","caption":"admin"},"sameAs":["https:\/\/archiviocassano.lavocedelpaese.info"],"url":"https:\/\/archiviocassano.lavocedelpaese.info\/index.php\/author\/admin_0qgz1xdp\/"}]}},"_links":{"self":[{"href":"https:\/\/archiviocassano.lavocedelpaese.info\/index.php\/wp-json\/wp\/v2\/posts\/15427","targetHints":{"allow":["GET"]}}],"collection":[{"href":"https:\/\/archiviocassano.lavocedelpaese.info\/index.php\/wp-json\/wp\/v2\/posts"}],"about":[{"href":"https:\/\/archiviocassano.lavocedelpaese.info\/index.php\/wp-json\/wp\/v2\/types\/post"}],"author":[{"embeddable":true,"href":"https:\/\/archiviocassano.lavocedelpaese.info\/index.php\/wp-json\/wp\/v2\/users\/1"}],"replies":[{"embeddable":true,"href":"https:\/\/archiviocassano.lavocedelpaese.info\/index.php\/wp-json\/wp\/v2\/comments?post=15427"}],"version-history":[{"count":0,"href":"https:\/\/archiviocassano.lavocedelpaese.info\/index.php\/wp-json\/wp\/v2\/posts\/15427\/revisions"}],"wp:featuredmedia":[{"embeddable":true,"href":"https:\/\/archiviocassano.lavocedelpaese.info\/index.php\/wp-json\/wp\/v2\/media\/11630"}],"wp:attachment":[{"href":"https:\/\/archiviocassano.lavocedelpaese.info\/index.php\/wp-json\/wp\/v2\/media?parent=15427"}],"wp:term":[{"taxonomy":"category","embeddable":true,"href":"https:\/\/archiviocassano.lavocedelpaese.info\/index.php\/wp-json\/wp\/v2\/categories?post=15427"},{"taxonomy":"post_tag","embeddable":true,"href":"https:\/\/archiviocassano.lavocedelpaese.info\/index.php\/wp-json\/wp\/v2\/tags?post=15427"}],"curies":[{"name":"wp","href":"https:\/\/api.w.org\/{rel}","templated":true}]}}