{"id":15456,"date":"2018-02-06T07:38:51","date_gmt":"2018-02-06T07:38:51","guid":{"rendered":"https:\/\/archiviocassano.lavocedelpaese.info\/index.php\/2018\/02\/06\/concluso-il-corso\/"},"modified":"2018-02-06T07:38:51","modified_gmt":"2018-02-06T07:38:51","slug":"concluso-il-corso","status":"publish","type":"post","link":"https:\/\/archiviocassano.lavocedelpaese.info\/index.php\/2018\/02\/06\/concluso-il-corso\/","title":{"rendered":"Alzheimer, concluso il corso di formazione a &#8220;Villa dei Pini&#8221;"},"content":{"rendered":"<p><img loading=\"lazy\" decoding=\"async\" class=\" size-full wp-image-15455\" src=\"https:\/\/archiviocassano.lavocedelpaese.info\/wp-content\/uploads\/2018\/02\/27067735_960211520800406_5501296909742861441_n.jpg\" width=\"320\" height=\"180\" alt=\"27067735 960211520800406 5501296909742861441 n\" style=\"margin-right: 2px; margin-left: 2px;\" srcset=\"https:\/\/archiviocassano.lavocedelpaese.info\/wp-content\/uploads\/2018\/02\/27067735_960211520800406_5501296909742861441_n.jpg 960w, https:\/\/archiviocassano.lavocedelpaese.info\/wp-content\/uploads\/2018\/02\/27067735_960211520800406_5501296909742861441_n-300x169.jpg 300w, https:\/\/archiviocassano.lavocedelpaese.info\/wp-content\/uploads\/2018\/02\/27067735_960211520800406_5501296909742861441_n-768x432.jpg 768w\" sizes=\"auto, (max-width: 320px) 100vw, 320px\" \/><\/p>\n<p><!--more--><\/p>\n<p>&nbsp;<\/p>\n<p style=\"text-align: justify;\">Si \u00e8 appena concluso il corso di formazione gratuito, organizzato dal Centro diurno Alzheimer &#8220;Villa dei Pini&#8221; di Cassano delle Murge in collaborazione con lo&nbsp;<strong>Sportello Alzheimer Centro Di Ascolto \u201cDal Silenzio Alla Parola\u201d<\/strong>&nbsp;di Gioia del Colle, indirizzato ai familiari di persone affette da&nbsp;<strong>Alzheimer<\/strong>, ma aperto a tutta la cittadinanza sul tema delle&nbsp;<strong>demenze&nbsp;<\/strong>e tenuto<strong>&nbsp;<\/strong>presso lo sportello Alzheimer &#8211; Palazzo S. Antonio di Gioia del Colle.&nbsp;<\/p>\n<p style=\"text-align: justify;\">Nei primi due incontri, dopo l\u2019inquadramento clinico della malattia, sono state approfondite le modalit\u00e0 di intervento di fronte ai disturbi cognitivi e comportamentali, oltre alle strategie comunicative da attuare per aiutare il paziente e garantirne la sicurezza in ambito domestico.<\/p>\n<p style=\"text-align: justify;\">Argomento del terzo incontro \u00e8 stato lo stress del&nbsp;<i>caregiver<\/i>, quali interventi mettere in atto per arginare il problema attraverso la cura di se stessi e del proprio benessere.&nbsp;<\/p>\n<p style=\"text-align: justify;\">La malattia di alzheimer \u00e8 una patologia&nbsp;<strong>neurodegenerativa<\/strong>&nbsp;progressiva e irreversibile ad esordio prevalentemente senile che colpisce il cervello ed \u00e8 dovuta alla morte dei neuroni e della possibilit\u00e0 di comunicare tra loro con conseguente declino progressivo e globale delle funzioni cognitive, deterioramento della personalit\u00e0 e della vita di relazione. La malattia si manifesta inizialmente con<strong>perdita di memoria<\/strong>, che coinvolge soprattutto quella a breve termine, ed evolve verso una progressiva&nbsp;<strong>disabilit\u00e0 cognitiva<\/strong>&nbsp;che comprende l\u2019attenzione, il linguaggio, la capacit\u00e0 di giudizio, il pensiero astratto, l\u2019orientamento spazio-temporale, le abilit\u00e0 funzionali a cui si associano sintomi di tipo comportamentale ed emotivi.<\/p>\n<p>L&#8217;incidenza della patologia \u00e8 in&nbsp;<strong>aumento<\/strong>: secondo il Rapporto Mondiale Alzheimer 2015 ci sono nel mondo 46,8 milioni di persone affette da una forma di demenza (nel 2010 se ne stimavano 35 milioni), cifra destinata quasi a raddoppiare ogni 20 anni. I nuovi casi di demenza sono ogni anno oltre 9,9 milioni, vale a dire un nuovo caso ogni 3,2 secondi. In Italia si stima che la demenza colpisca 1.241.000 persone (che diventeranno 1.609.000 nel 2030 e 2.272.000 nel 2050).&nbsp;<\/p>\n<p>Spesso di fronte all\u2019evolversi della malattia, al profondo cambiamento e al declino di una persona amata, si ha l&#8217;effetto \u00e8 di un vero e proprio lutto, difficile da elaborare.&nbsp; I&nbsp;<i>cargivers<\/i>&nbsp;diventano spesso a loro volta vittima di questa malattia cos\u00ec subdola e dolorosa. Proprio per questo \u00e8 fondamentale&nbsp;<strong>accompagnarli<\/strong>&nbsp;nel loro percorso di cura e di vita, dando loro degli strumenti che li rendano in grado di non soccombere e di&nbsp;<strong>aiutare<\/strong>&nbsp;la persona affetta dalla patologia.<\/p>\n<p>Sapere non \u00e8 solo apprendere informazioni, ma significa essere pi\u00f9&nbsp;<strong>capaci<\/strong>, pi\u00f9&nbsp;<strong>competenti<\/strong>&nbsp;e quindi meglio&nbsp;<strong>attrezzati<\/strong>&nbsp;per affrontare le difficolt\u00e0;&nbsp; migliora il senso di efficacia e di controllo della situazione. Essere consapevoli della malattia permette di approcciarsi al malato parlando \u201cla sua stessa lingua\u201d e di accudirlo con maggiore serenit\u00e0 ed empatia.<\/p>\n<p>La partecipazione al corso \u00e8 stata importante perch\u00e9 il dialogo e il confronto con professionisti del settore ha facilitato l&#8217;acquisizione di competenze sia teoriche che pratiche a beneficio dei partecipanti, consistenti in conoscenze pi\u00f9 approfondite sulla malattia a strategie e&nbsp;<strong>consigli pratici&nbsp;<\/strong>per fronteggiare le problematiche conseguenti al decadimento cognitivo. Quello che emerge troppo spesso \u00e8 che nonostante la malattia sia sempre pi\u00f9 diffusa, in realt\u00e0 si ha scarsa conoscenza sia della patologia in s\u00e9 che dei&nbsp;<strong>servizi<\/strong>&nbsp;presenti sul territorio. Questi ultimi possono rappresentare una<strong>valida opportunit\u00e0&nbsp;<\/strong>per il paziente, che usufruisce di una serie di prestazioni (psicologiche, riabilitative, mediche) e per la famiglia, che per buona parte della giornata vede alleggerire il proprio carico assistenziale.<\/p>\n<p>&nbsp;<\/p>\n<p>&nbsp;<\/p>\n","protected":false},"excerpt":{"rendered":"","protected":false},"author":1,"featured_media":15455,"comment_status":"open","ping_status":"closed","sticky":false,"template":"","format":"standard","meta":{"colormag_page_container_layout":"default_layout","colormag_page_sidebar_layout":"default_layout","footnotes":""},"categories":[7],"tags":[],"class_list":["post-15456","post","type-post","status-publish","format-standard","has-post-thumbnail","hentry","category-attualita"],"yoast_head":"<!-- This site is optimized with the Yoast SEO plugin v27.5 - https:\/\/yoast.com\/product\/yoast-seo-wordpress\/ -->\n<title>Alzheimer, concluso il corso di formazione a &quot;Villa dei Pini&quot; - Archivio CassanoWeb<\/title>\n<meta name=\"robots\" content=\"index, follow, max-snippet:-1, max-image-preview:large, max-video-preview:-1\" \/>\n<link rel=\"canonical\" href=\"https:\/\/archiviocassano.lavocedelpaese.info\/index.php\/2018\/02\/06\/concluso-il-corso\/\" \/>\n<meta property=\"og:locale\" content=\"it_IT\" \/>\n<meta property=\"og:type\" content=\"article\" \/>\n<meta property=\"og:title\" content=\"Alzheimer, concluso il corso di formazione a &quot;Villa dei Pini&quot; - Archivio CassanoWeb\" \/>\n<meta property=\"og:url\" content=\"https:\/\/archiviocassano.lavocedelpaese.info\/index.php\/2018\/02\/06\/concluso-il-corso\/\" \/>\n<meta property=\"og:site_name\" content=\"Archivio CassanoWeb\" \/>\n<meta property=\"article:publisher\" content=\"https:\/\/www.facebook.com\/redazione.cassanoweb\" \/>\n<meta property=\"article:published_time\" content=\"2018-02-06T07:38:51+00:00\" \/>\n<meta property=\"og:image\" content=\"https:\/\/archiviocassano.lavocedelpaese.info\/wp-content\/uploads\/2018\/02\/27067735_960211520800406_5501296909742861441_n.jpg\" \/>\n\t<meta property=\"og:image:width\" content=\"960\" \/>\n\t<meta property=\"og:image:height\" content=\"540\" \/>\n\t<meta property=\"og:image:type\" content=\"image\/jpeg\" \/>\n<meta name=\"author\" content=\"admin\" \/>\n<meta name=\"twitter:card\" content=\"summary_large_image\" \/>\n<meta name=\"twitter:label1\" content=\"Scritto da\" \/>\n\t<meta name=\"twitter:data1\" content=\"admin\" \/>\n\t<meta name=\"twitter:label2\" content=\"Tempo di lettura stimato\" \/>\n\t<meta name=\"twitter:data2\" content=\"3 minuti\" \/>\n<script type=\"application\/ld+json\" class=\"yoast-schema-graph\">{\"@context\":\"https:\\\/\\\/schema.org\",\"@graph\":[{\"@type\":\"Article\",\"@id\":\"https:\\\/\\\/archiviocassano.lavocedelpaese.info\\\/index.php\\\/2018\\\/02\\\/06\\\/concluso-il-corso\\\/#article\",\"isPartOf\":{\"@id\":\"https:\\\/\\\/archiviocassano.lavocedelpaese.info\\\/index.php\\\/2018\\\/02\\\/06\\\/concluso-il-corso\\\/\"},\"author\":{\"name\":\"admin\",\"@id\":\"https:\\\/\\\/archiviocassano.lavocedelpaese.info\\\/#\\\/schema\\\/person\\\/df195bc79a9b4c35127cf005f92e041b\"},\"headline\":\"Alzheimer, concluso il corso di formazione a &#8220;Villa dei Pini&#8221;\",\"datePublished\":\"2018-02-06T07:38:51+00:00\",\"mainEntityOfPage\":{\"@id\":\"https:\\\/\\\/archiviocassano.lavocedelpaese.info\\\/index.php\\\/2018\\\/02\\\/06\\\/concluso-il-corso\\\/\"},\"wordCount\":596,\"commentCount\":0,\"publisher\":{\"@id\":\"https:\\\/\\\/archiviocassano.lavocedelpaese.info\\\/#organization\"},\"image\":{\"@id\":\"https:\\\/\\\/archiviocassano.lavocedelpaese.info\\\/index.php\\\/2018\\\/02\\\/06\\\/concluso-il-corso\\\/#primaryimage\"},\"thumbnailUrl\":\"https:\\\/\\\/archiviocassano.lavocedelpaese.info\\\/wp-content\\\/uploads\\\/2018\\\/02\\\/27067735_960211520800406_5501296909742861441_n.jpg\",\"articleSection\":[\"Attualit\u00e0\"],\"inLanguage\":\"it-IT\",\"potentialAction\":[{\"@type\":\"CommentAction\",\"name\":\"Comment\",\"target\":[\"https:\\\/\\\/archiviocassano.lavocedelpaese.info\\\/index.php\\\/2018\\\/02\\\/06\\\/concluso-il-corso\\\/#respond\"]}]},{\"@type\":\"WebPage\",\"@id\":\"https:\\\/\\\/archiviocassano.lavocedelpaese.info\\\/index.php\\\/2018\\\/02\\\/06\\\/concluso-il-corso\\\/\",\"url\":\"https:\\\/\\\/archiviocassano.lavocedelpaese.info\\\/index.php\\\/2018\\\/02\\\/06\\\/concluso-il-corso\\\/\",\"name\":\"Alzheimer, concluso il corso di formazione a \\\"Villa dei Pini\\\" - Archivio CassanoWeb\",\"isPartOf\":{\"@id\":\"https:\\\/\\\/archiviocassano.lavocedelpaese.info\\\/#website\"},\"primaryImageOfPage\":{\"@id\":\"https:\\\/\\\/archiviocassano.lavocedelpaese.info\\\/index.php\\\/2018\\\/02\\\/06\\\/concluso-il-corso\\\/#primaryimage\"},\"image\":{\"@id\":\"https:\\\/\\\/archiviocassano.lavocedelpaese.info\\\/index.php\\\/2018\\\/02\\\/06\\\/concluso-il-corso\\\/#primaryimage\"},\"thumbnailUrl\":\"https:\\\/\\\/archiviocassano.lavocedelpaese.info\\\/wp-content\\\/uploads\\\/2018\\\/02\\\/27067735_960211520800406_5501296909742861441_n.jpg\",\"datePublished\":\"2018-02-06T07:38:51+00:00\",\"breadcrumb\":{\"@id\":\"https:\\\/\\\/archiviocassano.lavocedelpaese.info\\\/index.php\\\/2018\\\/02\\\/06\\\/concluso-il-corso\\\/#breadcrumb\"},\"inLanguage\":\"it-IT\",\"potentialAction\":[{\"@type\":\"ReadAction\",\"target\":[\"https:\\\/\\\/archiviocassano.lavocedelpaese.info\\\/index.php\\\/2018\\\/02\\\/06\\\/concluso-il-corso\\\/\"]}]},{\"@type\":\"ImageObject\",\"inLanguage\":\"it-IT\",\"@id\":\"https:\\\/\\\/archiviocassano.lavocedelpaese.info\\\/index.php\\\/2018\\\/02\\\/06\\\/concluso-il-corso\\\/#primaryimage\",\"url\":\"https:\\\/\\\/archiviocassano.lavocedelpaese.info\\\/wp-content\\\/uploads\\\/2018\\\/02\\\/27067735_960211520800406_5501296909742861441_n.jpg\",\"contentUrl\":\"https:\\\/\\\/archiviocassano.lavocedelpaese.info\\\/wp-content\\\/uploads\\\/2018\\\/02\\\/27067735_960211520800406_5501296909742861441_n.jpg\",\"width\":960,\"height\":540,\"caption\":\"27067735 960211520800406 5501296909742861441 n\"},{\"@type\":\"BreadcrumbList\",\"@id\":\"https:\\\/\\\/archiviocassano.lavocedelpaese.info\\\/index.php\\\/2018\\\/02\\\/06\\\/concluso-il-corso\\\/#breadcrumb\",\"itemListElement\":[{\"@type\":\"ListItem\",\"position\":1,\"name\":\"Home\",\"item\":\"https:\\\/\\\/archiviocassano.lavocedelpaese.info\\\/\"},{\"@type\":\"ListItem\",\"position\":2,\"name\":\"Alzheimer, concluso il corso di formazione a &#8220;Villa dei Pini&#8221;\"}]},{\"@type\":\"WebSite\",\"@id\":\"https:\\\/\\\/archiviocassano.lavocedelpaese.info\\\/#website\",\"url\":\"https:\\\/\\\/archiviocassano.lavocedelpaese.info\\\/\",\"name\":\"Archivio CassanoWeb\",\"description\":\"La Voce del Paese - un network di idee\",\"publisher\":{\"@id\":\"https:\\\/\\\/archiviocassano.lavocedelpaese.info\\\/#organization\"},\"potentialAction\":[{\"@type\":\"SearchAction\",\"target\":{\"@type\":\"EntryPoint\",\"urlTemplate\":\"https:\\\/\\\/archiviocassano.lavocedelpaese.info\\\/?s={search_term_string}\"},\"query-input\":{\"@type\":\"PropertyValueSpecification\",\"valueRequired\":true,\"valueName\":\"search_term_string\"}}],\"inLanguage\":\"it-IT\"},{\"@type\":\"Organization\",\"@id\":\"https:\\\/\\\/archiviocassano.lavocedelpaese.info\\\/#organization\",\"name\":\"Archivio CassanoWeb\",\"url\":\"https:\\\/\\\/archiviocassano.lavocedelpaese.info\\\/\",\"logo\":{\"@type\":\"ImageObject\",\"inLanguage\":\"it-IT\",\"@id\":\"https:\\\/\\\/archiviocassano.lavocedelpaese.info\\\/#\\\/schema\\\/logo\\\/image\\\/\",\"url\":\"https:\\\/\\\/archiviocassano.lavocedelpaese.info\\\/wp-content\\\/uploads\\\/2024\\\/08\\\/logo-rosso-2.png\",\"contentUrl\":\"https:\\\/\\\/archiviocassano.lavocedelpaese.info\\\/wp-content\\\/uploads\\\/2024\\\/08\\\/logo-rosso-2.png\",\"width\":491,\"height\":432,\"caption\":\"Archivio CassanoWeb\"},\"image\":{\"@id\":\"https:\\\/\\\/archiviocassano.lavocedelpaese.info\\\/#\\\/schema\\\/logo\\\/image\\\/\"},\"sameAs\":[\"https:\\\/\\\/www.facebook.com\\\/redazione.cassanoweb\"]},{\"@type\":\"Person\",\"@id\":\"https:\\\/\\\/archiviocassano.lavocedelpaese.info\\\/#\\\/schema\\\/person\\\/df195bc79a9b4c35127cf005f92e041b\",\"name\":\"admin\",\"image\":{\"@type\":\"ImageObject\",\"inLanguage\":\"it-IT\",\"@id\":\"https:\\\/\\\/secure.gravatar.com\\\/avatar\\\/eabba89a432e8eaa1b0207cc55f7e5340b22712b1ed80677efcf63e02ff5b235?s=96&d=mm&r=g\",\"url\":\"https:\\\/\\\/secure.gravatar.com\\\/avatar\\\/eabba89a432e8eaa1b0207cc55f7e5340b22712b1ed80677efcf63e02ff5b235?s=96&d=mm&r=g\",\"contentUrl\":\"https:\\\/\\\/secure.gravatar.com\\\/avatar\\\/eabba89a432e8eaa1b0207cc55f7e5340b22712b1ed80677efcf63e02ff5b235?s=96&d=mm&r=g\",\"caption\":\"admin\"},\"sameAs\":[\"https:\\\/\\\/archiviocassano.lavocedelpaese.info\"],\"url\":\"https:\\\/\\\/archiviocassano.lavocedelpaese.info\\\/index.php\\\/author\\\/admin_0qgz1xdp\\\/\"}]}<\/script>\n<!-- \/ Yoast SEO plugin. -->","yoast_head_json":{"title":"Alzheimer, concluso il corso di formazione a \"Villa dei Pini\" - Archivio CassanoWeb","robots":{"index":"index","follow":"follow","max-snippet":"max-snippet:-1","max-image-preview":"max-image-preview:large","max-video-preview":"max-video-preview:-1"},"canonical":"https:\/\/archiviocassano.lavocedelpaese.info\/index.php\/2018\/02\/06\/concluso-il-corso\/","og_locale":"it_IT","og_type":"article","og_title":"Alzheimer, concluso il corso di formazione a \"Villa dei Pini\" - Archivio CassanoWeb","og_url":"https:\/\/archiviocassano.lavocedelpaese.info\/index.php\/2018\/02\/06\/concluso-il-corso\/","og_site_name":"Archivio CassanoWeb","article_publisher":"https:\/\/www.facebook.com\/redazione.cassanoweb","article_published_time":"2018-02-06T07:38:51+00:00","og_image":[{"width":960,"height":540,"url":"https:\/\/archiviocassano.lavocedelpaese.info\/wp-content\/uploads\/2018\/02\/27067735_960211520800406_5501296909742861441_n.jpg","type":"image\/jpeg"}],"author":"admin","twitter_card":"summary_large_image","twitter_misc":{"Scritto da":"admin","Tempo di lettura stimato":"3 minuti"},"schema":{"@context":"https:\/\/schema.org","@graph":[{"@type":"Article","@id":"https:\/\/archiviocassano.lavocedelpaese.info\/index.php\/2018\/02\/06\/concluso-il-corso\/#article","isPartOf":{"@id":"https:\/\/archiviocassano.lavocedelpaese.info\/index.php\/2018\/02\/06\/concluso-il-corso\/"},"author":{"name":"admin","@id":"https:\/\/archiviocassano.lavocedelpaese.info\/#\/schema\/person\/df195bc79a9b4c35127cf005f92e041b"},"headline":"Alzheimer, concluso il corso di formazione a &#8220;Villa dei Pini&#8221;","datePublished":"2018-02-06T07:38:51+00:00","mainEntityOfPage":{"@id":"https:\/\/archiviocassano.lavocedelpaese.info\/index.php\/2018\/02\/06\/concluso-il-corso\/"},"wordCount":596,"commentCount":0,"publisher":{"@id":"https:\/\/archiviocassano.lavocedelpaese.info\/#organization"},"image":{"@id":"https:\/\/archiviocassano.lavocedelpaese.info\/index.php\/2018\/02\/06\/concluso-il-corso\/#primaryimage"},"thumbnailUrl":"https:\/\/archiviocassano.lavocedelpaese.info\/wp-content\/uploads\/2018\/02\/27067735_960211520800406_5501296909742861441_n.jpg","articleSection":["Attualit\u00e0"],"inLanguage":"it-IT","potentialAction":[{"@type":"CommentAction","name":"Comment","target":["https:\/\/archiviocassano.lavocedelpaese.info\/index.php\/2018\/02\/06\/concluso-il-corso\/#respond"]}]},{"@type":"WebPage","@id":"https:\/\/archiviocassano.lavocedelpaese.info\/index.php\/2018\/02\/06\/concluso-il-corso\/","url":"https:\/\/archiviocassano.lavocedelpaese.info\/index.php\/2018\/02\/06\/concluso-il-corso\/","name":"Alzheimer, concluso il corso di formazione a \"Villa dei Pini\" - Archivio CassanoWeb","isPartOf":{"@id":"https:\/\/archiviocassano.lavocedelpaese.info\/#website"},"primaryImageOfPage":{"@id":"https:\/\/archiviocassano.lavocedelpaese.info\/index.php\/2018\/02\/06\/concluso-il-corso\/#primaryimage"},"image":{"@id":"https:\/\/archiviocassano.lavocedelpaese.info\/index.php\/2018\/02\/06\/concluso-il-corso\/#primaryimage"},"thumbnailUrl":"https:\/\/archiviocassano.lavocedelpaese.info\/wp-content\/uploads\/2018\/02\/27067735_960211520800406_5501296909742861441_n.jpg","datePublished":"2018-02-06T07:38:51+00:00","breadcrumb":{"@id":"https:\/\/archiviocassano.lavocedelpaese.info\/index.php\/2018\/02\/06\/concluso-il-corso\/#breadcrumb"},"inLanguage":"it-IT","potentialAction":[{"@type":"ReadAction","target":["https:\/\/archiviocassano.lavocedelpaese.info\/index.php\/2018\/02\/06\/concluso-il-corso\/"]}]},{"@type":"ImageObject","inLanguage":"it-IT","@id":"https:\/\/archiviocassano.lavocedelpaese.info\/index.php\/2018\/02\/06\/concluso-il-corso\/#primaryimage","url":"https:\/\/archiviocassano.lavocedelpaese.info\/wp-content\/uploads\/2018\/02\/27067735_960211520800406_5501296909742861441_n.jpg","contentUrl":"https:\/\/archiviocassano.lavocedelpaese.info\/wp-content\/uploads\/2018\/02\/27067735_960211520800406_5501296909742861441_n.jpg","width":960,"height":540,"caption":"27067735 960211520800406 5501296909742861441 n"},{"@type":"BreadcrumbList","@id":"https:\/\/archiviocassano.lavocedelpaese.info\/index.php\/2018\/02\/06\/concluso-il-corso\/#breadcrumb","itemListElement":[{"@type":"ListItem","position":1,"name":"Home","item":"https:\/\/archiviocassano.lavocedelpaese.info\/"},{"@type":"ListItem","position":2,"name":"Alzheimer, concluso il corso di formazione a &#8220;Villa dei Pini&#8221;"}]},{"@type":"WebSite","@id":"https:\/\/archiviocassano.lavocedelpaese.info\/#website","url":"https:\/\/archiviocassano.lavocedelpaese.info\/","name":"Archivio CassanoWeb","description":"La Voce del Paese - un network di idee","publisher":{"@id":"https:\/\/archiviocassano.lavocedelpaese.info\/#organization"},"potentialAction":[{"@type":"SearchAction","target":{"@type":"EntryPoint","urlTemplate":"https:\/\/archiviocassano.lavocedelpaese.info\/?s={search_term_string}"},"query-input":{"@type":"PropertyValueSpecification","valueRequired":true,"valueName":"search_term_string"}}],"inLanguage":"it-IT"},{"@type":"Organization","@id":"https:\/\/archiviocassano.lavocedelpaese.info\/#organization","name":"Archivio CassanoWeb","url":"https:\/\/archiviocassano.lavocedelpaese.info\/","logo":{"@type":"ImageObject","inLanguage":"it-IT","@id":"https:\/\/archiviocassano.lavocedelpaese.info\/#\/schema\/logo\/image\/","url":"https:\/\/archiviocassano.lavocedelpaese.info\/wp-content\/uploads\/2024\/08\/logo-rosso-2.png","contentUrl":"https:\/\/archiviocassano.lavocedelpaese.info\/wp-content\/uploads\/2024\/08\/logo-rosso-2.png","width":491,"height":432,"caption":"Archivio CassanoWeb"},"image":{"@id":"https:\/\/archiviocassano.lavocedelpaese.info\/#\/schema\/logo\/image\/"},"sameAs":["https:\/\/www.facebook.com\/redazione.cassanoweb"]},{"@type":"Person","@id":"https:\/\/archiviocassano.lavocedelpaese.info\/#\/schema\/person\/df195bc79a9b4c35127cf005f92e041b","name":"admin","image":{"@type":"ImageObject","inLanguage":"it-IT","@id":"https:\/\/secure.gravatar.com\/avatar\/eabba89a432e8eaa1b0207cc55f7e5340b22712b1ed80677efcf63e02ff5b235?s=96&d=mm&r=g","url":"https:\/\/secure.gravatar.com\/avatar\/eabba89a432e8eaa1b0207cc55f7e5340b22712b1ed80677efcf63e02ff5b235?s=96&d=mm&r=g","contentUrl":"https:\/\/secure.gravatar.com\/avatar\/eabba89a432e8eaa1b0207cc55f7e5340b22712b1ed80677efcf63e02ff5b235?s=96&d=mm&r=g","caption":"admin"},"sameAs":["https:\/\/archiviocassano.lavocedelpaese.info"],"url":"https:\/\/archiviocassano.lavocedelpaese.info\/index.php\/author\/admin_0qgz1xdp\/"}]}},"_links":{"self":[{"href":"https:\/\/archiviocassano.lavocedelpaese.info\/index.php\/wp-json\/wp\/v2\/posts\/15456","targetHints":{"allow":["GET"]}}],"collection":[{"href":"https:\/\/archiviocassano.lavocedelpaese.info\/index.php\/wp-json\/wp\/v2\/posts"}],"about":[{"href":"https:\/\/archiviocassano.lavocedelpaese.info\/index.php\/wp-json\/wp\/v2\/types\/post"}],"author":[{"embeddable":true,"href":"https:\/\/archiviocassano.lavocedelpaese.info\/index.php\/wp-json\/wp\/v2\/users\/1"}],"replies":[{"embeddable":true,"href":"https:\/\/archiviocassano.lavocedelpaese.info\/index.php\/wp-json\/wp\/v2\/comments?post=15456"}],"version-history":[{"count":0,"href":"https:\/\/archiviocassano.lavocedelpaese.info\/index.php\/wp-json\/wp\/v2\/posts\/15456\/revisions"}],"wp:featuredmedia":[{"embeddable":true,"href":"https:\/\/archiviocassano.lavocedelpaese.info\/index.php\/wp-json\/wp\/v2\/media\/15455"}],"wp:attachment":[{"href":"https:\/\/archiviocassano.lavocedelpaese.info\/index.php\/wp-json\/wp\/v2\/media?parent=15456"}],"wp:term":[{"taxonomy":"category","embeddable":true,"href":"https:\/\/archiviocassano.lavocedelpaese.info\/index.php\/wp-json\/wp\/v2\/categories?post=15456"},{"taxonomy":"post_tag","embeddable":true,"href":"https:\/\/archiviocassano.lavocedelpaese.info\/index.php\/wp-json\/wp\/v2\/tags?post=15456"}],"curies":[{"name":"wp","href":"https:\/\/api.w.org\/{rel}","templated":true}]}}