{"id":15475,"date":"2018-02-07T07:20:03","date_gmt":"2018-02-07T07:20:03","guid":{"rendered":"https:\/\/archiviocassano.lavocedelpaese.info\/index.php\/2018\/02\/07\/patto-di-stabilita-un-abbaglio-della-giunta-di-medio-che-potrebbe-costare-caro-ai-cassanesi\/"},"modified":"2018-02-07T07:20:03","modified_gmt":"2018-02-07T07:20:03","slug":"patto-di-stabilita-un-abbaglio-della-giunta-di-medio-che-potrebbe-costare-caro-ai-cassanesi","status":"publish","type":"post","link":"https:\/\/archiviocassano.lavocedelpaese.info\/index.php\/2018\/02\/07\/patto-di-stabilita-un-abbaglio-della-giunta-di-medio-che-potrebbe-costare-caro-ai-cassanesi\/","title":{"rendered":"Un abbaglio della Giunta Di Medio che potrebbe costare caro"},"content":{"rendered":"<p style=\"text-align: justify;\"><img loading=\"lazy\" decoding=\"async\" class=\" size-full wp-image-15474\" src=\"https:\/\/archiviocassano.lavocedelpaese.info\/wp-content\/uploads\/2018\/02\/simbolo_siamo_cassano.png\" alt=\"simbolo siamo cassano\" style=\"margin-right: 2px; margin-left: 2px;\" width=\"250\" height=\"250\" srcset=\"https:\/\/archiviocassano.lavocedelpaese.info\/wp-content\/uploads\/2018\/02\/simbolo_siamo_cassano.png 250w, https:\/\/archiviocassano.lavocedelpaese.info\/wp-content\/uploads\/2018\/02\/simbolo_siamo_cassano-150x150.png 150w\" sizes=\"auto, (max-width: 250px) 100vw, 250px\" \/><\/p>\n<p><!--more--><\/p>\n<p>&nbsp;<\/p>\n<p><i>Dal gruppo consiliare \u201cSiamo Cassano\u201d, riceviamo e pubblichiamo.<\/i><\/p>\n<p><i>&nbsp;<\/i><\/p>\n<p>Gentile Direttore, l\u2019argomento che la presente interpellanza sostiene \u00e8 abbastanza tecnico e ci permettiamo di accompagnarla con un breve comunicato di spiegazioni quanto pi\u00f9 comprensibili ai pi\u00f9.<\/p>\n<p>Al fine di mantenere la stabilit\u00e0 economico finanziaria dello Stato, valore di rango costituzionale, \u00e8 stato introdotto in Italia il Patto di Stabilit\u00e0 con conseguenti limiti di spesa per gli Enti.<\/p>\n<p>Ne deriva che un Comune, pur avendo soldi in avanzo, non pu\u00f2 spenderli se ha raggiunto i limiti di spesa prevista dal Patto di Stabilit\u00e0.<\/p>\n<p>Si verificava, per\u00f2, che non tutti gli Enti spendevano fino al limite previsto dal proprio Patto di Stabilit\u00e0 per cui molti Enti (Comuni, Province e Regioni) spendevano meno del limite previsto e si creavano cosiddetti \u201cspazi finanziari\u201d.<\/p>\n<p>Affinch\u00e9 in Italia nei vari Comuni non si accumulassero avanzi inutilizzati a fronte della necessit\u00e0 di realizzare le opere, \u00e8 stato introdotto il Patto di Stabilit\u00e0 nazionale \u201cverticale\u201d cio\u00e8 quella possibilit\u00e0 di spesa non effettuata da altri pu\u00f2 essere utilizzato dal Comune di Cassano mediante una richiesta che si invia al sito <a href=\"http:\/\/pareggiobilancio.mef.gov.it\/\"><em>http:\/\/pareggiobilancio.mef.gov.it<\/em><\/a> del Ministero dell\u2019Economia e Finanza.<\/p>\n<p>Dov\u2019\u00e8 il problema?<\/p>\n<p>Tutto nella perentoriet\u00e0 dei termini e della correttezza della richiesta poich\u00e9 il Ministero dell\u2019Economia e delle Finanze &nbsp;<strong>rammenta che, decorsa la data del 20 gennaio 2018, non \u00e8 pi\u00f9 possibile rettificare i dati e che in caso di mancato utilizzo, gli spazi non utilizzati sono recuperati, in sede di certificazione, attraverso una modifica peggiorativa dell\u2019obiettivo di saldo finale di competenza per lo stesso importo. <\/strong><strong>( In parole povere il nostro Comune pur avendo soldi non potr\u00e0 spenderli per il bene della collettivit\u00e0 se gli spazi richiesti non vengono utilizzati)<\/strong><\/p>\n<p><strong>Cosa \u00e8 accaduto nel nostro Comune? Il patatrac!<\/strong><\/p>\n<p><strong>La Giunta Comunale con propria delibera ha preso atto della richiesta degli spazi finanziari ratificandola per poi accorgersi di aver sbagliato perch\u00e9 non ne aveva necessit\u00e0 e in data 25 gennaio ha revocato la richiesta degli spazi finanziari gi\u00e0 inoltrata al MEF che per legge dopo il 20 gennaio non \u00e8 pi\u00f9 rettificabile.<\/strong><\/p>\n<p>Che succeder\u00e0?<\/p>\n<p>Che tutto vada per il meglio e che il MEF rettifichi la nostra richiesta e tutto si sistema. Se il MEF non accoglier\u00e0 la revoca, il nostro Comune si ritrover\u00e0 con <strong>una modifica peggiorativa dell\u2019obiettivo di saldo finale di competenza per un importo pari a \u20ac. 630.511,27.<\/strong><\/p>\n<p>In pratica nel prossimo futuro la capacit\u00e0 di spesa del nostro Comune si ridurr\u00e0 di oltre 630 mila euro e Cassano andr\u00e0 sempre pi\u00f9 a fondo.<\/p>\n<p>Che dire? Grazie alla buonaamministrazione!<\/p>\n<p>Di seguito il testo dell\u2019interrogazione<\/p>\n<p>Al sig. Sindaco di Cassano Murge<\/p>\n<p>Oggetto: interrogazione spazi finanziari<\/p>\n<p><strong>Premesso:<\/strong><\/p>\n<p>&#8211; che con Delibera di Giunta Comunale n\u00b0 5 del 22\/01\/2018 il Comune ha deliberato di richiedere al Dipartimento della Ragioneria Generale dello Stato l\u2019acquisizione degli spazi finanziari per \u20ac. 630.511,27 nell\u2019ambito del patto di solidariet\u00e0 nazionale \u201cverticale\u201d al fine di utilizzare l\u2019avanzo di amministrazione altrimenti non utilizzabile per completare le opere per il riuso a scopo irriguo delle acque rivenienti dall\u2019impianto di depurazione al servizio del nostro paese, per la sistemazione del rond\u00f2 della zona Sacro Cuore e di via Pellerano ed infine per la costruzione di un nuovo lotto di loculi al cimitero<\/p>\n<p>&#8211; che successivamente, in data 25 gennaio 2018 la delibera viene revocata con altra delibera la numero 8 del 25 gennaio 2018 perch\u00e9 la Giunta si accorge a posteriori (incredibile!) di aver preso un abbaglio<\/p>\n<p><strong>Va rilevato:<\/strong><\/p>\n<p>la perentoriet\u00e0 dei termini e della correttezza della richiesta poich\u00e9 il Ministero dell\u2019Economia e delle Finanze&nbsp; <strong>rammenta che, decorsa la data del 20 gennaio 2018, non \u00e8 pi\u00f9 possibile rettificare i dati e che in caso di mancato utilizzo, gli spazi non utilizzati sono recuperati, in sede di certificazione, attraverso una modifica peggiorativa dell\u2019obiettivo di saldo finale di competenza per lo stesso importo<\/strong><strong><\/strong><\/p>\n<p><strong>Tutto ci\u00f2 premesso e considerato, La interroghiamo per conoscere:<\/strong><\/p>\n<ol>\n<li>&nbsp;&nbsp;&nbsp;&nbsp;&nbsp; Come mai gli approfondimenti sulle procedure da mettere in atto vengono effettuate dopo che il danno si \u00e8 verificato e non prima tanto da far&nbsp; acquisire al nostro Comune il record delle revoche da Terra Nostra per passare a Co.Str.An e oggi agli spazi finanziari?<\/li>\n<li>&nbsp;&nbsp;&nbsp;&nbsp;&nbsp; Se si rende conto che la Sua buona amministrazione rischia di penalizzare sempre pi\u00f9 la nostra collettivit\u00e0 per assenza, inezia, errori, dimenticanze, scadenze non rispettate, strafalcioni nei progetti e richieste di finanziamenti e cos\u00ec via dicendo?<\/li>\n<\/ol>\n<p>&nbsp;<\/p>\n<p>&nbsp;<\/p>\n","protected":false},"excerpt":{"rendered":"","protected":false},"author":1,"featured_media":15474,"comment_status":"open","ping_status":"closed","sticky":false,"template":"","format":"standard","meta":{"colormag_page_container_layout":"default_layout","colormag_page_sidebar_layout":"default_layout","footnotes":""},"categories":[4],"tags":[],"class_list":["post-15475","post","type-post","status-publish","format-standard","has-post-thumbnail","hentry","category-politica"],"yoast_head":"<!-- This site is optimized with the Yoast SEO plugin v27.5 - https:\/\/yoast.com\/product\/yoast-seo-wordpress\/ -->\n<title>Un abbaglio della Giunta Di Medio che potrebbe costare caro - Archivio CassanoWeb<\/title>\n<meta name=\"robots\" content=\"index, follow, max-snippet:-1, max-image-preview:large, max-video-preview:-1\" \/>\n<link rel=\"canonical\" href=\"https:\/\/archiviocassano.lavocedelpaese.info\/index.php\/2018\/02\/07\/patto-di-stabilita-un-abbaglio-della-giunta-di-medio-che-potrebbe-costare-caro-ai-cassanesi\/\" \/>\n<meta property=\"og:locale\" content=\"it_IT\" \/>\n<meta property=\"og:type\" content=\"article\" \/>\n<meta property=\"og:title\" content=\"Un abbaglio della Giunta Di Medio che potrebbe costare caro - Archivio CassanoWeb\" \/>\n<meta property=\"og:url\" content=\"https:\/\/archiviocassano.lavocedelpaese.info\/index.php\/2018\/02\/07\/patto-di-stabilita-un-abbaglio-della-giunta-di-medio-che-potrebbe-costare-caro-ai-cassanesi\/\" \/>\n<meta property=\"og:site_name\" content=\"Archivio CassanoWeb\" \/>\n<meta property=\"article:publisher\" content=\"https:\/\/www.facebook.com\/redazione.cassanoweb\" \/>\n<meta property=\"article:published_time\" content=\"2018-02-07T07:20:03+00:00\" \/>\n<meta property=\"og:image\" content=\"https:\/\/archiviocassano.lavocedelpaese.info\/wp-content\/uploads\/2018\/02\/simbolo_siamo_cassano.png\" \/>\n\t<meta property=\"og:image:width\" content=\"250\" \/>\n\t<meta property=\"og:image:height\" content=\"250\" \/>\n\t<meta property=\"og:image:type\" content=\"image\/png\" \/>\n<meta name=\"author\" content=\"admin\" \/>\n<meta name=\"twitter:card\" content=\"summary_large_image\" \/>\n<meta name=\"twitter:label1\" content=\"Scritto da\" \/>\n\t<meta name=\"twitter:data1\" content=\"admin\" \/>\n\t<meta name=\"twitter:label2\" content=\"Tempo di lettura stimato\" \/>\n\t<meta name=\"twitter:data2\" content=\"4 minuti\" \/>\n<script type=\"application\/ld+json\" class=\"yoast-schema-graph\">{\"@context\":\"https:\\\/\\\/schema.org\",\"@graph\":[{\"@type\":\"Article\",\"@id\":\"https:\\\/\\\/archiviocassano.lavocedelpaese.info\\\/index.php\\\/2018\\\/02\\\/07\\\/patto-di-stabilita-un-abbaglio-della-giunta-di-medio-che-potrebbe-costare-caro-ai-cassanesi\\\/#article\",\"isPartOf\":{\"@id\":\"https:\\\/\\\/archiviocassano.lavocedelpaese.info\\\/index.php\\\/2018\\\/02\\\/07\\\/patto-di-stabilita-un-abbaglio-della-giunta-di-medio-che-potrebbe-costare-caro-ai-cassanesi\\\/\"},\"author\":{\"name\":\"admin\",\"@id\":\"https:\\\/\\\/archiviocassano.lavocedelpaese.info\\\/#\\\/schema\\\/person\\\/df195bc79a9b4c35127cf005f92e041b\"},\"headline\":\"Un abbaglio della Giunta Di Medio che potrebbe costare caro\",\"datePublished\":\"2018-02-07T07:20:03+00:00\",\"mainEntityOfPage\":{\"@id\":\"https:\\\/\\\/archiviocassano.lavocedelpaese.info\\\/index.php\\\/2018\\\/02\\\/07\\\/patto-di-stabilita-un-abbaglio-della-giunta-di-medio-che-potrebbe-costare-caro-ai-cassanesi\\\/\"},\"wordCount\":738,\"commentCount\":0,\"publisher\":{\"@id\":\"https:\\\/\\\/archiviocassano.lavocedelpaese.info\\\/#organization\"},\"image\":{\"@id\":\"https:\\\/\\\/archiviocassano.lavocedelpaese.info\\\/index.php\\\/2018\\\/02\\\/07\\\/patto-di-stabilita-un-abbaglio-della-giunta-di-medio-che-potrebbe-costare-caro-ai-cassanesi\\\/#primaryimage\"},\"thumbnailUrl\":\"https:\\\/\\\/archiviocassano.lavocedelpaese.info\\\/wp-content\\\/uploads\\\/2018\\\/02\\\/simbolo_siamo_cassano.png\",\"articleSection\":[\"Politica\"],\"inLanguage\":\"it-IT\",\"potentialAction\":[{\"@type\":\"CommentAction\",\"name\":\"Comment\",\"target\":[\"https:\\\/\\\/archiviocassano.lavocedelpaese.info\\\/index.php\\\/2018\\\/02\\\/07\\\/patto-di-stabilita-un-abbaglio-della-giunta-di-medio-che-potrebbe-costare-caro-ai-cassanesi\\\/#respond\"]}]},{\"@type\":\"WebPage\",\"@id\":\"https:\\\/\\\/archiviocassano.lavocedelpaese.info\\\/index.php\\\/2018\\\/02\\\/07\\\/patto-di-stabilita-un-abbaglio-della-giunta-di-medio-che-potrebbe-costare-caro-ai-cassanesi\\\/\",\"url\":\"https:\\\/\\\/archiviocassano.lavocedelpaese.info\\\/index.php\\\/2018\\\/02\\\/07\\\/patto-di-stabilita-un-abbaglio-della-giunta-di-medio-che-potrebbe-costare-caro-ai-cassanesi\\\/\",\"name\":\"Un abbaglio della Giunta Di Medio che potrebbe costare caro - Archivio CassanoWeb\",\"isPartOf\":{\"@id\":\"https:\\\/\\\/archiviocassano.lavocedelpaese.info\\\/#website\"},\"primaryImageOfPage\":{\"@id\":\"https:\\\/\\\/archiviocassano.lavocedelpaese.info\\\/index.php\\\/2018\\\/02\\\/07\\\/patto-di-stabilita-un-abbaglio-della-giunta-di-medio-che-potrebbe-costare-caro-ai-cassanesi\\\/#primaryimage\"},\"image\":{\"@id\":\"https:\\\/\\\/archiviocassano.lavocedelpaese.info\\\/index.php\\\/2018\\\/02\\\/07\\\/patto-di-stabilita-un-abbaglio-della-giunta-di-medio-che-potrebbe-costare-caro-ai-cassanesi\\\/#primaryimage\"},\"thumbnailUrl\":\"https:\\\/\\\/archiviocassano.lavocedelpaese.info\\\/wp-content\\\/uploads\\\/2018\\\/02\\\/simbolo_siamo_cassano.png\",\"datePublished\":\"2018-02-07T07:20:03+00:00\",\"breadcrumb\":{\"@id\":\"https:\\\/\\\/archiviocassano.lavocedelpaese.info\\\/index.php\\\/2018\\\/02\\\/07\\\/patto-di-stabilita-un-abbaglio-della-giunta-di-medio-che-potrebbe-costare-caro-ai-cassanesi\\\/#breadcrumb\"},\"inLanguage\":\"it-IT\",\"potentialAction\":[{\"@type\":\"ReadAction\",\"target\":[\"https:\\\/\\\/archiviocassano.lavocedelpaese.info\\\/index.php\\\/2018\\\/02\\\/07\\\/patto-di-stabilita-un-abbaglio-della-giunta-di-medio-che-potrebbe-costare-caro-ai-cassanesi\\\/\"]}]},{\"@type\":\"ImageObject\",\"inLanguage\":\"it-IT\",\"@id\":\"https:\\\/\\\/archiviocassano.lavocedelpaese.info\\\/index.php\\\/2018\\\/02\\\/07\\\/patto-di-stabilita-un-abbaglio-della-giunta-di-medio-che-potrebbe-costare-caro-ai-cassanesi\\\/#primaryimage\",\"url\":\"https:\\\/\\\/archiviocassano.lavocedelpaese.info\\\/wp-content\\\/uploads\\\/2018\\\/02\\\/simbolo_siamo_cassano.png\",\"contentUrl\":\"https:\\\/\\\/archiviocassano.lavocedelpaese.info\\\/wp-content\\\/uploads\\\/2018\\\/02\\\/simbolo_siamo_cassano.png\",\"width\":250,\"height\":250,\"caption\":\"simbolo siamo cassano\"},{\"@type\":\"BreadcrumbList\",\"@id\":\"https:\\\/\\\/archiviocassano.lavocedelpaese.info\\\/index.php\\\/2018\\\/02\\\/07\\\/patto-di-stabilita-un-abbaglio-della-giunta-di-medio-che-potrebbe-costare-caro-ai-cassanesi\\\/#breadcrumb\",\"itemListElement\":[{\"@type\":\"ListItem\",\"position\":1,\"name\":\"Home\",\"item\":\"https:\\\/\\\/archiviocassano.lavocedelpaese.info\\\/\"},{\"@type\":\"ListItem\",\"position\":2,\"name\":\"Un abbaglio della Giunta Di Medio che potrebbe costare caro\"}]},{\"@type\":\"WebSite\",\"@id\":\"https:\\\/\\\/archiviocassano.lavocedelpaese.info\\\/#website\",\"url\":\"https:\\\/\\\/archiviocassano.lavocedelpaese.info\\\/\",\"name\":\"Archivio CassanoWeb\",\"description\":\"La Voce del Paese - un network di idee\",\"publisher\":{\"@id\":\"https:\\\/\\\/archiviocassano.lavocedelpaese.info\\\/#organization\"},\"potentialAction\":[{\"@type\":\"SearchAction\",\"target\":{\"@type\":\"EntryPoint\",\"urlTemplate\":\"https:\\\/\\\/archiviocassano.lavocedelpaese.info\\\/?s={search_term_string}\"},\"query-input\":{\"@type\":\"PropertyValueSpecification\",\"valueRequired\":true,\"valueName\":\"search_term_string\"}}],\"inLanguage\":\"it-IT\"},{\"@type\":\"Organization\",\"@id\":\"https:\\\/\\\/archiviocassano.lavocedelpaese.info\\\/#organization\",\"name\":\"Archivio CassanoWeb\",\"url\":\"https:\\\/\\\/archiviocassano.lavocedelpaese.info\\\/\",\"logo\":{\"@type\":\"ImageObject\",\"inLanguage\":\"it-IT\",\"@id\":\"https:\\\/\\\/archiviocassano.lavocedelpaese.info\\\/#\\\/schema\\\/logo\\\/image\\\/\",\"url\":\"https:\\\/\\\/archiviocassano.lavocedelpaese.info\\\/wp-content\\\/uploads\\\/2024\\\/08\\\/logo-rosso-2.png\",\"contentUrl\":\"https:\\\/\\\/archiviocassano.lavocedelpaese.info\\\/wp-content\\\/uploads\\\/2024\\\/08\\\/logo-rosso-2.png\",\"width\":491,\"height\":432,\"caption\":\"Archivio CassanoWeb\"},\"image\":{\"@id\":\"https:\\\/\\\/archiviocassano.lavocedelpaese.info\\\/#\\\/schema\\\/logo\\\/image\\\/\"},\"sameAs\":[\"https:\\\/\\\/www.facebook.com\\\/redazione.cassanoweb\"]},{\"@type\":\"Person\",\"@id\":\"https:\\\/\\\/archiviocassano.lavocedelpaese.info\\\/#\\\/schema\\\/person\\\/df195bc79a9b4c35127cf005f92e041b\",\"name\":\"admin\",\"image\":{\"@type\":\"ImageObject\",\"inLanguage\":\"it-IT\",\"@id\":\"https:\\\/\\\/secure.gravatar.com\\\/avatar\\\/eabba89a432e8eaa1b0207cc55f7e5340b22712b1ed80677efcf63e02ff5b235?s=96&d=mm&r=g\",\"url\":\"https:\\\/\\\/secure.gravatar.com\\\/avatar\\\/eabba89a432e8eaa1b0207cc55f7e5340b22712b1ed80677efcf63e02ff5b235?s=96&d=mm&r=g\",\"contentUrl\":\"https:\\\/\\\/secure.gravatar.com\\\/avatar\\\/eabba89a432e8eaa1b0207cc55f7e5340b22712b1ed80677efcf63e02ff5b235?s=96&d=mm&r=g\",\"caption\":\"admin\"},\"sameAs\":[\"https:\\\/\\\/archiviocassano.lavocedelpaese.info\"],\"url\":\"https:\\\/\\\/archiviocassano.lavocedelpaese.info\\\/index.php\\\/author\\\/admin_0qgz1xdp\\\/\"}]}<\/script>\n<!-- \/ Yoast SEO plugin. -->","yoast_head_json":{"title":"Un abbaglio della Giunta Di Medio che potrebbe costare caro - Archivio CassanoWeb","robots":{"index":"index","follow":"follow","max-snippet":"max-snippet:-1","max-image-preview":"max-image-preview:large","max-video-preview":"max-video-preview:-1"},"canonical":"https:\/\/archiviocassano.lavocedelpaese.info\/index.php\/2018\/02\/07\/patto-di-stabilita-un-abbaglio-della-giunta-di-medio-che-potrebbe-costare-caro-ai-cassanesi\/","og_locale":"it_IT","og_type":"article","og_title":"Un abbaglio della Giunta Di Medio che potrebbe costare caro - Archivio CassanoWeb","og_url":"https:\/\/archiviocassano.lavocedelpaese.info\/index.php\/2018\/02\/07\/patto-di-stabilita-un-abbaglio-della-giunta-di-medio-che-potrebbe-costare-caro-ai-cassanesi\/","og_site_name":"Archivio CassanoWeb","article_publisher":"https:\/\/www.facebook.com\/redazione.cassanoweb","article_published_time":"2018-02-07T07:20:03+00:00","og_image":[{"width":250,"height":250,"url":"https:\/\/archiviocassano.lavocedelpaese.info\/wp-content\/uploads\/2018\/02\/simbolo_siamo_cassano.png","type":"image\/png"}],"author":"admin","twitter_card":"summary_large_image","twitter_misc":{"Scritto da":"admin","Tempo di lettura stimato":"4 minuti"},"schema":{"@context":"https:\/\/schema.org","@graph":[{"@type":"Article","@id":"https:\/\/archiviocassano.lavocedelpaese.info\/index.php\/2018\/02\/07\/patto-di-stabilita-un-abbaglio-della-giunta-di-medio-che-potrebbe-costare-caro-ai-cassanesi\/#article","isPartOf":{"@id":"https:\/\/archiviocassano.lavocedelpaese.info\/index.php\/2018\/02\/07\/patto-di-stabilita-un-abbaglio-della-giunta-di-medio-che-potrebbe-costare-caro-ai-cassanesi\/"},"author":{"name":"admin","@id":"https:\/\/archiviocassano.lavocedelpaese.info\/#\/schema\/person\/df195bc79a9b4c35127cf005f92e041b"},"headline":"Un abbaglio della Giunta Di Medio che potrebbe costare caro","datePublished":"2018-02-07T07:20:03+00:00","mainEntityOfPage":{"@id":"https:\/\/archiviocassano.lavocedelpaese.info\/index.php\/2018\/02\/07\/patto-di-stabilita-un-abbaglio-della-giunta-di-medio-che-potrebbe-costare-caro-ai-cassanesi\/"},"wordCount":738,"commentCount":0,"publisher":{"@id":"https:\/\/archiviocassano.lavocedelpaese.info\/#organization"},"image":{"@id":"https:\/\/archiviocassano.lavocedelpaese.info\/index.php\/2018\/02\/07\/patto-di-stabilita-un-abbaglio-della-giunta-di-medio-che-potrebbe-costare-caro-ai-cassanesi\/#primaryimage"},"thumbnailUrl":"https:\/\/archiviocassano.lavocedelpaese.info\/wp-content\/uploads\/2018\/02\/simbolo_siamo_cassano.png","articleSection":["Politica"],"inLanguage":"it-IT","potentialAction":[{"@type":"CommentAction","name":"Comment","target":["https:\/\/archiviocassano.lavocedelpaese.info\/index.php\/2018\/02\/07\/patto-di-stabilita-un-abbaglio-della-giunta-di-medio-che-potrebbe-costare-caro-ai-cassanesi\/#respond"]}]},{"@type":"WebPage","@id":"https:\/\/archiviocassano.lavocedelpaese.info\/index.php\/2018\/02\/07\/patto-di-stabilita-un-abbaglio-della-giunta-di-medio-che-potrebbe-costare-caro-ai-cassanesi\/","url":"https:\/\/archiviocassano.lavocedelpaese.info\/index.php\/2018\/02\/07\/patto-di-stabilita-un-abbaglio-della-giunta-di-medio-che-potrebbe-costare-caro-ai-cassanesi\/","name":"Un abbaglio della Giunta Di Medio che potrebbe costare caro - Archivio CassanoWeb","isPartOf":{"@id":"https:\/\/archiviocassano.lavocedelpaese.info\/#website"},"primaryImageOfPage":{"@id":"https:\/\/archiviocassano.lavocedelpaese.info\/index.php\/2018\/02\/07\/patto-di-stabilita-un-abbaglio-della-giunta-di-medio-che-potrebbe-costare-caro-ai-cassanesi\/#primaryimage"},"image":{"@id":"https:\/\/archiviocassano.lavocedelpaese.info\/index.php\/2018\/02\/07\/patto-di-stabilita-un-abbaglio-della-giunta-di-medio-che-potrebbe-costare-caro-ai-cassanesi\/#primaryimage"},"thumbnailUrl":"https:\/\/archiviocassano.lavocedelpaese.info\/wp-content\/uploads\/2018\/02\/simbolo_siamo_cassano.png","datePublished":"2018-02-07T07:20:03+00:00","breadcrumb":{"@id":"https:\/\/archiviocassano.lavocedelpaese.info\/index.php\/2018\/02\/07\/patto-di-stabilita-un-abbaglio-della-giunta-di-medio-che-potrebbe-costare-caro-ai-cassanesi\/#breadcrumb"},"inLanguage":"it-IT","potentialAction":[{"@type":"ReadAction","target":["https:\/\/archiviocassano.lavocedelpaese.info\/index.php\/2018\/02\/07\/patto-di-stabilita-un-abbaglio-della-giunta-di-medio-che-potrebbe-costare-caro-ai-cassanesi\/"]}]},{"@type":"ImageObject","inLanguage":"it-IT","@id":"https:\/\/archiviocassano.lavocedelpaese.info\/index.php\/2018\/02\/07\/patto-di-stabilita-un-abbaglio-della-giunta-di-medio-che-potrebbe-costare-caro-ai-cassanesi\/#primaryimage","url":"https:\/\/archiviocassano.lavocedelpaese.info\/wp-content\/uploads\/2018\/02\/simbolo_siamo_cassano.png","contentUrl":"https:\/\/archiviocassano.lavocedelpaese.info\/wp-content\/uploads\/2018\/02\/simbolo_siamo_cassano.png","width":250,"height":250,"caption":"simbolo siamo cassano"},{"@type":"BreadcrumbList","@id":"https:\/\/archiviocassano.lavocedelpaese.info\/index.php\/2018\/02\/07\/patto-di-stabilita-un-abbaglio-della-giunta-di-medio-che-potrebbe-costare-caro-ai-cassanesi\/#breadcrumb","itemListElement":[{"@type":"ListItem","position":1,"name":"Home","item":"https:\/\/archiviocassano.lavocedelpaese.info\/"},{"@type":"ListItem","position":2,"name":"Un abbaglio della Giunta Di Medio che potrebbe costare caro"}]},{"@type":"WebSite","@id":"https:\/\/archiviocassano.lavocedelpaese.info\/#website","url":"https:\/\/archiviocassano.lavocedelpaese.info\/","name":"Archivio CassanoWeb","description":"La Voce del Paese - un network di idee","publisher":{"@id":"https:\/\/archiviocassano.lavocedelpaese.info\/#organization"},"potentialAction":[{"@type":"SearchAction","target":{"@type":"EntryPoint","urlTemplate":"https:\/\/archiviocassano.lavocedelpaese.info\/?s={search_term_string}"},"query-input":{"@type":"PropertyValueSpecification","valueRequired":true,"valueName":"search_term_string"}}],"inLanguage":"it-IT"},{"@type":"Organization","@id":"https:\/\/archiviocassano.lavocedelpaese.info\/#organization","name":"Archivio CassanoWeb","url":"https:\/\/archiviocassano.lavocedelpaese.info\/","logo":{"@type":"ImageObject","inLanguage":"it-IT","@id":"https:\/\/archiviocassano.lavocedelpaese.info\/#\/schema\/logo\/image\/","url":"https:\/\/archiviocassano.lavocedelpaese.info\/wp-content\/uploads\/2024\/08\/logo-rosso-2.png","contentUrl":"https:\/\/archiviocassano.lavocedelpaese.info\/wp-content\/uploads\/2024\/08\/logo-rosso-2.png","width":491,"height":432,"caption":"Archivio CassanoWeb"},"image":{"@id":"https:\/\/archiviocassano.lavocedelpaese.info\/#\/schema\/logo\/image\/"},"sameAs":["https:\/\/www.facebook.com\/redazione.cassanoweb"]},{"@type":"Person","@id":"https:\/\/archiviocassano.lavocedelpaese.info\/#\/schema\/person\/df195bc79a9b4c35127cf005f92e041b","name":"admin","image":{"@type":"ImageObject","inLanguage":"it-IT","@id":"https:\/\/secure.gravatar.com\/avatar\/eabba89a432e8eaa1b0207cc55f7e5340b22712b1ed80677efcf63e02ff5b235?s=96&d=mm&r=g","url":"https:\/\/secure.gravatar.com\/avatar\/eabba89a432e8eaa1b0207cc55f7e5340b22712b1ed80677efcf63e02ff5b235?s=96&d=mm&r=g","contentUrl":"https:\/\/secure.gravatar.com\/avatar\/eabba89a432e8eaa1b0207cc55f7e5340b22712b1ed80677efcf63e02ff5b235?s=96&d=mm&r=g","caption":"admin"},"sameAs":["https:\/\/archiviocassano.lavocedelpaese.info"],"url":"https:\/\/archiviocassano.lavocedelpaese.info\/index.php\/author\/admin_0qgz1xdp\/"}]}},"_links":{"self":[{"href":"https:\/\/archiviocassano.lavocedelpaese.info\/index.php\/wp-json\/wp\/v2\/posts\/15475","targetHints":{"allow":["GET"]}}],"collection":[{"href":"https:\/\/archiviocassano.lavocedelpaese.info\/index.php\/wp-json\/wp\/v2\/posts"}],"about":[{"href":"https:\/\/archiviocassano.lavocedelpaese.info\/index.php\/wp-json\/wp\/v2\/types\/post"}],"author":[{"embeddable":true,"href":"https:\/\/archiviocassano.lavocedelpaese.info\/index.php\/wp-json\/wp\/v2\/users\/1"}],"replies":[{"embeddable":true,"href":"https:\/\/archiviocassano.lavocedelpaese.info\/index.php\/wp-json\/wp\/v2\/comments?post=15475"}],"version-history":[{"count":0,"href":"https:\/\/archiviocassano.lavocedelpaese.info\/index.php\/wp-json\/wp\/v2\/posts\/15475\/revisions"}],"wp:featuredmedia":[{"embeddable":true,"href":"https:\/\/archiviocassano.lavocedelpaese.info\/index.php\/wp-json\/wp\/v2\/media\/15474"}],"wp:attachment":[{"href":"https:\/\/archiviocassano.lavocedelpaese.info\/index.php\/wp-json\/wp\/v2\/media?parent=15475"}],"wp:term":[{"taxonomy":"category","embeddable":true,"href":"https:\/\/archiviocassano.lavocedelpaese.info\/index.php\/wp-json\/wp\/v2\/categories?post=15475"},{"taxonomy":"post_tag","embeddable":true,"href":"https:\/\/archiviocassano.lavocedelpaese.info\/index.php\/wp-json\/wp\/v2\/tags?post=15475"}],"curies":[{"name":"wp","href":"https:\/\/api.w.org\/{rel}","templated":true}]}}