{"id":15513,"date":"2018-02-12T14:55:47","date_gmt":"2018-02-12T14:55:47","guid":{"rendered":"https:\/\/archiviocassano.lavocedelpaese.info\/index.php\/2018\/02\/12\/il-vicesindaco-replica-alle-accuse-delle-moniranze\/"},"modified":"2018-02-12T14:55:47","modified_gmt":"2018-02-12T14:55:47","slug":"il-vicesindaco-replica-alle-accuse-delle-moniranze","status":"publish","type":"post","link":"https:\/\/archiviocassano.lavocedelpaese.info\/index.php\/2018\/02\/12\/il-vicesindaco-replica-alle-accuse-delle-moniranze\/","title":{"rendered":"Il vicesindaco Giustino attacca Zullo: &#8220;ma quale patatrac&#8230;&#8221;."},"content":{"rendered":"<p><img loading=\"lazy\" decoding=\"async\" class=\" size-full wp-image-15512\" src=\"https:\/\/archiviocassano.lavocedelpaese.info\/wp-content\/uploads\/2018\/02\/18446728_1284174715029077_2059455997522012652_n-iloveimg-cropped.png\" width=\"320\" height=\"150\" alt=\"18446728 1284174715029077 2059455997522012652 n-iloveimg-cropped\" style=\"margin-right: 2px; margin-left: 2px;\" \/><\/p>\n<p><!--more--><\/p>\n<p>&nbsp;<em>Dal vice sindaco Angelo Giustino, riceviamo e pubblichiamo.<\/em><\/p>\n<p>&nbsp;<\/p>\n<p><strong>Castelli di sabbia e piedistalli di cartone<\/strong><\/p>\n<p>Da qualche tempo assistiamo al pi\u00f9 bieco spettacolo di cabaret politico.<\/p>\n<p>Un sordido modo di fare politica inscenato da una parte delle opposizioni.<\/p>\n<p>Puro terrorismo mediatico, con il quale si vorrebbe far passare il concetto che l\u2019Amministrazione comunale possa aver cagionato all\u2019Ente un danno di proporzioni colossali.<\/p>\n<p>In realt\u00e0 <strong>di colossale c\u2019\u00e8 solo la loro bufala<\/strong> questa, come le tante altre che in questi giorni stanno circolando sul web.<\/p>\n<p>Inutile dire che con le Delibere di Giunta Comunale nn. 5 e 8 del 2018 \u00e8 stata CORRETTAMENTE azionata una procedura cautelativa che, venendo meno le necessit\u00e0, \u00e8 stata poi revocata.<\/p>\n<p>Addirittura, edificando inconsistenti castelli di sabbia si \u00e8 arrivati ad ipotizzare per il Comune di Cassano delle Murge il \u201cpatatrac\u201d, nientemeno hanno ipotizzato \u201c<strong>una modifica peggiorativa dell\u2019obiettivo di saldo finale di competenza per un importo pari a \u20ac. 630.511,27. [&#8230;<\/strong>] la capacit\u00e0 di spesa del nostro Comune si ridurr\u00e0 di oltre 630 mila euro e Cassano andr\u00e0 sempre pi\u00f9 a fondo\u201d.<\/p>\n<p><strong>CHIACCHIERE, sempre e solo chiacchiere, le stesse che da maggio 2017 continuano a somministrare.<\/strong><\/p>\n<p>Ai soliti <strong>GUFI<\/strong> che, certamente non hanno a cuore le sorti del Nostro Paese ma, evidentemente, soltanto la loro visibilit\u00e0 per fini elettorali, si rispediscono al mittente le inutili quanto insussistenti accuse.<\/p>\n<p>Anche questa volta, il loro vaticinio ha fatto \u201cflop\u201d ed il <strong>MEF ha FORMALMENTE accettato la revoca per Cassano e per tutti gli altri comuni italiani che ne avevano fatto richiesta NEI TERMINI, senza sanzioni e senza penalit\u00e0<\/strong>.<\/p>\n<p><strong>Tante volte studiare ed approfondire eviterebbe figuracce e strafalcioni<\/strong> che incentivano quella tensione sociale che Noi ci siamo posti l\u2019obiettivo di contrastare.<\/p>\n<p>Bufale studiate ad arte per adombrare un governo cittadino che, <strong>senza selfie e senza clamore,<\/strong> sta lavorando per il futuro di Cassano.<\/p>\n<p>Agli stessi oppositori che dicono di non vedere in Comune gli amministratori, consiglio di scendere dal piedistallo di cartone che si sono costruiti.<\/p>\n<p>Tornate al livello di noi comuni cittadini, frequentate il Palazzo di Citt\u00e0, entrate negli uffici e l\u00ec ci troverete a lavorare.<\/p>\n<p>Ovviamente, sino a quando in Comune arriveranno delegati e segretari difficilmente saranno comprese le difficolt\u00e0 in cui versa l\u2019Ente e men che meno il lavoro svolto da TUTTA la squadra.<\/p>\n<p>Ricordo agli stessi che cambiare idea e revocare atti approvati \u00e8 sintomo di saggezza, esercizio di studio ed approfondimento e non di inefficienza.<\/p>\n<p>Alla stessa opposizione, tanto presente sul web e poco tra i cittadini occorrerebbe spiegare la storia recente di Cassano perch\u00e9 <strong>pare che in questo comune non abbiano mai abitato<\/strong>.<\/p>\n<p>Al Capogruppo Catucci, che solo con il comunicato del 06.02.2018 si \u00e8 resa conto che il \u201c<strong>Centro Medico degli Istituti Maugeri\u201d<\/strong> \u00e8 un <strong>\u201cpolmone economico della nostra cittadina\u201d<\/strong> occorre evidentemente ricordare che il Suo collega di opposizione, negli ultimi 4 anni, pur rivestendo un ruolo preminente in Regione mai una parola ha speso contro il trasferimento a Bari dell\u2019Istituto.<\/p>\n<p>L\u2019Amministrazione Di Medio sta lavorando alacremente per scongiurare un trasferimento cercando di colmare un vuoto politico di 4 lunghi anni.<\/p>\n<p>Questa Amministrazione \u00e8 pronta a fare qualsiasi cosa pur di salvare il salvabile e siamo pronti ad esibire ogni documento che lo attesti.<\/p>\n<p>Allo stesso tempo saremmo ben lieti di leggere ogni tipo di interpellanza, interrogazione, mozione in sede regionale che attesti la vostra sensibilit\u00e0 al tema.<\/p>\n<p>In assenza, evidentemente, anche questa Vostra palesata sensibilit\u00e0 al tema dovr\u00e0 essere classificata come strumentale e di facciata.<\/p>\n<p>NON si pu\u00f2 essere sensibili al Maugeri in Consiglio Comunale e completamente assenti in Consiglio Regionale.<\/p>\n<p>NON si pu\u00f2 considerare il Maugeri un \u201cpolmone economico\u201d in Consiglio Comunale e IGNORARLO completamente in Consiglio Regionale.<\/p>\n<p>NON ci si si pu\u00f2 occupare della chiusura del reparto di Pediatria del Miulli di Acquaviva delle Fonti senza per\u00f2 spendere mezza parola sul trasferimento del Maugeri di Cassano delle Murge.<\/p>\n<p><strong>Questo \u00e8 il NULLA<\/strong>, non altro.<\/p>\n<p align=\"center\">Il Vice Sindaco<\/p>\n<p align=\"center\">Angelo Giustino<\/p>\n<p>&nbsp;<\/p>\n","protected":false},"excerpt":{"rendered":"","protected":false},"author":1,"featured_media":15512,"comment_status":"open","ping_status":"closed","sticky":false,"template":"","format":"standard","meta":{"colormag_page_container_layout":"default_layout","colormag_page_sidebar_layout":"default_layout","footnotes":""},"categories":[9],"tags":[],"class_list":["post-15513","post","type-post","status-publish","format-standard","has-post-thumbnail","hentry","category-la-voce-del-paese"],"yoast_head":"<!-- This site is optimized with the Yoast SEO plugin v27.5 - https:\/\/yoast.com\/product\/yoast-seo-wordpress\/ -->\n<title>Il vicesindaco Giustino attacca Zullo: &quot;ma quale patatrac...&quot;. - Archivio CassanoWeb<\/title>\n<meta name=\"robots\" content=\"index, follow, max-snippet:-1, max-image-preview:large, max-video-preview:-1\" \/>\n<link rel=\"canonical\" href=\"https:\/\/archiviocassano.lavocedelpaese.info\/index.php\/2018\/02\/12\/il-vicesindaco-replica-alle-accuse-delle-moniranze\/\" \/>\n<meta property=\"og:locale\" content=\"it_IT\" \/>\n<meta property=\"og:type\" content=\"article\" \/>\n<meta property=\"og:title\" content=\"Il vicesindaco Giustino attacca Zullo: &quot;ma quale patatrac...&quot;. - Archivio CassanoWeb\" \/>\n<meta property=\"og:url\" content=\"https:\/\/archiviocassano.lavocedelpaese.info\/index.php\/2018\/02\/12\/il-vicesindaco-replica-alle-accuse-delle-moniranze\/\" \/>\n<meta property=\"og:site_name\" content=\"Archivio CassanoWeb\" \/>\n<meta property=\"article:publisher\" content=\"https:\/\/www.facebook.com\/redazione.cassanoweb\" \/>\n<meta property=\"article:published_time\" content=\"2018-02-12T14:55:47+00:00\" \/>\n<meta property=\"og:image\" content=\"https:\/\/archiviocassano.lavocedelpaese.info\/wp-content\/uploads\/2018\/02\/18446728_1284174715029077_2059455997522012652_n-iloveimg-cropped.png\" \/>\n\t<meta property=\"og:image:width\" content=\"360\" \/>\n\t<meta property=\"og:image:height\" content=\"248\" \/>\n\t<meta property=\"og:image:type\" content=\"image\/png\" \/>\n<meta name=\"author\" content=\"admin\" \/>\n<meta name=\"twitter:card\" content=\"summary_large_image\" \/>\n<meta name=\"twitter:label1\" content=\"Scritto da\" \/>\n\t<meta name=\"twitter:data1\" content=\"admin\" \/>\n\t<meta name=\"twitter:label2\" content=\"Tempo di lettura stimato\" \/>\n\t<meta name=\"twitter:data2\" content=\"3 minuti\" \/>\n<script type=\"application\/ld+json\" class=\"yoast-schema-graph\">{\"@context\":\"https:\\\/\\\/schema.org\",\"@graph\":[{\"@type\":\"Article\",\"@id\":\"https:\\\/\\\/archiviocassano.lavocedelpaese.info\\\/index.php\\\/2018\\\/02\\\/12\\\/il-vicesindaco-replica-alle-accuse-delle-moniranze\\\/#article\",\"isPartOf\":{\"@id\":\"https:\\\/\\\/archiviocassano.lavocedelpaese.info\\\/index.php\\\/2018\\\/02\\\/12\\\/il-vicesindaco-replica-alle-accuse-delle-moniranze\\\/\"},\"author\":{\"name\":\"admin\",\"@id\":\"https:\\\/\\\/archiviocassano.lavocedelpaese.info\\\/#\\\/schema\\\/person\\\/df195bc79a9b4c35127cf005f92e041b\"},\"headline\":\"Il vicesindaco Giustino attacca Zullo: &#8220;ma quale patatrac&#8230;&#8221;.\",\"datePublished\":\"2018-02-12T14:55:47+00:00\",\"mainEntityOfPage\":{\"@id\":\"https:\\\/\\\/archiviocassano.lavocedelpaese.info\\\/index.php\\\/2018\\\/02\\\/12\\\/il-vicesindaco-replica-alle-accuse-delle-moniranze\\\/\"},\"wordCount\":649,\"commentCount\":0,\"publisher\":{\"@id\":\"https:\\\/\\\/archiviocassano.lavocedelpaese.info\\\/#organization\"},\"image\":{\"@id\":\"https:\\\/\\\/archiviocassano.lavocedelpaese.info\\\/index.php\\\/2018\\\/02\\\/12\\\/il-vicesindaco-replica-alle-accuse-delle-moniranze\\\/#primaryimage\"},\"thumbnailUrl\":\"https:\\\/\\\/archiviocassano.lavocedelpaese.info\\\/wp-content\\\/uploads\\\/2018\\\/02\\\/18446728_1284174715029077_2059455997522012652_n-iloveimg-cropped.png\",\"articleSection\":[\"La voce del paese\"],\"inLanguage\":\"it-IT\",\"potentialAction\":[{\"@type\":\"CommentAction\",\"name\":\"Comment\",\"target\":[\"https:\\\/\\\/archiviocassano.lavocedelpaese.info\\\/index.php\\\/2018\\\/02\\\/12\\\/il-vicesindaco-replica-alle-accuse-delle-moniranze\\\/#respond\"]}]},{\"@type\":\"WebPage\",\"@id\":\"https:\\\/\\\/archiviocassano.lavocedelpaese.info\\\/index.php\\\/2018\\\/02\\\/12\\\/il-vicesindaco-replica-alle-accuse-delle-moniranze\\\/\",\"url\":\"https:\\\/\\\/archiviocassano.lavocedelpaese.info\\\/index.php\\\/2018\\\/02\\\/12\\\/il-vicesindaco-replica-alle-accuse-delle-moniranze\\\/\",\"name\":\"Il vicesindaco Giustino attacca Zullo: \\\"ma quale patatrac...\\\". - Archivio CassanoWeb\",\"isPartOf\":{\"@id\":\"https:\\\/\\\/archiviocassano.lavocedelpaese.info\\\/#website\"},\"primaryImageOfPage\":{\"@id\":\"https:\\\/\\\/archiviocassano.lavocedelpaese.info\\\/index.php\\\/2018\\\/02\\\/12\\\/il-vicesindaco-replica-alle-accuse-delle-moniranze\\\/#primaryimage\"},\"image\":{\"@id\":\"https:\\\/\\\/archiviocassano.lavocedelpaese.info\\\/index.php\\\/2018\\\/02\\\/12\\\/il-vicesindaco-replica-alle-accuse-delle-moniranze\\\/#primaryimage\"},\"thumbnailUrl\":\"https:\\\/\\\/archiviocassano.lavocedelpaese.info\\\/wp-content\\\/uploads\\\/2018\\\/02\\\/18446728_1284174715029077_2059455997522012652_n-iloveimg-cropped.png\",\"datePublished\":\"2018-02-12T14:55:47+00:00\",\"breadcrumb\":{\"@id\":\"https:\\\/\\\/archiviocassano.lavocedelpaese.info\\\/index.php\\\/2018\\\/02\\\/12\\\/il-vicesindaco-replica-alle-accuse-delle-moniranze\\\/#breadcrumb\"},\"inLanguage\":\"it-IT\",\"potentialAction\":[{\"@type\":\"ReadAction\",\"target\":[\"https:\\\/\\\/archiviocassano.lavocedelpaese.info\\\/index.php\\\/2018\\\/02\\\/12\\\/il-vicesindaco-replica-alle-accuse-delle-moniranze\\\/\"]}]},{\"@type\":\"ImageObject\",\"inLanguage\":\"it-IT\",\"@id\":\"https:\\\/\\\/archiviocassano.lavocedelpaese.info\\\/index.php\\\/2018\\\/02\\\/12\\\/il-vicesindaco-replica-alle-accuse-delle-moniranze\\\/#primaryimage\",\"url\":\"https:\\\/\\\/archiviocassano.lavocedelpaese.info\\\/wp-content\\\/uploads\\\/2018\\\/02\\\/18446728_1284174715029077_2059455997522012652_n-iloveimg-cropped.png\",\"contentUrl\":\"https:\\\/\\\/archiviocassano.lavocedelpaese.info\\\/wp-content\\\/uploads\\\/2018\\\/02\\\/18446728_1284174715029077_2059455997522012652_n-iloveimg-cropped.png\",\"width\":360,\"height\":248,\"caption\":\"18446728 1284174715029077 2059455997522012652 n-iloveimg-cropped\"},{\"@type\":\"BreadcrumbList\",\"@id\":\"https:\\\/\\\/archiviocassano.lavocedelpaese.info\\\/index.php\\\/2018\\\/02\\\/12\\\/il-vicesindaco-replica-alle-accuse-delle-moniranze\\\/#breadcrumb\",\"itemListElement\":[{\"@type\":\"ListItem\",\"position\":1,\"name\":\"Home\",\"item\":\"https:\\\/\\\/archiviocassano.lavocedelpaese.info\\\/\"},{\"@type\":\"ListItem\",\"position\":2,\"name\":\"Il vicesindaco Giustino attacca Zullo: &#8220;ma quale patatrac&#8230;&#8221;.\"}]},{\"@type\":\"WebSite\",\"@id\":\"https:\\\/\\\/archiviocassano.lavocedelpaese.info\\\/#website\",\"url\":\"https:\\\/\\\/archiviocassano.lavocedelpaese.info\\\/\",\"name\":\"Archivio CassanoWeb\",\"description\":\"La Voce del Paese - un network di idee\",\"publisher\":{\"@id\":\"https:\\\/\\\/archiviocassano.lavocedelpaese.info\\\/#organization\"},\"potentialAction\":[{\"@type\":\"SearchAction\",\"target\":{\"@type\":\"EntryPoint\",\"urlTemplate\":\"https:\\\/\\\/archiviocassano.lavocedelpaese.info\\\/?s={search_term_string}\"},\"query-input\":{\"@type\":\"PropertyValueSpecification\",\"valueRequired\":true,\"valueName\":\"search_term_string\"}}],\"inLanguage\":\"it-IT\"},{\"@type\":\"Organization\",\"@id\":\"https:\\\/\\\/archiviocassano.lavocedelpaese.info\\\/#organization\",\"name\":\"Archivio CassanoWeb\",\"url\":\"https:\\\/\\\/archiviocassano.lavocedelpaese.info\\\/\",\"logo\":{\"@type\":\"ImageObject\",\"inLanguage\":\"it-IT\",\"@id\":\"https:\\\/\\\/archiviocassano.lavocedelpaese.info\\\/#\\\/schema\\\/logo\\\/image\\\/\",\"url\":\"https:\\\/\\\/archiviocassano.lavocedelpaese.info\\\/wp-content\\\/uploads\\\/2024\\\/08\\\/logo-rosso-2.png\",\"contentUrl\":\"https:\\\/\\\/archiviocassano.lavocedelpaese.info\\\/wp-content\\\/uploads\\\/2024\\\/08\\\/logo-rosso-2.png\",\"width\":491,\"height\":432,\"caption\":\"Archivio CassanoWeb\"},\"image\":{\"@id\":\"https:\\\/\\\/archiviocassano.lavocedelpaese.info\\\/#\\\/schema\\\/logo\\\/image\\\/\"},\"sameAs\":[\"https:\\\/\\\/www.facebook.com\\\/redazione.cassanoweb\"]},{\"@type\":\"Person\",\"@id\":\"https:\\\/\\\/archiviocassano.lavocedelpaese.info\\\/#\\\/schema\\\/person\\\/df195bc79a9b4c35127cf005f92e041b\",\"name\":\"admin\",\"image\":{\"@type\":\"ImageObject\",\"inLanguage\":\"it-IT\",\"@id\":\"https:\\\/\\\/secure.gravatar.com\\\/avatar\\\/eabba89a432e8eaa1b0207cc55f7e5340b22712b1ed80677efcf63e02ff5b235?s=96&d=mm&r=g\",\"url\":\"https:\\\/\\\/secure.gravatar.com\\\/avatar\\\/eabba89a432e8eaa1b0207cc55f7e5340b22712b1ed80677efcf63e02ff5b235?s=96&d=mm&r=g\",\"contentUrl\":\"https:\\\/\\\/secure.gravatar.com\\\/avatar\\\/eabba89a432e8eaa1b0207cc55f7e5340b22712b1ed80677efcf63e02ff5b235?s=96&d=mm&r=g\",\"caption\":\"admin\"},\"sameAs\":[\"https:\\\/\\\/archiviocassano.lavocedelpaese.info\"],\"url\":\"https:\\\/\\\/archiviocassano.lavocedelpaese.info\\\/index.php\\\/author\\\/admin_0qgz1xdp\\\/\"}]}<\/script>\n<!-- \/ Yoast SEO plugin. -->","yoast_head_json":{"title":"Il vicesindaco Giustino attacca Zullo: \"ma quale patatrac...\". - Archivio CassanoWeb","robots":{"index":"index","follow":"follow","max-snippet":"max-snippet:-1","max-image-preview":"max-image-preview:large","max-video-preview":"max-video-preview:-1"},"canonical":"https:\/\/archiviocassano.lavocedelpaese.info\/index.php\/2018\/02\/12\/il-vicesindaco-replica-alle-accuse-delle-moniranze\/","og_locale":"it_IT","og_type":"article","og_title":"Il vicesindaco Giustino attacca Zullo: \"ma quale patatrac...\". - Archivio CassanoWeb","og_url":"https:\/\/archiviocassano.lavocedelpaese.info\/index.php\/2018\/02\/12\/il-vicesindaco-replica-alle-accuse-delle-moniranze\/","og_site_name":"Archivio CassanoWeb","article_publisher":"https:\/\/www.facebook.com\/redazione.cassanoweb","article_published_time":"2018-02-12T14:55:47+00:00","og_image":[{"width":360,"height":248,"url":"https:\/\/archiviocassano.lavocedelpaese.info\/wp-content\/uploads\/2018\/02\/18446728_1284174715029077_2059455997522012652_n-iloveimg-cropped.png","type":"image\/png"}],"author":"admin","twitter_card":"summary_large_image","twitter_misc":{"Scritto da":"admin","Tempo di lettura stimato":"3 minuti"},"schema":{"@context":"https:\/\/schema.org","@graph":[{"@type":"Article","@id":"https:\/\/archiviocassano.lavocedelpaese.info\/index.php\/2018\/02\/12\/il-vicesindaco-replica-alle-accuse-delle-moniranze\/#article","isPartOf":{"@id":"https:\/\/archiviocassano.lavocedelpaese.info\/index.php\/2018\/02\/12\/il-vicesindaco-replica-alle-accuse-delle-moniranze\/"},"author":{"name":"admin","@id":"https:\/\/archiviocassano.lavocedelpaese.info\/#\/schema\/person\/df195bc79a9b4c35127cf005f92e041b"},"headline":"Il vicesindaco Giustino attacca Zullo: &#8220;ma quale patatrac&#8230;&#8221;.","datePublished":"2018-02-12T14:55:47+00:00","mainEntityOfPage":{"@id":"https:\/\/archiviocassano.lavocedelpaese.info\/index.php\/2018\/02\/12\/il-vicesindaco-replica-alle-accuse-delle-moniranze\/"},"wordCount":649,"commentCount":0,"publisher":{"@id":"https:\/\/archiviocassano.lavocedelpaese.info\/#organization"},"image":{"@id":"https:\/\/archiviocassano.lavocedelpaese.info\/index.php\/2018\/02\/12\/il-vicesindaco-replica-alle-accuse-delle-moniranze\/#primaryimage"},"thumbnailUrl":"https:\/\/archiviocassano.lavocedelpaese.info\/wp-content\/uploads\/2018\/02\/18446728_1284174715029077_2059455997522012652_n-iloveimg-cropped.png","articleSection":["La voce del paese"],"inLanguage":"it-IT","potentialAction":[{"@type":"CommentAction","name":"Comment","target":["https:\/\/archiviocassano.lavocedelpaese.info\/index.php\/2018\/02\/12\/il-vicesindaco-replica-alle-accuse-delle-moniranze\/#respond"]}]},{"@type":"WebPage","@id":"https:\/\/archiviocassano.lavocedelpaese.info\/index.php\/2018\/02\/12\/il-vicesindaco-replica-alle-accuse-delle-moniranze\/","url":"https:\/\/archiviocassano.lavocedelpaese.info\/index.php\/2018\/02\/12\/il-vicesindaco-replica-alle-accuse-delle-moniranze\/","name":"Il vicesindaco Giustino attacca Zullo: \"ma quale patatrac...\". - Archivio CassanoWeb","isPartOf":{"@id":"https:\/\/archiviocassano.lavocedelpaese.info\/#website"},"primaryImageOfPage":{"@id":"https:\/\/archiviocassano.lavocedelpaese.info\/index.php\/2018\/02\/12\/il-vicesindaco-replica-alle-accuse-delle-moniranze\/#primaryimage"},"image":{"@id":"https:\/\/archiviocassano.lavocedelpaese.info\/index.php\/2018\/02\/12\/il-vicesindaco-replica-alle-accuse-delle-moniranze\/#primaryimage"},"thumbnailUrl":"https:\/\/archiviocassano.lavocedelpaese.info\/wp-content\/uploads\/2018\/02\/18446728_1284174715029077_2059455997522012652_n-iloveimg-cropped.png","datePublished":"2018-02-12T14:55:47+00:00","breadcrumb":{"@id":"https:\/\/archiviocassano.lavocedelpaese.info\/index.php\/2018\/02\/12\/il-vicesindaco-replica-alle-accuse-delle-moniranze\/#breadcrumb"},"inLanguage":"it-IT","potentialAction":[{"@type":"ReadAction","target":["https:\/\/archiviocassano.lavocedelpaese.info\/index.php\/2018\/02\/12\/il-vicesindaco-replica-alle-accuse-delle-moniranze\/"]}]},{"@type":"ImageObject","inLanguage":"it-IT","@id":"https:\/\/archiviocassano.lavocedelpaese.info\/index.php\/2018\/02\/12\/il-vicesindaco-replica-alle-accuse-delle-moniranze\/#primaryimage","url":"https:\/\/archiviocassano.lavocedelpaese.info\/wp-content\/uploads\/2018\/02\/18446728_1284174715029077_2059455997522012652_n-iloveimg-cropped.png","contentUrl":"https:\/\/archiviocassano.lavocedelpaese.info\/wp-content\/uploads\/2018\/02\/18446728_1284174715029077_2059455997522012652_n-iloveimg-cropped.png","width":360,"height":248,"caption":"18446728 1284174715029077 2059455997522012652 n-iloveimg-cropped"},{"@type":"BreadcrumbList","@id":"https:\/\/archiviocassano.lavocedelpaese.info\/index.php\/2018\/02\/12\/il-vicesindaco-replica-alle-accuse-delle-moniranze\/#breadcrumb","itemListElement":[{"@type":"ListItem","position":1,"name":"Home","item":"https:\/\/archiviocassano.lavocedelpaese.info\/"},{"@type":"ListItem","position":2,"name":"Il vicesindaco Giustino attacca Zullo: &#8220;ma quale patatrac&#8230;&#8221;."}]},{"@type":"WebSite","@id":"https:\/\/archiviocassano.lavocedelpaese.info\/#website","url":"https:\/\/archiviocassano.lavocedelpaese.info\/","name":"Archivio CassanoWeb","description":"La Voce del Paese - un network di idee","publisher":{"@id":"https:\/\/archiviocassano.lavocedelpaese.info\/#organization"},"potentialAction":[{"@type":"SearchAction","target":{"@type":"EntryPoint","urlTemplate":"https:\/\/archiviocassano.lavocedelpaese.info\/?s={search_term_string}"},"query-input":{"@type":"PropertyValueSpecification","valueRequired":true,"valueName":"search_term_string"}}],"inLanguage":"it-IT"},{"@type":"Organization","@id":"https:\/\/archiviocassano.lavocedelpaese.info\/#organization","name":"Archivio CassanoWeb","url":"https:\/\/archiviocassano.lavocedelpaese.info\/","logo":{"@type":"ImageObject","inLanguage":"it-IT","@id":"https:\/\/archiviocassano.lavocedelpaese.info\/#\/schema\/logo\/image\/","url":"https:\/\/archiviocassano.lavocedelpaese.info\/wp-content\/uploads\/2024\/08\/logo-rosso-2.png","contentUrl":"https:\/\/archiviocassano.lavocedelpaese.info\/wp-content\/uploads\/2024\/08\/logo-rosso-2.png","width":491,"height":432,"caption":"Archivio CassanoWeb"},"image":{"@id":"https:\/\/archiviocassano.lavocedelpaese.info\/#\/schema\/logo\/image\/"},"sameAs":["https:\/\/www.facebook.com\/redazione.cassanoweb"]},{"@type":"Person","@id":"https:\/\/archiviocassano.lavocedelpaese.info\/#\/schema\/person\/df195bc79a9b4c35127cf005f92e041b","name":"admin","image":{"@type":"ImageObject","inLanguage":"it-IT","@id":"https:\/\/secure.gravatar.com\/avatar\/eabba89a432e8eaa1b0207cc55f7e5340b22712b1ed80677efcf63e02ff5b235?s=96&d=mm&r=g","url":"https:\/\/secure.gravatar.com\/avatar\/eabba89a432e8eaa1b0207cc55f7e5340b22712b1ed80677efcf63e02ff5b235?s=96&d=mm&r=g","contentUrl":"https:\/\/secure.gravatar.com\/avatar\/eabba89a432e8eaa1b0207cc55f7e5340b22712b1ed80677efcf63e02ff5b235?s=96&d=mm&r=g","caption":"admin"},"sameAs":["https:\/\/archiviocassano.lavocedelpaese.info"],"url":"https:\/\/archiviocassano.lavocedelpaese.info\/index.php\/author\/admin_0qgz1xdp\/"}]}},"_links":{"self":[{"href":"https:\/\/archiviocassano.lavocedelpaese.info\/index.php\/wp-json\/wp\/v2\/posts\/15513","targetHints":{"allow":["GET"]}}],"collection":[{"href":"https:\/\/archiviocassano.lavocedelpaese.info\/index.php\/wp-json\/wp\/v2\/posts"}],"about":[{"href":"https:\/\/archiviocassano.lavocedelpaese.info\/index.php\/wp-json\/wp\/v2\/types\/post"}],"author":[{"embeddable":true,"href":"https:\/\/archiviocassano.lavocedelpaese.info\/index.php\/wp-json\/wp\/v2\/users\/1"}],"replies":[{"embeddable":true,"href":"https:\/\/archiviocassano.lavocedelpaese.info\/index.php\/wp-json\/wp\/v2\/comments?post=15513"}],"version-history":[{"count":0,"href":"https:\/\/archiviocassano.lavocedelpaese.info\/index.php\/wp-json\/wp\/v2\/posts\/15513\/revisions"}],"wp:featuredmedia":[{"embeddable":true,"href":"https:\/\/archiviocassano.lavocedelpaese.info\/index.php\/wp-json\/wp\/v2\/media\/15512"}],"wp:attachment":[{"href":"https:\/\/archiviocassano.lavocedelpaese.info\/index.php\/wp-json\/wp\/v2\/media?parent=15513"}],"wp:term":[{"taxonomy":"category","embeddable":true,"href":"https:\/\/archiviocassano.lavocedelpaese.info\/index.php\/wp-json\/wp\/v2\/categories?post=15513"},{"taxonomy":"post_tag","embeddable":true,"href":"https:\/\/archiviocassano.lavocedelpaese.info\/index.php\/wp-json\/wp\/v2\/tags?post=15513"}],"curies":[{"name":"wp","href":"https:\/\/api.w.org\/{rel}","templated":true}]}}