{"id":15517,"date":"2018-02-13T06:57:14","date_gmt":"2018-02-13T06:57:14","guid":{"rendered":"https:\/\/archiviocassano.lavocedelpaese.info\/index.php\/2018\/02\/13\/fine-settimana-nel\/"},"modified":"2018-02-13T06:57:14","modified_gmt":"2018-02-13T06:57:14","slug":"fine-settimana-nel","status":"publish","type":"post","link":"https:\/\/archiviocassano.lavocedelpaese.info\/index.php\/2018\/02\/13\/fine-settimana-nel\/","title":{"rendered":"Fine settimana nel Parco Naturale delle Serre"},"content":{"rendered":"<p><img loading=\"lazy\" decoding=\"async\" class=\" size-full wp-image-15516\" src=\"https:\/\/archiviocassano.lavocedelpaese.info\/wp-content\/uploads\/2018\/02\/locandina-iloveimg-cropped_copy.jpg\" alt=\"locandina-iloveimg-cropped copy\" style=\"margin-right: 2px; margin-left: 2px;\" height=\"150\" width=\"320\" \/><\/p>\n<p><!--more--><\/p>\n<p>Dopo la bellissima giornata trascorsa con gli amici di Puglia Trekking, ospiti a Cassano domenica 11 febbraio, abbiamo deciso, come gruppo Murgia Trekking &amp; More, di partecipare con loro a questa bellissima iniziativa e naturalmente non potevamo non condividerla con tutti voi.<\/p>\n<div>Ci aspettano dei posti molto interessanti, tra cui la pi\u00f9 alta cascata dell&#8217;appennino meridionale, ben 114 metri, addirittura riconosciuta nel 2011 meraviglia italiana.<\/div>\n<div>&nbsp;<\/div>\n<div>Un weekend all&#8217;insegna del relax e del divertimento ad un prezzo davvero interessante.<\/div>\n<div>&nbsp;<\/div>\n<div>PROGRAMMA SABATO 17 FEBBRAIO<\/div>\n<div>&nbsp;<\/div>\n<div>-Partenza in Bus da Taranto ore 7.00 Arrivo a Serra San Bruno (VV) alle ore 13 circa. Pranzo al sacco<\/div>\n<div>-Ore 14: Passeggiata nel bel bosco di S. Maria (Sentiero Frassati, passeggiata di 2 ore circa) con l\u2019omonimo santuario e il laghetto della penitenza in un ambiente davvero suggestivo, tra abeti bianchi, abeti rossi e pini larici.<\/div>\n<div>-Ore 16: Visita guidata del Museo della Certosa.<\/div>\n<div>Al termine, sistemazione in hotel, cena e pernottamento.<\/div>\n<div>&nbsp;<\/div>\n<div>DOMENICA 18 FEBBRAIO<\/div>\n<div>&nbsp;<\/div>\n<div>-Ore 8: Colazione e partenza dall\u2019hotel alle per raggiungere l\u2019inizio del percorso trekking che ci porter\u00e0 ad ammirare le pi\u00f9 alte cascate del Sud Italia:<\/div>\n<div>-Ore 9: Trekking nel Parco Naturale delle Serre-Sentiero della Cascata del Marmarico La cascata del Marmarico \u00e8 stata inserita dal 2011 tra le &#8220;meraviglie italiane&#8221;;&nbsp; \u00e8 ubicata nel territorio del comune di Bivongi (RC) ed inserita all&#8217;interno del Parco Regionale Naturale delle Serre.<\/div>\n<div>Ad accompagnarci in questa meravigliosa escursione saranno gli amici del gruppo escursionistico \u201cKALABRIA TREKKING\u201d. La partenza del sentiero \u00e8 ubicata presso la tenuta borbonica della Ferdinandea, dove seguendo le vecchie condotte della prima centrale idroelettrica del Sud Italia arriveremo al cospetto di questa meraviglia della natura che vi lascer\u00e0 letteralmente con il fiato sospeso dall\u2019emozione e per la forza sprigionata dalla stessa. La Ferdinandea \u00e8 un sito interessante anche dal punto di vista dell&#8217;archeologia industriale. \u00c8 un territorio infatti facente parte dell&#8217;Ecomuseo delle ferriere e fonderie di Calabria.<\/div>\n<div>&nbsp;<\/div>\n<div>Il percorso \u00e8 lineare e ci porter\u00e0 alla scoperta della pi\u00f9 alta cascata di tutto l&#8217;Appennino meridionale con i suoi 114 metri di salto, la cascata del Marmarico&nbsp; CLASSIFICAZIONE : E DISLIVELLO : 433 mt LUNGHEZZA : 10 km a\/r MASSIMA ALTEZZA 1060 mt.-MINIMA ALTEZZA : 627 mt. &gt;&gt;&gt;EQUIPAGGIAMENTO: scarpe da trekking e bastoncini, abbigliamento a strati, kway, zaino a spalla, scarpe e calze di ricambio, pranzo al sacco, 1 lt. d&#8217;acqua; si consiglia la dotazione di ghette per la possibile presenza di tratti fangosi, qualora dovessero esserci piogge nei giorni immediatamente precedenti l\u2019escursione.&nbsp;<\/div>\n<div>&nbsp;<\/div>\n<div>-Al termine del trek, circa ore 15, ci sposteremo in bus a Pizzo Calabro, nota per il famoso gelato conosciuto in tutta Italia e per l\u2019interessante centro storico.<\/div>\n<div>-Ore 16.00: passeggiata per Pizzo Calabro&nbsp;<\/div>\n<div>-Partenza per il rientro alle ore 18 Arrivo a Taranto a mezzanotte circa Il viaggio si effettuer\u00e0 al raggiungimento del numero di 30 partecipanti. Organizzazione Tecnica: Agenzia Viaggi Joan Tour,&nbsp;<a href=\"https:\/\/maps.google.com\/?q=Via+Oberdan+65,+Taranto&amp;entry=gmail&amp;source=g\">Via Oberdan 65, Taranto<\/a>.<\/div>\n<div>&nbsp;<\/div>\n<div>ADESIONI: contattare telefonicamente o tramite wathsapp il numero 348 5281598 (Antonio), recapito da contattare anche per altre informazioni.<\/div>\n<p>&nbsp;<\/p>\n","protected":false},"excerpt":{"rendered":"","protected":false},"author":1,"featured_media":15516,"comment_status":"open","ping_status":"closed","sticky":false,"template":"","format":"standard","meta":{"colormag_page_container_layout":"default_layout","colormag_page_sidebar_layout":"default_layout","footnotes":""},"categories":[11],"tags":[],"class_list":["post-15517","post","type-post","status-publish","format-standard","has-post-thumbnail","hentry","category-appuntamenti"],"yoast_head":"<!-- This site is optimized with the Yoast SEO plugin v27.5 - https:\/\/yoast.com\/product\/yoast-seo-wordpress\/ -->\n<title>Fine settimana nel Parco Naturale delle Serre - Archivio CassanoWeb<\/title>\n<meta name=\"robots\" content=\"index, follow, max-snippet:-1, max-image-preview:large, max-video-preview:-1\" \/>\n<link rel=\"canonical\" href=\"https:\/\/archiviocassano.lavocedelpaese.info\/index.php\/2018\/02\/13\/fine-settimana-nel\/\" \/>\n<meta property=\"og:locale\" content=\"it_IT\" \/>\n<meta property=\"og:type\" content=\"article\" \/>\n<meta property=\"og:title\" content=\"Fine settimana nel Parco Naturale delle Serre - Archivio CassanoWeb\" \/>\n<meta property=\"og:url\" content=\"https:\/\/archiviocassano.lavocedelpaese.info\/index.php\/2018\/02\/13\/fine-settimana-nel\/\" \/>\n<meta property=\"og:site_name\" content=\"Archivio CassanoWeb\" \/>\n<meta property=\"article:publisher\" content=\"https:\/\/www.facebook.com\/redazione.cassanoweb\" \/>\n<meta property=\"article:published_time\" content=\"2018-02-13T06:57:14+00:00\" \/>\n<meta property=\"og:image\" content=\"https:\/\/archiviocassano.lavocedelpaese.info\/wp-content\/uploads\/2018\/02\/locandina-iloveimg-cropped_copy.jpg\" \/>\n\t<meta property=\"og:image:width\" content=\"586\" \/>\n\t<meta property=\"og:image:height\" content=\"340\" \/>\n\t<meta property=\"og:image:type\" content=\"image\/jpeg\" \/>\n<meta name=\"author\" content=\"admin\" \/>\n<meta name=\"twitter:card\" content=\"summary_large_image\" \/>\n<meta name=\"twitter:label1\" content=\"Scritto da\" \/>\n\t<meta name=\"twitter:data1\" content=\"admin\" \/>\n\t<meta name=\"twitter:label2\" content=\"Tempo di lettura stimato\" \/>\n\t<meta name=\"twitter:data2\" content=\"2 minuti\" \/>\n<script type=\"application\/ld+json\" class=\"yoast-schema-graph\">{\"@context\":\"https:\\\/\\\/schema.org\",\"@graph\":[{\"@type\":\"Article\",\"@id\":\"https:\\\/\\\/archiviocassano.lavocedelpaese.info\\\/index.php\\\/2018\\\/02\\\/13\\\/fine-settimana-nel\\\/#article\",\"isPartOf\":{\"@id\":\"https:\\\/\\\/archiviocassano.lavocedelpaese.info\\\/index.php\\\/2018\\\/02\\\/13\\\/fine-settimana-nel\\\/\"},\"author\":{\"name\":\"admin\",\"@id\":\"https:\\\/\\\/archiviocassano.lavocedelpaese.info\\\/#\\\/schema\\\/person\\\/df195bc79a9b4c35127cf005f92e041b\"},\"headline\":\"Fine settimana nel Parco Naturale delle Serre\",\"datePublished\":\"2018-02-13T06:57:14+00:00\",\"mainEntityOfPage\":{\"@id\":\"https:\\\/\\\/archiviocassano.lavocedelpaese.info\\\/index.php\\\/2018\\\/02\\\/13\\\/fine-settimana-nel\\\/\"},\"wordCount\":497,\"commentCount\":0,\"publisher\":{\"@id\":\"https:\\\/\\\/archiviocassano.lavocedelpaese.info\\\/#organization\"},\"image\":{\"@id\":\"https:\\\/\\\/archiviocassano.lavocedelpaese.info\\\/index.php\\\/2018\\\/02\\\/13\\\/fine-settimana-nel\\\/#primaryimage\"},\"thumbnailUrl\":\"https:\\\/\\\/archiviocassano.lavocedelpaese.info\\\/wp-content\\\/uploads\\\/2018\\\/02\\\/locandina-iloveimg-cropped_copy.jpg\",\"articleSection\":[\"Appuntamenti\"],\"inLanguage\":\"it-IT\",\"potentialAction\":[{\"@type\":\"CommentAction\",\"name\":\"Comment\",\"target\":[\"https:\\\/\\\/archiviocassano.lavocedelpaese.info\\\/index.php\\\/2018\\\/02\\\/13\\\/fine-settimana-nel\\\/#respond\"]}]},{\"@type\":\"WebPage\",\"@id\":\"https:\\\/\\\/archiviocassano.lavocedelpaese.info\\\/index.php\\\/2018\\\/02\\\/13\\\/fine-settimana-nel\\\/\",\"url\":\"https:\\\/\\\/archiviocassano.lavocedelpaese.info\\\/index.php\\\/2018\\\/02\\\/13\\\/fine-settimana-nel\\\/\",\"name\":\"Fine settimana nel Parco Naturale delle Serre - Archivio CassanoWeb\",\"isPartOf\":{\"@id\":\"https:\\\/\\\/archiviocassano.lavocedelpaese.info\\\/#website\"},\"primaryImageOfPage\":{\"@id\":\"https:\\\/\\\/archiviocassano.lavocedelpaese.info\\\/index.php\\\/2018\\\/02\\\/13\\\/fine-settimana-nel\\\/#primaryimage\"},\"image\":{\"@id\":\"https:\\\/\\\/archiviocassano.lavocedelpaese.info\\\/index.php\\\/2018\\\/02\\\/13\\\/fine-settimana-nel\\\/#primaryimage\"},\"thumbnailUrl\":\"https:\\\/\\\/archiviocassano.lavocedelpaese.info\\\/wp-content\\\/uploads\\\/2018\\\/02\\\/locandina-iloveimg-cropped_copy.jpg\",\"datePublished\":\"2018-02-13T06:57:14+00:00\",\"breadcrumb\":{\"@id\":\"https:\\\/\\\/archiviocassano.lavocedelpaese.info\\\/index.php\\\/2018\\\/02\\\/13\\\/fine-settimana-nel\\\/#breadcrumb\"},\"inLanguage\":\"it-IT\",\"potentialAction\":[{\"@type\":\"ReadAction\",\"target\":[\"https:\\\/\\\/archiviocassano.lavocedelpaese.info\\\/index.php\\\/2018\\\/02\\\/13\\\/fine-settimana-nel\\\/\"]}]},{\"@type\":\"ImageObject\",\"inLanguage\":\"it-IT\",\"@id\":\"https:\\\/\\\/archiviocassano.lavocedelpaese.info\\\/index.php\\\/2018\\\/02\\\/13\\\/fine-settimana-nel\\\/#primaryimage\",\"url\":\"https:\\\/\\\/archiviocassano.lavocedelpaese.info\\\/wp-content\\\/uploads\\\/2018\\\/02\\\/locandina-iloveimg-cropped_copy.jpg\",\"contentUrl\":\"https:\\\/\\\/archiviocassano.lavocedelpaese.info\\\/wp-content\\\/uploads\\\/2018\\\/02\\\/locandina-iloveimg-cropped_copy.jpg\",\"width\":586,\"height\":340,\"caption\":\"locandina-iloveimg-cropped copy\"},{\"@type\":\"BreadcrumbList\",\"@id\":\"https:\\\/\\\/archiviocassano.lavocedelpaese.info\\\/index.php\\\/2018\\\/02\\\/13\\\/fine-settimana-nel\\\/#breadcrumb\",\"itemListElement\":[{\"@type\":\"ListItem\",\"position\":1,\"name\":\"Home\",\"item\":\"https:\\\/\\\/archiviocassano.lavocedelpaese.info\\\/\"},{\"@type\":\"ListItem\",\"position\":2,\"name\":\"Fine settimana nel Parco Naturale delle Serre\"}]},{\"@type\":\"WebSite\",\"@id\":\"https:\\\/\\\/archiviocassano.lavocedelpaese.info\\\/#website\",\"url\":\"https:\\\/\\\/archiviocassano.lavocedelpaese.info\\\/\",\"name\":\"Archivio CassanoWeb\",\"description\":\"La Voce del Paese - un network di idee\",\"publisher\":{\"@id\":\"https:\\\/\\\/archiviocassano.lavocedelpaese.info\\\/#organization\"},\"potentialAction\":[{\"@type\":\"SearchAction\",\"target\":{\"@type\":\"EntryPoint\",\"urlTemplate\":\"https:\\\/\\\/archiviocassano.lavocedelpaese.info\\\/?s={search_term_string}\"},\"query-input\":{\"@type\":\"PropertyValueSpecification\",\"valueRequired\":true,\"valueName\":\"search_term_string\"}}],\"inLanguage\":\"it-IT\"},{\"@type\":\"Organization\",\"@id\":\"https:\\\/\\\/archiviocassano.lavocedelpaese.info\\\/#organization\",\"name\":\"Archivio CassanoWeb\",\"url\":\"https:\\\/\\\/archiviocassano.lavocedelpaese.info\\\/\",\"logo\":{\"@type\":\"ImageObject\",\"inLanguage\":\"it-IT\",\"@id\":\"https:\\\/\\\/archiviocassano.lavocedelpaese.info\\\/#\\\/schema\\\/logo\\\/image\\\/\",\"url\":\"https:\\\/\\\/archiviocassano.lavocedelpaese.info\\\/wp-content\\\/uploads\\\/2024\\\/08\\\/logo-rosso-2.png\",\"contentUrl\":\"https:\\\/\\\/archiviocassano.lavocedelpaese.info\\\/wp-content\\\/uploads\\\/2024\\\/08\\\/logo-rosso-2.png\",\"width\":491,\"height\":432,\"caption\":\"Archivio CassanoWeb\"},\"image\":{\"@id\":\"https:\\\/\\\/archiviocassano.lavocedelpaese.info\\\/#\\\/schema\\\/logo\\\/image\\\/\"},\"sameAs\":[\"https:\\\/\\\/www.facebook.com\\\/redazione.cassanoweb\"]},{\"@type\":\"Person\",\"@id\":\"https:\\\/\\\/archiviocassano.lavocedelpaese.info\\\/#\\\/schema\\\/person\\\/df195bc79a9b4c35127cf005f92e041b\",\"name\":\"admin\",\"image\":{\"@type\":\"ImageObject\",\"inLanguage\":\"it-IT\",\"@id\":\"https:\\\/\\\/secure.gravatar.com\\\/avatar\\\/eabba89a432e8eaa1b0207cc55f7e5340b22712b1ed80677efcf63e02ff5b235?s=96&d=mm&r=g\",\"url\":\"https:\\\/\\\/secure.gravatar.com\\\/avatar\\\/eabba89a432e8eaa1b0207cc55f7e5340b22712b1ed80677efcf63e02ff5b235?s=96&d=mm&r=g\",\"contentUrl\":\"https:\\\/\\\/secure.gravatar.com\\\/avatar\\\/eabba89a432e8eaa1b0207cc55f7e5340b22712b1ed80677efcf63e02ff5b235?s=96&d=mm&r=g\",\"caption\":\"admin\"},\"sameAs\":[\"https:\\\/\\\/archiviocassano.lavocedelpaese.info\"],\"url\":\"https:\\\/\\\/archiviocassano.lavocedelpaese.info\\\/index.php\\\/author\\\/admin_0qgz1xdp\\\/\"}]}<\/script>\n<!-- \/ Yoast SEO plugin. -->","yoast_head_json":{"title":"Fine settimana nel Parco Naturale delle Serre - Archivio CassanoWeb","robots":{"index":"index","follow":"follow","max-snippet":"max-snippet:-1","max-image-preview":"max-image-preview:large","max-video-preview":"max-video-preview:-1"},"canonical":"https:\/\/archiviocassano.lavocedelpaese.info\/index.php\/2018\/02\/13\/fine-settimana-nel\/","og_locale":"it_IT","og_type":"article","og_title":"Fine settimana nel Parco Naturale delle Serre - Archivio CassanoWeb","og_url":"https:\/\/archiviocassano.lavocedelpaese.info\/index.php\/2018\/02\/13\/fine-settimana-nel\/","og_site_name":"Archivio CassanoWeb","article_publisher":"https:\/\/www.facebook.com\/redazione.cassanoweb","article_published_time":"2018-02-13T06:57:14+00:00","og_image":[{"width":586,"height":340,"url":"https:\/\/archiviocassano.lavocedelpaese.info\/wp-content\/uploads\/2018\/02\/locandina-iloveimg-cropped_copy.jpg","type":"image\/jpeg"}],"author":"admin","twitter_card":"summary_large_image","twitter_misc":{"Scritto da":"admin","Tempo di lettura stimato":"2 minuti"},"schema":{"@context":"https:\/\/schema.org","@graph":[{"@type":"Article","@id":"https:\/\/archiviocassano.lavocedelpaese.info\/index.php\/2018\/02\/13\/fine-settimana-nel\/#article","isPartOf":{"@id":"https:\/\/archiviocassano.lavocedelpaese.info\/index.php\/2018\/02\/13\/fine-settimana-nel\/"},"author":{"name":"admin","@id":"https:\/\/archiviocassano.lavocedelpaese.info\/#\/schema\/person\/df195bc79a9b4c35127cf005f92e041b"},"headline":"Fine settimana nel Parco Naturale delle Serre","datePublished":"2018-02-13T06:57:14+00:00","mainEntityOfPage":{"@id":"https:\/\/archiviocassano.lavocedelpaese.info\/index.php\/2018\/02\/13\/fine-settimana-nel\/"},"wordCount":497,"commentCount":0,"publisher":{"@id":"https:\/\/archiviocassano.lavocedelpaese.info\/#organization"},"image":{"@id":"https:\/\/archiviocassano.lavocedelpaese.info\/index.php\/2018\/02\/13\/fine-settimana-nel\/#primaryimage"},"thumbnailUrl":"https:\/\/archiviocassano.lavocedelpaese.info\/wp-content\/uploads\/2018\/02\/locandina-iloveimg-cropped_copy.jpg","articleSection":["Appuntamenti"],"inLanguage":"it-IT","potentialAction":[{"@type":"CommentAction","name":"Comment","target":["https:\/\/archiviocassano.lavocedelpaese.info\/index.php\/2018\/02\/13\/fine-settimana-nel\/#respond"]}]},{"@type":"WebPage","@id":"https:\/\/archiviocassano.lavocedelpaese.info\/index.php\/2018\/02\/13\/fine-settimana-nel\/","url":"https:\/\/archiviocassano.lavocedelpaese.info\/index.php\/2018\/02\/13\/fine-settimana-nel\/","name":"Fine settimana nel Parco Naturale delle Serre - Archivio CassanoWeb","isPartOf":{"@id":"https:\/\/archiviocassano.lavocedelpaese.info\/#website"},"primaryImageOfPage":{"@id":"https:\/\/archiviocassano.lavocedelpaese.info\/index.php\/2018\/02\/13\/fine-settimana-nel\/#primaryimage"},"image":{"@id":"https:\/\/archiviocassano.lavocedelpaese.info\/index.php\/2018\/02\/13\/fine-settimana-nel\/#primaryimage"},"thumbnailUrl":"https:\/\/archiviocassano.lavocedelpaese.info\/wp-content\/uploads\/2018\/02\/locandina-iloveimg-cropped_copy.jpg","datePublished":"2018-02-13T06:57:14+00:00","breadcrumb":{"@id":"https:\/\/archiviocassano.lavocedelpaese.info\/index.php\/2018\/02\/13\/fine-settimana-nel\/#breadcrumb"},"inLanguage":"it-IT","potentialAction":[{"@type":"ReadAction","target":["https:\/\/archiviocassano.lavocedelpaese.info\/index.php\/2018\/02\/13\/fine-settimana-nel\/"]}]},{"@type":"ImageObject","inLanguage":"it-IT","@id":"https:\/\/archiviocassano.lavocedelpaese.info\/index.php\/2018\/02\/13\/fine-settimana-nel\/#primaryimage","url":"https:\/\/archiviocassano.lavocedelpaese.info\/wp-content\/uploads\/2018\/02\/locandina-iloveimg-cropped_copy.jpg","contentUrl":"https:\/\/archiviocassano.lavocedelpaese.info\/wp-content\/uploads\/2018\/02\/locandina-iloveimg-cropped_copy.jpg","width":586,"height":340,"caption":"locandina-iloveimg-cropped copy"},{"@type":"BreadcrumbList","@id":"https:\/\/archiviocassano.lavocedelpaese.info\/index.php\/2018\/02\/13\/fine-settimana-nel\/#breadcrumb","itemListElement":[{"@type":"ListItem","position":1,"name":"Home","item":"https:\/\/archiviocassano.lavocedelpaese.info\/"},{"@type":"ListItem","position":2,"name":"Fine settimana nel Parco Naturale delle Serre"}]},{"@type":"WebSite","@id":"https:\/\/archiviocassano.lavocedelpaese.info\/#website","url":"https:\/\/archiviocassano.lavocedelpaese.info\/","name":"Archivio CassanoWeb","description":"La Voce del Paese - un network di idee","publisher":{"@id":"https:\/\/archiviocassano.lavocedelpaese.info\/#organization"},"potentialAction":[{"@type":"SearchAction","target":{"@type":"EntryPoint","urlTemplate":"https:\/\/archiviocassano.lavocedelpaese.info\/?s={search_term_string}"},"query-input":{"@type":"PropertyValueSpecification","valueRequired":true,"valueName":"search_term_string"}}],"inLanguage":"it-IT"},{"@type":"Organization","@id":"https:\/\/archiviocassano.lavocedelpaese.info\/#organization","name":"Archivio CassanoWeb","url":"https:\/\/archiviocassano.lavocedelpaese.info\/","logo":{"@type":"ImageObject","inLanguage":"it-IT","@id":"https:\/\/archiviocassano.lavocedelpaese.info\/#\/schema\/logo\/image\/","url":"https:\/\/archiviocassano.lavocedelpaese.info\/wp-content\/uploads\/2024\/08\/logo-rosso-2.png","contentUrl":"https:\/\/archiviocassano.lavocedelpaese.info\/wp-content\/uploads\/2024\/08\/logo-rosso-2.png","width":491,"height":432,"caption":"Archivio CassanoWeb"},"image":{"@id":"https:\/\/archiviocassano.lavocedelpaese.info\/#\/schema\/logo\/image\/"},"sameAs":["https:\/\/www.facebook.com\/redazione.cassanoweb"]},{"@type":"Person","@id":"https:\/\/archiviocassano.lavocedelpaese.info\/#\/schema\/person\/df195bc79a9b4c35127cf005f92e041b","name":"admin","image":{"@type":"ImageObject","inLanguage":"it-IT","@id":"https:\/\/secure.gravatar.com\/avatar\/eabba89a432e8eaa1b0207cc55f7e5340b22712b1ed80677efcf63e02ff5b235?s=96&d=mm&r=g","url":"https:\/\/secure.gravatar.com\/avatar\/eabba89a432e8eaa1b0207cc55f7e5340b22712b1ed80677efcf63e02ff5b235?s=96&d=mm&r=g","contentUrl":"https:\/\/secure.gravatar.com\/avatar\/eabba89a432e8eaa1b0207cc55f7e5340b22712b1ed80677efcf63e02ff5b235?s=96&d=mm&r=g","caption":"admin"},"sameAs":["https:\/\/archiviocassano.lavocedelpaese.info"],"url":"https:\/\/archiviocassano.lavocedelpaese.info\/index.php\/author\/admin_0qgz1xdp\/"}]}},"_links":{"self":[{"href":"https:\/\/archiviocassano.lavocedelpaese.info\/index.php\/wp-json\/wp\/v2\/posts\/15517","targetHints":{"allow":["GET"]}}],"collection":[{"href":"https:\/\/archiviocassano.lavocedelpaese.info\/index.php\/wp-json\/wp\/v2\/posts"}],"about":[{"href":"https:\/\/archiviocassano.lavocedelpaese.info\/index.php\/wp-json\/wp\/v2\/types\/post"}],"author":[{"embeddable":true,"href":"https:\/\/archiviocassano.lavocedelpaese.info\/index.php\/wp-json\/wp\/v2\/users\/1"}],"replies":[{"embeddable":true,"href":"https:\/\/archiviocassano.lavocedelpaese.info\/index.php\/wp-json\/wp\/v2\/comments?post=15517"}],"version-history":[{"count":0,"href":"https:\/\/archiviocassano.lavocedelpaese.info\/index.php\/wp-json\/wp\/v2\/posts\/15517\/revisions"}],"wp:featuredmedia":[{"embeddable":true,"href":"https:\/\/archiviocassano.lavocedelpaese.info\/index.php\/wp-json\/wp\/v2\/media\/15516"}],"wp:attachment":[{"href":"https:\/\/archiviocassano.lavocedelpaese.info\/index.php\/wp-json\/wp\/v2\/media?parent=15517"}],"wp:term":[{"taxonomy":"category","embeddable":true,"href":"https:\/\/archiviocassano.lavocedelpaese.info\/index.php\/wp-json\/wp\/v2\/categories?post=15517"},{"taxonomy":"post_tag","embeddable":true,"href":"https:\/\/archiviocassano.lavocedelpaese.info\/index.php\/wp-json\/wp\/v2\/tags?post=15517"}],"curies":[{"name":"wp","href":"https:\/\/api.w.org\/{rel}","templated":true}]}}