{"id":15539,"date":"2018-02-15T06:50:04","date_gmt":"2018-02-15T06:50:04","guid":{"rendered":"https:\/\/archiviocassano.lavocedelpaese.info\/index.php\/2018\/02\/15\/linvito-al-voto-di-qprogetto-in-comuneq\/"},"modified":"2018-02-15T06:50:04","modified_gmt":"2018-02-15T06:50:04","slug":"linvito-al-voto-di-qprogetto-in-comuneq","status":"publish","type":"post","link":"https:\/\/archiviocassano.lavocedelpaese.info\/index.php\/2018\/02\/15\/linvito-al-voto-di-qprogetto-in-comuneq\/","title":{"rendered":"L&#8217;invito al voto di &#8220;Progetto in Comune&#8221;"},"content":{"rendered":"<p><img loading=\"lazy\" decoding=\"async\" class=\" size-full wp-image-15536\" src=\"https:\/\/archiviocassano.lavocedelpaese.info\/wp-content\/uploads\/2018\/02\/votare.jpg\" alt=\"votare\" style=\"margin-right: 2px; margin-left: 2px;\" width=\"281\" height=\"179\" \/><\/p>\n<p><!--more--><\/p>\n<p>&nbsp;<\/p>\n<p style=\"text-align: center;\"><strong>4 MARZO 2018: IO VOTO!<\/strong><\/p>\n<p>Nella democrazia moderna il voto si presenta come il principale mezzo attraverso il quale il cittadino pu\u00f2 partecipare attivamente alla vita politica del proprio Paese. L\u2019art.48 della nostra Costituzione sancisce che:<i> \u201cSono elettori tutti i cittadini, uomini e donne, che hanno raggiunto la maggiore et\u00e0. Il voto \u00e8 personale ed eguale, libero e segreto. Il suo esercizio \u00e8 dovere civico\u201d<\/i>.<\/p>\n<p>Tuttavia, nonostante questa grande conquista per la societ\u00e0 moderna, i dati statistici degli ultimi anni relativi alla partecipazione della popolazione al voto ci pongono davanti ad un fenomeno preoccupante sempre crescente, e diffuso in tutta Europa: <strong>l\u2019astensionismo<\/strong>.<\/p>\n<p>In Italia l\u2019affluenza alle urne per le elezioni politiche, che \u00e8 sempre stata superiore al 90% almeno fino alla fine degli anni 70, sta registrando nel tempo una riduzione importante, con un tracollo totale nel 2013, anno in cui la partecipazione \u00e8 scesa al 75% circa.<\/p>\n<p align=\"center\">&nbsp;<img loading=\"lazy\" decoding=\"async\" class=\" size-full wp-image-15537\" src=\"https:\/\/archiviocassano.lavocedelpaese.info\/wp-content\/uploads\/2018\/02\/1_copy.png\" width=\"600\" height=\"369\" alt=\"1 copy\" style=\"margin-right: 2px; margin-left: 2px;\" srcset=\"https:\/\/archiviocassano.lavocedelpaese.info\/wp-content\/uploads\/2018\/02\/1_copy.png 865w, https:\/\/archiviocassano.lavocedelpaese.info\/wp-content\/uploads\/2018\/02\/1_copy-300x185.png 300w, https:\/\/archiviocassano.lavocedelpaese.info\/wp-content\/uploads\/2018\/02\/1_copy-768x472.png 768w\" sizes=\"auto, (max-width: 600px) 100vw, 600px\" \/><\/p>\n<p align=\"center\"><i>Fig. 1: Affluenza alle urne \u2013 dati storici. Fonte: ISTAT<\/i><\/p>\n<p>L\u2019astensionismo come possiamo ben comprendere da questa analisi \u00e8 un fenomeno che non si pu\u00f2 pi\u00f9 ignorare o sottovalutare e se la previsione del 2013 si \u00e8 rivelata effettiva, dalle elezioni del 4 marzo dobbiamo aspettarci un ulteriore peggioramento ed una percentuale di astenuti che toccher\u00e0 probabilmente la soglia del <strong>35%<a href=\"file:\/\/\/C:\/Users\/Giovanni\/Desktop\/Downloads\/PinC_4_Marzo_IOVOTO%20(1).docx#_ftn1\" name=\"_ftnref1\" title=\"\"><strong>[1]<\/strong><\/a><\/strong> superando paradossalmente le preferenze per ogni altra forza politica. Questo significa in sintesi, che il numero di voti non espressi da chi non si recher\u00e0 alle urne potrebbe superare il numero di voti ottenuti dalla forza politica vincitrice.<\/p>\n<p>Le ragioni alle spalle di questo fenomeno sono molteplici e vanno individuate in diversi fattori tra cui determinati processi storici che hanno portato a un totale cambiamento del mondo politico (la \u201cquestione morale\u201d riguardante la corruzione e il malcostume che dominavano i partiti, sollevata da Enrico Berlinguer agli inizi degli anni 80, e le note vicende di \u201cMani pulite\u201d e \u201cTangentopoli\u201d negli anni 90) e cambiamenti sostanziali all\u2019interno della societ\u00e0.<\/p>\n<p align=\"center\"><i>&nbsp;<\/i><\/p>\n<p align=\"center\">&nbsp;<img loading=\"lazy\" decoding=\"async\" class=\" size-full wp-image-15538\" src=\"https:\/\/archiviocassano.lavocedelpaese.info\/wp-content\/uploads\/2018\/02\/2.png\" width=\"600\" height=\"440\" alt=\"2\" style=\"margin-right: 2px; margin-left: 2px;\" srcset=\"https:\/\/archiviocassano.lavocedelpaese.info\/wp-content\/uploads\/2018\/02\/2.png 800w, https:\/\/archiviocassano.lavocedelpaese.info\/wp-content\/uploads\/2018\/02\/2-300x220.png 300w, https:\/\/archiviocassano.lavocedelpaese.info\/wp-content\/uploads\/2018\/02\/2-768x564.png 768w\" sizes=\"auto, (max-width: 600px) 100vw, 600px\" \/><\/p>\n<p align=\"center\"><i>Fig. 2: Politiche 2018 &#8211; SONDAGGI. Fonte: www.sondaggipoliticoelettorali.it<\/i><\/p>\n<p>Negli ultimi 10 anni, ad un astensionismo \u201cfisiologico\u201d dovuto a limiti logistici per i cittadini, si \u00e8 aggiunto una nuova forma di astensionismo che potremmo definire <i>\u201cconsapevole\u201d<\/i>, che si presenta come una scelta politica precisa, una sorta di voto di protesta, volont\u00e0 di porre una forte distanza tra il cittadino e il mondo politico oppure come l\u2019espressione del disinteresse totale rispetto ad un mondo alle volte troppo monotono e poco diversificato. Infatti, la caratteristica determinante della politica odierna sta proprio nel completo appiattimento dell\u2019antitesi tra forze politiche: quelli che erano i grandi partiti di massa con chiari programmi e ideologie all\u2019indomani dello scandalo di tangentopoli hanno lasciato posto via via a partiti sempre pi\u00f9 simili che hanno perso la capacit\u00e0 di mobilitare la popolazione e soprattutto di far identificare quest\u2019ultima all\u2019interno di precise linee programmatiche e ideologiche. Per un <strong>cittadino poco informato<\/strong> i programmi sembrano essere tutti uguali e i volti politici sempre gli stessi che si avvicendano al governo senza tuttavia determinare differenze apprezzabili sul piano della vita privata del singolo.<\/p>\n<p>La domanda che adesso bisogna porsi \u00e8: <strong>che succede se ci abbandoniamo passivamente a questa tendenza?<\/strong> La risposta non \u00e8 delle migliori. Sicuramente una bassa partecipazione al voto comporta il venir meno dei principi democratici, tra i quali soprattutto quello della rappresentanza e a questo si aggiunge l\u2019attuale legge elettorale che garantisce un bonus di maggioranza a chi raggiunge almeno il 40% delle preferenze. La conclusione \u00e8 che la forza politica al governo non rappresenta la reale immagine del volere popolare, ovvero il potere \u00e8 detenuto dal 40% del 72% dei votanti totali che rispetto all\u2019intera popolazione votante equivale al 28,8% e quindi a scegliere chi ci governa sarebbero meno di un terzo dei votanti.<\/p>\n<p>Inoltre, in questa prospettiva di crisi, di appiattimento politico, di diffidenza nelle istituzioni e nella politica, raccoglie pi\u00f9 consensi chi si fa portavoce del malumore diffuso e promette rassicurazioni nell\u2019immediato gettando nell\u2019ombra la visione e la pianificazione del futuro del nostro paese nel lungo periodo. Questo ci espone sempre pi\u00f9 al pericolo di una deriva verso estremismi, che oltre a palesarsi in ambito politico, acuisce in maniera esponenziale il conflitto sociale.<\/p>\n<p>In ultima analisi dunque ci appelliamo al vostro senso civico e vi invitiamo a informarvi, leggere i programmi elettorali, ad andare a votare il 4 Marzo e soprattutto a <strong>votare consapevolmente<\/strong> per sovvertire questa preoccupante tendenza astensionista, perch\u00e9, come dice Paolo Borsellino in una celebre frase, <strong><i>\u201cIl cambiamento si fa dentro la cabina elettorale con la matita in mano\u201d<\/i><\/strong>.<\/p>\n<p>Per l\u2019occasione, Progetto in Comune ha approntato un quiz, finalizzato a capire quanto siamo pronti per il 4 marzo. Proviamo insieme a rispondere a queste poche domande.<\/p>\n<p><a href=\"http:\/\/www.progettoincomune.com\/sondaggio-politiche-2018-quanto-ne-sai\/\">http:\/\/www.progettoincomune.com\/sondaggio-politiche-2018-quanto-ne-sai\/<\/a><\/p>\n<hr align=\"left\" size=\"1\" width=\"33%\" \/>\n<div>\n<p><a href=\"file:\/\/\/C:\/Users\/Giovanni\/Desktop\/Downloads\/PinC_4_Marzo_IOVOTO%20(1).docx#_ftnref1\" name=\"_ftn1\" title=\"\">[1]<\/a> Il dato per il 2018, ricavato dai sondaggi, riguarda la media delle ultime misurazioni effettuate da diverse societ\u00e0 demoscopiche. Assumiamo il dato abbastanza affidabile sulla scorta delle misurazioni effettuate nelle scorse tornate elettorali, che per quanto riguarda il dato \u201castensionismo\u201d si sono rivelate veritiere.<\/p>\n<\/div>\n<p>&nbsp;<\/p>\n","protected":false},"excerpt":{"rendered":"","protected":false},"author":1,"featured_media":15536,"comment_status":"open","ping_status":"closed","sticky":false,"template":"","format":"standard","meta":{"colormag_page_container_layout":"default_layout","colormag_page_sidebar_layout":"default_layout","footnotes":""},"categories":[4],"tags":[],"class_list":["post-15539","post","type-post","status-publish","format-standard","has-post-thumbnail","hentry","category-politica"],"yoast_head":"<!-- This site is optimized with the Yoast SEO plugin v27.5 - https:\/\/yoast.com\/product\/yoast-seo-wordpress\/ -->\n<title>L&#039;invito al voto di &quot;Progetto in Comune&quot; - Archivio CassanoWeb<\/title>\n<meta name=\"robots\" content=\"index, follow, max-snippet:-1, max-image-preview:large, max-video-preview:-1\" \/>\n<link rel=\"canonical\" href=\"https:\/\/archiviocassano.lavocedelpaese.info\/index.php\/2018\/02\/15\/linvito-al-voto-di-qprogetto-in-comuneq\/\" \/>\n<meta property=\"og:locale\" content=\"it_IT\" \/>\n<meta property=\"og:type\" content=\"article\" \/>\n<meta property=\"og:title\" content=\"L&#039;invito al voto di &quot;Progetto in Comune&quot; - Archivio CassanoWeb\" \/>\n<meta property=\"og:url\" content=\"https:\/\/archiviocassano.lavocedelpaese.info\/index.php\/2018\/02\/15\/linvito-al-voto-di-qprogetto-in-comuneq\/\" \/>\n<meta property=\"og:site_name\" content=\"Archivio CassanoWeb\" \/>\n<meta property=\"article:publisher\" content=\"https:\/\/www.facebook.com\/redazione.cassanoweb\" \/>\n<meta property=\"article:published_time\" content=\"2018-02-15T06:50:04+00:00\" \/>\n<meta property=\"og:image\" content=\"https:\/\/archiviocassano.lavocedelpaese.info\/wp-content\/uploads\/2018\/02\/votare.jpg\" \/>\n\t<meta property=\"og:image:width\" content=\"281\" \/>\n\t<meta property=\"og:image:height\" content=\"179\" \/>\n\t<meta property=\"og:image:type\" content=\"image\/jpeg\" \/>\n<meta name=\"author\" content=\"admin\" \/>\n<meta name=\"twitter:card\" content=\"summary_large_image\" \/>\n<meta name=\"twitter:label1\" content=\"Scritto da\" \/>\n\t<meta name=\"twitter:data1\" content=\"admin\" \/>\n\t<meta name=\"twitter:label2\" content=\"Tempo di lettura stimato\" \/>\n\t<meta name=\"twitter:data2\" content=\"4 minuti\" \/>\n<script type=\"application\/ld+json\" class=\"yoast-schema-graph\">{\"@context\":\"https:\\\/\\\/schema.org\",\"@graph\":[{\"@type\":\"Article\",\"@id\":\"https:\\\/\\\/archiviocassano.lavocedelpaese.info\\\/index.php\\\/2018\\\/02\\\/15\\\/linvito-al-voto-di-qprogetto-in-comuneq\\\/#article\",\"isPartOf\":{\"@id\":\"https:\\\/\\\/archiviocassano.lavocedelpaese.info\\\/index.php\\\/2018\\\/02\\\/15\\\/linvito-al-voto-di-qprogetto-in-comuneq\\\/\"},\"author\":{\"name\":\"admin\",\"@id\":\"https:\\\/\\\/archiviocassano.lavocedelpaese.info\\\/#\\\/schema\\\/person\\\/df195bc79a9b4c35127cf005f92e041b\"},\"headline\":\"L&#8217;invito al voto di &#8220;Progetto in Comune&#8221;\",\"datePublished\":\"2018-02-15T06:50:04+00:00\",\"mainEntityOfPage\":{\"@id\":\"https:\\\/\\\/archiviocassano.lavocedelpaese.info\\\/index.php\\\/2018\\\/02\\\/15\\\/linvito-al-voto-di-qprogetto-in-comuneq\\\/\"},\"wordCount\":815,\"commentCount\":0,\"publisher\":{\"@id\":\"https:\\\/\\\/archiviocassano.lavocedelpaese.info\\\/#organization\"},\"image\":{\"@id\":\"https:\\\/\\\/archiviocassano.lavocedelpaese.info\\\/index.php\\\/2018\\\/02\\\/15\\\/linvito-al-voto-di-qprogetto-in-comuneq\\\/#primaryimage\"},\"thumbnailUrl\":\"https:\\\/\\\/archiviocassano.lavocedelpaese.info\\\/wp-content\\\/uploads\\\/2018\\\/02\\\/votare.jpg\",\"articleSection\":[\"Politica\"],\"inLanguage\":\"it-IT\",\"potentialAction\":[{\"@type\":\"CommentAction\",\"name\":\"Comment\",\"target\":[\"https:\\\/\\\/archiviocassano.lavocedelpaese.info\\\/index.php\\\/2018\\\/02\\\/15\\\/linvito-al-voto-di-qprogetto-in-comuneq\\\/#respond\"]}]},{\"@type\":\"WebPage\",\"@id\":\"https:\\\/\\\/archiviocassano.lavocedelpaese.info\\\/index.php\\\/2018\\\/02\\\/15\\\/linvito-al-voto-di-qprogetto-in-comuneq\\\/\",\"url\":\"https:\\\/\\\/archiviocassano.lavocedelpaese.info\\\/index.php\\\/2018\\\/02\\\/15\\\/linvito-al-voto-di-qprogetto-in-comuneq\\\/\",\"name\":\"L'invito al voto di \\\"Progetto in Comune\\\" - Archivio CassanoWeb\",\"isPartOf\":{\"@id\":\"https:\\\/\\\/archiviocassano.lavocedelpaese.info\\\/#website\"},\"primaryImageOfPage\":{\"@id\":\"https:\\\/\\\/archiviocassano.lavocedelpaese.info\\\/index.php\\\/2018\\\/02\\\/15\\\/linvito-al-voto-di-qprogetto-in-comuneq\\\/#primaryimage\"},\"image\":{\"@id\":\"https:\\\/\\\/archiviocassano.lavocedelpaese.info\\\/index.php\\\/2018\\\/02\\\/15\\\/linvito-al-voto-di-qprogetto-in-comuneq\\\/#primaryimage\"},\"thumbnailUrl\":\"https:\\\/\\\/archiviocassano.lavocedelpaese.info\\\/wp-content\\\/uploads\\\/2018\\\/02\\\/votare.jpg\",\"datePublished\":\"2018-02-15T06:50:04+00:00\",\"breadcrumb\":{\"@id\":\"https:\\\/\\\/archiviocassano.lavocedelpaese.info\\\/index.php\\\/2018\\\/02\\\/15\\\/linvito-al-voto-di-qprogetto-in-comuneq\\\/#breadcrumb\"},\"inLanguage\":\"it-IT\",\"potentialAction\":[{\"@type\":\"ReadAction\",\"target\":[\"https:\\\/\\\/archiviocassano.lavocedelpaese.info\\\/index.php\\\/2018\\\/02\\\/15\\\/linvito-al-voto-di-qprogetto-in-comuneq\\\/\"]}]},{\"@type\":\"ImageObject\",\"inLanguage\":\"it-IT\",\"@id\":\"https:\\\/\\\/archiviocassano.lavocedelpaese.info\\\/index.php\\\/2018\\\/02\\\/15\\\/linvito-al-voto-di-qprogetto-in-comuneq\\\/#primaryimage\",\"url\":\"https:\\\/\\\/archiviocassano.lavocedelpaese.info\\\/wp-content\\\/uploads\\\/2018\\\/02\\\/votare.jpg\",\"contentUrl\":\"https:\\\/\\\/archiviocassano.lavocedelpaese.info\\\/wp-content\\\/uploads\\\/2018\\\/02\\\/votare.jpg\",\"width\":281,\"height\":179,\"caption\":\"votare\"},{\"@type\":\"BreadcrumbList\",\"@id\":\"https:\\\/\\\/archiviocassano.lavocedelpaese.info\\\/index.php\\\/2018\\\/02\\\/15\\\/linvito-al-voto-di-qprogetto-in-comuneq\\\/#breadcrumb\",\"itemListElement\":[{\"@type\":\"ListItem\",\"position\":1,\"name\":\"Home\",\"item\":\"https:\\\/\\\/archiviocassano.lavocedelpaese.info\\\/\"},{\"@type\":\"ListItem\",\"position\":2,\"name\":\"L&#8217;invito al voto di &#8220;Progetto in Comune&#8221;\"}]},{\"@type\":\"WebSite\",\"@id\":\"https:\\\/\\\/archiviocassano.lavocedelpaese.info\\\/#website\",\"url\":\"https:\\\/\\\/archiviocassano.lavocedelpaese.info\\\/\",\"name\":\"Archivio CassanoWeb\",\"description\":\"La Voce del Paese - un network di idee\",\"publisher\":{\"@id\":\"https:\\\/\\\/archiviocassano.lavocedelpaese.info\\\/#organization\"},\"potentialAction\":[{\"@type\":\"SearchAction\",\"target\":{\"@type\":\"EntryPoint\",\"urlTemplate\":\"https:\\\/\\\/archiviocassano.lavocedelpaese.info\\\/?s={search_term_string}\"},\"query-input\":{\"@type\":\"PropertyValueSpecification\",\"valueRequired\":true,\"valueName\":\"search_term_string\"}}],\"inLanguage\":\"it-IT\"},{\"@type\":\"Organization\",\"@id\":\"https:\\\/\\\/archiviocassano.lavocedelpaese.info\\\/#organization\",\"name\":\"Archivio CassanoWeb\",\"url\":\"https:\\\/\\\/archiviocassano.lavocedelpaese.info\\\/\",\"logo\":{\"@type\":\"ImageObject\",\"inLanguage\":\"it-IT\",\"@id\":\"https:\\\/\\\/archiviocassano.lavocedelpaese.info\\\/#\\\/schema\\\/logo\\\/image\\\/\",\"url\":\"https:\\\/\\\/archiviocassano.lavocedelpaese.info\\\/wp-content\\\/uploads\\\/2024\\\/08\\\/logo-rosso-2.png\",\"contentUrl\":\"https:\\\/\\\/archiviocassano.lavocedelpaese.info\\\/wp-content\\\/uploads\\\/2024\\\/08\\\/logo-rosso-2.png\",\"width\":491,\"height\":432,\"caption\":\"Archivio CassanoWeb\"},\"image\":{\"@id\":\"https:\\\/\\\/archiviocassano.lavocedelpaese.info\\\/#\\\/schema\\\/logo\\\/image\\\/\"},\"sameAs\":[\"https:\\\/\\\/www.facebook.com\\\/redazione.cassanoweb\"]},{\"@type\":\"Person\",\"@id\":\"https:\\\/\\\/archiviocassano.lavocedelpaese.info\\\/#\\\/schema\\\/person\\\/df195bc79a9b4c35127cf005f92e041b\",\"name\":\"admin\",\"image\":{\"@type\":\"ImageObject\",\"inLanguage\":\"it-IT\",\"@id\":\"https:\\\/\\\/secure.gravatar.com\\\/avatar\\\/eabba89a432e8eaa1b0207cc55f7e5340b22712b1ed80677efcf63e02ff5b235?s=96&d=mm&r=g\",\"url\":\"https:\\\/\\\/secure.gravatar.com\\\/avatar\\\/eabba89a432e8eaa1b0207cc55f7e5340b22712b1ed80677efcf63e02ff5b235?s=96&d=mm&r=g\",\"contentUrl\":\"https:\\\/\\\/secure.gravatar.com\\\/avatar\\\/eabba89a432e8eaa1b0207cc55f7e5340b22712b1ed80677efcf63e02ff5b235?s=96&d=mm&r=g\",\"caption\":\"admin\"},\"sameAs\":[\"https:\\\/\\\/archiviocassano.lavocedelpaese.info\"],\"url\":\"https:\\\/\\\/archiviocassano.lavocedelpaese.info\\\/index.php\\\/author\\\/admin_0qgz1xdp\\\/\"}]}<\/script>\n<!-- \/ Yoast SEO plugin. -->","yoast_head_json":{"title":"L'invito al voto di \"Progetto in Comune\" - Archivio CassanoWeb","robots":{"index":"index","follow":"follow","max-snippet":"max-snippet:-1","max-image-preview":"max-image-preview:large","max-video-preview":"max-video-preview:-1"},"canonical":"https:\/\/archiviocassano.lavocedelpaese.info\/index.php\/2018\/02\/15\/linvito-al-voto-di-qprogetto-in-comuneq\/","og_locale":"it_IT","og_type":"article","og_title":"L'invito al voto di \"Progetto in Comune\" - Archivio CassanoWeb","og_url":"https:\/\/archiviocassano.lavocedelpaese.info\/index.php\/2018\/02\/15\/linvito-al-voto-di-qprogetto-in-comuneq\/","og_site_name":"Archivio CassanoWeb","article_publisher":"https:\/\/www.facebook.com\/redazione.cassanoweb","article_published_time":"2018-02-15T06:50:04+00:00","og_image":[{"width":281,"height":179,"url":"https:\/\/archiviocassano.lavocedelpaese.info\/wp-content\/uploads\/2018\/02\/votare.jpg","type":"image\/jpeg"}],"author":"admin","twitter_card":"summary_large_image","twitter_misc":{"Scritto da":"admin","Tempo di lettura stimato":"4 minuti"},"schema":{"@context":"https:\/\/schema.org","@graph":[{"@type":"Article","@id":"https:\/\/archiviocassano.lavocedelpaese.info\/index.php\/2018\/02\/15\/linvito-al-voto-di-qprogetto-in-comuneq\/#article","isPartOf":{"@id":"https:\/\/archiviocassano.lavocedelpaese.info\/index.php\/2018\/02\/15\/linvito-al-voto-di-qprogetto-in-comuneq\/"},"author":{"name":"admin","@id":"https:\/\/archiviocassano.lavocedelpaese.info\/#\/schema\/person\/df195bc79a9b4c35127cf005f92e041b"},"headline":"L&#8217;invito al voto di &#8220;Progetto in Comune&#8221;","datePublished":"2018-02-15T06:50:04+00:00","mainEntityOfPage":{"@id":"https:\/\/archiviocassano.lavocedelpaese.info\/index.php\/2018\/02\/15\/linvito-al-voto-di-qprogetto-in-comuneq\/"},"wordCount":815,"commentCount":0,"publisher":{"@id":"https:\/\/archiviocassano.lavocedelpaese.info\/#organization"},"image":{"@id":"https:\/\/archiviocassano.lavocedelpaese.info\/index.php\/2018\/02\/15\/linvito-al-voto-di-qprogetto-in-comuneq\/#primaryimage"},"thumbnailUrl":"https:\/\/archiviocassano.lavocedelpaese.info\/wp-content\/uploads\/2018\/02\/votare.jpg","articleSection":["Politica"],"inLanguage":"it-IT","potentialAction":[{"@type":"CommentAction","name":"Comment","target":["https:\/\/archiviocassano.lavocedelpaese.info\/index.php\/2018\/02\/15\/linvito-al-voto-di-qprogetto-in-comuneq\/#respond"]}]},{"@type":"WebPage","@id":"https:\/\/archiviocassano.lavocedelpaese.info\/index.php\/2018\/02\/15\/linvito-al-voto-di-qprogetto-in-comuneq\/","url":"https:\/\/archiviocassano.lavocedelpaese.info\/index.php\/2018\/02\/15\/linvito-al-voto-di-qprogetto-in-comuneq\/","name":"L'invito al voto di \"Progetto in Comune\" - Archivio CassanoWeb","isPartOf":{"@id":"https:\/\/archiviocassano.lavocedelpaese.info\/#website"},"primaryImageOfPage":{"@id":"https:\/\/archiviocassano.lavocedelpaese.info\/index.php\/2018\/02\/15\/linvito-al-voto-di-qprogetto-in-comuneq\/#primaryimage"},"image":{"@id":"https:\/\/archiviocassano.lavocedelpaese.info\/index.php\/2018\/02\/15\/linvito-al-voto-di-qprogetto-in-comuneq\/#primaryimage"},"thumbnailUrl":"https:\/\/archiviocassano.lavocedelpaese.info\/wp-content\/uploads\/2018\/02\/votare.jpg","datePublished":"2018-02-15T06:50:04+00:00","breadcrumb":{"@id":"https:\/\/archiviocassano.lavocedelpaese.info\/index.php\/2018\/02\/15\/linvito-al-voto-di-qprogetto-in-comuneq\/#breadcrumb"},"inLanguage":"it-IT","potentialAction":[{"@type":"ReadAction","target":["https:\/\/archiviocassano.lavocedelpaese.info\/index.php\/2018\/02\/15\/linvito-al-voto-di-qprogetto-in-comuneq\/"]}]},{"@type":"ImageObject","inLanguage":"it-IT","@id":"https:\/\/archiviocassano.lavocedelpaese.info\/index.php\/2018\/02\/15\/linvito-al-voto-di-qprogetto-in-comuneq\/#primaryimage","url":"https:\/\/archiviocassano.lavocedelpaese.info\/wp-content\/uploads\/2018\/02\/votare.jpg","contentUrl":"https:\/\/archiviocassano.lavocedelpaese.info\/wp-content\/uploads\/2018\/02\/votare.jpg","width":281,"height":179,"caption":"votare"},{"@type":"BreadcrumbList","@id":"https:\/\/archiviocassano.lavocedelpaese.info\/index.php\/2018\/02\/15\/linvito-al-voto-di-qprogetto-in-comuneq\/#breadcrumb","itemListElement":[{"@type":"ListItem","position":1,"name":"Home","item":"https:\/\/archiviocassano.lavocedelpaese.info\/"},{"@type":"ListItem","position":2,"name":"L&#8217;invito al voto di &#8220;Progetto in Comune&#8221;"}]},{"@type":"WebSite","@id":"https:\/\/archiviocassano.lavocedelpaese.info\/#website","url":"https:\/\/archiviocassano.lavocedelpaese.info\/","name":"Archivio CassanoWeb","description":"La Voce del Paese - un network di idee","publisher":{"@id":"https:\/\/archiviocassano.lavocedelpaese.info\/#organization"},"potentialAction":[{"@type":"SearchAction","target":{"@type":"EntryPoint","urlTemplate":"https:\/\/archiviocassano.lavocedelpaese.info\/?s={search_term_string}"},"query-input":{"@type":"PropertyValueSpecification","valueRequired":true,"valueName":"search_term_string"}}],"inLanguage":"it-IT"},{"@type":"Organization","@id":"https:\/\/archiviocassano.lavocedelpaese.info\/#organization","name":"Archivio CassanoWeb","url":"https:\/\/archiviocassano.lavocedelpaese.info\/","logo":{"@type":"ImageObject","inLanguage":"it-IT","@id":"https:\/\/archiviocassano.lavocedelpaese.info\/#\/schema\/logo\/image\/","url":"https:\/\/archiviocassano.lavocedelpaese.info\/wp-content\/uploads\/2024\/08\/logo-rosso-2.png","contentUrl":"https:\/\/archiviocassano.lavocedelpaese.info\/wp-content\/uploads\/2024\/08\/logo-rosso-2.png","width":491,"height":432,"caption":"Archivio CassanoWeb"},"image":{"@id":"https:\/\/archiviocassano.lavocedelpaese.info\/#\/schema\/logo\/image\/"},"sameAs":["https:\/\/www.facebook.com\/redazione.cassanoweb"]},{"@type":"Person","@id":"https:\/\/archiviocassano.lavocedelpaese.info\/#\/schema\/person\/df195bc79a9b4c35127cf005f92e041b","name":"admin","image":{"@type":"ImageObject","inLanguage":"it-IT","@id":"https:\/\/secure.gravatar.com\/avatar\/eabba89a432e8eaa1b0207cc55f7e5340b22712b1ed80677efcf63e02ff5b235?s=96&d=mm&r=g","url":"https:\/\/secure.gravatar.com\/avatar\/eabba89a432e8eaa1b0207cc55f7e5340b22712b1ed80677efcf63e02ff5b235?s=96&d=mm&r=g","contentUrl":"https:\/\/secure.gravatar.com\/avatar\/eabba89a432e8eaa1b0207cc55f7e5340b22712b1ed80677efcf63e02ff5b235?s=96&d=mm&r=g","caption":"admin"},"sameAs":["https:\/\/archiviocassano.lavocedelpaese.info"],"url":"https:\/\/archiviocassano.lavocedelpaese.info\/index.php\/author\/admin_0qgz1xdp\/"}]}},"_links":{"self":[{"href":"https:\/\/archiviocassano.lavocedelpaese.info\/index.php\/wp-json\/wp\/v2\/posts\/15539","targetHints":{"allow":["GET"]}}],"collection":[{"href":"https:\/\/archiviocassano.lavocedelpaese.info\/index.php\/wp-json\/wp\/v2\/posts"}],"about":[{"href":"https:\/\/archiviocassano.lavocedelpaese.info\/index.php\/wp-json\/wp\/v2\/types\/post"}],"author":[{"embeddable":true,"href":"https:\/\/archiviocassano.lavocedelpaese.info\/index.php\/wp-json\/wp\/v2\/users\/1"}],"replies":[{"embeddable":true,"href":"https:\/\/archiviocassano.lavocedelpaese.info\/index.php\/wp-json\/wp\/v2\/comments?post=15539"}],"version-history":[{"count":0,"href":"https:\/\/archiviocassano.lavocedelpaese.info\/index.php\/wp-json\/wp\/v2\/posts\/15539\/revisions"}],"wp:featuredmedia":[{"embeddable":true,"href":"https:\/\/archiviocassano.lavocedelpaese.info\/index.php\/wp-json\/wp\/v2\/media\/15536"}],"wp:attachment":[{"href":"https:\/\/archiviocassano.lavocedelpaese.info\/index.php\/wp-json\/wp\/v2\/media?parent=15539"}],"wp:term":[{"taxonomy":"category","embeddable":true,"href":"https:\/\/archiviocassano.lavocedelpaese.info\/index.php\/wp-json\/wp\/v2\/categories?post=15539"},{"taxonomy":"post_tag","embeddable":true,"href":"https:\/\/archiviocassano.lavocedelpaese.info\/index.php\/wp-json\/wp\/v2\/tags?post=15539"}],"curies":[{"name":"wp","href":"https:\/\/api.w.org\/{rel}","templated":true}]}}