{"id":15662,"date":"2018-03-17T08:31:45","date_gmt":"2018-03-17T08:31:45","guid":{"rendered":"https:\/\/archiviocassano.lavocedelpaese.info\/index.php\/2018\/03\/17\/conferenza-e-mostraconcorso-per-la-festa-di-primavera-di-murgia-enjoy\/"},"modified":"2018-03-17T08:31:45","modified_gmt":"2018-03-17T08:31:45","slug":"conferenza-e-mostraconcorso-per-la-festa-di-primavera-di-murgia-enjoy","status":"publish","type":"post","link":"https:\/\/archiviocassano.lavocedelpaese.info\/index.php\/2018\/03\/17\/conferenza-e-mostraconcorso-per-la-festa-di-primavera-di-murgia-enjoy\/","title":{"rendered":"Conferenza e mostra per la Festa di Primavera di Murgia Enjoy"},"content":{"rendered":"<p><img loading=\"lazy\" decoding=\"async\" class=\" size-full wp-image-15660\" src=\"https:\/\/archiviocassano.lavocedelpaese.info\/wp-content\/uploads\/2018\/03\/Festa_di_Primavera_con_Murgia_Enjoy_-_banner.jpg\" width=\"320\" height=\"168\" alt=\"Festa di Primavera con Murgia Enjoy - banner\" style=\"margin-right: 2px; margin-left: 2px;\" srcset=\"https:\/\/archiviocassano.lavocedelpaese.info\/wp-content\/uploads\/2018\/03\/Festa_di_Primavera_con_Murgia_Enjoy_-_banner.jpg 1180w, https:\/\/archiviocassano.lavocedelpaese.info\/wp-content\/uploads\/2018\/03\/Festa_di_Primavera_con_Murgia_Enjoy_-_banner-300x157.jpg 300w, https:\/\/archiviocassano.lavocedelpaese.info\/wp-content\/uploads\/2018\/03\/Festa_di_Primavera_con_Murgia_Enjoy_-_banner-1024x536.jpg 1024w, https:\/\/archiviocassano.lavocedelpaese.info\/wp-content\/uploads\/2018\/03\/Festa_di_Primavera_con_Murgia_Enjoy_-_banner-768x402.jpg 768w\" sizes=\"auto, (max-width: 320px) 100vw, 320px\" \/><\/p>\n<p><!--more--><\/p>\n<p style=\"text-align: justify;\">L&#8217;associazione culturale &#8220;<strong>Murgia Enjoy<\/strong>&#8220;, in collaborazione con il &#8220;<strong>FotoClub Murgia<\/strong>&#8220;, presenter\u00e0 sabato 17 e domenica 18 marzo una mostra fotografica dal titolo &#8220;<strong><em>Il risveglio della natura<\/em><\/strong>&#8221; durante la quale saranno esposte oltre sessanta opere realizzate per l&#8217;occasione dai fotografi e dai fotoamatori delle province di Bari e Matera gi\u00e0 membri del FotoClub Murgia.&nbsp;<\/p>\n<p style=\"text-align: justify;\">La collettiva, dedicata all&#8217;arrivo della Primavera, si terr\u00e0 presso il Dichio Center in Borgo Venusio a Matera dove il Presidente dell&#8217;associazione Murgia Enjoy e gli amministratori del FotoClub premieranno le tre migliori fotografie mentre le stampe saranno omaggiate al Dichio Center.<\/p>\n<p style=\"text-align: justify;\">Nella sala conferenze dello stesso Dichio Center sabato 17 marzo dalle ore 19 il prof. Boffoli Francesco, esperto in comunicazione e linguaggio d&#8217;immagine e gi\u00e0 collaboratore Murgia Enjoy, terr\u00e0 una conferenza su &#8220;<strong>L&#8217;influenza dei mass media sulla fotografia<\/strong>&#8221; durante la quale saranno proiettate delle slides e dei filmati.&nbsp;<\/p>\n<p style=\"text-align: justify;\">Nella mattinata di domenica 18, inoltre, i soci dell&#8217;associazione Murgia Enjoy proporranno un&#8217;esclusiva visita ad un museo privato sull&#8217;antica civilt\u00e0 contadina, attivit\u00e0 resa possibile grazie al moderatore del Fotoclub Mimmo Fittipaldi.&nbsp;&nbsp;L&#8217;iniziativa ha la finalit\u00e0 di far conoscere oggetti, strumenti, arnesi quasi dimenticati ed offrir\u00e0 anche la possibilit\u00e0 ai fotoamatori del Fotoclub di fotografare tali oggetti. L&#8217;incontro dei partecipanti \u00e8 previsto domenica 18 marzo 2018 alle ore 9:30 presso il Dichio Garden Center in localit\u00e0 Borgo Venusio a Matera mentre l&#8217;attivit\u00e0 si concluder\u00e0 alle ore 13 circa. Successivamente il fotoclub Murgia raccoglier\u00e0 le migliori fotografie dei partecipanti e creer\u00e0 un album fotografico che sar\u00e0 reso pubblico sulla pagina Facebook dell&#8217;associazione Murgia Enjoy. Info e prenotazioni al 3283130450 dopo le ore 18 o con mail a&nbsp;<a href=\"mailto:murgiaenjoy@libero.it\" target=\"_blank\" rel=\"noopener\">murgiaenjoy@libero.it<\/a>.<br \/>Link evento Facebook:&nbsp;<a href=\"https:\/\/www.facebook.com\/events\/143809556445137\/\" target=\"_blank\" data-saferedirecturl=\"https:\/\/www.google.com\/url?hl=it&amp;q=https:\/\/www.facebook.com\/events\/143809556445137\/&amp;source=gmail&amp;ust=1521010177653000&amp;usg=AFQjCNHxLX0mqEZkA7fXNfM00ATqUTUrKg\" rel=\"noopener\">https:\/\/www.<wbr \/>facebook.com\/events\/<wbr \/>143809556445137<\/a><\/p>\n<p style=\"text-align: justify;\">Con queste attivit\u00e0 l&#8217;associazione culturale, impegnata da anni nella promozione, nella valorizzazione e nella tutela del territorio, intende offrire giusta visibilit\u00e0 e merito ai fotoamatori ed ai fotografi del FotoClub che, attraverso il loro occhio fotografico, riescono ad esaltare la bellezza del territorio, al Dichio Center che gi\u00e0 in altre occasioni ha reso possibili le attivit\u00e0 associative mostrando sensibilit\u00e0 ed interesse per l&#8217;ambiente ed al Fotoclub Murgia che, dopo un&#8217;attenta analisi delle realt\u00e0 impegnate nella promozione del territorio, ha affidato le attivit\u00e0 pubbliche all&#8217;associazione Murgia Enjoy.<\/p>\n<p style=\"text-align: justify;\">La partecipazione \u00e8 consigliata dal network &#8220;La voce del paese&#8221; che presenzier\u00e0 e documenter\u00e0 l&#8217;attivit\u00e0.<\/p>\n<p style=\"text-align: justify;\">Ulteriori info e prenotazioni al 331\/1342564 o con mail a&nbsp;<a href=\"mailto:murgiaenjoy@libero.it\" target=\"_blank\" rel=\"noopener\">murgiaenjoy@libero.it<\/a>.<\/p>\n<p style=\"text-align: justify;\">Link evento facebook:&nbsp;<a href=\"https:\/\/www.facebook.com\/events\/429958920772329\/\" target=\"_blank\" data-saferedirecturl=\"https:\/\/www.google.com\/url?hl=it&amp;q=https:\/\/www.facebook.com\/events\/429958920772329\/&amp;source=gmail&amp;ust=1521010177660000&amp;usg=AFQjCNGcUEy49v47yKelIGT-9QQjVnVtWA\" rel=\"noopener\">https:\/\/www.facebook.com\/<wbr \/>events\/429958920772329\/<\/a>&nbsp;&nbsp;<\/p>\n<p style=\"text-align: justify;\">&nbsp;<\/p>\n<p style=\"text-align: center;\"><img loading=\"lazy\" decoding=\"async\" class=\" size-full wp-image-15661\" src=\"https:\/\/archiviocassano.lavocedelpaese.info\/wp-content\/uploads\/2018\/03\/Festa_di_Primavera_con_Murgia_Enjoy_-_banner_copy.jpg\" width=\"700\" height=\"367\" alt=\"Festa di Primavera con Murgia Enjoy - banner copy\" style=\"margin-right: 2px; margin-left: 2px;\" srcset=\"https:\/\/archiviocassano.lavocedelpaese.info\/wp-content\/uploads\/2018\/03\/Festa_di_Primavera_con_Murgia_Enjoy_-_banner_copy.jpg 1180w, https:\/\/archiviocassano.lavocedelpaese.info\/wp-content\/uploads\/2018\/03\/Festa_di_Primavera_con_Murgia_Enjoy_-_banner_copy-300x157.jpg 300w, https:\/\/archiviocassano.lavocedelpaese.info\/wp-content\/uploads\/2018\/03\/Festa_di_Primavera_con_Murgia_Enjoy_-_banner_copy-1024x536.jpg 1024w, https:\/\/archiviocassano.lavocedelpaese.info\/wp-content\/uploads\/2018\/03\/Festa_di_Primavera_con_Murgia_Enjoy_-_banner_copy-768x402.jpg 768w\" sizes=\"auto, (max-width: 700px) 100vw, 700px\" \/><\/p>\n","protected":false},"excerpt":{"rendered":"","protected":false},"author":1,"featured_media":15660,"comment_status":"open","ping_status":"closed","sticky":false,"template":"","format":"standard","meta":{"colormag_page_container_layout":"default_layout","colormag_page_sidebar_layout":"default_layout","footnotes":""},"categories":[6],"tags":[],"class_list":["post-15662","post","type-post","status-publish","format-standard","has-post-thumbnail","hentry","category-cultura"],"yoast_head":"<!-- This site is optimized with the Yoast SEO plugin v27.5 - https:\/\/yoast.com\/product\/yoast-seo-wordpress\/ -->\n<title>Conferenza e mostra per la Festa di Primavera di Murgia Enjoy - Archivio CassanoWeb<\/title>\n<meta name=\"robots\" content=\"index, follow, max-snippet:-1, max-image-preview:large, max-video-preview:-1\" \/>\n<link rel=\"canonical\" href=\"https:\/\/archiviocassano.lavocedelpaese.info\/index.php\/2018\/03\/17\/conferenza-e-mostraconcorso-per-la-festa-di-primavera-di-murgia-enjoy\/\" \/>\n<meta property=\"og:locale\" content=\"it_IT\" \/>\n<meta property=\"og:type\" content=\"article\" \/>\n<meta property=\"og:title\" content=\"Conferenza e mostra per la Festa di Primavera di Murgia Enjoy - Archivio CassanoWeb\" \/>\n<meta property=\"og:url\" content=\"https:\/\/archiviocassano.lavocedelpaese.info\/index.php\/2018\/03\/17\/conferenza-e-mostraconcorso-per-la-festa-di-primavera-di-murgia-enjoy\/\" \/>\n<meta property=\"og:site_name\" content=\"Archivio CassanoWeb\" \/>\n<meta property=\"article:publisher\" content=\"https:\/\/www.facebook.com\/redazione.cassanoweb\" \/>\n<meta property=\"article:published_time\" content=\"2018-03-17T08:31:45+00:00\" \/>\n<meta property=\"og:image\" content=\"https:\/\/archiviocassano.lavocedelpaese.info\/wp-content\/uploads\/2018\/03\/Festa_di_Primavera_con_Murgia_Enjoy_-_banner.jpg\" \/>\n\t<meta property=\"og:image:width\" content=\"1180\" \/>\n\t<meta property=\"og:image:height\" content=\"618\" \/>\n\t<meta property=\"og:image:type\" content=\"image\/jpeg\" \/>\n<meta name=\"author\" content=\"admin\" \/>\n<meta name=\"twitter:card\" content=\"summary_large_image\" \/>\n<meta name=\"twitter:label1\" content=\"Scritto da\" \/>\n\t<meta name=\"twitter:data1\" content=\"admin\" \/>\n\t<meta name=\"twitter:label2\" content=\"Tempo di lettura stimato\" \/>\n\t<meta name=\"twitter:data2\" content=\"2 minuti\" \/>\n<script type=\"application\/ld+json\" class=\"yoast-schema-graph\">{\"@context\":\"https:\\\/\\\/schema.org\",\"@graph\":[{\"@type\":\"Article\",\"@id\":\"https:\\\/\\\/archiviocassano.lavocedelpaese.info\\\/index.php\\\/2018\\\/03\\\/17\\\/conferenza-e-mostraconcorso-per-la-festa-di-primavera-di-murgia-enjoy\\\/#article\",\"isPartOf\":{\"@id\":\"https:\\\/\\\/archiviocassano.lavocedelpaese.info\\\/index.php\\\/2018\\\/03\\\/17\\\/conferenza-e-mostraconcorso-per-la-festa-di-primavera-di-murgia-enjoy\\\/\"},\"author\":{\"name\":\"admin\",\"@id\":\"https:\\\/\\\/archiviocassano.lavocedelpaese.info\\\/#\\\/schema\\\/person\\\/df195bc79a9b4c35127cf005f92e041b\"},\"headline\":\"Conferenza e mostra per la Festa di Primavera di Murgia Enjoy\",\"datePublished\":\"2018-03-17T08:31:45+00:00\",\"mainEntityOfPage\":{\"@id\":\"https:\\\/\\\/archiviocassano.lavocedelpaese.info\\\/index.php\\\/2018\\\/03\\\/17\\\/conferenza-e-mostraconcorso-per-la-festa-di-primavera-di-murgia-enjoy\\\/\"},\"wordCount\":426,\"commentCount\":0,\"publisher\":{\"@id\":\"https:\\\/\\\/archiviocassano.lavocedelpaese.info\\\/#organization\"},\"image\":{\"@id\":\"https:\\\/\\\/archiviocassano.lavocedelpaese.info\\\/index.php\\\/2018\\\/03\\\/17\\\/conferenza-e-mostraconcorso-per-la-festa-di-primavera-di-murgia-enjoy\\\/#primaryimage\"},\"thumbnailUrl\":\"https:\\\/\\\/archiviocassano.lavocedelpaese.info\\\/wp-content\\\/uploads\\\/2018\\\/03\\\/Festa_di_Primavera_con_Murgia_Enjoy_-_banner.jpg\",\"articleSection\":[\"Cultura\"],\"inLanguage\":\"it-IT\",\"potentialAction\":[{\"@type\":\"CommentAction\",\"name\":\"Comment\",\"target\":[\"https:\\\/\\\/archiviocassano.lavocedelpaese.info\\\/index.php\\\/2018\\\/03\\\/17\\\/conferenza-e-mostraconcorso-per-la-festa-di-primavera-di-murgia-enjoy\\\/#respond\"]}]},{\"@type\":\"WebPage\",\"@id\":\"https:\\\/\\\/archiviocassano.lavocedelpaese.info\\\/index.php\\\/2018\\\/03\\\/17\\\/conferenza-e-mostraconcorso-per-la-festa-di-primavera-di-murgia-enjoy\\\/\",\"url\":\"https:\\\/\\\/archiviocassano.lavocedelpaese.info\\\/index.php\\\/2018\\\/03\\\/17\\\/conferenza-e-mostraconcorso-per-la-festa-di-primavera-di-murgia-enjoy\\\/\",\"name\":\"Conferenza e mostra per la Festa di Primavera di Murgia Enjoy - Archivio CassanoWeb\",\"isPartOf\":{\"@id\":\"https:\\\/\\\/archiviocassano.lavocedelpaese.info\\\/#website\"},\"primaryImageOfPage\":{\"@id\":\"https:\\\/\\\/archiviocassano.lavocedelpaese.info\\\/index.php\\\/2018\\\/03\\\/17\\\/conferenza-e-mostraconcorso-per-la-festa-di-primavera-di-murgia-enjoy\\\/#primaryimage\"},\"image\":{\"@id\":\"https:\\\/\\\/archiviocassano.lavocedelpaese.info\\\/index.php\\\/2018\\\/03\\\/17\\\/conferenza-e-mostraconcorso-per-la-festa-di-primavera-di-murgia-enjoy\\\/#primaryimage\"},\"thumbnailUrl\":\"https:\\\/\\\/archiviocassano.lavocedelpaese.info\\\/wp-content\\\/uploads\\\/2018\\\/03\\\/Festa_di_Primavera_con_Murgia_Enjoy_-_banner.jpg\",\"datePublished\":\"2018-03-17T08:31:45+00:00\",\"breadcrumb\":{\"@id\":\"https:\\\/\\\/archiviocassano.lavocedelpaese.info\\\/index.php\\\/2018\\\/03\\\/17\\\/conferenza-e-mostraconcorso-per-la-festa-di-primavera-di-murgia-enjoy\\\/#breadcrumb\"},\"inLanguage\":\"it-IT\",\"potentialAction\":[{\"@type\":\"ReadAction\",\"target\":[\"https:\\\/\\\/archiviocassano.lavocedelpaese.info\\\/index.php\\\/2018\\\/03\\\/17\\\/conferenza-e-mostraconcorso-per-la-festa-di-primavera-di-murgia-enjoy\\\/\"]}]},{\"@type\":\"ImageObject\",\"inLanguage\":\"it-IT\",\"@id\":\"https:\\\/\\\/archiviocassano.lavocedelpaese.info\\\/index.php\\\/2018\\\/03\\\/17\\\/conferenza-e-mostraconcorso-per-la-festa-di-primavera-di-murgia-enjoy\\\/#primaryimage\",\"url\":\"https:\\\/\\\/archiviocassano.lavocedelpaese.info\\\/wp-content\\\/uploads\\\/2018\\\/03\\\/Festa_di_Primavera_con_Murgia_Enjoy_-_banner.jpg\",\"contentUrl\":\"https:\\\/\\\/archiviocassano.lavocedelpaese.info\\\/wp-content\\\/uploads\\\/2018\\\/03\\\/Festa_di_Primavera_con_Murgia_Enjoy_-_banner.jpg\",\"width\":1180,\"height\":618,\"caption\":\"Festa di Primavera con Murgia Enjoy - banner\"},{\"@type\":\"BreadcrumbList\",\"@id\":\"https:\\\/\\\/archiviocassano.lavocedelpaese.info\\\/index.php\\\/2018\\\/03\\\/17\\\/conferenza-e-mostraconcorso-per-la-festa-di-primavera-di-murgia-enjoy\\\/#breadcrumb\",\"itemListElement\":[{\"@type\":\"ListItem\",\"position\":1,\"name\":\"Home\",\"item\":\"https:\\\/\\\/archiviocassano.lavocedelpaese.info\\\/\"},{\"@type\":\"ListItem\",\"position\":2,\"name\":\"Conferenza e mostra per la Festa di Primavera di Murgia Enjoy\"}]},{\"@type\":\"WebSite\",\"@id\":\"https:\\\/\\\/archiviocassano.lavocedelpaese.info\\\/#website\",\"url\":\"https:\\\/\\\/archiviocassano.lavocedelpaese.info\\\/\",\"name\":\"Archivio CassanoWeb\",\"description\":\"La Voce del Paese - un network di idee\",\"publisher\":{\"@id\":\"https:\\\/\\\/archiviocassano.lavocedelpaese.info\\\/#organization\"},\"potentialAction\":[{\"@type\":\"SearchAction\",\"target\":{\"@type\":\"EntryPoint\",\"urlTemplate\":\"https:\\\/\\\/archiviocassano.lavocedelpaese.info\\\/?s={search_term_string}\"},\"query-input\":{\"@type\":\"PropertyValueSpecification\",\"valueRequired\":true,\"valueName\":\"search_term_string\"}}],\"inLanguage\":\"it-IT\"},{\"@type\":\"Organization\",\"@id\":\"https:\\\/\\\/archiviocassano.lavocedelpaese.info\\\/#organization\",\"name\":\"Archivio CassanoWeb\",\"url\":\"https:\\\/\\\/archiviocassano.lavocedelpaese.info\\\/\",\"logo\":{\"@type\":\"ImageObject\",\"inLanguage\":\"it-IT\",\"@id\":\"https:\\\/\\\/archiviocassano.lavocedelpaese.info\\\/#\\\/schema\\\/logo\\\/image\\\/\",\"url\":\"https:\\\/\\\/archiviocassano.lavocedelpaese.info\\\/wp-content\\\/uploads\\\/2024\\\/08\\\/logo-rosso-2.png\",\"contentUrl\":\"https:\\\/\\\/archiviocassano.lavocedelpaese.info\\\/wp-content\\\/uploads\\\/2024\\\/08\\\/logo-rosso-2.png\",\"width\":491,\"height\":432,\"caption\":\"Archivio CassanoWeb\"},\"image\":{\"@id\":\"https:\\\/\\\/archiviocassano.lavocedelpaese.info\\\/#\\\/schema\\\/logo\\\/image\\\/\"},\"sameAs\":[\"https:\\\/\\\/www.facebook.com\\\/redazione.cassanoweb\"]},{\"@type\":\"Person\",\"@id\":\"https:\\\/\\\/archiviocassano.lavocedelpaese.info\\\/#\\\/schema\\\/person\\\/df195bc79a9b4c35127cf005f92e041b\",\"name\":\"admin\",\"image\":{\"@type\":\"ImageObject\",\"inLanguage\":\"it-IT\",\"@id\":\"https:\\\/\\\/secure.gravatar.com\\\/avatar\\\/eabba89a432e8eaa1b0207cc55f7e5340b22712b1ed80677efcf63e02ff5b235?s=96&d=mm&r=g\",\"url\":\"https:\\\/\\\/secure.gravatar.com\\\/avatar\\\/eabba89a432e8eaa1b0207cc55f7e5340b22712b1ed80677efcf63e02ff5b235?s=96&d=mm&r=g\",\"contentUrl\":\"https:\\\/\\\/secure.gravatar.com\\\/avatar\\\/eabba89a432e8eaa1b0207cc55f7e5340b22712b1ed80677efcf63e02ff5b235?s=96&d=mm&r=g\",\"caption\":\"admin\"},\"sameAs\":[\"https:\\\/\\\/archiviocassano.lavocedelpaese.info\"],\"url\":\"https:\\\/\\\/archiviocassano.lavocedelpaese.info\\\/index.php\\\/author\\\/admin_0qgz1xdp\\\/\"}]}<\/script>\n<!-- \/ Yoast SEO plugin. -->","yoast_head_json":{"title":"Conferenza e mostra per la Festa di Primavera di Murgia Enjoy - Archivio CassanoWeb","robots":{"index":"index","follow":"follow","max-snippet":"max-snippet:-1","max-image-preview":"max-image-preview:large","max-video-preview":"max-video-preview:-1"},"canonical":"https:\/\/archiviocassano.lavocedelpaese.info\/index.php\/2018\/03\/17\/conferenza-e-mostraconcorso-per-la-festa-di-primavera-di-murgia-enjoy\/","og_locale":"it_IT","og_type":"article","og_title":"Conferenza e mostra per la Festa di Primavera di Murgia Enjoy - Archivio CassanoWeb","og_url":"https:\/\/archiviocassano.lavocedelpaese.info\/index.php\/2018\/03\/17\/conferenza-e-mostraconcorso-per-la-festa-di-primavera-di-murgia-enjoy\/","og_site_name":"Archivio CassanoWeb","article_publisher":"https:\/\/www.facebook.com\/redazione.cassanoweb","article_published_time":"2018-03-17T08:31:45+00:00","og_image":[{"width":1180,"height":618,"url":"https:\/\/archiviocassano.lavocedelpaese.info\/wp-content\/uploads\/2018\/03\/Festa_di_Primavera_con_Murgia_Enjoy_-_banner.jpg","type":"image\/jpeg"}],"author":"admin","twitter_card":"summary_large_image","twitter_misc":{"Scritto da":"admin","Tempo di lettura stimato":"2 minuti"},"schema":{"@context":"https:\/\/schema.org","@graph":[{"@type":"Article","@id":"https:\/\/archiviocassano.lavocedelpaese.info\/index.php\/2018\/03\/17\/conferenza-e-mostraconcorso-per-la-festa-di-primavera-di-murgia-enjoy\/#article","isPartOf":{"@id":"https:\/\/archiviocassano.lavocedelpaese.info\/index.php\/2018\/03\/17\/conferenza-e-mostraconcorso-per-la-festa-di-primavera-di-murgia-enjoy\/"},"author":{"name":"admin","@id":"https:\/\/archiviocassano.lavocedelpaese.info\/#\/schema\/person\/df195bc79a9b4c35127cf005f92e041b"},"headline":"Conferenza e mostra per la Festa di Primavera di Murgia Enjoy","datePublished":"2018-03-17T08:31:45+00:00","mainEntityOfPage":{"@id":"https:\/\/archiviocassano.lavocedelpaese.info\/index.php\/2018\/03\/17\/conferenza-e-mostraconcorso-per-la-festa-di-primavera-di-murgia-enjoy\/"},"wordCount":426,"commentCount":0,"publisher":{"@id":"https:\/\/archiviocassano.lavocedelpaese.info\/#organization"},"image":{"@id":"https:\/\/archiviocassano.lavocedelpaese.info\/index.php\/2018\/03\/17\/conferenza-e-mostraconcorso-per-la-festa-di-primavera-di-murgia-enjoy\/#primaryimage"},"thumbnailUrl":"https:\/\/archiviocassano.lavocedelpaese.info\/wp-content\/uploads\/2018\/03\/Festa_di_Primavera_con_Murgia_Enjoy_-_banner.jpg","articleSection":["Cultura"],"inLanguage":"it-IT","potentialAction":[{"@type":"CommentAction","name":"Comment","target":["https:\/\/archiviocassano.lavocedelpaese.info\/index.php\/2018\/03\/17\/conferenza-e-mostraconcorso-per-la-festa-di-primavera-di-murgia-enjoy\/#respond"]}]},{"@type":"WebPage","@id":"https:\/\/archiviocassano.lavocedelpaese.info\/index.php\/2018\/03\/17\/conferenza-e-mostraconcorso-per-la-festa-di-primavera-di-murgia-enjoy\/","url":"https:\/\/archiviocassano.lavocedelpaese.info\/index.php\/2018\/03\/17\/conferenza-e-mostraconcorso-per-la-festa-di-primavera-di-murgia-enjoy\/","name":"Conferenza e mostra per la Festa di Primavera di Murgia Enjoy - Archivio CassanoWeb","isPartOf":{"@id":"https:\/\/archiviocassano.lavocedelpaese.info\/#website"},"primaryImageOfPage":{"@id":"https:\/\/archiviocassano.lavocedelpaese.info\/index.php\/2018\/03\/17\/conferenza-e-mostraconcorso-per-la-festa-di-primavera-di-murgia-enjoy\/#primaryimage"},"image":{"@id":"https:\/\/archiviocassano.lavocedelpaese.info\/index.php\/2018\/03\/17\/conferenza-e-mostraconcorso-per-la-festa-di-primavera-di-murgia-enjoy\/#primaryimage"},"thumbnailUrl":"https:\/\/archiviocassano.lavocedelpaese.info\/wp-content\/uploads\/2018\/03\/Festa_di_Primavera_con_Murgia_Enjoy_-_banner.jpg","datePublished":"2018-03-17T08:31:45+00:00","breadcrumb":{"@id":"https:\/\/archiviocassano.lavocedelpaese.info\/index.php\/2018\/03\/17\/conferenza-e-mostraconcorso-per-la-festa-di-primavera-di-murgia-enjoy\/#breadcrumb"},"inLanguage":"it-IT","potentialAction":[{"@type":"ReadAction","target":["https:\/\/archiviocassano.lavocedelpaese.info\/index.php\/2018\/03\/17\/conferenza-e-mostraconcorso-per-la-festa-di-primavera-di-murgia-enjoy\/"]}]},{"@type":"ImageObject","inLanguage":"it-IT","@id":"https:\/\/archiviocassano.lavocedelpaese.info\/index.php\/2018\/03\/17\/conferenza-e-mostraconcorso-per-la-festa-di-primavera-di-murgia-enjoy\/#primaryimage","url":"https:\/\/archiviocassano.lavocedelpaese.info\/wp-content\/uploads\/2018\/03\/Festa_di_Primavera_con_Murgia_Enjoy_-_banner.jpg","contentUrl":"https:\/\/archiviocassano.lavocedelpaese.info\/wp-content\/uploads\/2018\/03\/Festa_di_Primavera_con_Murgia_Enjoy_-_banner.jpg","width":1180,"height":618,"caption":"Festa di Primavera con Murgia Enjoy - banner"},{"@type":"BreadcrumbList","@id":"https:\/\/archiviocassano.lavocedelpaese.info\/index.php\/2018\/03\/17\/conferenza-e-mostraconcorso-per-la-festa-di-primavera-di-murgia-enjoy\/#breadcrumb","itemListElement":[{"@type":"ListItem","position":1,"name":"Home","item":"https:\/\/archiviocassano.lavocedelpaese.info\/"},{"@type":"ListItem","position":2,"name":"Conferenza e mostra per la Festa di Primavera di Murgia Enjoy"}]},{"@type":"WebSite","@id":"https:\/\/archiviocassano.lavocedelpaese.info\/#website","url":"https:\/\/archiviocassano.lavocedelpaese.info\/","name":"Archivio CassanoWeb","description":"La Voce del Paese - un network di idee","publisher":{"@id":"https:\/\/archiviocassano.lavocedelpaese.info\/#organization"},"potentialAction":[{"@type":"SearchAction","target":{"@type":"EntryPoint","urlTemplate":"https:\/\/archiviocassano.lavocedelpaese.info\/?s={search_term_string}"},"query-input":{"@type":"PropertyValueSpecification","valueRequired":true,"valueName":"search_term_string"}}],"inLanguage":"it-IT"},{"@type":"Organization","@id":"https:\/\/archiviocassano.lavocedelpaese.info\/#organization","name":"Archivio CassanoWeb","url":"https:\/\/archiviocassano.lavocedelpaese.info\/","logo":{"@type":"ImageObject","inLanguage":"it-IT","@id":"https:\/\/archiviocassano.lavocedelpaese.info\/#\/schema\/logo\/image\/","url":"https:\/\/archiviocassano.lavocedelpaese.info\/wp-content\/uploads\/2024\/08\/logo-rosso-2.png","contentUrl":"https:\/\/archiviocassano.lavocedelpaese.info\/wp-content\/uploads\/2024\/08\/logo-rosso-2.png","width":491,"height":432,"caption":"Archivio CassanoWeb"},"image":{"@id":"https:\/\/archiviocassano.lavocedelpaese.info\/#\/schema\/logo\/image\/"},"sameAs":["https:\/\/www.facebook.com\/redazione.cassanoweb"]},{"@type":"Person","@id":"https:\/\/archiviocassano.lavocedelpaese.info\/#\/schema\/person\/df195bc79a9b4c35127cf005f92e041b","name":"admin","image":{"@type":"ImageObject","inLanguage":"it-IT","@id":"https:\/\/secure.gravatar.com\/avatar\/eabba89a432e8eaa1b0207cc55f7e5340b22712b1ed80677efcf63e02ff5b235?s=96&d=mm&r=g","url":"https:\/\/secure.gravatar.com\/avatar\/eabba89a432e8eaa1b0207cc55f7e5340b22712b1ed80677efcf63e02ff5b235?s=96&d=mm&r=g","contentUrl":"https:\/\/secure.gravatar.com\/avatar\/eabba89a432e8eaa1b0207cc55f7e5340b22712b1ed80677efcf63e02ff5b235?s=96&d=mm&r=g","caption":"admin"},"sameAs":["https:\/\/archiviocassano.lavocedelpaese.info"],"url":"https:\/\/archiviocassano.lavocedelpaese.info\/index.php\/author\/admin_0qgz1xdp\/"}]}},"_links":{"self":[{"href":"https:\/\/archiviocassano.lavocedelpaese.info\/index.php\/wp-json\/wp\/v2\/posts\/15662","targetHints":{"allow":["GET"]}}],"collection":[{"href":"https:\/\/archiviocassano.lavocedelpaese.info\/index.php\/wp-json\/wp\/v2\/posts"}],"about":[{"href":"https:\/\/archiviocassano.lavocedelpaese.info\/index.php\/wp-json\/wp\/v2\/types\/post"}],"author":[{"embeddable":true,"href":"https:\/\/archiviocassano.lavocedelpaese.info\/index.php\/wp-json\/wp\/v2\/users\/1"}],"replies":[{"embeddable":true,"href":"https:\/\/archiviocassano.lavocedelpaese.info\/index.php\/wp-json\/wp\/v2\/comments?post=15662"}],"version-history":[{"count":0,"href":"https:\/\/archiviocassano.lavocedelpaese.info\/index.php\/wp-json\/wp\/v2\/posts\/15662\/revisions"}],"wp:featuredmedia":[{"embeddable":true,"href":"https:\/\/archiviocassano.lavocedelpaese.info\/index.php\/wp-json\/wp\/v2\/media\/15660"}],"wp:attachment":[{"href":"https:\/\/archiviocassano.lavocedelpaese.info\/index.php\/wp-json\/wp\/v2\/media?parent=15662"}],"wp:term":[{"taxonomy":"category","embeddable":true,"href":"https:\/\/archiviocassano.lavocedelpaese.info\/index.php\/wp-json\/wp\/v2\/categories?post=15662"},{"taxonomy":"post_tag","embeddable":true,"href":"https:\/\/archiviocassano.lavocedelpaese.info\/index.php\/wp-json\/wp\/v2\/tags?post=15662"}],"curies":[{"name":"wp","href":"https:\/\/api.w.org\/{rel}","templated":true}]}}