{"id":15743,"date":"2018-03-27T05:51:26","date_gmt":"2018-03-27T05:51:26","guid":{"rendered":"https:\/\/archiviocassano.lavocedelpaese.info\/index.php\/2018\/03\/27\/pasquetta-trekking-e-picnic\/"},"modified":"2018-03-27T05:51:26","modified_gmt":"2018-03-27T05:51:26","slug":"pasquetta-trekking-e-picnic","status":"publish","type":"post","link":"https:\/\/archiviocassano.lavocedelpaese.info\/index.php\/2018\/03\/27\/pasquetta-trekking-e-picnic\/","title":{"rendered":"Pasquetta, trekking e picnic il 2 aprile"},"content":{"rendered":"<p><img loading=\"lazy\" decoding=\"async\" class=\" size-full wp-image-15742\" src=\"https:\/\/archiviocassano.lavocedelpaese.info\/wp-content\/uploads\/2018\/03\/WP_20170328_16_18_43_Rich.jpg\" alt=\"WP 20170328 16 18 43 Rich\" style=\"margin-right: 2px; margin-left: 2px;\" height=\"150\" width=\"320\" \/><\/p>\n<p><!--more--><\/p>\n<p>Luned\u00ec 2 aprile il gruppo&nbsp;<a href=\"https:\/\/www.facebook.com\/Murgiatrekkers\/\" target=\"_blank\" data-saferedirecturl=\"https:\/\/www.google.com\/url?hl=it&amp;q=https:\/\/www.facebook.com\/Murgiatrekkers\/&amp;source=gmail&amp;ust=1522216178787000&amp;usg=AFQjCNFonpDO0TKGf_dqUiaj5E8XSXRo2A\" rel=\"noopener\">Murgia Trekking &amp; More<\/a>&nbsp;in collaborazione con&nbsp;<a href=\"https:\/\/www.facebook.com\/SolinioVillageNaturaEBenessere\/\" target=\"_blank\" data-saferedirecturl=\"https:\/\/www.google.com\/url?hl=it&amp;q=https:\/\/www.facebook.com\/SolinioVillageNaturaEBenessere\/&amp;source=gmail&amp;ust=1522216178787000&amp;usg=AFQjCNFJ7q27mamuhWU305V0PB3II0GQBg\" rel=\"noopener\">Agriturismo Solinio &#8211; Alimentazione Naturale &amp; Turismo Eco-Sostenibile<\/a>, organizza un&#8217;uscita nel territorio murgiano, in un contesto suggestivo, tra querce pini e macchia mediterranea, consentendo a tutti gli amanti della natura di trascorrere alcune ore in modo avvincente e nel relax pi\u00f9 totale.<\/p>\n<p>L&#8217;iniziativa consiste nel vederci alle 9,45 e partire per un trekking tutti insieme riscoprendo sentieri poco battuti, lame e tante altre belle sorprese che il nostro territorio murgiano ci offre.<br \/> l&#8217;itinerario verr\u00e0 valutato al momento, tra alcune diverse soluzioni, a seconda delle condizioni climatiche e dei partecipanti.&nbsp;<\/p>\n<p>In ogni caso Il percorso sar\u00e0 accessibile a tutti coloro che hanno almeno una media preparazione, &#8220;media difficolt\u00e0&#8221;, alcuni punti saranno fra vegetazione incolta, con tratti di moderata pendenza e su terreni poco battuti, per un totale di massimo 10 km.<\/p>\n<p>Trattandosi di zone incolte e rocciose ricordiamo che \u00e8 obbligatorio indossare scarpe da trekking alte o scarpe tecniche anti-scivolo pena esclusione dalla escursione.&nbsp;<\/p>\n<p>\u00c8 consigliato abbigliamento comodo, pantaloni lunghi, giacca a vento traspirante, mantellina parapioggia, zaino comodo e scorta d&#8217;acqua.<\/p>\n<p>A fine escursione ci ristoreremo tutti insieme nel ABBONDANTE BUFFET messo a disposizione da chi vorr\u00e0 e avr\u00e0 il piacere di condividere e far assaggiare a tutti le proprie specialit\u00e0 culinarie, ottimo pretesto per incentivare la conoscenza, coltivare nuove amicizie e creare un gruppo sempre pi\u00f9 affiatato ;).<\/p>\n<p>Naturalmente si consigliano cibi leggeri, possibilmente vegani o vegetariani in maniera da essere facilmente graditi da tutti, beneficiando della solita abbondanza dei partecipanti al fine di poter trascorrere una giornata outdoor con un ricco picnic di condivisione, in un&#8217;area attrezzata a noi riservata, con panche, tavolini e servizi igienici, comprensiva di posto auto, con un piccolo contributo da corrispondere alla struttura ospitante.<\/p>\n<p> Al fine di garantire, come sempre, un efficace servizio, \u00e8 strettamente obbligatorio confermare la propria adesione entro e non oltre sabato pomeriggio ai numeri indicati in evento.<\/p>\n<p> Incontro dei partecipanti alle ore 9.45 PRESSO SOLINIO VILLAGE CONTRADA TAVERNA NUOVA 106.<\/p>\n<p> n.b. ricordiamo che la partecipazione \u00e8 libera ed \u00e8 da considerarsi come una condivisione tra amici che si incontrano per trascorrere insieme una giornata all&#8217;insegna del divertimento con lo scopo di scoprire posti nuovi e interessanti del nostro territorio, naturalmente sempre nel rispetto dei luoghi, delle cose e della natura. qualsiasi infrazione verr\u00e0 segnalata alle autorit\u00e0 competenti.<br \/> trattandosi di un gruppo di amici, ognuno e&#8217; responsabile per se stesso e per eventuali disagi e\/o danni causati a terzi.<\/p>\n<p> *********** PRENOTAZIONE OBBLIGATORIA ENTRO SABATO POMERIGGIO************<\/p>\n<p> Per qualsiasi info e prenotazioni inviare messaggio privato oppure telefonare a:&nbsp;<a href=\"tel:(347)%20941-8986\" target=\"_blank\" value=\"+13479418986\" rel=\"noopener\">3479418986<\/a>&nbsp;(Fabio) oppure 3881747828 (Toni)<\/p>\n<p>&nbsp;<\/p>\n","protected":false},"excerpt":{"rendered":"","protected":false},"author":1,"featured_media":15742,"comment_status":"open","ping_status":"closed","sticky":false,"template":"","format":"standard","meta":{"colormag_page_container_layout":"default_layout","colormag_page_sidebar_layout":"default_layout","footnotes":""},"categories":[11],"tags":[],"class_list":["post-15743","post","type-post","status-publish","format-standard","has-post-thumbnail","hentry","category-appuntamenti"],"yoast_head":"<!-- This site is optimized with the Yoast SEO plugin v27.5 - https:\/\/yoast.com\/product\/yoast-seo-wordpress\/ -->\n<title>Pasquetta, trekking e picnic il 2 aprile - Archivio CassanoWeb<\/title>\n<meta name=\"robots\" content=\"index, follow, max-snippet:-1, max-image-preview:large, max-video-preview:-1\" \/>\n<link rel=\"canonical\" href=\"https:\/\/archiviocassano.lavocedelpaese.info\/index.php\/2018\/03\/27\/pasquetta-trekking-e-picnic\/\" \/>\n<meta property=\"og:locale\" content=\"it_IT\" \/>\n<meta property=\"og:type\" content=\"article\" \/>\n<meta property=\"og:title\" content=\"Pasquetta, trekking e picnic il 2 aprile - Archivio CassanoWeb\" \/>\n<meta property=\"og:url\" content=\"https:\/\/archiviocassano.lavocedelpaese.info\/index.php\/2018\/03\/27\/pasquetta-trekking-e-picnic\/\" \/>\n<meta property=\"og:site_name\" content=\"Archivio CassanoWeb\" \/>\n<meta property=\"article:publisher\" content=\"https:\/\/www.facebook.com\/redazione.cassanoweb\" \/>\n<meta property=\"article:published_time\" content=\"2018-03-27T05:51:26+00:00\" \/>\n<meta property=\"og:image\" content=\"https:\/\/archiviocassano.lavocedelpaese.info\/wp-content\/uploads\/2018\/03\/WP_20170328_16_18_43_Rich.jpg\" \/>\n\t<meta property=\"og:image:width\" content=\"320\" \/>\n\t<meta property=\"og:image:height\" content=\"180\" \/>\n\t<meta property=\"og:image:type\" content=\"image\/jpeg\" \/>\n<meta name=\"author\" content=\"admin\" \/>\n<meta name=\"twitter:card\" content=\"summary_large_image\" \/>\n<meta name=\"twitter:label1\" content=\"Scritto da\" \/>\n\t<meta name=\"twitter:data1\" content=\"admin\" \/>\n\t<meta name=\"twitter:label2\" content=\"Tempo di lettura stimato\" \/>\n\t<meta name=\"twitter:data2\" content=\"2 minuti\" \/>\n<script type=\"application\/ld+json\" class=\"yoast-schema-graph\">{\"@context\":\"https:\\\/\\\/schema.org\",\"@graph\":[{\"@type\":\"Article\",\"@id\":\"https:\\\/\\\/archiviocassano.lavocedelpaese.info\\\/index.php\\\/2018\\\/03\\\/27\\\/pasquetta-trekking-e-picnic\\\/#article\",\"isPartOf\":{\"@id\":\"https:\\\/\\\/archiviocassano.lavocedelpaese.info\\\/index.php\\\/2018\\\/03\\\/27\\\/pasquetta-trekking-e-picnic\\\/\"},\"author\":{\"name\":\"admin\",\"@id\":\"https:\\\/\\\/archiviocassano.lavocedelpaese.info\\\/#\\\/schema\\\/person\\\/df195bc79a9b4c35127cf005f92e041b\"},\"headline\":\"Pasquetta, trekking e picnic il 2 aprile\",\"datePublished\":\"2018-03-27T05:51:26+00:00\",\"mainEntityOfPage\":{\"@id\":\"https:\\\/\\\/archiviocassano.lavocedelpaese.info\\\/index.php\\\/2018\\\/03\\\/27\\\/pasquetta-trekking-e-picnic\\\/\"},\"wordCount\":440,\"commentCount\":0,\"publisher\":{\"@id\":\"https:\\\/\\\/archiviocassano.lavocedelpaese.info\\\/#organization\"},\"image\":{\"@id\":\"https:\\\/\\\/archiviocassano.lavocedelpaese.info\\\/index.php\\\/2018\\\/03\\\/27\\\/pasquetta-trekking-e-picnic\\\/#primaryimage\"},\"thumbnailUrl\":\"https:\\\/\\\/archiviocassano.lavocedelpaese.info\\\/wp-content\\\/uploads\\\/2018\\\/03\\\/WP_20170328_16_18_43_Rich.jpg\",\"articleSection\":[\"Appuntamenti\"],\"inLanguage\":\"it-IT\",\"potentialAction\":[{\"@type\":\"CommentAction\",\"name\":\"Comment\",\"target\":[\"https:\\\/\\\/archiviocassano.lavocedelpaese.info\\\/index.php\\\/2018\\\/03\\\/27\\\/pasquetta-trekking-e-picnic\\\/#respond\"]}]},{\"@type\":\"WebPage\",\"@id\":\"https:\\\/\\\/archiviocassano.lavocedelpaese.info\\\/index.php\\\/2018\\\/03\\\/27\\\/pasquetta-trekking-e-picnic\\\/\",\"url\":\"https:\\\/\\\/archiviocassano.lavocedelpaese.info\\\/index.php\\\/2018\\\/03\\\/27\\\/pasquetta-trekking-e-picnic\\\/\",\"name\":\"Pasquetta, trekking e picnic il 2 aprile - Archivio CassanoWeb\",\"isPartOf\":{\"@id\":\"https:\\\/\\\/archiviocassano.lavocedelpaese.info\\\/#website\"},\"primaryImageOfPage\":{\"@id\":\"https:\\\/\\\/archiviocassano.lavocedelpaese.info\\\/index.php\\\/2018\\\/03\\\/27\\\/pasquetta-trekking-e-picnic\\\/#primaryimage\"},\"image\":{\"@id\":\"https:\\\/\\\/archiviocassano.lavocedelpaese.info\\\/index.php\\\/2018\\\/03\\\/27\\\/pasquetta-trekking-e-picnic\\\/#primaryimage\"},\"thumbnailUrl\":\"https:\\\/\\\/archiviocassano.lavocedelpaese.info\\\/wp-content\\\/uploads\\\/2018\\\/03\\\/WP_20170328_16_18_43_Rich.jpg\",\"datePublished\":\"2018-03-27T05:51:26+00:00\",\"breadcrumb\":{\"@id\":\"https:\\\/\\\/archiviocassano.lavocedelpaese.info\\\/index.php\\\/2018\\\/03\\\/27\\\/pasquetta-trekking-e-picnic\\\/#breadcrumb\"},\"inLanguage\":\"it-IT\",\"potentialAction\":[{\"@type\":\"ReadAction\",\"target\":[\"https:\\\/\\\/archiviocassano.lavocedelpaese.info\\\/index.php\\\/2018\\\/03\\\/27\\\/pasquetta-trekking-e-picnic\\\/\"]}]},{\"@type\":\"ImageObject\",\"inLanguage\":\"it-IT\",\"@id\":\"https:\\\/\\\/archiviocassano.lavocedelpaese.info\\\/index.php\\\/2018\\\/03\\\/27\\\/pasquetta-trekking-e-picnic\\\/#primaryimage\",\"url\":\"https:\\\/\\\/archiviocassano.lavocedelpaese.info\\\/wp-content\\\/uploads\\\/2018\\\/03\\\/WP_20170328_16_18_43_Rich.jpg\",\"contentUrl\":\"https:\\\/\\\/archiviocassano.lavocedelpaese.info\\\/wp-content\\\/uploads\\\/2018\\\/03\\\/WP_20170328_16_18_43_Rich.jpg\",\"width\":320,\"height\":180,\"caption\":\"WP 20170328 16 18 43 Rich\"},{\"@type\":\"BreadcrumbList\",\"@id\":\"https:\\\/\\\/archiviocassano.lavocedelpaese.info\\\/index.php\\\/2018\\\/03\\\/27\\\/pasquetta-trekking-e-picnic\\\/#breadcrumb\",\"itemListElement\":[{\"@type\":\"ListItem\",\"position\":1,\"name\":\"Home\",\"item\":\"https:\\\/\\\/archiviocassano.lavocedelpaese.info\\\/\"},{\"@type\":\"ListItem\",\"position\":2,\"name\":\"Pasquetta, trekking e picnic il 2 aprile\"}]},{\"@type\":\"WebSite\",\"@id\":\"https:\\\/\\\/archiviocassano.lavocedelpaese.info\\\/#website\",\"url\":\"https:\\\/\\\/archiviocassano.lavocedelpaese.info\\\/\",\"name\":\"Archivio CassanoWeb\",\"description\":\"La Voce del Paese - un network di idee\",\"publisher\":{\"@id\":\"https:\\\/\\\/archiviocassano.lavocedelpaese.info\\\/#organization\"},\"potentialAction\":[{\"@type\":\"SearchAction\",\"target\":{\"@type\":\"EntryPoint\",\"urlTemplate\":\"https:\\\/\\\/archiviocassano.lavocedelpaese.info\\\/?s={search_term_string}\"},\"query-input\":{\"@type\":\"PropertyValueSpecification\",\"valueRequired\":true,\"valueName\":\"search_term_string\"}}],\"inLanguage\":\"it-IT\"},{\"@type\":\"Organization\",\"@id\":\"https:\\\/\\\/archiviocassano.lavocedelpaese.info\\\/#organization\",\"name\":\"Archivio CassanoWeb\",\"url\":\"https:\\\/\\\/archiviocassano.lavocedelpaese.info\\\/\",\"logo\":{\"@type\":\"ImageObject\",\"inLanguage\":\"it-IT\",\"@id\":\"https:\\\/\\\/archiviocassano.lavocedelpaese.info\\\/#\\\/schema\\\/logo\\\/image\\\/\",\"url\":\"https:\\\/\\\/archiviocassano.lavocedelpaese.info\\\/wp-content\\\/uploads\\\/2024\\\/08\\\/logo-rosso-2.png\",\"contentUrl\":\"https:\\\/\\\/archiviocassano.lavocedelpaese.info\\\/wp-content\\\/uploads\\\/2024\\\/08\\\/logo-rosso-2.png\",\"width\":491,\"height\":432,\"caption\":\"Archivio CassanoWeb\"},\"image\":{\"@id\":\"https:\\\/\\\/archiviocassano.lavocedelpaese.info\\\/#\\\/schema\\\/logo\\\/image\\\/\"},\"sameAs\":[\"https:\\\/\\\/www.facebook.com\\\/redazione.cassanoweb\"]},{\"@type\":\"Person\",\"@id\":\"https:\\\/\\\/archiviocassano.lavocedelpaese.info\\\/#\\\/schema\\\/person\\\/df195bc79a9b4c35127cf005f92e041b\",\"name\":\"admin\",\"image\":{\"@type\":\"ImageObject\",\"inLanguage\":\"it-IT\",\"@id\":\"https:\\\/\\\/secure.gravatar.com\\\/avatar\\\/eabba89a432e8eaa1b0207cc55f7e5340b22712b1ed80677efcf63e02ff5b235?s=96&d=mm&r=g\",\"url\":\"https:\\\/\\\/secure.gravatar.com\\\/avatar\\\/eabba89a432e8eaa1b0207cc55f7e5340b22712b1ed80677efcf63e02ff5b235?s=96&d=mm&r=g\",\"contentUrl\":\"https:\\\/\\\/secure.gravatar.com\\\/avatar\\\/eabba89a432e8eaa1b0207cc55f7e5340b22712b1ed80677efcf63e02ff5b235?s=96&d=mm&r=g\",\"caption\":\"admin\"},\"sameAs\":[\"https:\\\/\\\/archiviocassano.lavocedelpaese.info\"],\"url\":\"https:\\\/\\\/archiviocassano.lavocedelpaese.info\\\/index.php\\\/author\\\/admin_0qgz1xdp\\\/\"}]}<\/script>\n<!-- \/ Yoast SEO plugin. -->","yoast_head_json":{"title":"Pasquetta, trekking e picnic il 2 aprile - Archivio CassanoWeb","robots":{"index":"index","follow":"follow","max-snippet":"max-snippet:-1","max-image-preview":"max-image-preview:large","max-video-preview":"max-video-preview:-1"},"canonical":"https:\/\/archiviocassano.lavocedelpaese.info\/index.php\/2018\/03\/27\/pasquetta-trekking-e-picnic\/","og_locale":"it_IT","og_type":"article","og_title":"Pasquetta, trekking e picnic il 2 aprile - Archivio CassanoWeb","og_url":"https:\/\/archiviocassano.lavocedelpaese.info\/index.php\/2018\/03\/27\/pasquetta-trekking-e-picnic\/","og_site_name":"Archivio CassanoWeb","article_publisher":"https:\/\/www.facebook.com\/redazione.cassanoweb","article_published_time":"2018-03-27T05:51:26+00:00","og_image":[{"width":320,"height":180,"url":"https:\/\/archiviocassano.lavocedelpaese.info\/wp-content\/uploads\/2018\/03\/WP_20170328_16_18_43_Rich.jpg","type":"image\/jpeg"}],"author":"admin","twitter_card":"summary_large_image","twitter_misc":{"Scritto da":"admin","Tempo di lettura stimato":"2 minuti"},"schema":{"@context":"https:\/\/schema.org","@graph":[{"@type":"Article","@id":"https:\/\/archiviocassano.lavocedelpaese.info\/index.php\/2018\/03\/27\/pasquetta-trekking-e-picnic\/#article","isPartOf":{"@id":"https:\/\/archiviocassano.lavocedelpaese.info\/index.php\/2018\/03\/27\/pasquetta-trekking-e-picnic\/"},"author":{"name":"admin","@id":"https:\/\/archiviocassano.lavocedelpaese.info\/#\/schema\/person\/df195bc79a9b4c35127cf005f92e041b"},"headline":"Pasquetta, trekking e picnic il 2 aprile","datePublished":"2018-03-27T05:51:26+00:00","mainEntityOfPage":{"@id":"https:\/\/archiviocassano.lavocedelpaese.info\/index.php\/2018\/03\/27\/pasquetta-trekking-e-picnic\/"},"wordCount":440,"commentCount":0,"publisher":{"@id":"https:\/\/archiviocassano.lavocedelpaese.info\/#organization"},"image":{"@id":"https:\/\/archiviocassano.lavocedelpaese.info\/index.php\/2018\/03\/27\/pasquetta-trekking-e-picnic\/#primaryimage"},"thumbnailUrl":"https:\/\/archiviocassano.lavocedelpaese.info\/wp-content\/uploads\/2018\/03\/WP_20170328_16_18_43_Rich.jpg","articleSection":["Appuntamenti"],"inLanguage":"it-IT","potentialAction":[{"@type":"CommentAction","name":"Comment","target":["https:\/\/archiviocassano.lavocedelpaese.info\/index.php\/2018\/03\/27\/pasquetta-trekking-e-picnic\/#respond"]}]},{"@type":"WebPage","@id":"https:\/\/archiviocassano.lavocedelpaese.info\/index.php\/2018\/03\/27\/pasquetta-trekking-e-picnic\/","url":"https:\/\/archiviocassano.lavocedelpaese.info\/index.php\/2018\/03\/27\/pasquetta-trekking-e-picnic\/","name":"Pasquetta, trekking e picnic il 2 aprile - Archivio CassanoWeb","isPartOf":{"@id":"https:\/\/archiviocassano.lavocedelpaese.info\/#website"},"primaryImageOfPage":{"@id":"https:\/\/archiviocassano.lavocedelpaese.info\/index.php\/2018\/03\/27\/pasquetta-trekking-e-picnic\/#primaryimage"},"image":{"@id":"https:\/\/archiviocassano.lavocedelpaese.info\/index.php\/2018\/03\/27\/pasquetta-trekking-e-picnic\/#primaryimage"},"thumbnailUrl":"https:\/\/archiviocassano.lavocedelpaese.info\/wp-content\/uploads\/2018\/03\/WP_20170328_16_18_43_Rich.jpg","datePublished":"2018-03-27T05:51:26+00:00","breadcrumb":{"@id":"https:\/\/archiviocassano.lavocedelpaese.info\/index.php\/2018\/03\/27\/pasquetta-trekking-e-picnic\/#breadcrumb"},"inLanguage":"it-IT","potentialAction":[{"@type":"ReadAction","target":["https:\/\/archiviocassano.lavocedelpaese.info\/index.php\/2018\/03\/27\/pasquetta-trekking-e-picnic\/"]}]},{"@type":"ImageObject","inLanguage":"it-IT","@id":"https:\/\/archiviocassano.lavocedelpaese.info\/index.php\/2018\/03\/27\/pasquetta-trekking-e-picnic\/#primaryimage","url":"https:\/\/archiviocassano.lavocedelpaese.info\/wp-content\/uploads\/2018\/03\/WP_20170328_16_18_43_Rich.jpg","contentUrl":"https:\/\/archiviocassano.lavocedelpaese.info\/wp-content\/uploads\/2018\/03\/WP_20170328_16_18_43_Rich.jpg","width":320,"height":180,"caption":"WP 20170328 16 18 43 Rich"},{"@type":"BreadcrumbList","@id":"https:\/\/archiviocassano.lavocedelpaese.info\/index.php\/2018\/03\/27\/pasquetta-trekking-e-picnic\/#breadcrumb","itemListElement":[{"@type":"ListItem","position":1,"name":"Home","item":"https:\/\/archiviocassano.lavocedelpaese.info\/"},{"@type":"ListItem","position":2,"name":"Pasquetta, trekking e picnic il 2 aprile"}]},{"@type":"WebSite","@id":"https:\/\/archiviocassano.lavocedelpaese.info\/#website","url":"https:\/\/archiviocassano.lavocedelpaese.info\/","name":"Archivio CassanoWeb","description":"La Voce del Paese - un network di idee","publisher":{"@id":"https:\/\/archiviocassano.lavocedelpaese.info\/#organization"},"potentialAction":[{"@type":"SearchAction","target":{"@type":"EntryPoint","urlTemplate":"https:\/\/archiviocassano.lavocedelpaese.info\/?s={search_term_string}"},"query-input":{"@type":"PropertyValueSpecification","valueRequired":true,"valueName":"search_term_string"}}],"inLanguage":"it-IT"},{"@type":"Organization","@id":"https:\/\/archiviocassano.lavocedelpaese.info\/#organization","name":"Archivio CassanoWeb","url":"https:\/\/archiviocassano.lavocedelpaese.info\/","logo":{"@type":"ImageObject","inLanguage":"it-IT","@id":"https:\/\/archiviocassano.lavocedelpaese.info\/#\/schema\/logo\/image\/","url":"https:\/\/archiviocassano.lavocedelpaese.info\/wp-content\/uploads\/2024\/08\/logo-rosso-2.png","contentUrl":"https:\/\/archiviocassano.lavocedelpaese.info\/wp-content\/uploads\/2024\/08\/logo-rosso-2.png","width":491,"height":432,"caption":"Archivio CassanoWeb"},"image":{"@id":"https:\/\/archiviocassano.lavocedelpaese.info\/#\/schema\/logo\/image\/"},"sameAs":["https:\/\/www.facebook.com\/redazione.cassanoweb"]},{"@type":"Person","@id":"https:\/\/archiviocassano.lavocedelpaese.info\/#\/schema\/person\/df195bc79a9b4c35127cf005f92e041b","name":"admin","image":{"@type":"ImageObject","inLanguage":"it-IT","@id":"https:\/\/secure.gravatar.com\/avatar\/eabba89a432e8eaa1b0207cc55f7e5340b22712b1ed80677efcf63e02ff5b235?s=96&d=mm&r=g","url":"https:\/\/secure.gravatar.com\/avatar\/eabba89a432e8eaa1b0207cc55f7e5340b22712b1ed80677efcf63e02ff5b235?s=96&d=mm&r=g","contentUrl":"https:\/\/secure.gravatar.com\/avatar\/eabba89a432e8eaa1b0207cc55f7e5340b22712b1ed80677efcf63e02ff5b235?s=96&d=mm&r=g","caption":"admin"},"sameAs":["https:\/\/archiviocassano.lavocedelpaese.info"],"url":"https:\/\/archiviocassano.lavocedelpaese.info\/index.php\/author\/admin_0qgz1xdp\/"}]}},"_links":{"self":[{"href":"https:\/\/archiviocassano.lavocedelpaese.info\/index.php\/wp-json\/wp\/v2\/posts\/15743","targetHints":{"allow":["GET"]}}],"collection":[{"href":"https:\/\/archiviocassano.lavocedelpaese.info\/index.php\/wp-json\/wp\/v2\/posts"}],"about":[{"href":"https:\/\/archiviocassano.lavocedelpaese.info\/index.php\/wp-json\/wp\/v2\/types\/post"}],"author":[{"embeddable":true,"href":"https:\/\/archiviocassano.lavocedelpaese.info\/index.php\/wp-json\/wp\/v2\/users\/1"}],"replies":[{"embeddable":true,"href":"https:\/\/archiviocassano.lavocedelpaese.info\/index.php\/wp-json\/wp\/v2\/comments?post=15743"}],"version-history":[{"count":0,"href":"https:\/\/archiviocassano.lavocedelpaese.info\/index.php\/wp-json\/wp\/v2\/posts\/15743\/revisions"}],"wp:featuredmedia":[{"embeddable":true,"href":"https:\/\/archiviocassano.lavocedelpaese.info\/index.php\/wp-json\/wp\/v2\/media\/15742"}],"wp:attachment":[{"href":"https:\/\/archiviocassano.lavocedelpaese.info\/index.php\/wp-json\/wp\/v2\/media?parent=15743"}],"wp:term":[{"taxonomy":"category","embeddable":true,"href":"https:\/\/archiviocassano.lavocedelpaese.info\/index.php\/wp-json\/wp\/v2\/categories?post=15743"},{"taxonomy":"post_tag","embeddable":true,"href":"https:\/\/archiviocassano.lavocedelpaese.info\/index.php\/wp-json\/wp\/v2\/tags?post=15743"}],"curies":[{"name":"wp","href":"https:\/\/api.w.org\/{rel}","templated":true}]}}