{"id":15747,"date":"2018-03-27T06:06:44","date_gmt":"2018-03-27T06:06:44","guid":{"rendered":"https:\/\/archiviocassano.lavocedelpaese.info\/index.php\/2018\/03\/27\/dal-governo-nuova-ondata\/"},"modified":"2018-03-27T06:06:44","modified_gmt":"2018-03-27T06:06:44","slug":"dal-governo-nuova-ondata","status":"publish","type":"post","link":"https:\/\/archiviocassano.lavocedelpaese.info\/index.php\/2018\/03\/27\/dal-governo-nuova-ondata\/","title":{"rendered":"&#8220;Parchi&#8221; eolici, Lipu: &#8220;fermiamo i cannibali di territorio&#8221;"},"content":{"rendered":"<p style=\"text-align: justify;\"><img loading=\"lazy\" decoding=\"async\" class=\" size-full wp-image-15746\" src=\"https:\/\/archiviocassano.lavocedelpaese.info\/wp-content\/uploads\/2018\/03\/eolico-pugliese.jpg\" width=\"320\" height=\"150\" alt=\"eolico-pugliese\" style=\"margin-right: 2px; margin-left: 2px;\" \/><\/p>\n<p><!--more--><\/p>\n<p>&nbsp;<\/p>\n<p style=\"text-align: justify;\"><strong>Dalla LIPU pugliese l<\/strong>\u2019<strong>allarme, l\u2019ennesimo da oltre 15 anni !!!! Nuovo saccheggio territoriale con la famigerata SEN<\/strong>, Strategia Energetica Nazionale approvata qualche mese fa dal Governo, e con il relativo<strong>&nbsp;Decreto Incentivi in arrivo alla Conferenza Stato Regioni<\/strong>.<\/p>\n<p style=\"text-align: justify;\">Una SEN impacchettata con un contributo rinnovabile speculativo, orientato quasi totalmente al comparto elettrico e trascurandone altri ben pi\u00f9 utili alla causa (trasporti, termico, ecc). Per tale atto,&nbsp;<strong>il Governo Gentiloni ha umiliato le leggi dello Stato<\/strong>&nbsp;<strong>sulla Valutazione Ambientale<\/strong>.<\/p>\n<p style=\"text-align: justify;\">Avrebbe dovuto essere un normale \u201cPiano\u201d Energetico Nazionale da assoggettarsi, come tutti i Piani, a&nbsp;<strong>VAS, Valutazione Ambientale Strategica<\/strong>, al fine di verificarne la sostenibilit\u00e0. Invece \u00e8 stato scandalosamente aggirato tale obbligo,<strong>&nbsp;definendo \u201cStrategia\u201d<\/strong>&nbsp;quello che dovrebbe essere un \u201cPiano\u201d!<strong>&nbsp;E cosi nessuna preventiva valutazione<\/strong>&nbsp;territoriale, ambientale, paesaggistica ma solo&nbsp;<strong>obiettivi<\/strong>&nbsp;<strong>finalizzati<\/strong>&nbsp;<strong>a legittimare nuovi succulenti sussidi&nbsp;<\/strong>per le societ\u00e0 energetiche.<\/p>\n<p style=\"text-align: justify;\">E sulla scia della SEN fuorilegge, in chiusura di legislatura&nbsp;<strong>il Governo ha avviato<\/strong>&nbsp;l\u2019iter di un<strong>&nbsp;nuovo Decreto<\/strong>&nbsp;<strong>per incentivi (ventennali!) a nuovi impianti rinnovabili per ben 6000 MW di capacit\u00e0<\/strong>. La bozza sta per essere sottoposta al&nbsp;<strong>parere della Conferenza Stato \u2013 Regioni<\/strong>, dove&nbsp;<strong>si misurer\u00e0 la moralit\u00e0 dei Governi regionali<\/strong>.<\/p>\n<p style=\"text-align: justify;\"><strong>La LIPU pugliese ha trasmesso<\/strong>&nbsp;una argomentata nota&nbsp;<strong>&nbsp;<\/strong><a href=\"http:\/\/www.lipucapitanata.it\/wp-content\/uploads\/2018\/03\/nota-19.3.18-a-Regione-x-SEN-e-Decreto-incentivi.pdf\" target=\"_blank\" data-saferedirecturl=\"https:\/\/www.google.com\/url?hl=it&amp;q=http:\/\/www.lipucapitanata.it\/wp-content\/uploads\/2018\/03\/nota-19.3.18-a-Regione-x-SEN-e-Decreto-incentivi.pdf&amp;source=gmail&amp;ust=1522216180207000&amp;usg=AFQjCNGyfsQUTCVPO85MxW31p0HCfpHSOg\" rel=\"noopener\"><strong>(vedi nota)<\/strong><\/a>&nbsp;<strong>al Governatore Emiliano, alla Giunta Regionale e ai Consiglieri Regionali<\/strong>, rivolgendo un&nbsp;<strong>appello affinch\u00e9 non sia replicata la brutta esperienza&nbsp;<\/strong>del 2015 sul precedente Decreto di incentivazione per centinaia di MW.<\/p>\n<p style=\"text-align: justify;\">In quella occasione la Regione lasci\u00f2 passare l\u2019atto senza sbattere i pugni sul tavolo, ignorando le richieste della LIPU. E cosi altre aree furono crocifisse.<\/p>\n<p style=\"text-align: justify;\">Questa volta sono&nbsp;<strong>6000 i MW<\/strong>&nbsp;in ballo<strong>, in gran parte eolico,<\/strong>&nbsp;che travolgeranno la Puglia !<\/p>\n<p style=\"text-align: justify;\"><i>Le Regioni hanno l\u2019obbligo morale di&nbsp;<strong>fermare&nbsp;&nbsp;i \u201cparchi\u201d cannibali<\/strong>&nbsp;e difendere quel che rimane dei propri territori&nbsp;<\/i>\u2013 \u00e8 l\u2019appello di Enzo Cripezzi della LIPU \u2013&nbsp;<i>altrimenti i politici saranno ricordati come coloro che hanno consegnato altri territori alla prostituzione.&nbsp;<strong>Emiliano ponga una vertenza non negoziabile<\/strong>&nbsp;<strong>in Conferenza Stato Regioni<\/strong>:&nbsp;<strong>BASTA prebende alla speculazione!<\/strong><\/i>&nbsp;<i>Quei fiumi di denaro vanno dirottati verso opzioni serie di lotta ai gas serra, non invasive e pi\u00f9 efficaci, con il concorso e al servizio dei cittadini.<\/i>&nbsp;<strong><i>Intervenire sul rubinetto dei sussidi \u00e8 il modo pi\u00f9 efficace per contrastare questa aggressione<\/i><\/strong>,&nbsp;<i>visto che i Regolamenti, il Piano Energetico e il Piano Paesaggistico regionali sono sempre pi\u00f9 carta straccia<\/i>\u201d.<\/p>\n<p style=\"text-align: justify;\"><strong>L\u2019odore dei soldi&nbsp;<\/strong>ha gi\u00e0 indotto le societ\u00e0 eoliche a presentare<strong>&nbsp;numerosi, ulteriori, giganteschi progetti alla V.I.A. che ora \u00e8 Ministeriale<\/strong>, prefigurando \u201cregali\u201d governativi alle societ\u00e0 eoliche.<\/p>\n<p style=\"text-align: justify;\">Nuove<strong>&nbsp;piantagioni di macchine eoliche gigantesche&nbsp;<\/strong>(i parchi finti), come quelle che hanno ucciso sul nascere e rimpiazzato il&nbsp;<strong>Parco Regionale<\/strong>&nbsp;dei&nbsp;<strong>Monti Dauni<\/strong>&nbsp;per migliaia di ettari. Cosi come stanno assediando&nbsp;<strong>a terra<\/strong>&nbsp;e&nbsp;<strong>a mare&nbsp;<\/strong>il&nbsp;<strong>Parco del Gargano&nbsp;<\/strong>e le&nbsp;<strong>Saline di Margherita di Savoia<\/strong>, hanno sfigurato<strong>&nbsp;<\/strong>la visuale di&nbsp;<strong>Castel del Monte<\/strong>&nbsp;nel&nbsp;<strong>Parco dell\u2019Alta Murgia.&nbsp;<\/strong>Stanno<strong>&nbsp;decontestualizzando i parchi archeologici&nbsp;<\/strong>in&nbsp;<strong>Salento&nbsp;<\/strong>con l\u2019espianto di centinaia di ulivi, l\u2019abbattimento di muretti a secco, l\u2019umiliazione delle&nbsp;<i>Pajare<\/i><strong>&nbsp;<\/strong>cosi come&nbsp;<strong>in Capitanata<\/strong>&nbsp;(Pinuccio di&nbsp;<i>Striscia<\/i>&nbsp;docet). Nuove centrali eoliche stanno per recintare anche le aree protette a&nbsp;<strong>S. Paolo di Civitate, a Bovino, a Cerignola\u2026&nbsp;<\/strong>o&nbsp;<strong>il Parco delle Gravine tarantine<\/strong>. Mentre il&nbsp;<strong>solare<\/strong>&nbsp;termodinamico sta per mangiarsi oltre&nbsp;<strong>100 ettari<\/strong>&nbsp;<strong>a S. Severo<\/strong>\u2026<\/p>\n<p style=\"text-align: justify;\">\u201c<strong><i>Sembra grave? E invece lo \u00e8 di pi\u00f9!!!!&nbsp;<\/i>\u2013&nbsp;<\/strong>conclude Cripezzi&nbsp;<strong>&#8211;<\/strong>&nbsp;<i>Ai tanti&nbsp;&nbsp;progetti in arrivo al Ministero, \u00e8 da aggiungere la valanga di impianti&nbsp;<strong>non realizzati ma gi\u00e0 autorizzati<\/strong>&nbsp;negli anni dalla&nbsp;<strong>Regione<\/strong>, nonch\u00e9 quelli autorizzati o in valutazione presso le<strong>&nbsp;Province<\/strong><\/i>&nbsp;(improvvidamente delegate dalla Regione dal 2008).&nbsp;<i>Impianti che non aspettano altro che nuovi sussidi<\/i>&nbsp;<i>!<\/i><\/p>\n<p style=\"text-align: justify;\">E\u2019 intollerabile l\u2019imposizione dittatoriale di tecnologie di generazione energetica<strong>&nbsp;<\/strong>come l\u2019<strong>eolico<\/strong>&nbsp;che, malgrado migliaia e migliaia di pale e i consumi ridotti dalla crisi,<strong>contribuisce per l\u20191,4% sul fabbisogno energetico totale dell\u2019Italia !<\/strong><\/p>\n<p>&nbsp;<\/p>\n<p>&nbsp;<\/p>\n","protected":false},"excerpt":{"rendered":"","protected":false},"author":1,"featured_media":15746,"comment_status":"open","ping_status":"closed","sticky":false,"template":"","format":"standard","meta":{"colormag_page_container_layout":"default_layout","colormag_page_sidebar_layout":"default_layout","footnotes":""},"categories":[4],"tags":[],"class_list":["post-15747","post","type-post","status-publish","format-standard","has-post-thumbnail","hentry","category-politica"],"yoast_head":"<!-- This site is optimized with the Yoast SEO plugin v27.5 - https:\/\/yoast.com\/product\/yoast-seo-wordpress\/ -->\n<title>&quot;Parchi&quot; eolici, Lipu: &quot;fermiamo i cannibali di territorio&quot; - Archivio CassanoWeb<\/title>\n<meta name=\"robots\" content=\"index, follow, max-snippet:-1, max-image-preview:large, max-video-preview:-1\" \/>\n<link rel=\"canonical\" href=\"https:\/\/archiviocassano.lavocedelpaese.info\/index.php\/2018\/03\/27\/dal-governo-nuova-ondata\/\" \/>\n<meta property=\"og:locale\" content=\"it_IT\" \/>\n<meta property=\"og:type\" content=\"article\" \/>\n<meta property=\"og:title\" content=\"&quot;Parchi&quot; eolici, Lipu: &quot;fermiamo i cannibali di territorio&quot; - Archivio CassanoWeb\" \/>\n<meta property=\"og:url\" content=\"https:\/\/archiviocassano.lavocedelpaese.info\/index.php\/2018\/03\/27\/dal-governo-nuova-ondata\/\" \/>\n<meta property=\"og:site_name\" content=\"Archivio CassanoWeb\" \/>\n<meta property=\"article:publisher\" content=\"https:\/\/www.facebook.com\/redazione.cassanoweb\" \/>\n<meta property=\"article:published_time\" content=\"2018-03-27T06:06:44+00:00\" \/>\n<meta property=\"og:image\" content=\"https:\/\/archiviocassano.lavocedelpaese.info\/wp-content\/uploads\/2018\/03\/eolico-pugliese.jpg\" \/>\n\t<meta property=\"og:image:width\" content=\"1000\" \/>\n\t<meta property=\"og:image:height\" content=\"750\" \/>\n\t<meta property=\"og:image:type\" content=\"image\/jpeg\" \/>\n<meta name=\"author\" content=\"admin\" \/>\n<meta name=\"twitter:card\" content=\"summary_large_image\" \/>\n<meta name=\"twitter:label1\" content=\"Scritto da\" \/>\n\t<meta name=\"twitter:data1\" content=\"admin\" \/>\n\t<meta name=\"twitter:label2\" content=\"Tempo di lettura stimato\" \/>\n\t<meta name=\"twitter:data2\" content=\"4 minuti\" \/>\n<script type=\"application\/ld+json\" class=\"yoast-schema-graph\">{\"@context\":\"https:\\\/\\\/schema.org\",\"@graph\":[{\"@type\":\"Article\",\"@id\":\"https:\\\/\\\/archiviocassano.lavocedelpaese.info\\\/index.php\\\/2018\\\/03\\\/27\\\/dal-governo-nuova-ondata\\\/#article\",\"isPartOf\":{\"@id\":\"https:\\\/\\\/archiviocassano.lavocedelpaese.info\\\/index.php\\\/2018\\\/03\\\/27\\\/dal-governo-nuova-ondata\\\/\"},\"author\":{\"name\":\"admin\",\"@id\":\"https:\\\/\\\/archiviocassano.lavocedelpaese.info\\\/#\\\/schema\\\/person\\\/df195bc79a9b4c35127cf005f92e041b\"},\"headline\":\"&#8220;Parchi&#8221; eolici, Lipu: &#8220;fermiamo i cannibali di territorio&#8221;\",\"datePublished\":\"2018-03-27T06:06:44+00:00\",\"mainEntityOfPage\":{\"@id\":\"https:\\\/\\\/archiviocassano.lavocedelpaese.info\\\/index.php\\\/2018\\\/03\\\/27\\\/dal-governo-nuova-ondata\\\/\"},\"wordCount\":732,\"commentCount\":0,\"publisher\":{\"@id\":\"https:\\\/\\\/archiviocassano.lavocedelpaese.info\\\/#organization\"},\"image\":{\"@id\":\"https:\\\/\\\/archiviocassano.lavocedelpaese.info\\\/index.php\\\/2018\\\/03\\\/27\\\/dal-governo-nuova-ondata\\\/#primaryimage\"},\"thumbnailUrl\":\"https:\\\/\\\/archiviocassano.lavocedelpaese.info\\\/wp-content\\\/uploads\\\/2018\\\/03\\\/eolico-pugliese.jpg\",\"articleSection\":[\"Politica\"],\"inLanguage\":\"it-IT\",\"potentialAction\":[{\"@type\":\"CommentAction\",\"name\":\"Comment\",\"target\":[\"https:\\\/\\\/archiviocassano.lavocedelpaese.info\\\/index.php\\\/2018\\\/03\\\/27\\\/dal-governo-nuova-ondata\\\/#respond\"]}]},{\"@type\":\"WebPage\",\"@id\":\"https:\\\/\\\/archiviocassano.lavocedelpaese.info\\\/index.php\\\/2018\\\/03\\\/27\\\/dal-governo-nuova-ondata\\\/\",\"url\":\"https:\\\/\\\/archiviocassano.lavocedelpaese.info\\\/index.php\\\/2018\\\/03\\\/27\\\/dal-governo-nuova-ondata\\\/\",\"name\":\"\\\"Parchi\\\" eolici, Lipu: \\\"fermiamo i cannibali di territorio\\\" - Archivio CassanoWeb\",\"isPartOf\":{\"@id\":\"https:\\\/\\\/archiviocassano.lavocedelpaese.info\\\/#website\"},\"primaryImageOfPage\":{\"@id\":\"https:\\\/\\\/archiviocassano.lavocedelpaese.info\\\/index.php\\\/2018\\\/03\\\/27\\\/dal-governo-nuova-ondata\\\/#primaryimage\"},\"image\":{\"@id\":\"https:\\\/\\\/archiviocassano.lavocedelpaese.info\\\/index.php\\\/2018\\\/03\\\/27\\\/dal-governo-nuova-ondata\\\/#primaryimage\"},\"thumbnailUrl\":\"https:\\\/\\\/archiviocassano.lavocedelpaese.info\\\/wp-content\\\/uploads\\\/2018\\\/03\\\/eolico-pugliese.jpg\",\"datePublished\":\"2018-03-27T06:06:44+00:00\",\"breadcrumb\":{\"@id\":\"https:\\\/\\\/archiviocassano.lavocedelpaese.info\\\/index.php\\\/2018\\\/03\\\/27\\\/dal-governo-nuova-ondata\\\/#breadcrumb\"},\"inLanguage\":\"it-IT\",\"potentialAction\":[{\"@type\":\"ReadAction\",\"target\":[\"https:\\\/\\\/archiviocassano.lavocedelpaese.info\\\/index.php\\\/2018\\\/03\\\/27\\\/dal-governo-nuova-ondata\\\/\"]}]},{\"@type\":\"ImageObject\",\"inLanguage\":\"it-IT\",\"@id\":\"https:\\\/\\\/archiviocassano.lavocedelpaese.info\\\/index.php\\\/2018\\\/03\\\/27\\\/dal-governo-nuova-ondata\\\/#primaryimage\",\"url\":\"https:\\\/\\\/archiviocassano.lavocedelpaese.info\\\/wp-content\\\/uploads\\\/2018\\\/03\\\/eolico-pugliese.jpg\",\"contentUrl\":\"https:\\\/\\\/archiviocassano.lavocedelpaese.info\\\/wp-content\\\/uploads\\\/2018\\\/03\\\/eolico-pugliese.jpg\",\"width\":1000,\"height\":750,\"caption\":\"eolico-pugliese\"},{\"@type\":\"BreadcrumbList\",\"@id\":\"https:\\\/\\\/archiviocassano.lavocedelpaese.info\\\/index.php\\\/2018\\\/03\\\/27\\\/dal-governo-nuova-ondata\\\/#breadcrumb\",\"itemListElement\":[{\"@type\":\"ListItem\",\"position\":1,\"name\":\"Home\",\"item\":\"https:\\\/\\\/archiviocassano.lavocedelpaese.info\\\/\"},{\"@type\":\"ListItem\",\"position\":2,\"name\":\"&#8220;Parchi&#8221; eolici, Lipu: &#8220;fermiamo i cannibali di territorio&#8221;\"}]},{\"@type\":\"WebSite\",\"@id\":\"https:\\\/\\\/archiviocassano.lavocedelpaese.info\\\/#website\",\"url\":\"https:\\\/\\\/archiviocassano.lavocedelpaese.info\\\/\",\"name\":\"Archivio CassanoWeb\",\"description\":\"La Voce del Paese - un network di idee\",\"publisher\":{\"@id\":\"https:\\\/\\\/archiviocassano.lavocedelpaese.info\\\/#organization\"},\"potentialAction\":[{\"@type\":\"SearchAction\",\"target\":{\"@type\":\"EntryPoint\",\"urlTemplate\":\"https:\\\/\\\/archiviocassano.lavocedelpaese.info\\\/?s={search_term_string}\"},\"query-input\":{\"@type\":\"PropertyValueSpecification\",\"valueRequired\":true,\"valueName\":\"search_term_string\"}}],\"inLanguage\":\"it-IT\"},{\"@type\":\"Organization\",\"@id\":\"https:\\\/\\\/archiviocassano.lavocedelpaese.info\\\/#organization\",\"name\":\"Archivio CassanoWeb\",\"url\":\"https:\\\/\\\/archiviocassano.lavocedelpaese.info\\\/\",\"logo\":{\"@type\":\"ImageObject\",\"inLanguage\":\"it-IT\",\"@id\":\"https:\\\/\\\/archiviocassano.lavocedelpaese.info\\\/#\\\/schema\\\/logo\\\/image\\\/\",\"url\":\"https:\\\/\\\/archiviocassano.lavocedelpaese.info\\\/wp-content\\\/uploads\\\/2024\\\/08\\\/logo-rosso-2.png\",\"contentUrl\":\"https:\\\/\\\/archiviocassano.lavocedelpaese.info\\\/wp-content\\\/uploads\\\/2024\\\/08\\\/logo-rosso-2.png\",\"width\":491,\"height\":432,\"caption\":\"Archivio CassanoWeb\"},\"image\":{\"@id\":\"https:\\\/\\\/archiviocassano.lavocedelpaese.info\\\/#\\\/schema\\\/logo\\\/image\\\/\"},\"sameAs\":[\"https:\\\/\\\/www.facebook.com\\\/redazione.cassanoweb\"]},{\"@type\":\"Person\",\"@id\":\"https:\\\/\\\/archiviocassano.lavocedelpaese.info\\\/#\\\/schema\\\/person\\\/df195bc79a9b4c35127cf005f92e041b\",\"name\":\"admin\",\"image\":{\"@type\":\"ImageObject\",\"inLanguage\":\"it-IT\",\"@id\":\"https:\\\/\\\/secure.gravatar.com\\\/avatar\\\/eabba89a432e8eaa1b0207cc55f7e5340b22712b1ed80677efcf63e02ff5b235?s=96&d=mm&r=g\",\"url\":\"https:\\\/\\\/secure.gravatar.com\\\/avatar\\\/eabba89a432e8eaa1b0207cc55f7e5340b22712b1ed80677efcf63e02ff5b235?s=96&d=mm&r=g\",\"contentUrl\":\"https:\\\/\\\/secure.gravatar.com\\\/avatar\\\/eabba89a432e8eaa1b0207cc55f7e5340b22712b1ed80677efcf63e02ff5b235?s=96&d=mm&r=g\",\"caption\":\"admin\"},\"sameAs\":[\"https:\\\/\\\/archiviocassano.lavocedelpaese.info\"],\"url\":\"https:\\\/\\\/archiviocassano.lavocedelpaese.info\\\/index.php\\\/author\\\/admin_0qgz1xdp\\\/\"}]}<\/script>\n<!-- \/ Yoast SEO plugin. -->","yoast_head_json":{"title":"\"Parchi\" eolici, Lipu: \"fermiamo i cannibali di territorio\" - Archivio CassanoWeb","robots":{"index":"index","follow":"follow","max-snippet":"max-snippet:-1","max-image-preview":"max-image-preview:large","max-video-preview":"max-video-preview:-1"},"canonical":"https:\/\/archiviocassano.lavocedelpaese.info\/index.php\/2018\/03\/27\/dal-governo-nuova-ondata\/","og_locale":"it_IT","og_type":"article","og_title":"\"Parchi\" eolici, Lipu: \"fermiamo i cannibali di territorio\" - Archivio CassanoWeb","og_url":"https:\/\/archiviocassano.lavocedelpaese.info\/index.php\/2018\/03\/27\/dal-governo-nuova-ondata\/","og_site_name":"Archivio CassanoWeb","article_publisher":"https:\/\/www.facebook.com\/redazione.cassanoweb","article_published_time":"2018-03-27T06:06:44+00:00","og_image":[{"width":1000,"height":750,"url":"https:\/\/archiviocassano.lavocedelpaese.info\/wp-content\/uploads\/2018\/03\/eolico-pugliese.jpg","type":"image\/jpeg"}],"author":"admin","twitter_card":"summary_large_image","twitter_misc":{"Scritto da":"admin","Tempo di lettura stimato":"4 minuti"},"schema":{"@context":"https:\/\/schema.org","@graph":[{"@type":"Article","@id":"https:\/\/archiviocassano.lavocedelpaese.info\/index.php\/2018\/03\/27\/dal-governo-nuova-ondata\/#article","isPartOf":{"@id":"https:\/\/archiviocassano.lavocedelpaese.info\/index.php\/2018\/03\/27\/dal-governo-nuova-ondata\/"},"author":{"name":"admin","@id":"https:\/\/archiviocassano.lavocedelpaese.info\/#\/schema\/person\/df195bc79a9b4c35127cf005f92e041b"},"headline":"&#8220;Parchi&#8221; eolici, Lipu: &#8220;fermiamo i cannibali di territorio&#8221;","datePublished":"2018-03-27T06:06:44+00:00","mainEntityOfPage":{"@id":"https:\/\/archiviocassano.lavocedelpaese.info\/index.php\/2018\/03\/27\/dal-governo-nuova-ondata\/"},"wordCount":732,"commentCount":0,"publisher":{"@id":"https:\/\/archiviocassano.lavocedelpaese.info\/#organization"},"image":{"@id":"https:\/\/archiviocassano.lavocedelpaese.info\/index.php\/2018\/03\/27\/dal-governo-nuova-ondata\/#primaryimage"},"thumbnailUrl":"https:\/\/archiviocassano.lavocedelpaese.info\/wp-content\/uploads\/2018\/03\/eolico-pugliese.jpg","articleSection":["Politica"],"inLanguage":"it-IT","potentialAction":[{"@type":"CommentAction","name":"Comment","target":["https:\/\/archiviocassano.lavocedelpaese.info\/index.php\/2018\/03\/27\/dal-governo-nuova-ondata\/#respond"]}]},{"@type":"WebPage","@id":"https:\/\/archiviocassano.lavocedelpaese.info\/index.php\/2018\/03\/27\/dal-governo-nuova-ondata\/","url":"https:\/\/archiviocassano.lavocedelpaese.info\/index.php\/2018\/03\/27\/dal-governo-nuova-ondata\/","name":"\"Parchi\" eolici, Lipu: \"fermiamo i cannibali di territorio\" - Archivio CassanoWeb","isPartOf":{"@id":"https:\/\/archiviocassano.lavocedelpaese.info\/#website"},"primaryImageOfPage":{"@id":"https:\/\/archiviocassano.lavocedelpaese.info\/index.php\/2018\/03\/27\/dal-governo-nuova-ondata\/#primaryimage"},"image":{"@id":"https:\/\/archiviocassano.lavocedelpaese.info\/index.php\/2018\/03\/27\/dal-governo-nuova-ondata\/#primaryimage"},"thumbnailUrl":"https:\/\/archiviocassano.lavocedelpaese.info\/wp-content\/uploads\/2018\/03\/eolico-pugliese.jpg","datePublished":"2018-03-27T06:06:44+00:00","breadcrumb":{"@id":"https:\/\/archiviocassano.lavocedelpaese.info\/index.php\/2018\/03\/27\/dal-governo-nuova-ondata\/#breadcrumb"},"inLanguage":"it-IT","potentialAction":[{"@type":"ReadAction","target":["https:\/\/archiviocassano.lavocedelpaese.info\/index.php\/2018\/03\/27\/dal-governo-nuova-ondata\/"]}]},{"@type":"ImageObject","inLanguage":"it-IT","@id":"https:\/\/archiviocassano.lavocedelpaese.info\/index.php\/2018\/03\/27\/dal-governo-nuova-ondata\/#primaryimage","url":"https:\/\/archiviocassano.lavocedelpaese.info\/wp-content\/uploads\/2018\/03\/eolico-pugliese.jpg","contentUrl":"https:\/\/archiviocassano.lavocedelpaese.info\/wp-content\/uploads\/2018\/03\/eolico-pugliese.jpg","width":1000,"height":750,"caption":"eolico-pugliese"},{"@type":"BreadcrumbList","@id":"https:\/\/archiviocassano.lavocedelpaese.info\/index.php\/2018\/03\/27\/dal-governo-nuova-ondata\/#breadcrumb","itemListElement":[{"@type":"ListItem","position":1,"name":"Home","item":"https:\/\/archiviocassano.lavocedelpaese.info\/"},{"@type":"ListItem","position":2,"name":"&#8220;Parchi&#8221; eolici, Lipu: &#8220;fermiamo i cannibali di territorio&#8221;"}]},{"@type":"WebSite","@id":"https:\/\/archiviocassano.lavocedelpaese.info\/#website","url":"https:\/\/archiviocassano.lavocedelpaese.info\/","name":"Archivio CassanoWeb","description":"La Voce del Paese - un network di idee","publisher":{"@id":"https:\/\/archiviocassano.lavocedelpaese.info\/#organization"},"potentialAction":[{"@type":"SearchAction","target":{"@type":"EntryPoint","urlTemplate":"https:\/\/archiviocassano.lavocedelpaese.info\/?s={search_term_string}"},"query-input":{"@type":"PropertyValueSpecification","valueRequired":true,"valueName":"search_term_string"}}],"inLanguage":"it-IT"},{"@type":"Organization","@id":"https:\/\/archiviocassano.lavocedelpaese.info\/#organization","name":"Archivio CassanoWeb","url":"https:\/\/archiviocassano.lavocedelpaese.info\/","logo":{"@type":"ImageObject","inLanguage":"it-IT","@id":"https:\/\/archiviocassano.lavocedelpaese.info\/#\/schema\/logo\/image\/","url":"https:\/\/archiviocassano.lavocedelpaese.info\/wp-content\/uploads\/2024\/08\/logo-rosso-2.png","contentUrl":"https:\/\/archiviocassano.lavocedelpaese.info\/wp-content\/uploads\/2024\/08\/logo-rosso-2.png","width":491,"height":432,"caption":"Archivio CassanoWeb"},"image":{"@id":"https:\/\/archiviocassano.lavocedelpaese.info\/#\/schema\/logo\/image\/"},"sameAs":["https:\/\/www.facebook.com\/redazione.cassanoweb"]},{"@type":"Person","@id":"https:\/\/archiviocassano.lavocedelpaese.info\/#\/schema\/person\/df195bc79a9b4c35127cf005f92e041b","name":"admin","image":{"@type":"ImageObject","inLanguage":"it-IT","@id":"https:\/\/secure.gravatar.com\/avatar\/eabba89a432e8eaa1b0207cc55f7e5340b22712b1ed80677efcf63e02ff5b235?s=96&d=mm&r=g","url":"https:\/\/secure.gravatar.com\/avatar\/eabba89a432e8eaa1b0207cc55f7e5340b22712b1ed80677efcf63e02ff5b235?s=96&d=mm&r=g","contentUrl":"https:\/\/secure.gravatar.com\/avatar\/eabba89a432e8eaa1b0207cc55f7e5340b22712b1ed80677efcf63e02ff5b235?s=96&d=mm&r=g","caption":"admin"},"sameAs":["https:\/\/archiviocassano.lavocedelpaese.info"],"url":"https:\/\/archiviocassano.lavocedelpaese.info\/index.php\/author\/admin_0qgz1xdp\/"}]}},"_links":{"self":[{"href":"https:\/\/archiviocassano.lavocedelpaese.info\/index.php\/wp-json\/wp\/v2\/posts\/15747","targetHints":{"allow":["GET"]}}],"collection":[{"href":"https:\/\/archiviocassano.lavocedelpaese.info\/index.php\/wp-json\/wp\/v2\/posts"}],"about":[{"href":"https:\/\/archiviocassano.lavocedelpaese.info\/index.php\/wp-json\/wp\/v2\/types\/post"}],"author":[{"embeddable":true,"href":"https:\/\/archiviocassano.lavocedelpaese.info\/index.php\/wp-json\/wp\/v2\/users\/1"}],"replies":[{"embeddable":true,"href":"https:\/\/archiviocassano.lavocedelpaese.info\/index.php\/wp-json\/wp\/v2\/comments?post=15747"}],"version-history":[{"count":0,"href":"https:\/\/archiviocassano.lavocedelpaese.info\/index.php\/wp-json\/wp\/v2\/posts\/15747\/revisions"}],"wp:featuredmedia":[{"embeddable":true,"href":"https:\/\/archiviocassano.lavocedelpaese.info\/index.php\/wp-json\/wp\/v2\/media\/15746"}],"wp:attachment":[{"href":"https:\/\/archiviocassano.lavocedelpaese.info\/index.php\/wp-json\/wp\/v2\/media?parent=15747"}],"wp:term":[{"taxonomy":"category","embeddable":true,"href":"https:\/\/archiviocassano.lavocedelpaese.info\/index.php\/wp-json\/wp\/v2\/categories?post=15747"},{"taxonomy":"post_tag","embeddable":true,"href":"https:\/\/archiviocassano.lavocedelpaese.info\/index.php\/wp-json\/wp\/v2\/tags?post=15747"}],"curies":[{"name":"wp","href":"https:\/\/api.w.org\/{rel}","templated":true}]}}