{"id":15783,"date":"2018-04-08T07:31:33","date_gmt":"2018-04-08T07:31:33","guid":{"rendered":"https:\/\/archiviocassano.lavocedelpaese.info\/index.php\/2018\/04\/08\/trekking-a-mangiar-sano-domenica-15-aprile\/"},"modified":"2018-04-08T07:31:33","modified_gmt":"2018-04-08T07:31:33","slug":"trekking-a-mangiar-sano-domenica-15-aprile","status":"publish","type":"post","link":"https:\/\/archiviocassano.lavocedelpaese.info\/index.php\/2018\/04\/08\/trekking-a-mangiar-sano-domenica-15-aprile\/","title":{"rendered":"Trekking &#038; mangiar sano domenica 15 aprile"},"content":{"rendered":"<p><img loading=\"lazy\" decoding=\"async\" class=\" size-full wp-image-15782\" src=\"https:\/\/archiviocassano.lavocedelpaese.info\/wp-content\/uploads\/2018\/04\/LocandinaFinale.jpg\" alt=\"LocandinaFinale\" style=\"margin-right: 2px; margin-left: 2px;\" height=\"150\" width=\"320\" \/><\/p>\n<p><!--more--><\/p>\n<p>Sar\u00e0 un medico nutrizionista a curare la parte culturale dell&#8217;attivit\u00e0 associativa&nbsp;<strong>Murgia Enjoy<\/strong>&nbsp;prevista per domenica 15 aprile 2018.<\/p>\n<p>E&#8217; gi\u00e0 la terza volta che l&#8217;associazione Murgia Enjoy, impegnata nella promozione, nella valorizzazione e nella tutela del territorio con il tramite di eventi escursionistico-culturali, ospita un medico che, questa volta, sottolineer\u00e0 l&#8217;importanza del contatto con la natura, di una moderata attivit\u00e0 fisica e di una corretta alimentazione. L&#8217;associazione culturale ha infatti riscontrato interesse, da parte di chi unisce il piacere di conoscere il territorio a quello della pratica delle attivit\u00e0 fisiche outdoor, per l&#8217;argomento &#8220;nutrizione&#8221;. Un&#8217;attenta ricerca ha consentito ai soci di individuare nel dott. Petti il valido professionista da cui apprendere &#8220;come mangiar sano&#8221; permettendo agli escursionisti ed agli amanti dell&#8217;ambiente di partecipare ad una delle iniziative associative settimanali che, come sempre, non si limitano a semplici passeggiate!&nbsp;<\/p>\n<p>Il&nbsp;<strong>dott. Gianluca Petti<\/strong>&nbsp;si \u00e8 laureato a pieni voti presso l\u2019Universit\u00e0 degli Studi di Bari e specializzato presso l\u2019Universit\u00e0 Federico II di Napoli, Laurea Magistrale in Scienze dell\u2019Alimentazione e Nutrizione Umana. Conferisce un Master di II livello presso L\u2019Universit\u00e0 Cattolica di Roma (Policlinico A. Gemelli) in Dietetica e Nutrizione Clinica Applicata. Ha partecipato in qualit\u00e0 di docente all\u2019iniziativa \u201cEducare a Prevenire\u201d nell\u2019ambito del programma, incentrato sulla prevenzione dei disturbi del comportamento alimentare, programma tenutosi in varie scuole di Bari e provincia.<\/p>\n<p>E&#8217; referente scientifico di centri sportivi e centri benessere di Bari e provincia ed \u00e8 stato referente scientifico dell\u2019Istituto di Ricerca SDN di Napoli. Ha partecipato in qualit\u00e0 di relatore al Congresso \u201cFertilit\u00e0, Gravidanza e Benessere\u201d ed \u00e8 stato l\u2019organizzatore scientifico e relatore del congresso internazionale di medicina della riproduzione. E&#8217; stato consulente in qualit\u00e0 di specialista in Scienza dell\u2019Alimentazione presso vari periodici e la sua presenza \u00e8 stata richiesta per la partecipazione a varie trasmissioni televisive e partecipa con interventi scientifici e divulgativi<\/p>\n<p>E\u2019 intervenuto in qualit\u00e0 di specialista per il Food Revolution Day e per l\u2019evento internazionale HUB.<\/p>\n<p>E\u2019 stato socio ADI (associazione di dietetica e nutrizione clinica italiana), e socio SIO (societ\u00e0 italiana obesit\u00e0). La sua attivit\u00e0 comprende la libera professione, sia in regime privato che in strutture convenzionate con il SSN. Nel 2012 crea una linea di prodotti dietetici innovativi ed esclusivi dal nome GP. E\u2019 referente scientifico da oltre 2 anni della struttura sportiva Villa Camilla (w-space), centro sportivo di riferimento in Puglia, con cui collabora e segue sportivi professionisti e persone che vogliono migliorare le prestazioni sportive o ritrovare la forma fisica ideale.<br \/>Insegna all\u2019Universita degli Studi di Bari, corsi di laurea del primo e secondo anno.<br \/>Per la partecipazione, consigliata da &#8220;La voce del paese&#8221;, sono raccomandate scarpe da trekking o da ginnastica, pantaloni lunghi, k-way, giubbotto e scorta d&#8217;acqua ed \u00e8 gradito un piccolo contributo di partecipazione che l&#8217;associazione investe per proporre seminari, conferenze, mostre, concorsi, dibattiti pubblici e per la copertura assicurativa indispensabile per le attivit\u00e0 escursionistiche.&nbsp;<\/p>\n<p>Il percorso, come sempre, sar\u00e0 adeguato alle capacit\u00e0 dei partecipanti lasciando la possibilit\u00e0 a TUTTI di prendere parte all\u2019evento. Un segno di rispetto e di sensibilit\u00e0 dovuto e che permette anche ai bambini, ai meno giovani ed ai meno fortunati di partecipare a queste iniziative di promozione del territorio.<\/p>\n<p>L&#8217;incontro dei partecipanti, ai quali sar\u00e0 distribuito materiale informativo del Parco Nazionale dell&#8217;Alta Murgia \u00e8 previsto domenica 15 aprile alle ore 9:00 sul piazzale del Convento di Cassano.&nbsp;<\/p>\n<p>In caso di pioggia l&#8217;attivit\u00e0 sar\u00e0 rinviata con comunicazione sulla pagina Facebook &#8220;Murgia Enjoy&#8221;.<\/p>\n<p>Al termine dell&#8217;attivit\u00e0, previsto per le ore 13:00 circa,<strong>&nbsp;i primi 20 partecipanti che raggiungeranno il punto di incontro, potranno gustare un pranzo con le bont\u00e0 culinarie de &#8220;L&#8217;antica tradizione&#8221; offerto dall&#8217;associazione<\/strong>&nbsp;agli escursionisti che ritireranno il buono all&#8217;inizio delle attivit\u00e0 a fronte di un contributo di soli 5\u20ac a persona.<\/p>\n<p>Ulteriori info al numero 328\/3130450 dopo le ore 18, con mail a&nbsp;<a href=\"mailto:murgiaenjoy@libero.it\" target=\"_blank\" rel=\"noopener\">murgiaenjoy@libero.it<\/a>&nbsp;o sull&#8217;evento Facebook al link:&nbsp;<a href=\"https:\/\/www.facebook.com\/events\/365693010604035\/\" target=\"_blank\" data-saferedirecturl=\"https:\/\/www.google.com\/url?hl=it&amp;q=https:\/\/www.facebook.com\/events\/365693010604035\/&amp;source=gmail&amp;ust=1523164941363000&amp;usg=AFQjCNHWCv_q7iVQjSboQByb-pmFMua2wg\" rel=\"noopener\">https:\/\/www.facebook.com\/<wbr \/>events\/365693010604035\/<\/a>.<\/p>\n<p>&nbsp;<\/p>\n<p>&nbsp;<\/p>\n","protected":false},"excerpt":{"rendered":"","protected":false},"author":1,"featured_media":15782,"comment_status":"open","ping_status":"closed","sticky":false,"template":"","format":"standard","meta":{"colormag_page_container_layout":"default_layout","colormag_page_sidebar_layout":"default_layout","footnotes":""},"categories":[11],"tags":[],"class_list":["post-15783","post","type-post","status-publish","format-standard","has-post-thumbnail","hentry","category-appuntamenti"],"yoast_head":"<!-- This site is optimized with the Yoast SEO plugin v27.5 - https:\/\/yoast.com\/product\/yoast-seo-wordpress\/ -->\n<title>Trekking &amp; mangiar sano domenica 15 aprile - Archivio CassanoWeb<\/title>\n<meta name=\"robots\" content=\"index, follow, max-snippet:-1, max-image-preview:large, max-video-preview:-1\" \/>\n<link rel=\"canonical\" href=\"https:\/\/archiviocassano.lavocedelpaese.info\/index.php\/2018\/04\/08\/trekking-a-mangiar-sano-domenica-15-aprile\/\" \/>\n<meta property=\"og:locale\" content=\"it_IT\" \/>\n<meta property=\"og:type\" content=\"article\" \/>\n<meta property=\"og:title\" content=\"Trekking &amp; mangiar sano domenica 15 aprile - Archivio CassanoWeb\" \/>\n<meta property=\"og:url\" content=\"https:\/\/archiviocassano.lavocedelpaese.info\/index.php\/2018\/04\/08\/trekking-a-mangiar-sano-domenica-15-aprile\/\" \/>\n<meta property=\"og:site_name\" content=\"Archivio CassanoWeb\" \/>\n<meta property=\"article:publisher\" content=\"https:\/\/www.facebook.com\/redazione.cassanoweb\" \/>\n<meta property=\"article:published_time\" content=\"2018-04-08T07:31:33+00:00\" \/>\n<meta property=\"og:image\" content=\"https:\/\/archiviocassano.lavocedelpaese.info\/wp-content\/uploads\/2018\/04\/LocandinaFinale.jpg\" \/>\n\t<meta property=\"og:image:width\" content=\"1079\" \/>\n\t<meta property=\"og:image:height\" content=\"720\" \/>\n\t<meta property=\"og:image:type\" content=\"image\/jpeg\" \/>\n<meta name=\"author\" content=\"admin\" \/>\n<meta name=\"twitter:card\" content=\"summary_large_image\" \/>\n<meta name=\"twitter:label1\" content=\"Scritto da\" \/>\n\t<meta name=\"twitter:data1\" content=\"admin\" \/>\n\t<meta name=\"twitter:label2\" content=\"Tempo di lettura stimato\" \/>\n\t<meta name=\"twitter:data2\" content=\"3 minuti\" \/>\n<script type=\"application\/ld+json\" class=\"yoast-schema-graph\">{\"@context\":\"https:\\\/\\\/schema.org\",\"@graph\":[{\"@type\":\"Article\",\"@id\":\"https:\\\/\\\/archiviocassano.lavocedelpaese.info\\\/index.php\\\/2018\\\/04\\\/08\\\/trekking-a-mangiar-sano-domenica-15-aprile\\\/#article\",\"isPartOf\":{\"@id\":\"https:\\\/\\\/archiviocassano.lavocedelpaese.info\\\/index.php\\\/2018\\\/04\\\/08\\\/trekking-a-mangiar-sano-domenica-15-aprile\\\/\"},\"author\":{\"name\":\"admin\",\"@id\":\"https:\\\/\\\/archiviocassano.lavocedelpaese.info\\\/#\\\/schema\\\/person\\\/df195bc79a9b4c35127cf005f92e041b\"},\"headline\":\"Trekking &#038; mangiar sano domenica 15 aprile\",\"datePublished\":\"2018-04-08T07:31:33+00:00\",\"mainEntityOfPage\":{\"@id\":\"https:\\\/\\\/archiviocassano.lavocedelpaese.info\\\/index.php\\\/2018\\\/04\\\/08\\\/trekking-a-mangiar-sano-domenica-15-aprile\\\/\"},\"wordCount\":675,\"commentCount\":0,\"publisher\":{\"@id\":\"https:\\\/\\\/archiviocassano.lavocedelpaese.info\\\/#organization\"},\"image\":{\"@id\":\"https:\\\/\\\/archiviocassano.lavocedelpaese.info\\\/index.php\\\/2018\\\/04\\\/08\\\/trekking-a-mangiar-sano-domenica-15-aprile\\\/#primaryimage\"},\"thumbnailUrl\":\"https:\\\/\\\/archiviocassano.lavocedelpaese.info\\\/wp-content\\\/uploads\\\/2018\\\/04\\\/LocandinaFinale.jpg\",\"articleSection\":[\"Appuntamenti\"],\"inLanguage\":\"it-IT\",\"potentialAction\":[{\"@type\":\"CommentAction\",\"name\":\"Comment\",\"target\":[\"https:\\\/\\\/archiviocassano.lavocedelpaese.info\\\/index.php\\\/2018\\\/04\\\/08\\\/trekking-a-mangiar-sano-domenica-15-aprile\\\/#respond\"]}]},{\"@type\":\"WebPage\",\"@id\":\"https:\\\/\\\/archiviocassano.lavocedelpaese.info\\\/index.php\\\/2018\\\/04\\\/08\\\/trekking-a-mangiar-sano-domenica-15-aprile\\\/\",\"url\":\"https:\\\/\\\/archiviocassano.lavocedelpaese.info\\\/index.php\\\/2018\\\/04\\\/08\\\/trekking-a-mangiar-sano-domenica-15-aprile\\\/\",\"name\":\"Trekking & mangiar sano domenica 15 aprile - Archivio CassanoWeb\",\"isPartOf\":{\"@id\":\"https:\\\/\\\/archiviocassano.lavocedelpaese.info\\\/#website\"},\"primaryImageOfPage\":{\"@id\":\"https:\\\/\\\/archiviocassano.lavocedelpaese.info\\\/index.php\\\/2018\\\/04\\\/08\\\/trekking-a-mangiar-sano-domenica-15-aprile\\\/#primaryimage\"},\"image\":{\"@id\":\"https:\\\/\\\/archiviocassano.lavocedelpaese.info\\\/index.php\\\/2018\\\/04\\\/08\\\/trekking-a-mangiar-sano-domenica-15-aprile\\\/#primaryimage\"},\"thumbnailUrl\":\"https:\\\/\\\/archiviocassano.lavocedelpaese.info\\\/wp-content\\\/uploads\\\/2018\\\/04\\\/LocandinaFinale.jpg\",\"datePublished\":\"2018-04-08T07:31:33+00:00\",\"breadcrumb\":{\"@id\":\"https:\\\/\\\/archiviocassano.lavocedelpaese.info\\\/index.php\\\/2018\\\/04\\\/08\\\/trekking-a-mangiar-sano-domenica-15-aprile\\\/#breadcrumb\"},\"inLanguage\":\"it-IT\",\"potentialAction\":[{\"@type\":\"ReadAction\",\"target\":[\"https:\\\/\\\/archiviocassano.lavocedelpaese.info\\\/index.php\\\/2018\\\/04\\\/08\\\/trekking-a-mangiar-sano-domenica-15-aprile\\\/\"]}]},{\"@type\":\"ImageObject\",\"inLanguage\":\"it-IT\",\"@id\":\"https:\\\/\\\/archiviocassano.lavocedelpaese.info\\\/index.php\\\/2018\\\/04\\\/08\\\/trekking-a-mangiar-sano-domenica-15-aprile\\\/#primaryimage\",\"url\":\"https:\\\/\\\/archiviocassano.lavocedelpaese.info\\\/wp-content\\\/uploads\\\/2018\\\/04\\\/LocandinaFinale.jpg\",\"contentUrl\":\"https:\\\/\\\/archiviocassano.lavocedelpaese.info\\\/wp-content\\\/uploads\\\/2018\\\/04\\\/LocandinaFinale.jpg\",\"width\":1079,\"height\":720,\"caption\":\"LocandinaFinale\"},{\"@type\":\"BreadcrumbList\",\"@id\":\"https:\\\/\\\/archiviocassano.lavocedelpaese.info\\\/index.php\\\/2018\\\/04\\\/08\\\/trekking-a-mangiar-sano-domenica-15-aprile\\\/#breadcrumb\",\"itemListElement\":[{\"@type\":\"ListItem\",\"position\":1,\"name\":\"Home\",\"item\":\"https:\\\/\\\/archiviocassano.lavocedelpaese.info\\\/\"},{\"@type\":\"ListItem\",\"position\":2,\"name\":\"Trekking &#038; mangiar sano domenica 15 aprile\"}]},{\"@type\":\"WebSite\",\"@id\":\"https:\\\/\\\/archiviocassano.lavocedelpaese.info\\\/#website\",\"url\":\"https:\\\/\\\/archiviocassano.lavocedelpaese.info\\\/\",\"name\":\"Archivio CassanoWeb\",\"description\":\"La Voce del Paese - un network di idee\",\"publisher\":{\"@id\":\"https:\\\/\\\/archiviocassano.lavocedelpaese.info\\\/#organization\"},\"potentialAction\":[{\"@type\":\"SearchAction\",\"target\":{\"@type\":\"EntryPoint\",\"urlTemplate\":\"https:\\\/\\\/archiviocassano.lavocedelpaese.info\\\/?s={search_term_string}\"},\"query-input\":{\"@type\":\"PropertyValueSpecification\",\"valueRequired\":true,\"valueName\":\"search_term_string\"}}],\"inLanguage\":\"it-IT\"},{\"@type\":\"Organization\",\"@id\":\"https:\\\/\\\/archiviocassano.lavocedelpaese.info\\\/#organization\",\"name\":\"Archivio CassanoWeb\",\"url\":\"https:\\\/\\\/archiviocassano.lavocedelpaese.info\\\/\",\"logo\":{\"@type\":\"ImageObject\",\"inLanguage\":\"it-IT\",\"@id\":\"https:\\\/\\\/archiviocassano.lavocedelpaese.info\\\/#\\\/schema\\\/logo\\\/image\\\/\",\"url\":\"https:\\\/\\\/archiviocassano.lavocedelpaese.info\\\/wp-content\\\/uploads\\\/2024\\\/08\\\/logo-rosso-2.png\",\"contentUrl\":\"https:\\\/\\\/archiviocassano.lavocedelpaese.info\\\/wp-content\\\/uploads\\\/2024\\\/08\\\/logo-rosso-2.png\",\"width\":491,\"height\":432,\"caption\":\"Archivio CassanoWeb\"},\"image\":{\"@id\":\"https:\\\/\\\/archiviocassano.lavocedelpaese.info\\\/#\\\/schema\\\/logo\\\/image\\\/\"},\"sameAs\":[\"https:\\\/\\\/www.facebook.com\\\/redazione.cassanoweb\"]},{\"@type\":\"Person\",\"@id\":\"https:\\\/\\\/archiviocassano.lavocedelpaese.info\\\/#\\\/schema\\\/person\\\/df195bc79a9b4c35127cf005f92e041b\",\"name\":\"admin\",\"image\":{\"@type\":\"ImageObject\",\"inLanguage\":\"it-IT\",\"@id\":\"https:\\\/\\\/secure.gravatar.com\\\/avatar\\\/eabba89a432e8eaa1b0207cc55f7e5340b22712b1ed80677efcf63e02ff5b235?s=96&d=mm&r=g\",\"url\":\"https:\\\/\\\/secure.gravatar.com\\\/avatar\\\/eabba89a432e8eaa1b0207cc55f7e5340b22712b1ed80677efcf63e02ff5b235?s=96&d=mm&r=g\",\"contentUrl\":\"https:\\\/\\\/secure.gravatar.com\\\/avatar\\\/eabba89a432e8eaa1b0207cc55f7e5340b22712b1ed80677efcf63e02ff5b235?s=96&d=mm&r=g\",\"caption\":\"admin\"},\"sameAs\":[\"https:\\\/\\\/archiviocassano.lavocedelpaese.info\"],\"url\":\"https:\\\/\\\/archiviocassano.lavocedelpaese.info\\\/index.php\\\/author\\\/admin_0qgz1xdp\\\/\"}]}<\/script>\n<!-- \/ Yoast SEO plugin. -->","yoast_head_json":{"title":"Trekking & mangiar sano domenica 15 aprile - Archivio CassanoWeb","robots":{"index":"index","follow":"follow","max-snippet":"max-snippet:-1","max-image-preview":"max-image-preview:large","max-video-preview":"max-video-preview:-1"},"canonical":"https:\/\/archiviocassano.lavocedelpaese.info\/index.php\/2018\/04\/08\/trekking-a-mangiar-sano-domenica-15-aprile\/","og_locale":"it_IT","og_type":"article","og_title":"Trekking & mangiar sano domenica 15 aprile - Archivio CassanoWeb","og_url":"https:\/\/archiviocassano.lavocedelpaese.info\/index.php\/2018\/04\/08\/trekking-a-mangiar-sano-domenica-15-aprile\/","og_site_name":"Archivio CassanoWeb","article_publisher":"https:\/\/www.facebook.com\/redazione.cassanoweb","article_published_time":"2018-04-08T07:31:33+00:00","og_image":[{"width":1079,"height":720,"url":"https:\/\/archiviocassano.lavocedelpaese.info\/wp-content\/uploads\/2018\/04\/LocandinaFinale.jpg","type":"image\/jpeg"}],"author":"admin","twitter_card":"summary_large_image","twitter_misc":{"Scritto da":"admin","Tempo di lettura stimato":"3 minuti"},"schema":{"@context":"https:\/\/schema.org","@graph":[{"@type":"Article","@id":"https:\/\/archiviocassano.lavocedelpaese.info\/index.php\/2018\/04\/08\/trekking-a-mangiar-sano-domenica-15-aprile\/#article","isPartOf":{"@id":"https:\/\/archiviocassano.lavocedelpaese.info\/index.php\/2018\/04\/08\/trekking-a-mangiar-sano-domenica-15-aprile\/"},"author":{"name":"admin","@id":"https:\/\/archiviocassano.lavocedelpaese.info\/#\/schema\/person\/df195bc79a9b4c35127cf005f92e041b"},"headline":"Trekking &#038; mangiar sano domenica 15 aprile","datePublished":"2018-04-08T07:31:33+00:00","mainEntityOfPage":{"@id":"https:\/\/archiviocassano.lavocedelpaese.info\/index.php\/2018\/04\/08\/trekking-a-mangiar-sano-domenica-15-aprile\/"},"wordCount":675,"commentCount":0,"publisher":{"@id":"https:\/\/archiviocassano.lavocedelpaese.info\/#organization"},"image":{"@id":"https:\/\/archiviocassano.lavocedelpaese.info\/index.php\/2018\/04\/08\/trekking-a-mangiar-sano-domenica-15-aprile\/#primaryimage"},"thumbnailUrl":"https:\/\/archiviocassano.lavocedelpaese.info\/wp-content\/uploads\/2018\/04\/LocandinaFinale.jpg","articleSection":["Appuntamenti"],"inLanguage":"it-IT","potentialAction":[{"@type":"CommentAction","name":"Comment","target":["https:\/\/archiviocassano.lavocedelpaese.info\/index.php\/2018\/04\/08\/trekking-a-mangiar-sano-domenica-15-aprile\/#respond"]}]},{"@type":"WebPage","@id":"https:\/\/archiviocassano.lavocedelpaese.info\/index.php\/2018\/04\/08\/trekking-a-mangiar-sano-domenica-15-aprile\/","url":"https:\/\/archiviocassano.lavocedelpaese.info\/index.php\/2018\/04\/08\/trekking-a-mangiar-sano-domenica-15-aprile\/","name":"Trekking & mangiar sano domenica 15 aprile - Archivio CassanoWeb","isPartOf":{"@id":"https:\/\/archiviocassano.lavocedelpaese.info\/#website"},"primaryImageOfPage":{"@id":"https:\/\/archiviocassano.lavocedelpaese.info\/index.php\/2018\/04\/08\/trekking-a-mangiar-sano-domenica-15-aprile\/#primaryimage"},"image":{"@id":"https:\/\/archiviocassano.lavocedelpaese.info\/index.php\/2018\/04\/08\/trekking-a-mangiar-sano-domenica-15-aprile\/#primaryimage"},"thumbnailUrl":"https:\/\/archiviocassano.lavocedelpaese.info\/wp-content\/uploads\/2018\/04\/LocandinaFinale.jpg","datePublished":"2018-04-08T07:31:33+00:00","breadcrumb":{"@id":"https:\/\/archiviocassano.lavocedelpaese.info\/index.php\/2018\/04\/08\/trekking-a-mangiar-sano-domenica-15-aprile\/#breadcrumb"},"inLanguage":"it-IT","potentialAction":[{"@type":"ReadAction","target":["https:\/\/archiviocassano.lavocedelpaese.info\/index.php\/2018\/04\/08\/trekking-a-mangiar-sano-domenica-15-aprile\/"]}]},{"@type":"ImageObject","inLanguage":"it-IT","@id":"https:\/\/archiviocassano.lavocedelpaese.info\/index.php\/2018\/04\/08\/trekking-a-mangiar-sano-domenica-15-aprile\/#primaryimage","url":"https:\/\/archiviocassano.lavocedelpaese.info\/wp-content\/uploads\/2018\/04\/LocandinaFinale.jpg","contentUrl":"https:\/\/archiviocassano.lavocedelpaese.info\/wp-content\/uploads\/2018\/04\/LocandinaFinale.jpg","width":1079,"height":720,"caption":"LocandinaFinale"},{"@type":"BreadcrumbList","@id":"https:\/\/archiviocassano.lavocedelpaese.info\/index.php\/2018\/04\/08\/trekking-a-mangiar-sano-domenica-15-aprile\/#breadcrumb","itemListElement":[{"@type":"ListItem","position":1,"name":"Home","item":"https:\/\/archiviocassano.lavocedelpaese.info\/"},{"@type":"ListItem","position":2,"name":"Trekking &#038; mangiar sano domenica 15 aprile"}]},{"@type":"WebSite","@id":"https:\/\/archiviocassano.lavocedelpaese.info\/#website","url":"https:\/\/archiviocassano.lavocedelpaese.info\/","name":"Archivio CassanoWeb","description":"La Voce del Paese - un network di idee","publisher":{"@id":"https:\/\/archiviocassano.lavocedelpaese.info\/#organization"},"potentialAction":[{"@type":"SearchAction","target":{"@type":"EntryPoint","urlTemplate":"https:\/\/archiviocassano.lavocedelpaese.info\/?s={search_term_string}"},"query-input":{"@type":"PropertyValueSpecification","valueRequired":true,"valueName":"search_term_string"}}],"inLanguage":"it-IT"},{"@type":"Organization","@id":"https:\/\/archiviocassano.lavocedelpaese.info\/#organization","name":"Archivio CassanoWeb","url":"https:\/\/archiviocassano.lavocedelpaese.info\/","logo":{"@type":"ImageObject","inLanguage":"it-IT","@id":"https:\/\/archiviocassano.lavocedelpaese.info\/#\/schema\/logo\/image\/","url":"https:\/\/archiviocassano.lavocedelpaese.info\/wp-content\/uploads\/2024\/08\/logo-rosso-2.png","contentUrl":"https:\/\/archiviocassano.lavocedelpaese.info\/wp-content\/uploads\/2024\/08\/logo-rosso-2.png","width":491,"height":432,"caption":"Archivio CassanoWeb"},"image":{"@id":"https:\/\/archiviocassano.lavocedelpaese.info\/#\/schema\/logo\/image\/"},"sameAs":["https:\/\/www.facebook.com\/redazione.cassanoweb"]},{"@type":"Person","@id":"https:\/\/archiviocassano.lavocedelpaese.info\/#\/schema\/person\/df195bc79a9b4c35127cf005f92e041b","name":"admin","image":{"@type":"ImageObject","inLanguage":"it-IT","@id":"https:\/\/secure.gravatar.com\/avatar\/eabba89a432e8eaa1b0207cc55f7e5340b22712b1ed80677efcf63e02ff5b235?s=96&d=mm&r=g","url":"https:\/\/secure.gravatar.com\/avatar\/eabba89a432e8eaa1b0207cc55f7e5340b22712b1ed80677efcf63e02ff5b235?s=96&d=mm&r=g","contentUrl":"https:\/\/secure.gravatar.com\/avatar\/eabba89a432e8eaa1b0207cc55f7e5340b22712b1ed80677efcf63e02ff5b235?s=96&d=mm&r=g","caption":"admin"},"sameAs":["https:\/\/archiviocassano.lavocedelpaese.info"],"url":"https:\/\/archiviocassano.lavocedelpaese.info\/index.php\/author\/admin_0qgz1xdp\/"}]}},"_links":{"self":[{"href":"https:\/\/archiviocassano.lavocedelpaese.info\/index.php\/wp-json\/wp\/v2\/posts\/15783","targetHints":{"allow":["GET"]}}],"collection":[{"href":"https:\/\/archiviocassano.lavocedelpaese.info\/index.php\/wp-json\/wp\/v2\/posts"}],"about":[{"href":"https:\/\/archiviocassano.lavocedelpaese.info\/index.php\/wp-json\/wp\/v2\/types\/post"}],"author":[{"embeddable":true,"href":"https:\/\/archiviocassano.lavocedelpaese.info\/index.php\/wp-json\/wp\/v2\/users\/1"}],"replies":[{"embeddable":true,"href":"https:\/\/archiviocassano.lavocedelpaese.info\/index.php\/wp-json\/wp\/v2\/comments?post=15783"}],"version-history":[{"count":0,"href":"https:\/\/archiviocassano.lavocedelpaese.info\/index.php\/wp-json\/wp\/v2\/posts\/15783\/revisions"}],"wp:featuredmedia":[{"embeddable":true,"href":"https:\/\/archiviocassano.lavocedelpaese.info\/index.php\/wp-json\/wp\/v2\/media\/15782"}],"wp:attachment":[{"href":"https:\/\/archiviocassano.lavocedelpaese.info\/index.php\/wp-json\/wp\/v2\/media?parent=15783"}],"wp:term":[{"taxonomy":"category","embeddable":true,"href":"https:\/\/archiviocassano.lavocedelpaese.info\/index.php\/wp-json\/wp\/v2\/categories?post=15783"},{"taxonomy":"post_tag","embeddable":true,"href":"https:\/\/archiviocassano.lavocedelpaese.info\/index.php\/wp-json\/wp\/v2\/tags?post=15783"}],"curies":[{"name":"wp","href":"https:\/\/api.w.org\/{rel}","templated":true}]}}