{"id":15831,"date":"2018-04-21T05:16:45","date_gmt":"2018-04-21T05:16:45","guid":{"rendered":"https:\/\/archiviocassano.lavocedelpaese.info\/index.php\/2018\/04\/21\/il-qcaffe-delle-buone-praticheq-sabato-il-primo-incontro\/"},"modified":"2018-04-21T05:16:45","modified_gmt":"2018-04-21T05:16:45","slug":"il-qcaffe-delle-buone-praticheq-sabato-il-primo-incontro","status":"publish","type":"post","link":"https:\/\/archiviocassano.lavocedelpaese.info\/index.php\/2018\/04\/21\/il-qcaffe-delle-buone-praticheq-sabato-il-primo-incontro\/","title":{"rendered":"Il &#8220;Caff\u00e8 delle Buone Pratiche&#8221;. Sabato il primo incontro"},"content":{"rendered":"<p><img loading=\"lazy\" decoding=\"async\" class=\" size-full wp-image-15830\" src=\"https:\/\/archiviocassano.lavocedelpaese.info\/wp-content\/uploads\/2018\/04\/il_cammino_materano_locandina_1.jpg\" alt=\"il cammino materano locandina 1\" style=\"margin-right: 2px; margin-left: 2px;\" height=\"150\" width=\"320\" \/><\/p>\n<p><!--more--><\/p>\n<p style=\"text-align: justify;\">Evento inaugurale dei Caff\u00e8 delle Buone Pratiche, ideato dal gruppo &#8220;Progetto in Comune&#8221;, dal titolo:&nbsp;<strong>IL CAMMINO&nbsp; MATERANO<\/strong>.&nbsp;L&#8217;incontro si terr\u00e0&nbsp;<strong>Sabato 21 Aprile&nbsp;<\/strong>presso la<strong>&nbsp;Caffetteria Il Principe, in Piazza Moro, alle&nbsp; ore 18.00<\/strong>.<\/p>\n<p style=\"text-align: justify;\">Spieghiamo innanzitutto cosa saranno i \u201c<strong>CAFFE\u2019 DELLE BUONE PRATICHE<\/strong>\u201d.&nbsp;<em>&#8220;Incontrare persone appassionate e visionarie, conoscere esperienze di pratiche virtuose attivate dal basso, constatare che si pu\u00f2 valorizzare la nostra terra riconoscendone le risorse, possono innescare un progetto condiviso di cambiamento che, sommando le energie positive della nostra gente, costruisca una comunit\u00e0 che aspiri alla realizzazione del bene collettivo.<\/em><\/p>\n<p style=\"text-align: justify;\"><em>Ci crediamo fortemente e per questa ragione abbiamo organizzato un ciclo di incontri informali in cui, bevendo un caff\u00e8 davanti al tavolo di un bar o in una delle tante belle piazze della nostra cittadina, possiamo ascoltare i racconti di chi ha avviato, in realt\u00e0 molto simili a quella cassanese, buone pratiche di convivenza civile e innescato processi reali di cambiamento.<\/em><\/p>\n<p style=\"text-align: justify;\"><em>Le esperienze concrete che ascolteremo dai nostri ospiti ci permetteranno di affrontare questioni riguardanti l\u2019ambiente, il paesaggio, l\u2019economia, la cultura, l\u2019arte, il turismo, etc. etc. in modo quanto pi\u00f9 possibile interdisciplinare.&#8221;<\/em><\/p>\n<p style=\"text-align: justify;\">Iniziamo dal&nbsp;<strong>CAMMINO MATERANO<\/strong>!<\/p>\n<p style=\"text-align: justify;\">L&#8217;evento vuole coinvolgere le realt\u00e0 del territorio sul tema dei CAMMINI.<\/p>\n<p style=\"text-align: justify;\">In collaborazione con le associazioni&nbsp;<strong>Nordic Walking Sud<\/strong>&nbsp;e&nbsp;<strong>In Itinere<\/strong>&nbsp;(promotrici del Cammino Materano) si parler\u00e0 di un modo diverso di intendere il turismo, di potenzialit\u00e0 del nostro territorio, di cultura e conservazione dello stesso. Si risponder\u00e0 a domande sull&#8217;accoglienza, sul cammino, sulle opportunit\u00e0 per tutta la collettivit\u00e0. Insomma, uno spunto per parlare di Cassano e magari guardarlo con gli occhi di chi, attraversandolo a piedi, con lentezza, lo vede con occhi pi\u00f9 analitici.<\/p>\n<p style=\"text-align: right;\"><strong>PROGETTO IN COMUNE<\/strong><\/p>\n<p>&nbsp;<\/p>\n<p>&nbsp;<\/p>\n","protected":false},"excerpt":{"rendered":"","protected":false},"author":1,"featured_media":15830,"comment_status":"open","ping_status":"closed","sticky":false,"template":"","format":"standard","meta":{"colormag_page_container_layout":"default_layout","colormag_page_sidebar_layout":"default_layout","footnotes":""},"categories":[11],"tags":[],"class_list":["post-15831","post","type-post","status-publish","format-standard","has-post-thumbnail","hentry","category-appuntamenti"],"yoast_head":"<!-- This site is optimized with the Yoast SEO plugin v27.5 - https:\/\/yoast.com\/product\/yoast-seo-wordpress\/ -->\n<title>Il &quot;Caff\u00e8 delle Buone Pratiche&quot;. Sabato il primo incontro - Archivio CassanoWeb<\/title>\n<meta name=\"robots\" content=\"index, follow, max-snippet:-1, max-image-preview:large, max-video-preview:-1\" \/>\n<link rel=\"canonical\" href=\"https:\/\/archiviocassano.lavocedelpaese.info\/index.php\/2018\/04\/21\/il-qcaffe-delle-buone-praticheq-sabato-il-primo-incontro\/\" \/>\n<meta property=\"og:locale\" content=\"it_IT\" \/>\n<meta property=\"og:type\" content=\"article\" \/>\n<meta property=\"og:title\" content=\"Il &quot;Caff\u00e8 delle Buone Pratiche&quot;. Sabato il primo incontro - Archivio CassanoWeb\" \/>\n<meta property=\"og:url\" content=\"https:\/\/archiviocassano.lavocedelpaese.info\/index.php\/2018\/04\/21\/il-qcaffe-delle-buone-praticheq-sabato-il-primo-incontro\/\" \/>\n<meta property=\"og:site_name\" content=\"Archivio CassanoWeb\" \/>\n<meta property=\"article:publisher\" content=\"https:\/\/www.facebook.com\/redazione.cassanoweb\" \/>\n<meta property=\"article:published_time\" content=\"2018-04-21T05:16:45+00:00\" \/>\n<meta property=\"og:image\" content=\"https:\/\/archiviocassano.lavocedelpaese.info\/wp-content\/uploads\/2018\/04\/il_cammino_materano_locandina_1.jpg\" \/>\n\t<meta property=\"og:image:width\" content=\"1506\" \/>\n\t<meta property=\"og:image:height\" content=\"632\" \/>\n\t<meta property=\"og:image:type\" content=\"image\/jpeg\" \/>\n<meta name=\"author\" content=\"admin\" \/>\n<meta name=\"twitter:card\" content=\"summary_large_image\" \/>\n<meta name=\"twitter:label1\" content=\"Scritto da\" \/>\n\t<meta name=\"twitter:data1\" content=\"admin\" \/>\n\t<meta name=\"twitter:label2\" content=\"Tempo di lettura stimato\" \/>\n\t<meta name=\"twitter:data2\" content=\"1 minuto\" \/>\n<script type=\"application\/ld+json\" class=\"yoast-schema-graph\">{\"@context\":\"https:\\\/\\\/schema.org\",\"@graph\":[{\"@type\":\"Article\",\"@id\":\"https:\\\/\\\/archiviocassano.lavocedelpaese.info\\\/index.php\\\/2018\\\/04\\\/21\\\/il-qcaffe-delle-buone-praticheq-sabato-il-primo-incontro\\\/#article\",\"isPartOf\":{\"@id\":\"https:\\\/\\\/archiviocassano.lavocedelpaese.info\\\/index.php\\\/2018\\\/04\\\/21\\\/il-qcaffe-delle-buone-praticheq-sabato-il-primo-incontro\\\/\"},\"author\":{\"name\":\"admin\",\"@id\":\"https:\\\/\\\/archiviocassano.lavocedelpaese.info\\\/#\\\/schema\\\/person\\\/df195bc79a9b4c35127cf005f92e041b\"},\"headline\":\"Il &#8220;Caff\u00e8 delle Buone Pratiche&#8221;. Sabato il primo incontro\",\"datePublished\":\"2018-04-21T05:16:45+00:00\",\"mainEntityOfPage\":{\"@id\":\"https:\\\/\\\/archiviocassano.lavocedelpaese.info\\\/index.php\\\/2018\\\/04\\\/21\\\/il-qcaffe-delle-buone-praticheq-sabato-il-primo-incontro\\\/\"},\"wordCount\":306,\"commentCount\":0,\"publisher\":{\"@id\":\"https:\\\/\\\/archiviocassano.lavocedelpaese.info\\\/#organization\"},\"image\":{\"@id\":\"https:\\\/\\\/archiviocassano.lavocedelpaese.info\\\/index.php\\\/2018\\\/04\\\/21\\\/il-qcaffe-delle-buone-praticheq-sabato-il-primo-incontro\\\/#primaryimage\"},\"thumbnailUrl\":\"https:\\\/\\\/archiviocassano.lavocedelpaese.info\\\/wp-content\\\/uploads\\\/2018\\\/04\\\/il_cammino_materano_locandina_1.jpg\",\"articleSection\":[\"Appuntamenti\"],\"inLanguage\":\"it-IT\",\"potentialAction\":[{\"@type\":\"CommentAction\",\"name\":\"Comment\",\"target\":[\"https:\\\/\\\/archiviocassano.lavocedelpaese.info\\\/index.php\\\/2018\\\/04\\\/21\\\/il-qcaffe-delle-buone-praticheq-sabato-il-primo-incontro\\\/#respond\"]}]},{\"@type\":\"WebPage\",\"@id\":\"https:\\\/\\\/archiviocassano.lavocedelpaese.info\\\/index.php\\\/2018\\\/04\\\/21\\\/il-qcaffe-delle-buone-praticheq-sabato-il-primo-incontro\\\/\",\"url\":\"https:\\\/\\\/archiviocassano.lavocedelpaese.info\\\/index.php\\\/2018\\\/04\\\/21\\\/il-qcaffe-delle-buone-praticheq-sabato-il-primo-incontro\\\/\",\"name\":\"Il \\\"Caff\u00e8 delle Buone Pratiche\\\". Sabato il primo incontro - Archivio CassanoWeb\",\"isPartOf\":{\"@id\":\"https:\\\/\\\/archiviocassano.lavocedelpaese.info\\\/#website\"},\"primaryImageOfPage\":{\"@id\":\"https:\\\/\\\/archiviocassano.lavocedelpaese.info\\\/index.php\\\/2018\\\/04\\\/21\\\/il-qcaffe-delle-buone-praticheq-sabato-il-primo-incontro\\\/#primaryimage\"},\"image\":{\"@id\":\"https:\\\/\\\/archiviocassano.lavocedelpaese.info\\\/index.php\\\/2018\\\/04\\\/21\\\/il-qcaffe-delle-buone-praticheq-sabato-il-primo-incontro\\\/#primaryimage\"},\"thumbnailUrl\":\"https:\\\/\\\/archiviocassano.lavocedelpaese.info\\\/wp-content\\\/uploads\\\/2018\\\/04\\\/il_cammino_materano_locandina_1.jpg\",\"datePublished\":\"2018-04-21T05:16:45+00:00\",\"breadcrumb\":{\"@id\":\"https:\\\/\\\/archiviocassano.lavocedelpaese.info\\\/index.php\\\/2018\\\/04\\\/21\\\/il-qcaffe-delle-buone-praticheq-sabato-il-primo-incontro\\\/#breadcrumb\"},\"inLanguage\":\"it-IT\",\"potentialAction\":[{\"@type\":\"ReadAction\",\"target\":[\"https:\\\/\\\/archiviocassano.lavocedelpaese.info\\\/index.php\\\/2018\\\/04\\\/21\\\/il-qcaffe-delle-buone-praticheq-sabato-il-primo-incontro\\\/\"]}]},{\"@type\":\"ImageObject\",\"inLanguage\":\"it-IT\",\"@id\":\"https:\\\/\\\/archiviocassano.lavocedelpaese.info\\\/index.php\\\/2018\\\/04\\\/21\\\/il-qcaffe-delle-buone-praticheq-sabato-il-primo-incontro\\\/#primaryimage\",\"url\":\"https:\\\/\\\/archiviocassano.lavocedelpaese.info\\\/wp-content\\\/uploads\\\/2018\\\/04\\\/il_cammino_materano_locandina_1.jpg\",\"contentUrl\":\"https:\\\/\\\/archiviocassano.lavocedelpaese.info\\\/wp-content\\\/uploads\\\/2018\\\/04\\\/il_cammino_materano_locandina_1.jpg\",\"width\":1506,\"height\":632,\"caption\":\"il cammino materano locandina 1\"},{\"@type\":\"BreadcrumbList\",\"@id\":\"https:\\\/\\\/archiviocassano.lavocedelpaese.info\\\/index.php\\\/2018\\\/04\\\/21\\\/il-qcaffe-delle-buone-praticheq-sabato-il-primo-incontro\\\/#breadcrumb\",\"itemListElement\":[{\"@type\":\"ListItem\",\"position\":1,\"name\":\"Home\",\"item\":\"https:\\\/\\\/archiviocassano.lavocedelpaese.info\\\/\"},{\"@type\":\"ListItem\",\"position\":2,\"name\":\"Il &#8220;Caff\u00e8 delle Buone Pratiche&#8221;. Sabato il primo incontro\"}]},{\"@type\":\"WebSite\",\"@id\":\"https:\\\/\\\/archiviocassano.lavocedelpaese.info\\\/#website\",\"url\":\"https:\\\/\\\/archiviocassano.lavocedelpaese.info\\\/\",\"name\":\"Archivio CassanoWeb\",\"description\":\"La Voce del Paese - un network di idee\",\"publisher\":{\"@id\":\"https:\\\/\\\/archiviocassano.lavocedelpaese.info\\\/#organization\"},\"potentialAction\":[{\"@type\":\"SearchAction\",\"target\":{\"@type\":\"EntryPoint\",\"urlTemplate\":\"https:\\\/\\\/archiviocassano.lavocedelpaese.info\\\/?s={search_term_string}\"},\"query-input\":{\"@type\":\"PropertyValueSpecification\",\"valueRequired\":true,\"valueName\":\"search_term_string\"}}],\"inLanguage\":\"it-IT\"},{\"@type\":\"Organization\",\"@id\":\"https:\\\/\\\/archiviocassano.lavocedelpaese.info\\\/#organization\",\"name\":\"Archivio CassanoWeb\",\"url\":\"https:\\\/\\\/archiviocassano.lavocedelpaese.info\\\/\",\"logo\":{\"@type\":\"ImageObject\",\"inLanguage\":\"it-IT\",\"@id\":\"https:\\\/\\\/archiviocassano.lavocedelpaese.info\\\/#\\\/schema\\\/logo\\\/image\\\/\",\"url\":\"https:\\\/\\\/archiviocassano.lavocedelpaese.info\\\/wp-content\\\/uploads\\\/2024\\\/08\\\/logo-rosso-2.png\",\"contentUrl\":\"https:\\\/\\\/archiviocassano.lavocedelpaese.info\\\/wp-content\\\/uploads\\\/2024\\\/08\\\/logo-rosso-2.png\",\"width\":491,\"height\":432,\"caption\":\"Archivio CassanoWeb\"},\"image\":{\"@id\":\"https:\\\/\\\/archiviocassano.lavocedelpaese.info\\\/#\\\/schema\\\/logo\\\/image\\\/\"},\"sameAs\":[\"https:\\\/\\\/www.facebook.com\\\/redazione.cassanoweb\"]},{\"@type\":\"Person\",\"@id\":\"https:\\\/\\\/archiviocassano.lavocedelpaese.info\\\/#\\\/schema\\\/person\\\/df195bc79a9b4c35127cf005f92e041b\",\"name\":\"admin\",\"image\":{\"@type\":\"ImageObject\",\"inLanguage\":\"it-IT\",\"@id\":\"https:\\\/\\\/secure.gravatar.com\\\/avatar\\\/eabba89a432e8eaa1b0207cc55f7e5340b22712b1ed80677efcf63e02ff5b235?s=96&d=mm&r=g\",\"url\":\"https:\\\/\\\/secure.gravatar.com\\\/avatar\\\/eabba89a432e8eaa1b0207cc55f7e5340b22712b1ed80677efcf63e02ff5b235?s=96&d=mm&r=g\",\"contentUrl\":\"https:\\\/\\\/secure.gravatar.com\\\/avatar\\\/eabba89a432e8eaa1b0207cc55f7e5340b22712b1ed80677efcf63e02ff5b235?s=96&d=mm&r=g\",\"caption\":\"admin\"},\"sameAs\":[\"https:\\\/\\\/archiviocassano.lavocedelpaese.info\"],\"url\":\"https:\\\/\\\/archiviocassano.lavocedelpaese.info\\\/index.php\\\/author\\\/admin_0qgz1xdp\\\/\"}]}<\/script>\n<!-- \/ Yoast SEO plugin. -->","yoast_head_json":{"title":"Il \"Caff\u00e8 delle Buone Pratiche\". Sabato il primo incontro - Archivio CassanoWeb","robots":{"index":"index","follow":"follow","max-snippet":"max-snippet:-1","max-image-preview":"max-image-preview:large","max-video-preview":"max-video-preview:-1"},"canonical":"https:\/\/archiviocassano.lavocedelpaese.info\/index.php\/2018\/04\/21\/il-qcaffe-delle-buone-praticheq-sabato-il-primo-incontro\/","og_locale":"it_IT","og_type":"article","og_title":"Il \"Caff\u00e8 delle Buone Pratiche\". Sabato il primo incontro - Archivio CassanoWeb","og_url":"https:\/\/archiviocassano.lavocedelpaese.info\/index.php\/2018\/04\/21\/il-qcaffe-delle-buone-praticheq-sabato-il-primo-incontro\/","og_site_name":"Archivio CassanoWeb","article_publisher":"https:\/\/www.facebook.com\/redazione.cassanoweb","article_published_time":"2018-04-21T05:16:45+00:00","og_image":[{"width":1506,"height":632,"url":"https:\/\/archiviocassano.lavocedelpaese.info\/wp-content\/uploads\/2018\/04\/il_cammino_materano_locandina_1.jpg","type":"image\/jpeg"}],"author":"admin","twitter_card":"summary_large_image","twitter_misc":{"Scritto da":"admin","Tempo di lettura stimato":"1 minuto"},"schema":{"@context":"https:\/\/schema.org","@graph":[{"@type":"Article","@id":"https:\/\/archiviocassano.lavocedelpaese.info\/index.php\/2018\/04\/21\/il-qcaffe-delle-buone-praticheq-sabato-il-primo-incontro\/#article","isPartOf":{"@id":"https:\/\/archiviocassano.lavocedelpaese.info\/index.php\/2018\/04\/21\/il-qcaffe-delle-buone-praticheq-sabato-il-primo-incontro\/"},"author":{"name":"admin","@id":"https:\/\/archiviocassano.lavocedelpaese.info\/#\/schema\/person\/df195bc79a9b4c35127cf005f92e041b"},"headline":"Il &#8220;Caff\u00e8 delle Buone Pratiche&#8221;. Sabato il primo incontro","datePublished":"2018-04-21T05:16:45+00:00","mainEntityOfPage":{"@id":"https:\/\/archiviocassano.lavocedelpaese.info\/index.php\/2018\/04\/21\/il-qcaffe-delle-buone-praticheq-sabato-il-primo-incontro\/"},"wordCount":306,"commentCount":0,"publisher":{"@id":"https:\/\/archiviocassano.lavocedelpaese.info\/#organization"},"image":{"@id":"https:\/\/archiviocassano.lavocedelpaese.info\/index.php\/2018\/04\/21\/il-qcaffe-delle-buone-praticheq-sabato-il-primo-incontro\/#primaryimage"},"thumbnailUrl":"https:\/\/archiviocassano.lavocedelpaese.info\/wp-content\/uploads\/2018\/04\/il_cammino_materano_locandina_1.jpg","articleSection":["Appuntamenti"],"inLanguage":"it-IT","potentialAction":[{"@type":"CommentAction","name":"Comment","target":["https:\/\/archiviocassano.lavocedelpaese.info\/index.php\/2018\/04\/21\/il-qcaffe-delle-buone-praticheq-sabato-il-primo-incontro\/#respond"]}]},{"@type":"WebPage","@id":"https:\/\/archiviocassano.lavocedelpaese.info\/index.php\/2018\/04\/21\/il-qcaffe-delle-buone-praticheq-sabato-il-primo-incontro\/","url":"https:\/\/archiviocassano.lavocedelpaese.info\/index.php\/2018\/04\/21\/il-qcaffe-delle-buone-praticheq-sabato-il-primo-incontro\/","name":"Il \"Caff\u00e8 delle Buone Pratiche\". Sabato il primo incontro - Archivio CassanoWeb","isPartOf":{"@id":"https:\/\/archiviocassano.lavocedelpaese.info\/#website"},"primaryImageOfPage":{"@id":"https:\/\/archiviocassano.lavocedelpaese.info\/index.php\/2018\/04\/21\/il-qcaffe-delle-buone-praticheq-sabato-il-primo-incontro\/#primaryimage"},"image":{"@id":"https:\/\/archiviocassano.lavocedelpaese.info\/index.php\/2018\/04\/21\/il-qcaffe-delle-buone-praticheq-sabato-il-primo-incontro\/#primaryimage"},"thumbnailUrl":"https:\/\/archiviocassano.lavocedelpaese.info\/wp-content\/uploads\/2018\/04\/il_cammino_materano_locandina_1.jpg","datePublished":"2018-04-21T05:16:45+00:00","breadcrumb":{"@id":"https:\/\/archiviocassano.lavocedelpaese.info\/index.php\/2018\/04\/21\/il-qcaffe-delle-buone-praticheq-sabato-il-primo-incontro\/#breadcrumb"},"inLanguage":"it-IT","potentialAction":[{"@type":"ReadAction","target":["https:\/\/archiviocassano.lavocedelpaese.info\/index.php\/2018\/04\/21\/il-qcaffe-delle-buone-praticheq-sabato-il-primo-incontro\/"]}]},{"@type":"ImageObject","inLanguage":"it-IT","@id":"https:\/\/archiviocassano.lavocedelpaese.info\/index.php\/2018\/04\/21\/il-qcaffe-delle-buone-praticheq-sabato-il-primo-incontro\/#primaryimage","url":"https:\/\/archiviocassano.lavocedelpaese.info\/wp-content\/uploads\/2018\/04\/il_cammino_materano_locandina_1.jpg","contentUrl":"https:\/\/archiviocassano.lavocedelpaese.info\/wp-content\/uploads\/2018\/04\/il_cammino_materano_locandina_1.jpg","width":1506,"height":632,"caption":"il cammino materano locandina 1"},{"@type":"BreadcrumbList","@id":"https:\/\/archiviocassano.lavocedelpaese.info\/index.php\/2018\/04\/21\/il-qcaffe-delle-buone-praticheq-sabato-il-primo-incontro\/#breadcrumb","itemListElement":[{"@type":"ListItem","position":1,"name":"Home","item":"https:\/\/archiviocassano.lavocedelpaese.info\/"},{"@type":"ListItem","position":2,"name":"Il &#8220;Caff\u00e8 delle Buone Pratiche&#8221;. Sabato il primo incontro"}]},{"@type":"WebSite","@id":"https:\/\/archiviocassano.lavocedelpaese.info\/#website","url":"https:\/\/archiviocassano.lavocedelpaese.info\/","name":"Archivio CassanoWeb","description":"La Voce del Paese - un network di idee","publisher":{"@id":"https:\/\/archiviocassano.lavocedelpaese.info\/#organization"},"potentialAction":[{"@type":"SearchAction","target":{"@type":"EntryPoint","urlTemplate":"https:\/\/archiviocassano.lavocedelpaese.info\/?s={search_term_string}"},"query-input":{"@type":"PropertyValueSpecification","valueRequired":true,"valueName":"search_term_string"}}],"inLanguage":"it-IT"},{"@type":"Organization","@id":"https:\/\/archiviocassano.lavocedelpaese.info\/#organization","name":"Archivio CassanoWeb","url":"https:\/\/archiviocassano.lavocedelpaese.info\/","logo":{"@type":"ImageObject","inLanguage":"it-IT","@id":"https:\/\/archiviocassano.lavocedelpaese.info\/#\/schema\/logo\/image\/","url":"https:\/\/archiviocassano.lavocedelpaese.info\/wp-content\/uploads\/2024\/08\/logo-rosso-2.png","contentUrl":"https:\/\/archiviocassano.lavocedelpaese.info\/wp-content\/uploads\/2024\/08\/logo-rosso-2.png","width":491,"height":432,"caption":"Archivio CassanoWeb"},"image":{"@id":"https:\/\/archiviocassano.lavocedelpaese.info\/#\/schema\/logo\/image\/"},"sameAs":["https:\/\/www.facebook.com\/redazione.cassanoweb"]},{"@type":"Person","@id":"https:\/\/archiviocassano.lavocedelpaese.info\/#\/schema\/person\/df195bc79a9b4c35127cf005f92e041b","name":"admin","image":{"@type":"ImageObject","inLanguage":"it-IT","@id":"https:\/\/secure.gravatar.com\/avatar\/eabba89a432e8eaa1b0207cc55f7e5340b22712b1ed80677efcf63e02ff5b235?s=96&d=mm&r=g","url":"https:\/\/secure.gravatar.com\/avatar\/eabba89a432e8eaa1b0207cc55f7e5340b22712b1ed80677efcf63e02ff5b235?s=96&d=mm&r=g","contentUrl":"https:\/\/secure.gravatar.com\/avatar\/eabba89a432e8eaa1b0207cc55f7e5340b22712b1ed80677efcf63e02ff5b235?s=96&d=mm&r=g","caption":"admin"},"sameAs":["https:\/\/archiviocassano.lavocedelpaese.info"],"url":"https:\/\/archiviocassano.lavocedelpaese.info\/index.php\/author\/admin_0qgz1xdp\/"}]}},"_links":{"self":[{"href":"https:\/\/archiviocassano.lavocedelpaese.info\/index.php\/wp-json\/wp\/v2\/posts\/15831","targetHints":{"allow":["GET"]}}],"collection":[{"href":"https:\/\/archiviocassano.lavocedelpaese.info\/index.php\/wp-json\/wp\/v2\/posts"}],"about":[{"href":"https:\/\/archiviocassano.lavocedelpaese.info\/index.php\/wp-json\/wp\/v2\/types\/post"}],"author":[{"embeddable":true,"href":"https:\/\/archiviocassano.lavocedelpaese.info\/index.php\/wp-json\/wp\/v2\/users\/1"}],"replies":[{"embeddable":true,"href":"https:\/\/archiviocassano.lavocedelpaese.info\/index.php\/wp-json\/wp\/v2\/comments?post=15831"}],"version-history":[{"count":0,"href":"https:\/\/archiviocassano.lavocedelpaese.info\/index.php\/wp-json\/wp\/v2\/posts\/15831\/revisions"}],"wp:featuredmedia":[{"embeddable":true,"href":"https:\/\/archiviocassano.lavocedelpaese.info\/index.php\/wp-json\/wp\/v2\/media\/15830"}],"wp:attachment":[{"href":"https:\/\/archiviocassano.lavocedelpaese.info\/index.php\/wp-json\/wp\/v2\/media?parent=15831"}],"wp:term":[{"taxonomy":"category","embeddable":true,"href":"https:\/\/archiviocassano.lavocedelpaese.info\/index.php\/wp-json\/wp\/v2\/categories?post=15831"},{"taxonomy":"post_tag","embeddable":true,"href":"https:\/\/archiviocassano.lavocedelpaese.info\/index.php\/wp-json\/wp\/v2\/tags?post=15831"}],"curies":[{"name":"wp","href":"https:\/\/api.w.org\/{rel}","templated":true}]}}