{"id":15978,"date":"2018-05-19T18:38:39","date_gmt":"2018-05-19T18:38:39","guid":{"rendered":"https:\/\/archiviocassano.lavocedelpaese.info\/index.php\/2018\/05\/19\/disposto-il-tso-per-un-richiedente-asilo-stamattina-andava-in-giro-con-un-coltello-in-mano\/"},"modified":"2018-05-19T18:38:39","modified_gmt":"2018-05-19T18:38:39","slug":"disposto-il-tso-per-un-richiedente-asilo-stamattina-andava-in-giro-con-un-coltello-in-mano","status":"publish","type":"post","link":"https:\/\/archiviocassano.lavocedelpaese.info\/index.php\/2018\/05\/19\/disposto-il-tso-per-un-richiedente-asilo-stamattina-andava-in-giro-con-un-coltello-in-mano\/","title":{"rendered":"Disposto il TSO per un richiedente asilo"},"content":{"rendered":"<p style=\"text-align: justify;\"><img loading=\"lazy\" decoding=\"async\" class=\" size-full wp-image-15976\" src=\"https:\/\/archiviocassano.lavocedelpaese.info\/wp-content\/uploads\/2018\/05\/Via-Aurelia-Occidentale-carabinieri-dispongono-Tso-per-due-ucraini-010A.jpg\" alt=\"Via-Aurelia-Occidentale-carabinieri-dispongono-Tso-per-due-ucraini-010A\" style=\"margin-right: 2px; margin-left: 2px;\" height=\"150\" width=\"320\" \/><\/p>\n<p><!--more--><\/p>\n<p>Disposto il Trattamento Sanitario Obbligatorio per il giovane immigrato, richiedente asilo, che questa mattina andava in giro con un coltello per le strade di Cassano.<\/p>\n<p style=\"text-align: justify;\">E\u2019 quanto il nostro giornale ha appreso direttamente dalla Sindaca Maria Pia Di Medio che ha avviato l\u2019iter del TSO.<\/p>\n<p style=\"text-align: justify;\">Il dispositivo \u00e8 stato fatto scattare dopo il rapporto &nbsp;dei Carabinieri di Cassano, intervenuti su segnalazione di un cittadino che in piazza Rossani ha immortalato con una foto l\u2019uomo mentre teneva in mano quella che potremmo considerare un\u2019arma impropria: un coltello da cucina ma con la lama molto affilata.<\/p>\n<p style=\"text-align: center;\"><img loading=\"lazy\" decoding=\"async\" class=\" size-full wp-image-15977\" src=\"https:\/\/archiviocassano.lavocedelpaese.info\/wp-content\/uploads\/2018\/05\/uomo_coltello.jpg\" alt=\"uomo coltello\" style=\"margin-right: 2px; margin-left: 2px;\" width=\"580\" height=\"461\" srcset=\"https:\/\/archiviocassano.lavocedelpaese.info\/wp-content\/uploads\/2018\/05\/uomo_coltello.jpg 580w, https:\/\/archiviocassano.lavocedelpaese.info\/wp-content\/uploads\/2018\/05\/uomo_coltello-300x238.jpg 300w\" sizes=\"auto, (max-width: 580px) 100vw, 580px\" \/><\/p>\n<p style=\"text-align: center;\"><em>Foto del sig. Moreno De Ros<\/em><\/p>\n<p style=\"text-align: justify;\">Il 22enne di origine nigeriana \u00e8 attualmente presso l\u2019Ospedale \u201cMiulli\u201d dove \u00e8 stato sottoposto ad una serie di esami clinici e sar\u00e0 successivamente trasferito presso il Policlinico di Bari, per competenza.<\/p>\n<p style=\"text-align: justify;\">L\u2019allarme in paese \u00e8 scattato intorno alle 13.30 quando il giovane, ospite del progetto Sprar di Cassano, \u00e8 stato avvistato mentre armeggiava con il coltello e parlava convulsamente con se stesso, andando in direzione di piazza Rossani presso le cui giostrine c\u2019erano due bambini di 8-9 anni circa, cos\u00ec come ha raccontato il testimone dell\u2019accaduto. Che \u00e8 riuscito ad avvertire i due ed a farli allontanare mentre il giovane, con il coltello in mano, faceva a pezzi alcuni manifesti murali.<\/p>\n<p style=\"text-align: justify;\">All\u2019arrivo dei Carabinieri, il 22enne si \u00e8 tranquillizzato: \u00e8 stato fatto sedere e perquisito quindi gli \u00e8 stato tolto dalle mani il coltello; il giovane \u00e8 noto alle forze dell\u2019ordine per essere stato pi\u00f9 volte segnalato, in queste settimane, mentre dava in escandescenza, infastidiva passanti e danneggiava cose.<\/p>\n<p style=\"text-align: justify;\">Fino ad oggi, per\u00f2, i militari avevano dovuto rilasciarlo anche perch\u00e9 a suo carico non veniva segnalato alcun provvedimento della magistratura, seppure si parla di denunce, da parte di alcuni cittadini, ma tutte da provare.<\/p>\n<p style=\"text-align: justify;\">Dopo essere stato portato in Caserma, la segnalazione alla Sindaca che ha disposto il trattamento.<\/p>\n<p style=\"text-align: justify;\">&nbsp;<\/p>\n<p style=\"text-align: justify;\"><em>Foto d&#8217;archivio<\/em><\/p>\n<p>&nbsp;<\/p>\n<p>&nbsp;<\/p>\n","protected":false},"excerpt":{"rendered":"","protected":false},"author":1,"featured_media":15976,"comment_status":"open","ping_status":"closed","sticky":false,"template":"","format":"standard","meta":{"colormag_page_container_layout":"default_layout","colormag_page_sidebar_layout":"default_layout","footnotes":""},"categories":[8],"tags":[],"class_list":["post-15978","post","type-post","status-publish","format-standard","has-post-thumbnail","hentry","category-cronaca"],"yoast_head":"<!-- This site is optimized with the Yoast SEO plugin v27.5 - https:\/\/yoast.com\/product\/yoast-seo-wordpress\/ -->\n<title>Disposto il TSO per un richiedente asilo - Archivio CassanoWeb<\/title>\n<meta name=\"robots\" content=\"index, follow, max-snippet:-1, max-image-preview:large, max-video-preview:-1\" \/>\n<link rel=\"canonical\" href=\"https:\/\/archiviocassano.lavocedelpaese.info\/index.php\/2018\/05\/19\/disposto-il-tso-per-un-richiedente-asilo-stamattina-andava-in-giro-con-un-coltello-in-mano\/\" \/>\n<meta property=\"og:locale\" content=\"it_IT\" \/>\n<meta property=\"og:type\" content=\"article\" \/>\n<meta property=\"og:title\" content=\"Disposto il TSO per un richiedente asilo - Archivio CassanoWeb\" \/>\n<meta property=\"og:url\" content=\"https:\/\/archiviocassano.lavocedelpaese.info\/index.php\/2018\/05\/19\/disposto-il-tso-per-un-richiedente-asilo-stamattina-andava-in-giro-con-un-coltello-in-mano\/\" \/>\n<meta property=\"og:site_name\" content=\"Archivio CassanoWeb\" \/>\n<meta property=\"article:publisher\" content=\"https:\/\/www.facebook.com\/redazione.cassanoweb\" \/>\n<meta property=\"article:published_time\" content=\"2018-05-19T18:38:39+00:00\" \/>\n<meta property=\"og:image\" content=\"https:\/\/archiviocassano.lavocedelpaese.info\/wp-content\/uploads\/2018\/05\/Via-Aurelia-Occidentale-carabinieri-dispongono-Tso-per-due-ucraini-010A.jpg\" \/>\n\t<meta property=\"og:image:width\" content=\"919\" \/>\n\t<meta property=\"og:image:height\" content=\"546\" \/>\n\t<meta property=\"og:image:type\" content=\"image\/jpeg\" \/>\n<meta name=\"author\" content=\"admin\" \/>\n<meta name=\"twitter:card\" content=\"summary_large_image\" \/>\n<meta name=\"twitter:label1\" content=\"Scritto da\" \/>\n\t<meta name=\"twitter:data1\" content=\"admin\" \/>\n\t<meta name=\"twitter:label2\" content=\"Tempo di lettura stimato\" \/>\n\t<meta name=\"twitter:data2\" content=\"2 minuti\" \/>\n<script type=\"application\/ld+json\" class=\"yoast-schema-graph\">{\"@context\":\"https:\\\/\\\/schema.org\",\"@graph\":[{\"@type\":\"Article\",\"@id\":\"https:\\\/\\\/archiviocassano.lavocedelpaese.info\\\/index.php\\\/2018\\\/05\\\/19\\\/disposto-il-tso-per-un-richiedente-asilo-stamattina-andava-in-giro-con-un-coltello-in-mano\\\/#article\",\"isPartOf\":{\"@id\":\"https:\\\/\\\/archiviocassano.lavocedelpaese.info\\\/index.php\\\/2018\\\/05\\\/19\\\/disposto-il-tso-per-un-richiedente-asilo-stamattina-andava-in-giro-con-un-coltello-in-mano\\\/\"},\"author\":{\"name\":\"admin\",\"@id\":\"https:\\\/\\\/archiviocassano.lavocedelpaese.info\\\/#\\\/schema\\\/person\\\/df195bc79a9b4c35127cf005f92e041b\"},\"headline\":\"Disposto il TSO per un richiedente asilo\",\"datePublished\":\"2018-05-19T18:38:39+00:00\",\"mainEntityOfPage\":{\"@id\":\"https:\\\/\\\/archiviocassano.lavocedelpaese.info\\\/index.php\\\/2018\\\/05\\\/19\\\/disposto-il-tso-per-un-richiedente-asilo-stamattina-andava-in-giro-con-un-coltello-in-mano\\\/\"},\"wordCount\":321,\"commentCount\":0,\"publisher\":{\"@id\":\"https:\\\/\\\/archiviocassano.lavocedelpaese.info\\\/#organization\"},\"image\":{\"@id\":\"https:\\\/\\\/archiviocassano.lavocedelpaese.info\\\/index.php\\\/2018\\\/05\\\/19\\\/disposto-il-tso-per-un-richiedente-asilo-stamattina-andava-in-giro-con-un-coltello-in-mano\\\/#primaryimage\"},\"thumbnailUrl\":\"https:\\\/\\\/archiviocassano.lavocedelpaese.info\\\/wp-content\\\/uploads\\\/2018\\\/05\\\/Via-Aurelia-Occidentale-carabinieri-dispongono-Tso-per-due-ucraini-010A.jpg\",\"articleSection\":[\"Cronaca\"],\"inLanguage\":\"it-IT\",\"potentialAction\":[{\"@type\":\"CommentAction\",\"name\":\"Comment\",\"target\":[\"https:\\\/\\\/archiviocassano.lavocedelpaese.info\\\/index.php\\\/2018\\\/05\\\/19\\\/disposto-il-tso-per-un-richiedente-asilo-stamattina-andava-in-giro-con-un-coltello-in-mano\\\/#respond\"]}]},{\"@type\":\"WebPage\",\"@id\":\"https:\\\/\\\/archiviocassano.lavocedelpaese.info\\\/index.php\\\/2018\\\/05\\\/19\\\/disposto-il-tso-per-un-richiedente-asilo-stamattina-andava-in-giro-con-un-coltello-in-mano\\\/\",\"url\":\"https:\\\/\\\/archiviocassano.lavocedelpaese.info\\\/index.php\\\/2018\\\/05\\\/19\\\/disposto-il-tso-per-un-richiedente-asilo-stamattina-andava-in-giro-con-un-coltello-in-mano\\\/\",\"name\":\"Disposto il TSO per un richiedente asilo - Archivio CassanoWeb\",\"isPartOf\":{\"@id\":\"https:\\\/\\\/archiviocassano.lavocedelpaese.info\\\/#website\"},\"primaryImageOfPage\":{\"@id\":\"https:\\\/\\\/archiviocassano.lavocedelpaese.info\\\/index.php\\\/2018\\\/05\\\/19\\\/disposto-il-tso-per-un-richiedente-asilo-stamattina-andava-in-giro-con-un-coltello-in-mano\\\/#primaryimage\"},\"image\":{\"@id\":\"https:\\\/\\\/archiviocassano.lavocedelpaese.info\\\/index.php\\\/2018\\\/05\\\/19\\\/disposto-il-tso-per-un-richiedente-asilo-stamattina-andava-in-giro-con-un-coltello-in-mano\\\/#primaryimage\"},\"thumbnailUrl\":\"https:\\\/\\\/archiviocassano.lavocedelpaese.info\\\/wp-content\\\/uploads\\\/2018\\\/05\\\/Via-Aurelia-Occidentale-carabinieri-dispongono-Tso-per-due-ucraini-010A.jpg\",\"datePublished\":\"2018-05-19T18:38:39+00:00\",\"breadcrumb\":{\"@id\":\"https:\\\/\\\/archiviocassano.lavocedelpaese.info\\\/index.php\\\/2018\\\/05\\\/19\\\/disposto-il-tso-per-un-richiedente-asilo-stamattina-andava-in-giro-con-un-coltello-in-mano\\\/#breadcrumb\"},\"inLanguage\":\"it-IT\",\"potentialAction\":[{\"@type\":\"ReadAction\",\"target\":[\"https:\\\/\\\/archiviocassano.lavocedelpaese.info\\\/index.php\\\/2018\\\/05\\\/19\\\/disposto-il-tso-per-un-richiedente-asilo-stamattina-andava-in-giro-con-un-coltello-in-mano\\\/\"]}]},{\"@type\":\"ImageObject\",\"inLanguage\":\"it-IT\",\"@id\":\"https:\\\/\\\/archiviocassano.lavocedelpaese.info\\\/index.php\\\/2018\\\/05\\\/19\\\/disposto-il-tso-per-un-richiedente-asilo-stamattina-andava-in-giro-con-un-coltello-in-mano\\\/#primaryimage\",\"url\":\"https:\\\/\\\/archiviocassano.lavocedelpaese.info\\\/wp-content\\\/uploads\\\/2018\\\/05\\\/Via-Aurelia-Occidentale-carabinieri-dispongono-Tso-per-due-ucraini-010A.jpg\",\"contentUrl\":\"https:\\\/\\\/archiviocassano.lavocedelpaese.info\\\/wp-content\\\/uploads\\\/2018\\\/05\\\/Via-Aurelia-Occidentale-carabinieri-dispongono-Tso-per-due-ucraini-010A.jpg\",\"width\":919,\"height\":546,\"caption\":\"Via-Aurelia-Occidentale-carabinieri-dispongono-Tso-per-due-ucraini-010A\"},{\"@type\":\"BreadcrumbList\",\"@id\":\"https:\\\/\\\/archiviocassano.lavocedelpaese.info\\\/index.php\\\/2018\\\/05\\\/19\\\/disposto-il-tso-per-un-richiedente-asilo-stamattina-andava-in-giro-con-un-coltello-in-mano\\\/#breadcrumb\",\"itemListElement\":[{\"@type\":\"ListItem\",\"position\":1,\"name\":\"Home\",\"item\":\"https:\\\/\\\/archiviocassano.lavocedelpaese.info\\\/\"},{\"@type\":\"ListItem\",\"position\":2,\"name\":\"Disposto il TSO per un richiedente asilo\"}]},{\"@type\":\"WebSite\",\"@id\":\"https:\\\/\\\/archiviocassano.lavocedelpaese.info\\\/#website\",\"url\":\"https:\\\/\\\/archiviocassano.lavocedelpaese.info\\\/\",\"name\":\"Archivio CassanoWeb\",\"description\":\"La Voce del Paese - un network di idee\",\"publisher\":{\"@id\":\"https:\\\/\\\/archiviocassano.lavocedelpaese.info\\\/#organization\"},\"potentialAction\":[{\"@type\":\"SearchAction\",\"target\":{\"@type\":\"EntryPoint\",\"urlTemplate\":\"https:\\\/\\\/archiviocassano.lavocedelpaese.info\\\/?s={search_term_string}\"},\"query-input\":{\"@type\":\"PropertyValueSpecification\",\"valueRequired\":true,\"valueName\":\"search_term_string\"}}],\"inLanguage\":\"it-IT\"},{\"@type\":\"Organization\",\"@id\":\"https:\\\/\\\/archiviocassano.lavocedelpaese.info\\\/#organization\",\"name\":\"Archivio CassanoWeb\",\"url\":\"https:\\\/\\\/archiviocassano.lavocedelpaese.info\\\/\",\"logo\":{\"@type\":\"ImageObject\",\"inLanguage\":\"it-IT\",\"@id\":\"https:\\\/\\\/archiviocassano.lavocedelpaese.info\\\/#\\\/schema\\\/logo\\\/image\\\/\",\"url\":\"https:\\\/\\\/archiviocassano.lavocedelpaese.info\\\/wp-content\\\/uploads\\\/2024\\\/08\\\/logo-rosso-2.png\",\"contentUrl\":\"https:\\\/\\\/archiviocassano.lavocedelpaese.info\\\/wp-content\\\/uploads\\\/2024\\\/08\\\/logo-rosso-2.png\",\"width\":491,\"height\":432,\"caption\":\"Archivio CassanoWeb\"},\"image\":{\"@id\":\"https:\\\/\\\/archiviocassano.lavocedelpaese.info\\\/#\\\/schema\\\/logo\\\/image\\\/\"},\"sameAs\":[\"https:\\\/\\\/www.facebook.com\\\/redazione.cassanoweb\"]},{\"@type\":\"Person\",\"@id\":\"https:\\\/\\\/archiviocassano.lavocedelpaese.info\\\/#\\\/schema\\\/person\\\/df195bc79a9b4c35127cf005f92e041b\",\"name\":\"admin\",\"image\":{\"@type\":\"ImageObject\",\"inLanguage\":\"it-IT\",\"@id\":\"https:\\\/\\\/secure.gravatar.com\\\/avatar\\\/eabba89a432e8eaa1b0207cc55f7e5340b22712b1ed80677efcf63e02ff5b235?s=96&d=mm&r=g\",\"url\":\"https:\\\/\\\/secure.gravatar.com\\\/avatar\\\/eabba89a432e8eaa1b0207cc55f7e5340b22712b1ed80677efcf63e02ff5b235?s=96&d=mm&r=g\",\"contentUrl\":\"https:\\\/\\\/secure.gravatar.com\\\/avatar\\\/eabba89a432e8eaa1b0207cc55f7e5340b22712b1ed80677efcf63e02ff5b235?s=96&d=mm&r=g\",\"caption\":\"admin\"},\"sameAs\":[\"https:\\\/\\\/archiviocassano.lavocedelpaese.info\"],\"url\":\"https:\\\/\\\/archiviocassano.lavocedelpaese.info\\\/index.php\\\/author\\\/admin_0qgz1xdp\\\/\"}]}<\/script>\n<!-- \/ Yoast SEO plugin. -->","yoast_head_json":{"title":"Disposto il TSO per un richiedente asilo - Archivio CassanoWeb","robots":{"index":"index","follow":"follow","max-snippet":"max-snippet:-1","max-image-preview":"max-image-preview:large","max-video-preview":"max-video-preview:-1"},"canonical":"https:\/\/archiviocassano.lavocedelpaese.info\/index.php\/2018\/05\/19\/disposto-il-tso-per-un-richiedente-asilo-stamattina-andava-in-giro-con-un-coltello-in-mano\/","og_locale":"it_IT","og_type":"article","og_title":"Disposto il TSO per un richiedente asilo - Archivio CassanoWeb","og_url":"https:\/\/archiviocassano.lavocedelpaese.info\/index.php\/2018\/05\/19\/disposto-il-tso-per-un-richiedente-asilo-stamattina-andava-in-giro-con-un-coltello-in-mano\/","og_site_name":"Archivio CassanoWeb","article_publisher":"https:\/\/www.facebook.com\/redazione.cassanoweb","article_published_time":"2018-05-19T18:38:39+00:00","og_image":[{"width":919,"height":546,"url":"https:\/\/archiviocassano.lavocedelpaese.info\/wp-content\/uploads\/2018\/05\/Via-Aurelia-Occidentale-carabinieri-dispongono-Tso-per-due-ucraini-010A.jpg","type":"image\/jpeg"}],"author":"admin","twitter_card":"summary_large_image","twitter_misc":{"Scritto da":"admin","Tempo di lettura stimato":"2 minuti"},"schema":{"@context":"https:\/\/schema.org","@graph":[{"@type":"Article","@id":"https:\/\/archiviocassano.lavocedelpaese.info\/index.php\/2018\/05\/19\/disposto-il-tso-per-un-richiedente-asilo-stamattina-andava-in-giro-con-un-coltello-in-mano\/#article","isPartOf":{"@id":"https:\/\/archiviocassano.lavocedelpaese.info\/index.php\/2018\/05\/19\/disposto-il-tso-per-un-richiedente-asilo-stamattina-andava-in-giro-con-un-coltello-in-mano\/"},"author":{"name":"admin","@id":"https:\/\/archiviocassano.lavocedelpaese.info\/#\/schema\/person\/df195bc79a9b4c35127cf005f92e041b"},"headline":"Disposto il TSO per un richiedente asilo","datePublished":"2018-05-19T18:38:39+00:00","mainEntityOfPage":{"@id":"https:\/\/archiviocassano.lavocedelpaese.info\/index.php\/2018\/05\/19\/disposto-il-tso-per-un-richiedente-asilo-stamattina-andava-in-giro-con-un-coltello-in-mano\/"},"wordCount":321,"commentCount":0,"publisher":{"@id":"https:\/\/archiviocassano.lavocedelpaese.info\/#organization"},"image":{"@id":"https:\/\/archiviocassano.lavocedelpaese.info\/index.php\/2018\/05\/19\/disposto-il-tso-per-un-richiedente-asilo-stamattina-andava-in-giro-con-un-coltello-in-mano\/#primaryimage"},"thumbnailUrl":"https:\/\/archiviocassano.lavocedelpaese.info\/wp-content\/uploads\/2018\/05\/Via-Aurelia-Occidentale-carabinieri-dispongono-Tso-per-due-ucraini-010A.jpg","articleSection":["Cronaca"],"inLanguage":"it-IT","potentialAction":[{"@type":"CommentAction","name":"Comment","target":["https:\/\/archiviocassano.lavocedelpaese.info\/index.php\/2018\/05\/19\/disposto-il-tso-per-un-richiedente-asilo-stamattina-andava-in-giro-con-un-coltello-in-mano\/#respond"]}]},{"@type":"WebPage","@id":"https:\/\/archiviocassano.lavocedelpaese.info\/index.php\/2018\/05\/19\/disposto-il-tso-per-un-richiedente-asilo-stamattina-andava-in-giro-con-un-coltello-in-mano\/","url":"https:\/\/archiviocassano.lavocedelpaese.info\/index.php\/2018\/05\/19\/disposto-il-tso-per-un-richiedente-asilo-stamattina-andava-in-giro-con-un-coltello-in-mano\/","name":"Disposto il TSO per un richiedente asilo - Archivio CassanoWeb","isPartOf":{"@id":"https:\/\/archiviocassano.lavocedelpaese.info\/#website"},"primaryImageOfPage":{"@id":"https:\/\/archiviocassano.lavocedelpaese.info\/index.php\/2018\/05\/19\/disposto-il-tso-per-un-richiedente-asilo-stamattina-andava-in-giro-con-un-coltello-in-mano\/#primaryimage"},"image":{"@id":"https:\/\/archiviocassano.lavocedelpaese.info\/index.php\/2018\/05\/19\/disposto-il-tso-per-un-richiedente-asilo-stamattina-andava-in-giro-con-un-coltello-in-mano\/#primaryimage"},"thumbnailUrl":"https:\/\/archiviocassano.lavocedelpaese.info\/wp-content\/uploads\/2018\/05\/Via-Aurelia-Occidentale-carabinieri-dispongono-Tso-per-due-ucraini-010A.jpg","datePublished":"2018-05-19T18:38:39+00:00","breadcrumb":{"@id":"https:\/\/archiviocassano.lavocedelpaese.info\/index.php\/2018\/05\/19\/disposto-il-tso-per-un-richiedente-asilo-stamattina-andava-in-giro-con-un-coltello-in-mano\/#breadcrumb"},"inLanguage":"it-IT","potentialAction":[{"@type":"ReadAction","target":["https:\/\/archiviocassano.lavocedelpaese.info\/index.php\/2018\/05\/19\/disposto-il-tso-per-un-richiedente-asilo-stamattina-andava-in-giro-con-un-coltello-in-mano\/"]}]},{"@type":"ImageObject","inLanguage":"it-IT","@id":"https:\/\/archiviocassano.lavocedelpaese.info\/index.php\/2018\/05\/19\/disposto-il-tso-per-un-richiedente-asilo-stamattina-andava-in-giro-con-un-coltello-in-mano\/#primaryimage","url":"https:\/\/archiviocassano.lavocedelpaese.info\/wp-content\/uploads\/2018\/05\/Via-Aurelia-Occidentale-carabinieri-dispongono-Tso-per-due-ucraini-010A.jpg","contentUrl":"https:\/\/archiviocassano.lavocedelpaese.info\/wp-content\/uploads\/2018\/05\/Via-Aurelia-Occidentale-carabinieri-dispongono-Tso-per-due-ucraini-010A.jpg","width":919,"height":546,"caption":"Via-Aurelia-Occidentale-carabinieri-dispongono-Tso-per-due-ucraini-010A"},{"@type":"BreadcrumbList","@id":"https:\/\/archiviocassano.lavocedelpaese.info\/index.php\/2018\/05\/19\/disposto-il-tso-per-un-richiedente-asilo-stamattina-andava-in-giro-con-un-coltello-in-mano\/#breadcrumb","itemListElement":[{"@type":"ListItem","position":1,"name":"Home","item":"https:\/\/archiviocassano.lavocedelpaese.info\/"},{"@type":"ListItem","position":2,"name":"Disposto il TSO per un richiedente asilo"}]},{"@type":"WebSite","@id":"https:\/\/archiviocassano.lavocedelpaese.info\/#website","url":"https:\/\/archiviocassano.lavocedelpaese.info\/","name":"Archivio CassanoWeb","description":"La Voce del Paese - un network di idee","publisher":{"@id":"https:\/\/archiviocassano.lavocedelpaese.info\/#organization"},"potentialAction":[{"@type":"SearchAction","target":{"@type":"EntryPoint","urlTemplate":"https:\/\/archiviocassano.lavocedelpaese.info\/?s={search_term_string}"},"query-input":{"@type":"PropertyValueSpecification","valueRequired":true,"valueName":"search_term_string"}}],"inLanguage":"it-IT"},{"@type":"Organization","@id":"https:\/\/archiviocassano.lavocedelpaese.info\/#organization","name":"Archivio CassanoWeb","url":"https:\/\/archiviocassano.lavocedelpaese.info\/","logo":{"@type":"ImageObject","inLanguage":"it-IT","@id":"https:\/\/archiviocassano.lavocedelpaese.info\/#\/schema\/logo\/image\/","url":"https:\/\/archiviocassano.lavocedelpaese.info\/wp-content\/uploads\/2024\/08\/logo-rosso-2.png","contentUrl":"https:\/\/archiviocassano.lavocedelpaese.info\/wp-content\/uploads\/2024\/08\/logo-rosso-2.png","width":491,"height":432,"caption":"Archivio CassanoWeb"},"image":{"@id":"https:\/\/archiviocassano.lavocedelpaese.info\/#\/schema\/logo\/image\/"},"sameAs":["https:\/\/www.facebook.com\/redazione.cassanoweb"]},{"@type":"Person","@id":"https:\/\/archiviocassano.lavocedelpaese.info\/#\/schema\/person\/df195bc79a9b4c35127cf005f92e041b","name":"admin","image":{"@type":"ImageObject","inLanguage":"it-IT","@id":"https:\/\/secure.gravatar.com\/avatar\/eabba89a432e8eaa1b0207cc55f7e5340b22712b1ed80677efcf63e02ff5b235?s=96&d=mm&r=g","url":"https:\/\/secure.gravatar.com\/avatar\/eabba89a432e8eaa1b0207cc55f7e5340b22712b1ed80677efcf63e02ff5b235?s=96&d=mm&r=g","contentUrl":"https:\/\/secure.gravatar.com\/avatar\/eabba89a432e8eaa1b0207cc55f7e5340b22712b1ed80677efcf63e02ff5b235?s=96&d=mm&r=g","caption":"admin"},"sameAs":["https:\/\/archiviocassano.lavocedelpaese.info"],"url":"https:\/\/archiviocassano.lavocedelpaese.info\/index.php\/author\/admin_0qgz1xdp\/"}]}},"_links":{"self":[{"href":"https:\/\/archiviocassano.lavocedelpaese.info\/index.php\/wp-json\/wp\/v2\/posts\/15978","targetHints":{"allow":["GET"]}}],"collection":[{"href":"https:\/\/archiviocassano.lavocedelpaese.info\/index.php\/wp-json\/wp\/v2\/posts"}],"about":[{"href":"https:\/\/archiviocassano.lavocedelpaese.info\/index.php\/wp-json\/wp\/v2\/types\/post"}],"author":[{"embeddable":true,"href":"https:\/\/archiviocassano.lavocedelpaese.info\/index.php\/wp-json\/wp\/v2\/users\/1"}],"replies":[{"embeddable":true,"href":"https:\/\/archiviocassano.lavocedelpaese.info\/index.php\/wp-json\/wp\/v2\/comments?post=15978"}],"version-history":[{"count":0,"href":"https:\/\/archiviocassano.lavocedelpaese.info\/index.php\/wp-json\/wp\/v2\/posts\/15978\/revisions"}],"wp:featuredmedia":[{"embeddable":true,"href":"https:\/\/archiviocassano.lavocedelpaese.info\/index.php\/wp-json\/wp\/v2\/media\/15976"}],"wp:attachment":[{"href":"https:\/\/archiviocassano.lavocedelpaese.info\/index.php\/wp-json\/wp\/v2\/media?parent=15978"}],"wp:term":[{"taxonomy":"category","embeddable":true,"href":"https:\/\/archiviocassano.lavocedelpaese.info\/index.php\/wp-json\/wp\/v2\/categories?post=15978"},{"taxonomy":"post_tag","embeddable":true,"href":"https:\/\/archiviocassano.lavocedelpaese.info\/index.php\/wp-json\/wp\/v2\/tags?post=15978"}],"curies":[{"name":"wp","href":"https:\/\/api.w.org\/{rel}","templated":true}]}}