{"id":16176,"date":"2018-06-29T06:40:38","date_gmt":"2018-06-29T06:40:38","guid":{"rendered":"https:\/\/archiviocassano.lavocedelpaese.info\/index.php\/2018\/06\/29\/natuzzi-dai-lavoratori-ok-al-piano-industriale-con-zero-esuberi\/"},"modified":"2018-06-29T06:40:38","modified_gmt":"2018-06-29T06:40:38","slug":"natuzzi-dai-lavoratori-ok-al-piano-industriale-con-zero-esuberi","status":"publish","type":"post","link":"https:\/\/archiviocassano.lavocedelpaese.info\/index.php\/2018\/06\/29\/natuzzi-dai-lavoratori-ok-al-piano-industriale-con-zero-esuberi\/","title":{"rendered":"Natuzzi: dai lavoratori ok al Piano Industriale con zero esuberi"},"content":{"rendered":"<p><img loading=\"lazy\" decoding=\"async\" class=\" size-full wp-image-347\" src=\"https:\/\/archiviocassano.lavocedelpaese.info\/wp-content\/uploads\/2009\/09\/natuzzi.jpg\" width=\"320\" height=\"160\" alt=\"natuzzi\" style=\"margin-right: 2px; margin-left: 2px;\" \/><\/p>\n<p><!--more--><\/p>\n<p style=\"text-align: justify;\">Buone notizie sul fronte della vertenza lavorativa del gruppo Natuzzi, azienda santermana leader mondiale del mobile imbottito.<\/p>\n<p style=\"text-align: justify;\">Durante la Cabina di Regia tenutasi ieri presso il Ministero dello Sviluppo Economico \u00e8 stato siglato da Azienda, Sindacati e Istituzioni&nbsp;<\/p>\n<p style=\"text-align: justify;\">\u00abIl Piano Industriale- scrive l&#8217;azienda in un comunicato -, presentato nelle scorse settimane alle Organizzazioni Sindacali e al Ministero dello Sviluppo Economico, \u00e8 stato approvato a larga maggioranza dai lavoratori con un referendum sindacale. Operativo da ottobre 2018, si baser\u00e0 su linee guida strategiche che hanno il duplice obiettivo del ritorno alla competitivit\u00e0 del polo industriale italiano e dell\u2019implementazione di un percorso condiviso per la gestione degli esuberi.<\/p>\n<p style=\"text-align: justify;\">Il Piano, che va nell\u2019ottica di un costante rafforzamento della qualit\u00e0 e dell\u2019eccellenza Made in Italy, prevede la specializzazione dei siti produttivi per linee di prodotto e una nuova organizzazione del lavoro basata su un unico turno al fine di rendere pi\u00f9 efficiente l\u2019operato dei collaboratori, migliorarne la qualit\u00e0 della vita e, conseguentemente, la qualit\u00e0 del prodotto.<\/p>\n<p style=\"text-align: justify;\">Nel concreto, ogni stabilimento si specializzer\u00e0 su un cluster di prodotto per favorire lo sviluppo di un know-how specialistico e incrementare la qualit\u00e0 dei prodotti Natuzzi stessi, in modo da soddisfare le richieste di consumatori sempre pi\u00f9 evoluti ed esigenti.<\/p>\n<p style=\"text-align: justify;\">Inoltre, il Piano d\u00e0 il via all\u2019internalizzazione delle attivit\u00e0 del semilavorato fusto e gomma nel processo produttivo italiano. Si tratta di attivit\u00e0 fondamentali per il core-business di Natuzzi che saranno realizzate in un nuovo stabilimento produttivo da costruire nelle vicinanze di Iesce 2. Tale disegno permetter\u00e0 all\u2019azienda di avviare un processo di verticalizzazione delle produzioni, migliorandone l\u2019efficienza e salvaguardando l\u2019occupazione di ogni singolo lavoratore per raggiungere l\u2019obiettivo \u201cesuberi zero\u201d.<\/p>\n<p style=\"text-align: justify;\">Infatti, questo nuovo assetto industriale garantisce l\u2019occupazione di 1.562 collaboratori a tempo pieno sulle sedi di Ginosa, Iesce 1, Iesce 2, Laterza, La Martella e Sede centrale di Santeramo in Colle. I restanti 555 dipendenti saranno riqualificati \u2013 attraverso un importante attivit\u00e0 di formazione professionale \u2013 per le nuove attivit\u00e0 internalizzate da Natuzzi.<\/p>\n<p style=\"text-align: justify;\">Il Piano Industriale approvato richieder\u00e0 per la piena realizzazione tempi di attuazione stimati entro 24 mesi e sar\u00e0 subordinato all\u2019accesso al piano di investimenti \u2013 regolato da Invitalia \u2013 pari a 36 milioni di euro e all\u2019ottenimento dell\u2019ammortizzatore sociale per la gestione di tutto il personale da riqualificare.<\/p>\n<p style=\"text-align: justify;\">\u201cL\u2019intesa sul Piano Industriale rappresenta un punto di svolta importante per lavorare al pieno recupero della nostra competitivit\u00e0 e qualit\u00e0, salvaguardando l\u2019occupazione nei nostri stabilimenti in Puglia e Basilicata\u201d, ha commentato Antonio Cavallera, Direttore Generale Operativo di Natuzzi. \u201cAzienda, Sindacati e Istituzioni hanno fatto quadrato e hanno dato vita a un percorso condiviso all\u2019insegna della responsabilit\u00e0 e della fiducia reciproca. L\u2019obiettivo di tutti \u00e8 quello di continuare a competere nel mondo ed esportare i nostri prodotti partendo dall\u2019Italia: il Paese in cui continuiamo a credere e a investire. Il Piano Industriale Natuzzi Italia, per il suo elevato valore legato anche al rilancio delle attivit\u00e0 industriali nel territorio del Mezzogiorno, rappresenta di fatto una scelta strategica di interesse generale\u201d.<\/p>\n<p style=\"text-align: justify;\">In questo modo, Natuzzi lavorando in sinergia con i sindacati ha trovato una soluzione per tutti i lavoratori e ha dimostrato ancora una volta la volont\u00e0 di continuare a investire in Italia, valorizzando il lavoro dei propri collaboratori e allargando le specificit\u00e0 produttive nei territori in cui opera.<\/p>\n<p>&nbsp;<\/p>\n","protected":false},"excerpt":{"rendered":"","protected":false},"author":1,"featured_media":347,"comment_status":"open","ping_status":"closed","sticky":false,"template":"","format":"standard","meta":{"colormag_page_container_layout":"default_layout","colormag_page_sidebar_layout":"default_layout","footnotes":""},"categories":[13],"tags":[],"class_list":["post-16176","post","type-post","status-publish","format-standard","has-post-thumbnail","hentry","category-economia"],"yoast_head":"<!-- This site is optimized with the Yoast SEO plugin v27.5 - https:\/\/yoast.com\/product\/yoast-seo-wordpress\/ -->\n<title>Natuzzi: dai lavoratori ok al Piano Industriale con zero esuberi - Archivio CassanoWeb<\/title>\n<meta name=\"robots\" content=\"index, follow, max-snippet:-1, max-image-preview:large, max-video-preview:-1\" \/>\n<link rel=\"canonical\" href=\"https:\/\/archiviocassano.lavocedelpaese.info\/index.php\/2018\/06\/29\/natuzzi-dai-lavoratori-ok-al-piano-industriale-con-zero-esuberi\/\" \/>\n<meta property=\"og:locale\" content=\"it_IT\" \/>\n<meta property=\"og:type\" content=\"article\" \/>\n<meta property=\"og:title\" content=\"Natuzzi: dai lavoratori ok al Piano Industriale con zero esuberi - Archivio CassanoWeb\" \/>\n<meta property=\"og:url\" content=\"https:\/\/archiviocassano.lavocedelpaese.info\/index.php\/2018\/06\/29\/natuzzi-dai-lavoratori-ok-al-piano-industriale-con-zero-esuberi\/\" \/>\n<meta property=\"og:site_name\" content=\"Archivio CassanoWeb\" \/>\n<meta property=\"article:publisher\" content=\"https:\/\/www.facebook.com\/redazione.cassanoweb\" \/>\n<meta property=\"article:published_time\" content=\"2018-06-29T06:40:38+00:00\" \/>\n<meta property=\"og:image\" content=\"https:\/\/archiviocassano.lavocedelpaese.info\/wp-content\/uploads\/2009\/09\/natuzzi.jpg\" \/>\n\t<meta property=\"og:image:width\" content=\"640\" \/>\n\t<meta property=\"og:image:height\" content=\"300\" \/>\n\t<meta property=\"og:image:type\" content=\"image\/jpeg\" \/>\n<meta name=\"author\" content=\"admin\" \/>\n<meta name=\"twitter:card\" content=\"summary_large_image\" \/>\n<meta name=\"twitter:label1\" content=\"Scritto da\" \/>\n\t<meta name=\"twitter:data1\" content=\"admin\" \/>\n\t<meta name=\"twitter:label2\" content=\"Tempo di lettura stimato\" \/>\n\t<meta name=\"twitter:data2\" content=\"3 minuti\" \/>\n<script type=\"application\/ld+json\" class=\"yoast-schema-graph\">{\"@context\":\"https:\\\/\\\/schema.org\",\"@graph\":[{\"@type\":\"Article\",\"@id\":\"https:\\\/\\\/archiviocassano.lavocedelpaese.info\\\/index.php\\\/2018\\\/06\\\/29\\\/natuzzi-dai-lavoratori-ok-al-piano-industriale-con-zero-esuberi\\\/#article\",\"isPartOf\":{\"@id\":\"https:\\\/\\\/archiviocassano.lavocedelpaese.info\\\/index.php\\\/2018\\\/06\\\/29\\\/natuzzi-dai-lavoratori-ok-al-piano-industriale-con-zero-esuberi\\\/\"},\"author\":{\"name\":\"admin\",\"@id\":\"https:\\\/\\\/archiviocassano.lavocedelpaese.info\\\/#\\\/schema\\\/person\\\/df195bc79a9b4c35127cf005f92e041b\"},\"headline\":\"Natuzzi: dai lavoratori ok al Piano Industriale con zero esuberi\",\"datePublished\":\"2018-06-29T06:40:38+00:00\",\"mainEntityOfPage\":{\"@id\":\"https:\\\/\\\/archiviocassano.lavocedelpaese.info\\\/index.php\\\/2018\\\/06\\\/29\\\/natuzzi-dai-lavoratori-ok-al-piano-industriale-con-zero-esuberi\\\/\"},\"wordCount\":555,\"commentCount\":0,\"publisher\":{\"@id\":\"https:\\\/\\\/archiviocassano.lavocedelpaese.info\\\/#organization\"},\"image\":{\"@id\":\"https:\\\/\\\/archiviocassano.lavocedelpaese.info\\\/index.php\\\/2018\\\/06\\\/29\\\/natuzzi-dai-lavoratori-ok-al-piano-industriale-con-zero-esuberi\\\/#primaryimage\"},\"thumbnailUrl\":\"https:\\\/\\\/archiviocassano.lavocedelpaese.info\\\/wp-content\\\/uploads\\\/2009\\\/09\\\/natuzzi.jpg\",\"articleSection\":[\"Economia\"],\"inLanguage\":\"it-IT\",\"potentialAction\":[{\"@type\":\"CommentAction\",\"name\":\"Comment\",\"target\":[\"https:\\\/\\\/archiviocassano.lavocedelpaese.info\\\/index.php\\\/2018\\\/06\\\/29\\\/natuzzi-dai-lavoratori-ok-al-piano-industriale-con-zero-esuberi\\\/#respond\"]}]},{\"@type\":\"WebPage\",\"@id\":\"https:\\\/\\\/archiviocassano.lavocedelpaese.info\\\/index.php\\\/2018\\\/06\\\/29\\\/natuzzi-dai-lavoratori-ok-al-piano-industriale-con-zero-esuberi\\\/\",\"url\":\"https:\\\/\\\/archiviocassano.lavocedelpaese.info\\\/index.php\\\/2018\\\/06\\\/29\\\/natuzzi-dai-lavoratori-ok-al-piano-industriale-con-zero-esuberi\\\/\",\"name\":\"Natuzzi: dai lavoratori ok al Piano Industriale con zero esuberi - Archivio CassanoWeb\",\"isPartOf\":{\"@id\":\"https:\\\/\\\/archiviocassano.lavocedelpaese.info\\\/#website\"},\"primaryImageOfPage\":{\"@id\":\"https:\\\/\\\/archiviocassano.lavocedelpaese.info\\\/index.php\\\/2018\\\/06\\\/29\\\/natuzzi-dai-lavoratori-ok-al-piano-industriale-con-zero-esuberi\\\/#primaryimage\"},\"image\":{\"@id\":\"https:\\\/\\\/archiviocassano.lavocedelpaese.info\\\/index.php\\\/2018\\\/06\\\/29\\\/natuzzi-dai-lavoratori-ok-al-piano-industriale-con-zero-esuberi\\\/#primaryimage\"},\"thumbnailUrl\":\"https:\\\/\\\/archiviocassano.lavocedelpaese.info\\\/wp-content\\\/uploads\\\/2009\\\/09\\\/natuzzi.jpg\",\"datePublished\":\"2018-06-29T06:40:38+00:00\",\"breadcrumb\":{\"@id\":\"https:\\\/\\\/archiviocassano.lavocedelpaese.info\\\/index.php\\\/2018\\\/06\\\/29\\\/natuzzi-dai-lavoratori-ok-al-piano-industriale-con-zero-esuberi\\\/#breadcrumb\"},\"inLanguage\":\"it-IT\",\"potentialAction\":[{\"@type\":\"ReadAction\",\"target\":[\"https:\\\/\\\/archiviocassano.lavocedelpaese.info\\\/index.php\\\/2018\\\/06\\\/29\\\/natuzzi-dai-lavoratori-ok-al-piano-industriale-con-zero-esuberi\\\/\"]}]},{\"@type\":\"ImageObject\",\"inLanguage\":\"it-IT\",\"@id\":\"https:\\\/\\\/archiviocassano.lavocedelpaese.info\\\/index.php\\\/2018\\\/06\\\/29\\\/natuzzi-dai-lavoratori-ok-al-piano-industriale-con-zero-esuberi\\\/#primaryimage\",\"url\":\"https:\\\/\\\/archiviocassano.lavocedelpaese.info\\\/wp-content\\\/uploads\\\/2009\\\/09\\\/natuzzi.jpg\",\"contentUrl\":\"https:\\\/\\\/archiviocassano.lavocedelpaese.info\\\/wp-content\\\/uploads\\\/2009\\\/09\\\/natuzzi.jpg\",\"width\":640,\"height\":300,\"caption\":\"natuzzi\"},{\"@type\":\"BreadcrumbList\",\"@id\":\"https:\\\/\\\/archiviocassano.lavocedelpaese.info\\\/index.php\\\/2018\\\/06\\\/29\\\/natuzzi-dai-lavoratori-ok-al-piano-industriale-con-zero-esuberi\\\/#breadcrumb\",\"itemListElement\":[{\"@type\":\"ListItem\",\"position\":1,\"name\":\"Home\",\"item\":\"https:\\\/\\\/archiviocassano.lavocedelpaese.info\\\/\"},{\"@type\":\"ListItem\",\"position\":2,\"name\":\"Natuzzi: dai lavoratori ok al Piano Industriale con zero esuberi\"}]},{\"@type\":\"WebSite\",\"@id\":\"https:\\\/\\\/archiviocassano.lavocedelpaese.info\\\/#website\",\"url\":\"https:\\\/\\\/archiviocassano.lavocedelpaese.info\\\/\",\"name\":\"Archivio CassanoWeb\",\"description\":\"La Voce del Paese - un network di idee\",\"publisher\":{\"@id\":\"https:\\\/\\\/archiviocassano.lavocedelpaese.info\\\/#organization\"},\"potentialAction\":[{\"@type\":\"SearchAction\",\"target\":{\"@type\":\"EntryPoint\",\"urlTemplate\":\"https:\\\/\\\/archiviocassano.lavocedelpaese.info\\\/?s={search_term_string}\"},\"query-input\":{\"@type\":\"PropertyValueSpecification\",\"valueRequired\":true,\"valueName\":\"search_term_string\"}}],\"inLanguage\":\"it-IT\"},{\"@type\":\"Organization\",\"@id\":\"https:\\\/\\\/archiviocassano.lavocedelpaese.info\\\/#organization\",\"name\":\"Archivio CassanoWeb\",\"url\":\"https:\\\/\\\/archiviocassano.lavocedelpaese.info\\\/\",\"logo\":{\"@type\":\"ImageObject\",\"inLanguage\":\"it-IT\",\"@id\":\"https:\\\/\\\/archiviocassano.lavocedelpaese.info\\\/#\\\/schema\\\/logo\\\/image\\\/\",\"url\":\"https:\\\/\\\/archiviocassano.lavocedelpaese.info\\\/wp-content\\\/uploads\\\/2024\\\/08\\\/logo-rosso-2.png\",\"contentUrl\":\"https:\\\/\\\/archiviocassano.lavocedelpaese.info\\\/wp-content\\\/uploads\\\/2024\\\/08\\\/logo-rosso-2.png\",\"width\":491,\"height\":432,\"caption\":\"Archivio CassanoWeb\"},\"image\":{\"@id\":\"https:\\\/\\\/archiviocassano.lavocedelpaese.info\\\/#\\\/schema\\\/logo\\\/image\\\/\"},\"sameAs\":[\"https:\\\/\\\/www.facebook.com\\\/redazione.cassanoweb\"]},{\"@type\":\"Person\",\"@id\":\"https:\\\/\\\/archiviocassano.lavocedelpaese.info\\\/#\\\/schema\\\/person\\\/df195bc79a9b4c35127cf005f92e041b\",\"name\":\"admin\",\"image\":{\"@type\":\"ImageObject\",\"inLanguage\":\"it-IT\",\"@id\":\"https:\\\/\\\/secure.gravatar.com\\\/avatar\\\/eabba89a432e8eaa1b0207cc55f7e5340b22712b1ed80677efcf63e02ff5b235?s=96&d=mm&r=g\",\"url\":\"https:\\\/\\\/secure.gravatar.com\\\/avatar\\\/eabba89a432e8eaa1b0207cc55f7e5340b22712b1ed80677efcf63e02ff5b235?s=96&d=mm&r=g\",\"contentUrl\":\"https:\\\/\\\/secure.gravatar.com\\\/avatar\\\/eabba89a432e8eaa1b0207cc55f7e5340b22712b1ed80677efcf63e02ff5b235?s=96&d=mm&r=g\",\"caption\":\"admin\"},\"sameAs\":[\"https:\\\/\\\/archiviocassano.lavocedelpaese.info\"],\"url\":\"https:\\\/\\\/archiviocassano.lavocedelpaese.info\\\/index.php\\\/author\\\/admin_0qgz1xdp\\\/\"}]}<\/script>\n<!-- \/ Yoast SEO plugin. -->","yoast_head_json":{"title":"Natuzzi: dai lavoratori ok al Piano Industriale con zero esuberi - Archivio CassanoWeb","robots":{"index":"index","follow":"follow","max-snippet":"max-snippet:-1","max-image-preview":"max-image-preview:large","max-video-preview":"max-video-preview:-1"},"canonical":"https:\/\/archiviocassano.lavocedelpaese.info\/index.php\/2018\/06\/29\/natuzzi-dai-lavoratori-ok-al-piano-industriale-con-zero-esuberi\/","og_locale":"it_IT","og_type":"article","og_title":"Natuzzi: dai lavoratori ok al Piano Industriale con zero esuberi - Archivio CassanoWeb","og_url":"https:\/\/archiviocassano.lavocedelpaese.info\/index.php\/2018\/06\/29\/natuzzi-dai-lavoratori-ok-al-piano-industriale-con-zero-esuberi\/","og_site_name":"Archivio CassanoWeb","article_publisher":"https:\/\/www.facebook.com\/redazione.cassanoweb","article_published_time":"2018-06-29T06:40:38+00:00","og_image":[{"width":640,"height":300,"url":"https:\/\/archiviocassano.lavocedelpaese.info\/wp-content\/uploads\/2009\/09\/natuzzi.jpg","type":"image\/jpeg"}],"author":"admin","twitter_card":"summary_large_image","twitter_misc":{"Scritto da":"admin","Tempo di lettura stimato":"3 minuti"},"schema":{"@context":"https:\/\/schema.org","@graph":[{"@type":"Article","@id":"https:\/\/archiviocassano.lavocedelpaese.info\/index.php\/2018\/06\/29\/natuzzi-dai-lavoratori-ok-al-piano-industriale-con-zero-esuberi\/#article","isPartOf":{"@id":"https:\/\/archiviocassano.lavocedelpaese.info\/index.php\/2018\/06\/29\/natuzzi-dai-lavoratori-ok-al-piano-industriale-con-zero-esuberi\/"},"author":{"name":"admin","@id":"https:\/\/archiviocassano.lavocedelpaese.info\/#\/schema\/person\/df195bc79a9b4c35127cf005f92e041b"},"headline":"Natuzzi: dai lavoratori ok al Piano Industriale con zero esuberi","datePublished":"2018-06-29T06:40:38+00:00","mainEntityOfPage":{"@id":"https:\/\/archiviocassano.lavocedelpaese.info\/index.php\/2018\/06\/29\/natuzzi-dai-lavoratori-ok-al-piano-industriale-con-zero-esuberi\/"},"wordCount":555,"commentCount":0,"publisher":{"@id":"https:\/\/archiviocassano.lavocedelpaese.info\/#organization"},"image":{"@id":"https:\/\/archiviocassano.lavocedelpaese.info\/index.php\/2018\/06\/29\/natuzzi-dai-lavoratori-ok-al-piano-industriale-con-zero-esuberi\/#primaryimage"},"thumbnailUrl":"https:\/\/archiviocassano.lavocedelpaese.info\/wp-content\/uploads\/2009\/09\/natuzzi.jpg","articleSection":["Economia"],"inLanguage":"it-IT","potentialAction":[{"@type":"CommentAction","name":"Comment","target":["https:\/\/archiviocassano.lavocedelpaese.info\/index.php\/2018\/06\/29\/natuzzi-dai-lavoratori-ok-al-piano-industriale-con-zero-esuberi\/#respond"]}]},{"@type":"WebPage","@id":"https:\/\/archiviocassano.lavocedelpaese.info\/index.php\/2018\/06\/29\/natuzzi-dai-lavoratori-ok-al-piano-industriale-con-zero-esuberi\/","url":"https:\/\/archiviocassano.lavocedelpaese.info\/index.php\/2018\/06\/29\/natuzzi-dai-lavoratori-ok-al-piano-industriale-con-zero-esuberi\/","name":"Natuzzi: dai lavoratori ok al Piano Industriale con zero esuberi - Archivio CassanoWeb","isPartOf":{"@id":"https:\/\/archiviocassano.lavocedelpaese.info\/#website"},"primaryImageOfPage":{"@id":"https:\/\/archiviocassano.lavocedelpaese.info\/index.php\/2018\/06\/29\/natuzzi-dai-lavoratori-ok-al-piano-industriale-con-zero-esuberi\/#primaryimage"},"image":{"@id":"https:\/\/archiviocassano.lavocedelpaese.info\/index.php\/2018\/06\/29\/natuzzi-dai-lavoratori-ok-al-piano-industriale-con-zero-esuberi\/#primaryimage"},"thumbnailUrl":"https:\/\/archiviocassano.lavocedelpaese.info\/wp-content\/uploads\/2009\/09\/natuzzi.jpg","datePublished":"2018-06-29T06:40:38+00:00","breadcrumb":{"@id":"https:\/\/archiviocassano.lavocedelpaese.info\/index.php\/2018\/06\/29\/natuzzi-dai-lavoratori-ok-al-piano-industriale-con-zero-esuberi\/#breadcrumb"},"inLanguage":"it-IT","potentialAction":[{"@type":"ReadAction","target":["https:\/\/archiviocassano.lavocedelpaese.info\/index.php\/2018\/06\/29\/natuzzi-dai-lavoratori-ok-al-piano-industriale-con-zero-esuberi\/"]}]},{"@type":"ImageObject","inLanguage":"it-IT","@id":"https:\/\/archiviocassano.lavocedelpaese.info\/index.php\/2018\/06\/29\/natuzzi-dai-lavoratori-ok-al-piano-industriale-con-zero-esuberi\/#primaryimage","url":"https:\/\/archiviocassano.lavocedelpaese.info\/wp-content\/uploads\/2009\/09\/natuzzi.jpg","contentUrl":"https:\/\/archiviocassano.lavocedelpaese.info\/wp-content\/uploads\/2009\/09\/natuzzi.jpg","width":640,"height":300,"caption":"natuzzi"},{"@type":"BreadcrumbList","@id":"https:\/\/archiviocassano.lavocedelpaese.info\/index.php\/2018\/06\/29\/natuzzi-dai-lavoratori-ok-al-piano-industriale-con-zero-esuberi\/#breadcrumb","itemListElement":[{"@type":"ListItem","position":1,"name":"Home","item":"https:\/\/archiviocassano.lavocedelpaese.info\/"},{"@type":"ListItem","position":2,"name":"Natuzzi: dai lavoratori ok al Piano Industriale con zero esuberi"}]},{"@type":"WebSite","@id":"https:\/\/archiviocassano.lavocedelpaese.info\/#website","url":"https:\/\/archiviocassano.lavocedelpaese.info\/","name":"Archivio CassanoWeb","description":"La Voce del Paese - un network di idee","publisher":{"@id":"https:\/\/archiviocassano.lavocedelpaese.info\/#organization"},"potentialAction":[{"@type":"SearchAction","target":{"@type":"EntryPoint","urlTemplate":"https:\/\/archiviocassano.lavocedelpaese.info\/?s={search_term_string}"},"query-input":{"@type":"PropertyValueSpecification","valueRequired":true,"valueName":"search_term_string"}}],"inLanguage":"it-IT"},{"@type":"Organization","@id":"https:\/\/archiviocassano.lavocedelpaese.info\/#organization","name":"Archivio CassanoWeb","url":"https:\/\/archiviocassano.lavocedelpaese.info\/","logo":{"@type":"ImageObject","inLanguage":"it-IT","@id":"https:\/\/archiviocassano.lavocedelpaese.info\/#\/schema\/logo\/image\/","url":"https:\/\/archiviocassano.lavocedelpaese.info\/wp-content\/uploads\/2024\/08\/logo-rosso-2.png","contentUrl":"https:\/\/archiviocassano.lavocedelpaese.info\/wp-content\/uploads\/2024\/08\/logo-rosso-2.png","width":491,"height":432,"caption":"Archivio CassanoWeb"},"image":{"@id":"https:\/\/archiviocassano.lavocedelpaese.info\/#\/schema\/logo\/image\/"},"sameAs":["https:\/\/www.facebook.com\/redazione.cassanoweb"]},{"@type":"Person","@id":"https:\/\/archiviocassano.lavocedelpaese.info\/#\/schema\/person\/df195bc79a9b4c35127cf005f92e041b","name":"admin","image":{"@type":"ImageObject","inLanguage":"it-IT","@id":"https:\/\/secure.gravatar.com\/avatar\/eabba89a432e8eaa1b0207cc55f7e5340b22712b1ed80677efcf63e02ff5b235?s=96&d=mm&r=g","url":"https:\/\/secure.gravatar.com\/avatar\/eabba89a432e8eaa1b0207cc55f7e5340b22712b1ed80677efcf63e02ff5b235?s=96&d=mm&r=g","contentUrl":"https:\/\/secure.gravatar.com\/avatar\/eabba89a432e8eaa1b0207cc55f7e5340b22712b1ed80677efcf63e02ff5b235?s=96&d=mm&r=g","caption":"admin"},"sameAs":["https:\/\/archiviocassano.lavocedelpaese.info"],"url":"https:\/\/archiviocassano.lavocedelpaese.info\/index.php\/author\/admin_0qgz1xdp\/"}]}},"_links":{"self":[{"href":"https:\/\/archiviocassano.lavocedelpaese.info\/index.php\/wp-json\/wp\/v2\/posts\/16176","targetHints":{"allow":["GET"]}}],"collection":[{"href":"https:\/\/archiviocassano.lavocedelpaese.info\/index.php\/wp-json\/wp\/v2\/posts"}],"about":[{"href":"https:\/\/archiviocassano.lavocedelpaese.info\/index.php\/wp-json\/wp\/v2\/types\/post"}],"author":[{"embeddable":true,"href":"https:\/\/archiviocassano.lavocedelpaese.info\/index.php\/wp-json\/wp\/v2\/users\/1"}],"replies":[{"embeddable":true,"href":"https:\/\/archiviocassano.lavocedelpaese.info\/index.php\/wp-json\/wp\/v2\/comments?post=16176"}],"version-history":[{"count":0,"href":"https:\/\/archiviocassano.lavocedelpaese.info\/index.php\/wp-json\/wp\/v2\/posts\/16176\/revisions"}],"wp:featuredmedia":[{"embeddable":true,"href":"https:\/\/archiviocassano.lavocedelpaese.info\/index.php\/wp-json\/wp\/v2\/media\/347"}],"wp:attachment":[{"href":"https:\/\/archiviocassano.lavocedelpaese.info\/index.php\/wp-json\/wp\/v2\/media?parent=16176"}],"wp:term":[{"taxonomy":"category","embeddable":true,"href":"https:\/\/archiviocassano.lavocedelpaese.info\/index.php\/wp-json\/wp\/v2\/categories?post=16176"},{"taxonomy":"post_tag","embeddable":true,"href":"https:\/\/archiviocassano.lavocedelpaese.info\/index.php\/wp-json\/wp\/v2\/tags?post=16176"}],"curies":[{"name":"wp","href":"https:\/\/api.w.org\/{rel}","templated":true}]}}