{"id":16212,"date":"2018-07-06T05:34:06","date_gmt":"2018-07-06T05:34:06","guid":{"rendered":"https:\/\/archiviocassano.lavocedelpaese.info\/index.php\/2018\/07\/06\/trekking-serale-e-querce-secolari\/"},"modified":"2018-07-06T05:34:06","modified_gmt":"2018-07-06T05:34:06","slug":"trekking-serale-e-querce-secolari","status":"publish","type":"post","link":"https:\/\/archiviocassano.lavocedelpaese.info\/index.php\/2018\/07\/06\/trekking-serale-e-querce-secolari\/","title":{"rendered":"Trekking serale e querce secolari con &#8220;Murgia Trekking&#8221;"},"content":{"rendered":"<p><img loading=\"lazy\" decoding=\"async\" class=\" size-full wp-image-16211\" src=\"https:\/\/archiviocassano.lavocedelpaese.info\/wp-content\/uploads\/2018\/07\/36554841_1969441363276622_7375908390104465408_n.jpg\" width=\"320\" height=\"150\" alt=\"36554841 1969441363276622 7375908390104465408 n\" style=\"margin-right: 2px; margin-left: 2px;\" \/><\/p>\n<p><!--more--><\/p>\n<p>Sabato 7 luglio il gruppo Murgia Trekking &amp; More organizza un&#8217;uscita serale in foresta in una zona che vanta delle bellissime querce di cui alcune secolari. Sar\u00e0 un vero e proprio pretesto per condividere una bella escursione serale in compagnia di tutti gli amici Murgia Trekking &amp; More e Puglia Federiciana. Durante e a fine escursione, sar\u00e0 un piacere beneficiare dell&#8217;inconfondibile fresco murgiano.<\/p>\n<p>L&#8217;iniziativa consiste nel vederci alle 18,30 fare un bel trekking tutti insieme al tramonto, chi vorr\u00e0 potr\u00e0 portarsi una torcia personale da usare solo e soltanto all&#8217;occorrenza in caso di necessit\u00e0, in quanto al buio la natura la si percepisce molto meglio. naturalmente durante l&#8217;escursione non mancheranno i tradizionali cenni di astronomia.<br \/>Il percorso sar\u00e0 valutato al momento, tra alcune diverse soluzioni, a seconda delle condizioni climatiche e dei partecipanti.&nbsp;<br \/>In ogni caso la difficolt\u00e0 del percorso sar\u00e0 accessibile a tutti coloro che sono gi\u00e0 abituati a camminare in natura &#8220;DIFFICOLT\u00c0 MEDIA&#8221; , alcuni punti saranno fra vegetazione incolta e terreno sconnesso, con tratti di discreta pendenza per un totale di circa 8\/10 km.<br \/>Trattandosi di zone incolte e rocciose ricordiamo che \u00e8 obbligatorio indossare scarpe da trekking alte o scarpe tecniche anti-scivolo pena esclusione dalla escursione.&nbsp;<br \/>\u00c9 consigliato abbigliamento comodo, PANTALONI LUNGHI, giacca a vento traspirante, mantellina parapioggia, zaino comodo, scorta d&#8217;acqua e luce a batteria.<br \/>A fine escursione ci ristoreremo tutti insieme nel ABBONDANTE BUFFET messo a disposizione da chi vorr\u00e0 e avr\u00e0 il piacere di condividere e far assaggiare a tutti le proprie specialit\u00e0 culinarie, ottimo pretesto per incentivare la conoscenza, coltivare nuove amicizie e creare un gruppo sempre pi\u00f9 affiatato \ud83d\ude09<\/p>\n<p>*************** N.B. LA PRENOTAZIONE E&#8217; OBBLIGATORIA ENTRO VENERD\u00cc SERA ****************<\/p>\n<p>Incontro dei partecipanti sabato 7 luglio alle ore 18.30 al secondo ingresso della foresta Mercadante, venendo da Cassano in direzione Altamura, al crocevia per il villaggio Quadrifoglio girare a sinistra (seguire indicazione Villa Fano Del Poggio) su contrada Jazzo Nuovo.<br \/>Dopo circa 100 metri troverete il primo parcheggio sulla sinistra, l&#8217;appuntamento \u00e8 nel parcheggio.<br \/>Ricordiamo che la puntualit\u00e0 \u00e8 una dimostrazione di educazione e rispetto nei confronti di tutti i partecipanti.<\/p>\n<p>CLICCANDO SUL LINK SOTTOSTANTE AVRETE IL PUNTO PRECISO SULLA MAPPA:<br \/><a href=\"https:\/\/l.facebook.com\/l.php?u=https%3A%2F%2Fwww.google.it%2Fmaps%2Fplace%2F40%C2%B053%2739.0%2522N%2B16%C2%B041%2725.1%2522E%2F%4040.894171%2C16.6892057%2C292m%2Fdata%3D%213m1%211e3%214m5%213m4%211s0x0%3A0x0%218m2%213d40.894171%214d16.6903&amp;h=AT3ln-8yp5RzETiHQUfT7vmrta31SFb9H9kSfK_6kyElWU0KMx1PE4ZGIrCdzb50S8qVyjw4jTVEoNVLjnPjN8K5WyOb0hzL3eOc986W2oWvrZs6J67nqHflFQXL&amp;s=1\" target=\"_blank\" data-saferedirecturl=\"https:\/\/www.google.com\/url?hl=it&amp;q=https:\/\/l.facebook.com\/l.php?u%3Dhttps%253A%252F%252Fwww.google.it%252Fmaps%252Fplace%252F40%25C2%25B053%252739.0%252522N%252B16%25C2%25B041%252725.1%252522E%252F%254040.894171%252C16.6892057%252C292m%252Fdata%253D%25213m1%25211e3%25214m5%25213m4%25211s0x0%253A0x0%25218m2%25213d40.894171%25214d16.6903%26h%3DAT3ln-8yp5RzETiHQUfT7vmrta31SFb9H9kSfK_6kyElWU0KMx1PE4ZGIrCdzb50S8qVyjw4jTVEoNVLjnPjN8K5WyOb0hzL3eOc986W2oWvrZs6J67nqHflFQXL%26s%3D1&amp;source=gmail&amp;ust=1530850914435000&amp;usg=AFQjCNE6kLswQn8DjM9Wos6B16KALKSu8A\" rel=\"noopener\">https:\/\/www.google.it\/maps\/<wbr \/>place\/40\u00b053&#8217;39.0%22N+16\u00b041&#8217;25.<wbr \/>1%22E\/@40.894171,16.6892057,<wbr \/>292m\/data=!3m1!1e3!4m5!3m4!<wbr \/>1s0x0:0x0!8m2!3d40.894171!<wbr \/>4d16.6903<\/a><\/p>\n<p>N.B. RICORDIAMO CHE LA PARTECIPAZIONE \u00c8 LIBERA ED \u00c8 DA CONSIDERARSI COME UNA CONDIVISIONE TRA AMICI CHE SI INCONTRANO PER TRASCORRERE INSIEME UNA GIORNATA ALL&#8217;INSEGNA DEL DIVERTIMENTO CON LO SCOPO DI SCOPRIRE POSTI NUOVI E INTERESSANTI DEL NOSTRO TERRITORIO, NATURALMENTE SEMPRE NEL RISPETTO DEI LUOGHI, DELLE COSE E DELLA NATURA. QUALSIASI INFRAZIONE VERR\u00c0 SEGNALATA ALLE AUTORIT\u00c0 COMPETENTI.<br \/>TRATTANDOSI DI UN GRUPPO DI AMICI, OGNUNO E&#8217; RESPONSABILE PER SE STESSO E PER EVENTUALI DISAGI E\/O DANNI CAUSATI A TERZI.<\/p>\n<p>*********** PRENOTAZIONE OBBLIGATORIA ENTRO VENERD\u00cc SERA************<\/p>\n<p>Per qualsiasi info e prenotazioni inviare messaggio privato oppure telefonare a:<br \/>3479418986 (Fabio) oppure 3881747828 (Toni)<\/p>\n","protected":false},"excerpt":{"rendered":"","protected":false},"author":1,"featured_media":16211,"comment_status":"open","ping_status":"closed","sticky":false,"template":"","format":"standard","meta":{"colormag_page_container_layout":"default_layout","colormag_page_sidebar_layout":"default_layout","footnotes":""},"categories":[11],"tags":[],"class_list":["post-16212","post","type-post","status-publish","format-standard","has-post-thumbnail","hentry","category-appuntamenti"],"yoast_head":"<!-- This site is optimized with the Yoast SEO plugin v27.5 - https:\/\/yoast.com\/product\/yoast-seo-wordpress\/ -->\n<title>Trekking serale e querce secolari con &quot;Murgia Trekking&quot; - Archivio CassanoWeb<\/title>\n<meta name=\"robots\" content=\"index, follow, max-snippet:-1, max-image-preview:large, max-video-preview:-1\" \/>\n<link rel=\"canonical\" href=\"https:\/\/archiviocassano.lavocedelpaese.info\/index.php\/2018\/07\/06\/trekking-serale-e-querce-secolari\/\" \/>\n<meta property=\"og:locale\" content=\"it_IT\" \/>\n<meta property=\"og:type\" content=\"article\" \/>\n<meta property=\"og:title\" content=\"Trekking serale e querce secolari con &quot;Murgia Trekking&quot; - Archivio CassanoWeb\" \/>\n<meta property=\"og:url\" content=\"https:\/\/archiviocassano.lavocedelpaese.info\/index.php\/2018\/07\/06\/trekking-serale-e-querce-secolari\/\" \/>\n<meta property=\"og:site_name\" content=\"Archivio CassanoWeb\" \/>\n<meta property=\"article:publisher\" content=\"https:\/\/www.facebook.com\/redazione.cassanoweb\" \/>\n<meta property=\"article:published_time\" content=\"2018-07-06T05:34:06+00:00\" \/>\n<meta property=\"og:image\" content=\"https:\/\/archiviocassano.lavocedelpaese.info\/wp-content\/uploads\/2018\/07\/36554841_1969441363276622_7375908390104465408_n.jpg\" \/>\n\t<meta property=\"og:image:width\" content=\"960\" \/>\n\t<meta property=\"og:image:height\" content=\"720\" \/>\n\t<meta property=\"og:image:type\" content=\"image\/jpeg\" \/>\n<meta name=\"author\" content=\"admin\" \/>\n<meta name=\"twitter:card\" content=\"summary_large_image\" \/>\n<meta name=\"twitter:label1\" content=\"Scritto da\" \/>\n\t<meta name=\"twitter:data1\" content=\"admin\" \/>\n\t<meta name=\"twitter:label2\" content=\"Tempo di lettura stimato\" \/>\n\t<meta name=\"twitter:data2\" content=\"2 minuti\" \/>\n<script type=\"application\/ld+json\" class=\"yoast-schema-graph\">{\"@context\":\"https:\\\/\\\/schema.org\",\"@graph\":[{\"@type\":\"Article\",\"@id\":\"https:\\\/\\\/archiviocassano.lavocedelpaese.info\\\/index.php\\\/2018\\\/07\\\/06\\\/trekking-serale-e-querce-secolari\\\/#article\",\"isPartOf\":{\"@id\":\"https:\\\/\\\/archiviocassano.lavocedelpaese.info\\\/index.php\\\/2018\\\/07\\\/06\\\/trekking-serale-e-querce-secolari\\\/\"},\"author\":{\"name\":\"admin\",\"@id\":\"https:\\\/\\\/archiviocassano.lavocedelpaese.info\\\/#\\\/schema\\\/person\\\/df195bc79a9b4c35127cf005f92e041b\"},\"headline\":\"Trekking serale e querce secolari con &#8220;Murgia Trekking&#8221;\",\"datePublished\":\"2018-07-06T05:34:06+00:00\",\"mainEntityOfPage\":{\"@id\":\"https:\\\/\\\/archiviocassano.lavocedelpaese.info\\\/index.php\\\/2018\\\/07\\\/06\\\/trekking-serale-e-querce-secolari\\\/\"},\"wordCount\":481,\"commentCount\":0,\"publisher\":{\"@id\":\"https:\\\/\\\/archiviocassano.lavocedelpaese.info\\\/#organization\"},\"image\":{\"@id\":\"https:\\\/\\\/archiviocassano.lavocedelpaese.info\\\/index.php\\\/2018\\\/07\\\/06\\\/trekking-serale-e-querce-secolari\\\/#primaryimage\"},\"thumbnailUrl\":\"https:\\\/\\\/archiviocassano.lavocedelpaese.info\\\/wp-content\\\/uploads\\\/2018\\\/07\\\/36554841_1969441363276622_7375908390104465408_n.jpg\",\"articleSection\":[\"Appuntamenti\"],\"inLanguage\":\"it-IT\",\"potentialAction\":[{\"@type\":\"CommentAction\",\"name\":\"Comment\",\"target\":[\"https:\\\/\\\/archiviocassano.lavocedelpaese.info\\\/index.php\\\/2018\\\/07\\\/06\\\/trekking-serale-e-querce-secolari\\\/#respond\"]}]},{\"@type\":\"WebPage\",\"@id\":\"https:\\\/\\\/archiviocassano.lavocedelpaese.info\\\/index.php\\\/2018\\\/07\\\/06\\\/trekking-serale-e-querce-secolari\\\/\",\"url\":\"https:\\\/\\\/archiviocassano.lavocedelpaese.info\\\/index.php\\\/2018\\\/07\\\/06\\\/trekking-serale-e-querce-secolari\\\/\",\"name\":\"Trekking serale e querce secolari con \\\"Murgia Trekking\\\" - Archivio CassanoWeb\",\"isPartOf\":{\"@id\":\"https:\\\/\\\/archiviocassano.lavocedelpaese.info\\\/#website\"},\"primaryImageOfPage\":{\"@id\":\"https:\\\/\\\/archiviocassano.lavocedelpaese.info\\\/index.php\\\/2018\\\/07\\\/06\\\/trekking-serale-e-querce-secolari\\\/#primaryimage\"},\"image\":{\"@id\":\"https:\\\/\\\/archiviocassano.lavocedelpaese.info\\\/index.php\\\/2018\\\/07\\\/06\\\/trekking-serale-e-querce-secolari\\\/#primaryimage\"},\"thumbnailUrl\":\"https:\\\/\\\/archiviocassano.lavocedelpaese.info\\\/wp-content\\\/uploads\\\/2018\\\/07\\\/36554841_1969441363276622_7375908390104465408_n.jpg\",\"datePublished\":\"2018-07-06T05:34:06+00:00\",\"breadcrumb\":{\"@id\":\"https:\\\/\\\/archiviocassano.lavocedelpaese.info\\\/index.php\\\/2018\\\/07\\\/06\\\/trekking-serale-e-querce-secolari\\\/#breadcrumb\"},\"inLanguage\":\"it-IT\",\"potentialAction\":[{\"@type\":\"ReadAction\",\"target\":[\"https:\\\/\\\/archiviocassano.lavocedelpaese.info\\\/index.php\\\/2018\\\/07\\\/06\\\/trekking-serale-e-querce-secolari\\\/\"]}]},{\"@type\":\"ImageObject\",\"inLanguage\":\"it-IT\",\"@id\":\"https:\\\/\\\/archiviocassano.lavocedelpaese.info\\\/index.php\\\/2018\\\/07\\\/06\\\/trekking-serale-e-querce-secolari\\\/#primaryimage\",\"url\":\"https:\\\/\\\/archiviocassano.lavocedelpaese.info\\\/wp-content\\\/uploads\\\/2018\\\/07\\\/36554841_1969441363276622_7375908390104465408_n.jpg\",\"contentUrl\":\"https:\\\/\\\/archiviocassano.lavocedelpaese.info\\\/wp-content\\\/uploads\\\/2018\\\/07\\\/36554841_1969441363276622_7375908390104465408_n.jpg\",\"width\":960,\"height\":720,\"caption\":\"36554841 1969441363276622 7375908390104465408 n\"},{\"@type\":\"BreadcrumbList\",\"@id\":\"https:\\\/\\\/archiviocassano.lavocedelpaese.info\\\/index.php\\\/2018\\\/07\\\/06\\\/trekking-serale-e-querce-secolari\\\/#breadcrumb\",\"itemListElement\":[{\"@type\":\"ListItem\",\"position\":1,\"name\":\"Home\",\"item\":\"https:\\\/\\\/archiviocassano.lavocedelpaese.info\\\/\"},{\"@type\":\"ListItem\",\"position\":2,\"name\":\"Trekking serale e querce secolari con &#8220;Murgia Trekking&#8221;\"}]},{\"@type\":\"WebSite\",\"@id\":\"https:\\\/\\\/archiviocassano.lavocedelpaese.info\\\/#website\",\"url\":\"https:\\\/\\\/archiviocassano.lavocedelpaese.info\\\/\",\"name\":\"Archivio CassanoWeb\",\"description\":\"La Voce del Paese - un network di idee\",\"publisher\":{\"@id\":\"https:\\\/\\\/archiviocassano.lavocedelpaese.info\\\/#organization\"},\"potentialAction\":[{\"@type\":\"SearchAction\",\"target\":{\"@type\":\"EntryPoint\",\"urlTemplate\":\"https:\\\/\\\/archiviocassano.lavocedelpaese.info\\\/?s={search_term_string}\"},\"query-input\":{\"@type\":\"PropertyValueSpecification\",\"valueRequired\":true,\"valueName\":\"search_term_string\"}}],\"inLanguage\":\"it-IT\"},{\"@type\":\"Organization\",\"@id\":\"https:\\\/\\\/archiviocassano.lavocedelpaese.info\\\/#organization\",\"name\":\"Archivio CassanoWeb\",\"url\":\"https:\\\/\\\/archiviocassano.lavocedelpaese.info\\\/\",\"logo\":{\"@type\":\"ImageObject\",\"inLanguage\":\"it-IT\",\"@id\":\"https:\\\/\\\/archiviocassano.lavocedelpaese.info\\\/#\\\/schema\\\/logo\\\/image\\\/\",\"url\":\"https:\\\/\\\/archiviocassano.lavocedelpaese.info\\\/wp-content\\\/uploads\\\/2024\\\/08\\\/logo-rosso-2.png\",\"contentUrl\":\"https:\\\/\\\/archiviocassano.lavocedelpaese.info\\\/wp-content\\\/uploads\\\/2024\\\/08\\\/logo-rosso-2.png\",\"width\":491,\"height\":432,\"caption\":\"Archivio CassanoWeb\"},\"image\":{\"@id\":\"https:\\\/\\\/archiviocassano.lavocedelpaese.info\\\/#\\\/schema\\\/logo\\\/image\\\/\"},\"sameAs\":[\"https:\\\/\\\/www.facebook.com\\\/redazione.cassanoweb\"]},{\"@type\":\"Person\",\"@id\":\"https:\\\/\\\/archiviocassano.lavocedelpaese.info\\\/#\\\/schema\\\/person\\\/df195bc79a9b4c35127cf005f92e041b\",\"name\":\"admin\",\"image\":{\"@type\":\"ImageObject\",\"inLanguage\":\"it-IT\",\"@id\":\"https:\\\/\\\/secure.gravatar.com\\\/avatar\\\/eabba89a432e8eaa1b0207cc55f7e5340b22712b1ed80677efcf63e02ff5b235?s=96&d=mm&r=g\",\"url\":\"https:\\\/\\\/secure.gravatar.com\\\/avatar\\\/eabba89a432e8eaa1b0207cc55f7e5340b22712b1ed80677efcf63e02ff5b235?s=96&d=mm&r=g\",\"contentUrl\":\"https:\\\/\\\/secure.gravatar.com\\\/avatar\\\/eabba89a432e8eaa1b0207cc55f7e5340b22712b1ed80677efcf63e02ff5b235?s=96&d=mm&r=g\",\"caption\":\"admin\"},\"sameAs\":[\"https:\\\/\\\/archiviocassano.lavocedelpaese.info\"],\"url\":\"https:\\\/\\\/archiviocassano.lavocedelpaese.info\\\/index.php\\\/author\\\/admin_0qgz1xdp\\\/\"}]}<\/script>\n<!-- \/ Yoast SEO plugin. -->","yoast_head_json":{"title":"Trekking serale e querce secolari con \"Murgia Trekking\" - Archivio CassanoWeb","robots":{"index":"index","follow":"follow","max-snippet":"max-snippet:-1","max-image-preview":"max-image-preview:large","max-video-preview":"max-video-preview:-1"},"canonical":"https:\/\/archiviocassano.lavocedelpaese.info\/index.php\/2018\/07\/06\/trekking-serale-e-querce-secolari\/","og_locale":"it_IT","og_type":"article","og_title":"Trekking serale e querce secolari con \"Murgia Trekking\" - Archivio CassanoWeb","og_url":"https:\/\/archiviocassano.lavocedelpaese.info\/index.php\/2018\/07\/06\/trekking-serale-e-querce-secolari\/","og_site_name":"Archivio CassanoWeb","article_publisher":"https:\/\/www.facebook.com\/redazione.cassanoweb","article_published_time":"2018-07-06T05:34:06+00:00","og_image":[{"width":960,"height":720,"url":"https:\/\/archiviocassano.lavocedelpaese.info\/wp-content\/uploads\/2018\/07\/36554841_1969441363276622_7375908390104465408_n.jpg","type":"image\/jpeg"}],"author":"admin","twitter_card":"summary_large_image","twitter_misc":{"Scritto da":"admin","Tempo di lettura stimato":"2 minuti"},"schema":{"@context":"https:\/\/schema.org","@graph":[{"@type":"Article","@id":"https:\/\/archiviocassano.lavocedelpaese.info\/index.php\/2018\/07\/06\/trekking-serale-e-querce-secolari\/#article","isPartOf":{"@id":"https:\/\/archiviocassano.lavocedelpaese.info\/index.php\/2018\/07\/06\/trekking-serale-e-querce-secolari\/"},"author":{"name":"admin","@id":"https:\/\/archiviocassano.lavocedelpaese.info\/#\/schema\/person\/df195bc79a9b4c35127cf005f92e041b"},"headline":"Trekking serale e querce secolari con &#8220;Murgia Trekking&#8221;","datePublished":"2018-07-06T05:34:06+00:00","mainEntityOfPage":{"@id":"https:\/\/archiviocassano.lavocedelpaese.info\/index.php\/2018\/07\/06\/trekking-serale-e-querce-secolari\/"},"wordCount":481,"commentCount":0,"publisher":{"@id":"https:\/\/archiviocassano.lavocedelpaese.info\/#organization"},"image":{"@id":"https:\/\/archiviocassano.lavocedelpaese.info\/index.php\/2018\/07\/06\/trekking-serale-e-querce-secolari\/#primaryimage"},"thumbnailUrl":"https:\/\/archiviocassano.lavocedelpaese.info\/wp-content\/uploads\/2018\/07\/36554841_1969441363276622_7375908390104465408_n.jpg","articleSection":["Appuntamenti"],"inLanguage":"it-IT","potentialAction":[{"@type":"CommentAction","name":"Comment","target":["https:\/\/archiviocassano.lavocedelpaese.info\/index.php\/2018\/07\/06\/trekking-serale-e-querce-secolari\/#respond"]}]},{"@type":"WebPage","@id":"https:\/\/archiviocassano.lavocedelpaese.info\/index.php\/2018\/07\/06\/trekking-serale-e-querce-secolari\/","url":"https:\/\/archiviocassano.lavocedelpaese.info\/index.php\/2018\/07\/06\/trekking-serale-e-querce-secolari\/","name":"Trekking serale e querce secolari con \"Murgia Trekking\" - Archivio CassanoWeb","isPartOf":{"@id":"https:\/\/archiviocassano.lavocedelpaese.info\/#website"},"primaryImageOfPage":{"@id":"https:\/\/archiviocassano.lavocedelpaese.info\/index.php\/2018\/07\/06\/trekking-serale-e-querce-secolari\/#primaryimage"},"image":{"@id":"https:\/\/archiviocassano.lavocedelpaese.info\/index.php\/2018\/07\/06\/trekking-serale-e-querce-secolari\/#primaryimage"},"thumbnailUrl":"https:\/\/archiviocassano.lavocedelpaese.info\/wp-content\/uploads\/2018\/07\/36554841_1969441363276622_7375908390104465408_n.jpg","datePublished":"2018-07-06T05:34:06+00:00","breadcrumb":{"@id":"https:\/\/archiviocassano.lavocedelpaese.info\/index.php\/2018\/07\/06\/trekking-serale-e-querce-secolari\/#breadcrumb"},"inLanguage":"it-IT","potentialAction":[{"@type":"ReadAction","target":["https:\/\/archiviocassano.lavocedelpaese.info\/index.php\/2018\/07\/06\/trekking-serale-e-querce-secolari\/"]}]},{"@type":"ImageObject","inLanguage":"it-IT","@id":"https:\/\/archiviocassano.lavocedelpaese.info\/index.php\/2018\/07\/06\/trekking-serale-e-querce-secolari\/#primaryimage","url":"https:\/\/archiviocassano.lavocedelpaese.info\/wp-content\/uploads\/2018\/07\/36554841_1969441363276622_7375908390104465408_n.jpg","contentUrl":"https:\/\/archiviocassano.lavocedelpaese.info\/wp-content\/uploads\/2018\/07\/36554841_1969441363276622_7375908390104465408_n.jpg","width":960,"height":720,"caption":"36554841 1969441363276622 7375908390104465408 n"},{"@type":"BreadcrumbList","@id":"https:\/\/archiviocassano.lavocedelpaese.info\/index.php\/2018\/07\/06\/trekking-serale-e-querce-secolari\/#breadcrumb","itemListElement":[{"@type":"ListItem","position":1,"name":"Home","item":"https:\/\/archiviocassano.lavocedelpaese.info\/"},{"@type":"ListItem","position":2,"name":"Trekking serale e querce secolari con &#8220;Murgia Trekking&#8221;"}]},{"@type":"WebSite","@id":"https:\/\/archiviocassano.lavocedelpaese.info\/#website","url":"https:\/\/archiviocassano.lavocedelpaese.info\/","name":"Archivio CassanoWeb","description":"La Voce del Paese - un network di idee","publisher":{"@id":"https:\/\/archiviocassano.lavocedelpaese.info\/#organization"},"potentialAction":[{"@type":"SearchAction","target":{"@type":"EntryPoint","urlTemplate":"https:\/\/archiviocassano.lavocedelpaese.info\/?s={search_term_string}"},"query-input":{"@type":"PropertyValueSpecification","valueRequired":true,"valueName":"search_term_string"}}],"inLanguage":"it-IT"},{"@type":"Organization","@id":"https:\/\/archiviocassano.lavocedelpaese.info\/#organization","name":"Archivio CassanoWeb","url":"https:\/\/archiviocassano.lavocedelpaese.info\/","logo":{"@type":"ImageObject","inLanguage":"it-IT","@id":"https:\/\/archiviocassano.lavocedelpaese.info\/#\/schema\/logo\/image\/","url":"https:\/\/archiviocassano.lavocedelpaese.info\/wp-content\/uploads\/2024\/08\/logo-rosso-2.png","contentUrl":"https:\/\/archiviocassano.lavocedelpaese.info\/wp-content\/uploads\/2024\/08\/logo-rosso-2.png","width":491,"height":432,"caption":"Archivio CassanoWeb"},"image":{"@id":"https:\/\/archiviocassano.lavocedelpaese.info\/#\/schema\/logo\/image\/"},"sameAs":["https:\/\/www.facebook.com\/redazione.cassanoweb"]},{"@type":"Person","@id":"https:\/\/archiviocassano.lavocedelpaese.info\/#\/schema\/person\/df195bc79a9b4c35127cf005f92e041b","name":"admin","image":{"@type":"ImageObject","inLanguage":"it-IT","@id":"https:\/\/secure.gravatar.com\/avatar\/eabba89a432e8eaa1b0207cc55f7e5340b22712b1ed80677efcf63e02ff5b235?s=96&d=mm&r=g","url":"https:\/\/secure.gravatar.com\/avatar\/eabba89a432e8eaa1b0207cc55f7e5340b22712b1ed80677efcf63e02ff5b235?s=96&d=mm&r=g","contentUrl":"https:\/\/secure.gravatar.com\/avatar\/eabba89a432e8eaa1b0207cc55f7e5340b22712b1ed80677efcf63e02ff5b235?s=96&d=mm&r=g","caption":"admin"},"sameAs":["https:\/\/archiviocassano.lavocedelpaese.info"],"url":"https:\/\/archiviocassano.lavocedelpaese.info\/index.php\/author\/admin_0qgz1xdp\/"}]}},"_links":{"self":[{"href":"https:\/\/archiviocassano.lavocedelpaese.info\/index.php\/wp-json\/wp\/v2\/posts\/16212","targetHints":{"allow":["GET"]}}],"collection":[{"href":"https:\/\/archiviocassano.lavocedelpaese.info\/index.php\/wp-json\/wp\/v2\/posts"}],"about":[{"href":"https:\/\/archiviocassano.lavocedelpaese.info\/index.php\/wp-json\/wp\/v2\/types\/post"}],"author":[{"embeddable":true,"href":"https:\/\/archiviocassano.lavocedelpaese.info\/index.php\/wp-json\/wp\/v2\/users\/1"}],"replies":[{"embeddable":true,"href":"https:\/\/archiviocassano.lavocedelpaese.info\/index.php\/wp-json\/wp\/v2\/comments?post=16212"}],"version-history":[{"count":0,"href":"https:\/\/archiviocassano.lavocedelpaese.info\/index.php\/wp-json\/wp\/v2\/posts\/16212\/revisions"}],"wp:featuredmedia":[{"embeddable":true,"href":"https:\/\/archiviocassano.lavocedelpaese.info\/index.php\/wp-json\/wp\/v2\/media\/16211"}],"wp:attachment":[{"href":"https:\/\/archiviocassano.lavocedelpaese.info\/index.php\/wp-json\/wp\/v2\/media?parent=16212"}],"wp:term":[{"taxonomy":"category","embeddable":true,"href":"https:\/\/archiviocassano.lavocedelpaese.info\/index.php\/wp-json\/wp\/v2\/categories?post=16212"},{"taxonomy":"post_tag","embeddable":true,"href":"https:\/\/archiviocassano.lavocedelpaese.info\/index.php\/wp-json\/wp\/v2\/tags?post=16212"}],"curies":[{"name":"wp","href":"https:\/\/api.w.org\/{rel}","templated":true}]}}