{"id":16235,"date":"2018-07-11T06:45:03","date_gmt":"2018-07-11T06:45:03","guid":{"rendered":"https:\/\/archiviocassano.lavocedelpaese.info\/index.php\/2018\/07\/11\/contratto-stato-di-agitazione-dei-dipendenti-del-qmaugeriq\/"},"modified":"2018-07-11T06:45:03","modified_gmt":"2018-07-11T06:45:03","slug":"contratto-stato-di-agitazione-dei-dipendenti-del-qmaugeriq","status":"publish","type":"post","link":"https:\/\/archiviocassano.lavocedelpaese.info\/index.php\/2018\/07\/11\/contratto-stato-di-agitazione-dei-dipendenti-del-qmaugeriq\/","title":{"rendered":"Contratto, stato di agitazione dei dipendenti del &#8220;Maugeri&#8221;"},"content":{"rendered":"<p style=\"text-align: justify;\"><img loading=\"lazy\" decoding=\"async\" class=\" size-full wp-image-16234\" src=\"https:\/\/archiviocassano.lavocedelpaese.info\/wp-content\/uploads\/2018\/07\/WhatsApp_Image_2018-07-11_at_08.13.23.jpeg\" alt=\"WhatsApp Image 2018-07-11 at 08.13.23\" style=\"margin-right: 2px; margin-left: 2px;\" height=\"150\" width=\"320\" \/><\/p>\n<p><!--more--><\/p>\n<p>Stato di agitazione dei lavoratori dell\u2019Istituto \u201cMaugeri\u201d di Cassano. A deciderlo, dopo una assemblea dei lavoratori, le sigle sindacali Cgil Funzione Pubblica, CISL FP, UIL FPL e FSI USAE mentre la Fials ha deciso di non partecipare alle rivendicazioni a fianco dei lavoratori.<\/p>\n<p>Motivo del contendere: l\u2019applicazione, unilaterale, da parte dell\u2019azienda del contratto \u201cprivato\u201d della sanit\u00e0 anzich\u00e9 quello \u201cpubblico\u201d.<\/p>\n<p>Il Direttore Generale della Maugeri, il 29 giugno scorso, con una lettera indirizzata ai sindacati ha comunicato la decisione unilaterale di disdire gli accordi sottoscritti con i sindacati dal 2015 ad oggi, \u201crimangiandosi tutti gli impegni assunti\u201d, chiosa un comunicato stampa delle sigle sindacali.<\/p>\n<p>\u201cCon la stessa lettera \u00e8 stato disdettato anche il contratto nazionale della sanit\u00e0 pubblica, applicato fino ad oggi per la maggior parte dei lavoratori degli ICS Maugeri. Tale comportamento \u00e8 ancor pi\u00f9 inaccettabile perch\u00e9 gli accordi del 2015, a fronte di grandi rinunce da parte dei lavoratori, hanno consentito il salvataggio della societ\u00e0.<\/p>\n<p>La decisione della Maugeri arriva all\u2019indomani dell\u2019approvazione definitiva del contratto nazionale della sanit\u00e0 pubblica, adottato anche dalla stessa Maugeri per la maggior parte del personale dipendente, per evitare di dover corrispondere l\u2019adeguamento contrattuale di circa 85 \u20ac lordi, al solo fine di conseguire ulteriori inaccettabili risparmi sulle spalle dei lavoratori\u201d.<\/p>\n<p>L\u2019assemblea s\u2019inserisce tra le iniziative di lotta messe in atto a livello nazionale per tutte le strutture Maugeri, al fine di informare i lavoratori sullo stato della trattativa e sulle iniziative future.<\/p>\n<p>Infatti, le organizzazioni sindacali hanno gi\u00e0 indetto lo stato di agitazione a seguito del quale il Prefetto di Bari ha convocato le parti per il 24 luglio prossimo.<\/p>\n<p>Dopo ampia esposizione delle decisioni sindacali gi\u00e0 concordate dai livelli nazionali, i lavoratori hanno approvato all\u2019unanimit\u00e0 le seguenti iniziative di lotta:<\/p>\n<p>&#8211;&nbsp;&nbsp;&nbsp;&nbsp;&nbsp;&nbsp; Conferma dello stato di agitazione;<\/p>\n<p>&#8211;&nbsp;&nbsp;&nbsp;&nbsp;&nbsp;&nbsp; Sospensione del lavoro straordinario;<\/p>\n<p>&#8211;&nbsp;&nbsp;&nbsp;&nbsp;&nbsp;&nbsp; Occupazione della sede strategica della struttura ICS Maugeri di Cassano Murge;<\/p>\n<p>&#8211;&nbsp;&nbsp;&nbsp;&nbsp;&nbsp;&nbsp; Iniziative di volantinaggio informativo ai cittadini ed ai pazienti;<\/p>\n<p>&#8211;&nbsp;&nbsp;&nbsp;&nbsp;&nbsp;&nbsp; Sciopero di 24 ore da calendarizzare a livello nazionale.<\/p>\n<p>Le organizzazioni sindacali, hanno fatto proprie le indicazioni dell\u2019assemblea e si sono impegnate ad interessare i vertici della Regione Puglia e tutte le forze politiche ad ogni livello\u201d.<\/p>\n<p>&nbsp;<\/p>\n","protected":false},"excerpt":{"rendered":"","protected":false},"author":1,"featured_media":16234,"comment_status":"open","ping_status":"closed","sticky":false,"template":"","format":"standard","meta":{"colormag_page_container_layout":"default_layout","colormag_page_sidebar_layout":"default_layout","footnotes":""},"categories":[13],"tags":[],"class_list":["post-16235","post","type-post","status-publish","format-standard","has-post-thumbnail","hentry","category-economia"],"yoast_head":"<!-- This site is optimized with the Yoast SEO plugin v27.5 - https:\/\/yoast.com\/product\/yoast-seo-wordpress\/ -->\n<title>Contratto, stato di agitazione dei dipendenti del &quot;Maugeri&quot; - Archivio CassanoWeb<\/title>\n<meta name=\"robots\" content=\"index, follow, max-snippet:-1, max-image-preview:large, max-video-preview:-1\" \/>\n<link rel=\"canonical\" href=\"https:\/\/archiviocassano.lavocedelpaese.info\/index.php\/2018\/07\/11\/contratto-stato-di-agitazione-dei-dipendenti-del-qmaugeriq\/\" \/>\n<meta property=\"og:locale\" content=\"it_IT\" \/>\n<meta property=\"og:type\" content=\"article\" \/>\n<meta property=\"og:title\" content=\"Contratto, stato di agitazione dei dipendenti del &quot;Maugeri&quot; - Archivio CassanoWeb\" \/>\n<meta property=\"og:url\" content=\"https:\/\/archiviocassano.lavocedelpaese.info\/index.php\/2018\/07\/11\/contratto-stato-di-agitazione-dei-dipendenti-del-qmaugeriq\/\" \/>\n<meta property=\"og:site_name\" content=\"Archivio CassanoWeb\" \/>\n<meta property=\"article:publisher\" content=\"https:\/\/www.facebook.com\/redazione.cassanoweb\" \/>\n<meta property=\"article:published_time\" content=\"2018-07-11T06:45:03+00:00\" \/>\n<meta property=\"og:image\" content=\"https:\/\/archiviocassano.lavocedelpaese.info\/wp-content\/uploads\/2018\/07\/WhatsApp_Image_2018-07-11_at_08.13.23.jpeg\" \/>\n\t<meta property=\"og:image:width\" content=\"1600\" \/>\n\t<meta property=\"og:image:height\" content=\"900\" \/>\n\t<meta property=\"og:image:type\" content=\"image\/jpeg\" \/>\n<meta name=\"author\" content=\"admin\" \/>\n<meta name=\"twitter:card\" content=\"summary_large_image\" \/>\n<meta name=\"twitter:label1\" content=\"Scritto da\" \/>\n\t<meta name=\"twitter:data1\" content=\"admin\" \/>\n\t<meta name=\"twitter:label2\" content=\"Tempo di lettura stimato\" \/>\n\t<meta name=\"twitter:data2\" content=\"2 minuti\" \/>\n<script type=\"application\/ld+json\" class=\"yoast-schema-graph\">{\"@context\":\"https:\\\/\\\/schema.org\",\"@graph\":[{\"@type\":\"Article\",\"@id\":\"https:\\\/\\\/archiviocassano.lavocedelpaese.info\\\/index.php\\\/2018\\\/07\\\/11\\\/contratto-stato-di-agitazione-dei-dipendenti-del-qmaugeriq\\\/#article\",\"isPartOf\":{\"@id\":\"https:\\\/\\\/archiviocassano.lavocedelpaese.info\\\/index.php\\\/2018\\\/07\\\/11\\\/contratto-stato-di-agitazione-dei-dipendenti-del-qmaugeriq\\\/\"},\"author\":{\"name\":\"admin\",\"@id\":\"https:\\\/\\\/archiviocassano.lavocedelpaese.info\\\/#\\\/schema\\\/person\\\/df195bc79a9b4c35127cf005f92e041b\"},\"headline\":\"Contratto, stato di agitazione dei dipendenti del &#8220;Maugeri&#8221;\",\"datePublished\":\"2018-07-11T06:45:03+00:00\",\"mainEntityOfPage\":{\"@id\":\"https:\\\/\\\/archiviocassano.lavocedelpaese.info\\\/index.php\\\/2018\\\/07\\\/11\\\/contratto-stato-di-agitazione-dei-dipendenti-del-qmaugeriq\\\/\"},\"wordCount\":398,\"commentCount\":0,\"publisher\":{\"@id\":\"https:\\\/\\\/archiviocassano.lavocedelpaese.info\\\/#organization\"},\"image\":{\"@id\":\"https:\\\/\\\/archiviocassano.lavocedelpaese.info\\\/index.php\\\/2018\\\/07\\\/11\\\/contratto-stato-di-agitazione-dei-dipendenti-del-qmaugeriq\\\/#primaryimage\"},\"thumbnailUrl\":\"https:\\\/\\\/archiviocassano.lavocedelpaese.info\\\/wp-content\\\/uploads\\\/2018\\\/07\\\/WhatsApp_Image_2018-07-11_at_08.13.23.jpeg\",\"articleSection\":[\"Economia\"],\"inLanguage\":\"it-IT\",\"potentialAction\":[{\"@type\":\"CommentAction\",\"name\":\"Comment\",\"target\":[\"https:\\\/\\\/archiviocassano.lavocedelpaese.info\\\/index.php\\\/2018\\\/07\\\/11\\\/contratto-stato-di-agitazione-dei-dipendenti-del-qmaugeriq\\\/#respond\"]}]},{\"@type\":\"WebPage\",\"@id\":\"https:\\\/\\\/archiviocassano.lavocedelpaese.info\\\/index.php\\\/2018\\\/07\\\/11\\\/contratto-stato-di-agitazione-dei-dipendenti-del-qmaugeriq\\\/\",\"url\":\"https:\\\/\\\/archiviocassano.lavocedelpaese.info\\\/index.php\\\/2018\\\/07\\\/11\\\/contratto-stato-di-agitazione-dei-dipendenti-del-qmaugeriq\\\/\",\"name\":\"Contratto, stato di agitazione dei dipendenti del \\\"Maugeri\\\" - Archivio CassanoWeb\",\"isPartOf\":{\"@id\":\"https:\\\/\\\/archiviocassano.lavocedelpaese.info\\\/#website\"},\"primaryImageOfPage\":{\"@id\":\"https:\\\/\\\/archiviocassano.lavocedelpaese.info\\\/index.php\\\/2018\\\/07\\\/11\\\/contratto-stato-di-agitazione-dei-dipendenti-del-qmaugeriq\\\/#primaryimage\"},\"image\":{\"@id\":\"https:\\\/\\\/archiviocassano.lavocedelpaese.info\\\/index.php\\\/2018\\\/07\\\/11\\\/contratto-stato-di-agitazione-dei-dipendenti-del-qmaugeriq\\\/#primaryimage\"},\"thumbnailUrl\":\"https:\\\/\\\/archiviocassano.lavocedelpaese.info\\\/wp-content\\\/uploads\\\/2018\\\/07\\\/WhatsApp_Image_2018-07-11_at_08.13.23.jpeg\",\"datePublished\":\"2018-07-11T06:45:03+00:00\",\"breadcrumb\":{\"@id\":\"https:\\\/\\\/archiviocassano.lavocedelpaese.info\\\/index.php\\\/2018\\\/07\\\/11\\\/contratto-stato-di-agitazione-dei-dipendenti-del-qmaugeriq\\\/#breadcrumb\"},\"inLanguage\":\"it-IT\",\"potentialAction\":[{\"@type\":\"ReadAction\",\"target\":[\"https:\\\/\\\/archiviocassano.lavocedelpaese.info\\\/index.php\\\/2018\\\/07\\\/11\\\/contratto-stato-di-agitazione-dei-dipendenti-del-qmaugeriq\\\/\"]}]},{\"@type\":\"ImageObject\",\"inLanguage\":\"it-IT\",\"@id\":\"https:\\\/\\\/archiviocassano.lavocedelpaese.info\\\/index.php\\\/2018\\\/07\\\/11\\\/contratto-stato-di-agitazione-dei-dipendenti-del-qmaugeriq\\\/#primaryimage\",\"url\":\"https:\\\/\\\/archiviocassano.lavocedelpaese.info\\\/wp-content\\\/uploads\\\/2018\\\/07\\\/WhatsApp_Image_2018-07-11_at_08.13.23.jpeg\",\"contentUrl\":\"https:\\\/\\\/archiviocassano.lavocedelpaese.info\\\/wp-content\\\/uploads\\\/2018\\\/07\\\/WhatsApp_Image_2018-07-11_at_08.13.23.jpeg\",\"width\":1600,\"height\":900,\"caption\":\"WhatsApp Image 2018-07-11 at 08.13.23\"},{\"@type\":\"BreadcrumbList\",\"@id\":\"https:\\\/\\\/archiviocassano.lavocedelpaese.info\\\/index.php\\\/2018\\\/07\\\/11\\\/contratto-stato-di-agitazione-dei-dipendenti-del-qmaugeriq\\\/#breadcrumb\",\"itemListElement\":[{\"@type\":\"ListItem\",\"position\":1,\"name\":\"Home\",\"item\":\"https:\\\/\\\/archiviocassano.lavocedelpaese.info\\\/\"},{\"@type\":\"ListItem\",\"position\":2,\"name\":\"Contratto, stato di agitazione dei dipendenti del &#8220;Maugeri&#8221;\"}]},{\"@type\":\"WebSite\",\"@id\":\"https:\\\/\\\/archiviocassano.lavocedelpaese.info\\\/#website\",\"url\":\"https:\\\/\\\/archiviocassano.lavocedelpaese.info\\\/\",\"name\":\"Archivio CassanoWeb\",\"description\":\"La Voce del Paese - un network di idee\",\"publisher\":{\"@id\":\"https:\\\/\\\/archiviocassano.lavocedelpaese.info\\\/#organization\"},\"potentialAction\":[{\"@type\":\"SearchAction\",\"target\":{\"@type\":\"EntryPoint\",\"urlTemplate\":\"https:\\\/\\\/archiviocassano.lavocedelpaese.info\\\/?s={search_term_string}\"},\"query-input\":{\"@type\":\"PropertyValueSpecification\",\"valueRequired\":true,\"valueName\":\"search_term_string\"}}],\"inLanguage\":\"it-IT\"},{\"@type\":\"Organization\",\"@id\":\"https:\\\/\\\/archiviocassano.lavocedelpaese.info\\\/#organization\",\"name\":\"Archivio CassanoWeb\",\"url\":\"https:\\\/\\\/archiviocassano.lavocedelpaese.info\\\/\",\"logo\":{\"@type\":\"ImageObject\",\"inLanguage\":\"it-IT\",\"@id\":\"https:\\\/\\\/archiviocassano.lavocedelpaese.info\\\/#\\\/schema\\\/logo\\\/image\\\/\",\"url\":\"https:\\\/\\\/archiviocassano.lavocedelpaese.info\\\/wp-content\\\/uploads\\\/2024\\\/08\\\/logo-rosso-2.png\",\"contentUrl\":\"https:\\\/\\\/archiviocassano.lavocedelpaese.info\\\/wp-content\\\/uploads\\\/2024\\\/08\\\/logo-rosso-2.png\",\"width\":491,\"height\":432,\"caption\":\"Archivio CassanoWeb\"},\"image\":{\"@id\":\"https:\\\/\\\/archiviocassano.lavocedelpaese.info\\\/#\\\/schema\\\/logo\\\/image\\\/\"},\"sameAs\":[\"https:\\\/\\\/www.facebook.com\\\/redazione.cassanoweb\"]},{\"@type\":\"Person\",\"@id\":\"https:\\\/\\\/archiviocassano.lavocedelpaese.info\\\/#\\\/schema\\\/person\\\/df195bc79a9b4c35127cf005f92e041b\",\"name\":\"admin\",\"image\":{\"@type\":\"ImageObject\",\"inLanguage\":\"it-IT\",\"@id\":\"https:\\\/\\\/secure.gravatar.com\\\/avatar\\\/eabba89a432e8eaa1b0207cc55f7e5340b22712b1ed80677efcf63e02ff5b235?s=96&d=mm&r=g\",\"url\":\"https:\\\/\\\/secure.gravatar.com\\\/avatar\\\/eabba89a432e8eaa1b0207cc55f7e5340b22712b1ed80677efcf63e02ff5b235?s=96&d=mm&r=g\",\"contentUrl\":\"https:\\\/\\\/secure.gravatar.com\\\/avatar\\\/eabba89a432e8eaa1b0207cc55f7e5340b22712b1ed80677efcf63e02ff5b235?s=96&d=mm&r=g\",\"caption\":\"admin\"},\"sameAs\":[\"https:\\\/\\\/archiviocassano.lavocedelpaese.info\"],\"url\":\"https:\\\/\\\/archiviocassano.lavocedelpaese.info\\\/index.php\\\/author\\\/admin_0qgz1xdp\\\/\"}]}<\/script>\n<!-- \/ Yoast SEO plugin. -->","yoast_head_json":{"title":"Contratto, stato di agitazione dei dipendenti del \"Maugeri\" - Archivio CassanoWeb","robots":{"index":"index","follow":"follow","max-snippet":"max-snippet:-1","max-image-preview":"max-image-preview:large","max-video-preview":"max-video-preview:-1"},"canonical":"https:\/\/archiviocassano.lavocedelpaese.info\/index.php\/2018\/07\/11\/contratto-stato-di-agitazione-dei-dipendenti-del-qmaugeriq\/","og_locale":"it_IT","og_type":"article","og_title":"Contratto, stato di agitazione dei dipendenti del \"Maugeri\" - Archivio CassanoWeb","og_url":"https:\/\/archiviocassano.lavocedelpaese.info\/index.php\/2018\/07\/11\/contratto-stato-di-agitazione-dei-dipendenti-del-qmaugeriq\/","og_site_name":"Archivio CassanoWeb","article_publisher":"https:\/\/www.facebook.com\/redazione.cassanoweb","article_published_time":"2018-07-11T06:45:03+00:00","og_image":[{"width":1600,"height":900,"url":"https:\/\/archiviocassano.lavocedelpaese.info\/wp-content\/uploads\/2018\/07\/WhatsApp_Image_2018-07-11_at_08.13.23.jpeg","type":"image\/jpeg"}],"author":"admin","twitter_card":"summary_large_image","twitter_misc":{"Scritto da":"admin","Tempo di lettura stimato":"2 minuti"},"schema":{"@context":"https:\/\/schema.org","@graph":[{"@type":"Article","@id":"https:\/\/archiviocassano.lavocedelpaese.info\/index.php\/2018\/07\/11\/contratto-stato-di-agitazione-dei-dipendenti-del-qmaugeriq\/#article","isPartOf":{"@id":"https:\/\/archiviocassano.lavocedelpaese.info\/index.php\/2018\/07\/11\/contratto-stato-di-agitazione-dei-dipendenti-del-qmaugeriq\/"},"author":{"name":"admin","@id":"https:\/\/archiviocassano.lavocedelpaese.info\/#\/schema\/person\/df195bc79a9b4c35127cf005f92e041b"},"headline":"Contratto, stato di agitazione dei dipendenti del &#8220;Maugeri&#8221;","datePublished":"2018-07-11T06:45:03+00:00","mainEntityOfPage":{"@id":"https:\/\/archiviocassano.lavocedelpaese.info\/index.php\/2018\/07\/11\/contratto-stato-di-agitazione-dei-dipendenti-del-qmaugeriq\/"},"wordCount":398,"commentCount":0,"publisher":{"@id":"https:\/\/archiviocassano.lavocedelpaese.info\/#organization"},"image":{"@id":"https:\/\/archiviocassano.lavocedelpaese.info\/index.php\/2018\/07\/11\/contratto-stato-di-agitazione-dei-dipendenti-del-qmaugeriq\/#primaryimage"},"thumbnailUrl":"https:\/\/archiviocassano.lavocedelpaese.info\/wp-content\/uploads\/2018\/07\/WhatsApp_Image_2018-07-11_at_08.13.23.jpeg","articleSection":["Economia"],"inLanguage":"it-IT","potentialAction":[{"@type":"CommentAction","name":"Comment","target":["https:\/\/archiviocassano.lavocedelpaese.info\/index.php\/2018\/07\/11\/contratto-stato-di-agitazione-dei-dipendenti-del-qmaugeriq\/#respond"]}]},{"@type":"WebPage","@id":"https:\/\/archiviocassano.lavocedelpaese.info\/index.php\/2018\/07\/11\/contratto-stato-di-agitazione-dei-dipendenti-del-qmaugeriq\/","url":"https:\/\/archiviocassano.lavocedelpaese.info\/index.php\/2018\/07\/11\/contratto-stato-di-agitazione-dei-dipendenti-del-qmaugeriq\/","name":"Contratto, stato di agitazione dei dipendenti del \"Maugeri\" - Archivio CassanoWeb","isPartOf":{"@id":"https:\/\/archiviocassano.lavocedelpaese.info\/#website"},"primaryImageOfPage":{"@id":"https:\/\/archiviocassano.lavocedelpaese.info\/index.php\/2018\/07\/11\/contratto-stato-di-agitazione-dei-dipendenti-del-qmaugeriq\/#primaryimage"},"image":{"@id":"https:\/\/archiviocassano.lavocedelpaese.info\/index.php\/2018\/07\/11\/contratto-stato-di-agitazione-dei-dipendenti-del-qmaugeriq\/#primaryimage"},"thumbnailUrl":"https:\/\/archiviocassano.lavocedelpaese.info\/wp-content\/uploads\/2018\/07\/WhatsApp_Image_2018-07-11_at_08.13.23.jpeg","datePublished":"2018-07-11T06:45:03+00:00","breadcrumb":{"@id":"https:\/\/archiviocassano.lavocedelpaese.info\/index.php\/2018\/07\/11\/contratto-stato-di-agitazione-dei-dipendenti-del-qmaugeriq\/#breadcrumb"},"inLanguage":"it-IT","potentialAction":[{"@type":"ReadAction","target":["https:\/\/archiviocassano.lavocedelpaese.info\/index.php\/2018\/07\/11\/contratto-stato-di-agitazione-dei-dipendenti-del-qmaugeriq\/"]}]},{"@type":"ImageObject","inLanguage":"it-IT","@id":"https:\/\/archiviocassano.lavocedelpaese.info\/index.php\/2018\/07\/11\/contratto-stato-di-agitazione-dei-dipendenti-del-qmaugeriq\/#primaryimage","url":"https:\/\/archiviocassano.lavocedelpaese.info\/wp-content\/uploads\/2018\/07\/WhatsApp_Image_2018-07-11_at_08.13.23.jpeg","contentUrl":"https:\/\/archiviocassano.lavocedelpaese.info\/wp-content\/uploads\/2018\/07\/WhatsApp_Image_2018-07-11_at_08.13.23.jpeg","width":1600,"height":900,"caption":"WhatsApp Image 2018-07-11 at 08.13.23"},{"@type":"BreadcrumbList","@id":"https:\/\/archiviocassano.lavocedelpaese.info\/index.php\/2018\/07\/11\/contratto-stato-di-agitazione-dei-dipendenti-del-qmaugeriq\/#breadcrumb","itemListElement":[{"@type":"ListItem","position":1,"name":"Home","item":"https:\/\/archiviocassano.lavocedelpaese.info\/"},{"@type":"ListItem","position":2,"name":"Contratto, stato di agitazione dei dipendenti del &#8220;Maugeri&#8221;"}]},{"@type":"WebSite","@id":"https:\/\/archiviocassano.lavocedelpaese.info\/#website","url":"https:\/\/archiviocassano.lavocedelpaese.info\/","name":"Archivio CassanoWeb","description":"La Voce del Paese - un network di idee","publisher":{"@id":"https:\/\/archiviocassano.lavocedelpaese.info\/#organization"},"potentialAction":[{"@type":"SearchAction","target":{"@type":"EntryPoint","urlTemplate":"https:\/\/archiviocassano.lavocedelpaese.info\/?s={search_term_string}"},"query-input":{"@type":"PropertyValueSpecification","valueRequired":true,"valueName":"search_term_string"}}],"inLanguage":"it-IT"},{"@type":"Organization","@id":"https:\/\/archiviocassano.lavocedelpaese.info\/#organization","name":"Archivio CassanoWeb","url":"https:\/\/archiviocassano.lavocedelpaese.info\/","logo":{"@type":"ImageObject","inLanguage":"it-IT","@id":"https:\/\/archiviocassano.lavocedelpaese.info\/#\/schema\/logo\/image\/","url":"https:\/\/archiviocassano.lavocedelpaese.info\/wp-content\/uploads\/2024\/08\/logo-rosso-2.png","contentUrl":"https:\/\/archiviocassano.lavocedelpaese.info\/wp-content\/uploads\/2024\/08\/logo-rosso-2.png","width":491,"height":432,"caption":"Archivio CassanoWeb"},"image":{"@id":"https:\/\/archiviocassano.lavocedelpaese.info\/#\/schema\/logo\/image\/"},"sameAs":["https:\/\/www.facebook.com\/redazione.cassanoweb"]},{"@type":"Person","@id":"https:\/\/archiviocassano.lavocedelpaese.info\/#\/schema\/person\/df195bc79a9b4c35127cf005f92e041b","name":"admin","image":{"@type":"ImageObject","inLanguage":"it-IT","@id":"https:\/\/secure.gravatar.com\/avatar\/eabba89a432e8eaa1b0207cc55f7e5340b22712b1ed80677efcf63e02ff5b235?s=96&d=mm&r=g","url":"https:\/\/secure.gravatar.com\/avatar\/eabba89a432e8eaa1b0207cc55f7e5340b22712b1ed80677efcf63e02ff5b235?s=96&d=mm&r=g","contentUrl":"https:\/\/secure.gravatar.com\/avatar\/eabba89a432e8eaa1b0207cc55f7e5340b22712b1ed80677efcf63e02ff5b235?s=96&d=mm&r=g","caption":"admin"},"sameAs":["https:\/\/archiviocassano.lavocedelpaese.info"],"url":"https:\/\/archiviocassano.lavocedelpaese.info\/index.php\/author\/admin_0qgz1xdp\/"}]}},"_links":{"self":[{"href":"https:\/\/archiviocassano.lavocedelpaese.info\/index.php\/wp-json\/wp\/v2\/posts\/16235","targetHints":{"allow":["GET"]}}],"collection":[{"href":"https:\/\/archiviocassano.lavocedelpaese.info\/index.php\/wp-json\/wp\/v2\/posts"}],"about":[{"href":"https:\/\/archiviocassano.lavocedelpaese.info\/index.php\/wp-json\/wp\/v2\/types\/post"}],"author":[{"embeddable":true,"href":"https:\/\/archiviocassano.lavocedelpaese.info\/index.php\/wp-json\/wp\/v2\/users\/1"}],"replies":[{"embeddable":true,"href":"https:\/\/archiviocassano.lavocedelpaese.info\/index.php\/wp-json\/wp\/v2\/comments?post=16235"}],"version-history":[{"count":0,"href":"https:\/\/archiviocassano.lavocedelpaese.info\/index.php\/wp-json\/wp\/v2\/posts\/16235\/revisions"}],"wp:featuredmedia":[{"embeddable":true,"href":"https:\/\/archiviocassano.lavocedelpaese.info\/index.php\/wp-json\/wp\/v2\/media\/16234"}],"wp:attachment":[{"href":"https:\/\/archiviocassano.lavocedelpaese.info\/index.php\/wp-json\/wp\/v2\/media?parent=16235"}],"wp:term":[{"taxonomy":"category","embeddable":true,"href":"https:\/\/archiviocassano.lavocedelpaese.info\/index.php\/wp-json\/wp\/v2\/categories?post=16235"},{"taxonomy":"post_tag","embeddable":true,"href":"https:\/\/archiviocassano.lavocedelpaese.info\/index.php\/wp-json\/wp\/v2\/tags?post=16235"}],"curies":[{"name":"wp","href":"https:\/\/api.w.org\/{rel}","templated":true}]}}