{"id":16245,"date":"2018-07-12T13:36:36","date_gmt":"2018-07-12T13:36:36","guid":{"rendered":"https:\/\/archiviocassano.lavocedelpaese.info\/index.php\/2018\/07\/12\/maugeri-ignazio-zullo-risponde-alla-sindaca\/"},"modified":"2018-07-12T13:36:36","modified_gmt":"2018-07-12T13:36:36","slug":"maugeri-ignazio-zullo-risponde-alla-sindaca","status":"publish","type":"post","link":"https:\/\/archiviocassano.lavocedelpaese.info\/index.php\/2018\/07\/12\/maugeri-ignazio-zullo-risponde-alla-sindaca\/","title":{"rendered":"Maugeri, Ignazio Zullo risponde alla Sindaca"},"content":{"rendered":"<p style=\"text-align: justify;\"><img loading=\"lazy\" decoding=\"async\" class=\" size-full wp-image-14959\" src=\"https:\/\/archiviocassano.lavocedelpaese.info\/wp-content\/uploads\/2017\/11\/Ignazio_Zullo_buona-iloveimg-cropped.jpg\" alt=\"Ignazio Zullo buona-iloveimg-cropped\" style=\"margin-right: 2px; margin-left: 2px;\" height=\"150\" width=\"320\" \/><\/p>\n<p><!--more--><\/p>\n<p style=\"text-align: justify;\"><em>Con un inusuale <a href=\"https:\/\/www.facebook.com\/pertecassano\/posts\/1706394572807087\" target=\"_blank\" rel=\"noopener\">post su Facebook, sul profilo della sua lista<\/a>, la Sindaca Maria Pia Di Medio ieri ha rotto il silenzio che da tempo aleggiava sulla vicenda degli Istituti Maugeri dopo l&#8217;ufficializzazione della firma del contratto con una societ\u00e0 della famiglia Matarrese, per trasferire il Centro Medico a Bari.<\/em><\/p>\n<p style=\"text-align: justify;\"><em>Oggi riceviamo e pubblichiamo una nota del Consigliere comunale e regionale Ignazio Zullo che la Sindaca chiamava direttamente in causa nel suo scritto.&nbsp;&nbsp;<\/em><\/p>\n<p style=\"text-align: justify;\">&nbsp;<\/p>\n<p style=\"text-align: justify;\">&nbsp;<\/p>\n<p style=\"text-align: center;\"><strong>Provocare per nascondere proprie inefficienze e deficienze: meschino e puerile<\/strong><\/p>\n<p style=\"text-align: justify;\">Caro Sindaco, la campagna elettorale \u00e8 finita e questioni nodali come quella riguardante il Maugeri richiedono maturit\u00e0 politica.<\/p>\n<p style=\"text-align: justify;\">Nel Suo scrivere Lei fa la storia di come nasce e cresce il Centro Maugeri a Cassano e un&#8217;opera nasce perch\u00e8 c&#8217;\u00e8 intuito, impegno, dedizione e cresce perch\u00e8 c&#8217;\u00e8 gioco di squadra, dialogo ed interazione.<\/p>\n<p style=\"text-align: justify;\">Un&#8217;opera muore perch\u00e8 c&#8217;\u00e8 indolenza, c&#8217;\u00e8 ritardo e c&#8217;\u00e8 chiusura nella convinzione che essere Sindaco ed essere maggioranza equivale ad essere proprietari del Comune e che le opposizioni quando stimolano danno fastidio, quando parlano \u00e8 perch\u00e8 gli brucia la sconfitta, quando mantengono le proprie posizioni in Consiglio Comunale \u00e8 perch\u00e8 vogliono aumentare i costi a carico del Comune e non ho mai capito quali costi.<\/p>\n<p style=\"text-align: justify;\">Ammetta i Suoi errori! Io Le dico che un Sindaco sveglio, attento e aperto al dialogo avrebbe dovuto a fine settembre 2017, appena ottenuto il parere favorevole VIA-VINCA e VAS dalla Regione, assumere i provvedimenti che avrebbero messo con le spalle al muro la Fondazione Maugeri che non avrebbe avuto alibi.<\/p>\n<p style=\"text-align: justify;\">Ma, purtroppo, nonostante le opposizioni L&#8217;abbiano sollecitata <strong>una prima volta <\/strong>nell&#8217;ottobre 2017, <strong>una seconda volta <\/strong>nel dicembre 2017 ed <strong>una terza volta <\/strong>nel febbraio 2018, Lei si \u00e8 mossa ( a mio avviso anche male) <strong>solo dopo <\/strong>che la Fondazione Maugeri ha comunicato al Comune la volont\u00e0 di trasferirsi a Bari.<\/p>\n<p style=\"text-align: justify;\">Per il resto non commento altro del Suo scritto ma voglio analizzare con Lei un passaggio che dimostra come per coprire proprie colpe e ritardi si ricorre alla cultura del sospetto e insinua provocatoriamente e puerilmente: <strong>&#8221; Sappiamo gi\u00e0 comunque, dalla nostra campagna elettorale (quando ancora NON SI SAPEVA che Maugeri SICURAMENTE andava via\u2026) che ci sono interessi e proposte sul riutilizzo dell\u2019edificio (vero Consigliere Regionale?). Speriamo siano economicamente sufficientemente forti!&#8221;<\/strong><\/p>\n<p style=\"text-align: justify;\">Se Lei dice &#8220;sappiamo&#8221; perch\u00e8 chiede conferma a me quando scrive &#8220;vero Consigliere Regionale?&#8221;. Se Lei sa, dica apertamente quali sono i soggetti portatori di interessi.<\/p>\n<p style=\"text-align: justify;\">E di occasioni per dirle ne ha avute! Da ultimo, ha rendicontato un anno di Sua attivit\u00e0 (?) per due lunghe sere in piazza non pi\u00f9 tardi di qualche settimana fa e non ha parlato di interessi anzi ha rassicurato la cittadinanza dicendo che stava &#8220;monitorando la questione Maugeri&#8221;. Ora che viene messa a nudo l&#8217;inutilit\u00e0 del Suo operato tira in ballo interessi? Rifletta, non \u00e8 cos\u00ec che si fa il Sindaco!<\/p>\n<p style=\"text-align: justify;\">Sindaco, si metta daccordo con s\u00e8 stessa: se il Consigliere Regionale \u00e8 in silenzio non fa niente per Cassano, se fa una proposta \u00e8 perch\u00e8 si insinuano interessi. Non funziona! Sindaco, non \u00e8 cos\u00ec che si comportavano Padre Angelo Centrullo, il Prof. Ambrosi, il Presidente Maugeri e i politici di quel tempo molto pi\u00f9 dotati di maturit\u00e0 politica rispetto a quella che Lei mette in atto.<\/p>\n<p style=\"text-align: justify;\">Stia serena, <strong>magari e magari <\/strong>ci sono soggetti interessati ad avviare attivit\u00e0 sanitarie per l&#8217;autismo o per il GAP, andrei di corsa da loro ad invogliarli ad investire e se Lei sa chi sono li citi perch\u00e8 penso che ci andrebbero tutti i cassanesi ad invogliarli.<\/p>\n<p style=\"text-align: justify;\">Io Le dico invece che la mia proposta nasce dall&#8217;innovazione del quadro normativo in tema di Sanit\u00e0:<\/p>\n<p style=\"text-align: justify;\">1. Il DPCM 12 gennaio 2017, pubblicato il 18 marzo in Gazzetta Ufficiale &#8211; Supplemento n.15, definisce i nuovi LEA che pongono a carico del SSN queste nuove funzioni assistenziali<\/p>\n<p style=\"text-align: justify;\">2. la Regione ha regolamentato il fabbisogno di strutture residenziali, semiresidenziali e ambulatoriali per assicurare queste prestazioni e i requisiti che queste strutture devono avere per ottenere l&#8217;autorizzazione all&#8217;esercizio e l&#8217;accreditamento<\/p>\n<p style=\"text-align: justify;\">Da questa innovazione mi sono detto: &#8220;perch\u00e8 non parlare con il Presidente Emiliano e pungolarlo a creare a Cassano un Centro Regionale che pu\u00f2 diventare punto di riferimento per il meridione per una di queste funzioni assistenziali?&#8221; E sto tentando e non mi fermo davanti alle Sue miserevoli, meschine e puerili provocazioni.<\/p>\n<p style=\"text-align: justify;\">Non casco nel tentativo mal riuscito che Lei mette in atto per trascinarmi sul terreno della provocazione e della polemica utile-ripeto-a coprire i Suoi ritardi.<\/p>\n<p style=\"text-align: justify;\">E al di l\u00e0 degli interessi che Lei sa, io Le dico che la fattibilit\u00e0 dell&#8217;operazione \u00e8 notevolmente potenziata dall&#8217;adesione alla mia idea della Fondazione Maugeri stessa e magari ci\u00f2 avvenise perch\u00e8 permetterebbe a tanti lavoratori cassanesi di restare a lavorare a Cassano.<\/p>\n<p style=\"text-align: justify;\">La saluto con viva cordialit\u00e0 e con l&#8217;augurio che Lei inizi a fare il Sindaco nel senso pi\u00f9 aulico che quella carica richiede.<\/p>\n<p>&nbsp;<\/p>\n","protected":false},"excerpt":{"rendered":"","protected":false},"author":1,"featured_media":14959,"comment_status":"open","ping_status":"closed","sticky":false,"template":"","format":"standard","meta":{"colormag_page_container_layout":"default_layout","colormag_page_sidebar_layout":"default_layout","footnotes":""},"categories":[4],"tags":[],"class_list":["post-16245","post","type-post","status-publish","format-standard","has-post-thumbnail","hentry","category-politica"],"yoast_head":"<!-- This site is optimized with the Yoast SEO plugin v27.5 - https:\/\/yoast.com\/product\/yoast-seo-wordpress\/ -->\n<title>Maugeri, Ignazio Zullo risponde alla Sindaca - Archivio CassanoWeb<\/title>\n<meta name=\"robots\" content=\"index, follow, max-snippet:-1, max-image-preview:large, max-video-preview:-1\" \/>\n<link rel=\"canonical\" href=\"https:\/\/archiviocassano.lavocedelpaese.info\/index.php\/2018\/07\/12\/maugeri-ignazio-zullo-risponde-alla-sindaca\/\" \/>\n<meta property=\"og:locale\" content=\"it_IT\" \/>\n<meta property=\"og:type\" content=\"article\" \/>\n<meta property=\"og:title\" content=\"Maugeri, Ignazio Zullo risponde alla Sindaca - Archivio CassanoWeb\" \/>\n<meta property=\"og:url\" content=\"https:\/\/archiviocassano.lavocedelpaese.info\/index.php\/2018\/07\/12\/maugeri-ignazio-zullo-risponde-alla-sindaca\/\" \/>\n<meta property=\"og:site_name\" content=\"Archivio CassanoWeb\" \/>\n<meta property=\"article:publisher\" content=\"https:\/\/www.facebook.com\/redazione.cassanoweb\" \/>\n<meta property=\"article:published_time\" content=\"2018-07-12T13:36:36+00:00\" \/>\n<meta property=\"og:image\" content=\"https:\/\/archiviocassano.lavocedelpaese.info\/wp-content\/uploads\/2017\/11\/Ignazio_Zullo_buona-iloveimg-cropped.jpg\" \/>\n\t<meta property=\"og:image:width\" content=\"414\" \/>\n\t<meta property=\"og:image:height\" content=\"220\" \/>\n\t<meta property=\"og:image:type\" content=\"image\/jpeg\" \/>\n<meta name=\"author\" content=\"admin\" \/>\n<meta name=\"twitter:card\" content=\"summary_large_image\" \/>\n<meta name=\"twitter:label1\" content=\"Scritto da\" \/>\n\t<meta name=\"twitter:data1\" content=\"admin\" \/>\n\t<meta name=\"twitter:label2\" content=\"Tempo di lettura stimato\" \/>\n\t<meta name=\"twitter:data2\" content=\"4 minuti\" \/>\n<script type=\"application\/ld+json\" class=\"yoast-schema-graph\">{\"@context\":\"https:\\\/\\\/schema.org\",\"@graph\":[{\"@type\":\"Article\",\"@id\":\"https:\\\/\\\/archiviocassano.lavocedelpaese.info\\\/index.php\\\/2018\\\/07\\\/12\\\/maugeri-ignazio-zullo-risponde-alla-sindaca\\\/#article\",\"isPartOf\":{\"@id\":\"https:\\\/\\\/archiviocassano.lavocedelpaese.info\\\/index.php\\\/2018\\\/07\\\/12\\\/maugeri-ignazio-zullo-risponde-alla-sindaca\\\/\"},\"author\":{\"name\":\"admin\",\"@id\":\"https:\\\/\\\/archiviocassano.lavocedelpaese.info\\\/#\\\/schema\\\/person\\\/df195bc79a9b4c35127cf005f92e041b\"},\"headline\":\"Maugeri, Ignazio Zullo risponde alla Sindaca\",\"datePublished\":\"2018-07-12T13:36:36+00:00\",\"mainEntityOfPage\":{\"@id\":\"https:\\\/\\\/archiviocassano.lavocedelpaese.info\\\/index.php\\\/2018\\\/07\\\/12\\\/maugeri-ignazio-zullo-risponde-alla-sindaca\\\/\"},\"wordCount\":810,\"commentCount\":0,\"publisher\":{\"@id\":\"https:\\\/\\\/archiviocassano.lavocedelpaese.info\\\/#organization\"},\"image\":{\"@id\":\"https:\\\/\\\/archiviocassano.lavocedelpaese.info\\\/index.php\\\/2018\\\/07\\\/12\\\/maugeri-ignazio-zullo-risponde-alla-sindaca\\\/#primaryimage\"},\"thumbnailUrl\":\"https:\\\/\\\/archiviocassano.lavocedelpaese.info\\\/wp-content\\\/uploads\\\/2017\\\/11\\\/Ignazio_Zullo_buona-iloveimg-cropped.jpg\",\"articleSection\":[\"Politica\"],\"inLanguage\":\"it-IT\",\"potentialAction\":[{\"@type\":\"CommentAction\",\"name\":\"Comment\",\"target\":[\"https:\\\/\\\/archiviocassano.lavocedelpaese.info\\\/index.php\\\/2018\\\/07\\\/12\\\/maugeri-ignazio-zullo-risponde-alla-sindaca\\\/#respond\"]}]},{\"@type\":\"WebPage\",\"@id\":\"https:\\\/\\\/archiviocassano.lavocedelpaese.info\\\/index.php\\\/2018\\\/07\\\/12\\\/maugeri-ignazio-zullo-risponde-alla-sindaca\\\/\",\"url\":\"https:\\\/\\\/archiviocassano.lavocedelpaese.info\\\/index.php\\\/2018\\\/07\\\/12\\\/maugeri-ignazio-zullo-risponde-alla-sindaca\\\/\",\"name\":\"Maugeri, Ignazio Zullo risponde alla Sindaca - Archivio CassanoWeb\",\"isPartOf\":{\"@id\":\"https:\\\/\\\/archiviocassano.lavocedelpaese.info\\\/#website\"},\"primaryImageOfPage\":{\"@id\":\"https:\\\/\\\/archiviocassano.lavocedelpaese.info\\\/index.php\\\/2018\\\/07\\\/12\\\/maugeri-ignazio-zullo-risponde-alla-sindaca\\\/#primaryimage\"},\"image\":{\"@id\":\"https:\\\/\\\/archiviocassano.lavocedelpaese.info\\\/index.php\\\/2018\\\/07\\\/12\\\/maugeri-ignazio-zullo-risponde-alla-sindaca\\\/#primaryimage\"},\"thumbnailUrl\":\"https:\\\/\\\/archiviocassano.lavocedelpaese.info\\\/wp-content\\\/uploads\\\/2017\\\/11\\\/Ignazio_Zullo_buona-iloveimg-cropped.jpg\",\"datePublished\":\"2018-07-12T13:36:36+00:00\",\"breadcrumb\":{\"@id\":\"https:\\\/\\\/archiviocassano.lavocedelpaese.info\\\/index.php\\\/2018\\\/07\\\/12\\\/maugeri-ignazio-zullo-risponde-alla-sindaca\\\/#breadcrumb\"},\"inLanguage\":\"it-IT\",\"potentialAction\":[{\"@type\":\"ReadAction\",\"target\":[\"https:\\\/\\\/archiviocassano.lavocedelpaese.info\\\/index.php\\\/2018\\\/07\\\/12\\\/maugeri-ignazio-zullo-risponde-alla-sindaca\\\/\"]}]},{\"@type\":\"ImageObject\",\"inLanguage\":\"it-IT\",\"@id\":\"https:\\\/\\\/archiviocassano.lavocedelpaese.info\\\/index.php\\\/2018\\\/07\\\/12\\\/maugeri-ignazio-zullo-risponde-alla-sindaca\\\/#primaryimage\",\"url\":\"https:\\\/\\\/archiviocassano.lavocedelpaese.info\\\/wp-content\\\/uploads\\\/2017\\\/11\\\/Ignazio_Zullo_buona-iloveimg-cropped.jpg\",\"contentUrl\":\"https:\\\/\\\/archiviocassano.lavocedelpaese.info\\\/wp-content\\\/uploads\\\/2017\\\/11\\\/Ignazio_Zullo_buona-iloveimg-cropped.jpg\",\"width\":414,\"height\":220,\"caption\":\"Ignazio Zullo buona-iloveimg-cropped\"},{\"@type\":\"BreadcrumbList\",\"@id\":\"https:\\\/\\\/archiviocassano.lavocedelpaese.info\\\/index.php\\\/2018\\\/07\\\/12\\\/maugeri-ignazio-zullo-risponde-alla-sindaca\\\/#breadcrumb\",\"itemListElement\":[{\"@type\":\"ListItem\",\"position\":1,\"name\":\"Home\",\"item\":\"https:\\\/\\\/archiviocassano.lavocedelpaese.info\\\/\"},{\"@type\":\"ListItem\",\"position\":2,\"name\":\"Maugeri, Ignazio Zullo risponde alla Sindaca\"}]},{\"@type\":\"WebSite\",\"@id\":\"https:\\\/\\\/archiviocassano.lavocedelpaese.info\\\/#website\",\"url\":\"https:\\\/\\\/archiviocassano.lavocedelpaese.info\\\/\",\"name\":\"Archivio CassanoWeb\",\"description\":\"La Voce del Paese - un network di idee\",\"publisher\":{\"@id\":\"https:\\\/\\\/archiviocassano.lavocedelpaese.info\\\/#organization\"},\"potentialAction\":[{\"@type\":\"SearchAction\",\"target\":{\"@type\":\"EntryPoint\",\"urlTemplate\":\"https:\\\/\\\/archiviocassano.lavocedelpaese.info\\\/?s={search_term_string}\"},\"query-input\":{\"@type\":\"PropertyValueSpecification\",\"valueRequired\":true,\"valueName\":\"search_term_string\"}}],\"inLanguage\":\"it-IT\"},{\"@type\":\"Organization\",\"@id\":\"https:\\\/\\\/archiviocassano.lavocedelpaese.info\\\/#organization\",\"name\":\"Archivio CassanoWeb\",\"url\":\"https:\\\/\\\/archiviocassano.lavocedelpaese.info\\\/\",\"logo\":{\"@type\":\"ImageObject\",\"inLanguage\":\"it-IT\",\"@id\":\"https:\\\/\\\/archiviocassano.lavocedelpaese.info\\\/#\\\/schema\\\/logo\\\/image\\\/\",\"url\":\"https:\\\/\\\/archiviocassano.lavocedelpaese.info\\\/wp-content\\\/uploads\\\/2024\\\/08\\\/logo-rosso-2.png\",\"contentUrl\":\"https:\\\/\\\/archiviocassano.lavocedelpaese.info\\\/wp-content\\\/uploads\\\/2024\\\/08\\\/logo-rosso-2.png\",\"width\":491,\"height\":432,\"caption\":\"Archivio CassanoWeb\"},\"image\":{\"@id\":\"https:\\\/\\\/archiviocassano.lavocedelpaese.info\\\/#\\\/schema\\\/logo\\\/image\\\/\"},\"sameAs\":[\"https:\\\/\\\/www.facebook.com\\\/redazione.cassanoweb\"]},{\"@type\":\"Person\",\"@id\":\"https:\\\/\\\/archiviocassano.lavocedelpaese.info\\\/#\\\/schema\\\/person\\\/df195bc79a9b4c35127cf005f92e041b\",\"name\":\"admin\",\"image\":{\"@type\":\"ImageObject\",\"inLanguage\":\"it-IT\",\"@id\":\"https:\\\/\\\/secure.gravatar.com\\\/avatar\\\/eabba89a432e8eaa1b0207cc55f7e5340b22712b1ed80677efcf63e02ff5b235?s=96&d=mm&r=g\",\"url\":\"https:\\\/\\\/secure.gravatar.com\\\/avatar\\\/eabba89a432e8eaa1b0207cc55f7e5340b22712b1ed80677efcf63e02ff5b235?s=96&d=mm&r=g\",\"contentUrl\":\"https:\\\/\\\/secure.gravatar.com\\\/avatar\\\/eabba89a432e8eaa1b0207cc55f7e5340b22712b1ed80677efcf63e02ff5b235?s=96&d=mm&r=g\",\"caption\":\"admin\"},\"sameAs\":[\"https:\\\/\\\/archiviocassano.lavocedelpaese.info\"],\"url\":\"https:\\\/\\\/archiviocassano.lavocedelpaese.info\\\/index.php\\\/author\\\/admin_0qgz1xdp\\\/\"}]}<\/script>\n<!-- \/ Yoast SEO plugin. -->","yoast_head_json":{"title":"Maugeri, Ignazio Zullo risponde alla Sindaca - Archivio CassanoWeb","robots":{"index":"index","follow":"follow","max-snippet":"max-snippet:-1","max-image-preview":"max-image-preview:large","max-video-preview":"max-video-preview:-1"},"canonical":"https:\/\/archiviocassano.lavocedelpaese.info\/index.php\/2018\/07\/12\/maugeri-ignazio-zullo-risponde-alla-sindaca\/","og_locale":"it_IT","og_type":"article","og_title":"Maugeri, Ignazio Zullo risponde alla Sindaca - Archivio CassanoWeb","og_url":"https:\/\/archiviocassano.lavocedelpaese.info\/index.php\/2018\/07\/12\/maugeri-ignazio-zullo-risponde-alla-sindaca\/","og_site_name":"Archivio CassanoWeb","article_publisher":"https:\/\/www.facebook.com\/redazione.cassanoweb","article_published_time":"2018-07-12T13:36:36+00:00","og_image":[{"width":414,"height":220,"url":"https:\/\/archiviocassano.lavocedelpaese.info\/wp-content\/uploads\/2017\/11\/Ignazio_Zullo_buona-iloveimg-cropped.jpg","type":"image\/jpeg"}],"author":"admin","twitter_card":"summary_large_image","twitter_misc":{"Scritto da":"admin","Tempo di lettura stimato":"4 minuti"},"schema":{"@context":"https:\/\/schema.org","@graph":[{"@type":"Article","@id":"https:\/\/archiviocassano.lavocedelpaese.info\/index.php\/2018\/07\/12\/maugeri-ignazio-zullo-risponde-alla-sindaca\/#article","isPartOf":{"@id":"https:\/\/archiviocassano.lavocedelpaese.info\/index.php\/2018\/07\/12\/maugeri-ignazio-zullo-risponde-alla-sindaca\/"},"author":{"name":"admin","@id":"https:\/\/archiviocassano.lavocedelpaese.info\/#\/schema\/person\/df195bc79a9b4c35127cf005f92e041b"},"headline":"Maugeri, Ignazio Zullo risponde alla Sindaca","datePublished":"2018-07-12T13:36:36+00:00","mainEntityOfPage":{"@id":"https:\/\/archiviocassano.lavocedelpaese.info\/index.php\/2018\/07\/12\/maugeri-ignazio-zullo-risponde-alla-sindaca\/"},"wordCount":810,"commentCount":0,"publisher":{"@id":"https:\/\/archiviocassano.lavocedelpaese.info\/#organization"},"image":{"@id":"https:\/\/archiviocassano.lavocedelpaese.info\/index.php\/2018\/07\/12\/maugeri-ignazio-zullo-risponde-alla-sindaca\/#primaryimage"},"thumbnailUrl":"https:\/\/archiviocassano.lavocedelpaese.info\/wp-content\/uploads\/2017\/11\/Ignazio_Zullo_buona-iloveimg-cropped.jpg","articleSection":["Politica"],"inLanguage":"it-IT","potentialAction":[{"@type":"CommentAction","name":"Comment","target":["https:\/\/archiviocassano.lavocedelpaese.info\/index.php\/2018\/07\/12\/maugeri-ignazio-zullo-risponde-alla-sindaca\/#respond"]}]},{"@type":"WebPage","@id":"https:\/\/archiviocassano.lavocedelpaese.info\/index.php\/2018\/07\/12\/maugeri-ignazio-zullo-risponde-alla-sindaca\/","url":"https:\/\/archiviocassano.lavocedelpaese.info\/index.php\/2018\/07\/12\/maugeri-ignazio-zullo-risponde-alla-sindaca\/","name":"Maugeri, Ignazio Zullo risponde alla Sindaca - Archivio CassanoWeb","isPartOf":{"@id":"https:\/\/archiviocassano.lavocedelpaese.info\/#website"},"primaryImageOfPage":{"@id":"https:\/\/archiviocassano.lavocedelpaese.info\/index.php\/2018\/07\/12\/maugeri-ignazio-zullo-risponde-alla-sindaca\/#primaryimage"},"image":{"@id":"https:\/\/archiviocassano.lavocedelpaese.info\/index.php\/2018\/07\/12\/maugeri-ignazio-zullo-risponde-alla-sindaca\/#primaryimage"},"thumbnailUrl":"https:\/\/archiviocassano.lavocedelpaese.info\/wp-content\/uploads\/2017\/11\/Ignazio_Zullo_buona-iloveimg-cropped.jpg","datePublished":"2018-07-12T13:36:36+00:00","breadcrumb":{"@id":"https:\/\/archiviocassano.lavocedelpaese.info\/index.php\/2018\/07\/12\/maugeri-ignazio-zullo-risponde-alla-sindaca\/#breadcrumb"},"inLanguage":"it-IT","potentialAction":[{"@type":"ReadAction","target":["https:\/\/archiviocassano.lavocedelpaese.info\/index.php\/2018\/07\/12\/maugeri-ignazio-zullo-risponde-alla-sindaca\/"]}]},{"@type":"ImageObject","inLanguage":"it-IT","@id":"https:\/\/archiviocassano.lavocedelpaese.info\/index.php\/2018\/07\/12\/maugeri-ignazio-zullo-risponde-alla-sindaca\/#primaryimage","url":"https:\/\/archiviocassano.lavocedelpaese.info\/wp-content\/uploads\/2017\/11\/Ignazio_Zullo_buona-iloveimg-cropped.jpg","contentUrl":"https:\/\/archiviocassano.lavocedelpaese.info\/wp-content\/uploads\/2017\/11\/Ignazio_Zullo_buona-iloveimg-cropped.jpg","width":414,"height":220,"caption":"Ignazio Zullo buona-iloveimg-cropped"},{"@type":"BreadcrumbList","@id":"https:\/\/archiviocassano.lavocedelpaese.info\/index.php\/2018\/07\/12\/maugeri-ignazio-zullo-risponde-alla-sindaca\/#breadcrumb","itemListElement":[{"@type":"ListItem","position":1,"name":"Home","item":"https:\/\/archiviocassano.lavocedelpaese.info\/"},{"@type":"ListItem","position":2,"name":"Maugeri, Ignazio Zullo risponde alla Sindaca"}]},{"@type":"WebSite","@id":"https:\/\/archiviocassano.lavocedelpaese.info\/#website","url":"https:\/\/archiviocassano.lavocedelpaese.info\/","name":"Archivio CassanoWeb","description":"La Voce del Paese - un network di idee","publisher":{"@id":"https:\/\/archiviocassano.lavocedelpaese.info\/#organization"},"potentialAction":[{"@type":"SearchAction","target":{"@type":"EntryPoint","urlTemplate":"https:\/\/archiviocassano.lavocedelpaese.info\/?s={search_term_string}"},"query-input":{"@type":"PropertyValueSpecification","valueRequired":true,"valueName":"search_term_string"}}],"inLanguage":"it-IT"},{"@type":"Organization","@id":"https:\/\/archiviocassano.lavocedelpaese.info\/#organization","name":"Archivio CassanoWeb","url":"https:\/\/archiviocassano.lavocedelpaese.info\/","logo":{"@type":"ImageObject","inLanguage":"it-IT","@id":"https:\/\/archiviocassano.lavocedelpaese.info\/#\/schema\/logo\/image\/","url":"https:\/\/archiviocassano.lavocedelpaese.info\/wp-content\/uploads\/2024\/08\/logo-rosso-2.png","contentUrl":"https:\/\/archiviocassano.lavocedelpaese.info\/wp-content\/uploads\/2024\/08\/logo-rosso-2.png","width":491,"height":432,"caption":"Archivio CassanoWeb"},"image":{"@id":"https:\/\/archiviocassano.lavocedelpaese.info\/#\/schema\/logo\/image\/"},"sameAs":["https:\/\/www.facebook.com\/redazione.cassanoweb"]},{"@type":"Person","@id":"https:\/\/archiviocassano.lavocedelpaese.info\/#\/schema\/person\/df195bc79a9b4c35127cf005f92e041b","name":"admin","image":{"@type":"ImageObject","inLanguage":"it-IT","@id":"https:\/\/secure.gravatar.com\/avatar\/eabba89a432e8eaa1b0207cc55f7e5340b22712b1ed80677efcf63e02ff5b235?s=96&d=mm&r=g","url":"https:\/\/secure.gravatar.com\/avatar\/eabba89a432e8eaa1b0207cc55f7e5340b22712b1ed80677efcf63e02ff5b235?s=96&d=mm&r=g","contentUrl":"https:\/\/secure.gravatar.com\/avatar\/eabba89a432e8eaa1b0207cc55f7e5340b22712b1ed80677efcf63e02ff5b235?s=96&d=mm&r=g","caption":"admin"},"sameAs":["https:\/\/archiviocassano.lavocedelpaese.info"],"url":"https:\/\/archiviocassano.lavocedelpaese.info\/index.php\/author\/admin_0qgz1xdp\/"}]}},"_links":{"self":[{"href":"https:\/\/archiviocassano.lavocedelpaese.info\/index.php\/wp-json\/wp\/v2\/posts\/16245","targetHints":{"allow":["GET"]}}],"collection":[{"href":"https:\/\/archiviocassano.lavocedelpaese.info\/index.php\/wp-json\/wp\/v2\/posts"}],"about":[{"href":"https:\/\/archiviocassano.lavocedelpaese.info\/index.php\/wp-json\/wp\/v2\/types\/post"}],"author":[{"embeddable":true,"href":"https:\/\/archiviocassano.lavocedelpaese.info\/index.php\/wp-json\/wp\/v2\/users\/1"}],"replies":[{"embeddable":true,"href":"https:\/\/archiviocassano.lavocedelpaese.info\/index.php\/wp-json\/wp\/v2\/comments?post=16245"}],"version-history":[{"count":0,"href":"https:\/\/archiviocassano.lavocedelpaese.info\/index.php\/wp-json\/wp\/v2\/posts\/16245\/revisions"}],"wp:featuredmedia":[{"embeddable":true,"href":"https:\/\/archiviocassano.lavocedelpaese.info\/index.php\/wp-json\/wp\/v2\/media\/14959"}],"wp:attachment":[{"href":"https:\/\/archiviocassano.lavocedelpaese.info\/index.php\/wp-json\/wp\/v2\/media?parent=16245"}],"wp:term":[{"taxonomy":"category","embeddable":true,"href":"https:\/\/archiviocassano.lavocedelpaese.info\/index.php\/wp-json\/wp\/v2\/categories?post=16245"},{"taxonomy":"post_tag","embeddable":true,"href":"https:\/\/archiviocassano.lavocedelpaese.info\/index.php\/wp-json\/wp\/v2\/tags?post=16245"}],"curies":[{"name":"wp","href":"https:\/\/api.w.org\/{rel}","templated":true}]}}