{"id":16294,"date":"2018-07-26T07:52:44","date_gmt":"2018-07-26T07:52:44","guid":{"rendered":"https:\/\/archiviocassano.lavocedelpaese.info\/index.php\/2018\/07\/26\/la-storia-di-don-pino-puglisi-sabato-ce-qu-parrinuq\/"},"modified":"2018-07-26T07:52:44","modified_gmt":"2018-07-26T07:52:44","slug":"la-storia-di-don-pino-puglisi-sabato-ce-qu-parrinuq","status":"publish","type":"post","link":"https:\/\/archiviocassano.lavocedelpaese.info\/index.php\/2018\/07\/26\/la-storia-di-don-pino-puglisi-sabato-ce-qu-parrinuq\/","title":{"rendered":"La storia di don Pino Puglisi: sabato c&#8217;\u00e8 &#8220;U Parrinu&#8221;"},"content":{"rendered":"<p><img loading=\"lazy\" decoding=\"async\" class=\" size-full wp-image-16293\" src=\"https:\/\/archiviocassano.lavocedelpaese.info\/wp-content\/uploads\/2018\/07\/IMG-20180715-WA0018_1_copy.jpg\" width=\"320\" height=\"152\" alt=\"IMG-20180715-WA0018 1 copy\" style=\"margin-right: 2px; margin-left: 2px;\" srcset=\"https:\/\/archiviocassano.lavocedelpaese.info\/wp-content\/uploads\/2018\/07\/IMG-20180715-WA0018_1_copy.jpg 1041w, https:\/\/archiviocassano.lavocedelpaese.info\/wp-content\/uploads\/2018\/07\/IMG-20180715-WA0018_1_copy-300x143.jpg 300w, https:\/\/archiviocassano.lavocedelpaese.info\/wp-content\/uploads\/2018\/07\/IMG-20180715-WA0018_1_copy-1024x488.jpg 1024w, https:\/\/archiviocassano.lavocedelpaese.info\/wp-content\/uploads\/2018\/07\/IMG-20180715-WA0018_1_copy-768x366.jpg 768w\" sizes=\"auto, (max-width: 320px) 100vw, 320px\" \/><\/p>\n<p><!--more--><\/p>\n<p>Parlare di mafia e di don Pino Puglisi in uno scenario sacro quale la chiesa matrice di Cassano in occasione della \u201cfesta del dono\u201d, durante le giornate dedicate al sacrificio per il prossimo in cui torna preponderante il senso del dedicarsi all\u2019altro. In questo&nbsp;contesto si incardina \u201cU Parrinu\u201d il toccante monologo di Christian Di Domenico che sar\u00e0 presentato sabato alle 21 alla comunit\u00e0 cassanese in chiesa matrice, dedicato al parroco che ha donato la sua vita ai valori della legalit\u00e0 e della giustizia e che ha&nbsp;pagato con la morte, per mano di Cosa Nostra, questa sua devozione al prossimo proprio il giorno del suo 56esimo compleanno.&nbsp;<\/p>\n<div dir=\"auto\">La pi\u00e9ce \u00e8 un omaggio e un\u2019occasione di riflessione e meditazione alla vigilia dei festeggiamenti della santa patrona di Cassano, la \u201cMadonna degli Angeli\u201d, offerta dal gruppo donatori di sangue \u201cFratres\u201d santa &#8220;Maria Assunta&#8221;. Associazione che da oltre un&nbsp;trentennio \u00e8 impegnata a promuovere la cultura della donazione volontaria e anonima del sangue e dei suoi componenti e a mettere in atto azioni di sensibilizzazione e di promozione della solidariet\u00e0 umana e cristiana.<\/div>\n<div dir=\"auto\">&nbsp;<\/div>\n<div dir=\"auto\">\u201cQuest\u2019anno, in piena coerenza con gli&nbsp;intenti associativi, &#8211; afferma il presidente dell\u2019associazione locale, Enzo Marsico \u2013 proponiamo alla collettivit\u00e0 tutta \u201cLa Festa del Dono\u201d costituita da due iniziative: la raccolta di beni per famiglie in difficolt\u00e0 di Cassano e un momento di arte e spettacolo&nbsp;con il monologo teatrale \u201cU Parrinu\u201d dedicata a don Pino Puglisi\u201d.&nbsp;<\/div>\n<div dir=\"auto\">&nbsp;<\/div>\n<div dir=\"auto\">Per quanto riguarda la prima iniziativa \u00e8 possibile donare ogni bene da dedicata alle famiglie pi\u00f9 bisognose residenti a Cassano; la raccolta proseguir\u00e0 sino al 29 luglio nelle parrocchie e nel santuario dedicato alla Vergine degli Angeli, con la collaborazione&nbsp;della Caritas locale.<\/div>\n<div dir=\"auto\">&nbsp;<\/div>\n<div dir=\"auto\">Il monologo \u201cU parrinu\u201d di Christian Di Domenico, invece, sar\u00e0 in scena in chiesa \u201cSanta Maria Assunta\u201d il 28 luglio alle 20,30. L\u2019ingresso \u00e8 gratuito.&nbsp;&nbsp;<\/div>\n<p>&nbsp;<\/p>\n","protected":false},"excerpt":{"rendered":"","protected":false},"author":1,"featured_media":16293,"comment_status":"open","ping_status":"closed","sticky":false,"template":"","format":"standard","meta":{"colormag_page_container_layout":"default_layout","colormag_page_sidebar_layout":"default_layout","footnotes":""},"categories":[6],"tags":[],"class_list":["post-16294","post","type-post","status-publish","format-standard","has-post-thumbnail","hentry","category-cultura"],"yoast_head":"<!-- This site is optimized with the Yoast SEO plugin v27.5 - https:\/\/yoast.com\/product\/yoast-seo-wordpress\/ -->\n<title>La storia di don Pino Puglisi: sabato c&#039;\u00e8 &quot;U Parrinu&quot; - Archivio CassanoWeb<\/title>\n<meta name=\"robots\" content=\"index, follow, max-snippet:-1, max-image-preview:large, max-video-preview:-1\" \/>\n<link rel=\"canonical\" href=\"https:\/\/archiviocassano.lavocedelpaese.info\/index.php\/2018\/07\/26\/la-storia-di-don-pino-puglisi-sabato-ce-qu-parrinuq\/\" \/>\n<meta property=\"og:locale\" content=\"it_IT\" \/>\n<meta property=\"og:type\" content=\"article\" \/>\n<meta property=\"og:title\" content=\"La storia di don Pino Puglisi: sabato c&#039;\u00e8 &quot;U Parrinu&quot; - Archivio CassanoWeb\" \/>\n<meta property=\"og:url\" content=\"https:\/\/archiviocassano.lavocedelpaese.info\/index.php\/2018\/07\/26\/la-storia-di-don-pino-puglisi-sabato-ce-qu-parrinuq\/\" \/>\n<meta property=\"og:site_name\" content=\"Archivio CassanoWeb\" \/>\n<meta property=\"article:publisher\" content=\"https:\/\/www.facebook.com\/redazione.cassanoweb\" \/>\n<meta property=\"article:published_time\" content=\"2018-07-26T07:52:44+00:00\" \/>\n<meta property=\"og:image\" content=\"https:\/\/archiviocassano.lavocedelpaese.info\/wp-content\/uploads\/2018\/07\/IMG-20180715-WA0018_1_copy.jpg\" \/>\n\t<meta property=\"og:image:width\" content=\"1041\" \/>\n\t<meta property=\"og:image:height\" content=\"496\" \/>\n\t<meta property=\"og:image:type\" content=\"image\/jpeg\" \/>\n<meta name=\"author\" content=\"admin\" \/>\n<meta name=\"twitter:card\" content=\"summary_large_image\" \/>\n<meta name=\"twitter:label1\" content=\"Scritto da\" \/>\n\t<meta name=\"twitter:data1\" content=\"admin\" \/>\n\t<meta name=\"twitter:label2\" content=\"Tempo di lettura stimato\" \/>\n\t<meta name=\"twitter:data2\" content=\"2 minuti\" \/>\n<script type=\"application\/ld+json\" class=\"yoast-schema-graph\">{\"@context\":\"https:\\\/\\\/schema.org\",\"@graph\":[{\"@type\":\"Article\",\"@id\":\"https:\\\/\\\/archiviocassano.lavocedelpaese.info\\\/index.php\\\/2018\\\/07\\\/26\\\/la-storia-di-don-pino-puglisi-sabato-ce-qu-parrinuq\\\/#article\",\"isPartOf\":{\"@id\":\"https:\\\/\\\/archiviocassano.lavocedelpaese.info\\\/index.php\\\/2018\\\/07\\\/26\\\/la-storia-di-don-pino-puglisi-sabato-ce-qu-parrinuq\\\/\"},\"author\":{\"name\":\"admin\",\"@id\":\"https:\\\/\\\/archiviocassano.lavocedelpaese.info\\\/#\\\/schema\\\/person\\\/df195bc79a9b4c35127cf005f92e041b\"},\"headline\":\"La storia di don Pino Puglisi: sabato c&#8217;\u00e8 &#8220;U Parrinu&#8221;\",\"datePublished\":\"2018-07-26T07:52:44+00:00\",\"mainEntityOfPage\":{\"@id\":\"https:\\\/\\\/archiviocassano.lavocedelpaese.info\\\/index.php\\\/2018\\\/07\\\/26\\\/la-storia-di-don-pino-puglisi-sabato-ce-qu-parrinuq\\\/\"},\"wordCount\":327,\"commentCount\":0,\"publisher\":{\"@id\":\"https:\\\/\\\/archiviocassano.lavocedelpaese.info\\\/#organization\"},\"image\":{\"@id\":\"https:\\\/\\\/archiviocassano.lavocedelpaese.info\\\/index.php\\\/2018\\\/07\\\/26\\\/la-storia-di-don-pino-puglisi-sabato-ce-qu-parrinuq\\\/#primaryimage\"},\"thumbnailUrl\":\"https:\\\/\\\/archiviocassano.lavocedelpaese.info\\\/wp-content\\\/uploads\\\/2018\\\/07\\\/IMG-20180715-WA0018_1_copy.jpg\",\"articleSection\":[\"Cultura\"],\"inLanguage\":\"it-IT\",\"potentialAction\":[{\"@type\":\"CommentAction\",\"name\":\"Comment\",\"target\":[\"https:\\\/\\\/archiviocassano.lavocedelpaese.info\\\/index.php\\\/2018\\\/07\\\/26\\\/la-storia-di-don-pino-puglisi-sabato-ce-qu-parrinuq\\\/#respond\"]}]},{\"@type\":\"WebPage\",\"@id\":\"https:\\\/\\\/archiviocassano.lavocedelpaese.info\\\/index.php\\\/2018\\\/07\\\/26\\\/la-storia-di-don-pino-puglisi-sabato-ce-qu-parrinuq\\\/\",\"url\":\"https:\\\/\\\/archiviocassano.lavocedelpaese.info\\\/index.php\\\/2018\\\/07\\\/26\\\/la-storia-di-don-pino-puglisi-sabato-ce-qu-parrinuq\\\/\",\"name\":\"La storia di don Pino Puglisi: sabato c'\u00e8 \\\"U Parrinu\\\" - Archivio CassanoWeb\",\"isPartOf\":{\"@id\":\"https:\\\/\\\/archiviocassano.lavocedelpaese.info\\\/#website\"},\"primaryImageOfPage\":{\"@id\":\"https:\\\/\\\/archiviocassano.lavocedelpaese.info\\\/index.php\\\/2018\\\/07\\\/26\\\/la-storia-di-don-pino-puglisi-sabato-ce-qu-parrinuq\\\/#primaryimage\"},\"image\":{\"@id\":\"https:\\\/\\\/archiviocassano.lavocedelpaese.info\\\/index.php\\\/2018\\\/07\\\/26\\\/la-storia-di-don-pino-puglisi-sabato-ce-qu-parrinuq\\\/#primaryimage\"},\"thumbnailUrl\":\"https:\\\/\\\/archiviocassano.lavocedelpaese.info\\\/wp-content\\\/uploads\\\/2018\\\/07\\\/IMG-20180715-WA0018_1_copy.jpg\",\"datePublished\":\"2018-07-26T07:52:44+00:00\",\"breadcrumb\":{\"@id\":\"https:\\\/\\\/archiviocassano.lavocedelpaese.info\\\/index.php\\\/2018\\\/07\\\/26\\\/la-storia-di-don-pino-puglisi-sabato-ce-qu-parrinuq\\\/#breadcrumb\"},\"inLanguage\":\"it-IT\",\"potentialAction\":[{\"@type\":\"ReadAction\",\"target\":[\"https:\\\/\\\/archiviocassano.lavocedelpaese.info\\\/index.php\\\/2018\\\/07\\\/26\\\/la-storia-di-don-pino-puglisi-sabato-ce-qu-parrinuq\\\/\"]}]},{\"@type\":\"ImageObject\",\"inLanguage\":\"it-IT\",\"@id\":\"https:\\\/\\\/archiviocassano.lavocedelpaese.info\\\/index.php\\\/2018\\\/07\\\/26\\\/la-storia-di-don-pino-puglisi-sabato-ce-qu-parrinuq\\\/#primaryimage\",\"url\":\"https:\\\/\\\/archiviocassano.lavocedelpaese.info\\\/wp-content\\\/uploads\\\/2018\\\/07\\\/IMG-20180715-WA0018_1_copy.jpg\",\"contentUrl\":\"https:\\\/\\\/archiviocassano.lavocedelpaese.info\\\/wp-content\\\/uploads\\\/2018\\\/07\\\/IMG-20180715-WA0018_1_copy.jpg\",\"width\":1041,\"height\":496,\"caption\":\"IMG-20180715-WA0018 1 copy\"},{\"@type\":\"BreadcrumbList\",\"@id\":\"https:\\\/\\\/archiviocassano.lavocedelpaese.info\\\/index.php\\\/2018\\\/07\\\/26\\\/la-storia-di-don-pino-puglisi-sabato-ce-qu-parrinuq\\\/#breadcrumb\",\"itemListElement\":[{\"@type\":\"ListItem\",\"position\":1,\"name\":\"Home\",\"item\":\"https:\\\/\\\/archiviocassano.lavocedelpaese.info\\\/\"},{\"@type\":\"ListItem\",\"position\":2,\"name\":\"La storia di don Pino Puglisi: sabato c&#8217;\u00e8 &#8220;U Parrinu&#8221;\"}]},{\"@type\":\"WebSite\",\"@id\":\"https:\\\/\\\/archiviocassano.lavocedelpaese.info\\\/#website\",\"url\":\"https:\\\/\\\/archiviocassano.lavocedelpaese.info\\\/\",\"name\":\"Archivio CassanoWeb\",\"description\":\"La Voce del Paese - un network di idee\",\"publisher\":{\"@id\":\"https:\\\/\\\/archiviocassano.lavocedelpaese.info\\\/#organization\"},\"potentialAction\":[{\"@type\":\"SearchAction\",\"target\":{\"@type\":\"EntryPoint\",\"urlTemplate\":\"https:\\\/\\\/archiviocassano.lavocedelpaese.info\\\/?s={search_term_string}\"},\"query-input\":{\"@type\":\"PropertyValueSpecification\",\"valueRequired\":true,\"valueName\":\"search_term_string\"}}],\"inLanguage\":\"it-IT\"},{\"@type\":\"Organization\",\"@id\":\"https:\\\/\\\/archiviocassano.lavocedelpaese.info\\\/#organization\",\"name\":\"Archivio CassanoWeb\",\"url\":\"https:\\\/\\\/archiviocassano.lavocedelpaese.info\\\/\",\"logo\":{\"@type\":\"ImageObject\",\"inLanguage\":\"it-IT\",\"@id\":\"https:\\\/\\\/archiviocassano.lavocedelpaese.info\\\/#\\\/schema\\\/logo\\\/image\\\/\",\"url\":\"https:\\\/\\\/archiviocassano.lavocedelpaese.info\\\/wp-content\\\/uploads\\\/2024\\\/08\\\/logo-rosso-2.png\",\"contentUrl\":\"https:\\\/\\\/archiviocassano.lavocedelpaese.info\\\/wp-content\\\/uploads\\\/2024\\\/08\\\/logo-rosso-2.png\",\"width\":491,\"height\":432,\"caption\":\"Archivio CassanoWeb\"},\"image\":{\"@id\":\"https:\\\/\\\/archiviocassano.lavocedelpaese.info\\\/#\\\/schema\\\/logo\\\/image\\\/\"},\"sameAs\":[\"https:\\\/\\\/www.facebook.com\\\/redazione.cassanoweb\"]},{\"@type\":\"Person\",\"@id\":\"https:\\\/\\\/archiviocassano.lavocedelpaese.info\\\/#\\\/schema\\\/person\\\/df195bc79a9b4c35127cf005f92e041b\",\"name\":\"admin\",\"image\":{\"@type\":\"ImageObject\",\"inLanguage\":\"it-IT\",\"@id\":\"https:\\\/\\\/secure.gravatar.com\\\/avatar\\\/eabba89a432e8eaa1b0207cc55f7e5340b22712b1ed80677efcf63e02ff5b235?s=96&d=mm&r=g\",\"url\":\"https:\\\/\\\/secure.gravatar.com\\\/avatar\\\/eabba89a432e8eaa1b0207cc55f7e5340b22712b1ed80677efcf63e02ff5b235?s=96&d=mm&r=g\",\"contentUrl\":\"https:\\\/\\\/secure.gravatar.com\\\/avatar\\\/eabba89a432e8eaa1b0207cc55f7e5340b22712b1ed80677efcf63e02ff5b235?s=96&d=mm&r=g\",\"caption\":\"admin\"},\"sameAs\":[\"https:\\\/\\\/archiviocassano.lavocedelpaese.info\"],\"url\":\"https:\\\/\\\/archiviocassano.lavocedelpaese.info\\\/index.php\\\/author\\\/admin_0qgz1xdp\\\/\"}]}<\/script>\n<!-- \/ Yoast SEO plugin. -->","yoast_head_json":{"title":"La storia di don Pino Puglisi: sabato c'\u00e8 \"U Parrinu\" - Archivio CassanoWeb","robots":{"index":"index","follow":"follow","max-snippet":"max-snippet:-1","max-image-preview":"max-image-preview:large","max-video-preview":"max-video-preview:-1"},"canonical":"https:\/\/archiviocassano.lavocedelpaese.info\/index.php\/2018\/07\/26\/la-storia-di-don-pino-puglisi-sabato-ce-qu-parrinuq\/","og_locale":"it_IT","og_type":"article","og_title":"La storia di don Pino Puglisi: sabato c'\u00e8 \"U Parrinu\" - Archivio CassanoWeb","og_url":"https:\/\/archiviocassano.lavocedelpaese.info\/index.php\/2018\/07\/26\/la-storia-di-don-pino-puglisi-sabato-ce-qu-parrinuq\/","og_site_name":"Archivio CassanoWeb","article_publisher":"https:\/\/www.facebook.com\/redazione.cassanoweb","article_published_time":"2018-07-26T07:52:44+00:00","og_image":[{"width":1041,"height":496,"url":"https:\/\/archiviocassano.lavocedelpaese.info\/wp-content\/uploads\/2018\/07\/IMG-20180715-WA0018_1_copy.jpg","type":"image\/jpeg"}],"author":"admin","twitter_card":"summary_large_image","twitter_misc":{"Scritto da":"admin","Tempo di lettura stimato":"2 minuti"},"schema":{"@context":"https:\/\/schema.org","@graph":[{"@type":"Article","@id":"https:\/\/archiviocassano.lavocedelpaese.info\/index.php\/2018\/07\/26\/la-storia-di-don-pino-puglisi-sabato-ce-qu-parrinuq\/#article","isPartOf":{"@id":"https:\/\/archiviocassano.lavocedelpaese.info\/index.php\/2018\/07\/26\/la-storia-di-don-pino-puglisi-sabato-ce-qu-parrinuq\/"},"author":{"name":"admin","@id":"https:\/\/archiviocassano.lavocedelpaese.info\/#\/schema\/person\/df195bc79a9b4c35127cf005f92e041b"},"headline":"La storia di don Pino Puglisi: sabato c&#8217;\u00e8 &#8220;U Parrinu&#8221;","datePublished":"2018-07-26T07:52:44+00:00","mainEntityOfPage":{"@id":"https:\/\/archiviocassano.lavocedelpaese.info\/index.php\/2018\/07\/26\/la-storia-di-don-pino-puglisi-sabato-ce-qu-parrinuq\/"},"wordCount":327,"commentCount":0,"publisher":{"@id":"https:\/\/archiviocassano.lavocedelpaese.info\/#organization"},"image":{"@id":"https:\/\/archiviocassano.lavocedelpaese.info\/index.php\/2018\/07\/26\/la-storia-di-don-pino-puglisi-sabato-ce-qu-parrinuq\/#primaryimage"},"thumbnailUrl":"https:\/\/archiviocassano.lavocedelpaese.info\/wp-content\/uploads\/2018\/07\/IMG-20180715-WA0018_1_copy.jpg","articleSection":["Cultura"],"inLanguage":"it-IT","potentialAction":[{"@type":"CommentAction","name":"Comment","target":["https:\/\/archiviocassano.lavocedelpaese.info\/index.php\/2018\/07\/26\/la-storia-di-don-pino-puglisi-sabato-ce-qu-parrinuq\/#respond"]}]},{"@type":"WebPage","@id":"https:\/\/archiviocassano.lavocedelpaese.info\/index.php\/2018\/07\/26\/la-storia-di-don-pino-puglisi-sabato-ce-qu-parrinuq\/","url":"https:\/\/archiviocassano.lavocedelpaese.info\/index.php\/2018\/07\/26\/la-storia-di-don-pino-puglisi-sabato-ce-qu-parrinuq\/","name":"La storia di don Pino Puglisi: sabato c'\u00e8 \"U Parrinu\" - Archivio CassanoWeb","isPartOf":{"@id":"https:\/\/archiviocassano.lavocedelpaese.info\/#website"},"primaryImageOfPage":{"@id":"https:\/\/archiviocassano.lavocedelpaese.info\/index.php\/2018\/07\/26\/la-storia-di-don-pino-puglisi-sabato-ce-qu-parrinuq\/#primaryimage"},"image":{"@id":"https:\/\/archiviocassano.lavocedelpaese.info\/index.php\/2018\/07\/26\/la-storia-di-don-pino-puglisi-sabato-ce-qu-parrinuq\/#primaryimage"},"thumbnailUrl":"https:\/\/archiviocassano.lavocedelpaese.info\/wp-content\/uploads\/2018\/07\/IMG-20180715-WA0018_1_copy.jpg","datePublished":"2018-07-26T07:52:44+00:00","breadcrumb":{"@id":"https:\/\/archiviocassano.lavocedelpaese.info\/index.php\/2018\/07\/26\/la-storia-di-don-pino-puglisi-sabato-ce-qu-parrinuq\/#breadcrumb"},"inLanguage":"it-IT","potentialAction":[{"@type":"ReadAction","target":["https:\/\/archiviocassano.lavocedelpaese.info\/index.php\/2018\/07\/26\/la-storia-di-don-pino-puglisi-sabato-ce-qu-parrinuq\/"]}]},{"@type":"ImageObject","inLanguage":"it-IT","@id":"https:\/\/archiviocassano.lavocedelpaese.info\/index.php\/2018\/07\/26\/la-storia-di-don-pino-puglisi-sabato-ce-qu-parrinuq\/#primaryimage","url":"https:\/\/archiviocassano.lavocedelpaese.info\/wp-content\/uploads\/2018\/07\/IMG-20180715-WA0018_1_copy.jpg","contentUrl":"https:\/\/archiviocassano.lavocedelpaese.info\/wp-content\/uploads\/2018\/07\/IMG-20180715-WA0018_1_copy.jpg","width":1041,"height":496,"caption":"IMG-20180715-WA0018 1 copy"},{"@type":"BreadcrumbList","@id":"https:\/\/archiviocassano.lavocedelpaese.info\/index.php\/2018\/07\/26\/la-storia-di-don-pino-puglisi-sabato-ce-qu-parrinuq\/#breadcrumb","itemListElement":[{"@type":"ListItem","position":1,"name":"Home","item":"https:\/\/archiviocassano.lavocedelpaese.info\/"},{"@type":"ListItem","position":2,"name":"La storia di don Pino Puglisi: sabato c&#8217;\u00e8 &#8220;U Parrinu&#8221;"}]},{"@type":"WebSite","@id":"https:\/\/archiviocassano.lavocedelpaese.info\/#website","url":"https:\/\/archiviocassano.lavocedelpaese.info\/","name":"Archivio CassanoWeb","description":"La Voce del Paese - un network di idee","publisher":{"@id":"https:\/\/archiviocassano.lavocedelpaese.info\/#organization"},"potentialAction":[{"@type":"SearchAction","target":{"@type":"EntryPoint","urlTemplate":"https:\/\/archiviocassano.lavocedelpaese.info\/?s={search_term_string}"},"query-input":{"@type":"PropertyValueSpecification","valueRequired":true,"valueName":"search_term_string"}}],"inLanguage":"it-IT"},{"@type":"Organization","@id":"https:\/\/archiviocassano.lavocedelpaese.info\/#organization","name":"Archivio CassanoWeb","url":"https:\/\/archiviocassano.lavocedelpaese.info\/","logo":{"@type":"ImageObject","inLanguage":"it-IT","@id":"https:\/\/archiviocassano.lavocedelpaese.info\/#\/schema\/logo\/image\/","url":"https:\/\/archiviocassano.lavocedelpaese.info\/wp-content\/uploads\/2024\/08\/logo-rosso-2.png","contentUrl":"https:\/\/archiviocassano.lavocedelpaese.info\/wp-content\/uploads\/2024\/08\/logo-rosso-2.png","width":491,"height":432,"caption":"Archivio CassanoWeb"},"image":{"@id":"https:\/\/archiviocassano.lavocedelpaese.info\/#\/schema\/logo\/image\/"},"sameAs":["https:\/\/www.facebook.com\/redazione.cassanoweb"]},{"@type":"Person","@id":"https:\/\/archiviocassano.lavocedelpaese.info\/#\/schema\/person\/df195bc79a9b4c35127cf005f92e041b","name":"admin","image":{"@type":"ImageObject","inLanguage":"it-IT","@id":"https:\/\/secure.gravatar.com\/avatar\/eabba89a432e8eaa1b0207cc55f7e5340b22712b1ed80677efcf63e02ff5b235?s=96&d=mm&r=g","url":"https:\/\/secure.gravatar.com\/avatar\/eabba89a432e8eaa1b0207cc55f7e5340b22712b1ed80677efcf63e02ff5b235?s=96&d=mm&r=g","contentUrl":"https:\/\/secure.gravatar.com\/avatar\/eabba89a432e8eaa1b0207cc55f7e5340b22712b1ed80677efcf63e02ff5b235?s=96&d=mm&r=g","caption":"admin"},"sameAs":["https:\/\/archiviocassano.lavocedelpaese.info"],"url":"https:\/\/archiviocassano.lavocedelpaese.info\/index.php\/author\/admin_0qgz1xdp\/"}]}},"_links":{"self":[{"href":"https:\/\/archiviocassano.lavocedelpaese.info\/index.php\/wp-json\/wp\/v2\/posts\/16294","targetHints":{"allow":["GET"]}}],"collection":[{"href":"https:\/\/archiviocassano.lavocedelpaese.info\/index.php\/wp-json\/wp\/v2\/posts"}],"about":[{"href":"https:\/\/archiviocassano.lavocedelpaese.info\/index.php\/wp-json\/wp\/v2\/types\/post"}],"author":[{"embeddable":true,"href":"https:\/\/archiviocassano.lavocedelpaese.info\/index.php\/wp-json\/wp\/v2\/users\/1"}],"replies":[{"embeddable":true,"href":"https:\/\/archiviocassano.lavocedelpaese.info\/index.php\/wp-json\/wp\/v2\/comments?post=16294"}],"version-history":[{"count":0,"href":"https:\/\/archiviocassano.lavocedelpaese.info\/index.php\/wp-json\/wp\/v2\/posts\/16294\/revisions"}],"wp:featuredmedia":[{"embeddable":true,"href":"https:\/\/archiviocassano.lavocedelpaese.info\/index.php\/wp-json\/wp\/v2\/media\/16293"}],"wp:attachment":[{"href":"https:\/\/archiviocassano.lavocedelpaese.info\/index.php\/wp-json\/wp\/v2\/media?parent=16294"}],"wp:term":[{"taxonomy":"category","embeddable":true,"href":"https:\/\/archiviocassano.lavocedelpaese.info\/index.php\/wp-json\/wp\/v2\/categories?post=16294"},{"taxonomy":"post_tag","embeddable":true,"href":"https:\/\/archiviocassano.lavocedelpaese.info\/index.php\/wp-json\/wp\/v2\/tags?post=16294"}],"curies":[{"name":"wp","href":"https:\/\/api.w.org\/{rel}","templated":true}]}}