{"id":1647,"date":"2010-06-19T06:05:51","date_gmt":"2010-06-19T06:05:51","guid":{"rendered":"https:\/\/archiviocassano.lavocedelpaese.info\/index.php\/2010\/06\/19\/petizione-popolare-sul-qgarden-villageq\/"},"modified":"2010-06-19T06:05:51","modified_gmt":"2010-06-19T06:05:51","slug":"petizione-popolare-sul-qgarden-villageq","status":"publish","type":"post","link":"https:\/\/archiviocassano.lavocedelpaese.info\/index.php\/2010\/06\/19\/petizione-popolare-sul-qgarden-villageq\/","title":{"rendered":"PETIZIONE POPOLARE SUL &#8220;GARDEN VILLAGE&#8221;"},"content":{"rendered":"<p><img loading=\"lazy\" decoding=\"async\" class=\" size-full wp-image-1646\" alt=\"cercasi_un_fine\" src=\"https:\/\/archiviocassano.lavocedelpaese.info\/wp-content\/uploads\/2010\/06\/cercasi_un_fine.jpg\" width=\"320\" height=\"150\" srcset=\"https:\/\/archiviocassano.lavocedelpaese.info\/wp-content\/uploads\/2010\/06\/cercasi_un_fine.jpg 320w, https:\/\/archiviocassano.lavocedelpaese.info\/wp-content\/uploads\/2010\/06\/cercasi_un_fine-300x141.jpg 300w\" sizes=\"auto, (max-width: 320px) 100vw, 320px\" \/><\/p>\n<p><!--more--><\/p>\n<p>Dal Presidente dell&#8217;Associazione &#8220;Cercasi un fine&#8221;, riceviamo e pubblichiamo.<\/p>\n<p>\u00a0<\/p>\n<p align=\"center\"><span style=\"font-family: Arial; font-size: small;\"><strong>PETIZIONE POPOLARE<\/strong><\/span><\/p>\n<p align=\"center\"><span style=\"font-family: Arial; font-size: small;\">(ai sensi dell\u2019art.35  dello\u00a0 Statuto del Comune di Cassano delle Murge <\/span><\/p>\n<p align=\"center\"><span style=\"font-family: Arial; font-size: small;\">per l \u2019attuazione dei  diritti di partecipazione popolare).<\/span><\/p>\n<p><span style=\"font-family: Arial; font-size: small;\">La  presente petizione riguarda la vicenda del \u201cGarden Village\u201d affidato  dalla precedente Giunta Gentile ad una Rete di 12 associazioni e  cooperative  per cui era stato chiesto un finanziamento al Ministero dell\u2019Interno  per la ristrutturazione di quattro abitazioni per la somma di <strong><span style=\"text-decoration: underline;\"> un milione di euro<\/span><\/strong><sup><span style=\"text-decoration: underline;\">1<\/span><\/sup>. <\/span><\/p>\n<p align=\"justify\"><span style=\"font-family: Arial; font-size: small;\">Da  uno scambio epistolare tra il Comune di Cassano delle Murge e la  Prefettura  di Bari<sup>2<\/sup>, apprendiamo con stupore e rammarico che l\u2019attuale  Giunta Di Medio non intenderebbe avvalersi del previsto finanziamento  ministeriale di un milione di euro. <\/span><\/p>\n<p align=\"justify\"><span style=\"font-family: Arial; font-size: small;\">Tale  finanziamento \u00e8\u00a0stato pianificato dal Ministero dell\u2019Interno,  su istanza della precedente Giunta, in coprogettazione con  l\u2019associazione  \u201cCercasi un fine\u201d Onlus, quale capofila della Rete del terzo settore  \u201cCasa della convivialit\u00e0 &#8211; don Tonino Bello\u201d<sup>3<\/sup>;<\/span><\/p>\n<p align=\"justify\"><span style=\"font-family: Arial; font-size: small;\">In  proposito \u00e8\u00a0bene ricordare che: <\/span><\/p>\n<ul>\n<li>\n<ol type=\"1\">\n<li><span style=\"font-family: Arial; font-size: small;\">in data 30\/12\/2008, la precedente    Giunta Gentile, con delibera n. 154, ha avviato una istruttoria  pubblica    per il riutilizzo per scopi sociali del complesso su indicato  (sequestrato    per abuso edilizio ed acquisito al patrimonio comunale con delibera    48 Consiglio Comunale);<\/span><\/li>\n<li><span style=\"font-family: Arial; font-size: small;\">nel gennaio 2009, l\u2019associazione    \u201cCercasi un fine\u201d Onlus, quale capofila della Rete, unico soggetto    presentatosi alla selezione, si \u00e8 aggiudicata la gestione di 10 delle    complessive 17 unit\u00e0 abitative del villaggio; in sintesi il progetto    prevede attivit\u00e0 quali: percorsi di educazione alla legalit\u00e0,  formazione    per cittadine e cittadini provenienti da Paesi non comunitari, corsi    di formazione e orientamento professionale;<\/span><\/li>\n<li><span style=\"font-family: Arial; font-size: small;\">nell&#8217;aprile 2009, la Giunta    Gentile, con delibera n. 46, ha adottato lo schema di convenzione,  successivamente    sottoscritto dalle parti;<\/span><\/li>\n<li><span style=\"font-family: Arial; font-size: small;\">nonostante la convenzione,    con impegni precisi per entrambe le parti, la Giunta Di Medio, sin dal     suo primo insediamento, ha intrapreso numerose iniziative,  univocamente    indirizzate a disconoscere, se non a stravolgere del tutto, gli  impegni    sottoscritti dalla precedente giunta con la Rete, diffidandola  dall\u2019accesso    all\u2019area in questione e non dando corso alla strutturazione degli    organi previsti dalla convenzione;<\/span><\/li>\n<li><span style=\"font-family: Arial; font-size: small;\">nel maggio 2010, dalla lettura    degli atti relativi, \u00e8 emerso che la Giunta Di Medio sarebbe orientata     a rifiutare la propria candidatura al finanziamento, nutrendo forti    perplessit\u00e0 circa la compatibilit\u00e0 del progetto col piano sociale    di zona e sulle capacit\u00e0 gestionali della Rete. <\/span><\/li>\n<\/ol>\n<\/li>\n<\/ul>\n<p align=\"justify\"><span style=\"font-family: Arial; font-size: small;\">Le  motivazioni addotte dalla Giunta Di Medio, a sostegno del ritiro della  candidatura, appaiono all&#8217;evidenza pretestuose per innumerevoli motivi.  Tra i principali: il bene \u00e8 definitivamente di propriet\u00e0 della pubblica  collettivit\u00e0; il rischio di azioni giudiziarie dell\u2019ex proprietario  e i relativi esiti non potranno mai intaccare la pubblica propriet\u00e0,  n\u00e9 essere di aggravio economico all\u2019amministrazione comunale; la  Rete ha esperienze, qualifiche e professionalit\u00e0 varie e provate nel  corso di pi\u00f9 di vent\u2019anni.<\/span><\/p>\n<p align=\"justify\"><span style=\"font-family: Arial; font-size: small;\">Alla luce di tutto ci\u00f2  riteniamo estremamente grave l\u2019intendimento della Giunta Di Medio  di rinunciare ingiustificatamente al finanziamento di un milione di  euro e di vanificare in tal modo un valido progetto, che pu\u00f2  rappresentare  una concreta e notevole occasione di sviluppo sociale e, non ultima,  occupazionale ed economica per il nostro Comune e la nostra Regione. <\/span><\/p>\n<p align=\"justify\"><span style=\"font-family: Arial; font-size: small;\">Pertanto, <strong> noi sottoscritti cittadini <\/strong><\/span><\/p>\n<p align=\"center\"><span style=\"font-family: Arial; font-size: small;\"><strong>CHIEDIAMO<\/strong><\/span><\/p>\n<p align=\"justify\"><span style=\"font-family: Arial; font-size: small;\"><strong>al Sindaco, alla  Giunta  e al Consiglio Comunale del Comune di Cassano delle Murge di rispettare  integralmente la convenzione, in primis la costituzione degli organi  ivi previsti, sottoscritta con l\u2019associazione  \u201cCercasi un fine\u201d Onlus, quale capofila della Rete del terzo settore  \u201cCasa della convivialit\u00e0 &#8211; don Tonino Bello\u201d, e di provvedere a  tutto quanto necessario all&#8217;ottenimento del finanziamento ministeriale  relativo al complesso \u201cGarden Village\u201d e alle conseguenti iniziative.<\/strong> <\/span><\/p>\n","protected":false},"excerpt":{"rendered":"","protected":false},"author":1,"featured_media":1646,"comment_status":"open","ping_status":"closed","sticky":false,"template":"","format":"standard","meta":{"colormag_page_container_layout":"default_layout","colormag_page_sidebar_layout":"default_layout","footnotes":""},"categories":[9],"tags":[],"class_list":["post-1647","post","type-post","status-publish","format-standard","has-post-thumbnail","hentry","category-la-voce-del-paese"],"yoast_head":"<!-- This site is optimized with the Yoast SEO plugin v27.5 - https:\/\/yoast.com\/product\/yoast-seo-wordpress\/ -->\n<title>PETIZIONE POPOLARE SUL &quot;GARDEN VILLAGE&quot; - Archivio CassanoWeb<\/title>\n<meta name=\"robots\" content=\"index, follow, max-snippet:-1, max-image-preview:large, max-video-preview:-1\" \/>\n<link rel=\"canonical\" href=\"https:\/\/archiviocassano.lavocedelpaese.info\/index.php\/2010\/06\/19\/petizione-popolare-sul-qgarden-villageq\/\" \/>\n<meta property=\"og:locale\" content=\"it_IT\" \/>\n<meta property=\"og:type\" content=\"article\" \/>\n<meta property=\"og:title\" content=\"PETIZIONE POPOLARE SUL &quot;GARDEN VILLAGE&quot; - Archivio CassanoWeb\" \/>\n<meta property=\"og:url\" content=\"https:\/\/archiviocassano.lavocedelpaese.info\/index.php\/2010\/06\/19\/petizione-popolare-sul-qgarden-villageq\/\" \/>\n<meta property=\"og:site_name\" content=\"Archivio CassanoWeb\" \/>\n<meta property=\"article:publisher\" content=\"https:\/\/www.facebook.com\/redazione.cassanoweb\" \/>\n<meta property=\"article:published_time\" content=\"2010-06-19T06:05:51+00:00\" \/>\n<meta property=\"og:image\" content=\"https:\/\/archiviocassano.lavocedelpaese.info\/wp-content\/uploads\/2010\/06\/cercasi_un_fine.jpg\" \/>\n\t<meta property=\"og:image:width\" content=\"320\" \/>\n\t<meta property=\"og:image:height\" content=\"150\" \/>\n\t<meta property=\"og:image:type\" content=\"image\/jpeg\" \/>\n<meta name=\"author\" content=\"admin\" \/>\n<meta name=\"twitter:card\" content=\"summary_large_image\" \/>\n<meta name=\"twitter:label1\" content=\"Scritto da\" \/>\n\t<meta name=\"twitter:data1\" content=\"admin\" \/>\n\t<meta name=\"twitter:label2\" content=\"Tempo di lettura stimato\" \/>\n\t<meta name=\"twitter:data2\" content=\"3 minuti\" \/>\n<script type=\"application\/ld+json\" class=\"yoast-schema-graph\">{\"@context\":\"https:\\\/\\\/schema.org\",\"@graph\":[{\"@type\":\"Article\",\"@id\":\"https:\\\/\\\/archiviocassano.lavocedelpaese.info\\\/index.php\\\/2010\\\/06\\\/19\\\/petizione-popolare-sul-qgarden-villageq\\\/#article\",\"isPartOf\":{\"@id\":\"https:\\\/\\\/archiviocassano.lavocedelpaese.info\\\/index.php\\\/2010\\\/06\\\/19\\\/petizione-popolare-sul-qgarden-villageq\\\/\"},\"author\":{\"name\":\"admin\",\"@id\":\"https:\\\/\\\/archiviocassano.lavocedelpaese.info\\\/#\\\/schema\\\/person\\\/df195bc79a9b4c35127cf005f92e041b\"},\"headline\":\"PETIZIONE POPOLARE SUL &#8220;GARDEN VILLAGE&#8221;\",\"datePublished\":\"2010-06-19T06:05:51+00:00\",\"mainEntityOfPage\":{\"@id\":\"https:\\\/\\\/archiviocassano.lavocedelpaese.info\\\/index.php\\\/2010\\\/06\\\/19\\\/petizione-popolare-sul-qgarden-villageq\\\/\"},\"wordCount\":583,\"commentCount\":0,\"publisher\":{\"@id\":\"https:\\\/\\\/archiviocassano.lavocedelpaese.info\\\/#organization\"},\"image\":{\"@id\":\"https:\\\/\\\/archiviocassano.lavocedelpaese.info\\\/index.php\\\/2010\\\/06\\\/19\\\/petizione-popolare-sul-qgarden-villageq\\\/#primaryimage\"},\"thumbnailUrl\":\"https:\\\/\\\/archiviocassano.lavocedelpaese.info\\\/wp-content\\\/uploads\\\/2010\\\/06\\\/cercasi_un_fine.jpg\",\"articleSection\":[\"La voce del paese\"],\"inLanguage\":\"it-IT\",\"potentialAction\":[{\"@type\":\"CommentAction\",\"name\":\"Comment\",\"target\":[\"https:\\\/\\\/archiviocassano.lavocedelpaese.info\\\/index.php\\\/2010\\\/06\\\/19\\\/petizione-popolare-sul-qgarden-villageq\\\/#respond\"]}]},{\"@type\":\"WebPage\",\"@id\":\"https:\\\/\\\/archiviocassano.lavocedelpaese.info\\\/index.php\\\/2010\\\/06\\\/19\\\/petizione-popolare-sul-qgarden-villageq\\\/\",\"url\":\"https:\\\/\\\/archiviocassano.lavocedelpaese.info\\\/index.php\\\/2010\\\/06\\\/19\\\/petizione-popolare-sul-qgarden-villageq\\\/\",\"name\":\"PETIZIONE POPOLARE SUL \\\"GARDEN VILLAGE\\\" - Archivio CassanoWeb\",\"isPartOf\":{\"@id\":\"https:\\\/\\\/archiviocassano.lavocedelpaese.info\\\/#website\"},\"primaryImageOfPage\":{\"@id\":\"https:\\\/\\\/archiviocassano.lavocedelpaese.info\\\/index.php\\\/2010\\\/06\\\/19\\\/petizione-popolare-sul-qgarden-villageq\\\/#primaryimage\"},\"image\":{\"@id\":\"https:\\\/\\\/archiviocassano.lavocedelpaese.info\\\/index.php\\\/2010\\\/06\\\/19\\\/petizione-popolare-sul-qgarden-villageq\\\/#primaryimage\"},\"thumbnailUrl\":\"https:\\\/\\\/archiviocassano.lavocedelpaese.info\\\/wp-content\\\/uploads\\\/2010\\\/06\\\/cercasi_un_fine.jpg\",\"datePublished\":\"2010-06-19T06:05:51+00:00\",\"breadcrumb\":{\"@id\":\"https:\\\/\\\/archiviocassano.lavocedelpaese.info\\\/index.php\\\/2010\\\/06\\\/19\\\/petizione-popolare-sul-qgarden-villageq\\\/#breadcrumb\"},\"inLanguage\":\"it-IT\",\"potentialAction\":[{\"@type\":\"ReadAction\",\"target\":[\"https:\\\/\\\/archiviocassano.lavocedelpaese.info\\\/index.php\\\/2010\\\/06\\\/19\\\/petizione-popolare-sul-qgarden-villageq\\\/\"]}]},{\"@type\":\"ImageObject\",\"inLanguage\":\"it-IT\",\"@id\":\"https:\\\/\\\/archiviocassano.lavocedelpaese.info\\\/index.php\\\/2010\\\/06\\\/19\\\/petizione-popolare-sul-qgarden-villageq\\\/#primaryimage\",\"url\":\"https:\\\/\\\/archiviocassano.lavocedelpaese.info\\\/wp-content\\\/uploads\\\/2010\\\/06\\\/cercasi_un_fine.jpg\",\"contentUrl\":\"https:\\\/\\\/archiviocassano.lavocedelpaese.info\\\/wp-content\\\/uploads\\\/2010\\\/06\\\/cercasi_un_fine.jpg\",\"width\":320,\"height\":150,\"caption\":\"cercasi_un_fine\"},{\"@type\":\"BreadcrumbList\",\"@id\":\"https:\\\/\\\/archiviocassano.lavocedelpaese.info\\\/index.php\\\/2010\\\/06\\\/19\\\/petizione-popolare-sul-qgarden-villageq\\\/#breadcrumb\",\"itemListElement\":[{\"@type\":\"ListItem\",\"position\":1,\"name\":\"Home\",\"item\":\"https:\\\/\\\/archiviocassano.lavocedelpaese.info\\\/\"},{\"@type\":\"ListItem\",\"position\":2,\"name\":\"PETIZIONE POPOLARE SUL &#8220;GARDEN VILLAGE&#8221;\"}]},{\"@type\":\"WebSite\",\"@id\":\"https:\\\/\\\/archiviocassano.lavocedelpaese.info\\\/#website\",\"url\":\"https:\\\/\\\/archiviocassano.lavocedelpaese.info\\\/\",\"name\":\"Archivio CassanoWeb\",\"description\":\"La Voce del Paese - un network di idee\",\"publisher\":{\"@id\":\"https:\\\/\\\/archiviocassano.lavocedelpaese.info\\\/#organization\"},\"potentialAction\":[{\"@type\":\"SearchAction\",\"target\":{\"@type\":\"EntryPoint\",\"urlTemplate\":\"https:\\\/\\\/archiviocassano.lavocedelpaese.info\\\/?s={search_term_string}\"},\"query-input\":{\"@type\":\"PropertyValueSpecification\",\"valueRequired\":true,\"valueName\":\"search_term_string\"}}],\"inLanguage\":\"it-IT\"},{\"@type\":\"Organization\",\"@id\":\"https:\\\/\\\/archiviocassano.lavocedelpaese.info\\\/#organization\",\"name\":\"Archivio CassanoWeb\",\"url\":\"https:\\\/\\\/archiviocassano.lavocedelpaese.info\\\/\",\"logo\":{\"@type\":\"ImageObject\",\"inLanguage\":\"it-IT\",\"@id\":\"https:\\\/\\\/archiviocassano.lavocedelpaese.info\\\/#\\\/schema\\\/logo\\\/image\\\/\",\"url\":\"https:\\\/\\\/archiviocassano.lavocedelpaese.info\\\/wp-content\\\/uploads\\\/2024\\\/08\\\/logo-rosso-2.png\",\"contentUrl\":\"https:\\\/\\\/archiviocassano.lavocedelpaese.info\\\/wp-content\\\/uploads\\\/2024\\\/08\\\/logo-rosso-2.png\",\"width\":491,\"height\":432,\"caption\":\"Archivio CassanoWeb\"},\"image\":{\"@id\":\"https:\\\/\\\/archiviocassano.lavocedelpaese.info\\\/#\\\/schema\\\/logo\\\/image\\\/\"},\"sameAs\":[\"https:\\\/\\\/www.facebook.com\\\/redazione.cassanoweb\"]},{\"@type\":\"Person\",\"@id\":\"https:\\\/\\\/archiviocassano.lavocedelpaese.info\\\/#\\\/schema\\\/person\\\/df195bc79a9b4c35127cf005f92e041b\",\"name\":\"admin\",\"image\":{\"@type\":\"ImageObject\",\"inLanguage\":\"it-IT\",\"@id\":\"https:\\\/\\\/secure.gravatar.com\\\/avatar\\\/eabba89a432e8eaa1b0207cc55f7e5340b22712b1ed80677efcf63e02ff5b235?s=96&d=mm&r=g\",\"url\":\"https:\\\/\\\/secure.gravatar.com\\\/avatar\\\/eabba89a432e8eaa1b0207cc55f7e5340b22712b1ed80677efcf63e02ff5b235?s=96&d=mm&r=g\",\"contentUrl\":\"https:\\\/\\\/secure.gravatar.com\\\/avatar\\\/eabba89a432e8eaa1b0207cc55f7e5340b22712b1ed80677efcf63e02ff5b235?s=96&d=mm&r=g\",\"caption\":\"admin\"},\"sameAs\":[\"https:\\\/\\\/archiviocassano.lavocedelpaese.info\"],\"url\":\"https:\\\/\\\/archiviocassano.lavocedelpaese.info\\\/index.php\\\/author\\\/admin_0qgz1xdp\\\/\"}]}<\/script>\n<!-- \/ Yoast SEO plugin. -->","yoast_head_json":{"title":"PETIZIONE POPOLARE SUL \"GARDEN VILLAGE\" - Archivio CassanoWeb","robots":{"index":"index","follow":"follow","max-snippet":"max-snippet:-1","max-image-preview":"max-image-preview:large","max-video-preview":"max-video-preview:-1"},"canonical":"https:\/\/archiviocassano.lavocedelpaese.info\/index.php\/2010\/06\/19\/petizione-popolare-sul-qgarden-villageq\/","og_locale":"it_IT","og_type":"article","og_title":"PETIZIONE POPOLARE SUL \"GARDEN VILLAGE\" - Archivio CassanoWeb","og_url":"https:\/\/archiviocassano.lavocedelpaese.info\/index.php\/2010\/06\/19\/petizione-popolare-sul-qgarden-villageq\/","og_site_name":"Archivio CassanoWeb","article_publisher":"https:\/\/www.facebook.com\/redazione.cassanoweb","article_published_time":"2010-06-19T06:05:51+00:00","og_image":[{"width":320,"height":150,"url":"https:\/\/archiviocassano.lavocedelpaese.info\/wp-content\/uploads\/2010\/06\/cercasi_un_fine.jpg","type":"image\/jpeg"}],"author":"admin","twitter_card":"summary_large_image","twitter_misc":{"Scritto da":"admin","Tempo di lettura stimato":"3 minuti"},"schema":{"@context":"https:\/\/schema.org","@graph":[{"@type":"Article","@id":"https:\/\/archiviocassano.lavocedelpaese.info\/index.php\/2010\/06\/19\/petizione-popolare-sul-qgarden-villageq\/#article","isPartOf":{"@id":"https:\/\/archiviocassano.lavocedelpaese.info\/index.php\/2010\/06\/19\/petizione-popolare-sul-qgarden-villageq\/"},"author":{"name":"admin","@id":"https:\/\/archiviocassano.lavocedelpaese.info\/#\/schema\/person\/df195bc79a9b4c35127cf005f92e041b"},"headline":"PETIZIONE POPOLARE SUL &#8220;GARDEN VILLAGE&#8221;","datePublished":"2010-06-19T06:05:51+00:00","mainEntityOfPage":{"@id":"https:\/\/archiviocassano.lavocedelpaese.info\/index.php\/2010\/06\/19\/petizione-popolare-sul-qgarden-villageq\/"},"wordCount":583,"commentCount":0,"publisher":{"@id":"https:\/\/archiviocassano.lavocedelpaese.info\/#organization"},"image":{"@id":"https:\/\/archiviocassano.lavocedelpaese.info\/index.php\/2010\/06\/19\/petizione-popolare-sul-qgarden-villageq\/#primaryimage"},"thumbnailUrl":"https:\/\/archiviocassano.lavocedelpaese.info\/wp-content\/uploads\/2010\/06\/cercasi_un_fine.jpg","articleSection":["La voce del paese"],"inLanguage":"it-IT","potentialAction":[{"@type":"CommentAction","name":"Comment","target":["https:\/\/archiviocassano.lavocedelpaese.info\/index.php\/2010\/06\/19\/petizione-popolare-sul-qgarden-villageq\/#respond"]}]},{"@type":"WebPage","@id":"https:\/\/archiviocassano.lavocedelpaese.info\/index.php\/2010\/06\/19\/petizione-popolare-sul-qgarden-villageq\/","url":"https:\/\/archiviocassano.lavocedelpaese.info\/index.php\/2010\/06\/19\/petizione-popolare-sul-qgarden-villageq\/","name":"PETIZIONE POPOLARE SUL \"GARDEN VILLAGE\" - Archivio CassanoWeb","isPartOf":{"@id":"https:\/\/archiviocassano.lavocedelpaese.info\/#website"},"primaryImageOfPage":{"@id":"https:\/\/archiviocassano.lavocedelpaese.info\/index.php\/2010\/06\/19\/petizione-popolare-sul-qgarden-villageq\/#primaryimage"},"image":{"@id":"https:\/\/archiviocassano.lavocedelpaese.info\/index.php\/2010\/06\/19\/petizione-popolare-sul-qgarden-villageq\/#primaryimage"},"thumbnailUrl":"https:\/\/archiviocassano.lavocedelpaese.info\/wp-content\/uploads\/2010\/06\/cercasi_un_fine.jpg","datePublished":"2010-06-19T06:05:51+00:00","breadcrumb":{"@id":"https:\/\/archiviocassano.lavocedelpaese.info\/index.php\/2010\/06\/19\/petizione-popolare-sul-qgarden-villageq\/#breadcrumb"},"inLanguage":"it-IT","potentialAction":[{"@type":"ReadAction","target":["https:\/\/archiviocassano.lavocedelpaese.info\/index.php\/2010\/06\/19\/petizione-popolare-sul-qgarden-villageq\/"]}]},{"@type":"ImageObject","inLanguage":"it-IT","@id":"https:\/\/archiviocassano.lavocedelpaese.info\/index.php\/2010\/06\/19\/petizione-popolare-sul-qgarden-villageq\/#primaryimage","url":"https:\/\/archiviocassano.lavocedelpaese.info\/wp-content\/uploads\/2010\/06\/cercasi_un_fine.jpg","contentUrl":"https:\/\/archiviocassano.lavocedelpaese.info\/wp-content\/uploads\/2010\/06\/cercasi_un_fine.jpg","width":320,"height":150,"caption":"cercasi_un_fine"},{"@type":"BreadcrumbList","@id":"https:\/\/archiviocassano.lavocedelpaese.info\/index.php\/2010\/06\/19\/petizione-popolare-sul-qgarden-villageq\/#breadcrumb","itemListElement":[{"@type":"ListItem","position":1,"name":"Home","item":"https:\/\/archiviocassano.lavocedelpaese.info\/"},{"@type":"ListItem","position":2,"name":"PETIZIONE POPOLARE SUL &#8220;GARDEN VILLAGE&#8221;"}]},{"@type":"WebSite","@id":"https:\/\/archiviocassano.lavocedelpaese.info\/#website","url":"https:\/\/archiviocassano.lavocedelpaese.info\/","name":"Archivio CassanoWeb","description":"La Voce del Paese - un network di idee","publisher":{"@id":"https:\/\/archiviocassano.lavocedelpaese.info\/#organization"},"potentialAction":[{"@type":"SearchAction","target":{"@type":"EntryPoint","urlTemplate":"https:\/\/archiviocassano.lavocedelpaese.info\/?s={search_term_string}"},"query-input":{"@type":"PropertyValueSpecification","valueRequired":true,"valueName":"search_term_string"}}],"inLanguage":"it-IT"},{"@type":"Organization","@id":"https:\/\/archiviocassano.lavocedelpaese.info\/#organization","name":"Archivio CassanoWeb","url":"https:\/\/archiviocassano.lavocedelpaese.info\/","logo":{"@type":"ImageObject","inLanguage":"it-IT","@id":"https:\/\/archiviocassano.lavocedelpaese.info\/#\/schema\/logo\/image\/","url":"https:\/\/archiviocassano.lavocedelpaese.info\/wp-content\/uploads\/2024\/08\/logo-rosso-2.png","contentUrl":"https:\/\/archiviocassano.lavocedelpaese.info\/wp-content\/uploads\/2024\/08\/logo-rosso-2.png","width":491,"height":432,"caption":"Archivio CassanoWeb"},"image":{"@id":"https:\/\/archiviocassano.lavocedelpaese.info\/#\/schema\/logo\/image\/"},"sameAs":["https:\/\/www.facebook.com\/redazione.cassanoweb"]},{"@type":"Person","@id":"https:\/\/archiviocassano.lavocedelpaese.info\/#\/schema\/person\/df195bc79a9b4c35127cf005f92e041b","name":"admin","image":{"@type":"ImageObject","inLanguage":"it-IT","@id":"https:\/\/secure.gravatar.com\/avatar\/eabba89a432e8eaa1b0207cc55f7e5340b22712b1ed80677efcf63e02ff5b235?s=96&d=mm&r=g","url":"https:\/\/secure.gravatar.com\/avatar\/eabba89a432e8eaa1b0207cc55f7e5340b22712b1ed80677efcf63e02ff5b235?s=96&d=mm&r=g","contentUrl":"https:\/\/secure.gravatar.com\/avatar\/eabba89a432e8eaa1b0207cc55f7e5340b22712b1ed80677efcf63e02ff5b235?s=96&d=mm&r=g","caption":"admin"},"sameAs":["https:\/\/archiviocassano.lavocedelpaese.info"],"url":"https:\/\/archiviocassano.lavocedelpaese.info\/index.php\/author\/admin_0qgz1xdp\/"}]}},"_links":{"self":[{"href":"https:\/\/archiviocassano.lavocedelpaese.info\/index.php\/wp-json\/wp\/v2\/posts\/1647","targetHints":{"allow":["GET"]}}],"collection":[{"href":"https:\/\/archiviocassano.lavocedelpaese.info\/index.php\/wp-json\/wp\/v2\/posts"}],"about":[{"href":"https:\/\/archiviocassano.lavocedelpaese.info\/index.php\/wp-json\/wp\/v2\/types\/post"}],"author":[{"embeddable":true,"href":"https:\/\/archiviocassano.lavocedelpaese.info\/index.php\/wp-json\/wp\/v2\/users\/1"}],"replies":[{"embeddable":true,"href":"https:\/\/archiviocassano.lavocedelpaese.info\/index.php\/wp-json\/wp\/v2\/comments?post=1647"}],"version-history":[{"count":0,"href":"https:\/\/archiviocassano.lavocedelpaese.info\/index.php\/wp-json\/wp\/v2\/posts\/1647\/revisions"}],"wp:featuredmedia":[{"embeddable":true,"href":"https:\/\/archiviocassano.lavocedelpaese.info\/index.php\/wp-json\/wp\/v2\/media\/1646"}],"wp:attachment":[{"href":"https:\/\/archiviocassano.lavocedelpaese.info\/index.php\/wp-json\/wp\/v2\/media?parent=1647"}],"wp:term":[{"taxonomy":"category","embeddable":true,"href":"https:\/\/archiviocassano.lavocedelpaese.info\/index.php\/wp-json\/wp\/v2\/categories?post=1647"},{"taxonomy":"post_tag","embeddable":true,"href":"https:\/\/archiviocassano.lavocedelpaese.info\/index.php\/wp-json\/wp\/v2\/tags?post=1647"}],"curies":[{"name":"wp","href":"https:\/\/api.w.org\/{rel}","templated":true}]}}