{"id":16526,"date":"2018-10-01T14:58:53","date_gmt":"2018-10-01T14:58:53","guid":{"rendered":"https:\/\/archiviocassano.lavocedelpaese.info\/index.php\/2018\/10\/01\/sono-pronto-a-morire-per-la-mia-patriaq-la-lettera-di-mario-rossani-alla-famiglia\/"},"modified":"2018-10-01T14:58:53","modified_gmt":"2018-10-01T14:58:53","slug":"sono-pronto-a-morire-per-la-mia-patriaq-la-lettera-di-mario-rossani-alla-famiglia","status":"publish","type":"post","link":"https:\/\/archiviocassano.lavocedelpaese.info\/index.php\/2018\/10\/01\/sono-pronto-a-morire-per-la-mia-patriaq-la-lettera-di-mario-rossani-alla-famiglia\/","title":{"rendered":"Una lettera di Rossani per ricordare il centenario della morte"},"content":{"rendered":"<p style=\"text-align: justify;\"><img loading=\"lazy\" decoding=\"async\" class=\" size-full wp-image-15716\" src=\"https:\/\/archiviocassano.lavocedelpaese.info\/wp-content\/uploads\/2018\/03\/mario_rossani_monumento.jpg\" alt=\"mario rossani monumento\" style=\"margin-right: 2px; margin-left: 2px;\" height=\"200\" width=\"250\" \/>&nbsp;<\/p>\n<p><!--more--><\/p>\n<p style=\"text-align: justify;\"><i>\u201cSono pronto a morire per la mia Patria\u201d:<\/i> \u00e8 Mario Rossani che scrive queste parole alla sua famiglia in una delle sue ultime lettere dal fronte, nell\u2019agosto 1916, all\u2019alba della sesta battaglia sull\u2019Isonzo.<\/p>\n<p style=\"text-align: justify;\">E\u2019 una \u201cperla storica\u201d fra le tante che la famiglia Rossani ancora conserva, scovata dalla Fondazione \u201cAlbenzio Patrino\u201d che si sta prodigando per ricordare i cento anni dall\u2019ultimo respiro dell\u2019eroe cassanese e che domani, in occasione dell\u2019annullo filatelico per ricordare il centenario, sar\u00e0 resa nota al pubblico ne corso del seminario di studi.<\/p>\n<p style=\"text-align: justify;\">\u201cLa lettera \u2013 spiega una nota della Fondazione &#8211; \u00e8 stata esaminata da studiosi e storici: in essa traspare tensione morale, senso del dovere, dettagli di natura tattica e un profondissimo respiro patriottico. Tale lettera sar\u00e0 presentata domani, durante il seminario storico. La Fondazione tuttavia, sta compiendo uno sforzo &#8211; per la composizione grafica e la riproduzione &#8211; perch\u00e9 tale lettera figuri anche sul &#8220;folder&#8221; in cui comparir\u00e0 la cartolina artistica, vincitrice del bando di concorso promosso da questa Fondazione, destinata all&#8217;annullo postale. Siamo particolarmente lieti di offrire alla comunit\u00e0 degli studiosi e degli storici questo documento di altissimo valore, per certi versi poetico per intensit\u00e0 drammatica, ma allo stesso modo scritto con la serenit\u00e0 d&#8217;animo autentica di un Eroe, di un Ufficiale premuroso e fiducioso nei suoi compagni d&#8217;arme ma anche di un ragazzo che scrive ai suoi genitori\u201d.<\/p>\n<p style=\"text-align: justify;\">Appuntamento a marted\u00ec 2 ottobre, dunque, secondo il seguente programma, a Bari:<\/p>\n<p style=\"text-align: justify;\">&#8211; ore 17.30: seminario su &#8220;La Puglia e la Grande Guerra&#8221; presso il Museo Civico, con autorit\u00e0 e studiosi che offriranno le proprie riflessioni sul contributo della terra e delle genti di Puglia al Primo Conflitto Mondiale e sulla figura di Mario Rossani.<\/p>\n<p style=\"text-align: justify;\">&#8211; ore 20.15: Concerto della Orchestra Sinfonica Metropolitana di Bari che eseguir\u00e0 musiche di Traetta, Santoboni, Vivaldi, Castelnuovo-Tedesco nella cornice impareggiabile della Cattedrale di Bari (San Sabino).<\/p>\n<p style=\"text-align: justify;\">Nel corso della serata il M. Domenico Nuzzaco, autore di una composizione vincitrice del bando di concorso promosso da questa Fondazione, diriger\u00e0 la Prima esecuzione dell&#8217;Inno a Rossani.<\/p>\n<p style=\"text-align: justify;\">&#8211; Poste Italiane procederanno, nella piazza antistante la Cattedrale, all&#8217;annullo filatelico dedicato al Maggiore Mario Rossani su una cartolina artistica illustrata vincitrice del bando di concorso promosso da questa Fondazione. Un&#8217;occasione di particolare pregio attesa dai filatelici, i marcofili, i collezionisti e &#8230; da chi vorr\u00e0 ricordarsi cent&#8217;anni ancora di Mario Rossani e degli Eroi della Grande Guerra.<\/p>\n<p style=\"text-align: justify;\">&#8211; la Cantina Sociale &#8220;Luca Gentile&#8221;, nel quadro del partenariato culturale istituito con la Fondazione per le celebrazioni dell&#8217;anniversario dell&#8217;Eroe cassanese, nella medesima piazza, presenter\u00e0 la nuova etichetta &#8220;Rossani&#8221; che accompagner\u00e0 un vino di altissimo pregio volto a ricordare il nome del glorioso Ufficiale e Patriota.<\/p>\n<p>&nbsp;<\/p>\n","protected":false},"excerpt":{"rendered":"<p>&nbsp;<\/p>\n","protected":false},"author":1,"featured_media":15716,"comment_status":"open","ping_status":"closed","sticky":false,"template":"","format":"standard","meta":{"colormag_page_container_layout":"default_layout","colormag_page_sidebar_layout":"default_layout","footnotes":""},"categories":[6],"tags":[],"class_list":["post-16526","post","type-post","status-publish","format-standard","has-post-thumbnail","hentry","category-cultura"],"yoast_head":"<!-- This site is optimized with the Yoast SEO plugin v27.5 - https:\/\/yoast.com\/product\/yoast-seo-wordpress\/ -->\n<title>Una lettera di Rossani per ricordare il centenario della morte - Archivio CassanoWeb<\/title>\n<meta name=\"robots\" content=\"index, follow, max-snippet:-1, max-image-preview:large, max-video-preview:-1\" \/>\n<link rel=\"canonical\" href=\"https:\/\/archiviocassano.lavocedelpaese.info\/index.php\/2018\/10\/01\/sono-pronto-a-morire-per-la-mia-patriaq-la-lettera-di-mario-rossani-alla-famiglia\/\" \/>\n<meta property=\"og:locale\" content=\"it_IT\" \/>\n<meta property=\"og:type\" content=\"article\" \/>\n<meta property=\"og:title\" content=\"Una lettera di Rossani per ricordare il centenario della morte - Archivio CassanoWeb\" \/>\n<meta property=\"og:description\" content=\"&nbsp;\" \/>\n<meta property=\"og:url\" content=\"https:\/\/archiviocassano.lavocedelpaese.info\/index.php\/2018\/10\/01\/sono-pronto-a-morire-per-la-mia-patriaq-la-lettera-di-mario-rossani-alla-famiglia\/\" \/>\n<meta property=\"og:site_name\" content=\"Archivio CassanoWeb\" \/>\n<meta property=\"article:publisher\" content=\"https:\/\/www.facebook.com\/redazione.cassanoweb\" \/>\n<meta property=\"article:published_time\" content=\"2018-10-01T14:58:53+00:00\" \/>\n<meta property=\"og:image\" content=\"https:\/\/archiviocassano.lavocedelpaese.info\/wp-content\/uploads\/2018\/03\/mario_rossani_monumento.jpg\" \/>\n\t<meta property=\"og:image:width\" content=\"800\" \/>\n\t<meta property=\"og:image:height\" content=\"529\" \/>\n\t<meta property=\"og:image:type\" content=\"image\/jpeg\" \/>\n<meta name=\"author\" content=\"admin\" \/>\n<meta name=\"twitter:card\" content=\"summary_large_image\" \/>\n<meta name=\"twitter:label1\" content=\"Scritto da\" \/>\n\t<meta name=\"twitter:data1\" content=\"admin\" \/>\n\t<meta name=\"twitter:label2\" content=\"Tempo di lettura stimato\" \/>\n\t<meta name=\"twitter:data2\" content=\"2 minuti\" \/>\n<script type=\"application\/ld+json\" class=\"yoast-schema-graph\">{\"@context\":\"https:\\\/\\\/schema.org\",\"@graph\":[{\"@type\":\"Article\",\"@id\":\"https:\\\/\\\/archiviocassano.lavocedelpaese.info\\\/index.php\\\/2018\\\/10\\\/01\\\/sono-pronto-a-morire-per-la-mia-patriaq-la-lettera-di-mario-rossani-alla-famiglia\\\/#article\",\"isPartOf\":{\"@id\":\"https:\\\/\\\/archiviocassano.lavocedelpaese.info\\\/index.php\\\/2018\\\/10\\\/01\\\/sono-pronto-a-morire-per-la-mia-patriaq-la-lettera-di-mario-rossani-alla-famiglia\\\/\"},\"author\":{\"name\":\"admin\",\"@id\":\"https:\\\/\\\/archiviocassano.lavocedelpaese.info\\\/#\\\/schema\\\/person\\\/df195bc79a9b4c35127cf005f92e041b\"},\"headline\":\"Una lettera di Rossani per ricordare il centenario della morte\",\"datePublished\":\"2018-10-01T14:58:53+00:00\",\"mainEntityOfPage\":{\"@id\":\"https:\\\/\\\/archiviocassano.lavocedelpaese.info\\\/index.php\\\/2018\\\/10\\\/01\\\/sono-pronto-a-morire-per-la-mia-patriaq-la-lettera-di-mario-rossani-alla-famiglia\\\/\"},\"wordCount\":459,\"commentCount\":0,\"publisher\":{\"@id\":\"https:\\\/\\\/archiviocassano.lavocedelpaese.info\\\/#organization\"},\"image\":{\"@id\":\"https:\\\/\\\/archiviocassano.lavocedelpaese.info\\\/index.php\\\/2018\\\/10\\\/01\\\/sono-pronto-a-morire-per-la-mia-patriaq-la-lettera-di-mario-rossani-alla-famiglia\\\/#primaryimage\"},\"thumbnailUrl\":\"https:\\\/\\\/archiviocassano.lavocedelpaese.info\\\/wp-content\\\/uploads\\\/2018\\\/03\\\/mario_rossani_monumento.jpg\",\"articleSection\":[\"Cultura\"],\"inLanguage\":\"it-IT\",\"potentialAction\":[{\"@type\":\"CommentAction\",\"name\":\"Comment\",\"target\":[\"https:\\\/\\\/archiviocassano.lavocedelpaese.info\\\/index.php\\\/2018\\\/10\\\/01\\\/sono-pronto-a-morire-per-la-mia-patriaq-la-lettera-di-mario-rossani-alla-famiglia\\\/#respond\"]}]},{\"@type\":\"WebPage\",\"@id\":\"https:\\\/\\\/archiviocassano.lavocedelpaese.info\\\/index.php\\\/2018\\\/10\\\/01\\\/sono-pronto-a-morire-per-la-mia-patriaq-la-lettera-di-mario-rossani-alla-famiglia\\\/\",\"url\":\"https:\\\/\\\/archiviocassano.lavocedelpaese.info\\\/index.php\\\/2018\\\/10\\\/01\\\/sono-pronto-a-morire-per-la-mia-patriaq-la-lettera-di-mario-rossani-alla-famiglia\\\/\",\"name\":\"Una lettera di Rossani per ricordare il centenario della morte - Archivio CassanoWeb\",\"isPartOf\":{\"@id\":\"https:\\\/\\\/archiviocassano.lavocedelpaese.info\\\/#website\"},\"primaryImageOfPage\":{\"@id\":\"https:\\\/\\\/archiviocassano.lavocedelpaese.info\\\/index.php\\\/2018\\\/10\\\/01\\\/sono-pronto-a-morire-per-la-mia-patriaq-la-lettera-di-mario-rossani-alla-famiglia\\\/#primaryimage\"},\"image\":{\"@id\":\"https:\\\/\\\/archiviocassano.lavocedelpaese.info\\\/index.php\\\/2018\\\/10\\\/01\\\/sono-pronto-a-morire-per-la-mia-patriaq-la-lettera-di-mario-rossani-alla-famiglia\\\/#primaryimage\"},\"thumbnailUrl\":\"https:\\\/\\\/archiviocassano.lavocedelpaese.info\\\/wp-content\\\/uploads\\\/2018\\\/03\\\/mario_rossani_monumento.jpg\",\"datePublished\":\"2018-10-01T14:58:53+00:00\",\"breadcrumb\":{\"@id\":\"https:\\\/\\\/archiviocassano.lavocedelpaese.info\\\/index.php\\\/2018\\\/10\\\/01\\\/sono-pronto-a-morire-per-la-mia-patriaq-la-lettera-di-mario-rossani-alla-famiglia\\\/#breadcrumb\"},\"inLanguage\":\"it-IT\",\"potentialAction\":[{\"@type\":\"ReadAction\",\"target\":[\"https:\\\/\\\/archiviocassano.lavocedelpaese.info\\\/index.php\\\/2018\\\/10\\\/01\\\/sono-pronto-a-morire-per-la-mia-patriaq-la-lettera-di-mario-rossani-alla-famiglia\\\/\"]}]},{\"@type\":\"ImageObject\",\"inLanguage\":\"it-IT\",\"@id\":\"https:\\\/\\\/archiviocassano.lavocedelpaese.info\\\/index.php\\\/2018\\\/10\\\/01\\\/sono-pronto-a-morire-per-la-mia-patriaq-la-lettera-di-mario-rossani-alla-famiglia\\\/#primaryimage\",\"url\":\"https:\\\/\\\/archiviocassano.lavocedelpaese.info\\\/wp-content\\\/uploads\\\/2018\\\/03\\\/mario_rossani_monumento.jpg\",\"contentUrl\":\"https:\\\/\\\/archiviocassano.lavocedelpaese.info\\\/wp-content\\\/uploads\\\/2018\\\/03\\\/mario_rossani_monumento.jpg\",\"width\":800,\"height\":529,\"caption\":\"mario rossani monumento\"},{\"@type\":\"BreadcrumbList\",\"@id\":\"https:\\\/\\\/archiviocassano.lavocedelpaese.info\\\/index.php\\\/2018\\\/10\\\/01\\\/sono-pronto-a-morire-per-la-mia-patriaq-la-lettera-di-mario-rossani-alla-famiglia\\\/#breadcrumb\",\"itemListElement\":[{\"@type\":\"ListItem\",\"position\":1,\"name\":\"Home\",\"item\":\"https:\\\/\\\/archiviocassano.lavocedelpaese.info\\\/\"},{\"@type\":\"ListItem\",\"position\":2,\"name\":\"Una lettera di Rossani per ricordare il centenario della morte\"}]},{\"@type\":\"WebSite\",\"@id\":\"https:\\\/\\\/archiviocassano.lavocedelpaese.info\\\/#website\",\"url\":\"https:\\\/\\\/archiviocassano.lavocedelpaese.info\\\/\",\"name\":\"Archivio CassanoWeb\",\"description\":\"La Voce del Paese - un network di idee\",\"publisher\":{\"@id\":\"https:\\\/\\\/archiviocassano.lavocedelpaese.info\\\/#organization\"},\"potentialAction\":[{\"@type\":\"SearchAction\",\"target\":{\"@type\":\"EntryPoint\",\"urlTemplate\":\"https:\\\/\\\/archiviocassano.lavocedelpaese.info\\\/?s={search_term_string}\"},\"query-input\":{\"@type\":\"PropertyValueSpecification\",\"valueRequired\":true,\"valueName\":\"search_term_string\"}}],\"inLanguage\":\"it-IT\"},{\"@type\":\"Organization\",\"@id\":\"https:\\\/\\\/archiviocassano.lavocedelpaese.info\\\/#organization\",\"name\":\"Archivio CassanoWeb\",\"url\":\"https:\\\/\\\/archiviocassano.lavocedelpaese.info\\\/\",\"logo\":{\"@type\":\"ImageObject\",\"inLanguage\":\"it-IT\",\"@id\":\"https:\\\/\\\/archiviocassano.lavocedelpaese.info\\\/#\\\/schema\\\/logo\\\/image\\\/\",\"url\":\"https:\\\/\\\/archiviocassano.lavocedelpaese.info\\\/wp-content\\\/uploads\\\/2024\\\/08\\\/logo-rosso-2.png\",\"contentUrl\":\"https:\\\/\\\/archiviocassano.lavocedelpaese.info\\\/wp-content\\\/uploads\\\/2024\\\/08\\\/logo-rosso-2.png\",\"width\":491,\"height\":432,\"caption\":\"Archivio CassanoWeb\"},\"image\":{\"@id\":\"https:\\\/\\\/archiviocassano.lavocedelpaese.info\\\/#\\\/schema\\\/logo\\\/image\\\/\"},\"sameAs\":[\"https:\\\/\\\/www.facebook.com\\\/redazione.cassanoweb\"]},{\"@type\":\"Person\",\"@id\":\"https:\\\/\\\/archiviocassano.lavocedelpaese.info\\\/#\\\/schema\\\/person\\\/df195bc79a9b4c35127cf005f92e041b\",\"name\":\"admin\",\"image\":{\"@type\":\"ImageObject\",\"inLanguage\":\"it-IT\",\"@id\":\"https:\\\/\\\/secure.gravatar.com\\\/avatar\\\/eabba89a432e8eaa1b0207cc55f7e5340b22712b1ed80677efcf63e02ff5b235?s=96&d=mm&r=g\",\"url\":\"https:\\\/\\\/secure.gravatar.com\\\/avatar\\\/eabba89a432e8eaa1b0207cc55f7e5340b22712b1ed80677efcf63e02ff5b235?s=96&d=mm&r=g\",\"contentUrl\":\"https:\\\/\\\/secure.gravatar.com\\\/avatar\\\/eabba89a432e8eaa1b0207cc55f7e5340b22712b1ed80677efcf63e02ff5b235?s=96&d=mm&r=g\",\"caption\":\"admin\"},\"sameAs\":[\"https:\\\/\\\/archiviocassano.lavocedelpaese.info\"],\"url\":\"https:\\\/\\\/archiviocassano.lavocedelpaese.info\\\/index.php\\\/author\\\/admin_0qgz1xdp\\\/\"}]}<\/script>\n<!-- \/ Yoast SEO plugin. -->","yoast_head_json":{"title":"Una lettera di Rossani per ricordare il centenario della morte - Archivio CassanoWeb","robots":{"index":"index","follow":"follow","max-snippet":"max-snippet:-1","max-image-preview":"max-image-preview:large","max-video-preview":"max-video-preview:-1"},"canonical":"https:\/\/archiviocassano.lavocedelpaese.info\/index.php\/2018\/10\/01\/sono-pronto-a-morire-per-la-mia-patriaq-la-lettera-di-mario-rossani-alla-famiglia\/","og_locale":"it_IT","og_type":"article","og_title":"Una lettera di Rossani per ricordare il centenario della morte - Archivio CassanoWeb","og_description":"&nbsp;","og_url":"https:\/\/archiviocassano.lavocedelpaese.info\/index.php\/2018\/10\/01\/sono-pronto-a-morire-per-la-mia-patriaq-la-lettera-di-mario-rossani-alla-famiglia\/","og_site_name":"Archivio CassanoWeb","article_publisher":"https:\/\/www.facebook.com\/redazione.cassanoweb","article_published_time":"2018-10-01T14:58:53+00:00","og_image":[{"width":800,"height":529,"url":"https:\/\/archiviocassano.lavocedelpaese.info\/wp-content\/uploads\/2018\/03\/mario_rossani_monumento.jpg","type":"image\/jpeg"}],"author":"admin","twitter_card":"summary_large_image","twitter_misc":{"Scritto da":"admin","Tempo di lettura stimato":"2 minuti"},"schema":{"@context":"https:\/\/schema.org","@graph":[{"@type":"Article","@id":"https:\/\/archiviocassano.lavocedelpaese.info\/index.php\/2018\/10\/01\/sono-pronto-a-morire-per-la-mia-patriaq-la-lettera-di-mario-rossani-alla-famiglia\/#article","isPartOf":{"@id":"https:\/\/archiviocassano.lavocedelpaese.info\/index.php\/2018\/10\/01\/sono-pronto-a-morire-per-la-mia-patriaq-la-lettera-di-mario-rossani-alla-famiglia\/"},"author":{"name":"admin","@id":"https:\/\/archiviocassano.lavocedelpaese.info\/#\/schema\/person\/df195bc79a9b4c35127cf005f92e041b"},"headline":"Una lettera di Rossani per ricordare il centenario della morte","datePublished":"2018-10-01T14:58:53+00:00","mainEntityOfPage":{"@id":"https:\/\/archiviocassano.lavocedelpaese.info\/index.php\/2018\/10\/01\/sono-pronto-a-morire-per-la-mia-patriaq-la-lettera-di-mario-rossani-alla-famiglia\/"},"wordCount":459,"commentCount":0,"publisher":{"@id":"https:\/\/archiviocassano.lavocedelpaese.info\/#organization"},"image":{"@id":"https:\/\/archiviocassano.lavocedelpaese.info\/index.php\/2018\/10\/01\/sono-pronto-a-morire-per-la-mia-patriaq-la-lettera-di-mario-rossani-alla-famiglia\/#primaryimage"},"thumbnailUrl":"https:\/\/archiviocassano.lavocedelpaese.info\/wp-content\/uploads\/2018\/03\/mario_rossani_monumento.jpg","articleSection":["Cultura"],"inLanguage":"it-IT","potentialAction":[{"@type":"CommentAction","name":"Comment","target":["https:\/\/archiviocassano.lavocedelpaese.info\/index.php\/2018\/10\/01\/sono-pronto-a-morire-per-la-mia-patriaq-la-lettera-di-mario-rossani-alla-famiglia\/#respond"]}]},{"@type":"WebPage","@id":"https:\/\/archiviocassano.lavocedelpaese.info\/index.php\/2018\/10\/01\/sono-pronto-a-morire-per-la-mia-patriaq-la-lettera-di-mario-rossani-alla-famiglia\/","url":"https:\/\/archiviocassano.lavocedelpaese.info\/index.php\/2018\/10\/01\/sono-pronto-a-morire-per-la-mia-patriaq-la-lettera-di-mario-rossani-alla-famiglia\/","name":"Una lettera di Rossani per ricordare il centenario della morte - Archivio CassanoWeb","isPartOf":{"@id":"https:\/\/archiviocassano.lavocedelpaese.info\/#website"},"primaryImageOfPage":{"@id":"https:\/\/archiviocassano.lavocedelpaese.info\/index.php\/2018\/10\/01\/sono-pronto-a-morire-per-la-mia-patriaq-la-lettera-di-mario-rossani-alla-famiglia\/#primaryimage"},"image":{"@id":"https:\/\/archiviocassano.lavocedelpaese.info\/index.php\/2018\/10\/01\/sono-pronto-a-morire-per-la-mia-patriaq-la-lettera-di-mario-rossani-alla-famiglia\/#primaryimage"},"thumbnailUrl":"https:\/\/archiviocassano.lavocedelpaese.info\/wp-content\/uploads\/2018\/03\/mario_rossani_monumento.jpg","datePublished":"2018-10-01T14:58:53+00:00","breadcrumb":{"@id":"https:\/\/archiviocassano.lavocedelpaese.info\/index.php\/2018\/10\/01\/sono-pronto-a-morire-per-la-mia-patriaq-la-lettera-di-mario-rossani-alla-famiglia\/#breadcrumb"},"inLanguage":"it-IT","potentialAction":[{"@type":"ReadAction","target":["https:\/\/archiviocassano.lavocedelpaese.info\/index.php\/2018\/10\/01\/sono-pronto-a-morire-per-la-mia-patriaq-la-lettera-di-mario-rossani-alla-famiglia\/"]}]},{"@type":"ImageObject","inLanguage":"it-IT","@id":"https:\/\/archiviocassano.lavocedelpaese.info\/index.php\/2018\/10\/01\/sono-pronto-a-morire-per-la-mia-patriaq-la-lettera-di-mario-rossani-alla-famiglia\/#primaryimage","url":"https:\/\/archiviocassano.lavocedelpaese.info\/wp-content\/uploads\/2018\/03\/mario_rossani_monumento.jpg","contentUrl":"https:\/\/archiviocassano.lavocedelpaese.info\/wp-content\/uploads\/2018\/03\/mario_rossani_monumento.jpg","width":800,"height":529,"caption":"mario rossani monumento"},{"@type":"BreadcrumbList","@id":"https:\/\/archiviocassano.lavocedelpaese.info\/index.php\/2018\/10\/01\/sono-pronto-a-morire-per-la-mia-patriaq-la-lettera-di-mario-rossani-alla-famiglia\/#breadcrumb","itemListElement":[{"@type":"ListItem","position":1,"name":"Home","item":"https:\/\/archiviocassano.lavocedelpaese.info\/"},{"@type":"ListItem","position":2,"name":"Una lettera di Rossani per ricordare il centenario della morte"}]},{"@type":"WebSite","@id":"https:\/\/archiviocassano.lavocedelpaese.info\/#website","url":"https:\/\/archiviocassano.lavocedelpaese.info\/","name":"Archivio CassanoWeb","description":"La Voce del Paese - un network di idee","publisher":{"@id":"https:\/\/archiviocassano.lavocedelpaese.info\/#organization"},"potentialAction":[{"@type":"SearchAction","target":{"@type":"EntryPoint","urlTemplate":"https:\/\/archiviocassano.lavocedelpaese.info\/?s={search_term_string}"},"query-input":{"@type":"PropertyValueSpecification","valueRequired":true,"valueName":"search_term_string"}}],"inLanguage":"it-IT"},{"@type":"Organization","@id":"https:\/\/archiviocassano.lavocedelpaese.info\/#organization","name":"Archivio CassanoWeb","url":"https:\/\/archiviocassano.lavocedelpaese.info\/","logo":{"@type":"ImageObject","inLanguage":"it-IT","@id":"https:\/\/archiviocassano.lavocedelpaese.info\/#\/schema\/logo\/image\/","url":"https:\/\/archiviocassano.lavocedelpaese.info\/wp-content\/uploads\/2024\/08\/logo-rosso-2.png","contentUrl":"https:\/\/archiviocassano.lavocedelpaese.info\/wp-content\/uploads\/2024\/08\/logo-rosso-2.png","width":491,"height":432,"caption":"Archivio CassanoWeb"},"image":{"@id":"https:\/\/archiviocassano.lavocedelpaese.info\/#\/schema\/logo\/image\/"},"sameAs":["https:\/\/www.facebook.com\/redazione.cassanoweb"]},{"@type":"Person","@id":"https:\/\/archiviocassano.lavocedelpaese.info\/#\/schema\/person\/df195bc79a9b4c35127cf005f92e041b","name":"admin","image":{"@type":"ImageObject","inLanguage":"it-IT","@id":"https:\/\/secure.gravatar.com\/avatar\/eabba89a432e8eaa1b0207cc55f7e5340b22712b1ed80677efcf63e02ff5b235?s=96&d=mm&r=g","url":"https:\/\/secure.gravatar.com\/avatar\/eabba89a432e8eaa1b0207cc55f7e5340b22712b1ed80677efcf63e02ff5b235?s=96&d=mm&r=g","contentUrl":"https:\/\/secure.gravatar.com\/avatar\/eabba89a432e8eaa1b0207cc55f7e5340b22712b1ed80677efcf63e02ff5b235?s=96&d=mm&r=g","caption":"admin"},"sameAs":["https:\/\/archiviocassano.lavocedelpaese.info"],"url":"https:\/\/archiviocassano.lavocedelpaese.info\/index.php\/author\/admin_0qgz1xdp\/"}]}},"_links":{"self":[{"href":"https:\/\/archiviocassano.lavocedelpaese.info\/index.php\/wp-json\/wp\/v2\/posts\/16526","targetHints":{"allow":["GET"]}}],"collection":[{"href":"https:\/\/archiviocassano.lavocedelpaese.info\/index.php\/wp-json\/wp\/v2\/posts"}],"about":[{"href":"https:\/\/archiviocassano.lavocedelpaese.info\/index.php\/wp-json\/wp\/v2\/types\/post"}],"author":[{"embeddable":true,"href":"https:\/\/archiviocassano.lavocedelpaese.info\/index.php\/wp-json\/wp\/v2\/users\/1"}],"replies":[{"embeddable":true,"href":"https:\/\/archiviocassano.lavocedelpaese.info\/index.php\/wp-json\/wp\/v2\/comments?post=16526"}],"version-history":[{"count":0,"href":"https:\/\/archiviocassano.lavocedelpaese.info\/index.php\/wp-json\/wp\/v2\/posts\/16526\/revisions"}],"wp:featuredmedia":[{"embeddable":true,"href":"https:\/\/archiviocassano.lavocedelpaese.info\/index.php\/wp-json\/wp\/v2\/media\/15716"}],"wp:attachment":[{"href":"https:\/\/archiviocassano.lavocedelpaese.info\/index.php\/wp-json\/wp\/v2\/media?parent=16526"}],"wp:term":[{"taxonomy":"category","embeddable":true,"href":"https:\/\/archiviocassano.lavocedelpaese.info\/index.php\/wp-json\/wp\/v2\/categories?post=16526"},{"taxonomy":"post_tag","embeddable":true,"href":"https:\/\/archiviocassano.lavocedelpaese.info\/index.php\/wp-json\/wp\/v2\/tags?post=16526"}],"curies":[{"name":"wp","href":"https:\/\/api.w.org\/{rel}","templated":true}]}}