{"id":16571,"date":"2018-10-17T10:05:29","date_gmt":"2018-10-17T10:05:29","guid":{"rendered":"https:\/\/archiviocassano.lavocedelpaese.info\/index.php\/2018\/10\/17\/buio-pesto-nel-centro-storico-in-tilt-da-giorni-limpianto-della-pubblica-illuminazione\/"},"modified":"2018-10-17T10:05:29","modified_gmt":"2018-10-17T10:05:29","slug":"buio-pesto-nel-centro-storico-in-tilt-da-giorni-limpianto-della-pubblica-illuminazione","status":"publish","type":"post","link":"https:\/\/archiviocassano.lavocedelpaese.info\/index.php\/2018\/10\/17\/buio-pesto-nel-centro-storico-in-tilt-da-giorni-limpianto-della-pubblica-illuminazione\/","title":{"rendered":"Buio pesto nel centro storico (da giorni)"},"content":{"rendered":"<p style=\"text-align: justify;\"><img loading=\"lazy\" decoding=\"async\" class=\" size-full wp-image-16570\" src=\"https:\/\/archiviocassano.lavocedelpaese.info\/wp-content\/uploads\/2018\/10\/centro_storico_al_buio.jpg\" width=\"320\" height=\"150\" alt=\"centro storico al buio\" style=\"margin-right: 2px; margin-left: 2px;\" \/><\/p>\n<p><!--more--><\/p>\n<p style=\"text-align: justify;\">Buio pesto nel centro storico cassanese, da diversi giorni.<\/p>\n<p style=\"text-align: justify;\">Da via maggior Turitto ad alcune zone di piazza Moro fino a scendere in via Chimienti, dopo le ore 19.00 solo le luci delle attivit\u00e0 commerciali illuminano le strade perch\u00e9 la pubblica illuminazione non funziona, lasciando senza luce intere zone.<\/p>\n<p style=\"text-align: justify;\">Una situazione che dura da giorni ed a cui il Comune non riesce a porre rimedio, nonostante l\u2019impegno del personale addetto alla manutenzione e, da ieri, l\u2019incarico ad una ditta esterna che sta cercando di capire che cos\u2019\u00e8 che non va.<\/p>\n<p style=\"text-align: justify;\">Dagli uffici spiegano che la vetust\u00e0 dell\u2019impianto della pubblica illuminazione nel centro storico \u00e8 particolarmente accentuata: i quadri di zona sono vecchi e logori, c\u2019\u00e8 dispersione di corrente elettrica, ad esempio sulle sfere bianche sparse lungo le strade e basta un niente per mandare in tilt l\u2019impianto. Con tutto quello che ne consegue in termini di sicurezza e praticabilit\u00e0 delle strade, dato che in diversi tratti la pavimentazione \u00e8 sconnessa e insicura.<\/p>\n<p style=\"text-align: justify;\">Quando si risolver\u00e0 la situazione, non \u00e8 dato sapere perch\u00e9 ogni giorno potrebbe essere quello buono ma fino ad oggi, dopo giorni di luce spenta, il problema si ripete ogni sera.<\/p>\n<p style=\"text-align: justify;\">Da mesi l\u2019Amministrazione Di Medio ha promesso di metter mano all\u2019intero impianto della Pubblica Illuminazione e anche nell\u2019ultimo \u201cPiano delle performance 2018\/2020\u201d, approvato dalla Giunta Comunale lo scorso 5 ottobre, si ribadisce la volont\u00e0 di procedere con il \u201cproject financing\u201d ovvero l\u2019affidamento ad una ditta privata della gestione e manutenzione dell\u2019intero impianto, previo adeguamento e ammodernamento, dietro corresponsione di un canone annuo pari o di poco superiore alla spesa annuale in corrente elettrica: il tutto per un lungo periodo di tempo (da 10 a 15 anni).<\/p>\n<p style=\"text-align: justify;\">Una soluzione che vede contrari i gruppi di minoranza dentro e fuori il Consiglio Comunale <a href=\"politica\/28363-illuminazione-le-minoranze-come-gia-il-m5s-chiedono-la-consip.html%20\" target=\"_blank\" rel=\"noopener\">che pi\u00f9 volte hanno fatto presente all\u2019Amministrazione Di Medio la possibilit\u00e0 di aderire al sistema della \u201cConsip\u201d,<\/a> societ\u00e0 pubblica che opera a servizio degli Enti Locali che sta effettuando in molti comuni d\u2019Italia convenzioni vantaggiose per le realt\u00e0 locali.<\/p>\n<p>&nbsp;<\/p>\n","protected":false},"excerpt":{"rendered":"","protected":false},"author":1,"featured_media":16570,"comment_status":"open","ping_status":"closed","sticky":false,"template":"","format":"standard","meta":{"colormag_page_container_layout":"default_layout","colormag_page_sidebar_layout":"default_layout","footnotes":""},"categories":[8],"tags":[],"class_list":["post-16571","post","type-post","status-publish","format-standard","has-post-thumbnail","hentry","category-cronaca"],"yoast_head":"<!-- This site is optimized with the Yoast SEO plugin v27.5 - https:\/\/yoast.com\/product\/yoast-seo-wordpress\/ -->\n<title>Buio pesto nel centro storico (da giorni) - Archivio CassanoWeb<\/title>\n<meta name=\"robots\" content=\"index, follow, max-snippet:-1, max-image-preview:large, max-video-preview:-1\" \/>\n<link rel=\"canonical\" href=\"https:\/\/archiviocassano.lavocedelpaese.info\/index.php\/2018\/10\/17\/buio-pesto-nel-centro-storico-in-tilt-da-giorni-limpianto-della-pubblica-illuminazione\/\" \/>\n<meta property=\"og:locale\" content=\"it_IT\" \/>\n<meta property=\"og:type\" content=\"article\" \/>\n<meta property=\"og:title\" content=\"Buio pesto nel centro storico (da giorni) - Archivio CassanoWeb\" \/>\n<meta property=\"og:url\" content=\"https:\/\/archiviocassano.lavocedelpaese.info\/index.php\/2018\/10\/17\/buio-pesto-nel-centro-storico-in-tilt-da-giorni-limpianto-della-pubblica-illuminazione\/\" \/>\n<meta property=\"og:site_name\" content=\"Archivio CassanoWeb\" \/>\n<meta property=\"article:publisher\" content=\"https:\/\/www.facebook.com\/redazione.cassanoweb\" \/>\n<meta property=\"article:published_time\" content=\"2018-10-17T10:05:29+00:00\" \/>\n<meta property=\"og:image\" content=\"https:\/\/archiviocassano.lavocedelpaese.info\/wp-content\/uploads\/2018\/10\/centro_storico_al_buio.jpg\" \/>\n\t<meta property=\"og:image:width\" content=\"960\" \/>\n\t<meta property=\"og:image:height\" content=\"720\" \/>\n\t<meta property=\"og:image:type\" content=\"image\/jpeg\" \/>\n<meta name=\"author\" content=\"admin\" \/>\n<meta name=\"twitter:card\" content=\"summary_large_image\" \/>\n<meta name=\"twitter:label1\" content=\"Scritto da\" \/>\n\t<meta name=\"twitter:data1\" content=\"admin\" \/>\n\t<meta name=\"twitter:label2\" content=\"Tempo di lettura stimato\" \/>\n\t<meta name=\"twitter:data2\" content=\"2 minuti\" \/>\n<script type=\"application\/ld+json\" class=\"yoast-schema-graph\">{\"@context\":\"https:\\\/\\\/schema.org\",\"@graph\":[{\"@type\":\"Article\",\"@id\":\"https:\\\/\\\/archiviocassano.lavocedelpaese.info\\\/index.php\\\/2018\\\/10\\\/17\\\/buio-pesto-nel-centro-storico-in-tilt-da-giorni-limpianto-della-pubblica-illuminazione\\\/#article\",\"isPartOf\":{\"@id\":\"https:\\\/\\\/archiviocassano.lavocedelpaese.info\\\/index.php\\\/2018\\\/10\\\/17\\\/buio-pesto-nel-centro-storico-in-tilt-da-giorni-limpianto-della-pubblica-illuminazione\\\/\"},\"author\":{\"name\":\"admin\",\"@id\":\"https:\\\/\\\/archiviocassano.lavocedelpaese.info\\\/#\\\/schema\\\/person\\\/df195bc79a9b4c35127cf005f92e041b\"},\"headline\":\"Buio pesto nel centro storico (da giorni)\",\"datePublished\":\"2018-10-17T10:05:29+00:00\",\"mainEntityOfPage\":{\"@id\":\"https:\\\/\\\/archiviocassano.lavocedelpaese.info\\\/index.php\\\/2018\\\/10\\\/17\\\/buio-pesto-nel-centro-storico-in-tilt-da-giorni-limpianto-della-pubblica-illuminazione\\\/\"},\"wordCount\":344,\"commentCount\":0,\"publisher\":{\"@id\":\"https:\\\/\\\/archiviocassano.lavocedelpaese.info\\\/#organization\"},\"image\":{\"@id\":\"https:\\\/\\\/archiviocassano.lavocedelpaese.info\\\/index.php\\\/2018\\\/10\\\/17\\\/buio-pesto-nel-centro-storico-in-tilt-da-giorni-limpianto-della-pubblica-illuminazione\\\/#primaryimage\"},\"thumbnailUrl\":\"https:\\\/\\\/archiviocassano.lavocedelpaese.info\\\/wp-content\\\/uploads\\\/2018\\\/10\\\/centro_storico_al_buio.jpg\",\"articleSection\":[\"Cronaca\"],\"inLanguage\":\"it-IT\",\"potentialAction\":[{\"@type\":\"CommentAction\",\"name\":\"Comment\",\"target\":[\"https:\\\/\\\/archiviocassano.lavocedelpaese.info\\\/index.php\\\/2018\\\/10\\\/17\\\/buio-pesto-nel-centro-storico-in-tilt-da-giorni-limpianto-della-pubblica-illuminazione\\\/#respond\"]}]},{\"@type\":\"WebPage\",\"@id\":\"https:\\\/\\\/archiviocassano.lavocedelpaese.info\\\/index.php\\\/2018\\\/10\\\/17\\\/buio-pesto-nel-centro-storico-in-tilt-da-giorni-limpianto-della-pubblica-illuminazione\\\/\",\"url\":\"https:\\\/\\\/archiviocassano.lavocedelpaese.info\\\/index.php\\\/2018\\\/10\\\/17\\\/buio-pesto-nel-centro-storico-in-tilt-da-giorni-limpianto-della-pubblica-illuminazione\\\/\",\"name\":\"Buio pesto nel centro storico (da giorni) - Archivio CassanoWeb\",\"isPartOf\":{\"@id\":\"https:\\\/\\\/archiviocassano.lavocedelpaese.info\\\/#website\"},\"primaryImageOfPage\":{\"@id\":\"https:\\\/\\\/archiviocassano.lavocedelpaese.info\\\/index.php\\\/2018\\\/10\\\/17\\\/buio-pesto-nel-centro-storico-in-tilt-da-giorni-limpianto-della-pubblica-illuminazione\\\/#primaryimage\"},\"image\":{\"@id\":\"https:\\\/\\\/archiviocassano.lavocedelpaese.info\\\/index.php\\\/2018\\\/10\\\/17\\\/buio-pesto-nel-centro-storico-in-tilt-da-giorni-limpianto-della-pubblica-illuminazione\\\/#primaryimage\"},\"thumbnailUrl\":\"https:\\\/\\\/archiviocassano.lavocedelpaese.info\\\/wp-content\\\/uploads\\\/2018\\\/10\\\/centro_storico_al_buio.jpg\",\"datePublished\":\"2018-10-17T10:05:29+00:00\",\"breadcrumb\":{\"@id\":\"https:\\\/\\\/archiviocassano.lavocedelpaese.info\\\/index.php\\\/2018\\\/10\\\/17\\\/buio-pesto-nel-centro-storico-in-tilt-da-giorni-limpianto-della-pubblica-illuminazione\\\/#breadcrumb\"},\"inLanguage\":\"it-IT\",\"potentialAction\":[{\"@type\":\"ReadAction\",\"target\":[\"https:\\\/\\\/archiviocassano.lavocedelpaese.info\\\/index.php\\\/2018\\\/10\\\/17\\\/buio-pesto-nel-centro-storico-in-tilt-da-giorni-limpianto-della-pubblica-illuminazione\\\/\"]}]},{\"@type\":\"ImageObject\",\"inLanguage\":\"it-IT\",\"@id\":\"https:\\\/\\\/archiviocassano.lavocedelpaese.info\\\/index.php\\\/2018\\\/10\\\/17\\\/buio-pesto-nel-centro-storico-in-tilt-da-giorni-limpianto-della-pubblica-illuminazione\\\/#primaryimage\",\"url\":\"https:\\\/\\\/archiviocassano.lavocedelpaese.info\\\/wp-content\\\/uploads\\\/2018\\\/10\\\/centro_storico_al_buio.jpg\",\"contentUrl\":\"https:\\\/\\\/archiviocassano.lavocedelpaese.info\\\/wp-content\\\/uploads\\\/2018\\\/10\\\/centro_storico_al_buio.jpg\",\"width\":960,\"height\":720,\"caption\":\"centro storico al buio\"},{\"@type\":\"BreadcrumbList\",\"@id\":\"https:\\\/\\\/archiviocassano.lavocedelpaese.info\\\/index.php\\\/2018\\\/10\\\/17\\\/buio-pesto-nel-centro-storico-in-tilt-da-giorni-limpianto-della-pubblica-illuminazione\\\/#breadcrumb\",\"itemListElement\":[{\"@type\":\"ListItem\",\"position\":1,\"name\":\"Home\",\"item\":\"https:\\\/\\\/archiviocassano.lavocedelpaese.info\\\/\"},{\"@type\":\"ListItem\",\"position\":2,\"name\":\"Buio pesto nel centro storico (da giorni)\"}]},{\"@type\":\"WebSite\",\"@id\":\"https:\\\/\\\/archiviocassano.lavocedelpaese.info\\\/#website\",\"url\":\"https:\\\/\\\/archiviocassano.lavocedelpaese.info\\\/\",\"name\":\"Archivio CassanoWeb\",\"description\":\"La Voce del Paese - un network di idee\",\"publisher\":{\"@id\":\"https:\\\/\\\/archiviocassano.lavocedelpaese.info\\\/#organization\"},\"potentialAction\":[{\"@type\":\"SearchAction\",\"target\":{\"@type\":\"EntryPoint\",\"urlTemplate\":\"https:\\\/\\\/archiviocassano.lavocedelpaese.info\\\/?s={search_term_string}\"},\"query-input\":{\"@type\":\"PropertyValueSpecification\",\"valueRequired\":true,\"valueName\":\"search_term_string\"}}],\"inLanguage\":\"it-IT\"},{\"@type\":\"Organization\",\"@id\":\"https:\\\/\\\/archiviocassano.lavocedelpaese.info\\\/#organization\",\"name\":\"Archivio CassanoWeb\",\"url\":\"https:\\\/\\\/archiviocassano.lavocedelpaese.info\\\/\",\"logo\":{\"@type\":\"ImageObject\",\"inLanguage\":\"it-IT\",\"@id\":\"https:\\\/\\\/archiviocassano.lavocedelpaese.info\\\/#\\\/schema\\\/logo\\\/image\\\/\",\"url\":\"https:\\\/\\\/archiviocassano.lavocedelpaese.info\\\/wp-content\\\/uploads\\\/2024\\\/08\\\/logo-rosso-2.png\",\"contentUrl\":\"https:\\\/\\\/archiviocassano.lavocedelpaese.info\\\/wp-content\\\/uploads\\\/2024\\\/08\\\/logo-rosso-2.png\",\"width\":491,\"height\":432,\"caption\":\"Archivio CassanoWeb\"},\"image\":{\"@id\":\"https:\\\/\\\/archiviocassano.lavocedelpaese.info\\\/#\\\/schema\\\/logo\\\/image\\\/\"},\"sameAs\":[\"https:\\\/\\\/www.facebook.com\\\/redazione.cassanoweb\"]},{\"@type\":\"Person\",\"@id\":\"https:\\\/\\\/archiviocassano.lavocedelpaese.info\\\/#\\\/schema\\\/person\\\/df195bc79a9b4c35127cf005f92e041b\",\"name\":\"admin\",\"image\":{\"@type\":\"ImageObject\",\"inLanguage\":\"it-IT\",\"@id\":\"https:\\\/\\\/secure.gravatar.com\\\/avatar\\\/eabba89a432e8eaa1b0207cc55f7e5340b22712b1ed80677efcf63e02ff5b235?s=96&d=mm&r=g\",\"url\":\"https:\\\/\\\/secure.gravatar.com\\\/avatar\\\/eabba89a432e8eaa1b0207cc55f7e5340b22712b1ed80677efcf63e02ff5b235?s=96&d=mm&r=g\",\"contentUrl\":\"https:\\\/\\\/secure.gravatar.com\\\/avatar\\\/eabba89a432e8eaa1b0207cc55f7e5340b22712b1ed80677efcf63e02ff5b235?s=96&d=mm&r=g\",\"caption\":\"admin\"},\"sameAs\":[\"https:\\\/\\\/archiviocassano.lavocedelpaese.info\"],\"url\":\"https:\\\/\\\/archiviocassano.lavocedelpaese.info\\\/index.php\\\/author\\\/admin_0qgz1xdp\\\/\"}]}<\/script>\n<!-- \/ Yoast SEO plugin. -->","yoast_head_json":{"title":"Buio pesto nel centro storico (da giorni) - Archivio CassanoWeb","robots":{"index":"index","follow":"follow","max-snippet":"max-snippet:-1","max-image-preview":"max-image-preview:large","max-video-preview":"max-video-preview:-1"},"canonical":"https:\/\/archiviocassano.lavocedelpaese.info\/index.php\/2018\/10\/17\/buio-pesto-nel-centro-storico-in-tilt-da-giorni-limpianto-della-pubblica-illuminazione\/","og_locale":"it_IT","og_type":"article","og_title":"Buio pesto nel centro storico (da giorni) - Archivio CassanoWeb","og_url":"https:\/\/archiviocassano.lavocedelpaese.info\/index.php\/2018\/10\/17\/buio-pesto-nel-centro-storico-in-tilt-da-giorni-limpianto-della-pubblica-illuminazione\/","og_site_name":"Archivio CassanoWeb","article_publisher":"https:\/\/www.facebook.com\/redazione.cassanoweb","article_published_time":"2018-10-17T10:05:29+00:00","og_image":[{"width":960,"height":720,"url":"https:\/\/archiviocassano.lavocedelpaese.info\/wp-content\/uploads\/2018\/10\/centro_storico_al_buio.jpg","type":"image\/jpeg"}],"author":"admin","twitter_card":"summary_large_image","twitter_misc":{"Scritto da":"admin","Tempo di lettura stimato":"2 minuti"},"schema":{"@context":"https:\/\/schema.org","@graph":[{"@type":"Article","@id":"https:\/\/archiviocassano.lavocedelpaese.info\/index.php\/2018\/10\/17\/buio-pesto-nel-centro-storico-in-tilt-da-giorni-limpianto-della-pubblica-illuminazione\/#article","isPartOf":{"@id":"https:\/\/archiviocassano.lavocedelpaese.info\/index.php\/2018\/10\/17\/buio-pesto-nel-centro-storico-in-tilt-da-giorni-limpianto-della-pubblica-illuminazione\/"},"author":{"name":"admin","@id":"https:\/\/archiviocassano.lavocedelpaese.info\/#\/schema\/person\/df195bc79a9b4c35127cf005f92e041b"},"headline":"Buio pesto nel centro storico (da giorni)","datePublished":"2018-10-17T10:05:29+00:00","mainEntityOfPage":{"@id":"https:\/\/archiviocassano.lavocedelpaese.info\/index.php\/2018\/10\/17\/buio-pesto-nel-centro-storico-in-tilt-da-giorni-limpianto-della-pubblica-illuminazione\/"},"wordCount":344,"commentCount":0,"publisher":{"@id":"https:\/\/archiviocassano.lavocedelpaese.info\/#organization"},"image":{"@id":"https:\/\/archiviocassano.lavocedelpaese.info\/index.php\/2018\/10\/17\/buio-pesto-nel-centro-storico-in-tilt-da-giorni-limpianto-della-pubblica-illuminazione\/#primaryimage"},"thumbnailUrl":"https:\/\/archiviocassano.lavocedelpaese.info\/wp-content\/uploads\/2018\/10\/centro_storico_al_buio.jpg","articleSection":["Cronaca"],"inLanguage":"it-IT","potentialAction":[{"@type":"CommentAction","name":"Comment","target":["https:\/\/archiviocassano.lavocedelpaese.info\/index.php\/2018\/10\/17\/buio-pesto-nel-centro-storico-in-tilt-da-giorni-limpianto-della-pubblica-illuminazione\/#respond"]}]},{"@type":"WebPage","@id":"https:\/\/archiviocassano.lavocedelpaese.info\/index.php\/2018\/10\/17\/buio-pesto-nel-centro-storico-in-tilt-da-giorni-limpianto-della-pubblica-illuminazione\/","url":"https:\/\/archiviocassano.lavocedelpaese.info\/index.php\/2018\/10\/17\/buio-pesto-nel-centro-storico-in-tilt-da-giorni-limpianto-della-pubblica-illuminazione\/","name":"Buio pesto nel centro storico (da giorni) - Archivio CassanoWeb","isPartOf":{"@id":"https:\/\/archiviocassano.lavocedelpaese.info\/#website"},"primaryImageOfPage":{"@id":"https:\/\/archiviocassano.lavocedelpaese.info\/index.php\/2018\/10\/17\/buio-pesto-nel-centro-storico-in-tilt-da-giorni-limpianto-della-pubblica-illuminazione\/#primaryimage"},"image":{"@id":"https:\/\/archiviocassano.lavocedelpaese.info\/index.php\/2018\/10\/17\/buio-pesto-nel-centro-storico-in-tilt-da-giorni-limpianto-della-pubblica-illuminazione\/#primaryimage"},"thumbnailUrl":"https:\/\/archiviocassano.lavocedelpaese.info\/wp-content\/uploads\/2018\/10\/centro_storico_al_buio.jpg","datePublished":"2018-10-17T10:05:29+00:00","breadcrumb":{"@id":"https:\/\/archiviocassano.lavocedelpaese.info\/index.php\/2018\/10\/17\/buio-pesto-nel-centro-storico-in-tilt-da-giorni-limpianto-della-pubblica-illuminazione\/#breadcrumb"},"inLanguage":"it-IT","potentialAction":[{"@type":"ReadAction","target":["https:\/\/archiviocassano.lavocedelpaese.info\/index.php\/2018\/10\/17\/buio-pesto-nel-centro-storico-in-tilt-da-giorni-limpianto-della-pubblica-illuminazione\/"]}]},{"@type":"ImageObject","inLanguage":"it-IT","@id":"https:\/\/archiviocassano.lavocedelpaese.info\/index.php\/2018\/10\/17\/buio-pesto-nel-centro-storico-in-tilt-da-giorni-limpianto-della-pubblica-illuminazione\/#primaryimage","url":"https:\/\/archiviocassano.lavocedelpaese.info\/wp-content\/uploads\/2018\/10\/centro_storico_al_buio.jpg","contentUrl":"https:\/\/archiviocassano.lavocedelpaese.info\/wp-content\/uploads\/2018\/10\/centro_storico_al_buio.jpg","width":960,"height":720,"caption":"centro storico al buio"},{"@type":"BreadcrumbList","@id":"https:\/\/archiviocassano.lavocedelpaese.info\/index.php\/2018\/10\/17\/buio-pesto-nel-centro-storico-in-tilt-da-giorni-limpianto-della-pubblica-illuminazione\/#breadcrumb","itemListElement":[{"@type":"ListItem","position":1,"name":"Home","item":"https:\/\/archiviocassano.lavocedelpaese.info\/"},{"@type":"ListItem","position":2,"name":"Buio pesto nel centro storico (da giorni)"}]},{"@type":"WebSite","@id":"https:\/\/archiviocassano.lavocedelpaese.info\/#website","url":"https:\/\/archiviocassano.lavocedelpaese.info\/","name":"Archivio CassanoWeb","description":"La Voce del Paese - un network di idee","publisher":{"@id":"https:\/\/archiviocassano.lavocedelpaese.info\/#organization"},"potentialAction":[{"@type":"SearchAction","target":{"@type":"EntryPoint","urlTemplate":"https:\/\/archiviocassano.lavocedelpaese.info\/?s={search_term_string}"},"query-input":{"@type":"PropertyValueSpecification","valueRequired":true,"valueName":"search_term_string"}}],"inLanguage":"it-IT"},{"@type":"Organization","@id":"https:\/\/archiviocassano.lavocedelpaese.info\/#organization","name":"Archivio CassanoWeb","url":"https:\/\/archiviocassano.lavocedelpaese.info\/","logo":{"@type":"ImageObject","inLanguage":"it-IT","@id":"https:\/\/archiviocassano.lavocedelpaese.info\/#\/schema\/logo\/image\/","url":"https:\/\/archiviocassano.lavocedelpaese.info\/wp-content\/uploads\/2024\/08\/logo-rosso-2.png","contentUrl":"https:\/\/archiviocassano.lavocedelpaese.info\/wp-content\/uploads\/2024\/08\/logo-rosso-2.png","width":491,"height":432,"caption":"Archivio CassanoWeb"},"image":{"@id":"https:\/\/archiviocassano.lavocedelpaese.info\/#\/schema\/logo\/image\/"},"sameAs":["https:\/\/www.facebook.com\/redazione.cassanoweb"]},{"@type":"Person","@id":"https:\/\/archiviocassano.lavocedelpaese.info\/#\/schema\/person\/df195bc79a9b4c35127cf005f92e041b","name":"admin","image":{"@type":"ImageObject","inLanguage":"it-IT","@id":"https:\/\/secure.gravatar.com\/avatar\/eabba89a432e8eaa1b0207cc55f7e5340b22712b1ed80677efcf63e02ff5b235?s=96&d=mm&r=g","url":"https:\/\/secure.gravatar.com\/avatar\/eabba89a432e8eaa1b0207cc55f7e5340b22712b1ed80677efcf63e02ff5b235?s=96&d=mm&r=g","contentUrl":"https:\/\/secure.gravatar.com\/avatar\/eabba89a432e8eaa1b0207cc55f7e5340b22712b1ed80677efcf63e02ff5b235?s=96&d=mm&r=g","caption":"admin"},"sameAs":["https:\/\/archiviocassano.lavocedelpaese.info"],"url":"https:\/\/archiviocassano.lavocedelpaese.info\/index.php\/author\/admin_0qgz1xdp\/"}]}},"_links":{"self":[{"href":"https:\/\/archiviocassano.lavocedelpaese.info\/index.php\/wp-json\/wp\/v2\/posts\/16571","targetHints":{"allow":["GET"]}}],"collection":[{"href":"https:\/\/archiviocassano.lavocedelpaese.info\/index.php\/wp-json\/wp\/v2\/posts"}],"about":[{"href":"https:\/\/archiviocassano.lavocedelpaese.info\/index.php\/wp-json\/wp\/v2\/types\/post"}],"author":[{"embeddable":true,"href":"https:\/\/archiviocassano.lavocedelpaese.info\/index.php\/wp-json\/wp\/v2\/users\/1"}],"replies":[{"embeddable":true,"href":"https:\/\/archiviocassano.lavocedelpaese.info\/index.php\/wp-json\/wp\/v2\/comments?post=16571"}],"version-history":[{"count":0,"href":"https:\/\/archiviocassano.lavocedelpaese.info\/index.php\/wp-json\/wp\/v2\/posts\/16571\/revisions"}],"wp:featuredmedia":[{"embeddable":true,"href":"https:\/\/archiviocassano.lavocedelpaese.info\/index.php\/wp-json\/wp\/v2\/media\/16570"}],"wp:attachment":[{"href":"https:\/\/archiviocassano.lavocedelpaese.info\/index.php\/wp-json\/wp\/v2\/media?parent=16571"}],"wp:term":[{"taxonomy":"category","embeddable":true,"href":"https:\/\/archiviocassano.lavocedelpaese.info\/index.php\/wp-json\/wp\/v2\/categories?post=16571"},{"taxonomy":"post_tag","embeddable":true,"href":"https:\/\/archiviocassano.lavocedelpaese.info\/index.php\/wp-json\/wp\/v2\/tags?post=16571"}],"curies":[{"name":"wp","href":"https:\/\/api.w.org\/{rel}","templated":true}]}}