{"id":16576,"date":"2018-10-17T12:29:43","date_gmt":"2018-10-17T12:29:43","guid":{"rendered":"https:\/\/archiviocassano.lavocedelpaese.info\/index.php\/2018\/10\/17\/dimissioni-della-calzetta-nunzio-angiola-qnessun-rispetto-per-gli-elettoriq\/"},"modified":"2018-10-17T12:29:43","modified_gmt":"2018-10-17T12:29:43","slug":"dimissioni-della-calzetta-nunzio-angiola-qnessun-rispetto-per-gli-elettoriq","status":"publish","type":"post","link":"https:\/\/archiviocassano.lavocedelpaese.info\/index.php\/2018\/10\/17\/dimissioni-della-calzetta-nunzio-angiola-qnessun-rispetto-per-gli-elettoriq\/","title":{"rendered":"Dimissioni Calzetta, Angiola: &#8220;nessun rispetto per gli elettori&#8221;"},"content":{"rendered":"<p style=\"text-align: center;\"><img loading=\"lazy\" decoding=\"async\" class=\" size-full wp-image-16575\" src=\"https:\/\/archiviocassano.lavocedelpaese.info\/wp-content\/uploads\/2018\/10\/angiola_piccolo.jpg\" alt=\"angiola piccolo\" style=\"margin-right: 2px; margin-left: 2px;\" width=\"165\" height=\"228\" \/><\/p>\n<p><!--more--><\/p>\n<p style=\"text-align: justify;\"><em>&#8220;Prima prendo 655 voti e poi d\u00f2 una pacca sulla spalla ai cassanesi, perch\u00e9 il sindaco di Altamura mi ha chiesto di fare il segretario comunale?&#8221;<\/em>: \u00e8 il caustico commento del parlamentare del Movimento 5 Stelle Nunzio Angiola (nella foto) sulle dimissioni da Presidente del Consiglio Comunale di Cassano di Monica Calzetta che interviene ancora una volta sulle vicende cassanesi e ne spiega il motivo.<\/p>\n<p style=\"text-align: justify;\"><em>&#8220;Visto che il M5S non ha in consiglio comunale a Cassano delle Murge alcun rappresentante e mi auguro che ne abbia qualcuno appena possibile<\/em> &#8211; si legge nella nota di Angiola &#8211; <em>mi vedo costretto ad intervenire su tutto, dalla vicenda Maugeri alla vicenda Tradeco. Un ultimo fatto, mi lascia quantomeno basito. Oggi ha rassegnato le dimissioni irrevocabili, la Presidente del Consiglio Comunale di Cassano dott.ssa Monica Calzetta&#8221;.<\/em><\/p>\n<p style=\"text-align: justify;\"><em>&#8220;\u00c8 evidente<\/em> &#8211; prosegue il parlamentare pentastellato &#8211; <em>che le mie riflessioni sono esclusivamente di tipo politico, visto che la dott.ssa Calzetta, prima di essere un segretario Comunale \u00e8 un politico cassanese, regolarmente eletto alle elezioni amministrative del 2017 con 655 voti.<\/em><\/p>\n<p style=\"text-align: justify;\"><em>\u00c8 questo il punto.<\/em><\/p>\n<p style=\"text-align: justify;\"><em>Lungi da me dal voler criticare le legittime ambizioni di un segretario che vuole andare a ricoprire il ruolo nel pi\u00f9 importante del Collegio, ma agli elettori cosa ha detto o cosa intende dire?<\/em><\/p>\n<p style=\"text-align: justify;\"><em>Il mandato elettorale \u00e8 proprio aria fritta o acqua fresca? Prima prendo 655 voti e poi d\u00f2 una pacca sulla spalla ai cassanesi, perch\u00e9 il sindaco di Altamura mi ha chiesto di fare il segretario comunale? Ma per favore!<\/em><\/p>\n<p style=\"text-align: justify;\"><em>Non voglio pensare che ci sia sotto qualche altro problema, politico o di legalit\u00e0. Mi auguro di no.<\/em><\/p>\n<p style=\"text-align: justify;\"><em>Ma in diversi a Cassano delle Murge in queste ore me lo stanno chiedendo e in tantissimi lo stanno pensando&#8221;.&nbsp;<\/em><\/p>\n<p style=\"text-align: justify;\"><em>&#8220;Per noi del M5S<\/em> &#8211; conclude l&#8217;on. Angiola &#8211; <em>il mandato elettorale si rispetta, salvo gravi motivi. Ma non mi pare che sia questo il caso&#8221;.<\/em><\/p>\n<p>&nbsp;<\/p>\n","protected":false},"excerpt":{"rendered":"","protected":false},"author":1,"featured_media":16575,"comment_status":"open","ping_status":"closed","sticky":false,"template":"","format":"standard","meta":{"colormag_page_container_layout":"default_layout","colormag_page_sidebar_layout":"default_layout","footnotes":""},"categories":[4],"tags":[],"class_list":["post-16576","post","type-post","status-publish","format-standard","has-post-thumbnail","hentry","category-politica"],"yoast_head":"<!-- This site is optimized with the Yoast SEO plugin v27.5 - https:\/\/yoast.com\/product\/yoast-seo-wordpress\/ -->\n<title>Dimissioni Calzetta, Angiola: &quot;nessun rispetto per gli elettori&quot; - Archivio CassanoWeb<\/title>\n<meta name=\"robots\" content=\"index, follow, max-snippet:-1, max-image-preview:large, max-video-preview:-1\" \/>\n<link rel=\"canonical\" href=\"https:\/\/archiviocassano.lavocedelpaese.info\/index.php\/2018\/10\/17\/dimissioni-della-calzetta-nunzio-angiola-qnessun-rispetto-per-gli-elettoriq\/\" \/>\n<meta property=\"og:locale\" content=\"it_IT\" \/>\n<meta property=\"og:type\" content=\"article\" \/>\n<meta property=\"og:title\" content=\"Dimissioni Calzetta, Angiola: &quot;nessun rispetto per gli elettori&quot; - Archivio CassanoWeb\" \/>\n<meta property=\"og:url\" content=\"https:\/\/archiviocassano.lavocedelpaese.info\/index.php\/2018\/10\/17\/dimissioni-della-calzetta-nunzio-angiola-qnessun-rispetto-per-gli-elettoriq\/\" \/>\n<meta property=\"og:site_name\" content=\"Archivio CassanoWeb\" \/>\n<meta property=\"article:publisher\" content=\"https:\/\/www.facebook.com\/redazione.cassanoweb\" \/>\n<meta property=\"article:published_time\" content=\"2018-10-17T12:29:43+00:00\" \/>\n<meta property=\"og:image\" content=\"https:\/\/archiviocassano.lavocedelpaese.info\/wp-content\/uploads\/2018\/10\/angiola_piccolo.jpg\" \/>\n\t<meta property=\"og:image:width\" content=\"165\" \/>\n\t<meta property=\"og:image:height\" content=\"228\" \/>\n\t<meta property=\"og:image:type\" content=\"image\/jpeg\" \/>\n<meta name=\"author\" content=\"admin\" \/>\n<meta name=\"twitter:card\" content=\"summary_large_image\" \/>\n<meta name=\"twitter:label1\" content=\"Scritto da\" \/>\n\t<meta name=\"twitter:data1\" content=\"admin\" \/>\n\t<meta name=\"twitter:label2\" content=\"Tempo di lettura stimato\" \/>\n\t<meta name=\"twitter:data2\" content=\"2 minuti\" \/>\n<script type=\"application\/ld+json\" class=\"yoast-schema-graph\">{\"@context\":\"https:\\\/\\\/schema.org\",\"@graph\":[{\"@type\":\"Article\",\"@id\":\"https:\\\/\\\/archiviocassano.lavocedelpaese.info\\\/index.php\\\/2018\\\/10\\\/17\\\/dimissioni-della-calzetta-nunzio-angiola-qnessun-rispetto-per-gli-elettoriq\\\/#article\",\"isPartOf\":{\"@id\":\"https:\\\/\\\/archiviocassano.lavocedelpaese.info\\\/index.php\\\/2018\\\/10\\\/17\\\/dimissioni-della-calzetta-nunzio-angiola-qnessun-rispetto-per-gli-elettoriq\\\/\"},\"author\":{\"name\":\"admin\",\"@id\":\"https:\\\/\\\/archiviocassano.lavocedelpaese.info\\\/#\\\/schema\\\/person\\\/df195bc79a9b4c35127cf005f92e041b\"},\"headline\":\"Dimissioni Calzetta, Angiola: &#8220;nessun rispetto per gli elettori&#8221;\",\"datePublished\":\"2018-10-17T12:29:43+00:00\",\"mainEntityOfPage\":{\"@id\":\"https:\\\/\\\/archiviocassano.lavocedelpaese.info\\\/index.php\\\/2018\\\/10\\\/17\\\/dimissioni-della-calzetta-nunzio-angiola-qnessun-rispetto-per-gli-elettoriq\\\/\"},\"wordCount\":321,\"commentCount\":0,\"publisher\":{\"@id\":\"https:\\\/\\\/archiviocassano.lavocedelpaese.info\\\/#organization\"},\"image\":{\"@id\":\"https:\\\/\\\/archiviocassano.lavocedelpaese.info\\\/index.php\\\/2018\\\/10\\\/17\\\/dimissioni-della-calzetta-nunzio-angiola-qnessun-rispetto-per-gli-elettoriq\\\/#primaryimage\"},\"thumbnailUrl\":\"https:\\\/\\\/archiviocassano.lavocedelpaese.info\\\/wp-content\\\/uploads\\\/2018\\\/10\\\/angiola_piccolo.jpg\",\"articleSection\":[\"Politica\"],\"inLanguage\":\"it-IT\",\"potentialAction\":[{\"@type\":\"CommentAction\",\"name\":\"Comment\",\"target\":[\"https:\\\/\\\/archiviocassano.lavocedelpaese.info\\\/index.php\\\/2018\\\/10\\\/17\\\/dimissioni-della-calzetta-nunzio-angiola-qnessun-rispetto-per-gli-elettoriq\\\/#respond\"]}]},{\"@type\":\"WebPage\",\"@id\":\"https:\\\/\\\/archiviocassano.lavocedelpaese.info\\\/index.php\\\/2018\\\/10\\\/17\\\/dimissioni-della-calzetta-nunzio-angiola-qnessun-rispetto-per-gli-elettoriq\\\/\",\"url\":\"https:\\\/\\\/archiviocassano.lavocedelpaese.info\\\/index.php\\\/2018\\\/10\\\/17\\\/dimissioni-della-calzetta-nunzio-angiola-qnessun-rispetto-per-gli-elettoriq\\\/\",\"name\":\"Dimissioni Calzetta, Angiola: \\\"nessun rispetto per gli elettori\\\" - Archivio CassanoWeb\",\"isPartOf\":{\"@id\":\"https:\\\/\\\/archiviocassano.lavocedelpaese.info\\\/#website\"},\"primaryImageOfPage\":{\"@id\":\"https:\\\/\\\/archiviocassano.lavocedelpaese.info\\\/index.php\\\/2018\\\/10\\\/17\\\/dimissioni-della-calzetta-nunzio-angiola-qnessun-rispetto-per-gli-elettoriq\\\/#primaryimage\"},\"image\":{\"@id\":\"https:\\\/\\\/archiviocassano.lavocedelpaese.info\\\/index.php\\\/2018\\\/10\\\/17\\\/dimissioni-della-calzetta-nunzio-angiola-qnessun-rispetto-per-gli-elettoriq\\\/#primaryimage\"},\"thumbnailUrl\":\"https:\\\/\\\/archiviocassano.lavocedelpaese.info\\\/wp-content\\\/uploads\\\/2018\\\/10\\\/angiola_piccolo.jpg\",\"datePublished\":\"2018-10-17T12:29:43+00:00\",\"breadcrumb\":{\"@id\":\"https:\\\/\\\/archiviocassano.lavocedelpaese.info\\\/index.php\\\/2018\\\/10\\\/17\\\/dimissioni-della-calzetta-nunzio-angiola-qnessun-rispetto-per-gli-elettoriq\\\/#breadcrumb\"},\"inLanguage\":\"it-IT\",\"potentialAction\":[{\"@type\":\"ReadAction\",\"target\":[\"https:\\\/\\\/archiviocassano.lavocedelpaese.info\\\/index.php\\\/2018\\\/10\\\/17\\\/dimissioni-della-calzetta-nunzio-angiola-qnessun-rispetto-per-gli-elettoriq\\\/\"]}]},{\"@type\":\"ImageObject\",\"inLanguage\":\"it-IT\",\"@id\":\"https:\\\/\\\/archiviocassano.lavocedelpaese.info\\\/index.php\\\/2018\\\/10\\\/17\\\/dimissioni-della-calzetta-nunzio-angiola-qnessun-rispetto-per-gli-elettoriq\\\/#primaryimage\",\"url\":\"https:\\\/\\\/archiviocassano.lavocedelpaese.info\\\/wp-content\\\/uploads\\\/2018\\\/10\\\/angiola_piccolo.jpg\",\"contentUrl\":\"https:\\\/\\\/archiviocassano.lavocedelpaese.info\\\/wp-content\\\/uploads\\\/2018\\\/10\\\/angiola_piccolo.jpg\",\"width\":165,\"height\":228,\"caption\":\"angiola piccolo\"},{\"@type\":\"BreadcrumbList\",\"@id\":\"https:\\\/\\\/archiviocassano.lavocedelpaese.info\\\/index.php\\\/2018\\\/10\\\/17\\\/dimissioni-della-calzetta-nunzio-angiola-qnessun-rispetto-per-gli-elettoriq\\\/#breadcrumb\",\"itemListElement\":[{\"@type\":\"ListItem\",\"position\":1,\"name\":\"Home\",\"item\":\"https:\\\/\\\/archiviocassano.lavocedelpaese.info\\\/\"},{\"@type\":\"ListItem\",\"position\":2,\"name\":\"Dimissioni Calzetta, Angiola: &#8220;nessun rispetto per gli elettori&#8221;\"}]},{\"@type\":\"WebSite\",\"@id\":\"https:\\\/\\\/archiviocassano.lavocedelpaese.info\\\/#website\",\"url\":\"https:\\\/\\\/archiviocassano.lavocedelpaese.info\\\/\",\"name\":\"Archivio CassanoWeb\",\"description\":\"La Voce del Paese - un network di idee\",\"publisher\":{\"@id\":\"https:\\\/\\\/archiviocassano.lavocedelpaese.info\\\/#organization\"},\"potentialAction\":[{\"@type\":\"SearchAction\",\"target\":{\"@type\":\"EntryPoint\",\"urlTemplate\":\"https:\\\/\\\/archiviocassano.lavocedelpaese.info\\\/?s={search_term_string}\"},\"query-input\":{\"@type\":\"PropertyValueSpecification\",\"valueRequired\":true,\"valueName\":\"search_term_string\"}}],\"inLanguage\":\"it-IT\"},{\"@type\":\"Organization\",\"@id\":\"https:\\\/\\\/archiviocassano.lavocedelpaese.info\\\/#organization\",\"name\":\"Archivio CassanoWeb\",\"url\":\"https:\\\/\\\/archiviocassano.lavocedelpaese.info\\\/\",\"logo\":{\"@type\":\"ImageObject\",\"inLanguage\":\"it-IT\",\"@id\":\"https:\\\/\\\/archiviocassano.lavocedelpaese.info\\\/#\\\/schema\\\/logo\\\/image\\\/\",\"url\":\"https:\\\/\\\/archiviocassano.lavocedelpaese.info\\\/wp-content\\\/uploads\\\/2024\\\/08\\\/logo-rosso-2.png\",\"contentUrl\":\"https:\\\/\\\/archiviocassano.lavocedelpaese.info\\\/wp-content\\\/uploads\\\/2024\\\/08\\\/logo-rosso-2.png\",\"width\":491,\"height\":432,\"caption\":\"Archivio CassanoWeb\"},\"image\":{\"@id\":\"https:\\\/\\\/archiviocassano.lavocedelpaese.info\\\/#\\\/schema\\\/logo\\\/image\\\/\"},\"sameAs\":[\"https:\\\/\\\/www.facebook.com\\\/redazione.cassanoweb\"]},{\"@type\":\"Person\",\"@id\":\"https:\\\/\\\/archiviocassano.lavocedelpaese.info\\\/#\\\/schema\\\/person\\\/df195bc79a9b4c35127cf005f92e041b\",\"name\":\"admin\",\"image\":{\"@type\":\"ImageObject\",\"inLanguage\":\"it-IT\",\"@id\":\"https:\\\/\\\/secure.gravatar.com\\\/avatar\\\/eabba89a432e8eaa1b0207cc55f7e5340b22712b1ed80677efcf63e02ff5b235?s=96&d=mm&r=g\",\"url\":\"https:\\\/\\\/secure.gravatar.com\\\/avatar\\\/eabba89a432e8eaa1b0207cc55f7e5340b22712b1ed80677efcf63e02ff5b235?s=96&d=mm&r=g\",\"contentUrl\":\"https:\\\/\\\/secure.gravatar.com\\\/avatar\\\/eabba89a432e8eaa1b0207cc55f7e5340b22712b1ed80677efcf63e02ff5b235?s=96&d=mm&r=g\",\"caption\":\"admin\"},\"sameAs\":[\"https:\\\/\\\/archiviocassano.lavocedelpaese.info\"],\"url\":\"https:\\\/\\\/archiviocassano.lavocedelpaese.info\\\/index.php\\\/author\\\/admin_0qgz1xdp\\\/\"}]}<\/script>\n<!-- \/ Yoast SEO plugin. -->","yoast_head_json":{"title":"Dimissioni Calzetta, Angiola: \"nessun rispetto per gli elettori\" - Archivio CassanoWeb","robots":{"index":"index","follow":"follow","max-snippet":"max-snippet:-1","max-image-preview":"max-image-preview:large","max-video-preview":"max-video-preview:-1"},"canonical":"https:\/\/archiviocassano.lavocedelpaese.info\/index.php\/2018\/10\/17\/dimissioni-della-calzetta-nunzio-angiola-qnessun-rispetto-per-gli-elettoriq\/","og_locale":"it_IT","og_type":"article","og_title":"Dimissioni Calzetta, Angiola: \"nessun rispetto per gli elettori\" - Archivio CassanoWeb","og_url":"https:\/\/archiviocassano.lavocedelpaese.info\/index.php\/2018\/10\/17\/dimissioni-della-calzetta-nunzio-angiola-qnessun-rispetto-per-gli-elettoriq\/","og_site_name":"Archivio CassanoWeb","article_publisher":"https:\/\/www.facebook.com\/redazione.cassanoweb","article_published_time":"2018-10-17T12:29:43+00:00","og_image":[{"width":165,"height":228,"url":"https:\/\/archiviocassano.lavocedelpaese.info\/wp-content\/uploads\/2018\/10\/angiola_piccolo.jpg","type":"image\/jpeg"}],"author":"admin","twitter_card":"summary_large_image","twitter_misc":{"Scritto da":"admin","Tempo di lettura stimato":"2 minuti"},"schema":{"@context":"https:\/\/schema.org","@graph":[{"@type":"Article","@id":"https:\/\/archiviocassano.lavocedelpaese.info\/index.php\/2018\/10\/17\/dimissioni-della-calzetta-nunzio-angiola-qnessun-rispetto-per-gli-elettoriq\/#article","isPartOf":{"@id":"https:\/\/archiviocassano.lavocedelpaese.info\/index.php\/2018\/10\/17\/dimissioni-della-calzetta-nunzio-angiola-qnessun-rispetto-per-gli-elettoriq\/"},"author":{"name":"admin","@id":"https:\/\/archiviocassano.lavocedelpaese.info\/#\/schema\/person\/df195bc79a9b4c35127cf005f92e041b"},"headline":"Dimissioni Calzetta, Angiola: &#8220;nessun rispetto per gli elettori&#8221;","datePublished":"2018-10-17T12:29:43+00:00","mainEntityOfPage":{"@id":"https:\/\/archiviocassano.lavocedelpaese.info\/index.php\/2018\/10\/17\/dimissioni-della-calzetta-nunzio-angiola-qnessun-rispetto-per-gli-elettoriq\/"},"wordCount":321,"commentCount":0,"publisher":{"@id":"https:\/\/archiviocassano.lavocedelpaese.info\/#organization"},"image":{"@id":"https:\/\/archiviocassano.lavocedelpaese.info\/index.php\/2018\/10\/17\/dimissioni-della-calzetta-nunzio-angiola-qnessun-rispetto-per-gli-elettoriq\/#primaryimage"},"thumbnailUrl":"https:\/\/archiviocassano.lavocedelpaese.info\/wp-content\/uploads\/2018\/10\/angiola_piccolo.jpg","articleSection":["Politica"],"inLanguage":"it-IT","potentialAction":[{"@type":"CommentAction","name":"Comment","target":["https:\/\/archiviocassano.lavocedelpaese.info\/index.php\/2018\/10\/17\/dimissioni-della-calzetta-nunzio-angiola-qnessun-rispetto-per-gli-elettoriq\/#respond"]}]},{"@type":"WebPage","@id":"https:\/\/archiviocassano.lavocedelpaese.info\/index.php\/2018\/10\/17\/dimissioni-della-calzetta-nunzio-angiola-qnessun-rispetto-per-gli-elettoriq\/","url":"https:\/\/archiviocassano.lavocedelpaese.info\/index.php\/2018\/10\/17\/dimissioni-della-calzetta-nunzio-angiola-qnessun-rispetto-per-gli-elettoriq\/","name":"Dimissioni Calzetta, Angiola: \"nessun rispetto per gli elettori\" - Archivio CassanoWeb","isPartOf":{"@id":"https:\/\/archiviocassano.lavocedelpaese.info\/#website"},"primaryImageOfPage":{"@id":"https:\/\/archiviocassano.lavocedelpaese.info\/index.php\/2018\/10\/17\/dimissioni-della-calzetta-nunzio-angiola-qnessun-rispetto-per-gli-elettoriq\/#primaryimage"},"image":{"@id":"https:\/\/archiviocassano.lavocedelpaese.info\/index.php\/2018\/10\/17\/dimissioni-della-calzetta-nunzio-angiola-qnessun-rispetto-per-gli-elettoriq\/#primaryimage"},"thumbnailUrl":"https:\/\/archiviocassano.lavocedelpaese.info\/wp-content\/uploads\/2018\/10\/angiola_piccolo.jpg","datePublished":"2018-10-17T12:29:43+00:00","breadcrumb":{"@id":"https:\/\/archiviocassano.lavocedelpaese.info\/index.php\/2018\/10\/17\/dimissioni-della-calzetta-nunzio-angiola-qnessun-rispetto-per-gli-elettoriq\/#breadcrumb"},"inLanguage":"it-IT","potentialAction":[{"@type":"ReadAction","target":["https:\/\/archiviocassano.lavocedelpaese.info\/index.php\/2018\/10\/17\/dimissioni-della-calzetta-nunzio-angiola-qnessun-rispetto-per-gli-elettoriq\/"]}]},{"@type":"ImageObject","inLanguage":"it-IT","@id":"https:\/\/archiviocassano.lavocedelpaese.info\/index.php\/2018\/10\/17\/dimissioni-della-calzetta-nunzio-angiola-qnessun-rispetto-per-gli-elettoriq\/#primaryimage","url":"https:\/\/archiviocassano.lavocedelpaese.info\/wp-content\/uploads\/2018\/10\/angiola_piccolo.jpg","contentUrl":"https:\/\/archiviocassano.lavocedelpaese.info\/wp-content\/uploads\/2018\/10\/angiola_piccolo.jpg","width":165,"height":228,"caption":"angiola piccolo"},{"@type":"BreadcrumbList","@id":"https:\/\/archiviocassano.lavocedelpaese.info\/index.php\/2018\/10\/17\/dimissioni-della-calzetta-nunzio-angiola-qnessun-rispetto-per-gli-elettoriq\/#breadcrumb","itemListElement":[{"@type":"ListItem","position":1,"name":"Home","item":"https:\/\/archiviocassano.lavocedelpaese.info\/"},{"@type":"ListItem","position":2,"name":"Dimissioni Calzetta, Angiola: &#8220;nessun rispetto per gli elettori&#8221;"}]},{"@type":"WebSite","@id":"https:\/\/archiviocassano.lavocedelpaese.info\/#website","url":"https:\/\/archiviocassano.lavocedelpaese.info\/","name":"Archivio CassanoWeb","description":"La Voce del Paese - un network di idee","publisher":{"@id":"https:\/\/archiviocassano.lavocedelpaese.info\/#organization"},"potentialAction":[{"@type":"SearchAction","target":{"@type":"EntryPoint","urlTemplate":"https:\/\/archiviocassano.lavocedelpaese.info\/?s={search_term_string}"},"query-input":{"@type":"PropertyValueSpecification","valueRequired":true,"valueName":"search_term_string"}}],"inLanguage":"it-IT"},{"@type":"Organization","@id":"https:\/\/archiviocassano.lavocedelpaese.info\/#organization","name":"Archivio CassanoWeb","url":"https:\/\/archiviocassano.lavocedelpaese.info\/","logo":{"@type":"ImageObject","inLanguage":"it-IT","@id":"https:\/\/archiviocassano.lavocedelpaese.info\/#\/schema\/logo\/image\/","url":"https:\/\/archiviocassano.lavocedelpaese.info\/wp-content\/uploads\/2024\/08\/logo-rosso-2.png","contentUrl":"https:\/\/archiviocassano.lavocedelpaese.info\/wp-content\/uploads\/2024\/08\/logo-rosso-2.png","width":491,"height":432,"caption":"Archivio CassanoWeb"},"image":{"@id":"https:\/\/archiviocassano.lavocedelpaese.info\/#\/schema\/logo\/image\/"},"sameAs":["https:\/\/www.facebook.com\/redazione.cassanoweb"]},{"@type":"Person","@id":"https:\/\/archiviocassano.lavocedelpaese.info\/#\/schema\/person\/df195bc79a9b4c35127cf005f92e041b","name":"admin","image":{"@type":"ImageObject","inLanguage":"it-IT","@id":"https:\/\/secure.gravatar.com\/avatar\/eabba89a432e8eaa1b0207cc55f7e5340b22712b1ed80677efcf63e02ff5b235?s=96&d=mm&r=g","url":"https:\/\/secure.gravatar.com\/avatar\/eabba89a432e8eaa1b0207cc55f7e5340b22712b1ed80677efcf63e02ff5b235?s=96&d=mm&r=g","contentUrl":"https:\/\/secure.gravatar.com\/avatar\/eabba89a432e8eaa1b0207cc55f7e5340b22712b1ed80677efcf63e02ff5b235?s=96&d=mm&r=g","caption":"admin"},"sameAs":["https:\/\/archiviocassano.lavocedelpaese.info"],"url":"https:\/\/archiviocassano.lavocedelpaese.info\/index.php\/author\/admin_0qgz1xdp\/"}]}},"_links":{"self":[{"href":"https:\/\/archiviocassano.lavocedelpaese.info\/index.php\/wp-json\/wp\/v2\/posts\/16576","targetHints":{"allow":["GET"]}}],"collection":[{"href":"https:\/\/archiviocassano.lavocedelpaese.info\/index.php\/wp-json\/wp\/v2\/posts"}],"about":[{"href":"https:\/\/archiviocassano.lavocedelpaese.info\/index.php\/wp-json\/wp\/v2\/types\/post"}],"author":[{"embeddable":true,"href":"https:\/\/archiviocassano.lavocedelpaese.info\/index.php\/wp-json\/wp\/v2\/users\/1"}],"replies":[{"embeddable":true,"href":"https:\/\/archiviocassano.lavocedelpaese.info\/index.php\/wp-json\/wp\/v2\/comments?post=16576"}],"version-history":[{"count":0,"href":"https:\/\/archiviocassano.lavocedelpaese.info\/index.php\/wp-json\/wp\/v2\/posts\/16576\/revisions"}],"wp:featuredmedia":[{"embeddable":true,"href":"https:\/\/archiviocassano.lavocedelpaese.info\/index.php\/wp-json\/wp\/v2\/media\/16575"}],"wp:attachment":[{"href":"https:\/\/archiviocassano.lavocedelpaese.info\/index.php\/wp-json\/wp\/v2\/media?parent=16576"}],"wp:term":[{"taxonomy":"category","embeddable":true,"href":"https:\/\/archiviocassano.lavocedelpaese.info\/index.php\/wp-json\/wp\/v2\/categories?post=16576"},{"taxonomy":"post_tag","embeddable":true,"href":"https:\/\/archiviocassano.lavocedelpaese.info\/index.php\/wp-json\/wp\/v2\/tags?post=16576"}],"curies":[{"name":"wp","href":"https:\/\/api.w.org\/{rel}","templated":true}]}}