{"id":16734,"date":"2018-11-13T09:26:59","date_gmt":"2018-11-13T09:26:59","guid":{"rendered":"https:\/\/archiviocassano.lavocedelpaese.info\/index.php\/2018\/11\/13\/volarig-e-rella-al-mundialito-con-la-nazionale-italiana\/"},"modified":"2018-11-13T09:26:59","modified_gmt":"2018-11-13T09:26:59","slug":"volarig-e-rella-al-mundialito-con-la-nazionale-italiana","status":"publish","type":"post","link":"https:\/\/archiviocassano.lavocedelpaese.info\/index.php\/2018\/11\/13\/volarig-e-rella-al-mundialito-con-la-nazionale-italiana\/","title":{"rendered":"Volarig e Rella al \u201cMundialito\u201d con la Nazionale Italiana"},"content":{"rendered":"<p><img loading=\"lazy\" decoding=\"async\" class=\" size-full wp-image-16733\" src=\"https:\/\/archiviocassano.lavocedelpaese.info\/wp-content\/uploads\/2018\/11\/piermarco_volarig_e_mirko_rella_1.jpg\" width=\"320\" height=\"191\" alt=\"piermarco volarig e mirko rella 1\" style=\"margin-right: 2px; margin-left: 2px;\" srcset=\"https:\/\/archiviocassano.lavocedelpaese.info\/wp-content\/uploads\/2018\/11\/piermarco_volarig_e_mirko_rella_1.jpg 453w, https:\/\/archiviocassano.lavocedelpaese.info\/wp-content\/uploads\/2018\/11\/piermarco_volarig_e_mirko_rella_1-300x179.jpg 300w\" sizes=\"auto, (max-width: 320px) 100vw, 320px\" \/><\/p>\n<p><!--more--><\/p>\n<p><p>Che l\u2019Atletico Cassano sia ormai una realt\u00e0 consolidata nel quadro del futsal nazionale \u00e8 un dato di fatto: negli ultimi anni la societ\u00e0 del Direttore Generale Mimmo Vitulli, vero motore dell\u2019associazione sportiva dilettantistica, ha regalato non poche soddisfazioni agli appassionati di sport cassanesi e non solo.<\/p>\n<p>Al di l\u00e0, per\u00f2, dei risultati che l\u2019Atletico Cassano sta ottenendo sul campo, i pellicani possono vantare un ulteriore fiore all\u2019occhiello: l\u2019attenzione al territorio e ai giovani per costruire un futuro radioso nel mondo di questo affascinante sport.<\/p>\n<p>Ultima soddisfazione, in ordine di tempo, \u00e8 la convocazione di due ragazzi dell\u2019Under 19, il cassanese Piermarco Volarig e il barese Mirko Rella, con la nazionale italiana FIFS (Federazione Italiana Football Sala che l\u2019anno scorso ha premiato con il pallone d\u2019oro un\u2019altra \u201ccolonna\u201d biancoceleste come Alem\u00e3o Glaeser) per il \u201cMundialito\u201d, la Coppa del Mondo Under 20 dell\u2019Ascociaci\u00f2n Mundial de Futsal, che si svolger\u00e0 a Valledupar in Colombia dal 17 al 26 novembre prossimi.<\/p>\n<p><strong>Piermarco Volarig<\/strong>, classe 1999, \u00e8 da qualche anno tra i protagonisti dell\u2019Under 19 biancoceleste e vanta anche l\u2019esordio e un gol in Serie B con la prima squadra. Da quest\u2019anno Volarig, fratello d\u2019arte (Ermanno Volarig ha disputato con l\u2019Atletico Cassano i campionati di Serie C2, C1 e B), \u00e8 anche capitano dell\u2019Under 19. Per lui, afferma, questa sar\u00e0 \u00ab<i>un\u2019esperienza molto bella, importante e significativa. Rappresentiamo una nazione! Sono davvero molto contento di poter partecipare al Mundialito e spero di riuscire a sfruttare questa opportunit\u00e0 dando tutto me stesso. Giocher\u00f2 sfruttando a pieno le mie energie e le mie potenzialit\u00e0<\/i>\u00bb.<\/p>\n<p><strong>Mirko Rella<\/strong>, classe 2001, \u00e8 una scoperta di mister Ezio Pellecchia ed \u00e8 diventato un elemento fondamentale dell\u2019Under 19. Anche per lui, nella passata stagione, l\u2019esordio in Serie B con la prima squadra con cui, da quest\u2019anno, si allena in pianta stabile: \u00ab<i>poter difendere i colori della nazionale italiana \u00e8 un\u2019emozione unica. Dobbiamo dimostrare quanto valgono per noi quei colori che ci appartengono. Sar\u00e0 un mondiale pieno di esperienze positive e spero di riuscire a dimostrare quanto vale la maglia della Nazionale<\/i>\u00bb.<\/p>\n<p>Rella e Volarig, che a febbraio 2018 hanno partecipato anche alle partite di qualificazione (e proprio il cassanese Volarig \u00e8 stato determinante per consentire all\u2019Italia di strappare il pass per il Mundialito grazie al gol vittoria segnato contro la Francia), si aggregheranno ai compagni e a mister Alessio Arezzi gioved\u00ec 15 a Milano per una rifinitura prima della partenza alla volta della Colombia che avverr\u00e0 venerd\u00ec 16 novembre. L\u2019arrivo a Valledupar \u00e8 previsto per sabato 17 e luned\u00ec 19 novembre, alle ore 18:00 (le 12:00 in Italia) sfideranno i vicecampioni del Mondo del Paraguay. A completare il girone in cui \u00e8 inserita l\u2019Italia ci sono Stati Uniti (marted\u00ec 20 alle ore 13:30, le 7:30 in Italia) e Brasile (mercoled\u00ec 21 alle ore 16:00, le 10:00 in Italia). La diretta streaming delle partite degli Azzurrini sar\u00e0 visibile su www.senalcolombia.tv.<\/p>\n<p>Quale sar\u00e0 il cammino dell\u2019Italia in questo Mundialito? Per Volarig non c\u2019\u00e8 dubbio: \u00ab<i>giocheremo partita dopo partita come se disputassimo ogni volta una finale. Solo cos\u00ec potremo toglierci qualche soddisfazione<\/i>\u00bb.<\/p>\n<p>Orgoglio e soddisfazione \u00e8 quanto esprime anche il DG Mimmo Vitulli: \u00ab<i>per questi due ragazzi sar\u00e0 sicuramente un momento di crescita, considerando che non capita certo tutti i giorni di fare un\u2019esperienza del genere: un\u2019esperienza di crescita personale e sportiva unica. Il nostro obiettivo \u00e8 quello di guardare alla crescita dei ragazzi e quest\u2019anno lo abbiamo confermato strutturando un settore giovanile che comprende Under 19, Allievi ed Esordienti. \u00c8 importante che ci sia questo percorso di crescita, che i ragazzi si avvicinino, si appassionino a questo sport perch\u00e9 riteniamo sia importante dal punto di vista sociale, se consideriamo che lo sport \u00e8 comunque un momento di aggregazione, ma anche perch\u00e9 contiamo di poter portare sul palcoscenico della prima squadra anche ragazzi che sono cresciuti nel nostro settore giovanile, come sta gi\u00e0 accadendo quest\u2019anno<\/i>\u00bb.<\/p>\n<p>Vera \u201cchioccia\u201d, infine, per questi due ragazzi, ma anche per tutti i giovani biancocelesti \u00e8 Alem\u00e3o Glaeser che nella Nazionale FIFS vanta diverse presenze: \u00ab<i>sono i miei piccoli fenomeni<\/i> &#8211; afferma l\u2019italo-brasiliano &#8211; <i>Ci tengo tanto a loro due. Seguo Piermarco <\/i>[Volarig, n.d.r.] <i>ormai da tre anni e vedo la sua crescita calcistica e personale. Mirko <\/i>[Rella, n.d.r.]<i>, invece, ho avuto il piacere di allenarlo l\u2019anno scorso con gli Allievi e di apprezzare la sua grande personalit\u00e0 in mezzo al campo. Non si arrende mai! Quando il mister della Nazionale FIFS Under 20 mi ha chiesto due laterali offensivi\/pivot non ho esitato a fare i loro nomi. Poi \u00e8 stato tutto merito loro: si sono fatti valere e hanno dimostrato il loro talento. Sanno che sono il loro primo tifoso e che sono orgoglioso di ci\u00f2 che stanno facendo<\/i>\u00bb, conclude il numero 27 dell\u2019Atletico Cassano.<\/p>\n<p>&nbsp;<\/p>\n","protected":false},"excerpt":{"rendered":"","protected":false},"author":1,"featured_media":16733,"comment_status":"open","ping_status":"closed","sticky":false,"template":"","format":"standard","meta":{"colormag_page_container_layout":"default_layout","colormag_page_sidebar_layout":"default_layout","footnotes":""},"categories":[5],"tags":[],"class_list":["post-16734","post","type-post","status-publish","format-standard","has-post-thumbnail","hentry","category-sport"],"yoast_head":"<!-- This site is optimized with the Yoast SEO plugin v27.5 - https:\/\/yoast.com\/product\/yoast-seo-wordpress\/ -->\n<title>Volarig e Rella al \u201cMundialito\u201d con la Nazionale Italiana - Archivio CassanoWeb<\/title>\n<meta name=\"robots\" content=\"index, follow, max-snippet:-1, max-image-preview:large, max-video-preview:-1\" \/>\n<link rel=\"canonical\" href=\"https:\/\/archiviocassano.lavocedelpaese.info\/index.php\/2018\/11\/13\/volarig-e-rella-al-mundialito-con-la-nazionale-italiana\/\" \/>\n<meta property=\"og:locale\" content=\"it_IT\" \/>\n<meta property=\"og:type\" content=\"article\" \/>\n<meta property=\"og:title\" content=\"Volarig e Rella al \u201cMundialito\u201d con la Nazionale Italiana - Archivio CassanoWeb\" \/>\n<meta property=\"og:url\" content=\"https:\/\/archiviocassano.lavocedelpaese.info\/index.php\/2018\/11\/13\/volarig-e-rella-al-mundialito-con-la-nazionale-italiana\/\" \/>\n<meta property=\"og:site_name\" content=\"Archivio CassanoWeb\" \/>\n<meta property=\"article:publisher\" content=\"https:\/\/www.facebook.com\/redazione.cassanoweb\" \/>\n<meta property=\"article:published_time\" content=\"2018-11-13T09:26:59+00:00\" \/>\n<meta property=\"og:image\" content=\"https:\/\/archiviocassano.lavocedelpaese.info\/wp-content\/uploads\/2018\/11\/piermarco_volarig_e_mirko_rella_1.jpg\" \/>\n\t<meta property=\"og:image:width\" content=\"453\" \/>\n\t<meta property=\"og:image:height\" content=\"271\" \/>\n\t<meta property=\"og:image:type\" content=\"image\/jpeg\" \/>\n<meta name=\"author\" content=\"admin\" \/>\n<meta name=\"twitter:card\" content=\"summary_large_image\" \/>\n<meta name=\"twitter:label1\" content=\"Scritto da\" \/>\n\t<meta name=\"twitter:data1\" content=\"admin\" \/>\n\t<meta name=\"twitter:label2\" content=\"Tempo di lettura stimato\" \/>\n\t<meta name=\"twitter:data2\" content=\"4 minuti\" \/>\n<script type=\"application\/ld+json\" class=\"yoast-schema-graph\">{\"@context\":\"https:\\\/\\\/schema.org\",\"@graph\":[{\"@type\":\"Article\",\"@id\":\"https:\\\/\\\/archiviocassano.lavocedelpaese.info\\\/index.php\\\/2018\\\/11\\\/13\\\/volarig-e-rella-al-mundialito-con-la-nazionale-italiana\\\/#article\",\"isPartOf\":{\"@id\":\"https:\\\/\\\/archiviocassano.lavocedelpaese.info\\\/index.php\\\/2018\\\/11\\\/13\\\/volarig-e-rella-al-mundialito-con-la-nazionale-italiana\\\/\"},\"author\":{\"name\":\"admin\",\"@id\":\"https:\\\/\\\/archiviocassano.lavocedelpaese.info\\\/#\\\/schema\\\/person\\\/df195bc79a9b4c35127cf005f92e041b\"},\"headline\":\"Volarig e Rella al \u201cMundialito\u201d con la Nazionale Italiana\",\"datePublished\":\"2018-11-13T09:26:59+00:00\",\"mainEntityOfPage\":{\"@id\":\"https:\\\/\\\/archiviocassano.lavocedelpaese.info\\\/index.php\\\/2018\\\/11\\\/13\\\/volarig-e-rella-al-mundialito-con-la-nazionale-italiana\\\/\"},\"wordCount\":795,\"commentCount\":0,\"publisher\":{\"@id\":\"https:\\\/\\\/archiviocassano.lavocedelpaese.info\\\/#organization\"},\"image\":{\"@id\":\"https:\\\/\\\/archiviocassano.lavocedelpaese.info\\\/index.php\\\/2018\\\/11\\\/13\\\/volarig-e-rella-al-mundialito-con-la-nazionale-italiana\\\/#primaryimage\"},\"thumbnailUrl\":\"https:\\\/\\\/archiviocassano.lavocedelpaese.info\\\/wp-content\\\/uploads\\\/2018\\\/11\\\/piermarco_volarig_e_mirko_rella_1.jpg\",\"articleSection\":[\"Sport\"],\"inLanguage\":\"it-IT\",\"potentialAction\":[{\"@type\":\"CommentAction\",\"name\":\"Comment\",\"target\":[\"https:\\\/\\\/archiviocassano.lavocedelpaese.info\\\/index.php\\\/2018\\\/11\\\/13\\\/volarig-e-rella-al-mundialito-con-la-nazionale-italiana\\\/#respond\"]}]},{\"@type\":\"WebPage\",\"@id\":\"https:\\\/\\\/archiviocassano.lavocedelpaese.info\\\/index.php\\\/2018\\\/11\\\/13\\\/volarig-e-rella-al-mundialito-con-la-nazionale-italiana\\\/\",\"url\":\"https:\\\/\\\/archiviocassano.lavocedelpaese.info\\\/index.php\\\/2018\\\/11\\\/13\\\/volarig-e-rella-al-mundialito-con-la-nazionale-italiana\\\/\",\"name\":\"Volarig e Rella al \u201cMundialito\u201d con la Nazionale Italiana - Archivio CassanoWeb\",\"isPartOf\":{\"@id\":\"https:\\\/\\\/archiviocassano.lavocedelpaese.info\\\/#website\"},\"primaryImageOfPage\":{\"@id\":\"https:\\\/\\\/archiviocassano.lavocedelpaese.info\\\/index.php\\\/2018\\\/11\\\/13\\\/volarig-e-rella-al-mundialito-con-la-nazionale-italiana\\\/#primaryimage\"},\"image\":{\"@id\":\"https:\\\/\\\/archiviocassano.lavocedelpaese.info\\\/index.php\\\/2018\\\/11\\\/13\\\/volarig-e-rella-al-mundialito-con-la-nazionale-italiana\\\/#primaryimage\"},\"thumbnailUrl\":\"https:\\\/\\\/archiviocassano.lavocedelpaese.info\\\/wp-content\\\/uploads\\\/2018\\\/11\\\/piermarco_volarig_e_mirko_rella_1.jpg\",\"datePublished\":\"2018-11-13T09:26:59+00:00\",\"breadcrumb\":{\"@id\":\"https:\\\/\\\/archiviocassano.lavocedelpaese.info\\\/index.php\\\/2018\\\/11\\\/13\\\/volarig-e-rella-al-mundialito-con-la-nazionale-italiana\\\/#breadcrumb\"},\"inLanguage\":\"it-IT\",\"potentialAction\":[{\"@type\":\"ReadAction\",\"target\":[\"https:\\\/\\\/archiviocassano.lavocedelpaese.info\\\/index.php\\\/2018\\\/11\\\/13\\\/volarig-e-rella-al-mundialito-con-la-nazionale-italiana\\\/\"]}]},{\"@type\":\"ImageObject\",\"inLanguage\":\"it-IT\",\"@id\":\"https:\\\/\\\/archiviocassano.lavocedelpaese.info\\\/index.php\\\/2018\\\/11\\\/13\\\/volarig-e-rella-al-mundialito-con-la-nazionale-italiana\\\/#primaryimage\",\"url\":\"https:\\\/\\\/archiviocassano.lavocedelpaese.info\\\/wp-content\\\/uploads\\\/2018\\\/11\\\/piermarco_volarig_e_mirko_rella_1.jpg\",\"contentUrl\":\"https:\\\/\\\/archiviocassano.lavocedelpaese.info\\\/wp-content\\\/uploads\\\/2018\\\/11\\\/piermarco_volarig_e_mirko_rella_1.jpg\",\"width\":453,\"height\":271,\"caption\":\"piermarco volarig e mirko rella 1\"},{\"@type\":\"BreadcrumbList\",\"@id\":\"https:\\\/\\\/archiviocassano.lavocedelpaese.info\\\/index.php\\\/2018\\\/11\\\/13\\\/volarig-e-rella-al-mundialito-con-la-nazionale-italiana\\\/#breadcrumb\",\"itemListElement\":[{\"@type\":\"ListItem\",\"position\":1,\"name\":\"Home\",\"item\":\"https:\\\/\\\/archiviocassano.lavocedelpaese.info\\\/\"},{\"@type\":\"ListItem\",\"position\":2,\"name\":\"Volarig e Rella al \u201cMundialito\u201d con la Nazionale Italiana\"}]},{\"@type\":\"WebSite\",\"@id\":\"https:\\\/\\\/archiviocassano.lavocedelpaese.info\\\/#website\",\"url\":\"https:\\\/\\\/archiviocassano.lavocedelpaese.info\\\/\",\"name\":\"Archivio CassanoWeb\",\"description\":\"La Voce del Paese - un network di idee\",\"publisher\":{\"@id\":\"https:\\\/\\\/archiviocassano.lavocedelpaese.info\\\/#organization\"},\"potentialAction\":[{\"@type\":\"SearchAction\",\"target\":{\"@type\":\"EntryPoint\",\"urlTemplate\":\"https:\\\/\\\/archiviocassano.lavocedelpaese.info\\\/?s={search_term_string}\"},\"query-input\":{\"@type\":\"PropertyValueSpecification\",\"valueRequired\":true,\"valueName\":\"search_term_string\"}}],\"inLanguage\":\"it-IT\"},{\"@type\":\"Organization\",\"@id\":\"https:\\\/\\\/archiviocassano.lavocedelpaese.info\\\/#organization\",\"name\":\"Archivio CassanoWeb\",\"url\":\"https:\\\/\\\/archiviocassano.lavocedelpaese.info\\\/\",\"logo\":{\"@type\":\"ImageObject\",\"inLanguage\":\"it-IT\",\"@id\":\"https:\\\/\\\/archiviocassano.lavocedelpaese.info\\\/#\\\/schema\\\/logo\\\/image\\\/\",\"url\":\"https:\\\/\\\/archiviocassano.lavocedelpaese.info\\\/wp-content\\\/uploads\\\/2024\\\/08\\\/logo-rosso-2.png\",\"contentUrl\":\"https:\\\/\\\/archiviocassano.lavocedelpaese.info\\\/wp-content\\\/uploads\\\/2024\\\/08\\\/logo-rosso-2.png\",\"width\":491,\"height\":432,\"caption\":\"Archivio CassanoWeb\"},\"image\":{\"@id\":\"https:\\\/\\\/archiviocassano.lavocedelpaese.info\\\/#\\\/schema\\\/logo\\\/image\\\/\"},\"sameAs\":[\"https:\\\/\\\/www.facebook.com\\\/redazione.cassanoweb\"]},{\"@type\":\"Person\",\"@id\":\"https:\\\/\\\/archiviocassano.lavocedelpaese.info\\\/#\\\/schema\\\/person\\\/df195bc79a9b4c35127cf005f92e041b\",\"name\":\"admin\",\"image\":{\"@type\":\"ImageObject\",\"inLanguage\":\"it-IT\",\"@id\":\"https:\\\/\\\/secure.gravatar.com\\\/avatar\\\/eabba89a432e8eaa1b0207cc55f7e5340b22712b1ed80677efcf63e02ff5b235?s=96&d=mm&r=g\",\"url\":\"https:\\\/\\\/secure.gravatar.com\\\/avatar\\\/eabba89a432e8eaa1b0207cc55f7e5340b22712b1ed80677efcf63e02ff5b235?s=96&d=mm&r=g\",\"contentUrl\":\"https:\\\/\\\/secure.gravatar.com\\\/avatar\\\/eabba89a432e8eaa1b0207cc55f7e5340b22712b1ed80677efcf63e02ff5b235?s=96&d=mm&r=g\",\"caption\":\"admin\"},\"sameAs\":[\"https:\\\/\\\/archiviocassano.lavocedelpaese.info\"],\"url\":\"https:\\\/\\\/archiviocassano.lavocedelpaese.info\\\/index.php\\\/author\\\/admin_0qgz1xdp\\\/\"}]}<\/script>\n<!-- \/ Yoast SEO plugin. -->","yoast_head_json":{"title":"Volarig e Rella al \u201cMundialito\u201d con la Nazionale Italiana - Archivio CassanoWeb","robots":{"index":"index","follow":"follow","max-snippet":"max-snippet:-1","max-image-preview":"max-image-preview:large","max-video-preview":"max-video-preview:-1"},"canonical":"https:\/\/archiviocassano.lavocedelpaese.info\/index.php\/2018\/11\/13\/volarig-e-rella-al-mundialito-con-la-nazionale-italiana\/","og_locale":"it_IT","og_type":"article","og_title":"Volarig e Rella al \u201cMundialito\u201d con la Nazionale Italiana - Archivio CassanoWeb","og_url":"https:\/\/archiviocassano.lavocedelpaese.info\/index.php\/2018\/11\/13\/volarig-e-rella-al-mundialito-con-la-nazionale-italiana\/","og_site_name":"Archivio CassanoWeb","article_publisher":"https:\/\/www.facebook.com\/redazione.cassanoweb","article_published_time":"2018-11-13T09:26:59+00:00","og_image":[{"width":453,"height":271,"url":"https:\/\/archiviocassano.lavocedelpaese.info\/wp-content\/uploads\/2018\/11\/piermarco_volarig_e_mirko_rella_1.jpg","type":"image\/jpeg"}],"author":"admin","twitter_card":"summary_large_image","twitter_misc":{"Scritto da":"admin","Tempo di lettura stimato":"4 minuti"},"schema":{"@context":"https:\/\/schema.org","@graph":[{"@type":"Article","@id":"https:\/\/archiviocassano.lavocedelpaese.info\/index.php\/2018\/11\/13\/volarig-e-rella-al-mundialito-con-la-nazionale-italiana\/#article","isPartOf":{"@id":"https:\/\/archiviocassano.lavocedelpaese.info\/index.php\/2018\/11\/13\/volarig-e-rella-al-mundialito-con-la-nazionale-italiana\/"},"author":{"name":"admin","@id":"https:\/\/archiviocassano.lavocedelpaese.info\/#\/schema\/person\/df195bc79a9b4c35127cf005f92e041b"},"headline":"Volarig e Rella al \u201cMundialito\u201d con la Nazionale Italiana","datePublished":"2018-11-13T09:26:59+00:00","mainEntityOfPage":{"@id":"https:\/\/archiviocassano.lavocedelpaese.info\/index.php\/2018\/11\/13\/volarig-e-rella-al-mundialito-con-la-nazionale-italiana\/"},"wordCount":795,"commentCount":0,"publisher":{"@id":"https:\/\/archiviocassano.lavocedelpaese.info\/#organization"},"image":{"@id":"https:\/\/archiviocassano.lavocedelpaese.info\/index.php\/2018\/11\/13\/volarig-e-rella-al-mundialito-con-la-nazionale-italiana\/#primaryimage"},"thumbnailUrl":"https:\/\/archiviocassano.lavocedelpaese.info\/wp-content\/uploads\/2018\/11\/piermarco_volarig_e_mirko_rella_1.jpg","articleSection":["Sport"],"inLanguage":"it-IT","potentialAction":[{"@type":"CommentAction","name":"Comment","target":["https:\/\/archiviocassano.lavocedelpaese.info\/index.php\/2018\/11\/13\/volarig-e-rella-al-mundialito-con-la-nazionale-italiana\/#respond"]}]},{"@type":"WebPage","@id":"https:\/\/archiviocassano.lavocedelpaese.info\/index.php\/2018\/11\/13\/volarig-e-rella-al-mundialito-con-la-nazionale-italiana\/","url":"https:\/\/archiviocassano.lavocedelpaese.info\/index.php\/2018\/11\/13\/volarig-e-rella-al-mundialito-con-la-nazionale-italiana\/","name":"Volarig e Rella al \u201cMundialito\u201d con la Nazionale Italiana - Archivio CassanoWeb","isPartOf":{"@id":"https:\/\/archiviocassano.lavocedelpaese.info\/#website"},"primaryImageOfPage":{"@id":"https:\/\/archiviocassano.lavocedelpaese.info\/index.php\/2018\/11\/13\/volarig-e-rella-al-mundialito-con-la-nazionale-italiana\/#primaryimage"},"image":{"@id":"https:\/\/archiviocassano.lavocedelpaese.info\/index.php\/2018\/11\/13\/volarig-e-rella-al-mundialito-con-la-nazionale-italiana\/#primaryimage"},"thumbnailUrl":"https:\/\/archiviocassano.lavocedelpaese.info\/wp-content\/uploads\/2018\/11\/piermarco_volarig_e_mirko_rella_1.jpg","datePublished":"2018-11-13T09:26:59+00:00","breadcrumb":{"@id":"https:\/\/archiviocassano.lavocedelpaese.info\/index.php\/2018\/11\/13\/volarig-e-rella-al-mundialito-con-la-nazionale-italiana\/#breadcrumb"},"inLanguage":"it-IT","potentialAction":[{"@type":"ReadAction","target":["https:\/\/archiviocassano.lavocedelpaese.info\/index.php\/2018\/11\/13\/volarig-e-rella-al-mundialito-con-la-nazionale-italiana\/"]}]},{"@type":"ImageObject","inLanguage":"it-IT","@id":"https:\/\/archiviocassano.lavocedelpaese.info\/index.php\/2018\/11\/13\/volarig-e-rella-al-mundialito-con-la-nazionale-italiana\/#primaryimage","url":"https:\/\/archiviocassano.lavocedelpaese.info\/wp-content\/uploads\/2018\/11\/piermarco_volarig_e_mirko_rella_1.jpg","contentUrl":"https:\/\/archiviocassano.lavocedelpaese.info\/wp-content\/uploads\/2018\/11\/piermarco_volarig_e_mirko_rella_1.jpg","width":453,"height":271,"caption":"piermarco volarig e mirko rella 1"},{"@type":"BreadcrumbList","@id":"https:\/\/archiviocassano.lavocedelpaese.info\/index.php\/2018\/11\/13\/volarig-e-rella-al-mundialito-con-la-nazionale-italiana\/#breadcrumb","itemListElement":[{"@type":"ListItem","position":1,"name":"Home","item":"https:\/\/archiviocassano.lavocedelpaese.info\/"},{"@type":"ListItem","position":2,"name":"Volarig e Rella al \u201cMundialito\u201d con la Nazionale Italiana"}]},{"@type":"WebSite","@id":"https:\/\/archiviocassano.lavocedelpaese.info\/#website","url":"https:\/\/archiviocassano.lavocedelpaese.info\/","name":"Archivio CassanoWeb","description":"La Voce del Paese - un network di idee","publisher":{"@id":"https:\/\/archiviocassano.lavocedelpaese.info\/#organization"},"potentialAction":[{"@type":"SearchAction","target":{"@type":"EntryPoint","urlTemplate":"https:\/\/archiviocassano.lavocedelpaese.info\/?s={search_term_string}"},"query-input":{"@type":"PropertyValueSpecification","valueRequired":true,"valueName":"search_term_string"}}],"inLanguage":"it-IT"},{"@type":"Organization","@id":"https:\/\/archiviocassano.lavocedelpaese.info\/#organization","name":"Archivio CassanoWeb","url":"https:\/\/archiviocassano.lavocedelpaese.info\/","logo":{"@type":"ImageObject","inLanguage":"it-IT","@id":"https:\/\/archiviocassano.lavocedelpaese.info\/#\/schema\/logo\/image\/","url":"https:\/\/archiviocassano.lavocedelpaese.info\/wp-content\/uploads\/2024\/08\/logo-rosso-2.png","contentUrl":"https:\/\/archiviocassano.lavocedelpaese.info\/wp-content\/uploads\/2024\/08\/logo-rosso-2.png","width":491,"height":432,"caption":"Archivio CassanoWeb"},"image":{"@id":"https:\/\/archiviocassano.lavocedelpaese.info\/#\/schema\/logo\/image\/"},"sameAs":["https:\/\/www.facebook.com\/redazione.cassanoweb"]},{"@type":"Person","@id":"https:\/\/archiviocassano.lavocedelpaese.info\/#\/schema\/person\/df195bc79a9b4c35127cf005f92e041b","name":"admin","image":{"@type":"ImageObject","inLanguage":"it-IT","@id":"https:\/\/secure.gravatar.com\/avatar\/eabba89a432e8eaa1b0207cc55f7e5340b22712b1ed80677efcf63e02ff5b235?s=96&d=mm&r=g","url":"https:\/\/secure.gravatar.com\/avatar\/eabba89a432e8eaa1b0207cc55f7e5340b22712b1ed80677efcf63e02ff5b235?s=96&d=mm&r=g","contentUrl":"https:\/\/secure.gravatar.com\/avatar\/eabba89a432e8eaa1b0207cc55f7e5340b22712b1ed80677efcf63e02ff5b235?s=96&d=mm&r=g","caption":"admin"},"sameAs":["https:\/\/archiviocassano.lavocedelpaese.info"],"url":"https:\/\/archiviocassano.lavocedelpaese.info\/index.php\/author\/admin_0qgz1xdp\/"}]}},"_links":{"self":[{"href":"https:\/\/archiviocassano.lavocedelpaese.info\/index.php\/wp-json\/wp\/v2\/posts\/16734","targetHints":{"allow":["GET"]}}],"collection":[{"href":"https:\/\/archiviocassano.lavocedelpaese.info\/index.php\/wp-json\/wp\/v2\/posts"}],"about":[{"href":"https:\/\/archiviocassano.lavocedelpaese.info\/index.php\/wp-json\/wp\/v2\/types\/post"}],"author":[{"embeddable":true,"href":"https:\/\/archiviocassano.lavocedelpaese.info\/index.php\/wp-json\/wp\/v2\/users\/1"}],"replies":[{"embeddable":true,"href":"https:\/\/archiviocassano.lavocedelpaese.info\/index.php\/wp-json\/wp\/v2\/comments?post=16734"}],"version-history":[{"count":0,"href":"https:\/\/archiviocassano.lavocedelpaese.info\/index.php\/wp-json\/wp\/v2\/posts\/16734\/revisions"}],"wp:featuredmedia":[{"embeddable":true,"href":"https:\/\/archiviocassano.lavocedelpaese.info\/index.php\/wp-json\/wp\/v2\/media\/16733"}],"wp:attachment":[{"href":"https:\/\/archiviocassano.lavocedelpaese.info\/index.php\/wp-json\/wp\/v2\/media?parent=16734"}],"wp:term":[{"taxonomy":"category","embeddable":true,"href":"https:\/\/archiviocassano.lavocedelpaese.info\/index.php\/wp-json\/wp\/v2\/categories?post=16734"},{"taxonomy":"post_tag","embeddable":true,"href":"https:\/\/archiviocassano.lavocedelpaese.info\/index.php\/wp-json\/wp\/v2\/tags?post=16734"}],"curies":[{"name":"wp","href":"https:\/\/api.w.org\/{rel}","templated":true}]}}