{"id":16915,"date":"2018-12-29T08:18:51","date_gmt":"2018-12-29T08:18:51","guid":{"rendered":"https:\/\/archiviocassano.lavocedelpaese.info\/index.php\/2018\/12\/29\/il-buco-nero-nel-quale-cassano-sprofonda-le-opposizioni-su-un-anno-e-mezzo-di-governo-di-medio\/"},"modified":"2018-12-29T08:18:51","modified_gmt":"2018-12-29T08:18:51","slug":"il-buco-nero-nel-quale-cassano-sprofonda-le-opposizioni-su-un-anno-e-mezzo-di-governo-di-medio","status":"publish","type":"post","link":"https:\/\/archiviocassano.lavocedelpaese.info\/index.php\/2018\/12\/29\/il-buco-nero-nel-quale-cassano-sprofonda-le-opposizioni-su-un-anno-e-mezzo-di-governo-di-medio\/","title":{"rendered":"Le opposizioni su un anno e mezzo di governo Di Medio"},"content":{"rendered":"<p style=\"text-align: justify;\"><img loading=\"lazy\" decoding=\"async\" class=\" size-full wp-image-16914\" src=\"https:\/\/archiviocassano.lavocedelpaese.info\/wp-content\/uploads\/2018\/12\/WhatsApp_Image_2018-12-29_at_08.03.31_1.jpeg\" width=\"320\" height=\"150\" alt=\"WhatsApp Image 2018-12-29 at 08.03.31 1\" style=\"margin-right: 2px; margin-left: 2px;\" \/><\/p>\n<p><!--more--><\/p>\n<p style=\"text-align: justify;\">Per cercare qualcosa di utile e positivo fatto dall\u2019Amministrazione Di Medio, per la comunit\u00e0 cassanese, in un anno e mezzo di governo, ci vorrebbe il lanternino. E chiss\u00e0 se ci si riuscirebbe, stando a quanto ieri sera, dinanzi ad un folto pubblico, i tre gruppi consiliari di opposizione hanno spiegato.<\/p>\n<p style=\"text-align: justify;\">Non c\u2019\u00e8 settore o campo di azione in cui, secondo le minoranze, non vi siano stati pasticci, pressapochismo, finanziamenti persi, criticit\u00e0: dalla viabilit\u00e0 allo sport, dalle infrastrutture ai diritti dei pi\u00f9 deboli, dal lavoro al rispetto delle Istituzioni, dal personale comunale alla gestione del Bilancio \u00e8 tutto un rabberciare, una strafottente cavalcata verso l\u2019abisso a cui il secondo mandato della Di Medio sta conducendo la popolazione cassanese.<\/p>\n<p style=\"text-align: justify;\">Che fare?<\/p>\n<p style=\"text-align: justify;\"><i>\u201cTutti un passo indietro<\/i> \u2013 dicono all\u2019unisono <strong>Teodoro Santorsola, Amedeo Venezia, Linda Catucci, Rocco Lapadula, Davide Del Re e il Consigliere regionale Ignazio Zullo<\/strong> \u2013 <i>per il bene di Cassano, che deve essere al centro del nostro interesse\u201d.<\/i><\/p>\n<p style=\"text-align: justify;\">Un \u201cmea culpa collettivo\u201d sulla politica degli ultimi venti anni, fatta di odi e personalismi, fino ad arrivare alle ultime elezioni amministrative del 2017, con 6 liste per appena 14mila abitanti. Troppo, anche per Cassano.<\/p>\n<p style=\"text-align: justify;\">Ma questo \u00e8 da venire.&nbsp;<\/p>\n<p style=\"text-align: justify;\">C\u2019\u00e8 chi preconizza una caduta anticipata del governo cittadino \u2013 e la notizia del cambio di casacca della Di Medio arriva proprio a fine conferenza, scelta che potrebbe attivare nuove fibrillazioni nella maggioranza \u2013 e c\u2019\u00e8 chi si augura che l\u2019Amministrazione cambi rotta e pensi davvero al bene del paese, non ai pochi privilegiati.<\/p>\n<p style=\"text-align: justify;\">In mezzo ci sono le scelte quotidiane, spesso incomprensibili e sui cui le opposizioni hanno pi\u00f9 volte lanciato l\u2019allarme.<\/p>\n<p style=\"text-align: justify;\">Dallo Sportello Unico per le Attivit\u00e0 Produttive alla Maugeri che va via da Cassano, passando per la vicenda \u201cCasa Bianca\u201d: Ignazio Zullo e Linda Catucci ricordano i diversi passaggi che hanno condotto a far perdere dal nostro territorio la pi\u00f9 grande azienda privata, a fare in modo che aziende e commercianti che vogliono avviare nuove attivit\u00e0 o investire per ampliare non sanno a chi rivolgersi, a fare in modo che grazie all0\u2019immobilismo della Giunta comunale la struttura di piazza Dante sia ancora vuota a tre anni dall\u2019ultimo affittuario.<\/p>\n<p style=\"text-align: justify;\">I progetti ereditati e mai eseguiti, al centro dell\u2019attenzione di Davide Del Re: la videosorveglianza per 150mila euro, nuovi campi per il Polisportivo, l\u2019interlocuzione con la Asl per riutilizzare \u201cCasa Bianca\u201d e via di seguito. Eredit\u00e0 sciupata, per il Consigliere di \u201cPi\u00f9 Cassano\u201d che parla di una Amministrazione Comunale costantemente in ritardo sulle cose da fare, come nel caso del passaggio al nuovo servizio rifiuti, fatto in condizioni di debolezza, rispetto all\u2019appaltatore.<\/p>\n<p style=\"text-align: justify;\">Sulla mancanza di ascolto reciproco, l\u2019incapacit\u00e0 di porsi dubbi sul proprio operato si \u00e8 soffermato Amedeo Venezia; un Consiglio in cui ci si parla addosso senza ascoltare, Commissioni consiliari delicatissime che non vengono mai convocate e poi intere fasce della popolazione mai coinvolte, dagli anziani gli ammalati. Centro storico e Casa Binaca come emblema del disinteresse dell\u2019Amministrazione Comunale, specchio della odierna Cassano.<\/p>\n<p style=\"text-align: justify;\">Rocco Lapadula, ultimo arrivato, in ordine di tempo, nella compagine di minoranza, nota che le tensioni e i rapporti personali lasciano sovente il posto alle vicende politico-amministrative e lancia l\u2019allarme sul campo di calcio del Polisportivo per il quale la Federazione Italiana Giuoco Calcio ha revocato l\u2019agibilit\u00e0, costringendo i giovani cassanesi a migrare verso strutture di altri paesi.<\/p>\n<p style=\"text-align: justify;\">Lunghissimo, poi, il \u201c<i>cahiers de dol\u00e9ances\u201d <\/i>di Teodoro Santorsola che ammette di non riuscire a star dietro alle tante assurdit\u00e0 che la compagine amministrativa combina ogni giorno: il Nucleo di Valutazione affidato a mani amiche, la piscina di Grumo su cui la Di Medio vorrebbe impegnare soldi dei cassanesi per i prossimi 20 anni, un enorme conflitto di interesse legato alla causa persa dall\u2019ex Assessore Giuliani e per la quale nessuno rifonder\u00e0 il Comune, dato che la Di Medio ha rinunciato all\u2019eredit\u00e0 del marito, il caos della Polizia Locale, di nuovo senza Comandante dato che a Federico Troisi non \u00e8 stato rinnovato il contratto, una macchina burocratica sfasciata che i cittadini non vedono ma ne pagano le conseguenze ogni giorno.<\/p>\n<p style=\"text-align: justify;\">Il futuro ha un cuore antico, diceva Levi.&nbsp;<\/p>\n<p>&nbsp;<\/p>\n","protected":false},"excerpt":{"rendered":"","protected":false},"author":1,"featured_media":16914,"comment_status":"open","ping_status":"closed","sticky":false,"template":"","format":"standard","meta":{"colormag_page_container_layout":"default_layout","colormag_page_sidebar_layout":"default_layout","footnotes":""},"categories":[4],"tags":[],"class_list":["post-16915","post","type-post","status-publish","format-standard","has-post-thumbnail","hentry","category-politica"],"yoast_head":"<!-- This site is optimized with the Yoast SEO plugin v27.5 - https:\/\/yoast.com\/product\/yoast-seo-wordpress\/ -->\n<title>Le opposizioni su un anno e mezzo di governo Di Medio - Archivio CassanoWeb<\/title>\n<meta name=\"robots\" content=\"index, follow, max-snippet:-1, max-image-preview:large, max-video-preview:-1\" \/>\n<link rel=\"canonical\" href=\"https:\/\/archiviocassano.lavocedelpaese.info\/index.php\/2018\/12\/29\/il-buco-nero-nel-quale-cassano-sprofonda-le-opposizioni-su-un-anno-e-mezzo-di-governo-di-medio\/\" \/>\n<meta property=\"og:locale\" content=\"it_IT\" \/>\n<meta property=\"og:type\" content=\"article\" \/>\n<meta property=\"og:title\" content=\"Le opposizioni su un anno e mezzo di governo Di Medio - Archivio CassanoWeb\" \/>\n<meta property=\"og:url\" content=\"https:\/\/archiviocassano.lavocedelpaese.info\/index.php\/2018\/12\/29\/il-buco-nero-nel-quale-cassano-sprofonda-le-opposizioni-su-un-anno-e-mezzo-di-governo-di-medio\/\" \/>\n<meta property=\"og:site_name\" content=\"Archivio CassanoWeb\" \/>\n<meta property=\"article:publisher\" content=\"https:\/\/www.facebook.com\/redazione.cassanoweb\" \/>\n<meta property=\"article:published_time\" content=\"2018-12-29T08:18:51+00:00\" \/>\n<meta property=\"og:image\" content=\"https:\/\/archiviocassano.lavocedelpaese.info\/wp-content\/uploads\/2018\/12\/WhatsApp_Image_2018-12-29_at_08.03.31_1.jpeg\" \/>\n\t<meta property=\"og:image:width\" content=\"1024\" \/>\n\t<meta property=\"og:image:height\" content=\"677\" \/>\n\t<meta property=\"og:image:type\" content=\"image\/jpeg\" \/>\n<meta name=\"author\" content=\"admin\" \/>\n<meta name=\"twitter:card\" content=\"summary_large_image\" \/>\n<meta name=\"twitter:label1\" content=\"Scritto da\" \/>\n\t<meta name=\"twitter:data1\" content=\"admin\" \/>\n\t<meta name=\"twitter:label2\" content=\"Tempo di lettura stimato\" \/>\n\t<meta name=\"twitter:data2\" content=\"3 minuti\" \/>\n<script type=\"application\/ld+json\" class=\"yoast-schema-graph\">{\"@context\":\"https:\\\/\\\/schema.org\",\"@graph\":[{\"@type\":\"Article\",\"@id\":\"https:\\\/\\\/archiviocassano.lavocedelpaese.info\\\/index.php\\\/2018\\\/12\\\/29\\\/il-buco-nero-nel-quale-cassano-sprofonda-le-opposizioni-su-un-anno-e-mezzo-di-governo-di-medio\\\/#article\",\"isPartOf\":{\"@id\":\"https:\\\/\\\/archiviocassano.lavocedelpaese.info\\\/index.php\\\/2018\\\/12\\\/29\\\/il-buco-nero-nel-quale-cassano-sprofonda-le-opposizioni-su-un-anno-e-mezzo-di-governo-di-medio\\\/\"},\"author\":{\"name\":\"admin\",\"@id\":\"https:\\\/\\\/archiviocassano.lavocedelpaese.info\\\/#\\\/schema\\\/person\\\/df195bc79a9b4c35127cf005f92e041b\"},\"headline\":\"Le opposizioni su un anno e mezzo di governo Di Medio\",\"datePublished\":\"2018-12-29T08:18:51+00:00\",\"mainEntityOfPage\":{\"@id\":\"https:\\\/\\\/archiviocassano.lavocedelpaese.info\\\/index.php\\\/2018\\\/12\\\/29\\\/il-buco-nero-nel-quale-cassano-sprofonda-le-opposizioni-su-un-anno-e-mezzo-di-governo-di-medio\\\/\"},\"wordCount\":698,\"commentCount\":0,\"publisher\":{\"@id\":\"https:\\\/\\\/archiviocassano.lavocedelpaese.info\\\/#organization\"},\"image\":{\"@id\":\"https:\\\/\\\/archiviocassano.lavocedelpaese.info\\\/index.php\\\/2018\\\/12\\\/29\\\/il-buco-nero-nel-quale-cassano-sprofonda-le-opposizioni-su-un-anno-e-mezzo-di-governo-di-medio\\\/#primaryimage\"},\"thumbnailUrl\":\"https:\\\/\\\/archiviocassano.lavocedelpaese.info\\\/wp-content\\\/uploads\\\/2018\\\/12\\\/WhatsApp_Image_2018-12-29_at_08.03.31_1.jpeg\",\"articleSection\":[\"Politica\"],\"inLanguage\":\"it-IT\",\"potentialAction\":[{\"@type\":\"CommentAction\",\"name\":\"Comment\",\"target\":[\"https:\\\/\\\/archiviocassano.lavocedelpaese.info\\\/index.php\\\/2018\\\/12\\\/29\\\/il-buco-nero-nel-quale-cassano-sprofonda-le-opposizioni-su-un-anno-e-mezzo-di-governo-di-medio\\\/#respond\"]}]},{\"@type\":\"WebPage\",\"@id\":\"https:\\\/\\\/archiviocassano.lavocedelpaese.info\\\/index.php\\\/2018\\\/12\\\/29\\\/il-buco-nero-nel-quale-cassano-sprofonda-le-opposizioni-su-un-anno-e-mezzo-di-governo-di-medio\\\/\",\"url\":\"https:\\\/\\\/archiviocassano.lavocedelpaese.info\\\/index.php\\\/2018\\\/12\\\/29\\\/il-buco-nero-nel-quale-cassano-sprofonda-le-opposizioni-su-un-anno-e-mezzo-di-governo-di-medio\\\/\",\"name\":\"Le opposizioni su un anno e mezzo di governo Di Medio - Archivio CassanoWeb\",\"isPartOf\":{\"@id\":\"https:\\\/\\\/archiviocassano.lavocedelpaese.info\\\/#website\"},\"primaryImageOfPage\":{\"@id\":\"https:\\\/\\\/archiviocassano.lavocedelpaese.info\\\/index.php\\\/2018\\\/12\\\/29\\\/il-buco-nero-nel-quale-cassano-sprofonda-le-opposizioni-su-un-anno-e-mezzo-di-governo-di-medio\\\/#primaryimage\"},\"image\":{\"@id\":\"https:\\\/\\\/archiviocassano.lavocedelpaese.info\\\/index.php\\\/2018\\\/12\\\/29\\\/il-buco-nero-nel-quale-cassano-sprofonda-le-opposizioni-su-un-anno-e-mezzo-di-governo-di-medio\\\/#primaryimage\"},\"thumbnailUrl\":\"https:\\\/\\\/archiviocassano.lavocedelpaese.info\\\/wp-content\\\/uploads\\\/2018\\\/12\\\/WhatsApp_Image_2018-12-29_at_08.03.31_1.jpeg\",\"datePublished\":\"2018-12-29T08:18:51+00:00\",\"breadcrumb\":{\"@id\":\"https:\\\/\\\/archiviocassano.lavocedelpaese.info\\\/index.php\\\/2018\\\/12\\\/29\\\/il-buco-nero-nel-quale-cassano-sprofonda-le-opposizioni-su-un-anno-e-mezzo-di-governo-di-medio\\\/#breadcrumb\"},\"inLanguage\":\"it-IT\",\"potentialAction\":[{\"@type\":\"ReadAction\",\"target\":[\"https:\\\/\\\/archiviocassano.lavocedelpaese.info\\\/index.php\\\/2018\\\/12\\\/29\\\/il-buco-nero-nel-quale-cassano-sprofonda-le-opposizioni-su-un-anno-e-mezzo-di-governo-di-medio\\\/\"]}]},{\"@type\":\"ImageObject\",\"inLanguage\":\"it-IT\",\"@id\":\"https:\\\/\\\/archiviocassano.lavocedelpaese.info\\\/index.php\\\/2018\\\/12\\\/29\\\/il-buco-nero-nel-quale-cassano-sprofonda-le-opposizioni-su-un-anno-e-mezzo-di-governo-di-medio\\\/#primaryimage\",\"url\":\"https:\\\/\\\/archiviocassano.lavocedelpaese.info\\\/wp-content\\\/uploads\\\/2018\\\/12\\\/WhatsApp_Image_2018-12-29_at_08.03.31_1.jpeg\",\"contentUrl\":\"https:\\\/\\\/archiviocassano.lavocedelpaese.info\\\/wp-content\\\/uploads\\\/2018\\\/12\\\/WhatsApp_Image_2018-12-29_at_08.03.31_1.jpeg\",\"width\":1024,\"height\":677,\"caption\":\"WhatsApp Image 2018-12-29 at 08.03.31 1\"},{\"@type\":\"BreadcrumbList\",\"@id\":\"https:\\\/\\\/archiviocassano.lavocedelpaese.info\\\/index.php\\\/2018\\\/12\\\/29\\\/il-buco-nero-nel-quale-cassano-sprofonda-le-opposizioni-su-un-anno-e-mezzo-di-governo-di-medio\\\/#breadcrumb\",\"itemListElement\":[{\"@type\":\"ListItem\",\"position\":1,\"name\":\"Home\",\"item\":\"https:\\\/\\\/archiviocassano.lavocedelpaese.info\\\/\"},{\"@type\":\"ListItem\",\"position\":2,\"name\":\"Le opposizioni su un anno e mezzo di governo Di Medio\"}]},{\"@type\":\"WebSite\",\"@id\":\"https:\\\/\\\/archiviocassano.lavocedelpaese.info\\\/#website\",\"url\":\"https:\\\/\\\/archiviocassano.lavocedelpaese.info\\\/\",\"name\":\"Archivio CassanoWeb\",\"description\":\"La Voce del Paese - un network di idee\",\"publisher\":{\"@id\":\"https:\\\/\\\/archiviocassano.lavocedelpaese.info\\\/#organization\"},\"potentialAction\":[{\"@type\":\"SearchAction\",\"target\":{\"@type\":\"EntryPoint\",\"urlTemplate\":\"https:\\\/\\\/archiviocassano.lavocedelpaese.info\\\/?s={search_term_string}\"},\"query-input\":{\"@type\":\"PropertyValueSpecification\",\"valueRequired\":true,\"valueName\":\"search_term_string\"}}],\"inLanguage\":\"it-IT\"},{\"@type\":\"Organization\",\"@id\":\"https:\\\/\\\/archiviocassano.lavocedelpaese.info\\\/#organization\",\"name\":\"Archivio CassanoWeb\",\"url\":\"https:\\\/\\\/archiviocassano.lavocedelpaese.info\\\/\",\"logo\":{\"@type\":\"ImageObject\",\"inLanguage\":\"it-IT\",\"@id\":\"https:\\\/\\\/archiviocassano.lavocedelpaese.info\\\/#\\\/schema\\\/logo\\\/image\\\/\",\"url\":\"https:\\\/\\\/archiviocassano.lavocedelpaese.info\\\/wp-content\\\/uploads\\\/2024\\\/08\\\/logo-rosso-2.png\",\"contentUrl\":\"https:\\\/\\\/archiviocassano.lavocedelpaese.info\\\/wp-content\\\/uploads\\\/2024\\\/08\\\/logo-rosso-2.png\",\"width\":491,\"height\":432,\"caption\":\"Archivio CassanoWeb\"},\"image\":{\"@id\":\"https:\\\/\\\/archiviocassano.lavocedelpaese.info\\\/#\\\/schema\\\/logo\\\/image\\\/\"},\"sameAs\":[\"https:\\\/\\\/www.facebook.com\\\/redazione.cassanoweb\"]},{\"@type\":\"Person\",\"@id\":\"https:\\\/\\\/archiviocassano.lavocedelpaese.info\\\/#\\\/schema\\\/person\\\/df195bc79a9b4c35127cf005f92e041b\",\"name\":\"admin\",\"image\":{\"@type\":\"ImageObject\",\"inLanguage\":\"it-IT\",\"@id\":\"https:\\\/\\\/secure.gravatar.com\\\/avatar\\\/eabba89a432e8eaa1b0207cc55f7e5340b22712b1ed80677efcf63e02ff5b235?s=96&d=mm&r=g\",\"url\":\"https:\\\/\\\/secure.gravatar.com\\\/avatar\\\/eabba89a432e8eaa1b0207cc55f7e5340b22712b1ed80677efcf63e02ff5b235?s=96&d=mm&r=g\",\"contentUrl\":\"https:\\\/\\\/secure.gravatar.com\\\/avatar\\\/eabba89a432e8eaa1b0207cc55f7e5340b22712b1ed80677efcf63e02ff5b235?s=96&d=mm&r=g\",\"caption\":\"admin\"},\"sameAs\":[\"https:\\\/\\\/archiviocassano.lavocedelpaese.info\"],\"url\":\"https:\\\/\\\/archiviocassano.lavocedelpaese.info\\\/index.php\\\/author\\\/admin_0qgz1xdp\\\/\"}]}<\/script>\n<!-- \/ Yoast SEO plugin. -->","yoast_head_json":{"title":"Le opposizioni su un anno e mezzo di governo Di Medio - Archivio CassanoWeb","robots":{"index":"index","follow":"follow","max-snippet":"max-snippet:-1","max-image-preview":"max-image-preview:large","max-video-preview":"max-video-preview:-1"},"canonical":"https:\/\/archiviocassano.lavocedelpaese.info\/index.php\/2018\/12\/29\/il-buco-nero-nel-quale-cassano-sprofonda-le-opposizioni-su-un-anno-e-mezzo-di-governo-di-medio\/","og_locale":"it_IT","og_type":"article","og_title":"Le opposizioni su un anno e mezzo di governo Di Medio - Archivio CassanoWeb","og_url":"https:\/\/archiviocassano.lavocedelpaese.info\/index.php\/2018\/12\/29\/il-buco-nero-nel-quale-cassano-sprofonda-le-opposizioni-su-un-anno-e-mezzo-di-governo-di-medio\/","og_site_name":"Archivio CassanoWeb","article_publisher":"https:\/\/www.facebook.com\/redazione.cassanoweb","article_published_time":"2018-12-29T08:18:51+00:00","og_image":[{"width":1024,"height":677,"url":"https:\/\/archiviocassano.lavocedelpaese.info\/wp-content\/uploads\/2018\/12\/WhatsApp_Image_2018-12-29_at_08.03.31_1.jpeg","type":"image\/jpeg"}],"author":"admin","twitter_card":"summary_large_image","twitter_misc":{"Scritto da":"admin","Tempo di lettura stimato":"3 minuti"},"schema":{"@context":"https:\/\/schema.org","@graph":[{"@type":"Article","@id":"https:\/\/archiviocassano.lavocedelpaese.info\/index.php\/2018\/12\/29\/il-buco-nero-nel-quale-cassano-sprofonda-le-opposizioni-su-un-anno-e-mezzo-di-governo-di-medio\/#article","isPartOf":{"@id":"https:\/\/archiviocassano.lavocedelpaese.info\/index.php\/2018\/12\/29\/il-buco-nero-nel-quale-cassano-sprofonda-le-opposizioni-su-un-anno-e-mezzo-di-governo-di-medio\/"},"author":{"name":"admin","@id":"https:\/\/archiviocassano.lavocedelpaese.info\/#\/schema\/person\/df195bc79a9b4c35127cf005f92e041b"},"headline":"Le opposizioni su un anno e mezzo di governo Di Medio","datePublished":"2018-12-29T08:18:51+00:00","mainEntityOfPage":{"@id":"https:\/\/archiviocassano.lavocedelpaese.info\/index.php\/2018\/12\/29\/il-buco-nero-nel-quale-cassano-sprofonda-le-opposizioni-su-un-anno-e-mezzo-di-governo-di-medio\/"},"wordCount":698,"commentCount":0,"publisher":{"@id":"https:\/\/archiviocassano.lavocedelpaese.info\/#organization"},"image":{"@id":"https:\/\/archiviocassano.lavocedelpaese.info\/index.php\/2018\/12\/29\/il-buco-nero-nel-quale-cassano-sprofonda-le-opposizioni-su-un-anno-e-mezzo-di-governo-di-medio\/#primaryimage"},"thumbnailUrl":"https:\/\/archiviocassano.lavocedelpaese.info\/wp-content\/uploads\/2018\/12\/WhatsApp_Image_2018-12-29_at_08.03.31_1.jpeg","articleSection":["Politica"],"inLanguage":"it-IT","potentialAction":[{"@type":"CommentAction","name":"Comment","target":["https:\/\/archiviocassano.lavocedelpaese.info\/index.php\/2018\/12\/29\/il-buco-nero-nel-quale-cassano-sprofonda-le-opposizioni-su-un-anno-e-mezzo-di-governo-di-medio\/#respond"]}]},{"@type":"WebPage","@id":"https:\/\/archiviocassano.lavocedelpaese.info\/index.php\/2018\/12\/29\/il-buco-nero-nel-quale-cassano-sprofonda-le-opposizioni-su-un-anno-e-mezzo-di-governo-di-medio\/","url":"https:\/\/archiviocassano.lavocedelpaese.info\/index.php\/2018\/12\/29\/il-buco-nero-nel-quale-cassano-sprofonda-le-opposizioni-su-un-anno-e-mezzo-di-governo-di-medio\/","name":"Le opposizioni su un anno e mezzo di governo Di Medio - Archivio CassanoWeb","isPartOf":{"@id":"https:\/\/archiviocassano.lavocedelpaese.info\/#website"},"primaryImageOfPage":{"@id":"https:\/\/archiviocassano.lavocedelpaese.info\/index.php\/2018\/12\/29\/il-buco-nero-nel-quale-cassano-sprofonda-le-opposizioni-su-un-anno-e-mezzo-di-governo-di-medio\/#primaryimage"},"image":{"@id":"https:\/\/archiviocassano.lavocedelpaese.info\/index.php\/2018\/12\/29\/il-buco-nero-nel-quale-cassano-sprofonda-le-opposizioni-su-un-anno-e-mezzo-di-governo-di-medio\/#primaryimage"},"thumbnailUrl":"https:\/\/archiviocassano.lavocedelpaese.info\/wp-content\/uploads\/2018\/12\/WhatsApp_Image_2018-12-29_at_08.03.31_1.jpeg","datePublished":"2018-12-29T08:18:51+00:00","breadcrumb":{"@id":"https:\/\/archiviocassano.lavocedelpaese.info\/index.php\/2018\/12\/29\/il-buco-nero-nel-quale-cassano-sprofonda-le-opposizioni-su-un-anno-e-mezzo-di-governo-di-medio\/#breadcrumb"},"inLanguage":"it-IT","potentialAction":[{"@type":"ReadAction","target":["https:\/\/archiviocassano.lavocedelpaese.info\/index.php\/2018\/12\/29\/il-buco-nero-nel-quale-cassano-sprofonda-le-opposizioni-su-un-anno-e-mezzo-di-governo-di-medio\/"]}]},{"@type":"ImageObject","inLanguage":"it-IT","@id":"https:\/\/archiviocassano.lavocedelpaese.info\/index.php\/2018\/12\/29\/il-buco-nero-nel-quale-cassano-sprofonda-le-opposizioni-su-un-anno-e-mezzo-di-governo-di-medio\/#primaryimage","url":"https:\/\/archiviocassano.lavocedelpaese.info\/wp-content\/uploads\/2018\/12\/WhatsApp_Image_2018-12-29_at_08.03.31_1.jpeg","contentUrl":"https:\/\/archiviocassano.lavocedelpaese.info\/wp-content\/uploads\/2018\/12\/WhatsApp_Image_2018-12-29_at_08.03.31_1.jpeg","width":1024,"height":677,"caption":"WhatsApp Image 2018-12-29 at 08.03.31 1"},{"@type":"BreadcrumbList","@id":"https:\/\/archiviocassano.lavocedelpaese.info\/index.php\/2018\/12\/29\/il-buco-nero-nel-quale-cassano-sprofonda-le-opposizioni-su-un-anno-e-mezzo-di-governo-di-medio\/#breadcrumb","itemListElement":[{"@type":"ListItem","position":1,"name":"Home","item":"https:\/\/archiviocassano.lavocedelpaese.info\/"},{"@type":"ListItem","position":2,"name":"Le opposizioni su un anno e mezzo di governo Di Medio"}]},{"@type":"WebSite","@id":"https:\/\/archiviocassano.lavocedelpaese.info\/#website","url":"https:\/\/archiviocassano.lavocedelpaese.info\/","name":"Archivio CassanoWeb","description":"La Voce del Paese - un network di idee","publisher":{"@id":"https:\/\/archiviocassano.lavocedelpaese.info\/#organization"},"potentialAction":[{"@type":"SearchAction","target":{"@type":"EntryPoint","urlTemplate":"https:\/\/archiviocassano.lavocedelpaese.info\/?s={search_term_string}"},"query-input":{"@type":"PropertyValueSpecification","valueRequired":true,"valueName":"search_term_string"}}],"inLanguage":"it-IT"},{"@type":"Organization","@id":"https:\/\/archiviocassano.lavocedelpaese.info\/#organization","name":"Archivio CassanoWeb","url":"https:\/\/archiviocassano.lavocedelpaese.info\/","logo":{"@type":"ImageObject","inLanguage":"it-IT","@id":"https:\/\/archiviocassano.lavocedelpaese.info\/#\/schema\/logo\/image\/","url":"https:\/\/archiviocassano.lavocedelpaese.info\/wp-content\/uploads\/2024\/08\/logo-rosso-2.png","contentUrl":"https:\/\/archiviocassano.lavocedelpaese.info\/wp-content\/uploads\/2024\/08\/logo-rosso-2.png","width":491,"height":432,"caption":"Archivio CassanoWeb"},"image":{"@id":"https:\/\/archiviocassano.lavocedelpaese.info\/#\/schema\/logo\/image\/"},"sameAs":["https:\/\/www.facebook.com\/redazione.cassanoweb"]},{"@type":"Person","@id":"https:\/\/archiviocassano.lavocedelpaese.info\/#\/schema\/person\/df195bc79a9b4c35127cf005f92e041b","name":"admin","image":{"@type":"ImageObject","inLanguage":"it-IT","@id":"https:\/\/secure.gravatar.com\/avatar\/eabba89a432e8eaa1b0207cc55f7e5340b22712b1ed80677efcf63e02ff5b235?s=96&d=mm&r=g","url":"https:\/\/secure.gravatar.com\/avatar\/eabba89a432e8eaa1b0207cc55f7e5340b22712b1ed80677efcf63e02ff5b235?s=96&d=mm&r=g","contentUrl":"https:\/\/secure.gravatar.com\/avatar\/eabba89a432e8eaa1b0207cc55f7e5340b22712b1ed80677efcf63e02ff5b235?s=96&d=mm&r=g","caption":"admin"},"sameAs":["https:\/\/archiviocassano.lavocedelpaese.info"],"url":"https:\/\/archiviocassano.lavocedelpaese.info\/index.php\/author\/admin_0qgz1xdp\/"}]}},"_links":{"self":[{"href":"https:\/\/archiviocassano.lavocedelpaese.info\/index.php\/wp-json\/wp\/v2\/posts\/16915","targetHints":{"allow":["GET"]}}],"collection":[{"href":"https:\/\/archiviocassano.lavocedelpaese.info\/index.php\/wp-json\/wp\/v2\/posts"}],"about":[{"href":"https:\/\/archiviocassano.lavocedelpaese.info\/index.php\/wp-json\/wp\/v2\/types\/post"}],"author":[{"embeddable":true,"href":"https:\/\/archiviocassano.lavocedelpaese.info\/index.php\/wp-json\/wp\/v2\/users\/1"}],"replies":[{"embeddable":true,"href":"https:\/\/archiviocassano.lavocedelpaese.info\/index.php\/wp-json\/wp\/v2\/comments?post=16915"}],"version-history":[{"count":0,"href":"https:\/\/archiviocassano.lavocedelpaese.info\/index.php\/wp-json\/wp\/v2\/posts\/16915\/revisions"}],"wp:featuredmedia":[{"embeddable":true,"href":"https:\/\/archiviocassano.lavocedelpaese.info\/index.php\/wp-json\/wp\/v2\/media\/16914"}],"wp:attachment":[{"href":"https:\/\/archiviocassano.lavocedelpaese.info\/index.php\/wp-json\/wp\/v2\/media?parent=16915"}],"wp:term":[{"taxonomy":"category","embeddable":true,"href":"https:\/\/archiviocassano.lavocedelpaese.info\/index.php\/wp-json\/wp\/v2\/categories?post=16915"},{"taxonomy":"post_tag","embeddable":true,"href":"https:\/\/archiviocassano.lavocedelpaese.info\/index.php\/wp-json\/wp\/v2\/tags?post=16915"}],"curies":[{"name":"wp","href":"https:\/\/api.w.org\/{rel}","templated":true}]}}