{"id":16920,"date":"2018-12-31T17:18:10","date_gmt":"2018-12-31T17:18:10","guid":{"rendered":"https:\/\/archiviocassano.lavocedelpaese.info\/index.php\/2018\/12\/31\/la-di-medio-smentisce-dopo-un-anno-lappartenenza-a-fdi\/"},"modified":"2018-12-31T17:18:10","modified_gmt":"2018-12-31T17:18:10","slug":"la-di-medio-smentisce-dopo-un-anno-lappartenenza-a-fdi","status":"publish","type":"post","link":"https:\/\/archiviocassano.lavocedelpaese.info\/index.php\/2018\/12\/31\/la-di-medio-smentisce-dopo-un-anno-lappartenenza-a-fdi\/","title":{"rendered":"La Di Medio smentisce (dopo un anno!) l&#8217;appartenenza a FdI"},"content":{"rendered":"<p><img loading=\"lazy\" decoding=\"async\" class=\" size-full wp-image-4963\" src=\"https:\/\/archiviocassano.lavocedelpaese.info\/wp-content\/uploads\/2011\/12\/sindaco_di_medio.jpg\" alt=\"sindaco di medio\" style=\"margin-right: 2px; margin-left: 2px;\" height=\"150\" width=\"320\" \/><\/p>\n<p><!--more--><\/p>\n<p>La Sindaca di Cassano delle Murge, Maria Pia Di Medio non fa parte del partito Fratelli d&#8217;Italia. Anzi: non ne ha mai fatto parte!<\/p>\n<p>Una smentita che arriva <a href=\"politica\/27915-lamministrazione-di-medio-svolta-a-destra-e-aderisce-a-qfratelli-ditaliaq.html\" target=\"_blank\" rel=\"noopener\">a quasi un anno di distanza, da quando questo giornale lanci\u00f2 la notizia <\/a>che la Sindaca e mezza Giunta Comunale erano passati con il partito di Giorgia Meloni.<\/p>\n<p>Ma che la Di Medio, Giustino, Briano, Caprio, Campanale e Panzarea fossero passati alla destra estrema non ce l&#8217;eravamo inventato noi: a scriverlo in una nota era stato il coordinatore provinciale di quel partito, Filippo Melchiorre a dirlo:&nbsp;<em>&#8220;Siamo felici di accogliere il terzo Sindaco della provincia di Bari che aderisce al nostro partito&#8221;,&nbsp;<\/em>scriveva Melchiorre in un comuicato stampa mai smentito dalla Di Medio n\u00e8 da altri.<\/p>\n<p>E dopo quel nostro articolo, altri giornali scrissero sulla vicenda, sulla quale si \u00e8 tornati pi\u00f9 volte senza che mai la Sindaca avesse da dire alcunch\u00e8.&nbsp;<\/p>\n<p>Fino all&#8217;altro giorno, quando la Di Medio ha pensato bene di aderire al movimento di Pisicchio &#8220;Iniziativa Democratica&#8221;, inviando alla nostra Redazione questa nota:<\/p>\n<p>&nbsp;<\/p>\n<p style=\"text-align: center;\"><ins cite=\"mailto:pro\" datetime=\"2018-12-31T14:57\">&nbsp;<strong>A VOLTE SAREBBE UTILE INTERVISTARE LE PERSONE INTERESSATE<\/strong><\/ins><ins cite=\"mailto:pro\" datetime=\"2018-12-31T14:57\"><\/ins><\/p>\n<p><em>Siamo alle solite: a Cassano chi poco sa presto parla. Ancora una volta assistiamo alla manipolazione di notizie che trasfigurano la realt\u00e0, connotandola forzatamente di inesistenti retroscena.<\/em><\/p>\n<p><em>&nbsp;Volendo esprimere una propria opinione su una notizia, o su un comunicato stampa ricevuto, il giornalista dovrebbe quanto meno documentarsi e valutare le questioni con correttezza ed onest\u00e0 intellettuale.&nbsp;<\/em><\/p>\n<p><em>Ma questo, a Cassano, per alcuni, sembra proprio non essere un dovere deontologico, probabilmente perch\u00e9 la notizia, condita di pettegolezzo, fa pi\u00f9 clic.<\/em><\/p>\n<p><em>Vengo al dunque: per quanto riguarda la mia scelta di adesione al movimento (non \u00e8 un partito) \u201cIniziativa Democratica\u201d, ritengo di non dovermi giustificare con chicchessia. \u00c8 una mia libera scelta, fatta per condivisione di intenti e di progetti &nbsp;con persone serie e concrete che vogliono lavorare insieme per migliorare la qualit\u00e0 di vita di tutti, con le quali confrontarsi e lavorare per raggiungere degli obiettivi.<\/em><\/p>\n<p><em>Per una corretta informazione ai cittadini, poi, vorrei chiarire che non ho mai saltellato da un partito all\u2019altro: ci pu\u00f2 essere stato dialogo, confronto, ma non ho mai avuto altra tessera &nbsp;se non quella del PRI.<\/em><\/p>\n<p><em>L\u2019aver approvato&nbsp; scelte fatte da componenti della attuale, o anche pregressa, maggioranza, \u00e8 sempre stata, da parte mia, espressione del massimo rispetto per le libere scelte altrui che, in fin dei conti, sono state un momento di crescita, di esperienza e di confronto con persone &nbsp;serie, tra cui molti amici degni appunto del massimo rispetto per il loro impegno politico.<\/em><\/p>\n<p><em>Ma l\u2019approvazione delle altrui scelte non significa adesione. Finora non mi ero mai spinta oltre il PRI, oggi ho dato l\u2019adesione anche a \u201cIniziativa Democratica\u201d, un movimento che intende mettere persone di buona volont\u00e0 per perseguire il bene comune. Perch\u00e9 l\u2019impegno politico deve appartenere a tutti i cittadini.<\/em><\/p>\n<p><em>E concludo: quella da me guidata \u00e8 e resta una coalizione civica, senza nessuna forzatura di identificazione partitica, nel pieno rispetto delle scelte politiche di ciascuno, che sono libere e individuali.<\/em><\/p>\n<p>&nbsp;<\/p>\n<p style=\"text-align: justify;\">Ovviamente a noi non resta che prenderne atto, spiacenti che ancora una volta si rimproverano a giornali e giornalisti colpe che non hanno, pretendendo di insegnare le basilari regole della informazioni quando, invece, non le si conosce affatto.<\/p>\n<p><em>&nbsp;<\/em><\/p>\n<p>&nbsp;<\/p>\n","protected":false},"excerpt":{"rendered":"","protected":false},"author":1,"featured_media":4963,"comment_status":"open","ping_status":"closed","sticky":false,"template":"","format":"standard","meta":{"colormag_page_container_layout":"default_layout","colormag_page_sidebar_layout":"default_layout","footnotes":""},"categories":[4],"tags":[],"class_list":["post-16920","post","type-post","status-publish","format-standard","has-post-thumbnail","hentry","category-politica"],"yoast_head":"<!-- This site is optimized with the Yoast SEO plugin v27.5 - https:\/\/yoast.com\/product\/yoast-seo-wordpress\/ -->\n<title>La Di Medio smentisce (dopo un anno!) l&#039;appartenenza a FdI - Archivio CassanoWeb<\/title>\n<meta name=\"robots\" content=\"index, follow, max-snippet:-1, max-image-preview:large, max-video-preview:-1\" \/>\n<link rel=\"canonical\" href=\"https:\/\/archiviocassano.lavocedelpaese.info\/index.php\/2018\/12\/31\/la-di-medio-smentisce-dopo-un-anno-lappartenenza-a-fdi\/\" \/>\n<meta property=\"og:locale\" content=\"it_IT\" \/>\n<meta property=\"og:type\" content=\"article\" \/>\n<meta property=\"og:title\" content=\"La Di Medio smentisce (dopo un anno!) l&#039;appartenenza a FdI - Archivio CassanoWeb\" \/>\n<meta property=\"og:url\" content=\"https:\/\/archiviocassano.lavocedelpaese.info\/index.php\/2018\/12\/31\/la-di-medio-smentisce-dopo-un-anno-lappartenenza-a-fdi\/\" \/>\n<meta property=\"og:site_name\" content=\"Archivio CassanoWeb\" \/>\n<meta property=\"article:publisher\" content=\"https:\/\/www.facebook.com\/redazione.cassanoweb\" \/>\n<meta property=\"article:published_time\" content=\"2018-12-31T17:18:10+00:00\" \/>\n<meta property=\"og:image\" content=\"https:\/\/archiviocassano.lavocedelpaese.info\/wp-content\/uploads\/2011\/12\/sindaco_di_medio.jpg\" \/>\n\t<meta property=\"og:image:width\" content=\"410\" \/>\n\t<meta property=\"og:image:height\" content=\"200\" \/>\n\t<meta property=\"og:image:type\" content=\"image\/jpeg\" \/>\n<meta name=\"author\" content=\"admin\" \/>\n<meta name=\"twitter:card\" content=\"summary_large_image\" \/>\n<meta name=\"twitter:label1\" content=\"Scritto da\" \/>\n\t<meta name=\"twitter:data1\" content=\"admin\" \/>\n\t<meta name=\"twitter:label2\" content=\"Tempo di lettura stimato\" \/>\n\t<meta name=\"twitter:data2\" content=\"3 minuti\" \/>\n<script type=\"application\/ld+json\" class=\"yoast-schema-graph\">{\"@context\":\"https:\\\/\\\/schema.org\",\"@graph\":[{\"@type\":\"Article\",\"@id\":\"https:\\\/\\\/archiviocassano.lavocedelpaese.info\\\/index.php\\\/2018\\\/12\\\/31\\\/la-di-medio-smentisce-dopo-un-anno-lappartenenza-a-fdi\\\/#article\",\"isPartOf\":{\"@id\":\"https:\\\/\\\/archiviocassano.lavocedelpaese.info\\\/index.php\\\/2018\\\/12\\\/31\\\/la-di-medio-smentisce-dopo-un-anno-lappartenenza-a-fdi\\\/\"},\"author\":{\"name\":\"admin\",\"@id\":\"https:\\\/\\\/archiviocassano.lavocedelpaese.info\\\/#\\\/schema\\\/person\\\/df195bc79a9b4c35127cf005f92e041b\"},\"headline\":\"La Di Medio smentisce (dopo un anno!) l&#8217;appartenenza a FdI\",\"datePublished\":\"2018-12-31T17:18:10+00:00\",\"mainEntityOfPage\":{\"@id\":\"https:\\\/\\\/archiviocassano.lavocedelpaese.info\\\/index.php\\\/2018\\\/12\\\/31\\\/la-di-medio-smentisce-dopo-un-anno-lappartenenza-a-fdi\\\/\"},\"wordCount\":568,\"commentCount\":0,\"publisher\":{\"@id\":\"https:\\\/\\\/archiviocassano.lavocedelpaese.info\\\/#organization\"},\"image\":{\"@id\":\"https:\\\/\\\/archiviocassano.lavocedelpaese.info\\\/index.php\\\/2018\\\/12\\\/31\\\/la-di-medio-smentisce-dopo-un-anno-lappartenenza-a-fdi\\\/#primaryimage\"},\"thumbnailUrl\":\"https:\\\/\\\/archiviocassano.lavocedelpaese.info\\\/wp-content\\\/uploads\\\/2011\\\/12\\\/sindaco_di_medio.jpg\",\"articleSection\":[\"Politica\"],\"inLanguage\":\"it-IT\",\"potentialAction\":[{\"@type\":\"CommentAction\",\"name\":\"Comment\",\"target\":[\"https:\\\/\\\/archiviocassano.lavocedelpaese.info\\\/index.php\\\/2018\\\/12\\\/31\\\/la-di-medio-smentisce-dopo-un-anno-lappartenenza-a-fdi\\\/#respond\"]}]},{\"@type\":\"WebPage\",\"@id\":\"https:\\\/\\\/archiviocassano.lavocedelpaese.info\\\/index.php\\\/2018\\\/12\\\/31\\\/la-di-medio-smentisce-dopo-un-anno-lappartenenza-a-fdi\\\/\",\"url\":\"https:\\\/\\\/archiviocassano.lavocedelpaese.info\\\/index.php\\\/2018\\\/12\\\/31\\\/la-di-medio-smentisce-dopo-un-anno-lappartenenza-a-fdi\\\/\",\"name\":\"La Di Medio smentisce (dopo un anno!) l'appartenenza a FdI - Archivio CassanoWeb\",\"isPartOf\":{\"@id\":\"https:\\\/\\\/archiviocassano.lavocedelpaese.info\\\/#website\"},\"primaryImageOfPage\":{\"@id\":\"https:\\\/\\\/archiviocassano.lavocedelpaese.info\\\/index.php\\\/2018\\\/12\\\/31\\\/la-di-medio-smentisce-dopo-un-anno-lappartenenza-a-fdi\\\/#primaryimage\"},\"image\":{\"@id\":\"https:\\\/\\\/archiviocassano.lavocedelpaese.info\\\/index.php\\\/2018\\\/12\\\/31\\\/la-di-medio-smentisce-dopo-un-anno-lappartenenza-a-fdi\\\/#primaryimage\"},\"thumbnailUrl\":\"https:\\\/\\\/archiviocassano.lavocedelpaese.info\\\/wp-content\\\/uploads\\\/2011\\\/12\\\/sindaco_di_medio.jpg\",\"datePublished\":\"2018-12-31T17:18:10+00:00\",\"breadcrumb\":{\"@id\":\"https:\\\/\\\/archiviocassano.lavocedelpaese.info\\\/index.php\\\/2018\\\/12\\\/31\\\/la-di-medio-smentisce-dopo-un-anno-lappartenenza-a-fdi\\\/#breadcrumb\"},\"inLanguage\":\"it-IT\",\"potentialAction\":[{\"@type\":\"ReadAction\",\"target\":[\"https:\\\/\\\/archiviocassano.lavocedelpaese.info\\\/index.php\\\/2018\\\/12\\\/31\\\/la-di-medio-smentisce-dopo-un-anno-lappartenenza-a-fdi\\\/\"]}]},{\"@type\":\"ImageObject\",\"inLanguage\":\"it-IT\",\"@id\":\"https:\\\/\\\/archiviocassano.lavocedelpaese.info\\\/index.php\\\/2018\\\/12\\\/31\\\/la-di-medio-smentisce-dopo-un-anno-lappartenenza-a-fdi\\\/#primaryimage\",\"url\":\"https:\\\/\\\/archiviocassano.lavocedelpaese.info\\\/wp-content\\\/uploads\\\/2011\\\/12\\\/sindaco_di_medio.jpg\",\"contentUrl\":\"https:\\\/\\\/archiviocassano.lavocedelpaese.info\\\/wp-content\\\/uploads\\\/2011\\\/12\\\/sindaco_di_medio.jpg\",\"width\":410,\"height\":200,\"caption\":\"sindaco di medio\"},{\"@type\":\"BreadcrumbList\",\"@id\":\"https:\\\/\\\/archiviocassano.lavocedelpaese.info\\\/index.php\\\/2018\\\/12\\\/31\\\/la-di-medio-smentisce-dopo-un-anno-lappartenenza-a-fdi\\\/#breadcrumb\",\"itemListElement\":[{\"@type\":\"ListItem\",\"position\":1,\"name\":\"Home\",\"item\":\"https:\\\/\\\/archiviocassano.lavocedelpaese.info\\\/\"},{\"@type\":\"ListItem\",\"position\":2,\"name\":\"La Di Medio smentisce (dopo un anno!) l&#8217;appartenenza a FdI\"}]},{\"@type\":\"WebSite\",\"@id\":\"https:\\\/\\\/archiviocassano.lavocedelpaese.info\\\/#website\",\"url\":\"https:\\\/\\\/archiviocassano.lavocedelpaese.info\\\/\",\"name\":\"Archivio CassanoWeb\",\"description\":\"La Voce del Paese - un network di idee\",\"publisher\":{\"@id\":\"https:\\\/\\\/archiviocassano.lavocedelpaese.info\\\/#organization\"},\"potentialAction\":[{\"@type\":\"SearchAction\",\"target\":{\"@type\":\"EntryPoint\",\"urlTemplate\":\"https:\\\/\\\/archiviocassano.lavocedelpaese.info\\\/?s={search_term_string}\"},\"query-input\":{\"@type\":\"PropertyValueSpecification\",\"valueRequired\":true,\"valueName\":\"search_term_string\"}}],\"inLanguage\":\"it-IT\"},{\"@type\":\"Organization\",\"@id\":\"https:\\\/\\\/archiviocassano.lavocedelpaese.info\\\/#organization\",\"name\":\"Archivio CassanoWeb\",\"url\":\"https:\\\/\\\/archiviocassano.lavocedelpaese.info\\\/\",\"logo\":{\"@type\":\"ImageObject\",\"inLanguage\":\"it-IT\",\"@id\":\"https:\\\/\\\/archiviocassano.lavocedelpaese.info\\\/#\\\/schema\\\/logo\\\/image\\\/\",\"url\":\"https:\\\/\\\/archiviocassano.lavocedelpaese.info\\\/wp-content\\\/uploads\\\/2024\\\/08\\\/logo-rosso-2.png\",\"contentUrl\":\"https:\\\/\\\/archiviocassano.lavocedelpaese.info\\\/wp-content\\\/uploads\\\/2024\\\/08\\\/logo-rosso-2.png\",\"width\":491,\"height\":432,\"caption\":\"Archivio CassanoWeb\"},\"image\":{\"@id\":\"https:\\\/\\\/archiviocassano.lavocedelpaese.info\\\/#\\\/schema\\\/logo\\\/image\\\/\"},\"sameAs\":[\"https:\\\/\\\/www.facebook.com\\\/redazione.cassanoweb\"]},{\"@type\":\"Person\",\"@id\":\"https:\\\/\\\/archiviocassano.lavocedelpaese.info\\\/#\\\/schema\\\/person\\\/df195bc79a9b4c35127cf005f92e041b\",\"name\":\"admin\",\"image\":{\"@type\":\"ImageObject\",\"inLanguage\":\"it-IT\",\"@id\":\"https:\\\/\\\/secure.gravatar.com\\\/avatar\\\/eabba89a432e8eaa1b0207cc55f7e5340b22712b1ed80677efcf63e02ff5b235?s=96&d=mm&r=g\",\"url\":\"https:\\\/\\\/secure.gravatar.com\\\/avatar\\\/eabba89a432e8eaa1b0207cc55f7e5340b22712b1ed80677efcf63e02ff5b235?s=96&d=mm&r=g\",\"contentUrl\":\"https:\\\/\\\/secure.gravatar.com\\\/avatar\\\/eabba89a432e8eaa1b0207cc55f7e5340b22712b1ed80677efcf63e02ff5b235?s=96&d=mm&r=g\",\"caption\":\"admin\"},\"sameAs\":[\"https:\\\/\\\/archiviocassano.lavocedelpaese.info\"],\"url\":\"https:\\\/\\\/archiviocassano.lavocedelpaese.info\\\/index.php\\\/author\\\/admin_0qgz1xdp\\\/\"}]}<\/script>\n<!-- \/ Yoast SEO plugin. -->","yoast_head_json":{"title":"La Di Medio smentisce (dopo un anno!) l'appartenenza a FdI - Archivio CassanoWeb","robots":{"index":"index","follow":"follow","max-snippet":"max-snippet:-1","max-image-preview":"max-image-preview:large","max-video-preview":"max-video-preview:-1"},"canonical":"https:\/\/archiviocassano.lavocedelpaese.info\/index.php\/2018\/12\/31\/la-di-medio-smentisce-dopo-un-anno-lappartenenza-a-fdi\/","og_locale":"it_IT","og_type":"article","og_title":"La Di Medio smentisce (dopo un anno!) l'appartenenza a FdI - Archivio CassanoWeb","og_url":"https:\/\/archiviocassano.lavocedelpaese.info\/index.php\/2018\/12\/31\/la-di-medio-smentisce-dopo-un-anno-lappartenenza-a-fdi\/","og_site_name":"Archivio CassanoWeb","article_publisher":"https:\/\/www.facebook.com\/redazione.cassanoweb","article_published_time":"2018-12-31T17:18:10+00:00","og_image":[{"width":410,"height":200,"url":"https:\/\/archiviocassano.lavocedelpaese.info\/wp-content\/uploads\/2011\/12\/sindaco_di_medio.jpg","type":"image\/jpeg"}],"author":"admin","twitter_card":"summary_large_image","twitter_misc":{"Scritto da":"admin","Tempo di lettura stimato":"3 minuti"},"schema":{"@context":"https:\/\/schema.org","@graph":[{"@type":"Article","@id":"https:\/\/archiviocassano.lavocedelpaese.info\/index.php\/2018\/12\/31\/la-di-medio-smentisce-dopo-un-anno-lappartenenza-a-fdi\/#article","isPartOf":{"@id":"https:\/\/archiviocassano.lavocedelpaese.info\/index.php\/2018\/12\/31\/la-di-medio-smentisce-dopo-un-anno-lappartenenza-a-fdi\/"},"author":{"name":"admin","@id":"https:\/\/archiviocassano.lavocedelpaese.info\/#\/schema\/person\/df195bc79a9b4c35127cf005f92e041b"},"headline":"La Di Medio smentisce (dopo un anno!) l&#8217;appartenenza a FdI","datePublished":"2018-12-31T17:18:10+00:00","mainEntityOfPage":{"@id":"https:\/\/archiviocassano.lavocedelpaese.info\/index.php\/2018\/12\/31\/la-di-medio-smentisce-dopo-un-anno-lappartenenza-a-fdi\/"},"wordCount":568,"commentCount":0,"publisher":{"@id":"https:\/\/archiviocassano.lavocedelpaese.info\/#organization"},"image":{"@id":"https:\/\/archiviocassano.lavocedelpaese.info\/index.php\/2018\/12\/31\/la-di-medio-smentisce-dopo-un-anno-lappartenenza-a-fdi\/#primaryimage"},"thumbnailUrl":"https:\/\/archiviocassano.lavocedelpaese.info\/wp-content\/uploads\/2011\/12\/sindaco_di_medio.jpg","articleSection":["Politica"],"inLanguage":"it-IT","potentialAction":[{"@type":"CommentAction","name":"Comment","target":["https:\/\/archiviocassano.lavocedelpaese.info\/index.php\/2018\/12\/31\/la-di-medio-smentisce-dopo-un-anno-lappartenenza-a-fdi\/#respond"]}]},{"@type":"WebPage","@id":"https:\/\/archiviocassano.lavocedelpaese.info\/index.php\/2018\/12\/31\/la-di-medio-smentisce-dopo-un-anno-lappartenenza-a-fdi\/","url":"https:\/\/archiviocassano.lavocedelpaese.info\/index.php\/2018\/12\/31\/la-di-medio-smentisce-dopo-un-anno-lappartenenza-a-fdi\/","name":"La Di Medio smentisce (dopo un anno!) l'appartenenza a FdI - Archivio CassanoWeb","isPartOf":{"@id":"https:\/\/archiviocassano.lavocedelpaese.info\/#website"},"primaryImageOfPage":{"@id":"https:\/\/archiviocassano.lavocedelpaese.info\/index.php\/2018\/12\/31\/la-di-medio-smentisce-dopo-un-anno-lappartenenza-a-fdi\/#primaryimage"},"image":{"@id":"https:\/\/archiviocassano.lavocedelpaese.info\/index.php\/2018\/12\/31\/la-di-medio-smentisce-dopo-un-anno-lappartenenza-a-fdi\/#primaryimage"},"thumbnailUrl":"https:\/\/archiviocassano.lavocedelpaese.info\/wp-content\/uploads\/2011\/12\/sindaco_di_medio.jpg","datePublished":"2018-12-31T17:18:10+00:00","breadcrumb":{"@id":"https:\/\/archiviocassano.lavocedelpaese.info\/index.php\/2018\/12\/31\/la-di-medio-smentisce-dopo-un-anno-lappartenenza-a-fdi\/#breadcrumb"},"inLanguage":"it-IT","potentialAction":[{"@type":"ReadAction","target":["https:\/\/archiviocassano.lavocedelpaese.info\/index.php\/2018\/12\/31\/la-di-medio-smentisce-dopo-un-anno-lappartenenza-a-fdi\/"]}]},{"@type":"ImageObject","inLanguage":"it-IT","@id":"https:\/\/archiviocassano.lavocedelpaese.info\/index.php\/2018\/12\/31\/la-di-medio-smentisce-dopo-un-anno-lappartenenza-a-fdi\/#primaryimage","url":"https:\/\/archiviocassano.lavocedelpaese.info\/wp-content\/uploads\/2011\/12\/sindaco_di_medio.jpg","contentUrl":"https:\/\/archiviocassano.lavocedelpaese.info\/wp-content\/uploads\/2011\/12\/sindaco_di_medio.jpg","width":410,"height":200,"caption":"sindaco di medio"},{"@type":"BreadcrumbList","@id":"https:\/\/archiviocassano.lavocedelpaese.info\/index.php\/2018\/12\/31\/la-di-medio-smentisce-dopo-un-anno-lappartenenza-a-fdi\/#breadcrumb","itemListElement":[{"@type":"ListItem","position":1,"name":"Home","item":"https:\/\/archiviocassano.lavocedelpaese.info\/"},{"@type":"ListItem","position":2,"name":"La Di Medio smentisce (dopo un anno!) l&#8217;appartenenza a FdI"}]},{"@type":"WebSite","@id":"https:\/\/archiviocassano.lavocedelpaese.info\/#website","url":"https:\/\/archiviocassano.lavocedelpaese.info\/","name":"Archivio CassanoWeb","description":"La Voce del Paese - un network di idee","publisher":{"@id":"https:\/\/archiviocassano.lavocedelpaese.info\/#organization"},"potentialAction":[{"@type":"SearchAction","target":{"@type":"EntryPoint","urlTemplate":"https:\/\/archiviocassano.lavocedelpaese.info\/?s={search_term_string}"},"query-input":{"@type":"PropertyValueSpecification","valueRequired":true,"valueName":"search_term_string"}}],"inLanguage":"it-IT"},{"@type":"Organization","@id":"https:\/\/archiviocassano.lavocedelpaese.info\/#organization","name":"Archivio CassanoWeb","url":"https:\/\/archiviocassano.lavocedelpaese.info\/","logo":{"@type":"ImageObject","inLanguage":"it-IT","@id":"https:\/\/archiviocassano.lavocedelpaese.info\/#\/schema\/logo\/image\/","url":"https:\/\/archiviocassano.lavocedelpaese.info\/wp-content\/uploads\/2024\/08\/logo-rosso-2.png","contentUrl":"https:\/\/archiviocassano.lavocedelpaese.info\/wp-content\/uploads\/2024\/08\/logo-rosso-2.png","width":491,"height":432,"caption":"Archivio CassanoWeb"},"image":{"@id":"https:\/\/archiviocassano.lavocedelpaese.info\/#\/schema\/logo\/image\/"},"sameAs":["https:\/\/www.facebook.com\/redazione.cassanoweb"]},{"@type":"Person","@id":"https:\/\/archiviocassano.lavocedelpaese.info\/#\/schema\/person\/df195bc79a9b4c35127cf005f92e041b","name":"admin","image":{"@type":"ImageObject","inLanguage":"it-IT","@id":"https:\/\/secure.gravatar.com\/avatar\/eabba89a432e8eaa1b0207cc55f7e5340b22712b1ed80677efcf63e02ff5b235?s=96&d=mm&r=g","url":"https:\/\/secure.gravatar.com\/avatar\/eabba89a432e8eaa1b0207cc55f7e5340b22712b1ed80677efcf63e02ff5b235?s=96&d=mm&r=g","contentUrl":"https:\/\/secure.gravatar.com\/avatar\/eabba89a432e8eaa1b0207cc55f7e5340b22712b1ed80677efcf63e02ff5b235?s=96&d=mm&r=g","caption":"admin"},"sameAs":["https:\/\/archiviocassano.lavocedelpaese.info"],"url":"https:\/\/archiviocassano.lavocedelpaese.info\/index.php\/author\/admin_0qgz1xdp\/"}]}},"_links":{"self":[{"href":"https:\/\/archiviocassano.lavocedelpaese.info\/index.php\/wp-json\/wp\/v2\/posts\/16920","targetHints":{"allow":["GET"]}}],"collection":[{"href":"https:\/\/archiviocassano.lavocedelpaese.info\/index.php\/wp-json\/wp\/v2\/posts"}],"about":[{"href":"https:\/\/archiviocassano.lavocedelpaese.info\/index.php\/wp-json\/wp\/v2\/types\/post"}],"author":[{"embeddable":true,"href":"https:\/\/archiviocassano.lavocedelpaese.info\/index.php\/wp-json\/wp\/v2\/users\/1"}],"replies":[{"embeddable":true,"href":"https:\/\/archiviocassano.lavocedelpaese.info\/index.php\/wp-json\/wp\/v2\/comments?post=16920"}],"version-history":[{"count":0,"href":"https:\/\/archiviocassano.lavocedelpaese.info\/index.php\/wp-json\/wp\/v2\/posts\/16920\/revisions"}],"wp:featuredmedia":[{"embeddable":true,"href":"https:\/\/archiviocassano.lavocedelpaese.info\/index.php\/wp-json\/wp\/v2\/media\/4963"}],"wp:attachment":[{"href":"https:\/\/archiviocassano.lavocedelpaese.info\/index.php\/wp-json\/wp\/v2\/media?parent=16920"}],"wp:term":[{"taxonomy":"category","embeddable":true,"href":"https:\/\/archiviocassano.lavocedelpaese.info\/index.php\/wp-json\/wp\/v2\/categories?post=16920"},{"taxonomy":"post_tag","embeddable":true,"href":"https:\/\/archiviocassano.lavocedelpaese.info\/index.php\/wp-json\/wp\/v2\/tags?post=16920"}],"curies":[{"name":"wp","href":"https:\/\/api.w.org\/{rel}","templated":true}]}}