{"id":17081,"date":"2019-02-14T11:42:23","date_gmt":"2019-02-14T11:42:23","guid":{"rendered":"https:\/\/archiviocassano.lavocedelpaese.info\/index.php\/2019\/02\/14\/piano-di-zona-ignazio-zullo-chiede-il-commissariamento-del-distretto\/"},"modified":"2019-02-14T11:42:23","modified_gmt":"2019-02-14T11:42:23","slug":"piano-di-zona-ignazio-zullo-chiede-il-commissariamento-del-distretto","status":"publish","type":"post","link":"https:\/\/archiviocassano.lavocedelpaese.info\/index.php\/2019\/02\/14\/piano-di-zona-ignazio-zullo-chiede-il-commissariamento-del-distretto\/","title":{"rendered":"Zullo chiede il Commissariamento del Distretto di Grumo"},"content":{"rendered":"<p style=\"text-align: justify;\"><img loading=\"lazy\" decoding=\"async\" class=\" size-full wp-image-14959\" src=\"https:\/\/archiviocassano.lavocedelpaese.info\/wp-content\/uploads\/2017\/11\/Ignazio_Zullo_buona-iloveimg-cropped.jpg\" alt=\"Ignazio Zullo buona-iloveimg-cropped\" style=\"margin-right: 2px; margin-left: 2px;\" height=\"150\" width=\"320\" \/><\/p>\n<p><!--more--><\/p>\n<p>&nbsp;&#8220;Il Piano di Zona del distretto socio-sanitario di Grumo Appula va commissariato! Ormai, la conduzione delle attivit\u00e0 \u00e8 surreale perch\u00e9 unisce la cattiva gestione dei soldi pubblici con la fantasia amministrativa di chi dovrebbe gestirli. Un connubio che dovrebbe portare il presidente Emiliano ad accendere i riflettori su detto Ambito di Piano di Zona che oltre alla Asl di Bari comprende sei Comuni baresi (Grumo Appula, Toritto, Sannicandro di Bari, Binetto, Cassano delle Murge e Acquaviva delle Fonti). Per questo motivo oggi torno a sollecitare il commissariamento per fatti gi\u00e0 segnalati al Presidente Emiliano in una mia precedente interrogazione.&nbsp;<\/p>\n<p>E&#8217; quanto afferma in una nota il Consigliere regionale Ignazio Zullo, Presidente del gruppo consiliare &#8220;Direzione Italia&#8221;.<\/p>\n<p>Occorre fare una premessa: la Regione Puglia ha emanato nel 2017 il Piano delle Politiche Sociali che chiama gli Ambiti distrettuali a redigere entro Aprile 2018 il Piano di Zona per il triennio 2018\/2020 e stanzia sostanziose risorse che mirano alla presa in carico sul piano socio-sanitario e socio-assistenziale chi, per vari motivi, ha bisogno di un sostegno alla fragilit\u00e0. Per l&#8217;Ambito di Grumo sono stati stanziati 800.000 euro per il 2018 da utilizzare solo dietro approvazione del Piano di Zona da parte della Regione. Siamo nel 2019, ma alla Regione da Grumo non \u00e8 stato presentata nemmeno la bozza del Piano di Zona. Un ritardo gravissimo che non si riscontra in nessun altro ambito distrettuale dell&#8217;ASL BARI e a pagarne le spese sono le persone con fragilit\u00e0 e le loro famiglie. E gi\u00e0 questo \u00e8 grave e dovrebbe mettere in allarme sia Emiliano sia il suo assessore al Welfare, Ruggieri.&nbsp;<br \/>Ma in questa vicenda se da una parte non si progetta nulla per il triennio si impegnano risorse addirittura per un ventennio, fino al 2040. Si dir\u00e0, ma se i finanziamenti sono triennali come \u00e8 possibile che il Piano di Zona preveda di finanziare una piscina fino al 2040???&nbsp;<br \/>Questa la storia che meriterebbe davvero qualche accertamento: il Sindaco di Grumo Appula, a partire dal 2020, si \u00e8 impegnato a versare 79mila euro per 20 anni per finanziare un project financing per realizzare un centro sportivo con piscina coperta climatizzata. E fin qui \u00e8 una vicenda tutta interna al Comune di Grumo Appula\u2026 se non fosse che lo stesso soggetto (il sindaco) come Comune capofila del Piano di Zona, d\u2019accordo con i sindaci di Toritto, Sannicandro, Binetto e Cassano (assenti il sindaco di Acquaviva e il direttore generale della Asl), decidono di contribuire alla realizzazione della \u201csua\u201d piscina natatoria con 40mila euro annui da attingere dalle risorse del Piano di Zona che per ammissione della Regione \u00e8 contro legge. Ma questi Sindaci chiamati a elaborare il Piano di Zona 2018-2020 per il quale hanno accumulato ad oggi un ritardo di un anno e ancora non se ne vede l&#8217;ombra, si sono premurati di impegnare risorse del ventennio 2020-2040 ad oggi inesistenti. S\u00ec proprio un ventennio\u2026 e se dovesse cambiare la politica dei Piani di Zona in questo ventennio? E se non ci dovessero essere i soldi sufficienti nei prossimi venti anni?&nbsp;<br \/>Non solo, va anche detto che a soli 3 km, a Toritto, nell&#8217;ambito del presidio poliambulatoriale c&#8217;\u00e8 una piscina riabilitativa per disabili vandalizzata e lasciata nell&#8217;incuria che avrebbe titolo ad essere riattivata con i fondi dei Piani di Zona ma della quale i Sindaci non si preoccupano.&nbsp;<br \/>Perch\u00e9 quella di Toritto avrebbe titolo ad essere finanziata con i fondi dei Piani di Zona e quella di Grumo no? Perch\u00e9 la piscina di Toritto essendo riabilitativa risponde alle finalit\u00e0 dei Piani di Zona mentre la piscina di Grumo essendo natatoria destinata ad attivit\u00e0 sportive si scontra con un espresso divieto legislativo che vieta l\u2019impiego di risorse del Piano di Zona.&nbsp;<br \/>Per questo ho sollecitato oggi Emiliano perch\u00e9 risponda senza perdere ulteriore tempo prezioso all\u2019interrogazione presentata al presidente Emiliano e all&#8217;Assessore alle Politiche Sociali, Ruggeri, per valutare il commissariamento del Piano di Zona di Grumo, sia per i ritardi nella redazione del Piano di Zona 2018\/2020 che si ripercuotono sui servizi da rendere alle persone fragili con il compito di redigere il Piano di Zona ma anche per valutare la legittimit\u00e0 degli atti inerenti il coinvolgimento delle risorse del Piano di Zona nel project financing con accortezza sulle possibili azioni risarcitorie che il privato aggiudicatario della realizzazione della piscina potr\u00e0 intentare contro il Comune e contro la Regione nel caso di mancato introito di somme nel ventennio 2020\/2040 segnalando agli Organi competenti precise responsabilit\u00e0 personali che mettano al riparo Comuni e Regione dalle suddette azioni risarcitorie. L&#8217;azione del Commissario deve estendersi alla verifica della corretta gestione dei fondi assegnati all&#8217;ambito, alla valutazione dei servizi erogati alle persone fragili, alle gare di appalto espletate e deve concludersi con una relazione da sottoporre all&#8217;attenzione della Regione&#8221;.&nbsp;<\/p>\n","protected":false},"excerpt":{"rendered":"","protected":false},"author":1,"featured_media":14959,"comment_status":"open","ping_status":"closed","sticky":false,"template":"","format":"standard","meta":{"colormag_page_container_layout":"default_layout","colormag_page_sidebar_layout":"default_layout","footnotes":""},"categories":[4],"tags":[],"class_list":["post-17081","post","type-post","status-publish","format-standard","has-post-thumbnail","hentry","category-politica"],"yoast_head":"<!-- This site is optimized with the Yoast SEO plugin v27.5 - https:\/\/yoast.com\/product\/yoast-seo-wordpress\/ -->\n<title>Zullo chiede il Commissariamento del Distretto di Grumo - Archivio CassanoWeb<\/title>\n<meta name=\"robots\" content=\"index, follow, max-snippet:-1, max-image-preview:large, max-video-preview:-1\" \/>\n<link rel=\"canonical\" href=\"https:\/\/archiviocassano.lavocedelpaese.info\/index.php\/2019\/02\/14\/piano-di-zona-ignazio-zullo-chiede-il-commissariamento-del-distretto\/\" \/>\n<meta property=\"og:locale\" content=\"it_IT\" \/>\n<meta property=\"og:type\" content=\"article\" \/>\n<meta property=\"og:title\" content=\"Zullo chiede il Commissariamento del Distretto di Grumo - Archivio CassanoWeb\" \/>\n<meta property=\"og:url\" content=\"https:\/\/archiviocassano.lavocedelpaese.info\/index.php\/2019\/02\/14\/piano-di-zona-ignazio-zullo-chiede-il-commissariamento-del-distretto\/\" \/>\n<meta property=\"og:site_name\" content=\"Archivio CassanoWeb\" \/>\n<meta property=\"article:publisher\" content=\"https:\/\/www.facebook.com\/redazione.cassanoweb\" \/>\n<meta property=\"article:published_time\" content=\"2019-02-14T11:42:23+00:00\" \/>\n<meta property=\"og:image\" content=\"https:\/\/archiviocassano.lavocedelpaese.info\/wp-content\/uploads\/2017\/11\/Ignazio_Zullo_buona-iloveimg-cropped.jpg\" \/>\n\t<meta property=\"og:image:width\" content=\"414\" \/>\n\t<meta property=\"og:image:height\" content=\"220\" \/>\n\t<meta property=\"og:image:type\" content=\"image\/jpeg\" \/>\n<meta name=\"author\" content=\"admin\" \/>\n<meta name=\"twitter:card\" content=\"summary_large_image\" \/>\n<meta name=\"twitter:label1\" content=\"Scritto da\" \/>\n\t<meta name=\"twitter:data1\" content=\"admin\" \/>\n\t<meta name=\"twitter:label2\" content=\"Tempo di lettura stimato\" \/>\n\t<meta name=\"twitter:data2\" content=\"4 minuti\" \/>\n<script type=\"application\/ld+json\" class=\"yoast-schema-graph\">{\"@context\":\"https:\\\/\\\/schema.org\",\"@graph\":[{\"@type\":\"Article\",\"@id\":\"https:\\\/\\\/archiviocassano.lavocedelpaese.info\\\/index.php\\\/2019\\\/02\\\/14\\\/piano-di-zona-ignazio-zullo-chiede-il-commissariamento-del-distretto\\\/#article\",\"isPartOf\":{\"@id\":\"https:\\\/\\\/archiviocassano.lavocedelpaese.info\\\/index.php\\\/2019\\\/02\\\/14\\\/piano-di-zona-ignazio-zullo-chiede-il-commissariamento-del-distretto\\\/\"},\"author\":{\"name\":\"admin\",\"@id\":\"https:\\\/\\\/archiviocassano.lavocedelpaese.info\\\/#\\\/schema\\\/person\\\/df195bc79a9b4c35127cf005f92e041b\"},\"headline\":\"Zullo chiede il Commissariamento del Distretto di Grumo\",\"datePublished\":\"2019-02-14T11:42:23+00:00\",\"mainEntityOfPage\":{\"@id\":\"https:\\\/\\\/archiviocassano.lavocedelpaese.info\\\/index.php\\\/2019\\\/02\\\/14\\\/piano-di-zona-ignazio-zullo-chiede-il-commissariamento-del-distretto\\\/\"},\"wordCount\":798,\"commentCount\":0,\"publisher\":{\"@id\":\"https:\\\/\\\/archiviocassano.lavocedelpaese.info\\\/#organization\"},\"image\":{\"@id\":\"https:\\\/\\\/archiviocassano.lavocedelpaese.info\\\/index.php\\\/2019\\\/02\\\/14\\\/piano-di-zona-ignazio-zullo-chiede-il-commissariamento-del-distretto\\\/#primaryimage\"},\"thumbnailUrl\":\"https:\\\/\\\/archiviocassano.lavocedelpaese.info\\\/wp-content\\\/uploads\\\/2017\\\/11\\\/Ignazio_Zullo_buona-iloveimg-cropped.jpg\",\"articleSection\":[\"Politica\"],\"inLanguage\":\"it-IT\",\"potentialAction\":[{\"@type\":\"CommentAction\",\"name\":\"Comment\",\"target\":[\"https:\\\/\\\/archiviocassano.lavocedelpaese.info\\\/index.php\\\/2019\\\/02\\\/14\\\/piano-di-zona-ignazio-zullo-chiede-il-commissariamento-del-distretto\\\/#respond\"]}]},{\"@type\":\"WebPage\",\"@id\":\"https:\\\/\\\/archiviocassano.lavocedelpaese.info\\\/index.php\\\/2019\\\/02\\\/14\\\/piano-di-zona-ignazio-zullo-chiede-il-commissariamento-del-distretto\\\/\",\"url\":\"https:\\\/\\\/archiviocassano.lavocedelpaese.info\\\/index.php\\\/2019\\\/02\\\/14\\\/piano-di-zona-ignazio-zullo-chiede-il-commissariamento-del-distretto\\\/\",\"name\":\"Zullo chiede il Commissariamento del Distretto di Grumo - Archivio CassanoWeb\",\"isPartOf\":{\"@id\":\"https:\\\/\\\/archiviocassano.lavocedelpaese.info\\\/#website\"},\"primaryImageOfPage\":{\"@id\":\"https:\\\/\\\/archiviocassano.lavocedelpaese.info\\\/index.php\\\/2019\\\/02\\\/14\\\/piano-di-zona-ignazio-zullo-chiede-il-commissariamento-del-distretto\\\/#primaryimage\"},\"image\":{\"@id\":\"https:\\\/\\\/archiviocassano.lavocedelpaese.info\\\/index.php\\\/2019\\\/02\\\/14\\\/piano-di-zona-ignazio-zullo-chiede-il-commissariamento-del-distretto\\\/#primaryimage\"},\"thumbnailUrl\":\"https:\\\/\\\/archiviocassano.lavocedelpaese.info\\\/wp-content\\\/uploads\\\/2017\\\/11\\\/Ignazio_Zullo_buona-iloveimg-cropped.jpg\",\"datePublished\":\"2019-02-14T11:42:23+00:00\",\"breadcrumb\":{\"@id\":\"https:\\\/\\\/archiviocassano.lavocedelpaese.info\\\/index.php\\\/2019\\\/02\\\/14\\\/piano-di-zona-ignazio-zullo-chiede-il-commissariamento-del-distretto\\\/#breadcrumb\"},\"inLanguage\":\"it-IT\",\"potentialAction\":[{\"@type\":\"ReadAction\",\"target\":[\"https:\\\/\\\/archiviocassano.lavocedelpaese.info\\\/index.php\\\/2019\\\/02\\\/14\\\/piano-di-zona-ignazio-zullo-chiede-il-commissariamento-del-distretto\\\/\"]}]},{\"@type\":\"ImageObject\",\"inLanguage\":\"it-IT\",\"@id\":\"https:\\\/\\\/archiviocassano.lavocedelpaese.info\\\/index.php\\\/2019\\\/02\\\/14\\\/piano-di-zona-ignazio-zullo-chiede-il-commissariamento-del-distretto\\\/#primaryimage\",\"url\":\"https:\\\/\\\/archiviocassano.lavocedelpaese.info\\\/wp-content\\\/uploads\\\/2017\\\/11\\\/Ignazio_Zullo_buona-iloveimg-cropped.jpg\",\"contentUrl\":\"https:\\\/\\\/archiviocassano.lavocedelpaese.info\\\/wp-content\\\/uploads\\\/2017\\\/11\\\/Ignazio_Zullo_buona-iloveimg-cropped.jpg\",\"width\":414,\"height\":220,\"caption\":\"Ignazio Zullo buona-iloveimg-cropped\"},{\"@type\":\"BreadcrumbList\",\"@id\":\"https:\\\/\\\/archiviocassano.lavocedelpaese.info\\\/index.php\\\/2019\\\/02\\\/14\\\/piano-di-zona-ignazio-zullo-chiede-il-commissariamento-del-distretto\\\/#breadcrumb\",\"itemListElement\":[{\"@type\":\"ListItem\",\"position\":1,\"name\":\"Home\",\"item\":\"https:\\\/\\\/archiviocassano.lavocedelpaese.info\\\/\"},{\"@type\":\"ListItem\",\"position\":2,\"name\":\"Zullo chiede il Commissariamento del Distretto di Grumo\"}]},{\"@type\":\"WebSite\",\"@id\":\"https:\\\/\\\/archiviocassano.lavocedelpaese.info\\\/#website\",\"url\":\"https:\\\/\\\/archiviocassano.lavocedelpaese.info\\\/\",\"name\":\"Archivio CassanoWeb\",\"description\":\"La Voce del Paese - un network di idee\",\"publisher\":{\"@id\":\"https:\\\/\\\/archiviocassano.lavocedelpaese.info\\\/#organization\"},\"potentialAction\":[{\"@type\":\"SearchAction\",\"target\":{\"@type\":\"EntryPoint\",\"urlTemplate\":\"https:\\\/\\\/archiviocassano.lavocedelpaese.info\\\/?s={search_term_string}\"},\"query-input\":{\"@type\":\"PropertyValueSpecification\",\"valueRequired\":true,\"valueName\":\"search_term_string\"}}],\"inLanguage\":\"it-IT\"},{\"@type\":\"Organization\",\"@id\":\"https:\\\/\\\/archiviocassano.lavocedelpaese.info\\\/#organization\",\"name\":\"Archivio CassanoWeb\",\"url\":\"https:\\\/\\\/archiviocassano.lavocedelpaese.info\\\/\",\"logo\":{\"@type\":\"ImageObject\",\"inLanguage\":\"it-IT\",\"@id\":\"https:\\\/\\\/archiviocassano.lavocedelpaese.info\\\/#\\\/schema\\\/logo\\\/image\\\/\",\"url\":\"https:\\\/\\\/archiviocassano.lavocedelpaese.info\\\/wp-content\\\/uploads\\\/2024\\\/08\\\/logo-rosso-2.png\",\"contentUrl\":\"https:\\\/\\\/archiviocassano.lavocedelpaese.info\\\/wp-content\\\/uploads\\\/2024\\\/08\\\/logo-rosso-2.png\",\"width\":491,\"height\":432,\"caption\":\"Archivio CassanoWeb\"},\"image\":{\"@id\":\"https:\\\/\\\/archiviocassano.lavocedelpaese.info\\\/#\\\/schema\\\/logo\\\/image\\\/\"},\"sameAs\":[\"https:\\\/\\\/www.facebook.com\\\/redazione.cassanoweb\"]},{\"@type\":\"Person\",\"@id\":\"https:\\\/\\\/archiviocassano.lavocedelpaese.info\\\/#\\\/schema\\\/person\\\/df195bc79a9b4c35127cf005f92e041b\",\"name\":\"admin\",\"image\":{\"@type\":\"ImageObject\",\"inLanguage\":\"it-IT\",\"@id\":\"https:\\\/\\\/secure.gravatar.com\\\/avatar\\\/eabba89a432e8eaa1b0207cc55f7e5340b22712b1ed80677efcf63e02ff5b235?s=96&d=mm&r=g\",\"url\":\"https:\\\/\\\/secure.gravatar.com\\\/avatar\\\/eabba89a432e8eaa1b0207cc55f7e5340b22712b1ed80677efcf63e02ff5b235?s=96&d=mm&r=g\",\"contentUrl\":\"https:\\\/\\\/secure.gravatar.com\\\/avatar\\\/eabba89a432e8eaa1b0207cc55f7e5340b22712b1ed80677efcf63e02ff5b235?s=96&d=mm&r=g\",\"caption\":\"admin\"},\"sameAs\":[\"https:\\\/\\\/archiviocassano.lavocedelpaese.info\"],\"url\":\"https:\\\/\\\/archiviocassano.lavocedelpaese.info\\\/index.php\\\/author\\\/admin_0qgz1xdp\\\/\"}]}<\/script>\n<!-- \/ Yoast SEO plugin. -->","yoast_head_json":{"title":"Zullo chiede il Commissariamento del Distretto di Grumo - Archivio CassanoWeb","robots":{"index":"index","follow":"follow","max-snippet":"max-snippet:-1","max-image-preview":"max-image-preview:large","max-video-preview":"max-video-preview:-1"},"canonical":"https:\/\/archiviocassano.lavocedelpaese.info\/index.php\/2019\/02\/14\/piano-di-zona-ignazio-zullo-chiede-il-commissariamento-del-distretto\/","og_locale":"it_IT","og_type":"article","og_title":"Zullo chiede il Commissariamento del Distretto di Grumo - Archivio CassanoWeb","og_url":"https:\/\/archiviocassano.lavocedelpaese.info\/index.php\/2019\/02\/14\/piano-di-zona-ignazio-zullo-chiede-il-commissariamento-del-distretto\/","og_site_name":"Archivio CassanoWeb","article_publisher":"https:\/\/www.facebook.com\/redazione.cassanoweb","article_published_time":"2019-02-14T11:42:23+00:00","og_image":[{"width":414,"height":220,"url":"https:\/\/archiviocassano.lavocedelpaese.info\/wp-content\/uploads\/2017\/11\/Ignazio_Zullo_buona-iloveimg-cropped.jpg","type":"image\/jpeg"}],"author":"admin","twitter_card":"summary_large_image","twitter_misc":{"Scritto da":"admin","Tempo di lettura stimato":"4 minuti"},"schema":{"@context":"https:\/\/schema.org","@graph":[{"@type":"Article","@id":"https:\/\/archiviocassano.lavocedelpaese.info\/index.php\/2019\/02\/14\/piano-di-zona-ignazio-zullo-chiede-il-commissariamento-del-distretto\/#article","isPartOf":{"@id":"https:\/\/archiviocassano.lavocedelpaese.info\/index.php\/2019\/02\/14\/piano-di-zona-ignazio-zullo-chiede-il-commissariamento-del-distretto\/"},"author":{"name":"admin","@id":"https:\/\/archiviocassano.lavocedelpaese.info\/#\/schema\/person\/df195bc79a9b4c35127cf005f92e041b"},"headline":"Zullo chiede il Commissariamento del Distretto di Grumo","datePublished":"2019-02-14T11:42:23+00:00","mainEntityOfPage":{"@id":"https:\/\/archiviocassano.lavocedelpaese.info\/index.php\/2019\/02\/14\/piano-di-zona-ignazio-zullo-chiede-il-commissariamento-del-distretto\/"},"wordCount":798,"commentCount":0,"publisher":{"@id":"https:\/\/archiviocassano.lavocedelpaese.info\/#organization"},"image":{"@id":"https:\/\/archiviocassano.lavocedelpaese.info\/index.php\/2019\/02\/14\/piano-di-zona-ignazio-zullo-chiede-il-commissariamento-del-distretto\/#primaryimage"},"thumbnailUrl":"https:\/\/archiviocassano.lavocedelpaese.info\/wp-content\/uploads\/2017\/11\/Ignazio_Zullo_buona-iloveimg-cropped.jpg","articleSection":["Politica"],"inLanguage":"it-IT","potentialAction":[{"@type":"CommentAction","name":"Comment","target":["https:\/\/archiviocassano.lavocedelpaese.info\/index.php\/2019\/02\/14\/piano-di-zona-ignazio-zullo-chiede-il-commissariamento-del-distretto\/#respond"]}]},{"@type":"WebPage","@id":"https:\/\/archiviocassano.lavocedelpaese.info\/index.php\/2019\/02\/14\/piano-di-zona-ignazio-zullo-chiede-il-commissariamento-del-distretto\/","url":"https:\/\/archiviocassano.lavocedelpaese.info\/index.php\/2019\/02\/14\/piano-di-zona-ignazio-zullo-chiede-il-commissariamento-del-distretto\/","name":"Zullo chiede il Commissariamento del Distretto di Grumo - Archivio CassanoWeb","isPartOf":{"@id":"https:\/\/archiviocassano.lavocedelpaese.info\/#website"},"primaryImageOfPage":{"@id":"https:\/\/archiviocassano.lavocedelpaese.info\/index.php\/2019\/02\/14\/piano-di-zona-ignazio-zullo-chiede-il-commissariamento-del-distretto\/#primaryimage"},"image":{"@id":"https:\/\/archiviocassano.lavocedelpaese.info\/index.php\/2019\/02\/14\/piano-di-zona-ignazio-zullo-chiede-il-commissariamento-del-distretto\/#primaryimage"},"thumbnailUrl":"https:\/\/archiviocassano.lavocedelpaese.info\/wp-content\/uploads\/2017\/11\/Ignazio_Zullo_buona-iloveimg-cropped.jpg","datePublished":"2019-02-14T11:42:23+00:00","breadcrumb":{"@id":"https:\/\/archiviocassano.lavocedelpaese.info\/index.php\/2019\/02\/14\/piano-di-zona-ignazio-zullo-chiede-il-commissariamento-del-distretto\/#breadcrumb"},"inLanguage":"it-IT","potentialAction":[{"@type":"ReadAction","target":["https:\/\/archiviocassano.lavocedelpaese.info\/index.php\/2019\/02\/14\/piano-di-zona-ignazio-zullo-chiede-il-commissariamento-del-distretto\/"]}]},{"@type":"ImageObject","inLanguage":"it-IT","@id":"https:\/\/archiviocassano.lavocedelpaese.info\/index.php\/2019\/02\/14\/piano-di-zona-ignazio-zullo-chiede-il-commissariamento-del-distretto\/#primaryimage","url":"https:\/\/archiviocassano.lavocedelpaese.info\/wp-content\/uploads\/2017\/11\/Ignazio_Zullo_buona-iloveimg-cropped.jpg","contentUrl":"https:\/\/archiviocassano.lavocedelpaese.info\/wp-content\/uploads\/2017\/11\/Ignazio_Zullo_buona-iloveimg-cropped.jpg","width":414,"height":220,"caption":"Ignazio Zullo buona-iloveimg-cropped"},{"@type":"BreadcrumbList","@id":"https:\/\/archiviocassano.lavocedelpaese.info\/index.php\/2019\/02\/14\/piano-di-zona-ignazio-zullo-chiede-il-commissariamento-del-distretto\/#breadcrumb","itemListElement":[{"@type":"ListItem","position":1,"name":"Home","item":"https:\/\/archiviocassano.lavocedelpaese.info\/"},{"@type":"ListItem","position":2,"name":"Zullo chiede il Commissariamento del Distretto di Grumo"}]},{"@type":"WebSite","@id":"https:\/\/archiviocassano.lavocedelpaese.info\/#website","url":"https:\/\/archiviocassano.lavocedelpaese.info\/","name":"Archivio CassanoWeb","description":"La Voce del Paese - un network di idee","publisher":{"@id":"https:\/\/archiviocassano.lavocedelpaese.info\/#organization"},"potentialAction":[{"@type":"SearchAction","target":{"@type":"EntryPoint","urlTemplate":"https:\/\/archiviocassano.lavocedelpaese.info\/?s={search_term_string}"},"query-input":{"@type":"PropertyValueSpecification","valueRequired":true,"valueName":"search_term_string"}}],"inLanguage":"it-IT"},{"@type":"Organization","@id":"https:\/\/archiviocassano.lavocedelpaese.info\/#organization","name":"Archivio CassanoWeb","url":"https:\/\/archiviocassano.lavocedelpaese.info\/","logo":{"@type":"ImageObject","inLanguage":"it-IT","@id":"https:\/\/archiviocassano.lavocedelpaese.info\/#\/schema\/logo\/image\/","url":"https:\/\/archiviocassano.lavocedelpaese.info\/wp-content\/uploads\/2024\/08\/logo-rosso-2.png","contentUrl":"https:\/\/archiviocassano.lavocedelpaese.info\/wp-content\/uploads\/2024\/08\/logo-rosso-2.png","width":491,"height":432,"caption":"Archivio CassanoWeb"},"image":{"@id":"https:\/\/archiviocassano.lavocedelpaese.info\/#\/schema\/logo\/image\/"},"sameAs":["https:\/\/www.facebook.com\/redazione.cassanoweb"]},{"@type":"Person","@id":"https:\/\/archiviocassano.lavocedelpaese.info\/#\/schema\/person\/df195bc79a9b4c35127cf005f92e041b","name":"admin","image":{"@type":"ImageObject","inLanguage":"it-IT","@id":"https:\/\/secure.gravatar.com\/avatar\/eabba89a432e8eaa1b0207cc55f7e5340b22712b1ed80677efcf63e02ff5b235?s=96&d=mm&r=g","url":"https:\/\/secure.gravatar.com\/avatar\/eabba89a432e8eaa1b0207cc55f7e5340b22712b1ed80677efcf63e02ff5b235?s=96&d=mm&r=g","contentUrl":"https:\/\/secure.gravatar.com\/avatar\/eabba89a432e8eaa1b0207cc55f7e5340b22712b1ed80677efcf63e02ff5b235?s=96&d=mm&r=g","caption":"admin"},"sameAs":["https:\/\/archiviocassano.lavocedelpaese.info"],"url":"https:\/\/archiviocassano.lavocedelpaese.info\/index.php\/author\/admin_0qgz1xdp\/"}]}},"_links":{"self":[{"href":"https:\/\/archiviocassano.lavocedelpaese.info\/index.php\/wp-json\/wp\/v2\/posts\/17081","targetHints":{"allow":["GET"]}}],"collection":[{"href":"https:\/\/archiviocassano.lavocedelpaese.info\/index.php\/wp-json\/wp\/v2\/posts"}],"about":[{"href":"https:\/\/archiviocassano.lavocedelpaese.info\/index.php\/wp-json\/wp\/v2\/types\/post"}],"author":[{"embeddable":true,"href":"https:\/\/archiviocassano.lavocedelpaese.info\/index.php\/wp-json\/wp\/v2\/users\/1"}],"replies":[{"embeddable":true,"href":"https:\/\/archiviocassano.lavocedelpaese.info\/index.php\/wp-json\/wp\/v2\/comments?post=17081"}],"version-history":[{"count":0,"href":"https:\/\/archiviocassano.lavocedelpaese.info\/index.php\/wp-json\/wp\/v2\/posts\/17081\/revisions"}],"wp:featuredmedia":[{"embeddable":true,"href":"https:\/\/archiviocassano.lavocedelpaese.info\/index.php\/wp-json\/wp\/v2\/media\/14959"}],"wp:attachment":[{"href":"https:\/\/archiviocassano.lavocedelpaese.info\/index.php\/wp-json\/wp\/v2\/media?parent=17081"}],"wp:term":[{"taxonomy":"category","embeddable":true,"href":"https:\/\/archiviocassano.lavocedelpaese.info\/index.php\/wp-json\/wp\/v2\/categories?post=17081"},{"taxonomy":"post_tag","embeddable":true,"href":"https:\/\/archiviocassano.lavocedelpaese.info\/index.php\/wp-json\/wp\/v2\/tags?post=17081"}],"curies":[{"name":"wp","href":"https:\/\/api.w.org\/{rel}","templated":true}]}}