{"id":17196,"date":"2019-03-14T11:28:33","date_gmt":"2019-03-14T11:28:33","guid":{"rendered":"https:\/\/archiviocassano.lavocedelpaese.info\/index.php\/2019\/03\/14\/accertamento-in-ritardo-delle-tasse-locali-campanale-vuole-una-commissionesegreta\/"},"modified":"2019-03-14T11:28:33","modified_gmt":"2019-03-14T11:28:33","slug":"accertamento-in-ritardo-delle-tasse-locali-campanale-vuole-una-commissionesegreta","status":"publish","type":"post","link":"https:\/\/archiviocassano.lavocedelpaese.info\/index.php\/2019\/03\/14\/accertamento-in-ritardo-delle-tasse-locali-campanale-vuole-una-commissionesegreta\/","title":{"rendered":"Accertamento tasse locali, proposta Commissione d&#8217;indagine"},"content":{"rendered":"<p style=\"text-align: justify;\"><img loading=\"lazy\" decoding=\"async\" src=\"images\/stories\/archiviofoto\/municipio.jpg\" width=\"320\" height=\"150\" alt=\"municipio\" style=\"margin-right: 2px; margin-left: 2px;\" \/><\/p>\n<p><!--more--><\/p>\n<p style=\"text-align: justify;\"><em>Commissione s\u00ec ma che sia &#8220;speciale&#8221;, sulla vicenda dell&#8217;accertamento (in ritardo) delle tasse comunali che rischia di far perdere al Comune 500mila euro.<\/em><\/p>\n<p style=\"text-align: justify;\"><em>A denunciarlo, i due Consiglieri comunali di minoranza Teodoro Santorsola e Rocco Lapadula, componenti della Prima Commissione che nei giorni scorsi hanno chiesto al Presidente della Prima Commissione permanente Pasquale Campanale di convocare con urgenza la Commissione per far luce sulla vicenda emersa nel corso del Consiglio comunale del 26 febbraio scorso e per la quale non ci sono ancora chiarezze n\u00e8 risposte certe da parte dell&#8217;Amministrazione Di Medio.&nbsp;<\/em><\/p>\n<p style=\"text-align: justify;\"><em>Ecco, in proposito, la nota dei tre gruppi di opposizione, diffusa poco fa.<\/em><\/p>\n<p>&nbsp;<\/p>\n<p><strong><i>&lt;&lt;Questa Commissione non s&#8217;ha da fare, n\u00e9 domani, n\u00e9 mai!<\/i><\/strong><i>\u00bb<\/i>. Qual \u00e8 l\u2019oscuro personaggio di maggioranza (di manzoniana memoria) che \u201c<i>sussurra all\u2019orecchio<\/i>\u201d di Pasquale Campanale di non convocare la 1^ Commissione? Eppure dovrebbero essere proprio i Consiglieri di Maggioranza ad avere interesse a capire e chiarire l\u2019intrigata quanto inquietante vicenda degli accertamenti sull\u2019evasione dei tributi. Tantissime le raccomandate inviate in ritardo e quindi nulle! Una vicenda, questa, che desta molte apprensioni per le casse comunali a rischio di danno erariale &#8211; <strong>circa 500.000,00 \u20ac<\/strong> &#8211; di notevole entit\u00e0!<\/p>\n<p><strong>Il fatto<\/strong>: le evanescenti risposte della Di Medio, nel Consiglio del 26 febbraio scorso, sui ritardi nella spedizione degli accertamenti tributari, hanno indotto i componenti di minoranza della 1^ Commissione (Santorsola e Lapadula) a <strong>chiedere un\u2019urgente convocazione<\/strong> della Commissione stessa. Lo scopo? Fare chiarezza sul perch\u00e9 di tali ritardi, ennesimo pasticcio dell\u2019Amministrazione Di Medio.<\/p>\n<p><strong>La reazione<\/strong>: il Presidente della 1^ Commissione, Pasquale Campanale, con una chilometrica quanto contraddittoria nota, da un lato ammette che l\u2019intento delle opposizioni di \u201c<strong><i>fare chiarezza \u00e8 ampiamente condivisibile<\/i><\/strong>\u201d, dall\u2019altro, per\u00f2, rimanda la questione alla ipotetica costituzione di una <strong>Commissione Speciale d\u2019Indagine<\/strong>! Come a dire:&lt;&lt; <i>vorrei, non vorrei, ma se vuoi<\/i> \u2026&gt;&gt;.<\/p>\n<p><strong>Cosa significa<\/strong> costituire una \u201cCommissione Speciale d\u2019Indagine\u201d?. Prendere tempo e, soprattutto, <strong>perdere<\/strong> del tempo prezioso. Per costituire, infatti, una Commissione d\u2019indagine, va convocato il Consiglio Comunale e, se almeno sei consiglieri votano favorevolmente la proposta, si d\u00e0 seguito alla stessa. La minoranza \u00e8 composta da cinque consiglieri, non pu\u00f2, quindi, da sola, costituirla. Quale consigliere di maggioranza, che ora si oppone alla convocazione delle 1^ Commissione, sarebbe poi favorevole a costituire quella Commissione Speciale? E se davvero la maggioranza Di Medio vuole la Commissione Speciale d\u2019Indagine, perch\u00e9 non si \u00e8 attivata subito? Sono trascorsi ben otto giorni dalla richiesta!<\/p>\n<p><strong>La risposta<\/strong>: i consiglieri Santorsola e Lapadula hanno ribadito, al Presidente Campanale, la necessit\u00e0 di convocazione della 1^ Commissione e replicato che, le argomentazioni del Campanale per <strong>evitare la seduta<\/strong> di Commissione, non trovano fondamento nel richiamato Regolamento.<\/p>\n<p><strong>La ciliegina sulla torta<\/strong>: il Presidente Campanale, dichiarandosi \u201c<i>disponibile<\/i>\u201d alla costituzione della Commissione Speciale d\u2019Indagine, rimanendo, per\u00f2, inerme, ha passato, per ben due volte, la palla al Presidente del Consiglio Gatti. Ma perch\u00e9 la Gatti, investita da tale seria problematica, non ha subito convocato i capigruppo per capire come agire e non perdere altro tempo? <strong>Cosa c\u2019\u00e8 sotto tutto ci\u00f2?<\/strong><\/p>\n<p>&nbsp;<\/p>\n<p>&nbsp;<\/p>\n","protected":false},"excerpt":{"rendered":"","protected":false},"author":1,"featured_media":0,"comment_status":"open","ping_status":"closed","sticky":false,"template":"","format":"standard","meta":{"colormag_page_container_layout":"default_layout","colormag_page_sidebar_layout":"default_layout","footnotes":""},"categories":[4],"tags":[],"class_list":["post-17196","post","type-post","status-publish","format-standard","hentry","category-politica"],"yoast_head":"<!-- This site is optimized with the Yoast SEO plugin v27.5 - https:\/\/yoast.com\/product\/yoast-seo-wordpress\/ -->\n<title>Accertamento tasse locali, proposta Commissione d&#039;indagine - Archivio CassanoWeb<\/title>\n<meta name=\"robots\" content=\"index, follow, max-snippet:-1, max-image-preview:large, max-video-preview:-1\" \/>\n<link rel=\"canonical\" href=\"https:\/\/archiviocassano.lavocedelpaese.info\/index.php\/2019\/03\/14\/accertamento-in-ritardo-delle-tasse-locali-campanale-vuole-una-commissionesegreta\/\" \/>\n<meta property=\"og:locale\" content=\"it_IT\" \/>\n<meta property=\"og:type\" content=\"article\" \/>\n<meta property=\"og:title\" content=\"Accertamento tasse locali, proposta Commissione d&#039;indagine - Archivio CassanoWeb\" \/>\n<meta property=\"og:url\" content=\"https:\/\/archiviocassano.lavocedelpaese.info\/index.php\/2019\/03\/14\/accertamento-in-ritardo-delle-tasse-locali-campanale-vuole-una-commissionesegreta\/\" \/>\n<meta property=\"og:site_name\" content=\"Archivio CassanoWeb\" \/>\n<meta property=\"article:publisher\" content=\"https:\/\/www.facebook.com\/redazione.cassanoweb\" \/>\n<meta property=\"article:published_time\" content=\"2019-03-14T11:28:33+00:00\" \/>\n<meta name=\"author\" content=\"admin\" \/>\n<meta name=\"twitter:card\" content=\"summary_large_image\" \/>\n<meta name=\"twitter:label1\" content=\"Scritto da\" \/>\n\t<meta name=\"twitter:data1\" content=\"admin\" \/>\n\t<meta name=\"twitter:label2\" content=\"Tempo di lettura stimato\" \/>\n\t<meta name=\"twitter:data2\" content=\"3 minuti\" \/>\n<script type=\"application\/ld+json\" class=\"yoast-schema-graph\">{\"@context\":\"https:\\\/\\\/schema.org\",\"@graph\":[{\"@type\":\"Article\",\"@id\":\"https:\\\/\\\/archiviocassano.lavocedelpaese.info\\\/index.php\\\/2019\\\/03\\\/14\\\/accertamento-in-ritardo-delle-tasse-locali-campanale-vuole-una-commissionesegreta\\\/#article\",\"isPartOf\":{\"@id\":\"https:\\\/\\\/archiviocassano.lavocedelpaese.info\\\/index.php\\\/2019\\\/03\\\/14\\\/accertamento-in-ritardo-delle-tasse-locali-campanale-vuole-una-commissionesegreta\\\/\"},\"author\":{\"name\":\"admin\",\"@id\":\"https:\\\/\\\/archiviocassano.lavocedelpaese.info\\\/#\\\/schema\\\/person\\\/df195bc79a9b4c35127cf005f92e041b\"},\"headline\":\"Accertamento tasse locali, proposta Commissione d&#8217;indagine\",\"datePublished\":\"2019-03-14T11:28:33+00:00\",\"mainEntityOfPage\":{\"@id\":\"https:\\\/\\\/archiviocassano.lavocedelpaese.info\\\/index.php\\\/2019\\\/03\\\/14\\\/accertamento-in-ritardo-delle-tasse-locali-campanale-vuole-una-commissionesegreta\\\/\"},\"wordCount\":515,\"commentCount\":0,\"publisher\":{\"@id\":\"https:\\\/\\\/archiviocassano.lavocedelpaese.info\\\/#organization\"},\"articleSection\":[\"Politica\"],\"inLanguage\":\"it-IT\",\"potentialAction\":[{\"@type\":\"CommentAction\",\"name\":\"Comment\",\"target\":[\"https:\\\/\\\/archiviocassano.lavocedelpaese.info\\\/index.php\\\/2019\\\/03\\\/14\\\/accertamento-in-ritardo-delle-tasse-locali-campanale-vuole-una-commissionesegreta\\\/#respond\"]}]},{\"@type\":\"WebPage\",\"@id\":\"https:\\\/\\\/archiviocassano.lavocedelpaese.info\\\/index.php\\\/2019\\\/03\\\/14\\\/accertamento-in-ritardo-delle-tasse-locali-campanale-vuole-una-commissionesegreta\\\/\",\"url\":\"https:\\\/\\\/archiviocassano.lavocedelpaese.info\\\/index.php\\\/2019\\\/03\\\/14\\\/accertamento-in-ritardo-delle-tasse-locali-campanale-vuole-una-commissionesegreta\\\/\",\"name\":\"Accertamento tasse locali, proposta Commissione d'indagine - Archivio CassanoWeb\",\"isPartOf\":{\"@id\":\"https:\\\/\\\/archiviocassano.lavocedelpaese.info\\\/#website\"},\"datePublished\":\"2019-03-14T11:28:33+00:00\",\"breadcrumb\":{\"@id\":\"https:\\\/\\\/archiviocassano.lavocedelpaese.info\\\/index.php\\\/2019\\\/03\\\/14\\\/accertamento-in-ritardo-delle-tasse-locali-campanale-vuole-una-commissionesegreta\\\/#breadcrumb\"},\"inLanguage\":\"it-IT\",\"potentialAction\":[{\"@type\":\"ReadAction\",\"target\":[\"https:\\\/\\\/archiviocassano.lavocedelpaese.info\\\/index.php\\\/2019\\\/03\\\/14\\\/accertamento-in-ritardo-delle-tasse-locali-campanale-vuole-una-commissionesegreta\\\/\"]}]},{\"@type\":\"BreadcrumbList\",\"@id\":\"https:\\\/\\\/archiviocassano.lavocedelpaese.info\\\/index.php\\\/2019\\\/03\\\/14\\\/accertamento-in-ritardo-delle-tasse-locali-campanale-vuole-una-commissionesegreta\\\/#breadcrumb\",\"itemListElement\":[{\"@type\":\"ListItem\",\"position\":1,\"name\":\"Home\",\"item\":\"https:\\\/\\\/archiviocassano.lavocedelpaese.info\\\/\"},{\"@type\":\"ListItem\",\"position\":2,\"name\":\"Accertamento tasse locali, proposta Commissione d&#8217;indagine\"}]},{\"@type\":\"WebSite\",\"@id\":\"https:\\\/\\\/archiviocassano.lavocedelpaese.info\\\/#website\",\"url\":\"https:\\\/\\\/archiviocassano.lavocedelpaese.info\\\/\",\"name\":\"Archivio CassanoWeb\",\"description\":\"La Voce del Paese - un network di idee\",\"publisher\":{\"@id\":\"https:\\\/\\\/archiviocassano.lavocedelpaese.info\\\/#organization\"},\"potentialAction\":[{\"@type\":\"SearchAction\",\"target\":{\"@type\":\"EntryPoint\",\"urlTemplate\":\"https:\\\/\\\/archiviocassano.lavocedelpaese.info\\\/?s={search_term_string}\"},\"query-input\":{\"@type\":\"PropertyValueSpecification\",\"valueRequired\":true,\"valueName\":\"search_term_string\"}}],\"inLanguage\":\"it-IT\"},{\"@type\":\"Organization\",\"@id\":\"https:\\\/\\\/archiviocassano.lavocedelpaese.info\\\/#organization\",\"name\":\"Archivio CassanoWeb\",\"url\":\"https:\\\/\\\/archiviocassano.lavocedelpaese.info\\\/\",\"logo\":{\"@type\":\"ImageObject\",\"inLanguage\":\"it-IT\",\"@id\":\"https:\\\/\\\/archiviocassano.lavocedelpaese.info\\\/#\\\/schema\\\/logo\\\/image\\\/\",\"url\":\"https:\\\/\\\/archiviocassano.lavocedelpaese.info\\\/wp-content\\\/uploads\\\/2024\\\/08\\\/logo-rosso-2.png\",\"contentUrl\":\"https:\\\/\\\/archiviocassano.lavocedelpaese.info\\\/wp-content\\\/uploads\\\/2024\\\/08\\\/logo-rosso-2.png\",\"width\":491,\"height\":432,\"caption\":\"Archivio CassanoWeb\"},\"image\":{\"@id\":\"https:\\\/\\\/archiviocassano.lavocedelpaese.info\\\/#\\\/schema\\\/logo\\\/image\\\/\"},\"sameAs\":[\"https:\\\/\\\/www.facebook.com\\\/redazione.cassanoweb\"]},{\"@type\":\"Person\",\"@id\":\"https:\\\/\\\/archiviocassano.lavocedelpaese.info\\\/#\\\/schema\\\/person\\\/df195bc79a9b4c35127cf005f92e041b\",\"name\":\"admin\",\"image\":{\"@type\":\"ImageObject\",\"inLanguage\":\"it-IT\",\"@id\":\"https:\\\/\\\/secure.gravatar.com\\\/avatar\\\/eabba89a432e8eaa1b0207cc55f7e5340b22712b1ed80677efcf63e02ff5b235?s=96&d=mm&r=g\",\"url\":\"https:\\\/\\\/secure.gravatar.com\\\/avatar\\\/eabba89a432e8eaa1b0207cc55f7e5340b22712b1ed80677efcf63e02ff5b235?s=96&d=mm&r=g\",\"contentUrl\":\"https:\\\/\\\/secure.gravatar.com\\\/avatar\\\/eabba89a432e8eaa1b0207cc55f7e5340b22712b1ed80677efcf63e02ff5b235?s=96&d=mm&r=g\",\"caption\":\"admin\"},\"sameAs\":[\"https:\\\/\\\/archiviocassano.lavocedelpaese.info\"],\"url\":\"https:\\\/\\\/archiviocassano.lavocedelpaese.info\\\/index.php\\\/author\\\/admin_0qgz1xdp\\\/\"}]}<\/script>\n<!-- \/ Yoast SEO plugin. -->","yoast_head_json":{"title":"Accertamento tasse locali, proposta Commissione d'indagine - Archivio CassanoWeb","robots":{"index":"index","follow":"follow","max-snippet":"max-snippet:-1","max-image-preview":"max-image-preview:large","max-video-preview":"max-video-preview:-1"},"canonical":"https:\/\/archiviocassano.lavocedelpaese.info\/index.php\/2019\/03\/14\/accertamento-in-ritardo-delle-tasse-locali-campanale-vuole-una-commissionesegreta\/","og_locale":"it_IT","og_type":"article","og_title":"Accertamento tasse locali, proposta Commissione d'indagine - Archivio CassanoWeb","og_url":"https:\/\/archiviocassano.lavocedelpaese.info\/index.php\/2019\/03\/14\/accertamento-in-ritardo-delle-tasse-locali-campanale-vuole-una-commissionesegreta\/","og_site_name":"Archivio CassanoWeb","article_publisher":"https:\/\/www.facebook.com\/redazione.cassanoweb","article_published_time":"2019-03-14T11:28:33+00:00","author":"admin","twitter_card":"summary_large_image","twitter_misc":{"Scritto da":"admin","Tempo di lettura stimato":"3 minuti"},"schema":{"@context":"https:\/\/schema.org","@graph":[{"@type":"Article","@id":"https:\/\/archiviocassano.lavocedelpaese.info\/index.php\/2019\/03\/14\/accertamento-in-ritardo-delle-tasse-locali-campanale-vuole-una-commissionesegreta\/#article","isPartOf":{"@id":"https:\/\/archiviocassano.lavocedelpaese.info\/index.php\/2019\/03\/14\/accertamento-in-ritardo-delle-tasse-locali-campanale-vuole-una-commissionesegreta\/"},"author":{"name":"admin","@id":"https:\/\/archiviocassano.lavocedelpaese.info\/#\/schema\/person\/df195bc79a9b4c35127cf005f92e041b"},"headline":"Accertamento tasse locali, proposta Commissione d&#8217;indagine","datePublished":"2019-03-14T11:28:33+00:00","mainEntityOfPage":{"@id":"https:\/\/archiviocassano.lavocedelpaese.info\/index.php\/2019\/03\/14\/accertamento-in-ritardo-delle-tasse-locali-campanale-vuole-una-commissionesegreta\/"},"wordCount":515,"commentCount":0,"publisher":{"@id":"https:\/\/archiviocassano.lavocedelpaese.info\/#organization"},"articleSection":["Politica"],"inLanguage":"it-IT","potentialAction":[{"@type":"CommentAction","name":"Comment","target":["https:\/\/archiviocassano.lavocedelpaese.info\/index.php\/2019\/03\/14\/accertamento-in-ritardo-delle-tasse-locali-campanale-vuole-una-commissionesegreta\/#respond"]}]},{"@type":"WebPage","@id":"https:\/\/archiviocassano.lavocedelpaese.info\/index.php\/2019\/03\/14\/accertamento-in-ritardo-delle-tasse-locali-campanale-vuole-una-commissionesegreta\/","url":"https:\/\/archiviocassano.lavocedelpaese.info\/index.php\/2019\/03\/14\/accertamento-in-ritardo-delle-tasse-locali-campanale-vuole-una-commissionesegreta\/","name":"Accertamento tasse locali, proposta Commissione d'indagine - Archivio CassanoWeb","isPartOf":{"@id":"https:\/\/archiviocassano.lavocedelpaese.info\/#website"},"datePublished":"2019-03-14T11:28:33+00:00","breadcrumb":{"@id":"https:\/\/archiviocassano.lavocedelpaese.info\/index.php\/2019\/03\/14\/accertamento-in-ritardo-delle-tasse-locali-campanale-vuole-una-commissionesegreta\/#breadcrumb"},"inLanguage":"it-IT","potentialAction":[{"@type":"ReadAction","target":["https:\/\/archiviocassano.lavocedelpaese.info\/index.php\/2019\/03\/14\/accertamento-in-ritardo-delle-tasse-locali-campanale-vuole-una-commissionesegreta\/"]}]},{"@type":"BreadcrumbList","@id":"https:\/\/archiviocassano.lavocedelpaese.info\/index.php\/2019\/03\/14\/accertamento-in-ritardo-delle-tasse-locali-campanale-vuole-una-commissionesegreta\/#breadcrumb","itemListElement":[{"@type":"ListItem","position":1,"name":"Home","item":"https:\/\/archiviocassano.lavocedelpaese.info\/"},{"@type":"ListItem","position":2,"name":"Accertamento tasse locali, proposta Commissione d&#8217;indagine"}]},{"@type":"WebSite","@id":"https:\/\/archiviocassano.lavocedelpaese.info\/#website","url":"https:\/\/archiviocassano.lavocedelpaese.info\/","name":"Archivio CassanoWeb","description":"La Voce del Paese - un network di idee","publisher":{"@id":"https:\/\/archiviocassano.lavocedelpaese.info\/#organization"},"potentialAction":[{"@type":"SearchAction","target":{"@type":"EntryPoint","urlTemplate":"https:\/\/archiviocassano.lavocedelpaese.info\/?s={search_term_string}"},"query-input":{"@type":"PropertyValueSpecification","valueRequired":true,"valueName":"search_term_string"}}],"inLanguage":"it-IT"},{"@type":"Organization","@id":"https:\/\/archiviocassano.lavocedelpaese.info\/#organization","name":"Archivio CassanoWeb","url":"https:\/\/archiviocassano.lavocedelpaese.info\/","logo":{"@type":"ImageObject","inLanguage":"it-IT","@id":"https:\/\/archiviocassano.lavocedelpaese.info\/#\/schema\/logo\/image\/","url":"https:\/\/archiviocassano.lavocedelpaese.info\/wp-content\/uploads\/2024\/08\/logo-rosso-2.png","contentUrl":"https:\/\/archiviocassano.lavocedelpaese.info\/wp-content\/uploads\/2024\/08\/logo-rosso-2.png","width":491,"height":432,"caption":"Archivio CassanoWeb"},"image":{"@id":"https:\/\/archiviocassano.lavocedelpaese.info\/#\/schema\/logo\/image\/"},"sameAs":["https:\/\/www.facebook.com\/redazione.cassanoweb"]},{"@type":"Person","@id":"https:\/\/archiviocassano.lavocedelpaese.info\/#\/schema\/person\/df195bc79a9b4c35127cf005f92e041b","name":"admin","image":{"@type":"ImageObject","inLanguage":"it-IT","@id":"https:\/\/secure.gravatar.com\/avatar\/eabba89a432e8eaa1b0207cc55f7e5340b22712b1ed80677efcf63e02ff5b235?s=96&d=mm&r=g","url":"https:\/\/secure.gravatar.com\/avatar\/eabba89a432e8eaa1b0207cc55f7e5340b22712b1ed80677efcf63e02ff5b235?s=96&d=mm&r=g","contentUrl":"https:\/\/secure.gravatar.com\/avatar\/eabba89a432e8eaa1b0207cc55f7e5340b22712b1ed80677efcf63e02ff5b235?s=96&d=mm&r=g","caption":"admin"},"sameAs":["https:\/\/archiviocassano.lavocedelpaese.info"],"url":"https:\/\/archiviocassano.lavocedelpaese.info\/index.php\/author\/admin_0qgz1xdp\/"}]}},"_links":{"self":[{"href":"https:\/\/archiviocassano.lavocedelpaese.info\/index.php\/wp-json\/wp\/v2\/posts\/17196","targetHints":{"allow":["GET"]}}],"collection":[{"href":"https:\/\/archiviocassano.lavocedelpaese.info\/index.php\/wp-json\/wp\/v2\/posts"}],"about":[{"href":"https:\/\/archiviocassano.lavocedelpaese.info\/index.php\/wp-json\/wp\/v2\/types\/post"}],"author":[{"embeddable":true,"href":"https:\/\/archiviocassano.lavocedelpaese.info\/index.php\/wp-json\/wp\/v2\/users\/1"}],"replies":[{"embeddable":true,"href":"https:\/\/archiviocassano.lavocedelpaese.info\/index.php\/wp-json\/wp\/v2\/comments?post=17196"}],"version-history":[{"count":0,"href":"https:\/\/archiviocassano.lavocedelpaese.info\/index.php\/wp-json\/wp\/v2\/posts\/17196\/revisions"}],"wp:attachment":[{"href":"https:\/\/archiviocassano.lavocedelpaese.info\/index.php\/wp-json\/wp\/v2\/media?parent=17196"}],"wp:term":[{"taxonomy":"category","embeddable":true,"href":"https:\/\/archiviocassano.lavocedelpaese.info\/index.php\/wp-json\/wp\/v2\/categories?post=17196"},{"taxonomy":"post_tag","embeddable":true,"href":"https:\/\/archiviocassano.lavocedelpaese.info\/index.php\/wp-json\/wp\/v2\/tags?post=17196"}],"curies":[{"name":"wp","href":"https:\/\/api.w.org\/{rel}","templated":true}]}}