{"id":17235,"date":"2019-03-20T15:15:19","date_gmt":"2019-03-20T15:15:19","guid":{"rendered":"https:\/\/archiviocassano.lavocedelpaese.info\/index.php\/2019\/03\/20\/angiola-di-medio-a-cassano-diciamo-iuna-ie-tend-e-lualt-ie-callar\/"},"modified":"2019-03-20T15:15:19","modified_gmt":"2019-03-20T15:15:19","slug":"angiola-di-medio-a-cassano-diciamo-iuna-ie-tend-e-lualt-ie-callar","status":"publish","type":"post","link":"https:\/\/archiviocassano.lavocedelpaese.info\/index.php\/2019\/03\/20\/angiola-di-medio-a-cassano-diciamo-iuna-ie-tend-e-lualt-ie-callar\/","title":{"rendered":"Angiola-Di Medio:  \u201ciun i\u00e8 tend e l\u2019ualt i\u00e8 callar\u2026\u201d"},"content":{"rendered":"<p style=\"text-align: justify;\"><img loading=\"lazy\" decoding=\"async\" class=\" size-full wp-image-17234\" src=\"https:\/\/archiviocassano.lavocedelpaese.info\/wp-content\/uploads\/2019\/03\/angiola_di_medio.jpg\" alt=\"angiola di medio\" style=\"margin-right: 2px; margin-left: 2px;\" height=\"150\" width=\"320\" \/><\/p>\n<p><!--more--><\/p>\n<p><em>Dai Consiglieri dei gruppi di minoranza, riceviamo e pubblichiamo una nota sulla recente diatriba fra il parlamentare eletto con il Movimento 5 Stelle alla Camera dei Deputati, on. Nunzio Angiola e la Sindaca Maria Pia Di Medio.<\/em><\/p>\n<p>&nbsp;<\/p>\n<p>&nbsp;<\/p>\n<p>Non ci interessa entrare nel battibecco tra l&#8217;on. pentastellato Angiola e il Sindaco Di Medio ma alcune puntualizzazioni vanno fatte da noi che da oppositori in Consiglio abbiamo messo in evidenza tutte le falle dell&#8217;Amministrazione Di Medio e dalla Sindaca<\/p>\n<p><strong>Appalto rifiuti:<\/strong><\/p>\n<p>non \u00e8 in contestazione la gara effettuata dall&#8217;ARO n\u00e8 sono in contestazione le procedure di affidamento del Servizio sia nella forma provvisoria e decretata d&#8217;urgenza che nell&#8217;inizio del nuovo appalto avvenuto in data 21\/11\/2018.<\/p>\n<p>Noi abbiamo evidenziato:<\/p>\n<p>&nbsp;1. notizie pubbliche provenienti dal Comune di Bitonto e dal Comune di Santeramo che parlano della grave situazione economico-finanziaria dell&#8217;ASV (nuovo gestore del servizio) aggravata da circa 500.000 euro di penali comminate dal Comune di Santeramo con il rischio di cadere dalla padella (fallimento TRADECO) alla brace. Stiamo approfondendo queste notizie attingendo elementi probatori sia presso il Comune di Santeramo che presso quello di Bitonto essendo l&#8217;ASV una societ\u00e0 partecipata che potrebbe causare gravissimi danni al bilancio del Comune di Bitonto e ai suoi cittadini.<\/p>\n<p>2. abbiamo contestato l&#8217;illecit\u00e0 e l&#8217;illegittimit\u00e0 della determina dell&#8217;ing. Satalino con la quale affida la bonifica del territorio dai rifiuti abbandonati con affidamento diretto riducendo artatamente e con procedura penalmente rilevante l&#8217;importo dei lavori. La ns. azione non \u00e8 conclusa, abbiamo presentato una mozione che si discuter\u00e0 in un prossimo Consiglio.<\/p>\n<p>3. abbiamo contestato l&#8217;illecita gestione del Centro Comunale di Raccolta (CCR) da parte dell&#8217;ASV poich\u00e8 non possiede la specifica iscrizione all&#8217;Albo e perch\u00e8 nel progetto offerta la gestione del CCR compete alla capofila Tecno-Service.<\/p>\n<p>4. abbiamo contestato l&#8217;inadempienza contrattuale dell&#8217;ASV in merito alla messa a disposizione dei mezzi, delle attrezzature e del personale che \u00e8 prevista in contratto entro il 21 febbraio ma ad oggi non si vedono nemmeno in cartolina.<\/p>\n<p><strong>Piscina di Grumo:<\/strong><\/p>\n<p>tutta l&#8217;azione tesa a salvaguardare i fondi del Piano di Zona e il Comune di Cassano da possibili contenziosi con il privato aggiudicatario del project financing della piscina di Grumo nel ventennio 2020-2040 \u00e8 stata condotta tenacemente da noi opposizione e dal Consigliere Regionale Zullo. Non solo, stiamo denunciando per il momento all&#8217;opinione pubblica ma poi agli Organi Competenti i ritardi nell&#8217;approvazione del Piano, il mancato coinvolgimento del parternariato sociale, l&#8217;assenza delle rendicontazioni annuali arrivando in Regione non solo a chiedere il Commissariamento dell&#8217;Ambito ma anche l&#8217;istituzione di una Commissione di Indagine,<\/p>\n<p>Stiamo inoltre tallonando il Sindaco nel vederla impegnata a far rettificare le Delibere Consiliari e Giuntali del Comune di Grumo nella parte in cui impegnano la spesa con i fondi dei Piani di Zona dei Comuni per il ventennio 2020-2040. Un tallonamento non certo da poco poich\u00e8 il nostro Sindaco \u00e8 conosciuto per dire una cosa e poi farne un&#8217;altra diametralmente opposta.<\/p>\n<p>Rimandiamo al mittente ovvero alla Di Medio le considerazioni sulla piscina di Toritto. Quello che scrive non fa onore all&#8217;essere medico. La piscina di Toritto \u00e8 costata circa 250 mila euro e pu\u00f2 essere riattivata con poco impegno economico-finanziario che ben potrebbe sopportare l&#8217;ASL a tutto vantaggio della riabilitazione dei disabili. Non abbiamo mai letto un verbale in cui i Sindaci- che siedono nel Coordinamento Istituzionale con l&#8217;ASL- chiedere all&#8217;ASL il ripristino della piscina riabilitativa. Ci\u00f2 dimostra che il Sindaco Di Medio non si \u00e8 mai posta n\u00e8 da Sindaco n\u00e8 da medico il problema della piscina riabilitativa per disabili ma \u00e8 corsa nel giorno della nostra Festa Patronale a mettere la firma per coprire la spesa con fondi del Piano di Zona per il ventennio 2020-2040 non avendone titolo e contro ogni disposizione di legge. Firma prima difesa a denti stretti in riscontro a nostra interrogazione, poi rinnegata ma ad oggi non ancora revocata.<\/p>\n<p><strong>Presidente del Consiglio<\/strong><\/p>\n<p>Per quanto ci riguarda riteniamo per l&#8217;esperienza negativa vissuta con la persona in causa che Cassano abbia tratto giovamento da quelle dimissioni. Un dato \u00e8 oggettivamente rilevabile: si \u00e8 presentato agli elettori come un tecnico super competente e tutti abbiamo visto in che stato \u00e8 ridotta Cassano. Se poi continua a collaborare con loro, si spiegano gli ulteriori danni&#8230;.<\/p>\n<p><strong>Maugeri<\/strong><\/p>\n<p>Tante chiacchiere del Sindaco Di Medio per fuggire dalle sue responsabilit\u00e0. Spieghiamo brevemente: &#8221; L&#8217;adeguamento ai requisiti dell&#8217;accreditamento dell&#8217;immobile necessitava di una variante allo strumento urbanistico con conseguente procedura regionale di VIA, VAS e VINCA. A fine settembre 2017 finalmente la Regione ha dato parere favorevole VIA, VAS e VINCA.<\/p>\n<p>Abbiamo sollecitato come forze di opposizione nell&#8217;ottobre 2017, a dicembre 2017 ed infine l&#8217;8 febbraio 2018 a procedere con la variante in Consglio ma dormivano finch\u00e8 il 19 febbraio 2018 ICS MAUGERI stanca dell&#8217;inerzia del nostro Comune comunicava di aver deciso definitivamente di trasferirsi a Bari. Nei primi di Aprile sono andati in Consiglio ad approvare un progetto in deroga che serviva come carta igienica.<\/p>\n<p><strong>Marito<\/strong><\/p>\n<p>Di vero c&#8217;\u00e8 che, a fronte di una richiesta dell&#8217;allora Sindaco Lionetti inoltrata al sig. Giuliani di estinguere il debito (circa 80.000 \u20ac.) derivante dalla condanna della Corte dei Conti, veniva intentata dal dott. Giuliani una causa per risarcimento per 150.000 \u20ac. per procurato danno alla salute.<\/p>\n<p>Nel frattempo, il dott. Giuliani veniva a mancare ma la causa era in piedi e gli eredi rafforzarono al giudice la pretesa risarcitoria adducendo che l&#8217;azione di Lionetti avava cos\u00ec tanto nuociuto alla salute da provocarne la morte.<\/p>\n<p>Il giudice non solo ha dato torto agli eredi ma li ha condannati al pagamento delle spese per circa 14.000 \u20ac mai introitati per rinuncia da parte degli eredi all&#8217;eredit\u00e0.<\/p>\n<p>Per legge il creditore cio\u00e8 il Comune di Cassano con il Sindaco in carica Di Medio pu\u00f2 opporsi alla rinuncia dell&#8217;erede dott.ssa Di Medio ed ecco il conflitto di interesse che noi abbiamo sollevato. Di Medio Sindaco per difendere Cassano e i suoi concittadini doveva opporsi alla &nbsp;propria rinuncia all&#8217;eredit\u00e0.<\/p>\n<p><strong>&nbsp;Danno erariale<\/strong><\/p>\n<p>La Di Medio dice che \u00e8 presunto ma in realt\u00e0 \u00e8 reale e anche qui c&#8217;\u00e8 un&#8217;incongruenza. La tempestiva informazione inviata alla Corte dei Conti parla di avvisi di accertamenti inviati a poste private a tutto il 28\/12\/2018. Oggi la Di Medio scrive che le notifiche sono state messe a disposizione della Ditta per le spedizioni il 03 dicembre.<\/p>\n<p>La stessa chiede all&#8217;on.le Angiola di andare al Comune a controllare mentre a noi viene negata la seduta della Commissione di cui a termini di regolanto abbiamo chiesto la convocazione per far luce su tutto quello che \u00e8 avvenuto. Si tenga conto che le sedute delle Commissioni sono pubbliche e quindi convochino la Commissione e chiunque, pur non essendo onorevole, pu\u00f2 partecipare.<\/p>\n<p>Dimissioni a carico di chi apre la bocca e le d\u00e0 fiato<\/p>\n<p>Se la Di Medio ritiene, come ella stessa scrive, che le dimissioni debbano essere a carico di chi apre la bocca e le d\u00e0 fiato, senza senso di responsabilit\u00e0 della Cosa Pubblica e delle problematiche che si devono affrontare quotidianamente sicuramente si riferiva a lei stessa e che quindi a breve ci aspetteremo che dia seguito ai suoi convincimenti,<\/p>\n<p>Ma si sa che la Di Medio quando dice una cosa \u00e8 perch\u00e8 deve fare quella diametralmente opposta.<\/p>\n<p>Puerilit\u00e0 e immaturit\u00e0 nell&#8217;addossare colpe ad altri<\/p>\n<p>Governo, situazione dei Comuni, problematiche del proprio territorio, leggi pessime tutto quello che si vuole, esistono per Cassano e per tutti i Comuni. Una cosa \u00e8 certa: Cassano \u00e8 caduta cos\u00ec in basso che speriamo che questo sprofondare si arresti.<\/p>\n<p>&nbsp; &nbsp; &nbsp; &nbsp; &nbsp; &nbsp; &nbsp; &nbsp; &nbsp; &nbsp; &nbsp; &nbsp; &nbsp; &nbsp; &nbsp; &nbsp; &nbsp; &nbsp; &nbsp; &nbsp; &nbsp; &nbsp; &nbsp; &nbsp; &nbsp; &nbsp; &nbsp; &nbsp; &nbsp; &nbsp; &nbsp; &nbsp; &nbsp; &nbsp; &nbsp; &nbsp; &nbsp; &nbsp; &nbsp; &nbsp; &nbsp; &nbsp; &nbsp; &nbsp; &nbsp; &nbsp; &nbsp; &nbsp; &nbsp; &nbsp; &nbsp; &nbsp; &nbsp; &nbsp; &nbsp; &nbsp; &nbsp; &nbsp; &nbsp; &nbsp; &nbsp; &nbsp; &nbsp;Linda Catucci<\/p>\n<p>&nbsp;&nbsp;&nbsp;&nbsp;&nbsp;&nbsp;&nbsp;&nbsp;&nbsp;&nbsp;&nbsp;&nbsp;&nbsp;&nbsp;&nbsp;&nbsp;&nbsp;&nbsp;&nbsp;&nbsp;&nbsp;&nbsp;&nbsp;&nbsp;&nbsp;&nbsp;&nbsp;&nbsp;&nbsp;&nbsp;&nbsp;&nbsp;&nbsp;&nbsp;&nbsp;&nbsp;&nbsp;&nbsp;&nbsp;&nbsp;&nbsp;&nbsp;&nbsp;&nbsp;&nbsp;&nbsp;&nbsp;&nbsp;&nbsp;&nbsp;&nbsp;&nbsp;&nbsp;&nbsp;&nbsp;&nbsp;&nbsp;&nbsp;&nbsp;&nbsp;&nbsp;&nbsp;&nbsp;&nbsp;&nbsp;&nbsp;&nbsp;&nbsp;&nbsp;&nbsp;&nbsp;&nbsp;&nbsp;&nbsp;&nbsp;&nbsp;&nbsp;&nbsp;&nbsp;&nbsp;&nbsp;&nbsp;&nbsp;&nbsp;&nbsp;&nbsp;&nbsp;&nbsp;&nbsp;&nbsp;&nbsp;&nbsp;&nbsp;&nbsp;&nbsp;&nbsp;&nbsp;&nbsp;&nbsp;&nbsp;&nbsp;&nbsp;&nbsp;&nbsp;&nbsp;&nbsp;&nbsp;&nbsp;&nbsp;&nbsp;&nbsp;&nbsp;&nbsp;&nbsp;&nbsp;&nbsp;&nbsp;&nbsp;&nbsp;&nbsp;&nbsp;&nbsp;&nbsp;&nbsp; Davide Del Re<\/p>\n<p>&nbsp;&nbsp;&nbsp;&nbsp;&nbsp;&nbsp;&nbsp;&nbsp;&nbsp;&nbsp;&nbsp;&nbsp;&nbsp;&nbsp;&nbsp;&nbsp;&nbsp;&nbsp;&nbsp;&nbsp;&nbsp;&nbsp;&nbsp;&nbsp;&nbsp;&nbsp;&nbsp;&nbsp;&nbsp;&nbsp;&nbsp;&nbsp;&nbsp;&nbsp;&nbsp;&nbsp;&nbsp;&nbsp;&nbsp;&nbsp;&nbsp;&nbsp;&nbsp;&nbsp;&nbsp;&nbsp;&nbsp;&nbsp;&nbsp;&nbsp;&nbsp;&nbsp;&nbsp;&nbsp;&nbsp;&nbsp;&nbsp;&nbsp;&nbsp;&nbsp;&nbsp;&nbsp;&nbsp;&nbsp;&nbsp;&nbsp;&nbsp;&nbsp;&nbsp;&nbsp;&nbsp;&nbsp;&nbsp;&nbsp;&nbsp;&nbsp;&nbsp;&nbsp;&nbsp;&nbsp;&nbsp;&nbsp;&nbsp;&nbsp;&nbsp;&nbsp;&nbsp;&nbsp;&nbsp;&nbsp;&nbsp;&nbsp;&nbsp;&nbsp;&nbsp;&nbsp;&nbsp;&nbsp;&nbsp;&nbsp;&nbsp;&nbsp;&nbsp;&nbsp;&nbsp;&nbsp;&nbsp;&nbsp;&nbsp;&nbsp;&nbsp;&nbsp;&nbsp;&nbsp;&nbsp;&nbsp;&nbsp;&nbsp;&nbsp;&nbsp;&nbsp;&nbsp;&nbsp;&nbsp; Rocco Lapadula<\/p>\n<p>&nbsp;&nbsp;&nbsp;&nbsp;&nbsp;&nbsp;&nbsp;&nbsp;&nbsp;&nbsp;&nbsp;&nbsp;&nbsp;&nbsp;&nbsp;&nbsp;&nbsp;&nbsp;&nbsp;&nbsp;&nbsp;&nbsp;&nbsp;&nbsp;&nbsp;&nbsp;&nbsp;&nbsp;&nbsp;&nbsp;&nbsp;&nbsp;&nbsp;&nbsp;&nbsp;&nbsp;&nbsp;&nbsp;&nbsp;&nbsp;&nbsp;&nbsp;&nbsp;&nbsp;&nbsp;&nbsp;&nbsp;&nbsp;&nbsp;&nbsp;&nbsp;&nbsp;&nbsp;&nbsp;&nbsp;&nbsp;&nbsp;&nbsp;&nbsp;&nbsp;&nbsp;&nbsp;&nbsp;&nbsp;&nbsp;&nbsp;&nbsp;&nbsp;&nbsp;&nbsp;&nbsp;&nbsp;&nbsp;&nbsp;&nbsp;&nbsp;&nbsp;&nbsp;&nbsp;&nbsp;&nbsp;&nbsp;&nbsp;&nbsp;&nbsp;&nbsp;&nbsp;&nbsp;&nbsp;&nbsp;&nbsp;&nbsp;&nbsp;&nbsp;&nbsp;&nbsp;&nbsp;&nbsp;&nbsp;&nbsp;&nbsp;&nbsp;&nbsp;&nbsp;&nbsp;&nbsp;&nbsp;&nbsp;&nbsp;&nbsp;&nbsp;&nbsp;&nbsp;&nbsp;&nbsp;&nbsp;&nbsp;&nbsp;&nbsp;&nbsp;&nbsp;&nbsp;&nbsp;&nbsp; Teodoro Santorsola<\/p>\n<p>&nbsp;&nbsp;&nbsp;&nbsp;&nbsp;&nbsp;&nbsp;&nbsp;&nbsp;&nbsp;&nbsp;&nbsp;&nbsp;&nbsp;&nbsp;&nbsp;&nbsp;&nbsp;&nbsp;&nbsp;&nbsp;&nbsp;&nbsp;&nbsp;&nbsp;&nbsp;&nbsp;&nbsp;&nbsp;&nbsp;&nbsp;&nbsp;&nbsp;&nbsp;&nbsp;&nbsp;&nbsp;&nbsp;&nbsp;&nbsp;&nbsp;&nbsp;&nbsp;&nbsp;&nbsp;&nbsp;&nbsp;&nbsp;&nbsp;&nbsp;&nbsp;&nbsp;&nbsp;&nbsp;&nbsp;&nbsp;&nbsp;&nbsp;&nbsp;&nbsp;&nbsp;&nbsp;&nbsp;&nbsp;&nbsp;&nbsp;&nbsp;&nbsp;&nbsp;&nbsp;&nbsp;&nbsp;&nbsp;&nbsp;&nbsp;&nbsp;&nbsp;&nbsp;&nbsp;&nbsp;&nbsp;&nbsp;&nbsp;&nbsp;&nbsp;&nbsp;&nbsp;&nbsp;&nbsp;&nbsp;&nbsp;&nbsp;&nbsp;&nbsp;&nbsp;&nbsp;&nbsp;&nbsp;&nbsp;&nbsp;&nbsp;&nbsp;&nbsp;&nbsp;&nbsp;&nbsp;&nbsp;&nbsp;&nbsp;&nbsp;&nbsp;&nbsp;&nbsp;&nbsp;&nbsp;&nbsp;&nbsp;&nbsp;&nbsp;&nbsp;&nbsp;&nbsp;&nbsp;&nbsp; Amedeo Venezia<\/p>\n<p>&nbsp;<\/p>\n<p>&nbsp;<\/p>\n<p>&nbsp;<\/p>\n","protected":false},"excerpt":{"rendered":"","protected":false},"author":1,"featured_media":17234,"comment_status":"open","ping_status":"closed","sticky":false,"template":"","format":"standard","meta":{"colormag_page_container_layout":"default_layout","colormag_page_sidebar_layout":"default_layout","footnotes":""},"categories":[4],"tags":[],"class_list":["post-17235","post","type-post","status-publish","format-standard","has-post-thumbnail","hentry","category-politica"],"yoast_head":"<!-- This site is optimized with the Yoast SEO plugin v27.5 - https:\/\/yoast.com\/product\/yoast-seo-wordpress\/ -->\n<title>Angiola-Di Medio: \u201ciun i\u00e8 tend e l\u2019ualt i\u00e8 callar\u2026\u201d - Archivio CassanoWeb<\/title>\n<meta name=\"robots\" content=\"index, follow, max-snippet:-1, max-image-preview:large, max-video-preview:-1\" \/>\n<link rel=\"canonical\" href=\"https:\/\/archiviocassano.lavocedelpaese.info\/index.php\/2019\/03\/20\/angiola-di-medio-a-cassano-diciamo-iuna-ie-tend-e-lualt-ie-callar\/\" \/>\n<meta property=\"og:locale\" content=\"it_IT\" \/>\n<meta property=\"og:type\" content=\"article\" \/>\n<meta property=\"og:title\" content=\"Angiola-Di Medio: \u201ciun i\u00e8 tend e l\u2019ualt i\u00e8 callar\u2026\u201d - Archivio CassanoWeb\" \/>\n<meta property=\"og:url\" content=\"https:\/\/archiviocassano.lavocedelpaese.info\/index.php\/2019\/03\/20\/angiola-di-medio-a-cassano-diciamo-iuna-ie-tend-e-lualt-ie-callar\/\" \/>\n<meta property=\"og:site_name\" content=\"Archivio CassanoWeb\" \/>\n<meta property=\"article:publisher\" content=\"https:\/\/www.facebook.com\/redazione.cassanoweb\" \/>\n<meta property=\"article:published_time\" content=\"2019-03-20T15:15:19+00:00\" \/>\n<meta property=\"og:image\" content=\"https:\/\/archiviocassano.lavocedelpaese.info\/wp-content\/uploads\/2019\/03\/angiola_di_medio.jpg\" \/>\n\t<meta property=\"og:image:width\" content=\"543\" \/>\n\t<meta property=\"og:image:height\" content=\"313\" \/>\n\t<meta property=\"og:image:type\" content=\"image\/jpeg\" \/>\n<meta name=\"author\" content=\"admin\" \/>\n<meta name=\"twitter:card\" content=\"summary_large_image\" \/>\n<meta name=\"twitter:label1\" content=\"Scritto da\" \/>\n\t<meta name=\"twitter:data1\" content=\"admin\" \/>\n\t<meta name=\"twitter:label2\" content=\"Tempo di lettura stimato\" \/>\n\t<meta name=\"twitter:data2\" content=\"9 minuti\" \/>\n<script type=\"application\/ld+json\" class=\"yoast-schema-graph\">{\"@context\":\"https:\\\/\\\/schema.org\",\"@graph\":[{\"@type\":\"Article\",\"@id\":\"https:\\\/\\\/archiviocassano.lavocedelpaese.info\\\/index.php\\\/2019\\\/03\\\/20\\\/angiola-di-medio-a-cassano-diciamo-iuna-ie-tend-e-lualt-ie-callar\\\/#article\",\"isPartOf\":{\"@id\":\"https:\\\/\\\/archiviocassano.lavocedelpaese.info\\\/index.php\\\/2019\\\/03\\\/20\\\/angiola-di-medio-a-cassano-diciamo-iuna-ie-tend-e-lualt-ie-callar\\\/\"},\"author\":{\"name\":\"admin\",\"@id\":\"https:\\\/\\\/archiviocassano.lavocedelpaese.info\\\/#\\\/schema\\\/person\\\/df195bc79a9b4c35127cf005f92e041b\"},\"headline\":\"Angiola-Di Medio: \u201ciun i\u00e8 tend e l\u2019ualt i\u00e8 callar\u2026\u201d\",\"datePublished\":\"2019-03-20T15:15:19+00:00\",\"mainEntityOfPage\":{\"@id\":\"https:\\\/\\\/archiviocassano.lavocedelpaese.info\\\/index.php\\\/2019\\\/03\\\/20\\\/angiola-di-medio-a-cassano-diciamo-iuna-ie-tend-e-lualt-ie-callar\\\/\"},\"wordCount\":1828,\"commentCount\":0,\"publisher\":{\"@id\":\"https:\\\/\\\/archiviocassano.lavocedelpaese.info\\\/#organization\"},\"image\":{\"@id\":\"https:\\\/\\\/archiviocassano.lavocedelpaese.info\\\/index.php\\\/2019\\\/03\\\/20\\\/angiola-di-medio-a-cassano-diciamo-iuna-ie-tend-e-lualt-ie-callar\\\/#primaryimage\"},\"thumbnailUrl\":\"https:\\\/\\\/archiviocassano.lavocedelpaese.info\\\/wp-content\\\/uploads\\\/2019\\\/03\\\/angiola_di_medio.jpg\",\"articleSection\":[\"Politica\"],\"inLanguage\":\"it-IT\",\"potentialAction\":[{\"@type\":\"CommentAction\",\"name\":\"Comment\",\"target\":[\"https:\\\/\\\/archiviocassano.lavocedelpaese.info\\\/index.php\\\/2019\\\/03\\\/20\\\/angiola-di-medio-a-cassano-diciamo-iuna-ie-tend-e-lualt-ie-callar\\\/#respond\"]}]},{\"@type\":\"WebPage\",\"@id\":\"https:\\\/\\\/archiviocassano.lavocedelpaese.info\\\/index.php\\\/2019\\\/03\\\/20\\\/angiola-di-medio-a-cassano-diciamo-iuna-ie-tend-e-lualt-ie-callar\\\/\",\"url\":\"https:\\\/\\\/archiviocassano.lavocedelpaese.info\\\/index.php\\\/2019\\\/03\\\/20\\\/angiola-di-medio-a-cassano-diciamo-iuna-ie-tend-e-lualt-ie-callar\\\/\",\"name\":\"Angiola-Di Medio: \u201ciun i\u00e8 tend e l\u2019ualt i\u00e8 callar\u2026\u201d - Archivio CassanoWeb\",\"isPartOf\":{\"@id\":\"https:\\\/\\\/archiviocassano.lavocedelpaese.info\\\/#website\"},\"primaryImageOfPage\":{\"@id\":\"https:\\\/\\\/archiviocassano.lavocedelpaese.info\\\/index.php\\\/2019\\\/03\\\/20\\\/angiola-di-medio-a-cassano-diciamo-iuna-ie-tend-e-lualt-ie-callar\\\/#primaryimage\"},\"image\":{\"@id\":\"https:\\\/\\\/archiviocassano.lavocedelpaese.info\\\/index.php\\\/2019\\\/03\\\/20\\\/angiola-di-medio-a-cassano-diciamo-iuna-ie-tend-e-lualt-ie-callar\\\/#primaryimage\"},\"thumbnailUrl\":\"https:\\\/\\\/archiviocassano.lavocedelpaese.info\\\/wp-content\\\/uploads\\\/2019\\\/03\\\/angiola_di_medio.jpg\",\"datePublished\":\"2019-03-20T15:15:19+00:00\",\"breadcrumb\":{\"@id\":\"https:\\\/\\\/archiviocassano.lavocedelpaese.info\\\/index.php\\\/2019\\\/03\\\/20\\\/angiola-di-medio-a-cassano-diciamo-iuna-ie-tend-e-lualt-ie-callar\\\/#breadcrumb\"},\"inLanguage\":\"it-IT\",\"potentialAction\":[{\"@type\":\"ReadAction\",\"target\":[\"https:\\\/\\\/archiviocassano.lavocedelpaese.info\\\/index.php\\\/2019\\\/03\\\/20\\\/angiola-di-medio-a-cassano-diciamo-iuna-ie-tend-e-lualt-ie-callar\\\/\"]}]},{\"@type\":\"ImageObject\",\"inLanguage\":\"it-IT\",\"@id\":\"https:\\\/\\\/archiviocassano.lavocedelpaese.info\\\/index.php\\\/2019\\\/03\\\/20\\\/angiola-di-medio-a-cassano-diciamo-iuna-ie-tend-e-lualt-ie-callar\\\/#primaryimage\",\"url\":\"https:\\\/\\\/archiviocassano.lavocedelpaese.info\\\/wp-content\\\/uploads\\\/2019\\\/03\\\/angiola_di_medio.jpg\",\"contentUrl\":\"https:\\\/\\\/archiviocassano.lavocedelpaese.info\\\/wp-content\\\/uploads\\\/2019\\\/03\\\/angiola_di_medio.jpg\",\"width\":543,\"height\":313,\"caption\":\"angiola di medio\"},{\"@type\":\"BreadcrumbList\",\"@id\":\"https:\\\/\\\/archiviocassano.lavocedelpaese.info\\\/index.php\\\/2019\\\/03\\\/20\\\/angiola-di-medio-a-cassano-diciamo-iuna-ie-tend-e-lualt-ie-callar\\\/#breadcrumb\",\"itemListElement\":[{\"@type\":\"ListItem\",\"position\":1,\"name\":\"Home\",\"item\":\"https:\\\/\\\/archiviocassano.lavocedelpaese.info\\\/\"},{\"@type\":\"ListItem\",\"position\":2,\"name\":\"Angiola-Di Medio: \u201ciun i\u00e8 tend e l\u2019ualt i\u00e8 callar\u2026\u201d\"}]},{\"@type\":\"WebSite\",\"@id\":\"https:\\\/\\\/archiviocassano.lavocedelpaese.info\\\/#website\",\"url\":\"https:\\\/\\\/archiviocassano.lavocedelpaese.info\\\/\",\"name\":\"Archivio CassanoWeb\",\"description\":\"La Voce del Paese - un network di idee\",\"publisher\":{\"@id\":\"https:\\\/\\\/archiviocassano.lavocedelpaese.info\\\/#organization\"},\"potentialAction\":[{\"@type\":\"SearchAction\",\"target\":{\"@type\":\"EntryPoint\",\"urlTemplate\":\"https:\\\/\\\/archiviocassano.lavocedelpaese.info\\\/?s={search_term_string}\"},\"query-input\":{\"@type\":\"PropertyValueSpecification\",\"valueRequired\":true,\"valueName\":\"search_term_string\"}}],\"inLanguage\":\"it-IT\"},{\"@type\":\"Organization\",\"@id\":\"https:\\\/\\\/archiviocassano.lavocedelpaese.info\\\/#organization\",\"name\":\"Archivio CassanoWeb\",\"url\":\"https:\\\/\\\/archiviocassano.lavocedelpaese.info\\\/\",\"logo\":{\"@type\":\"ImageObject\",\"inLanguage\":\"it-IT\",\"@id\":\"https:\\\/\\\/archiviocassano.lavocedelpaese.info\\\/#\\\/schema\\\/logo\\\/image\\\/\",\"url\":\"https:\\\/\\\/archiviocassano.lavocedelpaese.info\\\/wp-content\\\/uploads\\\/2024\\\/08\\\/logo-rosso-2.png\",\"contentUrl\":\"https:\\\/\\\/archiviocassano.lavocedelpaese.info\\\/wp-content\\\/uploads\\\/2024\\\/08\\\/logo-rosso-2.png\",\"width\":491,\"height\":432,\"caption\":\"Archivio CassanoWeb\"},\"image\":{\"@id\":\"https:\\\/\\\/archiviocassano.lavocedelpaese.info\\\/#\\\/schema\\\/logo\\\/image\\\/\"},\"sameAs\":[\"https:\\\/\\\/www.facebook.com\\\/redazione.cassanoweb\"]},{\"@type\":\"Person\",\"@id\":\"https:\\\/\\\/archiviocassano.lavocedelpaese.info\\\/#\\\/schema\\\/person\\\/df195bc79a9b4c35127cf005f92e041b\",\"name\":\"admin\",\"image\":{\"@type\":\"ImageObject\",\"inLanguage\":\"it-IT\",\"@id\":\"https:\\\/\\\/secure.gravatar.com\\\/avatar\\\/eabba89a432e8eaa1b0207cc55f7e5340b22712b1ed80677efcf63e02ff5b235?s=96&d=mm&r=g\",\"url\":\"https:\\\/\\\/secure.gravatar.com\\\/avatar\\\/eabba89a432e8eaa1b0207cc55f7e5340b22712b1ed80677efcf63e02ff5b235?s=96&d=mm&r=g\",\"contentUrl\":\"https:\\\/\\\/secure.gravatar.com\\\/avatar\\\/eabba89a432e8eaa1b0207cc55f7e5340b22712b1ed80677efcf63e02ff5b235?s=96&d=mm&r=g\",\"caption\":\"admin\"},\"sameAs\":[\"https:\\\/\\\/archiviocassano.lavocedelpaese.info\"],\"url\":\"https:\\\/\\\/archiviocassano.lavocedelpaese.info\\\/index.php\\\/author\\\/admin_0qgz1xdp\\\/\"}]}<\/script>\n<!-- \/ Yoast SEO plugin. -->","yoast_head_json":{"title":"Angiola-Di Medio: \u201ciun i\u00e8 tend e l\u2019ualt i\u00e8 callar\u2026\u201d - Archivio CassanoWeb","robots":{"index":"index","follow":"follow","max-snippet":"max-snippet:-1","max-image-preview":"max-image-preview:large","max-video-preview":"max-video-preview:-1"},"canonical":"https:\/\/archiviocassano.lavocedelpaese.info\/index.php\/2019\/03\/20\/angiola-di-medio-a-cassano-diciamo-iuna-ie-tend-e-lualt-ie-callar\/","og_locale":"it_IT","og_type":"article","og_title":"Angiola-Di Medio: \u201ciun i\u00e8 tend e l\u2019ualt i\u00e8 callar\u2026\u201d - Archivio CassanoWeb","og_url":"https:\/\/archiviocassano.lavocedelpaese.info\/index.php\/2019\/03\/20\/angiola-di-medio-a-cassano-diciamo-iuna-ie-tend-e-lualt-ie-callar\/","og_site_name":"Archivio CassanoWeb","article_publisher":"https:\/\/www.facebook.com\/redazione.cassanoweb","article_published_time":"2019-03-20T15:15:19+00:00","og_image":[{"width":543,"height":313,"url":"https:\/\/archiviocassano.lavocedelpaese.info\/wp-content\/uploads\/2019\/03\/angiola_di_medio.jpg","type":"image\/jpeg"}],"author":"admin","twitter_card":"summary_large_image","twitter_misc":{"Scritto da":"admin","Tempo di lettura stimato":"9 minuti"},"schema":{"@context":"https:\/\/schema.org","@graph":[{"@type":"Article","@id":"https:\/\/archiviocassano.lavocedelpaese.info\/index.php\/2019\/03\/20\/angiola-di-medio-a-cassano-diciamo-iuna-ie-tend-e-lualt-ie-callar\/#article","isPartOf":{"@id":"https:\/\/archiviocassano.lavocedelpaese.info\/index.php\/2019\/03\/20\/angiola-di-medio-a-cassano-diciamo-iuna-ie-tend-e-lualt-ie-callar\/"},"author":{"name":"admin","@id":"https:\/\/archiviocassano.lavocedelpaese.info\/#\/schema\/person\/df195bc79a9b4c35127cf005f92e041b"},"headline":"Angiola-Di Medio: \u201ciun i\u00e8 tend e l\u2019ualt i\u00e8 callar\u2026\u201d","datePublished":"2019-03-20T15:15:19+00:00","mainEntityOfPage":{"@id":"https:\/\/archiviocassano.lavocedelpaese.info\/index.php\/2019\/03\/20\/angiola-di-medio-a-cassano-diciamo-iuna-ie-tend-e-lualt-ie-callar\/"},"wordCount":1828,"commentCount":0,"publisher":{"@id":"https:\/\/archiviocassano.lavocedelpaese.info\/#organization"},"image":{"@id":"https:\/\/archiviocassano.lavocedelpaese.info\/index.php\/2019\/03\/20\/angiola-di-medio-a-cassano-diciamo-iuna-ie-tend-e-lualt-ie-callar\/#primaryimage"},"thumbnailUrl":"https:\/\/archiviocassano.lavocedelpaese.info\/wp-content\/uploads\/2019\/03\/angiola_di_medio.jpg","articleSection":["Politica"],"inLanguage":"it-IT","potentialAction":[{"@type":"CommentAction","name":"Comment","target":["https:\/\/archiviocassano.lavocedelpaese.info\/index.php\/2019\/03\/20\/angiola-di-medio-a-cassano-diciamo-iuna-ie-tend-e-lualt-ie-callar\/#respond"]}]},{"@type":"WebPage","@id":"https:\/\/archiviocassano.lavocedelpaese.info\/index.php\/2019\/03\/20\/angiola-di-medio-a-cassano-diciamo-iuna-ie-tend-e-lualt-ie-callar\/","url":"https:\/\/archiviocassano.lavocedelpaese.info\/index.php\/2019\/03\/20\/angiola-di-medio-a-cassano-diciamo-iuna-ie-tend-e-lualt-ie-callar\/","name":"Angiola-Di Medio: \u201ciun i\u00e8 tend e l\u2019ualt i\u00e8 callar\u2026\u201d - Archivio CassanoWeb","isPartOf":{"@id":"https:\/\/archiviocassano.lavocedelpaese.info\/#website"},"primaryImageOfPage":{"@id":"https:\/\/archiviocassano.lavocedelpaese.info\/index.php\/2019\/03\/20\/angiola-di-medio-a-cassano-diciamo-iuna-ie-tend-e-lualt-ie-callar\/#primaryimage"},"image":{"@id":"https:\/\/archiviocassano.lavocedelpaese.info\/index.php\/2019\/03\/20\/angiola-di-medio-a-cassano-diciamo-iuna-ie-tend-e-lualt-ie-callar\/#primaryimage"},"thumbnailUrl":"https:\/\/archiviocassano.lavocedelpaese.info\/wp-content\/uploads\/2019\/03\/angiola_di_medio.jpg","datePublished":"2019-03-20T15:15:19+00:00","breadcrumb":{"@id":"https:\/\/archiviocassano.lavocedelpaese.info\/index.php\/2019\/03\/20\/angiola-di-medio-a-cassano-diciamo-iuna-ie-tend-e-lualt-ie-callar\/#breadcrumb"},"inLanguage":"it-IT","potentialAction":[{"@type":"ReadAction","target":["https:\/\/archiviocassano.lavocedelpaese.info\/index.php\/2019\/03\/20\/angiola-di-medio-a-cassano-diciamo-iuna-ie-tend-e-lualt-ie-callar\/"]}]},{"@type":"ImageObject","inLanguage":"it-IT","@id":"https:\/\/archiviocassano.lavocedelpaese.info\/index.php\/2019\/03\/20\/angiola-di-medio-a-cassano-diciamo-iuna-ie-tend-e-lualt-ie-callar\/#primaryimage","url":"https:\/\/archiviocassano.lavocedelpaese.info\/wp-content\/uploads\/2019\/03\/angiola_di_medio.jpg","contentUrl":"https:\/\/archiviocassano.lavocedelpaese.info\/wp-content\/uploads\/2019\/03\/angiola_di_medio.jpg","width":543,"height":313,"caption":"angiola di medio"},{"@type":"BreadcrumbList","@id":"https:\/\/archiviocassano.lavocedelpaese.info\/index.php\/2019\/03\/20\/angiola-di-medio-a-cassano-diciamo-iuna-ie-tend-e-lualt-ie-callar\/#breadcrumb","itemListElement":[{"@type":"ListItem","position":1,"name":"Home","item":"https:\/\/archiviocassano.lavocedelpaese.info\/"},{"@type":"ListItem","position":2,"name":"Angiola-Di Medio: \u201ciun i\u00e8 tend e l\u2019ualt i\u00e8 callar\u2026\u201d"}]},{"@type":"WebSite","@id":"https:\/\/archiviocassano.lavocedelpaese.info\/#website","url":"https:\/\/archiviocassano.lavocedelpaese.info\/","name":"Archivio CassanoWeb","description":"La Voce del Paese - un network di idee","publisher":{"@id":"https:\/\/archiviocassano.lavocedelpaese.info\/#organization"},"potentialAction":[{"@type":"SearchAction","target":{"@type":"EntryPoint","urlTemplate":"https:\/\/archiviocassano.lavocedelpaese.info\/?s={search_term_string}"},"query-input":{"@type":"PropertyValueSpecification","valueRequired":true,"valueName":"search_term_string"}}],"inLanguage":"it-IT"},{"@type":"Organization","@id":"https:\/\/archiviocassano.lavocedelpaese.info\/#organization","name":"Archivio CassanoWeb","url":"https:\/\/archiviocassano.lavocedelpaese.info\/","logo":{"@type":"ImageObject","inLanguage":"it-IT","@id":"https:\/\/archiviocassano.lavocedelpaese.info\/#\/schema\/logo\/image\/","url":"https:\/\/archiviocassano.lavocedelpaese.info\/wp-content\/uploads\/2024\/08\/logo-rosso-2.png","contentUrl":"https:\/\/archiviocassano.lavocedelpaese.info\/wp-content\/uploads\/2024\/08\/logo-rosso-2.png","width":491,"height":432,"caption":"Archivio CassanoWeb"},"image":{"@id":"https:\/\/archiviocassano.lavocedelpaese.info\/#\/schema\/logo\/image\/"},"sameAs":["https:\/\/www.facebook.com\/redazione.cassanoweb"]},{"@type":"Person","@id":"https:\/\/archiviocassano.lavocedelpaese.info\/#\/schema\/person\/df195bc79a9b4c35127cf005f92e041b","name":"admin","image":{"@type":"ImageObject","inLanguage":"it-IT","@id":"https:\/\/secure.gravatar.com\/avatar\/eabba89a432e8eaa1b0207cc55f7e5340b22712b1ed80677efcf63e02ff5b235?s=96&d=mm&r=g","url":"https:\/\/secure.gravatar.com\/avatar\/eabba89a432e8eaa1b0207cc55f7e5340b22712b1ed80677efcf63e02ff5b235?s=96&d=mm&r=g","contentUrl":"https:\/\/secure.gravatar.com\/avatar\/eabba89a432e8eaa1b0207cc55f7e5340b22712b1ed80677efcf63e02ff5b235?s=96&d=mm&r=g","caption":"admin"},"sameAs":["https:\/\/archiviocassano.lavocedelpaese.info"],"url":"https:\/\/archiviocassano.lavocedelpaese.info\/index.php\/author\/admin_0qgz1xdp\/"}]}},"_links":{"self":[{"href":"https:\/\/archiviocassano.lavocedelpaese.info\/index.php\/wp-json\/wp\/v2\/posts\/17235","targetHints":{"allow":["GET"]}}],"collection":[{"href":"https:\/\/archiviocassano.lavocedelpaese.info\/index.php\/wp-json\/wp\/v2\/posts"}],"about":[{"href":"https:\/\/archiviocassano.lavocedelpaese.info\/index.php\/wp-json\/wp\/v2\/types\/post"}],"author":[{"embeddable":true,"href":"https:\/\/archiviocassano.lavocedelpaese.info\/index.php\/wp-json\/wp\/v2\/users\/1"}],"replies":[{"embeddable":true,"href":"https:\/\/archiviocassano.lavocedelpaese.info\/index.php\/wp-json\/wp\/v2\/comments?post=17235"}],"version-history":[{"count":0,"href":"https:\/\/archiviocassano.lavocedelpaese.info\/index.php\/wp-json\/wp\/v2\/posts\/17235\/revisions"}],"wp:featuredmedia":[{"embeddable":true,"href":"https:\/\/archiviocassano.lavocedelpaese.info\/index.php\/wp-json\/wp\/v2\/media\/17234"}],"wp:attachment":[{"href":"https:\/\/archiviocassano.lavocedelpaese.info\/index.php\/wp-json\/wp\/v2\/media?parent=17235"}],"wp:term":[{"taxonomy":"category","embeddable":true,"href":"https:\/\/archiviocassano.lavocedelpaese.info\/index.php\/wp-json\/wp\/v2\/categories?post=17235"},{"taxonomy":"post_tag","embeddable":true,"href":"https:\/\/archiviocassano.lavocedelpaese.info\/index.php\/wp-json\/wp\/v2\/tags?post=17235"}],"curies":[{"name":"wp","href":"https:\/\/api.w.org\/{rel}","templated":true}]}}