{"id":17324,"date":"2019-04-07T07:28:08","date_gmt":"2019-04-07T07:28:08","guid":{"rendered":"https:\/\/archiviocassano.lavocedelpaese.info\/index.php\/2019\/04\/07\/il-qfabio-perineiq-ha-la-banca-del-sangue-lunedi-linaugurazione\/"},"modified":"2019-04-07T07:28:08","modified_gmt":"2019-04-07T07:28:08","slug":"il-qfabio-perineiq-ha-la-banca-del-sangue-lunedi-linaugurazione","status":"publish","type":"post","link":"https:\/\/archiviocassano.lavocedelpaese.info\/index.php\/2019\/04\/07\/il-qfabio-perineiq-ha-la-banca-del-sangue-lunedi-linaugurazione\/","title":{"rendered":"Il &#8220;Fabio Perinei&#8221; ha la Banca del sangue"},"content":{"rendered":"<p style=\"text-align: justify;\"><img loading=\"lazy\" decoding=\"async\" class=\" size-full wp-image-17323\" src=\"https:\/\/archiviocassano.lavocedelpaese.info\/wp-content\/uploads\/2019\/04\/ospedale_perinei-scaled.jpg\" width=\"320\" height=\"150\" alt=\"ospedale perinei\" style=\"margin-right: 2px; margin-left: 2px;\" \/><\/p>\n<p><!--more--><\/p>\n<p>Da luned\u00ec 8 aprile prender\u00e0 avvio l\u2019attivit\u00e0 della nuova Unit\u00e0 Operativa di Medicina Trasfusionale, istituita nei mesi scorsi presso l\u2019Ospedale della Murgia \u201cFabio Perinei\u201d.&nbsp;<\/p>\n<p style=\"text-align: justify;\">&#8220;La tanto attesa conferma \u00e8 arrivata venerd\u00ec &#8211; spiega una nota del Consiglire regionale Enzo Colonna &#8211; con una lettera inviata ai vertici della ASL di Bari da parte del Direttore del Dipartimento di Medicina Trasfusionale dell\u2019Azienda sanitaria, dott. Michele Scelsi, che ha comunicato la positiva definizione della seconda fase operativa del cronoprogramma di avvio in esercizio della nuova unit\u00e0 operativa di medicina trasfusionale.&nbsp;<\/p>\n<p style=\"text-align: justify;\">Tutto pronto, da luned\u00ec prossimo inizier\u00e0 l\u2019attivit\u00e0 di assegnazione del sangue e degli emocomponenti ai pazienti ricoverati presso il Perinei nei turni di mattina e pomeriggio del giorni feriali. Le unit\u00e0 distribuite saranno per ora fornite dall\u2019Ospedale San Paolo, dove si trova l&#8217;unico Centro di Qualificazione Biologica e di Lavorazione della Asl di Bari.<\/p>\n<p>Si tratta di uno storico traguardo per l\u2019Ospedale \u201cPerinei\u201d e, pi\u00f9 in generale, per tutta la comunit\u00e0 Murgiana, giunto a valle di un lungo, complicato e laborioso iter che accompagno, passo dopo passo, da oltre due anni, sin dall\u2019inizio della mia esperienza di consigliere regionale, frutto di molteplici e complessi passaggi amministrativi e istituzionali che si sono dovuti consumare.<\/p>\n<p style=\"text-align: justify;\">Un lungo e articolato lavoro che si \u00e8 sviluppato nell\u2019ambito di una proficua e serrata sinergia tra Regione e ASL di Bari che ha consentito di giungere a un risultato estremamente importante e lungamente atteso da tutto il territorio, dal momento che l\u2019attivazione di questo servizio consentir\u00e0, ora, non solo di raccogliere, ma anche di conservare e disporre in sede del sangue necessario per le trasfusioni (cosiddetta \u201cBanca del sangue\u201d), con la conseguenza di rendere pi\u00f9 efficienti e sicuri tutti gli interventi per i quali sono necessarie trasfusioni, evitando di far ricorso a sacche ematiche conservate presso altre strutture regionali.<\/p>\n<p>L\u2019avvio delle attivit\u00e0 dell&#8217;Unit\u00e0 Trasfusionale render\u00e0 inoltre stabile e strutturata l\u2019attivit\u00e0 di prelievo di materiale ematico finalizzato alla tipizzazione dei donatori di midollo osseo e potr\u00e0 consentire all\u2019ospedale murgiano di divenire un vero e proprio polo di reclutamento con funzioni di ricerca dei donatori, valutazione dell\u2019idoneit\u00e0, identificazione del donatore.<\/p>\n<p style=\"text-align: justify;\">Mi piace ricordare che i volumi di attivit\u00e0 espressi da anni in questo ambito, presso l&#8217;Ospedale della Murgia sono di assoluto rilievo e ben oltre i parametri minimi previsti. Sono migliaia, infatti, le unit\u00e0 di sangue intero raccolte ogni anno e i prelievi finalizzati alla tipizzazione dei potenziali donatori di midollo osseo: uno straordinario risultato ottenuto anche grazie alla preziosa attivit\u00e0 svolta dal personale ospedaliero (a partire dal dott. Matteo Carone e dal personale infermieristico che per molti anni hanno rappresentato la struttura della locale Unit\u00e0 Fissa di Raccolta) e dalle associazioni di&nbsp; volontariato attive da molti anni sul territorio (Avis, Fidas, Admo).<\/p>\n<p style=\"text-align: justify;\">La dotazione organica assegnata negli ultimi mesi alla nuova Unit\u00e0 \u00e8 composta dal Responsabile, il dott. Leonardo Sardella, 5 medici (di cui 4 trasfusionisti), 4 tecnici di laboratorio, 5 infermieri e 2 ausiliari, personale che, gi\u00e0 da diversi mesi, era al lavoro presso il Perinei proprio per assicurare l\u2019avvio di questo importante servizio.&nbsp;&nbsp;<\/p>\n<p style=\"text-align: justify;\">Ora si dovr\u00e0 lavorare per completare la 3\u00b0 fase operativa, con l\u2019integrazione del personale indispensabile a garantire la copertura del servizio per le 24 ore e nei giorni festivi (a tale scopo sono necessari altri 2 tecnici di laboratorio)&#8221;.&nbsp;<\/p>\n","protected":false},"excerpt":{"rendered":"","protected":false},"author":1,"featured_media":17323,"comment_status":"open","ping_status":"closed","sticky":false,"template":"","format":"standard","meta":{"colormag_page_container_layout":"default_layout","colormag_page_sidebar_layout":"default_layout","footnotes":""},"categories":[7],"tags":[],"class_list":["post-17324","post","type-post","status-publish","format-standard","has-post-thumbnail","hentry","category-attualita"],"yoast_head":"<!-- This site is optimized with the Yoast SEO plugin v27.5 - https:\/\/yoast.com\/product\/yoast-seo-wordpress\/ -->\n<title>Il &quot;Fabio Perinei&quot; ha la Banca del sangue - Archivio CassanoWeb<\/title>\n<meta name=\"robots\" content=\"index, follow, max-snippet:-1, max-image-preview:large, max-video-preview:-1\" \/>\n<link rel=\"canonical\" href=\"https:\/\/archiviocassano.lavocedelpaese.info\/index.php\/2019\/04\/07\/il-qfabio-perineiq-ha-la-banca-del-sangue-lunedi-linaugurazione\/\" \/>\n<meta property=\"og:locale\" content=\"it_IT\" \/>\n<meta property=\"og:type\" content=\"article\" \/>\n<meta property=\"og:title\" content=\"Il &quot;Fabio Perinei&quot; ha la Banca del sangue - Archivio CassanoWeb\" \/>\n<meta property=\"og:url\" content=\"https:\/\/archiviocassano.lavocedelpaese.info\/index.php\/2019\/04\/07\/il-qfabio-perineiq-ha-la-banca-del-sangue-lunedi-linaugurazione\/\" \/>\n<meta property=\"og:site_name\" content=\"Archivio CassanoWeb\" \/>\n<meta property=\"article:publisher\" content=\"https:\/\/www.facebook.com\/redazione.cassanoweb\" \/>\n<meta property=\"article:published_time\" content=\"2019-04-07T07:28:08+00:00\" \/>\n<meta property=\"og:image\" content=\"https:\/\/archiviocassano.lavocedelpaese.info\/wp-content\/uploads\/2019\/04\/ospedale_perinei-scaled.jpg\" \/>\n\t<meta property=\"og:image:width\" content=\"2560\" \/>\n\t<meta property=\"og:image:height\" content=\"1546\" \/>\n\t<meta property=\"og:image:type\" content=\"image\/jpeg\" \/>\n<meta name=\"author\" content=\"admin\" \/>\n<meta name=\"twitter:card\" content=\"summary_large_image\" \/>\n<meta name=\"twitter:label1\" content=\"Scritto da\" \/>\n\t<meta name=\"twitter:data1\" content=\"admin\" \/>\n\t<meta name=\"twitter:label2\" content=\"Tempo di lettura stimato\" \/>\n\t<meta name=\"twitter:data2\" content=\"3 minuti\" \/>\n<script type=\"application\/ld+json\" class=\"yoast-schema-graph\">{\"@context\":\"https:\\\/\\\/schema.org\",\"@graph\":[{\"@type\":\"Article\",\"@id\":\"https:\\\/\\\/archiviocassano.lavocedelpaese.info\\\/index.php\\\/2019\\\/04\\\/07\\\/il-qfabio-perineiq-ha-la-banca-del-sangue-lunedi-linaugurazione\\\/#article\",\"isPartOf\":{\"@id\":\"https:\\\/\\\/archiviocassano.lavocedelpaese.info\\\/index.php\\\/2019\\\/04\\\/07\\\/il-qfabio-perineiq-ha-la-banca-del-sangue-lunedi-linaugurazione\\\/\"},\"author\":{\"name\":\"admin\",\"@id\":\"https:\\\/\\\/archiviocassano.lavocedelpaese.info\\\/#\\\/schema\\\/person\\\/df195bc79a9b4c35127cf005f92e041b\"},\"headline\":\"Il &#8220;Fabio Perinei&#8221; ha la Banca del sangue\",\"datePublished\":\"2019-04-07T07:28:08+00:00\",\"mainEntityOfPage\":{\"@id\":\"https:\\\/\\\/archiviocassano.lavocedelpaese.info\\\/index.php\\\/2019\\\/04\\\/07\\\/il-qfabio-perineiq-ha-la-banca-del-sangue-lunedi-linaugurazione\\\/\"},\"wordCount\":565,\"commentCount\":0,\"publisher\":{\"@id\":\"https:\\\/\\\/archiviocassano.lavocedelpaese.info\\\/#organization\"},\"image\":{\"@id\":\"https:\\\/\\\/archiviocassano.lavocedelpaese.info\\\/index.php\\\/2019\\\/04\\\/07\\\/il-qfabio-perineiq-ha-la-banca-del-sangue-lunedi-linaugurazione\\\/#primaryimage\"},\"thumbnailUrl\":\"https:\\\/\\\/archiviocassano.lavocedelpaese.info\\\/wp-content\\\/uploads\\\/2019\\\/04\\\/ospedale_perinei-scaled.jpg\",\"articleSection\":[\"Attualit\u00e0\"],\"inLanguage\":\"it-IT\",\"potentialAction\":[{\"@type\":\"CommentAction\",\"name\":\"Comment\",\"target\":[\"https:\\\/\\\/archiviocassano.lavocedelpaese.info\\\/index.php\\\/2019\\\/04\\\/07\\\/il-qfabio-perineiq-ha-la-banca-del-sangue-lunedi-linaugurazione\\\/#respond\"]}]},{\"@type\":\"WebPage\",\"@id\":\"https:\\\/\\\/archiviocassano.lavocedelpaese.info\\\/index.php\\\/2019\\\/04\\\/07\\\/il-qfabio-perineiq-ha-la-banca-del-sangue-lunedi-linaugurazione\\\/\",\"url\":\"https:\\\/\\\/archiviocassano.lavocedelpaese.info\\\/index.php\\\/2019\\\/04\\\/07\\\/il-qfabio-perineiq-ha-la-banca-del-sangue-lunedi-linaugurazione\\\/\",\"name\":\"Il \\\"Fabio Perinei\\\" ha la Banca del sangue - Archivio CassanoWeb\",\"isPartOf\":{\"@id\":\"https:\\\/\\\/archiviocassano.lavocedelpaese.info\\\/#website\"},\"primaryImageOfPage\":{\"@id\":\"https:\\\/\\\/archiviocassano.lavocedelpaese.info\\\/index.php\\\/2019\\\/04\\\/07\\\/il-qfabio-perineiq-ha-la-banca-del-sangue-lunedi-linaugurazione\\\/#primaryimage\"},\"image\":{\"@id\":\"https:\\\/\\\/archiviocassano.lavocedelpaese.info\\\/index.php\\\/2019\\\/04\\\/07\\\/il-qfabio-perineiq-ha-la-banca-del-sangue-lunedi-linaugurazione\\\/#primaryimage\"},\"thumbnailUrl\":\"https:\\\/\\\/archiviocassano.lavocedelpaese.info\\\/wp-content\\\/uploads\\\/2019\\\/04\\\/ospedale_perinei-scaled.jpg\",\"datePublished\":\"2019-04-07T07:28:08+00:00\",\"breadcrumb\":{\"@id\":\"https:\\\/\\\/archiviocassano.lavocedelpaese.info\\\/index.php\\\/2019\\\/04\\\/07\\\/il-qfabio-perineiq-ha-la-banca-del-sangue-lunedi-linaugurazione\\\/#breadcrumb\"},\"inLanguage\":\"it-IT\",\"potentialAction\":[{\"@type\":\"ReadAction\",\"target\":[\"https:\\\/\\\/archiviocassano.lavocedelpaese.info\\\/index.php\\\/2019\\\/04\\\/07\\\/il-qfabio-perineiq-ha-la-banca-del-sangue-lunedi-linaugurazione\\\/\"]}]},{\"@type\":\"ImageObject\",\"inLanguage\":\"it-IT\",\"@id\":\"https:\\\/\\\/archiviocassano.lavocedelpaese.info\\\/index.php\\\/2019\\\/04\\\/07\\\/il-qfabio-perineiq-ha-la-banca-del-sangue-lunedi-linaugurazione\\\/#primaryimage\",\"url\":\"https:\\\/\\\/archiviocassano.lavocedelpaese.info\\\/wp-content\\\/uploads\\\/2019\\\/04\\\/ospedale_perinei-scaled.jpg\",\"contentUrl\":\"https:\\\/\\\/archiviocassano.lavocedelpaese.info\\\/wp-content\\\/uploads\\\/2019\\\/04\\\/ospedale_perinei-scaled.jpg\",\"width\":2560,\"height\":1546,\"caption\":\"ospedale perinei\"},{\"@type\":\"BreadcrumbList\",\"@id\":\"https:\\\/\\\/archiviocassano.lavocedelpaese.info\\\/index.php\\\/2019\\\/04\\\/07\\\/il-qfabio-perineiq-ha-la-banca-del-sangue-lunedi-linaugurazione\\\/#breadcrumb\",\"itemListElement\":[{\"@type\":\"ListItem\",\"position\":1,\"name\":\"Home\",\"item\":\"https:\\\/\\\/archiviocassano.lavocedelpaese.info\\\/\"},{\"@type\":\"ListItem\",\"position\":2,\"name\":\"Il &#8220;Fabio Perinei&#8221; ha la Banca del sangue\"}]},{\"@type\":\"WebSite\",\"@id\":\"https:\\\/\\\/archiviocassano.lavocedelpaese.info\\\/#website\",\"url\":\"https:\\\/\\\/archiviocassano.lavocedelpaese.info\\\/\",\"name\":\"Archivio CassanoWeb\",\"description\":\"La Voce del Paese - un network di idee\",\"publisher\":{\"@id\":\"https:\\\/\\\/archiviocassano.lavocedelpaese.info\\\/#organization\"},\"potentialAction\":[{\"@type\":\"SearchAction\",\"target\":{\"@type\":\"EntryPoint\",\"urlTemplate\":\"https:\\\/\\\/archiviocassano.lavocedelpaese.info\\\/?s={search_term_string}\"},\"query-input\":{\"@type\":\"PropertyValueSpecification\",\"valueRequired\":true,\"valueName\":\"search_term_string\"}}],\"inLanguage\":\"it-IT\"},{\"@type\":\"Organization\",\"@id\":\"https:\\\/\\\/archiviocassano.lavocedelpaese.info\\\/#organization\",\"name\":\"Archivio CassanoWeb\",\"url\":\"https:\\\/\\\/archiviocassano.lavocedelpaese.info\\\/\",\"logo\":{\"@type\":\"ImageObject\",\"inLanguage\":\"it-IT\",\"@id\":\"https:\\\/\\\/archiviocassano.lavocedelpaese.info\\\/#\\\/schema\\\/logo\\\/image\\\/\",\"url\":\"https:\\\/\\\/archiviocassano.lavocedelpaese.info\\\/wp-content\\\/uploads\\\/2024\\\/08\\\/logo-rosso-2.png\",\"contentUrl\":\"https:\\\/\\\/archiviocassano.lavocedelpaese.info\\\/wp-content\\\/uploads\\\/2024\\\/08\\\/logo-rosso-2.png\",\"width\":491,\"height\":432,\"caption\":\"Archivio CassanoWeb\"},\"image\":{\"@id\":\"https:\\\/\\\/archiviocassano.lavocedelpaese.info\\\/#\\\/schema\\\/logo\\\/image\\\/\"},\"sameAs\":[\"https:\\\/\\\/www.facebook.com\\\/redazione.cassanoweb\"]},{\"@type\":\"Person\",\"@id\":\"https:\\\/\\\/archiviocassano.lavocedelpaese.info\\\/#\\\/schema\\\/person\\\/df195bc79a9b4c35127cf005f92e041b\",\"name\":\"admin\",\"image\":{\"@type\":\"ImageObject\",\"inLanguage\":\"it-IT\",\"@id\":\"https:\\\/\\\/secure.gravatar.com\\\/avatar\\\/eabba89a432e8eaa1b0207cc55f7e5340b22712b1ed80677efcf63e02ff5b235?s=96&d=mm&r=g\",\"url\":\"https:\\\/\\\/secure.gravatar.com\\\/avatar\\\/eabba89a432e8eaa1b0207cc55f7e5340b22712b1ed80677efcf63e02ff5b235?s=96&d=mm&r=g\",\"contentUrl\":\"https:\\\/\\\/secure.gravatar.com\\\/avatar\\\/eabba89a432e8eaa1b0207cc55f7e5340b22712b1ed80677efcf63e02ff5b235?s=96&d=mm&r=g\",\"caption\":\"admin\"},\"sameAs\":[\"https:\\\/\\\/archiviocassano.lavocedelpaese.info\"],\"url\":\"https:\\\/\\\/archiviocassano.lavocedelpaese.info\\\/index.php\\\/author\\\/admin_0qgz1xdp\\\/\"}]}<\/script>\n<!-- \/ Yoast SEO plugin. -->","yoast_head_json":{"title":"Il \"Fabio Perinei\" ha la Banca del sangue - Archivio CassanoWeb","robots":{"index":"index","follow":"follow","max-snippet":"max-snippet:-1","max-image-preview":"max-image-preview:large","max-video-preview":"max-video-preview:-1"},"canonical":"https:\/\/archiviocassano.lavocedelpaese.info\/index.php\/2019\/04\/07\/il-qfabio-perineiq-ha-la-banca-del-sangue-lunedi-linaugurazione\/","og_locale":"it_IT","og_type":"article","og_title":"Il \"Fabio Perinei\" ha la Banca del sangue - Archivio CassanoWeb","og_url":"https:\/\/archiviocassano.lavocedelpaese.info\/index.php\/2019\/04\/07\/il-qfabio-perineiq-ha-la-banca-del-sangue-lunedi-linaugurazione\/","og_site_name":"Archivio CassanoWeb","article_publisher":"https:\/\/www.facebook.com\/redazione.cassanoweb","article_published_time":"2019-04-07T07:28:08+00:00","og_image":[{"width":2560,"height":1546,"url":"https:\/\/archiviocassano.lavocedelpaese.info\/wp-content\/uploads\/2019\/04\/ospedale_perinei-scaled.jpg","type":"image\/jpeg"}],"author":"admin","twitter_card":"summary_large_image","twitter_misc":{"Scritto da":"admin","Tempo di lettura stimato":"3 minuti"},"schema":{"@context":"https:\/\/schema.org","@graph":[{"@type":"Article","@id":"https:\/\/archiviocassano.lavocedelpaese.info\/index.php\/2019\/04\/07\/il-qfabio-perineiq-ha-la-banca-del-sangue-lunedi-linaugurazione\/#article","isPartOf":{"@id":"https:\/\/archiviocassano.lavocedelpaese.info\/index.php\/2019\/04\/07\/il-qfabio-perineiq-ha-la-banca-del-sangue-lunedi-linaugurazione\/"},"author":{"name":"admin","@id":"https:\/\/archiviocassano.lavocedelpaese.info\/#\/schema\/person\/df195bc79a9b4c35127cf005f92e041b"},"headline":"Il &#8220;Fabio Perinei&#8221; ha la Banca del sangue","datePublished":"2019-04-07T07:28:08+00:00","mainEntityOfPage":{"@id":"https:\/\/archiviocassano.lavocedelpaese.info\/index.php\/2019\/04\/07\/il-qfabio-perineiq-ha-la-banca-del-sangue-lunedi-linaugurazione\/"},"wordCount":565,"commentCount":0,"publisher":{"@id":"https:\/\/archiviocassano.lavocedelpaese.info\/#organization"},"image":{"@id":"https:\/\/archiviocassano.lavocedelpaese.info\/index.php\/2019\/04\/07\/il-qfabio-perineiq-ha-la-banca-del-sangue-lunedi-linaugurazione\/#primaryimage"},"thumbnailUrl":"https:\/\/archiviocassano.lavocedelpaese.info\/wp-content\/uploads\/2019\/04\/ospedale_perinei-scaled.jpg","articleSection":["Attualit\u00e0"],"inLanguage":"it-IT","potentialAction":[{"@type":"CommentAction","name":"Comment","target":["https:\/\/archiviocassano.lavocedelpaese.info\/index.php\/2019\/04\/07\/il-qfabio-perineiq-ha-la-banca-del-sangue-lunedi-linaugurazione\/#respond"]}]},{"@type":"WebPage","@id":"https:\/\/archiviocassano.lavocedelpaese.info\/index.php\/2019\/04\/07\/il-qfabio-perineiq-ha-la-banca-del-sangue-lunedi-linaugurazione\/","url":"https:\/\/archiviocassano.lavocedelpaese.info\/index.php\/2019\/04\/07\/il-qfabio-perineiq-ha-la-banca-del-sangue-lunedi-linaugurazione\/","name":"Il \"Fabio Perinei\" ha la Banca del sangue - Archivio CassanoWeb","isPartOf":{"@id":"https:\/\/archiviocassano.lavocedelpaese.info\/#website"},"primaryImageOfPage":{"@id":"https:\/\/archiviocassano.lavocedelpaese.info\/index.php\/2019\/04\/07\/il-qfabio-perineiq-ha-la-banca-del-sangue-lunedi-linaugurazione\/#primaryimage"},"image":{"@id":"https:\/\/archiviocassano.lavocedelpaese.info\/index.php\/2019\/04\/07\/il-qfabio-perineiq-ha-la-banca-del-sangue-lunedi-linaugurazione\/#primaryimage"},"thumbnailUrl":"https:\/\/archiviocassano.lavocedelpaese.info\/wp-content\/uploads\/2019\/04\/ospedale_perinei-scaled.jpg","datePublished":"2019-04-07T07:28:08+00:00","breadcrumb":{"@id":"https:\/\/archiviocassano.lavocedelpaese.info\/index.php\/2019\/04\/07\/il-qfabio-perineiq-ha-la-banca-del-sangue-lunedi-linaugurazione\/#breadcrumb"},"inLanguage":"it-IT","potentialAction":[{"@type":"ReadAction","target":["https:\/\/archiviocassano.lavocedelpaese.info\/index.php\/2019\/04\/07\/il-qfabio-perineiq-ha-la-banca-del-sangue-lunedi-linaugurazione\/"]}]},{"@type":"ImageObject","inLanguage":"it-IT","@id":"https:\/\/archiviocassano.lavocedelpaese.info\/index.php\/2019\/04\/07\/il-qfabio-perineiq-ha-la-banca-del-sangue-lunedi-linaugurazione\/#primaryimage","url":"https:\/\/archiviocassano.lavocedelpaese.info\/wp-content\/uploads\/2019\/04\/ospedale_perinei-scaled.jpg","contentUrl":"https:\/\/archiviocassano.lavocedelpaese.info\/wp-content\/uploads\/2019\/04\/ospedale_perinei-scaled.jpg","width":2560,"height":1546,"caption":"ospedale perinei"},{"@type":"BreadcrumbList","@id":"https:\/\/archiviocassano.lavocedelpaese.info\/index.php\/2019\/04\/07\/il-qfabio-perineiq-ha-la-banca-del-sangue-lunedi-linaugurazione\/#breadcrumb","itemListElement":[{"@type":"ListItem","position":1,"name":"Home","item":"https:\/\/archiviocassano.lavocedelpaese.info\/"},{"@type":"ListItem","position":2,"name":"Il &#8220;Fabio Perinei&#8221; ha la Banca del sangue"}]},{"@type":"WebSite","@id":"https:\/\/archiviocassano.lavocedelpaese.info\/#website","url":"https:\/\/archiviocassano.lavocedelpaese.info\/","name":"Archivio CassanoWeb","description":"La Voce del Paese - un network di idee","publisher":{"@id":"https:\/\/archiviocassano.lavocedelpaese.info\/#organization"},"potentialAction":[{"@type":"SearchAction","target":{"@type":"EntryPoint","urlTemplate":"https:\/\/archiviocassano.lavocedelpaese.info\/?s={search_term_string}"},"query-input":{"@type":"PropertyValueSpecification","valueRequired":true,"valueName":"search_term_string"}}],"inLanguage":"it-IT"},{"@type":"Organization","@id":"https:\/\/archiviocassano.lavocedelpaese.info\/#organization","name":"Archivio CassanoWeb","url":"https:\/\/archiviocassano.lavocedelpaese.info\/","logo":{"@type":"ImageObject","inLanguage":"it-IT","@id":"https:\/\/archiviocassano.lavocedelpaese.info\/#\/schema\/logo\/image\/","url":"https:\/\/archiviocassano.lavocedelpaese.info\/wp-content\/uploads\/2024\/08\/logo-rosso-2.png","contentUrl":"https:\/\/archiviocassano.lavocedelpaese.info\/wp-content\/uploads\/2024\/08\/logo-rosso-2.png","width":491,"height":432,"caption":"Archivio CassanoWeb"},"image":{"@id":"https:\/\/archiviocassano.lavocedelpaese.info\/#\/schema\/logo\/image\/"},"sameAs":["https:\/\/www.facebook.com\/redazione.cassanoweb"]},{"@type":"Person","@id":"https:\/\/archiviocassano.lavocedelpaese.info\/#\/schema\/person\/df195bc79a9b4c35127cf005f92e041b","name":"admin","image":{"@type":"ImageObject","inLanguage":"it-IT","@id":"https:\/\/secure.gravatar.com\/avatar\/eabba89a432e8eaa1b0207cc55f7e5340b22712b1ed80677efcf63e02ff5b235?s=96&d=mm&r=g","url":"https:\/\/secure.gravatar.com\/avatar\/eabba89a432e8eaa1b0207cc55f7e5340b22712b1ed80677efcf63e02ff5b235?s=96&d=mm&r=g","contentUrl":"https:\/\/secure.gravatar.com\/avatar\/eabba89a432e8eaa1b0207cc55f7e5340b22712b1ed80677efcf63e02ff5b235?s=96&d=mm&r=g","caption":"admin"},"sameAs":["https:\/\/archiviocassano.lavocedelpaese.info"],"url":"https:\/\/archiviocassano.lavocedelpaese.info\/index.php\/author\/admin_0qgz1xdp\/"}]}},"_links":{"self":[{"href":"https:\/\/archiviocassano.lavocedelpaese.info\/index.php\/wp-json\/wp\/v2\/posts\/17324","targetHints":{"allow":["GET"]}}],"collection":[{"href":"https:\/\/archiviocassano.lavocedelpaese.info\/index.php\/wp-json\/wp\/v2\/posts"}],"about":[{"href":"https:\/\/archiviocassano.lavocedelpaese.info\/index.php\/wp-json\/wp\/v2\/types\/post"}],"author":[{"embeddable":true,"href":"https:\/\/archiviocassano.lavocedelpaese.info\/index.php\/wp-json\/wp\/v2\/users\/1"}],"replies":[{"embeddable":true,"href":"https:\/\/archiviocassano.lavocedelpaese.info\/index.php\/wp-json\/wp\/v2\/comments?post=17324"}],"version-history":[{"count":0,"href":"https:\/\/archiviocassano.lavocedelpaese.info\/index.php\/wp-json\/wp\/v2\/posts\/17324\/revisions"}],"wp:featuredmedia":[{"embeddable":true,"href":"https:\/\/archiviocassano.lavocedelpaese.info\/index.php\/wp-json\/wp\/v2\/media\/17323"}],"wp:attachment":[{"href":"https:\/\/archiviocassano.lavocedelpaese.info\/index.php\/wp-json\/wp\/v2\/media?parent=17324"}],"wp:term":[{"taxonomy":"category","embeddable":true,"href":"https:\/\/archiviocassano.lavocedelpaese.info\/index.php\/wp-json\/wp\/v2\/categories?post=17324"},{"taxonomy":"post_tag","embeddable":true,"href":"https:\/\/archiviocassano.lavocedelpaese.info\/index.php\/wp-json\/wp\/v2\/tags?post=17324"}],"curies":[{"name":"wp","href":"https:\/\/api.w.org\/{rel}","templated":true}]}}