{"id":17342,"date":"2019-04-14T10:33:04","date_gmt":"2019-04-14T10:33:04","guid":{"rendered":"https:\/\/archiviocassano.lavocedelpaese.info\/index.php\/2019\/04\/14\/bilancio-2019-le-commissioni-non-ne-discutono-qlapsus-calamiq-dice-il-vicesindaco\/"},"modified":"2019-04-14T10:33:04","modified_gmt":"2019-04-14T10:33:04","slug":"bilancio-2019-le-commissioni-non-ne-discutono-qlapsus-calamiq-dice-il-vicesindaco","status":"publish","type":"post","link":"https:\/\/archiviocassano.lavocedelpaese.info\/index.php\/2019\/04\/14\/bilancio-2019-le-commissioni-non-ne-discutono-qlapsus-calamiq-dice-il-vicesindaco\/","title":{"rendered":"Bilancio 2019: le Commissioni non ne discutono"},"content":{"rendered":"<p style=\"text-align: justify;\"><img loading=\"lazy\" decoding=\"async\" src=\"images\/stories\/archiviofoto\/municipio.jpg\" alt=\"municipio\" style=\"margin-right: 2px; margin-left: 2px;\" height=\"150\" width=\"320\" \/><\/p>\n<p><!--more--><\/p>\n<p style=\"text-align: justify;\">Nessun passaggio nelle Commissioni per il Bilancio di Previsione 2019 che <a href=\"politica\/28891-lunedi-15-aprile-consiglio-comunale-su-dup-e-bilancio-2019.html\" target=\"_blank\" rel=\"noopener\">domani si discuter\u00e0 in Consiglio Comunale.<\/a>&nbsp;Non, almeno, con il contributo dei gruppi di minoranza.<\/p>\n<p style=\"text-align: justify;\">Il pi\u00f9 importante documento economico-amministrativo di ogni Amministrazione locale non \u00e8 stato discusso nella riunione di venerd\u00ec scorso n\u00e9 in quella, convocata d\u2019urgenza, di sabato sera delle due Commissioni in seduta congiunta se non dalla maggioranza consiliare.<\/p>\n<p style=\"text-align: justify;\">Perch\u00e9?<\/p>\n<p style=\"text-align: justify;\">Un<em> \u201clapsus calami\u201d,<\/em> l\u2019ha chiamata il vice-sindaco <strong>Angelo Giustino<\/strong> ovvero una \u201cdimenticanza\u201d nella stesura dell\u2019ordine del giorno dei lavori delle Commissioni congiunte, convocate per discutere gli altri quattro punti di cui si occuper\u00e0 il Consiglio Comunale domattina, ma non&nbsp; il Bilancio.<\/p>\n<p style=\"text-align: justify;\">Una dimenticanza? Una svista? Oppure, addirittura, una omissione voluta, come ventolano ipoteticamente le minoranze?<\/p>\n<p style=\"text-align: justify;\"><em>\u201cUn errore in completa buona fede: inutile cercare di trovare altre contorte motivazioni\u201d,<\/em> commenta, invece, <strong>il Presidente della Prima Commissione, il capogruppo di maggioranza Pasquale Campanale.<\/strong><\/p>\n<p style=\"text-align: justify;\">Venerd\u00ec pomeriggio le Commissioni hanno esaminato i quattro punti scritti nell\u2019OdG della convocazione, tutti argomenti propedeutici al Bilancio, quindi la maggioranza ha voluto esaminare il Bilancio 2019 che per\u00f2 non risultava fra gli argomenti da discutere. Un fatto formale, certo ma anche di sostanza dato che i Consiglieri componenti della Commissione non si erano attrezzati per la discussione.<\/p>\n<p style=\"text-align: justify;\"><strong>Teodoro Santorsola e Rocco Lapadula<\/strong>, Consiglieri di minoranza, probabilmente, pensavano ad uno slittamento, in Consiglio Comunale, proprio di quell\u2019argomento dato che la Commissione non era stata convocata per discuterlo e invece\u2026<\/p>\n<p style=\"text-align: justify;\">Da qui la scelta di mettere a verbale la convocazione d\u2018urgenza della stessa Commissione per il giorno successivo ovvero sabato 13 aprile alle ore 19.00, con gli Uffici comunali chiusi, per\u00f2, e senza la disponibilit\u00e0 di alcuni Funzionari del Comune ai quali chiedere eventualmente approfondimenti del caso.<\/p>\n<p style=\"text-align: justify;\">Sabato, per\u00f2, i Consiglieri di minoranza non si sono presentati in Commissione, ritenendo irrituale la convocazione e soprattutto sottolineando come fossero venute meno le condizioni minime per approfondire il tema.<\/p>\n<p style=\"text-align: justify;\">Campanale promette che <em>\u201cquesta vicenda<\/em> sar\u00e0 adeguatamente trattata in Consiglio Comunale, luned\u00ec, al fine di dirimere tutte le possibili questioni circa la legittimit\u00e0 della convocazione urgente\u201d, <em>facendo per\u00f2 rilevare che<\/em> <em>\u201cla questione del &#8221; buonsenso &#8221; continuamente viene richiamato dai gruppi di minoranza in ogni seduta del consiglio ma, stranamente, quando avrebbe potuto e dovuto operare come nella vicenda di cui oggi parliamo, questo buonsenso ha lasciato il campo ai codicilli\u201d,<\/em> mettendo da parte il bene del paese.<\/p>\n<p style=\"text-align: justify;\">Luned\u00ec sar\u00e0 battaglia nella sala di Piazza Rossani.&nbsp;<\/p>\n<p style=\"text-align: justify;\">&nbsp;<\/p>\n","protected":false},"excerpt":{"rendered":"","protected":false},"author":1,"featured_media":0,"comment_status":"open","ping_status":"closed","sticky":false,"template":"","format":"standard","meta":{"colormag_page_container_layout":"default_layout","colormag_page_sidebar_layout":"default_layout","footnotes":""},"categories":[4],"tags":[],"class_list":["post-17342","post","type-post","status-publish","format-standard","hentry","category-politica"],"yoast_head":"<!-- This site is optimized with the Yoast SEO plugin v27.5 - https:\/\/yoast.com\/product\/yoast-seo-wordpress\/ -->\n<title>Bilancio 2019: le Commissioni non ne discutono - Archivio CassanoWeb<\/title>\n<meta name=\"robots\" content=\"index, follow, max-snippet:-1, max-image-preview:large, max-video-preview:-1\" \/>\n<link rel=\"canonical\" href=\"https:\/\/archiviocassano.lavocedelpaese.info\/index.php\/2019\/04\/14\/bilancio-2019-le-commissioni-non-ne-discutono-qlapsus-calamiq-dice-il-vicesindaco\/\" \/>\n<meta property=\"og:locale\" content=\"it_IT\" \/>\n<meta property=\"og:type\" content=\"article\" \/>\n<meta property=\"og:title\" content=\"Bilancio 2019: le Commissioni non ne discutono - Archivio CassanoWeb\" \/>\n<meta property=\"og:url\" content=\"https:\/\/archiviocassano.lavocedelpaese.info\/index.php\/2019\/04\/14\/bilancio-2019-le-commissioni-non-ne-discutono-qlapsus-calamiq-dice-il-vicesindaco\/\" \/>\n<meta property=\"og:site_name\" content=\"Archivio CassanoWeb\" \/>\n<meta property=\"article:publisher\" content=\"https:\/\/www.facebook.com\/redazione.cassanoweb\" \/>\n<meta property=\"article:published_time\" content=\"2019-04-14T10:33:04+00:00\" \/>\n<meta name=\"author\" content=\"admin\" \/>\n<meta name=\"twitter:card\" content=\"summary_large_image\" \/>\n<meta name=\"twitter:label1\" content=\"Scritto da\" \/>\n\t<meta name=\"twitter:data1\" content=\"admin\" \/>\n\t<meta name=\"twitter:label2\" content=\"Tempo di lettura stimato\" \/>\n\t<meta name=\"twitter:data2\" content=\"2 minuti\" \/>\n<script type=\"application\/ld+json\" class=\"yoast-schema-graph\">{\"@context\":\"https:\\\/\\\/schema.org\",\"@graph\":[{\"@type\":\"Article\",\"@id\":\"https:\\\/\\\/archiviocassano.lavocedelpaese.info\\\/index.php\\\/2019\\\/04\\\/14\\\/bilancio-2019-le-commissioni-non-ne-discutono-qlapsus-calamiq-dice-il-vicesindaco\\\/#article\",\"isPartOf\":{\"@id\":\"https:\\\/\\\/archiviocassano.lavocedelpaese.info\\\/index.php\\\/2019\\\/04\\\/14\\\/bilancio-2019-le-commissioni-non-ne-discutono-qlapsus-calamiq-dice-il-vicesindaco\\\/\"},\"author\":{\"name\":\"admin\",\"@id\":\"https:\\\/\\\/archiviocassano.lavocedelpaese.info\\\/#\\\/schema\\\/person\\\/df195bc79a9b4c35127cf005f92e041b\"},\"headline\":\"Bilancio 2019: le Commissioni non ne discutono\",\"datePublished\":\"2019-04-14T10:33:04+00:00\",\"mainEntityOfPage\":{\"@id\":\"https:\\\/\\\/archiviocassano.lavocedelpaese.info\\\/index.php\\\/2019\\\/04\\\/14\\\/bilancio-2019-le-commissioni-non-ne-discutono-qlapsus-calamiq-dice-il-vicesindaco\\\/\"},\"wordCount\":406,\"commentCount\":0,\"publisher\":{\"@id\":\"https:\\\/\\\/archiviocassano.lavocedelpaese.info\\\/#organization\"},\"articleSection\":[\"Politica\"],\"inLanguage\":\"it-IT\",\"potentialAction\":[{\"@type\":\"CommentAction\",\"name\":\"Comment\",\"target\":[\"https:\\\/\\\/archiviocassano.lavocedelpaese.info\\\/index.php\\\/2019\\\/04\\\/14\\\/bilancio-2019-le-commissioni-non-ne-discutono-qlapsus-calamiq-dice-il-vicesindaco\\\/#respond\"]}]},{\"@type\":\"WebPage\",\"@id\":\"https:\\\/\\\/archiviocassano.lavocedelpaese.info\\\/index.php\\\/2019\\\/04\\\/14\\\/bilancio-2019-le-commissioni-non-ne-discutono-qlapsus-calamiq-dice-il-vicesindaco\\\/\",\"url\":\"https:\\\/\\\/archiviocassano.lavocedelpaese.info\\\/index.php\\\/2019\\\/04\\\/14\\\/bilancio-2019-le-commissioni-non-ne-discutono-qlapsus-calamiq-dice-il-vicesindaco\\\/\",\"name\":\"Bilancio 2019: le Commissioni non ne discutono - Archivio CassanoWeb\",\"isPartOf\":{\"@id\":\"https:\\\/\\\/archiviocassano.lavocedelpaese.info\\\/#website\"},\"datePublished\":\"2019-04-14T10:33:04+00:00\",\"breadcrumb\":{\"@id\":\"https:\\\/\\\/archiviocassano.lavocedelpaese.info\\\/index.php\\\/2019\\\/04\\\/14\\\/bilancio-2019-le-commissioni-non-ne-discutono-qlapsus-calamiq-dice-il-vicesindaco\\\/#breadcrumb\"},\"inLanguage\":\"it-IT\",\"potentialAction\":[{\"@type\":\"ReadAction\",\"target\":[\"https:\\\/\\\/archiviocassano.lavocedelpaese.info\\\/index.php\\\/2019\\\/04\\\/14\\\/bilancio-2019-le-commissioni-non-ne-discutono-qlapsus-calamiq-dice-il-vicesindaco\\\/\"]}]},{\"@type\":\"BreadcrumbList\",\"@id\":\"https:\\\/\\\/archiviocassano.lavocedelpaese.info\\\/index.php\\\/2019\\\/04\\\/14\\\/bilancio-2019-le-commissioni-non-ne-discutono-qlapsus-calamiq-dice-il-vicesindaco\\\/#breadcrumb\",\"itemListElement\":[{\"@type\":\"ListItem\",\"position\":1,\"name\":\"Home\",\"item\":\"https:\\\/\\\/archiviocassano.lavocedelpaese.info\\\/\"},{\"@type\":\"ListItem\",\"position\":2,\"name\":\"Bilancio 2019: le Commissioni non ne discutono\"}]},{\"@type\":\"WebSite\",\"@id\":\"https:\\\/\\\/archiviocassano.lavocedelpaese.info\\\/#website\",\"url\":\"https:\\\/\\\/archiviocassano.lavocedelpaese.info\\\/\",\"name\":\"Archivio CassanoWeb\",\"description\":\"La Voce del Paese - un network di idee\",\"publisher\":{\"@id\":\"https:\\\/\\\/archiviocassano.lavocedelpaese.info\\\/#organization\"},\"potentialAction\":[{\"@type\":\"SearchAction\",\"target\":{\"@type\":\"EntryPoint\",\"urlTemplate\":\"https:\\\/\\\/archiviocassano.lavocedelpaese.info\\\/?s={search_term_string}\"},\"query-input\":{\"@type\":\"PropertyValueSpecification\",\"valueRequired\":true,\"valueName\":\"search_term_string\"}}],\"inLanguage\":\"it-IT\"},{\"@type\":\"Organization\",\"@id\":\"https:\\\/\\\/archiviocassano.lavocedelpaese.info\\\/#organization\",\"name\":\"Archivio CassanoWeb\",\"url\":\"https:\\\/\\\/archiviocassano.lavocedelpaese.info\\\/\",\"logo\":{\"@type\":\"ImageObject\",\"inLanguage\":\"it-IT\",\"@id\":\"https:\\\/\\\/archiviocassano.lavocedelpaese.info\\\/#\\\/schema\\\/logo\\\/image\\\/\",\"url\":\"https:\\\/\\\/archiviocassano.lavocedelpaese.info\\\/wp-content\\\/uploads\\\/2024\\\/08\\\/logo-rosso-2.png\",\"contentUrl\":\"https:\\\/\\\/archiviocassano.lavocedelpaese.info\\\/wp-content\\\/uploads\\\/2024\\\/08\\\/logo-rosso-2.png\",\"width\":491,\"height\":432,\"caption\":\"Archivio CassanoWeb\"},\"image\":{\"@id\":\"https:\\\/\\\/archiviocassano.lavocedelpaese.info\\\/#\\\/schema\\\/logo\\\/image\\\/\"},\"sameAs\":[\"https:\\\/\\\/www.facebook.com\\\/redazione.cassanoweb\"]},{\"@type\":\"Person\",\"@id\":\"https:\\\/\\\/archiviocassano.lavocedelpaese.info\\\/#\\\/schema\\\/person\\\/df195bc79a9b4c35127cf005f92e041b\",\"name\":\"admin\",\"image\":{\"@type\":\"ImageObject\",\"inLanguage\":\"it-IT\",\"@id\":\"https:\\\/\\\/secure.gravatar.com\\\/avatar\\\/eabba89a432e8eaa1b0207cc55f7e5340b22712b1ed80677efcf63e02ff5b235?s=96&d=mm&r=g\",\"url\":\"https:\\\/\\\/secure.gravatar.com\\\/avatar\\\/eabba89a432e8eaa1b0207cc55f7e5340b22712b1ed80677efcf63e02ff5b235?s=96&d=mm&r=g\",\"contentUrl\":\"https:\\\/\\\/secure.gravatar.com\\\/avatar\\\/eabba89a432e8eaa1b0207cc55f7e5340b22712b1ed80677efcf63e02ff5b235?s=96&d=mm&r=g\",\"caption\":\"admin\"},\"sameAs\":[\"https:\\\/\\\/archiviocassano.lavocedelpaese.info\"],\"url\":\"https:\\\/\\\/archiviocassano.lavocedelpaese.info\\\/index.php\\\/author\\\/admin_0qgz1xdp\\\/\"}]}<\/script>\n<!-- \/ Yoast SEO plugin. -->","yoast_head_json":{"title":"Bilancio 2019: le Commissioni non ne discutono - Archivio CassanoWeb","robots":{"index":"index","follow":"follow","max-snippet":"max-snippet:-1","max-image-preview":"max-image-preview:large","max-video-preview":"max-video-preview:-1"},"canonical":"https:\/\/archiviocassano.lavocedelpaese.info\/index.php\/2019\/04\/14\/bilancio-2019-le-commissioni-non-ne-discutono-qlapsus-calamiq-dice-il-vicesindaco\/","og_locale":"it_IT","og_type":"article","og_title":"Bilancio 2019: le Commissioni non ne discutono - Archivio CassanoWeb","og_url":"https:\/\/archiviocassano.lavocedelpaese.info\/index.php\/2019\/04\/14\/bilancio-2019-le-commissioni-non-ne-discutono-qlapsus-calamiq-dice-il-vicesindaco\/","og_site_name":"Archivio CassanoWeb","article_publisher":"https:\/\/www.facebook.com\/redazione.cassanoweb","article_published_time":"2019-04-14T10:33:04+00:00","author":"admin","twitter_card":"summary_large_image","twitter_misc":{"Scritto da":"admin","Tempo di lettura stimato":"2 minuti"},"schema":{"@context":"https:\/\/schema.org","@graph":[{"@type":"Article","@id":"https:\/\/archiviocassano.lavocedelpaese.info\/index.php\/2019\/04\/14\/bilancio-2019-le-commissioni-non-ne-discutono-qlapsus-calamiq-dice-il-vicesindaco\/#article","isPartOf":{"@id":"https:\/\/archiviocassano.lavocedelpaese.info\/index.php\/2019\/04\/14\/bilancio-2019-le-commissioni-non-ne-discutono-qlapsus-calamiq-dice-il-vicesindaco\/"},"author":{"name":"admin","@id":"https:\/\/archiviocassano.lavocedelpaese.info\/#\/schema\/person\/df195bc79a9b4c35127cf005f92e041b"},"headline":"Bilancio 2019: le Commissioni non ne discutono","datePublished":"2019-04-14T10:33:04+00:00","mainEntityOfPage":{"@id":"https:\/\/archiviocassano.lavocedelpaese.info\/index.php\/2019\/04\/14\/bilancio-2019-le-commissioni-non-ne-discutono-qlapsus-calamiq-dice-il-vicesindaco\/"},"wordCount":406,"commentCount":0,"publisher":{"@id":"https:\/\/archiviocassano.lavocedelpaese.info\/#organization"},"articleSection":["Politica"],"inLanguage":"it-IT","potentialAction":[{"@type":"CommentAction","name":"Comment","target":["https:\/\/archiviocassano.lavocedelpaese.info\/index.php\/2019\/04\/14\/bilancio-2019-le-commissioni-non-ne-discutono-qlapsus-calamiq-dice-il-vicesindaco\/#respond"]}]},{"@type":"WebPage","@id":"https:\/\/archiviocassano.lavocedelpaese.info\/index.php\/2019\/04\/14\/bilancio-2019-le-commissioni-non-ne-discutono-qlapsus-calamiq-dice-il-vicesindaco\/","url":"https:\/\/archiviocassano.lavocedelpaese.info\/index.php\/2019\/04\/14\/bilancio-2019-le-commissioni-non-ne-discutono-qlapsus-calamiq-dice-il-vicesindaco\/","name":"Bilancio 2019: le Commissioni non ne discutono - Archivio CassanoWeb","isPartOf":{"@id":"https:\/\/archiviocassano.lavocedelpaese.info\/#website"},"datePublished":"2019-04-14T10:33:04+00:00","breadcrumb":{"@id":"https:\/\/archiviocassano.lavocedelpaese.info\/index.php\/2019\/04\/14\/bilancio-2019-le-commissioni-non-ne-discutono-qlapsus-calamiq-dice-il-vicesindaco\/#breadcrumb"},"inLanguage":"it-IT","potentialAction":[{"@type":"ReadAction","target":["https:\/\/archiviocassano.lavocedelpaese.info\/index.php\/2019\/04\/14\/bilancio-2019-le-commissioni-non-ne-discutono-qlapsus-calamiq-dice-il-vicesindaco\/"]}]},{"@type":"BreadcrumbList","@id":"https:\/\/archiviocassano.lavocedelpaese.info\/index.php\/2019\/04\/14\/bilancio-2019-le-commissioni-non-ne-discutono-qlapsus-calamiq-dice-il-vicesindaco\/#breadcrumb","itemListElement":[{"@type":"ListItem","position":1,"name":"Home","item":"https:\/\/archiviocassano.lavocedelpaese.info\/"},{"@type":"ListItem","position":2,"name":"Bilancio 2019: le Commissioni non ne discutono"}]},{"@type":"WebSite","@id":"https:\/\/archiviocassano.lavocedelpaese.info\/#website","url":"https:\/\/archiviocassano.lavocedelpaese.info\/","name":"Archivio CassanoWeb","description":"La Voce del Paese - un network di idee","publisher":{"@id":"https:\/\/archiviocassano.lavocedelpaese.info\/#organization"},"potentialAction":[{"@type":"SearchAction","target":{"@type":"EntryPoint","urlTemplate":"https:\/\/archiviocassano.lavocedelpaese.info\/?s={search_term_string}"},"query-input":{"@type":"PropertyValueSpecification","valueRequired":true,"valueName":"search_term_string"}}],"inLanguage":"it-IT"},{"@type":"Organization","@id":"https:\/\/archiviocassano.lavocedelpaese.info\/#organization","name":"Archivio CassanoWeb","url":"https:\/\/archiviocassano.lavocedelpaese.info\/","logo":{"@type":"ImageObject","inLanguage":"it-IT","@id":"https:\/\/archiviocassano.lavocedelpaese.info\/#\/schema\/logo\/image\/","url":"https:\/\/archiviocassano.lavocedelpaese.info\/wp-content\/uploads\/2024\/08\/logo-rosso-2.png","contentUrl":"https:\/\/archiviocassano.lavocedelpaese.info\/wp-content\/uploads\/2024\/08\/logo-rosso-2.png","width":491,"height":432,"caption":"Archivio CassanoWeb"},"image":{"@id":"https:\/\/archiviocassano.lavocedelpaese.info\/#\/schema\/logo\/image\/"},"sameAs":["https:\/\/www.facebook.com\/redazione.cassanoweb"]},{"@type":"Person","@id":"https:\/\/archiviocassano.lavocedelpaese.info\/#\/schema\/person\/df195bc79a9b4c35127cf005f92e041b","name":"admin","image":{"@type":"ImageObject","inLanguage":"it-IT","@id":"https:\/\/secure.gravatar.com\/avatar\/eabba89a432e8eaa1b0207cc55f7e5340b22712b1ed80677efcf63e02ff5b235?s=96&d=mm&r=g","url":"https:\/\/secure.gravatar.com\/avatar\/eabba89a432e8eaa1b0207cc55f7e5340b22712b1ed80677efcf63e02ff5b235?s=96&d=mm&r=g","contentUrl":"https:\/\/secure.gravatar.com\/avatar\/eabba89a432e8eaa1b0207cc55f7e5340b22712b1ed80677efcf63e02ff5b235?s=96&d=mm&r=g","caption":"admin"},"sameAs":["https:\/\/archiviocassano.lavocedelpaese.info"],"url":"https:\/\/archiviocassano.lavocedelpaese.info\/index.php\/author\/admin_0qgz1xdp\/"}]}},"_links":{"self":[{"href":"https:\/\/archiviocassano.lavocedelpaese.info\/index.php\/wp-json\/wp\/v2\/posts\/17342","targetHints":{"allow":["GET"]}}],"collection":[{"href":"https:\/\/archiviocassano.lavocedelpaese.info\/index.php\/wp-json\/wp\/v2\/posts"}],"about":[{"href":"https:\/\/archiviocassano.lavocedelpaese.info\/index.php\/wp-json\/wp\/v2\/types\/post"}],"author":[{"embeddable":true,"href":"https:\/\/archiviocassano.lavocedelpaese.info\/index.php\/wp-json\/wp\/v2\/users\/1"}],"replies":[{"embeddable":true,"href":"https:\/\/archiviocassano.lavocedelpaese.info\/index.php\/wp-json\/wp\/v2\/comments?post=17342"}],"version-history":[{"count":0,"href":"https:\/\/archiviocassano.lavocedelpaese.info\/index.php\/wp-json\/wp\/v2\/posts\/17342\/revisions"}],"wp:attachment":[{"href":"https:\/\/archiviocassano.lavocedelpaese.info\/index.php\/wp-json\/wp\/v2\/media?parent=17342"}],"wp:term":[{"taxonomy":"category","embeddable":true,"href":"https:\/\/archiviocassano.lavocedelpaese.info\/index.php\/wp-json\/wp\/v2\/categories?post=17342"},{"taxonomy":"post_tag","embeddable":true,"href":"https:\/\/archiviocassano.lavocedelpaese.info\/index.php\/wp-json\/wp\/v2\/tags?post=17342"}],"curies":[{"name":"wp","href":"https:\/\/api.w.org\/{rel}","templated":true}]}}