{"id":1741,"date":"2010-07-15T06:41:17","date_gmt":"2010-07-15T06:41:17","guid":{"rendered":"https:\/\/archiviocassano.lavocedelpaese.info\/index.php\/2010\/07\/15\/qio-sudq-allattacco-della-di-medio-e-della-pro-loco\/"},"modified":"2010-07-15T06:41:17","modified_gmt":"2010-07-15T06:41:17","slug":"qio-sudq-allattacco-della-di-medio-e-della-pro-loco","status":"publish","type":"post","link":"https:\/\/archiviocassano.lavocedelpaese.info\/index.php\/2010\/07\/15\/qio-sudq-allattacco-della-di-medio-e-della-pro-loco\/","title":{"rendered":"&#8220;IO SUD&#8221; ALL&#8217;ATTACCO DELLA DI MEDIO E DELLA PRO LOCO"},"content":{"rendered":"<p><img loading=\"lazy\" decoding=\"async\" class=\" size-full wp-image-1048\" alt=\"logo_io_sud\" src=\"https:\/\/archiviocassano.lavocedelpaese.info\/wp-content\/uploads\/2010\/02\/logo_io_sud.jpg\" width=\"320\" height=\"150\" srcset=\"https:\/\/archiviocassano.lavocedelpaese.info\/wp-content\/uploads\/2010\/02\/logo_io_sud.jpg 640w, https:\/\/archiviocassano.lavocedelpaese.info\/wp-content\/uploads\/2010\/02\/logo_io_sud-300x141.jpg 300w\" sizes=\"auto, (max-width: 320px) 100vw, 320px\" \/><\/p>\n<p><!--more--><\/p>\n<p><em>La sezione cassanese del movimento politico &#8220;Io Sud&#8221; &#8211; coordinata dall&#8217;ex Assessore al Turismo, Silvio Missoni &#8211; ha diffuso la seguente nota.<\/em><\/p>\n<p>\u00a0<\/p>\n<p>\u00a0<\/p>\n<p>Tutta l\u2019Italia nel segno dell\u2019arancione: oggi sono 174 le Bandiere  arancioni assegnate a piccole localit\u00e0 eccellenti dell\u2019entroterra e  garantite dal TCI!<\/p>\n<p>Cartina e guida alla mano, per quest\u2019estate Touring suggerisce di  costruire il proprio itinerario alla scoperta di luoghi autentici in  equilibrio fra tradizione e innovazione, gestiti nel rispetto  dell&#8217;ambiente, lontani da spiagge affollate e valida alternativa alle  pi\u00f9 note e classiche mete del turismo culturale.<\/p>\n<p><strong>Anche  Cassano si era candidata a ricevere la Bandiera Arancione del Touring  Club;<\/strong> di certo i vantaggi che sarebbero arrivati da tale  riconoscimento sarebbero stati tanti, anzi tantissimi.<br \/>Pensate solo a  quanti ricevono la guida del Touring e quanti associati ha la stessa,  quanti di questi, per esempio, con destinazione Matera avrebbero goduto  della tranquillit\u00e0 e dell\u2019aria pulita di Cassano.<\/p>\n<p>Visitare le  localit\u00e0 <em>\u201cBandiera arancione\u201d<\/em> significa essere accolti dai  luoghi e dalle persone oltre a trovare una sorprendente ricchezza e  variet\u00e0 di arte, cultura, natura ed enogastronomia. La qualit\u00e0  dell&#8217;esperienza \u00e8 garantita grazie alla seriet\u00e0 e alla selettivit\u00e0 del  processo di assegnazione del riconoscimento, l\u2019analisi \u00e8 condotta  attraverso la valutazione di oltre 250 indicatori e solamente il 9% dei  candidati raggiunge il marchio; l\u2019esperienza \u00e8 realmente testata dagli  esperti ghost visitor Touring che vivono i luoghi mettendosi nei panni  di turisti attenti ed esigenti; TCI, infine, monitora e verifica i  luoghi affinch\u00e9 mantengano gli standard di qualit\u00e0 nel tempo.<\/p>\n<p>Ancora  una volta una delle prime scelte fatte dall\u2019Amministrazione Di Medio ha  penalizzato questa possibilit\u00e0 di crescita economica e destinata al  Turismo alternativo, diverso dal mordi e fuggi.<br \/>Ricordate la chiusura  (parziale) al traffico di piazza Moro e di tutto il centro storico di  Cassano? Questo era uno dei requisiti per ricevere simbolicamente il  riconoscimento della bandiera arancione, senza se e senza ma. E invece i  nostri nuovi Amministratori, hanno rimosso il tutto come segnale di  distinzione dalla passata amministrazione, senza pensare a quanti  vantaggi tutta Cassano avrebbe goduto,senza pensare alla chiesa matrice  che riceve scossoni continui dalle tante auto che percorrono giorno e  notte la piazza,senza pensare o verificare che la scelta fatta dalla  vecchia amministrazione era mirata anche e soprattutto alla qualit\u00e0  della vita dei cittadini cassanesi.<\/p>\n<p>La nostra  curiosit\u00e0, oggi, \u00e8 sapere se si sono ricevute risposte dal Touring club,  se tutto il possibile si \u00e8 fatto per portare a termine questa  validissima iniziativa giacch\u00e9 il tutto era stato avviato, bisognava  solo proseguire.<\/p>\n<p>Inoltre, al non riconoscimento della bandiera  Arancione, vediamo oggi alloggiare nell\u2019ufficio turistico volontari  della Proloco Murgianella che come unico obiettivo hanno avuto quello di  entrare di diritto a gestire l\u2019ufficio.<\/p>\n<p>Cambia Amministrazione e il  Sindaco Di Medio affida subito l\u2019ufficio alla Proloco Murgianella dove,  oltre al Brunelli, molti sono i soci riconducibili al presidente del  Consiglio Comunale; arrivano contributi, riconoscimenti, disponibilit\u00e0  di luoghi, sale, piazze ecc. senza pensare all\u2019enorme imbarazzo di tale  parentela.<br \/>Hanno invertito completamente un percorso finalizzato al  riconoscimento della bandiera arancione come ad esempio l\u2019utilizzo delle  biciclette acquistate in passato e dimenticate forse in depositi  Comunali sperando che nessuno ne abbia approfittato per farne utilizzi  diversi da quelli pubblici.<\/p>\n<p>Basterebbe un po\u2019 di buona volont\u00e0 per  ridare un servizio richiestissimo in passato da turisti e Cassanesi  poich\u00e9 un nutrito gruppo di raggiere per bici \u00e8 posto frontalmente  all\u2019ufficio informa turisti.<\/p>\n<p>Forse lo scarsissimo numero di volontari  di buona volont\u00e0 non permette tutto questo.<br \/>Amministrare un comune,  fare il presidente della Proloco, essere assessore \u00e8 facile, ma non  basta, bisogna dimostralo con i fatti seguendo un percorso fatto di  obiettivi ben precisi, in questo caso dedicato esclusivamente ad  attirare in qualsiasi modo i tanti TURISTI che popolano la Puglia in  estate.<\/p>\n<p>I turisti ci sono \u2026 ci saranno quelli che devono pensare a  come attirarli?<\/p>\n<p><strong>Anche questa \u00e8 l\u2019ennesima lampadina spenta!<\/strong><\/p>\n<p align=\"right\">Sezione <strong><em>Io Sud<\/em><\/strong> Cassano delle  Murge<\/p>\n","protected":false},"excerpt":{"rendered":"","protected":false},"author":1,"featured_media":1048,"comment_status":"open","ping_status":"closed","sticky":false,"template":"","format":"standard","meta":{"colormag_page_container_layout":"default_layout","colormag_page_sidebar_layout":"default_layout","footnotes":""},"categories":[9],"tags":[],"class_list":["post-1741","post","type-post","status-publish","format-standard","has-post-thumbnail","hentry","category-la-voce-del-paese"],"yoast_head":"<!-- This site is optimized with the Yoast SEO plugin v27.5 - https:\/\/yoast.com\/product\/yoast-seo-wordpress\/ -->\n<title>&quot;IO SUD&quot; ALL&#039;ATTACCO DELLA DI MEDIO E DELLA PRO LOCO - Archivio CassanoWeb<\/title>\n<meta name=\"robots\" content=\"index, follow, max-snippet:-1, max-image-preview:large, max-video-preview:-1\" \/>\n<link rel=\"canonical\" href=\"https:\/\/archiviocassano.lavocedelpaese.info\/index.php\/2010\/07\/15\/qio-sudq-allattacco-della-di-medio-e-della-pro-loco\/\" \/>\n<meta property=\"og:locale\" content=\"it_IT\" \/>\n<meta property=\"og:type\" content=\"article\" \/>\n<meta property=\"og:title\" content=\"&quot;IO SUD&quot; ALL&#039;ATTACCO DELLA DI MEDIO E DELLA PRO LOCO - Archivio CassanoWeb\" \/>\n<meta property=\"og:url\" content=\"https:\/\/archiviocassano.lavocedelpaese.info\/index.php\/2010\/07\/15\/qio-sudq-allattacco-della-di-medio-e-della-pro-loco\/\" \/>\n<meta property=\"og:site_name\" content=\"Archivio CassanoWeb\" \/>\n<meta property=\"article:publisher\" content=\"https:\/\/www.facebook.com\/redazione.cassanoweb\" \/>\n<meta property=\"article:published_time\" content=\"2010-07-15T06:41:17+00:00\" \/>\n<meta property=\"og:image\" content=\"https:\/\/archiviocassano.lavocedelpaese.info\/wp-content\/uploads\/2010\/02\/logo_io_sud.jpg\" \/>\n\t<meta property=\"og:image:width\" content=\"640\" \/>\n\t<meta property=\"og:image:height\" content=\"300\" \/>\n\t<meta property=\"og:image:type\" content=\"image\/jpeg\" \/>\n<meta name=\"author\" content=\"admin\" \/>\n<meta name=\"twitter:card\" content=\"summary_large_image\" \/>\n<meta name=\"twitter:label1\" content=\"Scritto da\" \/>\n\t<meta name=\"twitter:data1\" content=\"admin\" \/>\n\t<meta name=\"twitter:label2\" content=\"Tempo di lettura stimato\" \/>\n\t<meta name=\"twitter:data2\" content=\"3 minuti\" \/>\n<script type=\"application\/ld+json\" class=\"yoast-schema-graph\">{\"@context\":\"https:\\\/\\\/schema.org\",\"@graph\":[{\"@type\":\"Article\",\"@id\":\"https:\\\/\\\/archiviocassano.lavocedelpaese.info\\\/index.php\\\/2010\\\/07\\\/15\\\/qio-sudq-allattacco-della-di-medio-e-della-pro-loco\\\/#article\",\"isPartOf\":{\"@id\":\"https:\\\/\\\/archiviocassano.lavocedelpaese.info\\\/index.php\\\/2010\\\/07\\\/15\\\/qio-sudq-allattacco-della-di-medio-e-della-pro-loco\\\/\"},\"author\":{\"name\":\"admin\",\"@id\":\"https:\\\/\\\/archiviocassano.lavocedelpaese.info\\\/#\\\/schema\\\/person\\\/df195bc79a9b4c35127cf005f92e041b\"},\"headline\":\"&#8220;IO SUD&#8221; ALL&#8217;ATTACCO DELLA DI MEDIO E DELLA PRO LOCO\",\"datePublished\":\"2010-07-15T06:41:17+00:00\",\"mainEntityOfPage\":{\"@id\":\"https:\\\/\\\/archiviocassano.lavocedelpaese.info\\\/index.php\\\/2010\\\/07\\\/15\\\/qio-sudq-allattacco-della-di-medio-e-della-pro-loco\\\/\"},\"wordCount\":661,\"commentCount\":0,\"publisher\":{\"@id\":\"https:\\\/\\\/archiviocassano.lavocedelpaese.info\\\/#organization\"},\"image\":{\"@id\":\"https:\\\/\\\/archiviocassano.lavocedelpaese.info\\\/index.php\\\/2010\\\/07\\\/15\\\/qio-sudq-allattacco-della-di-medio-e-della-pro-loco\\\/#primaryimage\"},\"thumbnailUrl\":\"https:\\\/\\\/archiviocassano.lavocedelpaese.info\\\/wp-content\\\/uploads\\\/2010\\\/02\\\/logo_io_sud.jpg\",\"articleSection\":[\"La voce del paese\"],\"inLanguage\":\"it-IT\",\"potentialAction\":[{\"@type\":\"CommentAction\",\"name\":\"Comment\",\"target\":[\"https:\\\/\\\/archiviocassano.lavocedelpaese.info\\\/index.php\\\/2010\\\/07\\\/15\\\/qio-sudq-allattacco-della-di-medio-e-della-pro-loco\\\/#respond\"]}]},{\"@type\":\"WebPage\",\"@id\":\"https:\\\/\\\/archiviocassano.lavocedelpaese.info\\\/index.php\\\/2010\\\/07\\\/15\\\/qio-sudq-allattacco-della-di-medio-e-della-pro-loco\\\/\",\"url\":\"https:\\\/\\\/archiviocassano.lavocedelpaese.info\\\/index.php\\\/2010\\\/07\\\/15\\\/qio-sudq-allattacco-della-di-medio-e-della-pro-loco\\\/\",\"name\":\"\\\"IO SUD\\\" ALL'ATTACCO DELLA DI MEDIO E DELLA PRO LOCO - Archivio CassanoWeb\",\"isPartOf\":{\"@id\":\"https:\\\/\\\/archiviocassano.lavocedelpaese.info\\\/#website\"},\"primaryImageOfPage\":{\"@id\":\"https:\\\/\\\/archiviocassano.lavocedelpaese.info\\\/index.php\\\/2010\\\/07\\\/15\\\/qio-sudq-allattacco-della-di-medio-e-della-pro-loco\\\/#primaryimage\"},\"image\":{\"@id\":\"https:\\\/\\\/archiviocassano.lavocedelpaese.info\\\/index.php\\\/2010\\\/07\\\/15\\\/qio-sudq-allattacco-della-di-medio-e-della-pro-loco\\\/#primaryimage\"},\"thumbnailUrl\":\"https:\\\/\\\/archiviocassano.lavocedelpaese.info\\\/wp-content\\\/uploads\\\/2010\\\/02\\\/logo_io_sud.jpg\",\"datePublished\":\"2010-07-15T06:41:17+00:00\",\"breadcrumb\":{\"@id\":\"https:\\\/\\\/archiviocassano.lavocedelpaese.info\\\/index.php\\\/2010\\\/07\\\/15\\\/qio-sudq-allattacco-della-di-medio-e-della-pro-loco\\\/#breadcrumb\"},\"inLanguage\":\"it-IT\",\"potentialAction\":[{\"@type\":\"ReadAction\",\"target\":[\"https:\\\/\\\/archiviocassano.lavocedelpaese.info\\\/index.php\\\/2010\\\/07\\\/15\\\/qio-sudq-allattacco-della-di-medio-e-della-pro-loco\\\/\"]}]},{\"@type\":\"ImageObject\",\"inLanguage\":\"it-IT\",\"@id\":\"https:\\\/\\\/archiviocassano.lavocedelpaese.info\\\/index.php\\\/2010\\\/07\\\/15\\\/qio-sudq-allattacco-della-di-medio-e-della-pro-loco\\\/#primaryimage\",\"url\":\"https:\\\/\\\/archiviocassano.lavocedelpaese.info\\\/wp-content\\\/uploads\\\/2010\\\/02\\\/logo_io_sud.jpg\",\"contentUrl\":\"https:\\\/\\\/archiviocassano.lavocedelpaese.info\\\/wp-content\\\/uploads\\\/2010\\\/02\\\/logo_io_sud.jpg\",\"width\":640,\"height\":300,\"caption\":\"logo_io_sud\"},{\"@type\":\"BreadcrumbList\",\"@id\":\"https:\\\/\\\/archiviocassano.lavocedelpaese.info\\\/index.php\\\/2010\\\/07\\\/15\\\/qio-sudq-allattacco-della-di-medio-e-della-pro-loco\\\/#breadcrumb\",\"itemListElement\":[{\"@type\":\"ListItem\",\"position\":1,\"name\":\"Home\",\"item\":\"https:\\\/\\\/archiviocassano.lavocedelpaese.info\\\/\"},{\"@type\":\"ListItem\",\"position\":2,\"name\":\"&#8220;IO SUD&#8221; ALL&#8217;ATTACCO DELLA DI MEDIO E DELLA PRO LOCO\"}]},{\"@type\":\"WebSite\",\"@id\":\"https:\\\/\\\/archiviocassano.lavocedelpaese.info\\\/#website\",\"url\":\"https:\\\/\\\/archiviocassano.lavocedelpaese.info\\\/\",\"name\":\"Archivio CassanoWeb\",\"description\":\"La Voce del Paese - un network di idee\",\"publisher\":{\"@id\":\"https:\\\/\\\/archiviocassano.lavocedelpaese.info\\\/#organization\"},\"potentialAction\":[{\"@type\":\"SearchAction\",\"target\":{\"@type\":\"EntryPoint\",\"urlTemplate\":\"https:\\\/\\\/archiviocassano.lavocedelpaese.info\\\/?s={search_term_string}\"},\"query-input\":{\"@type\":\"PropertyValueSpecification\",\"valueRequired\":true,\"valueName\":\"search_term_string\"}}],\"inLanguage\":\"it-IT\"},{\"@type\":\"Organization\",\"@id\":\"https:\\\/\\\/archiviocassano.lavocedelpaese.info\\\/#organization\",\"name\":\"Archivio CassanoWeb\",\"url\":\"https:\\\/\\\/archiviocassano.lavocedelpaese.info\\\/\",\"logo\":{\"@type\":\"ImageObject\",\"inLanguage\":\"it-IT\",\"@id\":\"https:\\\/\\\/archiviocassano.lavocedelpaese.info\\\/#\\\/schema\\\/logo\\\/image\\\/\",\"url\":\"https:\\\/\\\/archiviocassano.lavocedelpaese.info\\\/wp-content\\\/uploads\\\/2024\\\/08\\\/logo-rosso-2.png\",\"contentUrl\":\"https:\\\/\\\/archiviocassano.lavocedelpaese.info\\\/wp-content\\\/uploads\\\/2024\\\/08\\\/logo-rosso-2.png\",\"width\":491,\"height\":432,\"caption\":\"Archivio CassanoWeb\"},\"image\":{\"@id\":\"https:\\\/\\\/archiviocassano.lavocedelpaese.info\\\/#\\\/schema\\\/logo\\\/image\\\/\"},\"sameAs\":[\"https:\\\/\\\/www.facebook.com\\\/redazione.cassanoweb\"]},{\"@type\":\"Person\",\"@id\":\"https:\\\/\\\/archiviocassano.lavocedelpaese.info\\\/#\\\/schema\\\/person\\\/df195bc79a9b4c35127cf005f92e041b\",\"name\":\"admin\",\"image\":{\"@type\":\"ImageObject\",\"inLanguage\":\"it-IT\",\"@id\":\"https:\\\/\\\/secure.gravatar.com\\\/avatar\\\/eabba89a432e8eaa1b0207cc55f7e5340b22712b1ed80677efcf63e02ff5b235?s=96&d=mm&r=g\",\"url\":\"https:\\\/\\\/secure.gravatar.com\\\/avatar\\\/eabba89a432e8eaa1b0207cc55f7e5340b22712b1ed80677efcf63e02ff5b235?s=96&d=mm&r=g\",\"contentUrl\":\"https:\\\/\\\/secure.gravatar.com\\\/avatar\\\/eabba89a432e8eaa1b0207cc55f7e5340b22712b1ed80677efcf63e02ff5b235?s=96&d=mm&r=g\",\"caption\":\"admin\"},\"sameAs\":[\"https:\\\/\\\/archiviocassano.lavocedelpaese.info\"],\"url\":\"https:\\\/\\\/archiviocassano.lavocedelpaese.info\\\/index.php\\\/author\\\/admin_0qgz1xdp\\\/\"}]}<\/script>\n<!-- \/ Yoast SEO plugin. -->","yoast_head_json":{"title":"\"IO SUD\" ALL'ATTACCO DELLA DI MEDIO E DELLA PRO LOCO - Archivio CassanoWeb","robots":{"index":"index","follow":"follow","max-snippet":"max-snippet:-1","max-image-preview":"max-image-preview:large","max-video-preview":"max-video-preview:-1"},"canonical":"https:\/\/archiviocassano.lavocedelpaese.info\/index.php\/2010\/07\/15\/qio-sudq-allattacco-della-di-medio-e-della-pro-loco\/","og_locale":"it_IT","og_type":"article","og_title":"\"IO SUD\" ALL'ATTACCO DELLA DI MEDIO E DELLA PRO LOCO - Archivio CassanoWeb","og_url":"https:\/\/archiviocassano.lavocedelpaese.info\/index.php\/2010\/07\/15\/qio-sudq-allattacco-della-di-medio-e-della-pro-loco\/","og_site_name":"Archivio CassanoWeb","article_publisher":"https:\/\/www.facebook.com\/redazione.cassanoweb","article_published_time":"2010-07-15T06:41:17+00:00","og_image":[{"width":640,"height":300,"url":"https:\/\/archiviocassano.lavocedelpaese.info\/wp-content\/uploads\/2010\/02\/logo_io_sud.jpg","type":"image\/jpeg"}],"author":"admin","twitter_card":"summary_large_image","twitter_misc":{"Scritto da":"admin","Tempo di lettura stimato":"3 minuti"},"schema":{"@context":"https:\/\/schema.org","@graph":[{"@type":"Article","@id":"https:\/\/archiviocassano.lavocedelpaese.info\/index.php\/2010\/07\/15\/qio-sudq-allattacco-della-di-medio-e-della-pro-loco\/#article","isPartOf":{"@id":"https:\/\/archiviocassano.lavocedelpaese.info\/index.php\/2010\/07\/15\/qio-sudq-allattacco-della-di-medio-e-della-pro-loco\/"},"author":{"name":"admin","@id":"https:\/\/archiviocassano.lavocedelpaese.info\/#\/schema\/person\/df195bc79a9b4c35127cf005f92e041b"},"headline":"&#8220;IO SUD&#8221; ALL&#8217;ATTACCO DELLA DI MEDIO E DELLA PRO LOCO","datePublished":"2010-07-15T06:41:17+00:00","mainEntityOfPage":{"@id":"https:\/\/archiviocassano.lavocedelpaese.info\/index.php\/2010\/07\/15\/qio-sudq-allattacco-della-di-medio-e-della-pro-loco\/"},"wordCount":661,"commentCount":0,"publisher":{"@id":"https:\/\/archiviocassano.lavocedelpaese.info\/#organization"},"image":{"@id":"https:\/\/archiviocassano.lavocedelpaese.info\/index.php\/2010\/07\/15\/qio-sudq-allattacco-della-di-medio-e-della-pro-loco\/#primaryimage"},"thumbnailUrl":"https:\/\/archiviocassano.lavocedelpaese.info\/wp-content\/uploads\/2010\/02\/logo_io_sud.jpg","articleSection":["La voce del paese"],"inLanguage":"it-IT","potentialAction":[{"@type":"CommentAction","name":"Comment","target":["https:\/\/archiviocassano.lavocedelpaese.info\/index.php\/2010\/07\/15\/qio-sudq-allattacco-della-di-medio-e-della-pro-loco\/#respond"]}]},{"@type":"WebPage","@id":"https:\/\/archiviocassano.lavocedelpaese.info\/index.php\/2010\/07\/15\/qio-sudq-allattacco-della-di-medio-e-della-pro-loco\/","url":"https:\/\/archiviocassano.lavocedelpaese.info\/index.php\/2010\/07\/15\/qio-sudq-allattacco-della-di-medio-e-della-pro-loco\/","name":"\"IO SUD\" ALL'ATTACCO DELLA DI MEDIO E DELLA PRO LOCO - Archivio CassanoWeb","isPartOf":{"@id":"https:\/\/archiviocassano.lavocedelpaese.info\/#website"},"primaryImageOfPage":{"@id":"https:\/\/archiviocassano.lavocedelpaese.info\/index.php\/2010\/07\/15\/qio-sudq-allattacco-della-di-medio-e-della-pro-loco\/#primaryimage"},"image":{"@id":"https:\/\/archiviocassano.lavocedelpaese.info\/index.php\/2010\/07\/15\/qio-sudq-allattacco-della-di-medio-e-della-pro-loco\/#primaryimage"},"thumbnailUrl":"https:\/\/archiviocassano.lavocedelpaese.info\/wp-content\/uploads\/2010\/02\/logo_io_sud.jpg","datePublished":"2010-07-15T06:41:17+00:00","breadcrumb":{"@id":"https:\/\/archiviocassano.lavocedelpaese.info\/index.php\/2010\/07\/15\/qio-sudq-allattacco-della-di-medio-e-della-pro-loco\/#breadcrumb"},"inLanguage":"it-IT","potentialAction":[{"@type":"ReadAction","target":["https:\/\/archiviocassano.lavocedelpaese.info\/index.php\/2010\/07\/15\/qio-sudq-allattacco-della-di-medio-e-della-pro-loco\/"]}]},{"@type":"ImageObject","inLanguage":"it-IT","@id":"https:\/\/archiviocassano.lavocedelpaese.info\/index.php\/2010\/07\/15\/qio-sudq-allattacco-della-di-medio-e-della-pro-loco\/#primaryimage","url":"https:\/\/archiviocassano.lavocedelpaese.info\/wp-content\/uploads\/2010\/02\/logo_io_sud.jpg","contentUrl":"https:\/\/archiviocassano.lavocedelpaese.info\/wp-content\/uploads\/2010\/02\/logo_io_sud.jpg","width":640,"height":300,"caption":"logo_io_sud"},{"@type":"BreadcrumbList","@id":"https:\/\/archiviocassano.lavocedelpaese.info\/index.php\/2010\/07\/15\/qio-sudq-allattacco-della-di-medio-e-della-pro-loco\/#breadcrumb","itemListElement":[{"@type":"ListItem","position":1,"name":"Home","item":"https:\/\/archiviocassano.lavocedelpaese.info\/"},{"@type":"ListItem","position":2,"name":"&#8220;IO SUD&#8221; ALL&#8217;ATTACCO DELLA DI MEDIO E DELLA PRO LOCO"}]},{"@type":"WebSite","@id":"https:\/\/archiviocassano.lavocedelpaese.info\/#website","url":"https:\/\/archiviocassano.lavocedelpaese.info\/","name":"Archivio CassanoWeb","description":"La Voce del Paese - un network di idee","publisher":{"@id":"https:\/\/archiviocassano.lavocedelpaese.info\/#organization"},"potentialAction":[{"@type":"SearchAction","target":{"@type":"EntryPoint","urlTemplate":"https:\/\/archiviocassano.lavocedelpaese.info\/?s={search_term_string}"},"query-input":{"@type":"PropertyValueSpecification","valueRequired":true,"valueName":"search_term_string"}}],"inLanguage":"it-IT"},{"@type":"Organization","@id":"https:\/\/archiviocassano.lavocedelpaese.info\/#organization","name":"Archivio CassanoWeb","url":"https:\/\/archiviocassano.lavocedelpaese.info\/","logo":{"@type":"ImageObject","inLanguage":"it-IT","@id":"https:\/\/archiviocassano.lavocedelpaese.info\/#\/schema\/logo\/image\/","url":"https:\/\/archiviocassano.lavocedelpaese.info\/wp-content\/uploads\/2024\/08\/logo-rosso-2.png","contentUrl":"https:\/\/archiviocassano.lavocedelpaese.info\/wp-content\/uploads\/2024\/08\/logo-rosso-2.png","width":491,"height":432,"caption":"Archivio CassanoWeb"},"image":{"@id":"https:\/\/archiviocassano.lavocedelpaese.info\/#\/schema\/logo\/image\/"},"sameAs":["https:\/\/www.facebook.com\/redazione.cassanoweb"]},{"@type":"Person","@id":"https:\/\/archiviocassano.lavocedelpaese.info\/#\/schema\/person\/df195bc79a9b4c35127cf005f92e041b","name":"admin","image":{"@type":"ImageObject","inLanguage":"it-IT","@id":"https:\/\/secure.gravatar.com\/avatar\/eabba89a432e8eaa1b0207cc55f7e5340b22712b1ed80677efcf63e02ff5b235?s=96&d=mm&r=g","url":"https:\/\/secure.gravatar.com\/avatar\/eabba89a432e8eaa1b0207cc55f7e5340b22712b1ed80677efcf63e02ff5b235?s=96&d=mm&r=g","contentUrl":"https:\/\/secure.gravatar.com\/avatar\/eabba89a432e8eaa1b0207cc55f7e5340b22712b1ed80677efcf63e02ff5b235?s=96&d=mm&r=g","caption":"admin"},"sameAs":["https:\/\/archiviocassano.lavocedelpaese.info"],"url":"https:\/\/archiviocassano.lavocedelpaese.info\/index.php\/author\/admin_0qgz1xdp\/"}]}},"_links":{"self":[{"href":"https:\/\/archiviocassano.lavocedelpaese.info\/index.php\/wp-json\/wp\/v2\/posts\/1741","targetHints":{"allow":["GET"]}}],"collection":[{"href":"https:\/\/archiviocassano.lavocedelpaese.info\/index.php\/wp-json\/wp\/v2\/posts"}],"about":[{"href":"https:\/\/archiviocassano.lavocedelpaese.info\/index.php\/wp-json\/wp\/v2\/types\/post"}],"author":[{"embeddable":true,"href":"https:\/\/archiviocassano.lavocedelpaese.info\/index.php\/wp-json\/wp\/v2\/users\/1"}],"replies":[{"embeddable":true,"href":"https:\/\/archiviocassano.lavocedelpaese.info\/index.php\/wp-json\/wp\/v2\/comments?post=1741"}],"version-history":[{"count":0,"href":"https:\/\/archiviocassano.lavocedelpaese.info\/index.php\/wp-json\/wp\/v2\/posts\/1741\/revisions"}],"wp:featuredmedia":[{"embeddable":true,"href":"https:\/\/archiviocassano.lavocedelpaese.info\/index.php\/wp-json\/wp\/v2\/media\/1048"}],"wp:attachment":[{"href":"https:\/\/archiviocassano.lavocedelpaese.info\/index.php\/wp-json\/wp\/v2\/media?parent=1741"}],"wp:term":[{"taxonomy":"category","embeddable":true,"href":"https:\/\/archiviocassano.lavocedelpaese.info\/index.php\/wp-json\/wp\/v2\/categories?post=1741"},{"taxonomy":"post_tag","embeddable":true,"href":"https:\/\/archiviocassano.lavocedelpaese.info\/index.php\/wp-json\/wp\/v2\/tags?post=1741"}],"curies":[{"name":"wp","href":"https:\/\/api.w.org\/{rel}","templated":true}]}}