{"id":17429,"date":"2019-05-14T08:17:25","date_gmt":"2019-05-14T08:17:25","guid":{"rendered":"https:\/\/archiviocassano.lavocedelpaese.info\/index.php\/2019\/05\/14\/qmagna-inventioq-ecco-il-programma-della-rievocazione-storica\/"},"modified":"2019-05-14T08:17:25","modified_gmt":"2019-05-14T08:17:25","slug":"qmagna-inventioq-ecco-il-programma-della-rievocazione-storica","status":"publish","type":"post","link":"https:\/\/archiviocassano.lavocedelpaese.info\/index.php\/2019\/05\/14\/qmagna-inventioq-ecco-il-programma-della-rievocazione-storica\/","title":{"rendered":"&#8220;MAGNA INVENTIO&#8221;: il programma della rievocazione storica"},"content":{"rendered":"<p><img loading=\"lazy\" decoding=\"async\" class=\" size-full wp-image-17428\" src=\"https:\/\/archiviocassano.lavocedelpaese.info\/wp-content\/uploads\/2019\/05\/BANNER_Madonna_di_Basc.jpg\" alt=\"BANNER Madonna di Basc\" style=\"margin-right: 2px; margin-left: 2px;\" width=\"320\" height=\"150\" srcset=\"https:\/\/archiviocassano.lavocedelpaese.info\/wp-content\/uploads\/2019\/05\/BANNER_Madonna_di_Basc.jpg 320w, https:\/\/archiviocassano.lavocedelpaese.info\/wp-content\/uploads\/2019\/05\/BANNER_Madonna_di_Basc-300x141.jpg 300w\" sizes=\"auto, (max-width: 320px) 100vw, 320px\" \/><\/p>\n<p><!--more--><\/p>\n<p>Si intitola \u201cMAGNA INVENTIO\u201d ed \u00e8 un ampio progetto di riscoperta delle radici storico-sociali e religiose cassanesi legate alla festa della \u201cMadonn d\u2019 basce\u201d che ogni anno si celebra a Cassano nella terza domenica di Maggio dal lontano 1855 quando il paese veniva chiamato \u201cCassano de Bari\u201d.<\/p>\n<p>Festa di fede ma soprattutto appuntamento identitario di una intera comunit\u00e0.<\/p>\n<p>Ed \u00e8 proprio un lungo salto indietro nel tempo quello che si propone di fare \u201cMAGNA INVENTIO\u201d nelle tre giornate del 17, 18 e 19 maggio prossimi.<\/p>\n<p>Un Corteo storico, uno scorcio della Cassano di quegli anni, la fiera delle merci varie, musica, arte, cibo e\u2026 tanto altro animer\u00e0 le giornate che precedono la festa e che si concluderanno con la tradizionale processione religiosa nella serata della terza domenica di maggio.<\/p>\n<p>L\u2019ideazione e l\u2019organizzazione di \u201cMAGNA INVENTIO\u201d sono a cura di un nutrito numero di associazioni, gruppi, cultori delle tradizioni e delle storie cassanesi, che volontariamente hanno &nbsp;lavorato per mesi con l\u2019obiettivo di dare vita ad un evento mai visto prima a Cassano delle Murge.<\/p>\n<p>L\u2019iniziativa, sostenuta e patrocinata dal Comune di Cassano delle Murge, ha il sostegno della Parrocchia \u201cSanta Maria Assunta\u201d, della Comunit\u00e0 Agostiniana presso il Santuario \u201cSanta Maria degli Angeli\u201d e del Comitato Festa Patronale&nbsp; ed \u00e8 organizzata da: Associazione OFFICINE DEL SUD \u2013 Pro Loco \u201cLA MURGIANELLA\u201d Unpli \u2013 Associazione \u201cINSIEME\u201d \u2013 UTE Universit\u00e0 della Terza Et\u00e0 di Cassano delle Murge \u2013 Associazione \u201cIL TAPPETO VOLANTE\u201d \u2013 Associazione \u201cInter Club \u2013 Giacinto Facchetti\u201d &#8211; AGESCI&nbsp; \u201cCassano 1\u00b0\u201d \u2013 Associazione \u201cAMICI DEL CAVALLO\u201d \u2013 Associazione \u201cAMICI DI TUTTI\u201d \u2013 Club per l\u2019Unesco di Cassano delle Murge \u2013Vespa Club di Cassano delle Murge \u2013 Associazione \u201cLa Ginestra Clelia Nuzzaco onlus\u201d \u2013 Associazione \u201cLUCI A TEATRO\u201d \u2013 Esperia Football Club \u2013 AVO delle Murge \u2013 \u201cMurgia Trekking and more\u201d \u2013 Gruppo C.a.P. onlus \u2013 Gruppo Telecomunicazioni G.T.C. oltre a tanti volontari e attivit\u00e0 commerciali.<\/p>\n<p><strong>Il programma<\/strong><\/p>\n<p align=\"center\"><strong>Venerd\u00ec 17 maggio<\/strong><\/p>\n<p>Ore 19.00: arrivo dei frati francescani in Piazza Moro e annuncio del ritrovamento dell\u2019Immagine sacra;<\/p>\n<p>Ore 19.30: partenza del corteo storico con figuranti, carrozze, musici fino al piazzale del Convento;<\/p>\n<p>Ore 21.30: spettacolo delle ombre a cura dell\u2019UTE sul ritrovamento dell\u2019Immagine sacra nella Grotta, ideato e diretto dalla prof.sa Dina Colaninno.<\/p>\n<p>Presso l\u2019Aula Magna dell\u2019Universit\u00e0 della Terza Et\u00e0 di Cassano, in piazza Garibaldi, alle ore 17.00 sar\u00e0 inaugurata la mostra \u201cCassano, la madonna, il Convento\u201d a cura dei docenti e degli studenti dell\u2019UTE. La mostra rester\u00e0 aperta fino al 26 maggio dalle ore 18.30 alle ore 20.30. Ingresso libero.<\/p>\n<p align=\"center\"><strong>Sabato 18 maggio<\/strong><\/p>\n<p>Ore 19.00: in via Chimienti arrivo dei frati francescani e annuncio del ritrovamento dell\u2019Immagine sacra;<\/p>\n<p>Ore 19.30: in piazza Moro Concerto del Coro Civico di Santeramo in Colle.<\/p>\n<p>Parteciper\u00e0 la soprano Stefania Sabino.<\/p>\n<p>Ore 20.15: presso la chiesa di san Nicola Concerto dell\u2019Orchestra Sinfonica dell\u2019Alta Murgia offerto dalla Fondazione \u201cAlbenzio-Patrino\u201d. Direttore: Domenico Nuzzaco. Soprano: Anna Giove.<\/p>\n<p>Ore 22.00: in piazza Moro concerto dei Tarantin\u00ecdion.<\/p>\n<p>Per tutta la serata, lungo il percorso fra via Cesare Battisti e via Chimienti ci saranno botteghe, mostre, animali, giochi di una volta.<\/p>\n<p align=\"center\"><strong>Domenica 19 maggio<\/strong><\/p>\n<p>Ore 17.30: in piazza Moro benedizione del pane a cura dell\u2019Associazione \u201cAmici del Cavallo\u201d e partenza per il Convento.<\/p>\n<p>Ore 18.30: processione del Quadro della Vergine (da piazza Moro al Convento)<\/p>\n<p>Ore 19.30 circa: Celebrazione Eucaristica sul piazzale del Convento.<\/p>\n<p><strong>&nbsp;<\/strong><\/p>\n<p><strong>Un po\u2019 di storia<\/strong><\/p>\n<p>Il ritrovamento dell\u2019affresco, dopo lunghe ricerche, fu a cura dei padri francescani (che all\u2019epoca custodivano il Convento, oggi retto dai padri Agostiniani) padre Vincenzo da Turi e frate Michele da Bari dei Minori Riformati di san Francesco guidati dal Ministro Provinciale del Padri Riformati di san Nicola di Bari, padre Daniele da Valenzano. Della immagine nella grotta si erano perse le tracce, per non si sa bene quale motivo, tanto che la stessa era diventata quasi un deposito, un luogo dove scaricare materiali di risulta ma sulla base di documenti dell\u2019epoca i padri francescani riuscirono prima a individuare la grotta quindi a rinvenire la Sacra Immagine della Madonna degli Angeli.<\/p>\n<p>Dopo lo scoprimento dell\u2019Immagine, i frati si precipitarono in paese, dando la bella notizia alle autorit\u00e0 ed al popolo tanto che fu subito deciso di organizzare un pellegrinaggio di ringraziamento verso il Santuario disponendo che ogni terza domenica del mese di maggio si celebrasse la Festa della \u201cMadonn de basce\u201d, ovvero la Madonna che si trova in basso, con riferimento alla Grotta: era il 19 maggio 1855!<\/p>\n<p>Ma com\u2019era la Cassano dell\u2019epoca?<\/p>\n<p>Nel 1862, primo Censimento del Regno d\u2019Italia, Cassano \u2013&nbsp; da quell\u2019anno chiamato \u201cdelle Murge\u201d per distinguerlo da altri Comuni omonimi &#8211; contava 4.219 abitanti; l\u201980% degli uomini e il 90% delle donne era analfabeta. Solo nel 1861 la scuola di Cassano divenne di terza classe.<\/p>\n<p>La popolazione cassanese dell\u2019epoca era dedita per lo pi\u00f9 all\u2019agricoltura, al piccolo allevamento e all\u2019artigianato. Nel 1855 Sindaco era Francesco Giuseppe Paternostro, 72 anni, a capo di una amministrazione facente parte del Regno delle due Sicilie, ultimi anni prima dell\u2019Unit\u00e0 d\u2019Italia.<\/p>\n<p>Altri notabili erano don Carlo Caracciolo, Giudice e l\u2019avv.to Antonio Maria Galietti, assassinato nel 1861. L\u2019Arciprete era don Raffaele Turitto, primicerio don Giovanni Gentile a capo di un Capitolo che contava ben 16 sacerdoti.<\/p>\n<p>Vescovo della diocesi&nbsp; era mons. Michele Basilio Clari.<\/p>\n<p>L\u2019attuale \u201cpiazza Moro\u201d non esisteva, almeno come tale: al suo posto c\u2019era un ampio spazio sterrato con vigne, depositi di frumento e grano, qualche bottega e alcuni mulini.&nbsp;<\/p>\n<p>Fra il 1820 ed il 1842 vengono basolate alcune strade attorno alla Chiesa e solo nel 1859 si vara il progetto per il completamento della basolatura.<\/p>\n<p>Nel 1861 arrivano le prime \u201clampade pubbliche\u201d, con un servizio di illuminazione.<\/p>\n<p>Cassano aveva la Pretura con annesso carcere (soppressi nel 1892) presso il Palazzo del Giudicato Regio in via Chimienti.<\/p>\n<p>Nel 1875 comincia la costruzione dell\u2019attuale Municipio, completato nel 1887.<\/p>\n<p>C\u2019erano due porte: quella \u201cdi sopra\u201d o \u201cdella Croce\u201d (via Chimienti) che fu abbattuta nel 1857; e quella \u201cdi sotto\u201d in via Cesare Battisti nonch\u00e9 la terza porta, \u201ccalabrese\u201d su via Santo Stefano.<\/p>\n<p>Si contavano centinaia di pozzi, non essendoci n\u00e9 acquedotto n\u00e9 fogna.<\/p>\n<p>Nel 1858 fu abbattuta la Chiesa Madre a causa di grave pericolosit\u00e0 di tetto e murature e fu ricostruita secondo l\u2019attuale posizione. I lavori durarono 30 anni.<\/p>\n<p>Nel 1852 fi riaperta al culto l\u2019attuale chiesa di san Nicola, allora detta \u201cdel Purgatorio\u201d.<\/p>\n<p>Nel 1867 fu riaperta al culto la Cappella di san Rocco (originariamente chiamata di Sant\u2019Angelo e di san Michele Arcangelo) e affidata alla Congregazione di san Rocco.<\/p>\n<p>&nbsp;<\/p>\n","protected":false},"excerpt":{"rendered":"","protected":false},"author":1,"featured_media":17428,"comment_status":"open","ping_status":"closed","sticky":false,"template":"","format":"standard","meta":{"colormag_page_container_layout":"default_layout","colormag_page_sidebar_layout":"default_layout","footnotes":""},"categories":[11],"tags":[],"class_list":["post-17429","post","type-post","status-publish","format-standard","has-post-thumbnail","hentry","category-appuntamenti"],"yoast_head":"<!-- This site is optimized with the Yoast SEO plugin v27.5 - https:\/\/yoast.com\/product\/yoast-seo-wordpress\/ -->\n<title>&quot;MAGNA INVENTIO&quot;: il programma della rievocazione storica - Archivio CassanoWeb<\/title>\n<meta name=\"robots\" content=\"index, follow, max-snippet:-1, max-image-preview:large, max-video-preview:-1\" \/>\n<link rel=\"canonical\" href=\"https:\/\/archiviocassano.lavocedelpaese.info\/index.php\/2019\/05\/14\/qmagna-inventioq-ecco-il-programma-della-rievocazione-storica\/\" \/>\n<meta property=\"og:locale\" content=\"it_IT\" \/>\n<meta property=\"og:type\" content=\"article\" \/>\n<meta property=\"og:title\" content=\"&quot;MAGNA INVENTIO&quot;: il programma della rievocazione storica - Archivio CassanoWeb\" \/>\n<meta property=\"og:url\" content=\"https:\/\/archiviocassano.lavocedelpaese.info\/index.php\/2019\/05\/14\/qmagna-inventioq-ecco-il-programma-della-rievocazione-storica\/\" \/>\n<meta property=\"og:site_name\" content=\"Archivio CassanoWeb\" \/>\n<meta property=\"article:publisher\" content=\"https:\/\/www.facebook.com\/redazione.cassanoweb\" \/>\n<meta property=\"article:published_time\" content=\"2019-05-14T08:17:25+00:00\" \/>\n<meta property=\"og:image\" content=\"https:\/\/archiviocassano.lavocedelpaese.info\/wp-content\/uploads\/2019\/05\/BANNER_Madonna_di_Basc.jpg\" \/>\n\t<meta property=\"og:image:width\" content=\"320\" \/>\n\t<meta property=\"og:image:height\" content=\"150\" \/>\n\t<meta property=\"og:image:type\" content=\"image\/jpeg\" \/>\n<meta name=\"author\" content=\"admin\" \/>\n<meta name=\"twitter:card\" content=\"summary_large_image\" \/>\n<meta name=\"twitter:label1\" content=\"Scritto da\" \/>\n\t<meta name=\"twitter:data1\" content=\"admin\" \/>\n\t<meta name=\"twitter:label2\" content=\"Tempo di lettura stimato\" \/>\n\t<meta name=\"twitter:data2\" content=\"5 minuti\" \/>\n<script type=\"application\/ld+json\" class=\"yoast-schema-graph\">{\"@context\":\"https:\\\/\\\/schema.org\",\"@graph\":[{\"@type\":\"Article\",\"@id\":\"https:\\\/\\\/archiviocassano.lavocedelpaese.info\\\/index.php\\\/2019\\\/05\\\/14\\\/qmagna-inventioq-ecco-il-programma-della-rievocazione-storica\\\/#article\",\"isPartOf\":{\"@id\":\"https:\\\/\\\/archiviocassano.lavocedelpaese.info\\\/index.php\\\/2019\\\/05\\\/14\\\/qmagna-inventioq-ecco-il-programma-della-rievocazione-storica\\\/\"},\"author\":{\"name\":\"admin\",\"@id\":\"https:\\\/\\\/archiviocassano.lavocedelpaese.info\\\/#\\\/schema\\\/person\\\/df195bc79a9b4c35127cf005f92e041b\"},\"headline\":\"&#8220;MAGNA INVENTIO&#8221;: il programma della rievocazione storica\",\"datePublished\":\"2019-05-14T08:17:25+00:00\",\"mainEntityOfPage\":{\"@id\":\"https:\\\/\\\/archiviocassano.lavocedelpaese.info\\\/index.php\\\/2019\\\/05\\\/14\\\/qmagna-inventioq-ecco-il-programma-della-rievocazione-storica\\\/\"},\"wordCount\":1067,\"commentCount\":0,\"publisher\":{\"@id\":\"https:\\\/\\\/archiviocassano.lavocedelpaese.info\\\/#organization\"},\"image\":{\"@id\":\"https:\\\/\\\/archiviocassano.lavocedelpaese.info\\\/index.php\\\/2019\\\/05\\\/14\\\/qmagna-inventioq-ecco-il-programma-della-rievocazione-storica\\\/#primaryimage\"},\"thumbnailUrl\":\"https:\\\/\\\/archiviocassano.lavocedelpaese.info\\\/wp-content\\\/uploads\\\/2019\\\/05\\\/BANNER_Madonna_di_Basc.jpg\",\"articleSection\":[\"Appuntamenti\"],\"inLanguage\":\"it-IT\",\"potentialAction\":[{\"@type\":\"CommentAction\",\"name\":\"Comment\",\"target\":[\"https:\\\/\\\/archiviocassano.lavocedelpaese.info\\\/index.php\\\/2019\\\/05\\\/14\\\/qmagna-inventioq-ecco-il-programma-della-rievocazione-storica\\\/#respond\"]}]},{\"@type\":\"WebPage\",\"@id\":\"https:\\\/\\\/archiviocassano.lavocedelpaese.info\\\/index.php\\\/2019\\\/05\\\/14\\\/qmagna-inventioq-ecco-il-programma-della-rievocazione-storica\\\/\",\"url\":\"https:\\\/\\\/archiviocassano.lavocedelpaese.info\\\/index.php\\\/2019\\\/05\\\/14\\\/qmagna-inventioq-ecco-il-programma-della-rievocazione-storica\\\/\",\"name\":\"\\\"MAGNA INVENTIO\\\": il programma della rievocazione storica - Archivio CassanoWeb\",\"isPartOf\":{\"@id\":\"https:\\\/\\\/archiviocassano.lavocedelpaese.info\\\/#website\"},\"primaryImageOfPage\":{\"@id\":\"https:\\\/\\\/archiviocassano.lavocedelpaese.info\\\/index.php\\\/2019\\\/05\\\/14\\\/qmagna-inventioq-ecco-il-programma-della-rievocazione-storica\\\/#primaryimage\"},\"image\":{\"@id\":\"https:\\\/\\\/archiviocassano.lavocedelpaese.info\\\/index.php\\\/2019\\\/05\\\/14\\\/qmagna-inventioq-ecco-il-programma-della-rievocazione-storica\\\/#primaryimage\"},\"thumbnailUrl\":\"https:\\\/\\\/archiviocassano.lavocedelpaese.info\\\/wp-content\\\/uploads\\\/2019\\\/05\\\/BANNER_Madonna_di_Basc.jpg\",\"datePublished\":\"2019-05-14T08:17:25+00:00\",\"breadcrumb\":{\"@id\":\"https:\\\/\\\/archiviocassano.lavocedelpaese.info\\\/index.php\\\/2019\\\/05\\\/14\\\/qmagna-inventioq-ecco-il-programma-della-rievocazione-storica\\\/#breadcrumb\"},\"inLanguage\":\"it-IT\",\"potentialAction\":[{\"@type\":\"ReadAction\",\"target\":[\"https:\\\/\\\/archiviocassano.lavocedelpaese.info\\\/index.php\\\/2019\\\/05\\\/14\\\/qmagna-inventioq-ecco-il-programma-della-rievocazione-storica\\\/\"]}]},{\"@type\":\"ImageObject\",\"inLanguage\":\"it-IT\",\"@id\":\"https:\\\/\\\/archiviocassano.lavocedelpaese.info\\\/index.php\\\/2019\\\/05\\\/14\\\/qmagna-inventioq-ecco-il-programma-della-rievocazione-storica\\\/#primaryimage\",\"url\":\"https:\\\/\\\/archiviocassano.lavocedelpaese.info\\\/wp-content\\\/uploads\\\/2019\\\/05\\\/BANNER_Madonna_di_Basc.jpg\",\"contentUrl\":\"https:\\\/\\\/archiviocassano.lavocedelpaese.info\\\/wp-content\\\/uploads\\\/2019\\\/05\\\/BANNER_Madonna_di_Basc.jpg\",\"width\":320,\"height\":150,\"caption\":\"BANNER Madonna di Basc\"},{\"@type\":\"BreadcrumbList\",\"@id\":\"https:\\\/\\\/archiviocassano.lavocedelpaese.info\\\/index.php\\\/2019\\\/05\\\/14\\\/qmagna-inventioq-ecco-il-programma-della-rievocazione-storica\\\/#breadcrumb\",\"itemListElement\":[{\"@type\":\"ListItem\",\"position\":1,\"name\":\"Home\",\"item\":\"https:\\\/\\\/archiviocassano.lavocedelpaese.info\\\/\"},{\"@type\":\"ListItem\",\"position\":2,\"name\":\"&#8220;MAGNA INVENTIO&#8221;: il programma della rievocazione storica\"}]},{\"@type\":\"WebSite\",\"@id\":\"https:\\\/\\\/archiviocassano.lavocedelpaese.info\\\/#website\",\"url\":\"https:\\\/\\\/archiviocassano.lavocedelpaese.info\\\/\",\"name\":\"Archivio CassanoWeb\",\"description\":\"La Voce del Paese - un network di idee\",\"publisher\":{\"@id\":\"https:\\\/\\\/archiviocassano.lavocedelpaese.info\\\/#organization\"},\"potentialAction\":[{\"@type\":\"SearchAction\",\"target\":{\"@type\":\"EntryPoint\",\"urlTemplate\":\"https:\\\/\\\/archiviocassano.lavocedelpaese.info\\\/?s={search_term_string}\"},\"query-input\":{\"@type\":\"PropertyValueSpecification\",\"valueRequired\":true,\"valueName\":\"search_term_string\"}}],\"inLanguage\":\"it-IT\"},{\"@type\":\"Organization\",\"@id\":\"https:\\\/\\\/archiviocassano.lavocedelpaese.info\\\/#organization\",\"name\":\"Archivio CassanoWeb\",\"url\":\"https:\\\/\\\/archiviocassano.lavocedelpaese.info\\\/\",\"logo\":{\"@type\":\"ImageObject\",\"inLanguage\":\"it-IT\",\"@id\":\"https:\\\/\\\/archiviocassano.lavocedelpaese.info\\\/#\\\/schema\\\/logo\\\/image\\\/\",\"url\":\"https:\\\/\\\/archiviocassano.lavocedelpaese.info\\\/wp-content\\\/uploads\\\/2024\\\/08\\\/logo-rosso-2.png\",\"contentUrl\":\"https:\\\/\\\/archiviocassano.lavocedelpaese.info\\\/wp-content\\\/uploads\\\/2024\\\/08\\\/logo-rosso-2.png\",\"width\":491,\"height\":432,\"caption\":\"Archivio CassanoWeb\"},\"image\":{\"@id\":\"https:\\\/\\\/archiviocassano.lavocedelpaese.info\\\/#\\\/schema\\\/logo\\\/image\\\/\"},\"sameAs\":[\"https:\\\/\\\/www.facebook.com\\\/redazione.cassanoweb\"]},{\"@type\":\"Person\",\"@id\":\"https:\\\/\\\/archiviocassano.lavocedelpaese.info\\\/#\\\/schema\\\/person\\\/df195bc79a9b4c35127cf005f92e041b\",\"name\":\"admin\",\"image\":{\"@type\":\"ImageObject\",\"inLanguage\":\"it-IT\",\"@id\":\"https:\\\/\\\/secure.gravatar.com\\\/avatar\\\/eabba89a432e8eaa1b0207cc55f7e5340b22712b1ed80677efcf63e02ff5b235?s=96&d=mm&r=g\",\"url\":\"https:\\\/\\\/secure.gravatar.com\\\/avatar\\\/eabba89a432e8eaa1b0207cc55f7e5340b22712b1ed80677efcf63e02ff5b235?s=96&d=mm&r=g\",\"contentUrl\":\"https:\\\/\\\/secure.gravatar.com\\\/avatar\\\/eabba89a432e8eaa1b0207cc55f7e5340b22712b1ed80677efcf63e02ff5b235?s=96&d=mm&r=g\",\"caption\":\"admin\"},\"sameAs\":[\"https:\\\/\\\/archiviocassano.lavocedelpaese.info\"],\"url\":\"https:\\\/\\\/archiviocassano.lavocedelpaese.info\\\/index.php\\\/author\\\/admin_0qgz1xdp\\\/\"}]}<\/script>\n<!-- \/ Yoast SEO plugin. -->","yoast_head_json":{"title":"\"MAGNA INVENTIO\": il programma della rievocazione storica - Archivio CassanoWeb","robots":{"index":"index","follow":"follow","max-snippet":"max-snippet:-1","max-image-preview":"max-image-preview:large","max-video-preview":"max-video-preview:-1"},"canonical":"https:\/\/archiviocassano.lavocedelpaese.info\/index.php\/2019\/05\/14\/qmagna-inventioq-ecco-il-programma-della-rievocazione-storica\/","og_locale":"it_IT","og_type":"article","og_title":"\"MAGNA INVENTIO\": il programma della rievocazione storica - Archivio CassanoWeb","og_url":"https:\/\/archiviocassano.lavocedelpaese.info\/index.php\/2019\/05\/14\/qmagna-inventioq-ecco-il-programma-della-rievocazione-storica\/","og_site_name":"Archivio CassanoWeb","article_publisher":"https:\/\/www.facebook.com\/redazione.cassanoweb","article_published_time":"2019-05-14T08:17:25+00:00","og_image":[{"width":320,"height":150,"url":"https:\/\/archiviocassano.lavocedelpaese.info\/wp-content\/uploads\/2019\/05\/BANNER_Madonna_di_Basc.jpg","type":"image\/jpeg"}],"author":"admin","twitter_card":"summary_large_image","twitter_misc":{"Scritto da":"admin","Tempo di lettura stimato":"5 minuti"},"schema":{"@context":"https:\/\/schema.org","@graph":[{"@type":"Article","@id":"https:\/\/archiviocassano.lavocedelpaese.info\/index.php\/2019\/05\/14\/qmagna-inventioq-ecco-il-programma-della-rievocazione-storica\/#article","isPartOf":{"@id":"https:\/\/archiviocassano.lavocedelpaese.info\/index.php\/2019\/05\/14\/qmagna-inventioq-ecco-il-programma-della-rievocazione-storica\/"},"author":{"name":"admin","@id":"https:\/\/archiviocassano.lavocedelpaese.info\/#\/schema\/person\/df195bc79a9b4c35127cf005f92e041b"},"headline":"&#8220;MAGNA INVENTIO&#8221;: il programma della rievocazione storica","datePublished":"2019-05-14T08:17:25+00:00","mainEntityOfPage":{"@id":"https:\/\/archiviocassano.lavocedelpaese.info\/index.php\/2019\/05\/14\/qmagna-inventioq-ecco-il-programma-della-rievocazione-storica\/"},"wordCount":1067,"commentCount":0,"publisher":{"@id":"https:\/\/archiviocassano.lavocedelpaese.info\/#organization"},"image":{"@id":"https:\/\/archiviocassano.lavocedelpaese.info\/index.php\/2019\/05\/14\/qmagna-inventioq-ecco-il-programma-della-rievocazione-storica\/#primaryimage"},"thumbnailUrl":"https:\/\/archiviocassano.lavocedelpaese.info\/wp-content\/uploads\/2019\/05\/BANNER_Madonna_di_Basc.jpg","articleSection":["Appuntamenti"],"inLanguage":"it-IT","potentialAction":[{"@type":"CommentAction","name":"Comment","target":["https:\/\/archiviocassano.lavocedelpaese.info\/index.php\/2019\/05\/14\/qmagna-inventioq-ecco-il-programma-della-rievocazione-storica\/#respond"]}]},{"@type":"WebPage","@id":"https:\/\/archiviocassano.lavocedelpaese.info\/index.php\/2019\/05\/14\/qmagna-inventioq-ecco-il-programma-della-rievocazione-storica\/","url":"https:\/\/archiviocassano.lavocedelpaese.info\/index.php\/2019\/05\/14\/qmagna-inventioq-ecco-il-programma-della-rievocazione-storica\/","name":"\"MAGNA INVENTIO\": il programma della rievocazione storica - Archivio CassanoWeb","isPartOf":{"@id":"https:\/\/archiviocassano.lavocedelpaese.info\/#website"},"primaryImageOfPage":{"@id":"https:\/\/archiviocassano.lavocedelpaese.info\/index.php\/2019\/05\/14\/qmagna-inventioq-ecco-il-programma-della-rievocazione-storica\/#primaryimage"},"image":{"@id":"https:\/\/archiviocassano.lavocedelpaese.info\/index.php\/2019\/05\/14\/qmagna-inventioq-ecco-il-programma-della-rievocazione-storica\/#primaryimage"},"thumbnailUrl":"https:\/\/archiviocassano.lavocedelpaese.info\/wp-content\/uploads\/2019\/05\/BANNER_Madonna_di_Basc.jpg","datePublished":"2019-05-14T08:17:25+00:00","breadcrumb":{"@id":"https:\/\/archiviocassano.lavocedelpaese.info\/index.php\/2019\/05\/14\/qmagna-inventioq-ecco-il-programma-della-rievocazione-storica\/#breadcrumb"},"inLanguage":"it-IT","potentialAction":[{"@type":"ReadAction","target":["https:\/\/archiviocassano.lavocedelpaese.info\/index.php\/2019\/05\/14\/qmagna-inventioq-ecco-il-programma-della-rievocazione-storica\/"]}]},{"@type":"ImageObject","inLanguage":"it-IT","@id":"https:\/\/archiviocassano.lavocedelpaese.info\/index.php\/2019\/05\/14\/qmagna-inventioq-ecco-il-programma-della-rievocazione-storica\/#primaryimage","url":"https:\/\/archiviocassano.lavocedelpaese.info\/wp-content\/uploads\/2019\/05\/BANNER_Madonna_di_Basc.jpg","contentUrl":"https:\/\/archiviocassano.lavocedelpaese.info\/wp-content\/uploads\/2019\/05\/BANNER_Madonna_di_Basc.jpg","width":320,"height":150,"caption":"BANNER Madonna di Basc"},{"@type":"BreadcrumbList","@id":"https:\/\/archiviocassano.lavocedelpaese.info\/index.php\/2019\/05\/14\/qmagna-inventioq-ecco-il-programma-della-rievocazione-storica\/#breadcrumb","itemListElement":[{"@type":"ListItem","position":1,"name":"Home","item":"https:\/\/archiviocassano.lavocedelpaese.info\/"},{"@type":"ListItem","position":2,"name":"&#8220;MAGNA INVENTIO&#8221;: il programma della rievocazione storica"}]},{"@type":"WebSite","@id":"https:\/\/archiviocassano.lavocedelpaese.info\/#website","url":"https:\/\/archiviocassano.lavocedelpaese.info\/","name":"Archivio CassanoWeb","description":"La Voce del Paese - un network di idee","publisher":{"@id":"https:\/\/archiviocassano.lavocedelpaese.info\/#organization"},"potentialAction":[{"@type":"SearchAction","target":{"@type":"EntryPoint","urlTemplate":"https:\/\/archiviocassano.lavocedelpaese.info\/?s={search_term_string}"},"query-input":{"@type":"PropertyValueSpecification","valueRequired":true,"valueName":"search_term_string"}}],"inLanguage":"it-IT"},{"@type":"Organization","@id":"https:\/\/archiviocassano.lavocedelpaese.info\/#organization","name":"Archivio CassanoWeb","url":"https:\/\/archiviocassano.lavocedelpaese.info\/","logo":{"@type":"ImageObject","inLanguage":"it-IT","@id":"https:\/\/archiviocassano.lavocedelpaese.info\/#\/schema\/logo\/image\/","url":"https:\/\/archiviocassano.lavocedelpaese.info\/wp-content\/uploads\/2024\/08\/logo-rosso-2.png","contentUrl":"https:\/\/archiviocassano.lavocedelpaese.info\/wp-content\/uploads\/2024\/08\/logo-rosso-2.png","width":491,"height":432,"caption":"Archivio CassanoWeb"},"image":{"@id":"https:\/\/archiviocassano.lavocedelpaese.info\/#\/schema\/logo\/image\/"},"sameAs":["https:\/\/www.facebook.com\/redazione.cassanoweb"]},{"@type":"Person","@id":"https:\/\/archiviocassano.lavocedelpaese.info\/#\/schema\/person\/df195bc79a9b4c35127cf005f92e041b","name":"admin","image":{"@type":"ImageObject","inLanguage":"it-IT","@id":"https:\/\/secure.gravatar.com\/avatar\/eabba89a432e8eaa1b0207cc55f7e5340b22712b1ed80677efcf63e02ff5b235?s=96&d=mm&r=g","url":"https:\/\/secure.gravatar.com\/avatar\/eabba89a432e8eaa1b0207cc55f7e5340b22712b1ed80677efcf63e02ff5b235?s=96&d=mm&r=g","contentUrl":"https:\/\/secure.gravatar.com\/avatar\/eabba89a432e8eaa1b0207cc55f7e5340b22712b1ed80677efcf63e02ff5b235?s=96&d=mm&r=g","caption":"admin"},"sameAs":["https:\/\/archiviocassano.lavocedelpaese.info"],"url":"https:\/\/archiviocassano.lavocedelpaese.info\/index.php\/author\/admin_0qgz1xdp\/"}]}},"_links":{"self":[{"href":"https:\/\/archiviocassano.lavocedelpaese.info\/index.php\/wp-json\/wp\/v2\/posts\/17429","targetHints":{"allow":["GET"]}}],"collection":[{"href":"https:\/\/archiviocassano.lavocedelpaese.info\/index.php\/wp-json\/wp\/v2\/posts"}],"about":[{"href":"https:\/\/archiviocassano.lavocedelpaese.info\/index.php\/wp-json\/wp\/v2\/types\/post"}],"author":[{"embeddable":true,"href":"https:\/\/archiviocassano.lavocedelpaese.info\/index.php\/wp-json\/wp\/v2\/users\/1"}],"replies":[{"embeddable":true,"href":"https:\/\/archiviocassano.lavocedelpaese.info\/index.php\/wp-json\/wp\/v2\/comments?post=17429"}],"version-history":[{"count":0,"href":"https:\/\/archiviocassano.lavocedelpaese.info\/index.php\/wp-json\/wp\/v2\/posts\/17429\/revisions"}],"wp:featuredmedia":[{"embeddable":true,"href":"https:\/\/archiviocassano.lavocedelpaese.info\/index.php\/wp-json\/wp\/v2\/media\/17428"}],"wp:attachment":[{"href":"https:\/\/archiviocassano.lavocedelpaese.info\/index.php\/wp-json\/wp\/v2\/media?parent=17429"}],"wp:term":[{"taxonomy":"category","embeddable":true,"href":"https:\/\/archiviocassano.lavocedelpaese.info\/index.php\/wp-json\/wp\/v2\/categories?post=17429"},{"taxonomy":"post_tag","embeddable":true,"href":"https:\/\/archiviocassano.lavocedelpaese.info\/index.php\/wp-json\/wp\/v2\/tags?post=17429"}],"curies":[{"name":"wp","href":"https:\/\/api.w.org\/{rel}","templated":true}]}}