{"id":17570,"date":"2019-06-17T06:51:46","date_gmt":"2019-06-17T06:51:46","guid":{"rendered":"https:\/\/archiviocassano.lavocedelpaese.info\/index.php\/2019\/06\/17\/raccolta-differenziata-ignazio-zullo-interroga-emiliano-sul-mancato-rispetto-del-contratto\/"},"modified":"2019-06-17T06:51:46","modified_gmt":"2019-06-17T06:51:46","slug":"raccolta-differenziata-ignazio-zullo-interroga-emiliano-sul-mancato-rispetto-del-contratto","status":"publish","type":"post","link":"https:\/\/archiviocassano.lavocedelpaese.info\/index.php\/2019\/06\/17\/raccolta-differenziata-ignazio-zullo-interroga-emiliano-sul-mancato-rispetto-del-contratto\/","title":{"rendered":"Raccolta differenziata: Zullo interroga Loizzo"},"content":{"rendered":"<p style=\"text-align: justify;\"><img loading=\"lazy\" decoding=\"async\" class=\" size-full wp-image-15309\" src=\"https:\/\/archiviocassano.lavocedelpaese.info\/wp-content\/uploads\/2018\/01\/Ignazio_Zullo_buona.jpg\" alt=\"Ignazio Zullo buona\" style=\"margin-right: 2px; margin-left: 2px;\" height=\"150\" width=\"320\" \/><\/p>\n<p><!--more--><\/p>\n<p style=\"text-align: justify;\">Una interrogazione al Presidente del Consiglio Regionale Mario Loizzo \u00e8 stata presentata dal Consigliere regionale Ignazio Zullo (Direzione Italia) con la quale si chiede di capire che cosa la Regione Puglia stia facendo perch\u00e9 il contratto fra l\u2019Unicam e le societ\u00e0 vincitrici dell\u2019appalto per la raccolta differenziata venga rispettato.<\/p>\n<p style=\"text-align: justify;\">Zullo si sofferma, in particolare, sul contratto che lega il Comune di Cassano alla &#8220;Teknoservice&#8221; e prima all&#8217;ASV ed alle penali, previste dallo stesso contratto, che la societ\u00e0 bitontina dovrebbe pagare al nostro Comune per il mancato rispetto di diverse clausole.<\/p>\n<p>\u201cCon L.R. 24\/2012 e successive modifiche \u2013 si legge nella interrogazione &#8211; la Regione ha inteso definire gli ARO per l\u2019erogazione dei servizi di spazzamento, raccolta e trasporto dei rifiuti con il fine di consentire la massimizzazione dell\u2019efficienza e dell&#8217;economicit\u00e0 che importa in s\u00e8 la tassazione dei cittadini dovendo questa coprire al 100% il costo del servizio<\/p>\n<p>con L.R. 20\/2016 \u00e8 stata istituita l&#8217;Ager, \u201cAgenzia territoriale della regione puglia per il servizio di gestione dei rifiuti&nbsp;<\/p>\n<p>Le parole chiave della L.R. 24\/2012sono &#8220;<strong>efficacia, efficienza ed economicit\u00e0&#8221; tanto che si impone ag<\/strong>li enti locali facenti parte dell\u2019ARO di affidare l\u2019intero servizio di spazzamento, raccolta e trasporto in forma unitaria&nbsp; sulla base degli obblighi di servizio pubblico e nel rispetto degli standard tecnici che devono garantire i servizi efficaci, efficienti ed economici.<\/p>\n<p>Ed ancora:<\/p>\n<p>la L.R. 24\/2012 impegna l&#8217;ARO ad approvare <strong>la Carta dei servizi<\/strong> , a controllare le modalit\u00e0 di esecuzione dei servizi da parte del gestore, a <strong>redigere una relazione annuale e a gestire <\/strong>le attivit\u00e0 di informazione e consultazione obbligatorie previste dalle normative vigenti;<\/p>\n<p>Va rilevato in generale:<\/p>\n<p><strong>che ad oggi in Puglia la L.R. 24\/2012 non assicura nei Comuni efficacia, efficienza ed economicit\u00e0. Territori sporchi. dissaminati di rifiuti, caos nel recupero e riutilizzo dei materiali e aumento esponenziale della tassazione<\/strong><\/p>\n<p><strong>In particolare, per ci\u00f2 che riguarda il Comune di Cassano delle Murge si verifica che:<\/strong><\/p>\n<p>Una prima Azienda che ha iniziato il servizio ARO ha dovuto abbandonare per gravi problemi di sostenibilit\u00e0 economico-finanziaria. Secondo il dettato contrattuale, ad oggi le penali dovute da ASV al nostro Comune&nbsp; <strong>solo per la mancata messa a disposizione dei mezzi ammontano ad almeno 608.000 euro<\/strong>, da incrementare con le penali previste per la mancata effettuazione di servizi come ad esempio la distribuzione dei KIT e altro, fermo il risarcimento dei danni di immagine, di disagio e di inefficienza del servizio.<\/p>\n<p>In pi\u00f9 va verificata la situazione debitoria di ASV nei confronti di terzi che potrebbero rivalersi nei confronti del Comune<\/p>\n<p>Ad ASV \u00e8 subentrata la ditta capofila dell&#8217;ATI di cui, nonostante l&#8217;attivit\u00e0 di sindacato ispettivo dei consiglieri di opposizione, non \u00e8 dato sapere ad oggi se la ditta ha osservato gli obblighi contrattuali con riferimento al personale, ai mezzi e alle attrezzature<\/p>\n<p>Inoltre, la DEC ha inflitto penali ad ASV (circa 126 mila euro) non congruenti con il dovuto ma, per quanto mi consta, neanche onorate dalla stessa ASV<\/p>\n<p>Considerato<\/p>\n<p>Per contratto, il Comune, per il conseguimento dei crediti derivanti dall\u2019applicazione delle penali <strong>\u00e8 nella potest\u00e0, a propria insindacabile scelta, di avvalersi, tramite l&#8217;UNICAM, della cauzione prestata da ASV a garanzia della regolare e corretta esecuzione di tutte le obbligazioni, senza bisogno di diffida, ulteriore accertamento o procedimento giudiziario, ovvero \u00e8 nella potest\u00e0 di compensare il credito con quanto dovuto all\u2019Impresa a qualsiasi titolo, quindi anche per i corrispettivi maturati.<\/strong><\/p>\n<p>Purtroppo, n\u00e8 il Comune di Cassano, n\u00e8 la DEC n\u00e8 l&#8217;ARO agiscono per il pieno rispetto del contratto.<\/p>\n<p>Risulta allo scrivente che analoghi problemi sono vissuti in tutti i Comuni dell&#8217;ARO<strong><\/strong><\/p>\n<p>Tutto ci\u00f2 descritto, interrogo il Presidente della Giunta Regionale e l&#8217;Assessore all&#8217;Ambiente per conoscere:<\/p>\n<p>1. quali provvedimenti intende attuare nei confronti dell&#8217;ARO di Altamura affinch\u00e8 si&nbsp; attivi per avvalersi, cos\u00ec come da contratto, della cauzione prestata da ASV a garanzia della regolare e corretta esecuzione di tutte le obbligazioni contrattuali per introitare nelle casse del Comune di Cassano le penali per mancata messa a disposizione dei mezzi pari a 608.000 euro a cui sono da aggiungere le penali per mancata esecuzione di servizi nonch\u00e8 per il risarcimento dei maggiori danni arrecati da ASV all&#8217;immagine, al decoro, all&#8217;igiene del&nbsp; paese e del territorio di Cassano avente vocazione turistica<\/p>\n<p>2. che senso ha legiferare con L.R. se poi per i cittadini aumenta la tassa rifiuti ma non la&nbsp; qualit\u00e0 dei servizi?\u201d, conclude il Consigliere Zullo.<\/p>\n<p>&nbsp;<\/p>\n","protected":false},"excerpt":{"rendered":"","protected":false},"author":1,"featured_media":15309,"comment_status":"open","ping_status":"closed","sticky":false,"template":"","format":"standard","meta":{"colormag_page_container_layout":"default_layout","colormag_page_sidebar_layout":"default_layout","footnotes":""},"categories":[4],"tags":[],"class_list":["post-17570","post","type-post","status-publish","format-standard","has-post-thumbnail","hentry","category-politica"],"yoast_head":"<!-- This site is optimized with the Yoast SEO plugin v27.5 - https:\/\/yoast.com\/product\/yoast-seo-wordpress\/ -->\n<title>Raccolta differenziata: Zullo interroga Loizzo - Archivio CassanoWeb<\/title>\n<meta name=\"robots\" content=\"index, follow, max-snippet:-1, max-image-preview:large, max-video-preview:-1\" \/>\n<link rel=\"canonical\" href=\"https:\/\/archiviocassano.lavocedelpaese.info\/index.php\/2019\/06\/17\/raccolta-differenziata-ignazio-zullo-interroga-emiliano-sul-mancato-rispetto-del-contratto\/\" \/>\n<meta property=\"og:locale\" content=\"it_IT\" \/>\n<meta property=\"og:type\" content=\"article\" \/>\n<meta property=\"og:title\" content=\"Raccolta differenziata: Zullo interroga Loizzo - Archivio CassanoWeb\" \/>\n<meta property=\"og:url\" content=\"https:\/\/archiviocassano.lavocedelpaese.info\/index.php\/2019\/06\/17\/raccolta-differenziata-ignazio-zullo-interroga-emiliano-sul-mancato-rispetto-del-contratto\/\" \/>\n<meta property=\"og:site_name\" content=\"Archivio CassanoWeb\" \/>\n<meta property=\"article:publisher\" content=\"https:\/\/www.facebook.com\/redazione.cassanoweb\" \/>\n<meta property=\"article:published_time\" content=\"2019-06-17T06:51:46+00:00\" \/>\n<meta property=\"og:image\" content=\"https:\/\/archiviocassano.lavocedelpaese.info\/wp-content\/uploads\/2018\/01\/Ignazio_Zullo_buona.jpg\" \/>\n\t<meta property=\"og:image:width\" content=\"593\" \/>\n\t<meta property=\"og:image:height\" content=\"443\" \/>\n\t<meta property=\"og:image:type\" content=\"image\/jpeg\" \/>\n<meta name=\"author\" content=\"admin\" \/>\n<meta name=\"twitter:card\" content=\"summary_large_image\" \/>\n<meta name=\"twitter:label1\" content=\"Scritto da\" \/>\n\t<meta name=\"twitter:data1\" content=\"admin\" \/>\n\t<meta name=\"twitter:label2\" content=\"Tempo di lettura stimato\" \/>\n\t<meta name=\"twitter:data2\" content=\"4 minuti\" \/>\n<script type=\"application\/ld+json\" class=\"yoast-schema-graph\">{\"@context\":\"https:\\\/\\\/schema.org\",\"@graph\":[{\"@type\":\"Article\",\"@id\":\"https:\\\/\\\/archiviocassano.lavocedelpaese.info\\\/index.php\\\/2019\\\/06\\\/17\\\/raccolta-differenziata-ignazio-zullo-interroga-emiliano-sul-mancato-rispetto-del-contratto\\\/#article\",\"isPartOf\":{\"@id\":\"https:\\\/\\\/archiviocassano.lavocedelpaese.info\\\/index.php\\\/2019\\\/06\\\/17\\\/raccolta-differenziata-ignazio-zullo-interroga-emiliano-sul-mancato-rispetto-del-contratto\\\/\"},\"author\":{\"name\":\"admin\",\"@id\":\"https:\\\/\\\/archiviocassano.lavocedelpaese.info\\\/#\\\/schema\\\/person\\\/df195bc79a9b4c35127cf005f92e041b\"},\"headline\":\"Raccolta differenziata: Zullo interroga Loizzo\",\"datePublished\":\"2019-06-17T06:51:46+00:00\",\"mainEntityOfPage\":{\"@id\":\"https:\\\/\\\/archiviocassano.lavocedelpaese.info\\\/index.php\\\/2019\\\/06\\\/17\\\/raccolta-differenziata-ignazio-zullo-interroga-emiliano-sul-mancato-rispetto-del-contratto\\\/\"},\"wordCount\":744,\"commentCount\":0,\"publisher\":{\"@id\":\"https:\\\/\\\/archiviocassano.lavocedelpaese.info\\\/#organization\"},\"image\":{\"@id\":\"https:\\\/\\\/archiviocassano.lavocedelpaese.info\\\/index.php\\\/2019\\\/06\\\/17\\\/raccolta-differenziata-ignazio-zullo-interroga-emiliano-sul-mancato-rispetto-del-contratto\\\/#primaryimage\"},\"thumbnailUrl\":\"https:\\\/\\\/archiviocassano.lavocedelpaese.info\\\/wp-content\\\/uploads\\\/2018\\\/01\\\/Ignazio_Zullo_buona.jpg\",\"articleSection\":[\"Politica\"],\"inLanguage\":\"it-IT\",\"potentialAction\":[{\"@type\":\"CommentAction\",\"name\":\"Comment\",\"target\":[\"https:\\\/\\\/archiviocassano.lavocedelpaese.info\\\/index.php\\\/2019\\\/06\\\/17\\\/raccolta-differenziata-ignazio-zullo-interroga-emiliano-sul-mancato-rispetto-del-contratto\\\/#respond\"]}]},{\"@type\":\"WebPage\",\"@id\":\"https:\\\/\\\/archiviocassano.lavocedelpaese.info\\\/index.php\\\/2019\\\/06\\\/17\\\/raccolta-differenziata-ignazio-zullo-interroga-emiliano-sul-mancato-rispetto-del-contratto\\\/\",\"url\":\"https:\\\/\\\/archiviocassano.lavocedelpaese.info\\\/index.php\\\/2019\\\/06\\\/17\\\/raccolta-differenziata-ignazio-zullo-interroga-emiliano-sul-mancato-rispetto-del-contratto\\\/\",\"name\":\"Raccolta differenziata: Zullo interroga Loizzo - Archivio CassanoWeb\",\"isPartOf\":{\"@id\":\"https:\\\/\\\/archiviocassano.lavocedelpaese.info\\\/#website\"},\"primaryImageOfPage\":{\"@id\":\"https:\\\/\\\/archiviocassano.lavocedelpaese.info\\\/index.php\\\/2019\\\/06\\\/17\\\/raccolta-differenziata-ignazio-zullo-interroga-emiliano-sul-mancato-rispetto-del-contratto\\\/#primaryimage\"},\"image\":{\"@id\":\"https:\\\/\\\/archiviocassano.lavocedelpaese.info\\\/index.php\\\/2019\\\/06\\\/17\\\/raccolta-differenziata-ignazio-zullo-interroga-emiliano-sul-mancato-rispetto-del-contratto\\\/#primaryimage\"},\"thumbnailUrl\":\"https:\\\/\\\/archiviocassano.lavocedelpaese.info\\\/wp-content\\\/uploads\\\/2018\\\/01\\\/Ignazio_Zullo_buona.jpg\",\"datePublished\":\"2019-06-17T06:51:46+00:00\",\"breadcrumb\":{\"@id\":\"https:\\\/\\\/archiviocassano.lavocedelpaese.info\\\/index.php\\\/2019\\\/06\\\/17\\\/raccolta-differenziata-ignazio-zullo-interroga-emiliano-sul-mancato-rispetto-del-contratto\\\/#breadcrumb\"},\"inLanguage\":\"it-IT\",\"potentialAction\":[{\"@type\":\"ReadAction\",\"target\":[\"https:\\\/\\\/archiviocassano.lavocedelpaese.info\\\/index.php\\\/2019\\\/06\\\/17\\\/raccolta-differenziata-ignazio-zullo-interroga-emiliano-sul-mancato-rispetto-del-contratto\\\/\"]}]},{\"@type\":\"ImageObject\",\"inLanguage\":\"it-IT\",\"@id\":\"https:\\\/\\\/archiviocassano.lavocedelpaese.info\\\/index.php\\\/2019\\\/06\\\/17\\\/raccolta-differenziata-ignazio-zullo-interroga-emiliano-sul-mancato-rispetto-del-contratto\\\/#primaryimage\",\"url\":\"https:\\\/\\\/archiviocassano.lavocedelpaese.info\\\/wp-content\\\/uploads\\\/2018\\\/01\\\/Ignazio_Zullo_buona.jpg\",\"contentUrl\":\"https:\\\/\\\/archiviocassano.lavocedelpaese.info\\\/wp-content\\\/uploads\\\/2018\\\/01\\\/Ignazio_Zullo_buona.jpg\",\"width\":593,\"height\":443,\"caption\":\"Ignazio Zullo buona\"},{\"@type\":\"BreadcrumbList\",\"@id\":\"https:\\\/\\\/archiviocassano.lavocedelpaese.info\\\/index.php\\\/2019\\\/06\\\/17\\\/raccolta-differenziata-ignazio-zullo-interroga-emiliano-sul-mancato-rispetto-del-contratto\\\/#breadcrumb\",\"itemListElement\":[{\"@type\":\"ListItem\",\"position\":1,\"name\":\"Home\",\"item\":\"https:\\\/\\\/archiviocassano.lavocedelpaese.info\\\/\"},{\"@type\":\"ListItem\",\"position\":2,\"name\":\"Raccolta differenziata: Zullo interroga Loizzo\"}]},{\"@type\":\"WebSite\",\"@id\":\"https:\\\/\\\/archiviocassano.lavocedelpaese.info\\\/#website\",\"url\":\"https:\\\/\\\/archiviocassano.lavocedelpaese.info\\\/\",\"name\":\"Archivio CassanoWeb\",\"description\":\"La Voce del Paese - un network di idee\",\"publisher\":{\"@id\":\"https:\\\/\\\/archiviocassano.lavocedelpaese.info\\\/#organization\"},\"potentialAction\":[{\"@type\":\"SearchAction\",\"target\":{\"@type\":\"EntryPoint\",\"urlTemplate\":\"https:\\\/\\\/archiviocassano.lavocedelpaese.info\\\/?s={search_term_string}\"},\"query-input\":{\"@type\":\"PropertyValueSpecification\",\"valueRequired\":true,\"valueName\":\"search_term_string\"}}],\"inLanguage\":\"it-IT\"},{\"@type\":\"Organization\",\"@id\":\"https:\\\/\\\/archiviocassano.lavocedelpaese.info\\\/#organization\",\"name\":\"Archivio CassanoWeb\",\"url\":\"https:\\\/\\\/archiviocassano.lavocedelpaese.info\\\/\",\"logo\":{\"@type\":\"ImageObject\",\"inLanguage\":\"it-IT\",\"@id\":\"https:\\\/\\\/archiviocassano.lavocedelpaese.info\\\/#\\\/schema\\\/logo\\\/image\\\/\",\"url\":\"https:\\\/\\\/archiviocassano.lavocedelpaese.info\\\/wp-content\\\/uploads\\\/2024\\\/08\\\/logo-rosso-2.png\",\"contentUrl\":\"https:\\\/\\\/archiviocassano.lavocedelpaese.info\\\/wp-content\\\/uploads\\\/2024\\\/08\\\/logo-rosso-2.png\",\"width\":491,\"height\":432,\"caption\":\"Archivio CassanoWeb\"},\"image\":{\"@id\":\"https:\\\/\\\/archiviocassano.lavocedelpaese.info\\\/#\\\/schema\\\/logo\\\/image\\\/\"},\"sameAs\":[\"https:\\\/\\\/www.facebook.com\\\/redazione.cassanoweb\"]},{\"@type\":\"Person\",\"@id\":\"https:\\\/\\\/archiviocassano.lavocedelpaese.info\\\/#\\\/schema\\\/person\\\/df195bc79a9b4c35127cf005f92e041b\",\"name\":\"admin\",\"image\":{\"@type\":\"ImageObject\",\"inLanguage\":\"it-IT\",\"@id\":\"https:\\\/\\\/secure.gravatar.com\\\/avatar\\\/eabba89a432e8eaa1b0207cc55f7e5340b22712b1ed80677efcf63e02ff5b235?s=96&d=mm&r=g\",\"url\":\"https:\\\/\\\/secure.gravatar.com\\\/avatar\\\/eabba89a432e8eaa1b0207cc55f7e5340b22712b1ed80677efcf63e02ff5b235?s=96&d=mm&r=g\",\"contentUrl\":\"https:\\\/\\\/secure.gravatar.com\\\/avatar\\\/eabba89a432e8eaa1b0207cc55f7e5340b22712b1ed80677efcf63e02ff5b235?s=96&d=mm&r=g\",\"caption\":\"admin\"},\"sameAs\":[\"https:\\\/\\\/archiviocassano.lavocedelpaese.info\"],\"url\":\"https:\\\/\\\/archiviocassano.lavocedelpaese.info\\\/index.php\\\/author\\\/admin_0qgz1xdp\\\/\"}]}<\/script>\n<!-- \/ Yoast SEO plugin. -->","yoast_head_json":{"title":"Raccolta differenziata: Zullo interroga Loizzo - Archivio CassanoWeb","robots":{"index":"index","follow":"follow","max-snippet":"max-snippet:-1","max-image-preview":"max-image-preview:large","max-video-preview":"max-video-preview:-1"},"canonical":"https:\/\/archiviocassano.lavocedelpaese.info\/index.php\/2019\/06\/17\/raccolta-differenziata-ignazio-zullo-interroga-emiliano-sul-mancato-rispetto-del-contratto\/","og_locale":"it_IT","og_type":"article","og_title":"Raccolta differenziata: Zullo interroga Loizzo - Archivio CassanoWeb","og_url":"https:\/\/archiviocassano.lavocedelpaese.info\/index.php\/2019\/06\/17\/raccolta-differenziata-ignazio-zullo-interroga-emiliano-sul-mancato-rispetto-del-contratto\/","og_site_name":"Archivio CassanoWeb","article_publisher":"https:\/\/www.facebook.com\/redazione.cassanoweb","article_published_time":"2019-06-17T06:51:46+00:00","og_image":[{"width":593,"height":443,"url":"https:\/\/archiviocassano.lavocedelpaese.info\/wp-content\/uploads\/2018\/01\/Ignazio_Zullo_buona.jpg","type":"image\/jpeg"}],"author":"admin","twitter_card":"summary_large_image","twitter_misc":{"Scritto da":"admin","Tempo di lettura stimato":"4 minuti"},"schema":{"@context":"https:\/\/schema.org","@graph":[{"@type":"Article","@id":"https:\/\/archiviocassano.lavocedelpaese.info\/index.php\/2019\/06\/17\/raccolta-differenziata-ignazio-zullo-interroga-emiliano-sul-mancato-rispetto-del-contratto\/#article","isPartOf":{"@id":"https:\/\/archiviocassano.lavocedelpaese.info\/index.php\/2019\/06\/17\/raccolta-differenziata-ignazio-zullo-interroga-emiliano-sul-mancato-rispetto-del-contratto\/"},"author":{"name":"admin","@id":"https:\/\/archiviocassano.lavocedelpaese.info\/#\/schema\/person\/df195bc79a9b4c35127cf005f92e041b"},"headline":"Raccolta differenziata: Zullo interroga Loizzo","datePublished":"2019-06-17T06:51:46+00:00","mainEntityOfPage":{"@id":"https:\/\/archiviocassano.lavocedelpaese.info\/index.php\/2019\/06\/17\/raccolta-differenziata-ignazio-zullo-interroga-emiliano-sul-mancato-rispetto-del-contratto\/"},"wordCount":744,"commentCount":0,"publisher":{"@id":"https:\/\/archiviocassano.lavocedelpaese.info\/#organization"},"image":{"@id":"https:\/\/archiviocassano.lavocedelpaese.info\/index.php\/2019\/06\/17\/raccolta-differenziata-ignazio-zullo-interroga-emiliano-sul-mancato-rispetto-del-contratto\/#primaryimage"},"thumbnailUrl":"https:\/\/archiviocassano.lavocedelpaese.info\/wp-content\/uploads\/2018\/01\/Ignazio_Zullo_buona.jpg","articleSection":["Politica"],"inLanguage":"it-IT","potentialAction":[{"@type":"CommentAction","name":"Comment","target":["https:\/\/archiviocassano.lavocedelpaese.info\/index.php\/2019\/06\/17\/raccolta-differenziata-ignazio-zullo-interroga-emiliano-sul-mancato-rispetto-del-contratto\/#respond"]}]},{"@type":"WebPage","@id":"https:\/\/archiviocassano.lavocedelpaese.info\/index.php\/2019\/06\/17\/raccolta-differenziata-ignazio-zullo-interroga-emiliano-sul-mancato-rispetto-del-contratto\/","url":"https:\/\/archiviocassano.lavocedelpaese.info\/index.php\/2019\/06\/17\/raccolta-differenziata-ignazio-zullo-interroga-emiliano-sul-mancato-rispetto-del-contratto\/","name":"Raccolta differenziata: Zullo interroga Loizzo - Archivio CassanoWeb","isPartOf":{"@id":"https:\/\/archiviocassano.lavocedelpaese.info\/#website"},"primaryImageOfPage":{"@id":"https:\/\/archiviocassano.lavocedelpaese.info\/index.php\/2019\/06\/17\/raccolta-differenziata-ignazio-zullo-interroga-emiliano-sul-mancato-rispetto-del-contratto\/#primaryimage"},"image":{"@id":"https:\/\/archiviocassano.lavocedelpaese.info\/index.php\/2019\/06\/17\/raccolta-differenziata-ignazio-zullo-interroga-emiliano-sul-mancato-rispetto-del-contratto\/#primaryimage"},"thumbnailUrl":"https:\/\/archiviocassano.lavocedelpaese.info\/wp-content\/uploads\/2018\/01\/Ignazio_Zullo_buona.jpg","datePublished":"2019-06-17T06:51:46+00:00","breadcrumb":{"@id":"https:\/\/archiviocassano.lavocedelpaese.info\/index.php\/2019\/06\/17\/raccolta-differenziata-ignazio-zullo-interroga-emiliano-sul-mancato-rispetto-del-contratto\/#breadcrumb"},"inLanguage":"it-IT","potentialAction":[{"@type":"ReadAction","target":["https:\/\/archiviocassano.lavocedelpaese.info\/index.php\/2019\/06\/17\/raccolta-differenziata-ignazio-zullo-interroga-emiliano-sul-mancato-rispetto-del-contratto\/"]}]},{"@type":"ImageObject","inLanguage":"it-IT","@id":"https:\/\/archiviocassano.lavocedelpaese.info\/index.php\/2019\/06\/17\/raccolta-differenziata-ignazio-zullo-interroga-emiliano-sul-mancato-rispetto-del-contratto\/#primaryimage","url":"https:\/\/archiviocassano.lavocedelpaese.info\/wp-content\/uploads\/2018\/01\/Ignazio_Zullo_buona.jpg","contentUrl":"https:\/\/archiviocassano.lavocedelpaese.info\/wp-content\/uploads\/2018\/01\/Ignazio_Zullo_buona.jpg","width":593,"height":443,"caption":"Ignazio Zullo buona"},{"@type":"BreadcrumbList","@id":"https:\/\/archiviocassano.lavocedelpaese.info\/index.php\/2019\/06\/17\/raccolta-differenziata-ignazio-zullo-interroga-emiliano-sul-mancato-rispetto-del-contratto\/#breadcrumb","itemListElement":[{"@type":"ListItem","position":1,"name":"Home","item":"https:\/\/archiviocassano.lavocedelpaese.info\/"},{"@type":"ListItem","position":2,"name":"Raccolta differenziata: Zullo interroga Loizzo"}]},{"@type":"WebSite","@id":"https:\/\/archiviocassano.lavocedelpaese.info\/#website","url":"https:\/\/archiviocassano.lavocedelpaese.info\/","name":"Archivio CassanoWeb","description":"La Voce del Paese - un network di idee","publisher":{"@id":"https:\/\/archiviocassano.lavocedelpaese.info\/#organization"},"potentialAction":[{"@type":"SearchAction","target":{"@type":"EntryPoint","urlTemplate":"https:\/\/archiviocassano.lavocedelpaese.info\/?s={search_term_string}"},"query-input":{"@type":"PropertyValueSpecification","valueRequired":true,"valueName":"search_term_string"}}],"inLanguage":"it-IT"},{"@type":"Organization","@id":"https:\/\/archiviocassano.lavocedelpaese.info\/#organization","name":"Archivio CassanoWeb","url":"https:\/\/archiviocassano.lavocedelpaese.info\/","logo":{"@type":"ImageObject","inLanguage":"it-IT","@id":"https:\/\/archiviocassano.lavocedelpaese.info\/#\/schema\/logo\/image\/","url":"https:\/\/archiviocassano.lavocedelpaese.info\/wp-content\/uploads\/2024\/08\/logo-rosso-2.png","contentUrl":"https:\/\/archiviocassano.lavocedelpaese.info\/wp-content\/uploads\/2024\/08\/logo-rosso-2.png","width":491,"height":432,"caption":"Archivio CassanoWeb"},"image":{"@id":"https:\/\/archiviocassano.lavocedelpaese.info\/#\/schema\/logo\/image\/"},"sameAs":["https:\/\/www.facebook.com\/redazione.cassanoweb"]},{"@type":"Person","@id":"https:\/\/archiviocassano.lavocedelpaese.info\/#\/schema\/person\/df195bc79a9b4c35127cf005f92e041b","name":"admin","image":{"@type":"ImageObject","inLanguage":"it-IT","@id":"https:\/\/secure.gravatar.com\/avatar\/eabba89a432e8eaa1b0207cc55f7e5340b22712b1ed80677efcf63e02ff5b235?s=96&d=mm&r=g","url":"https:\/\/secure.gravatar.com\/avatar\/eabba89a432e8eaa1b0207cc55f7e5340b22712b1ed80677efcf63e02ff5b235?s=96&d=mm&r=g","contentUrl":"https:\/\/secure.gravatar.com\/avatar\/eabba89a432e8eaa1b0207cc55f7e5340b22712b1ed80677efcf63e02ff5b235?s=96&d=mm&r=g","caption":"admin"},"sameAs":["https:\/\/archiviocassano.lavocedelpaese.info"],"url":"https:\/\/archiviocassano.lavocedelpaese.info\/index.php\/author\/admin_0qgz1xdp\/"}]}},"_links":{"self":[{"href":"https:\/\/archiviocassano.lavocedelpaese.info\/index.php\/wp-json\/wp\/v2\/posts\/17570","targetHints":{"allow":["GET"]}}],"collection":[{"href":"https:\/\/archiviocassano.lavocedelpaese.info\/index.php\/wp-json\/wp\/v2\/posts"}],"about":[{"href":"https:\/\/archiviocassano.lavocedelpaese.info\/index.php\/wp-json\/wp\/v2\/types\/post"}],"author":[{"embeddable":true,"href":"https:\/\/archiviocassano.lavocedelpaese.info\/index.php\/wp-json\/wp\/v2\/users\/1"}],"replies":[{"embeddable":true,"href":"https:\/\/archiviocassano.lavocedelpaese.info\/index.php\/wp-json\/wp\/v2\/comments?post=17570"}],"version-history":[{"count":0,"href":"https:\/\/archiviocassano.lavocedelpaese.info\/index.php\/wp-json\/wp\/v2\/posts\/17570\/revisions"}],"wp:featuredmedia":[{"embeddable":true,"href":"https:\/\/archiviocassano.lavocedelpaese.info\/index.php\/wp-json\/wp\/v2\/media\/15309"}],"wp:attachment":[{"href":"https:\/\/archiviocassano.lavocedelpaese.info\/index.php\/wp-json\/wp\/v2\/media?parent=17570"}],"wp:term":[{"taxonomy":"category","embeddable":true,"href":"https:\/\/archiviocassano.lavocedelpaese.info\/index.php\/wp-json\/wp\/v2\/categories?post=17570"},{"taxonomy":"post_tag","embeddable":true,"href":"https:\/\/archiviocassano.lavocedelpaese.info\/index.php\/wp-json\/wp\/v2\/tags?post=17570"}],"curies":[{"name":"wp","href":"https:\/\/api.w.org\/{rel}","templated":true}]}}