{"id":17649,"date":"2019-07-04T05:50:54","date_gmt":"2019-07-04T05:50:54","guid":{"rendered":"https:\/\/archiviocassano.lavocedelpaese.info\/index.php\/2019\/07\/04\/niente-duc-per-cassano-i-commercianti-dovranno-attendere-perche-il-comune-non-si-e-attivato\/"},"modified":"2019-07-04T05:50:54","modified_gmt":"2019-07-04T05:50:54","slug":"niente-duc-per-cassano-i-commercianti-dovranno-attendere-perche-il-comune-non-si-e-attivato","status":"publish","type":"post","link":"https:\/\/archiviocassano.lavocedelpaese.info\/index.php\/2019\/07\/04\/niente-duc-per-cassano-i-commercianti-dovranno-attendere-perche-il-comune-non-si-e-attivato\/","title":{"rendered":"Niente DUC per Cassano: i commercianti dovranno attendere"},"content":{"rendered":"<p style=\"text-align: justify;\"><img loading=\"lazy\" decoding=\"async\" class=\" size-full wp-image-17648\" src=\"https:\/\/archiviocassano.lavocedelpaese.info\/wp-content\/uploads\/2019\/07\/duc.jpg\" alt=\"duc\" style=\"margin-right: 2px; margin-left: 2px;\" height=\"150\" width=\"320\" \/><\/p>\n<p><!--more--><\/p>\n<p>Dovranno attendere ancora i commercianti cassanesi per la costituzione del Distretto Urbano del Commercio (DUC).<\/p>\n<p style=\"text-align: justify;\">Al Bando pubblico promosso dalla Regione Puglia, che stanziava risorse per la costituzione e la promozione dei DUC, il Comune di Cassano, infatti, non ha risposto, pare per mancanza di fondi posti a Bilancio.<\/p>\n<p style=\"text-align: justify;\">Proprio in questi giorni le Amministrazione Comunali che vi hanno aderito \u2013 ad esempio Santeramo in Colle \u2013 stanno ricevendo i fondi (55mila euro, per cominciare) per dare il via ai DUC.<\/p>\n<p style=\"text-align: justify;\">Ma cosa sono i Distretti Urbani del Commercio?<\/p>\n<p style=\"text-align: justify;\">L\u2019espansione dei grandi centri commerciali ha messo in crisi, da diversi anni, il tradizionale sistema di vendita che in Italia \u00e8 costituita dai negozi di quartiere, dalle piccole botteghe e via di seguito. Un sistema che ha certamente sofferto ma che ha resistito in gran parte, tanto che la tendenza ultima \u2013 cos\u00ec come sta avvedendo negli U.S.A. \u2013 \u00e8 quella di ridimensionare le grandi superfici di vendita e guardare pi\u00f9 da vicino al negozio sotto casa.<\/p>\n<p style=\"text-align: justify;\">La strada, per\u00f2, \u00e8 irta di ostacoli: le grandi catene commerciali possono vantare \u201cspalle larghe\u201d economicamente parlando mentre spesso i negozi devono fare i conti con offerte \u201cfuori mercato\u201d e pratiche aggressive sui prezzi che non si possono permettere.<\/p>\n<p style=\"text-align: justify;\">Ecco nascere, dunque, l\u2019idea di far associare i negozi di un intero comune o anche fra pi\u00f9 comuni in veri e propri Distretti per favorire l\u2019aggregazione, incrementare la collaborazione, legare il commercio al turismo, laddove c\u2019\u00e8, valorizzare le specificit\u00e0 territoriali, migliorare la qualit\u00e0 degli spazi pubblici e le strategie pubblicitarie e di marketing.<\/p>\n<p style=\"text-align: justify;\">Tutte voci che hanno un costo ma che da soli, i singoli negozi, non sempre possono permettersi di attuarle: da qui l\u2019idea di mettersi insieme, con a capo l\u2019Amministrazione Comunale.<\/p>\n<p style=\"text-align: justify;\">Di DUC, a Cassano, se ne parla da almeno cinque anni: la passata Amministrazione Lionetti individu\u00f2 come partner il Comune di Sannicandro di Bari ma poi non se ne fece pi\u00f9 niente.<\/p>\n<p style=\"text-align: justify;\">Il Bando della Regione promulgato l\u2019anno scorso avrebbe potuto essere una opportunit\u00e0 da cogliere per il nostro Comune ma anche qui uno stop.<\/p>\n<p style=\"text-align: justify;\">\u201cAbbiamo postato i fondi e parteciperemo al prossimo Bando\u201d ci ha detto ieri un Assessore della Giunta Di Medio al quale abbiamo chiesto lumi sulla vicenda.<\/p>\n<p style=\"text-align: justify;\">Nel frattempo i commercianti cassanesi\u2026.faranno da soli!<\/p>\n<p>&nbsp;<\/p>\n","protected":false},"excerpt":{"rendered":"","protected":false},"author":1,"featured_media":17648,"comment_status":"open","ping_status":"closed","sticky":false,"template":"","format":"standard","meta":{"colormag_page_container_layout":"default_layout","colormag_page_sidebar_layout":"default_layout","footnotes":""},"categories":[13],"tags":[],"class_list":["post-17649","post","type-post","status-publish","format-standard","has-post-thumbnail","hentry","category-economia"],"yoast_head":"<!-- This site is optimized with the Yoast SEO plugin v27.4 - https:\/\/yoast.com\/product\/yoast-seo-wordpress\/ -->\n<title>Niente DUC per Cassano: i commercianti dovranno attendere - Archivio CassanoWeb<\/title>\n<meta name=\"robots\" content=\"index, follow, max-snippet:-1, max-image-preview:large, max-video-preview:-1\" \/>\n<link rel=\"canonical\" href=\"https:\/\/archiviocassano.lavocedelpaese.info\/index.php\/2019\/07\/04\/niente-duc-per-cassano-i-commercianti-dovranno-attendere-perche-il-comune-non-si-e-attivato\/\" \/>\n<meta property=\"og:locale\" content=\"it_IT\" \/>\n<meta property=\"og:type\" content=\"article\" \/>\n<meta property=\"og:title\" content=\"Niente DUC per Cassano: i commercianti dovranno attendere - Archivio CassanoWeb\" \/>\n<meta property=\"og:url\" content=\"https:\/\/archiviocassano.lavocedelpaese.info\/index.php\/2019\/07\/04\/niente-duc-per-cassano-i-commercianti-dovranno-attendere-perche-il-comune-non-si-e-attivato\/\" \/>\n<meta property=\"og:site_name\" content=\"Archivio CassanoWeb\" \/>\n<meta property=\"article:publisher\" content=\"https:\/\/www.facebook.com\/redazione.cassanoweb\" \/>\n<meta property=\"article:published_time\" content=\"2019-07-04T05:50:54+00:00\" \/>\n<meta property=\"og:image\" content=\"https:\/\/archiviocassano.lavocedelpaese.info\/wp-content\/uploads\/2019\/07\/duc.jpg\" \/>\n\t<meta property=\"og:image:width\" content=\"400\" \/>\n\t<meta property=\"og:image:height\" content=\"400\" \/>\n\t<meta property=\"og:image:type\" content=\"image\/jpeg\" \/>\n<meta name=\"author\" content=\"admin\" \/>\n<meta name=\"twitter:card\" content=\"summary_large_image\" \/>\n<meta name=\"twitter:label1\" content=\"Scritto da\" \/>\n\t<meta name=\"twitter:data1\" content=\"admin\" \/>\n\t<meta name=\"twitter:label2\" content=\"Tempo di lettura stimato\" \/>\n\t<meta name=\"twitter:data2\" content=\"2 minuti\" \/>\n<script type=\"application\/ld+json\" class=\"yoast-schema-graph\">{\"@context\":\"https:\\\/\\\/schema.org\",\"@graph\":[{\"@type\":\"Article\",\"@id\":\"https:\\\/\\\/archiviocassano.lavocedelpaese.info\\\/index.php\\\/2019\\\/07\\\/04\\\/niente-duc-per-cassano-i-commercianti-dovranno-attendere-perche-il-comune-non-si-e-attivato\\\/#article\",\"isPartOf\":{\"@id\":\"https:\\\/\\\/archiviocassano.lavocedelpaese.info\\\/index.php\\\/2019\\\/07\\\/04\\\/niente-duc-per-cassano-i-commercianti-dovranno-attendere-perche-il-comune-non-si-e-attivato\\\/\"},\"author\":{\"name\":\"admin\",\"@id\":\"https:\\\/\\\/archiviocassano.lavocedelpaese.info\\\/#\\\/schema\\\/person\\\/df195bc79a9b4c35127cf005f92e041b\"},\"headline\":\"Niente DUC per Cassano: i commercianti dovranno attendere\",\"datePublished\":\"2019-07-04T05:50:54+00:00\",\"mainEntityOfPage\":{\"@id\":\"https:\\\/\\\/archiviocassano.lavocedelpaese.info\\\/index.php\\\/2019\\\/07\\\/04\\\/niente-duc-per-cassano-i-commercianti-dovranno-attendere-perche-il-comune-non-si-e-attivato\\\/\"},\"wordCount\":387,\"commentCount\":0,\"publisher\":{\"@id\":\"https:\\\/\\\/archiviocassano.lavocedelpaese.info\\\/#organization\"},\"image\":{\"@id\":\"https:\\\/\\\/archiviocassano.lavocedelpaese.info\\\/index.php\\\/2019\\\/07\\\/04\\\/niente-duc-per-cassano-i-commercianti-dovranno-attendere-perche-il-comune-non-si-e-attivato\\\/#primaryimage\"},\"thumbnailUrl\":\"https:\\\/\\\/archiviocassano.lavocedelpaese.info\\\/wp-content\\\/uploads\\\/2019\\\/07\\\/duc.jpg\",\"articleSection\":[\"Economia\"],\"inLanguage\":\"it-IT\",\"potentialAction\":[{\"@type\":\"CommentAction\",\"name\":\"Comment\",\"target\":[\"https:\\\/\\\/archiviocassano.lavocedelpaese.info\\\/index.php\\\/2019\\\/07\\\/04\\\/niente-duc-per-cassano-i-commercianti-dovranno-attendere-perche-il-comune-non-si-e-attivato\\\/#respond\"]}]},{\"@type\":\"WebPage\",\"@id\":\"https:\\\/\\\/archiviocassano.lavocedelpaese.info\\\/index.php\\\/2019\\\/07\\\/04\\\/niente-duc-per-cassano-i-commercianti-dovranno-attendere-perche-il-comune-non-si-e-attivato\\\/\",\"url\":\"https:\\\/\\\/archiviocassano.lavocedelpaese.info\\\/index.php\\\/2019\\\/07\\\/04\\\/niente-duc-per-cassano-i-commercianti-dovranno-attendere-perche-il-comune-non-si-e-attivato\\\/\",\"name\":\"Niente DUC per Cassano: i commercianti dovranno attendere - Archivio CassanoWeb\",\"isPartOf\":{\"@id\":\"https:\\\/\\\/archiviocassano.lavocedelpaese.info\\\/#website\"},\"primaryImageOfPage\":{\"@id\":\"https:\\\/\\\/archiviocassano.lavocedelpaese.info\\\/index.php\\\/2019\\\/07\\\/04\\\/niente-duc-per-cassano-i-commercianti-dovranno-attendere-perche-il-comune-non-si-e-attivato\\\/#primaryimage\"},\"image\":{\"@id\":\"https:\\\/\\\/archiviocassano.lavocedelpaese.info\\\/index.php\\\/2019\\\/07\\\/04\\\/niente-duc-per-cassano-i-commercianti-dovranno-attendere-perche-il-comune-non-si-e-attivato\\\/#primaryimage\"},\"thumbnailUrl\":\"https:\\\/\\\/archiviocassano.lavocedelpaese.info\\\/wp-content\\\/uploads\\\/2019\\\/07\\\/duc.jpg\",\"datePublished\":\"2019-07-04T05:50:54+00:00\",\"breadcrumb\":{\"@id\":\"https:\\\/\\\/archiviocassano.lavocedelpaese.info\\\/index.php\\\/2019\\\/07\\\/04\\\/niente-duc-per-cassano-i-commercianti-dovranno-attendere-perche-il-comune-non-si-e-attivato\\\/#breadcrumb\"},\"inLanguage\":\"it-IT\",\"potentialAction\":[{\"@type\":\"ReadAction\",\"target\":[\"https:\\\/\\\/archiviocassano.lavocedelpaese.info\\\/index.php\\\/2019\\\/07\\\/04\\\/niente-duc-per-cassano-i-commercianti-dovranno-attendere-perche-il-comune-non-si-e-attivato\\\/\"]}]},{\"@type\":\"ImageObject\",\"inLanguage\":\"it-IT\",\"@id\":\"https:\\\/\\\/archiviocassano.lavocedelpaese.info\\\/index.php\\\/2019\\\/07\\\/04\\\/niente-duc-per-cassano-i-commercianti-dovranno-attendere-perche-il-comune-non-si-e-attivato\\\/#primaryimage\",\"url\":\"https:\\\/\\\/archiviocassano.lavocedelpaese.info\\\/wp-content\\\/uploads\\\/2019\\\/07\\\/duc.jpg\",\"contentUrl\":\"https:\\\/\\\/archiviocassano.lavocedelpaese.info\\\/wp-content\\\/uploads\\\/2019\\\/07\\\/duc.jpg\",\"width\":400,\"height\":400,\"caption\":\"duc\"},{\"@type\":\"BreadcrumbList\",\"@id\":\"https:\\\/\\\/archiviocassano.lavocedelpaese.info\\\/index.php\\\/2019\\\/07\\\/04\\\/niente-duc-per-cassano-i-commercianti-dovranno-attendere-perche-il-comune-non-si-e-attivato\\\/#breadcrumb\",\"itemListElement\":[{\"@type\":\"ListItem\",\"position\":1,\"name\":\"Home\",\"item\":\"https:\\\/\\\/archiviocassano.lavocedelpaese.info\\\/\"},{\"@type\":\"ListItem\",\"position\":2,\"name\":\"Niente DUC per Cassano: i commercianti dovranno attendere\"}]},{\"@type\":\"WebSite\",\"@id\":\"https:\\\/\\\/archiviocassano.lavocedelpaese.info\\\/#website\",\"url\":\"https:\\\/\\\/archiviocassano.lavocedelpaese.info\\\/\",\"name\":\"Archivio CassanoWeb\",\"description\":\"La Voce del Paese - un network di idee\",\"publisher\":{\"@id\":\"https:\\\/\\\/archiviocassano.lavocedelpaese.info\\\/#organization\"},\"potentialAction\":[{\"@type\":\"SearchAction\",\"target\":{\"@type\":\"EntryPoint\",\"urlTemplate\":\"https:\\\/\\\/archiviocassano.lavocedelpaese.info\\\/?s={search_term_string}\"},\"query-input\":{\"@type\":\"PropertyValueSpecification\",\"valueRequired\":true,\"valueName\":\"search_term_string\"}}],\"inLanguage\":\"it-IT\"},{\"@type\":\"Organization\",\"@id\":\"https:\\\/\\\/archiviocassano.lavocedelpaese.info\\\/#organization\",\"name\":\"Archivio CassanoWeb\",\"url\":\"https:\\\/\\\/archiviocassano.lavocedelpaese.info\\\/\",\"logo\":{\"@type\":\"ImageObject\",\"inLanguage\":\"it-IT\",\"@id\":\"https:\\\/\\\/archiviocassano.lavocedelpaese.info\\\/#\\\/schema\\\/logo\\\/image\\\/\",\"url\":\"https:\\\/\\\/archiviocassano.lavocedelpaese.info\\\/wp-content\\\/uploads\\\/2024\\\/08\\\/logo-rosso-2.png\",\"contentUrl\":\"https:\\\/\\\/archiviocassano.lavocedelpaese.info\\\/wp-content\\\/uploads\\\/2024\\\/08\\\/logo-rosso-2.png\",\"width\":491,\"height\":432,\"caption\":\"Archivio CassanoWeb\"},\"image\":{\"@id\":\"https:\\\/\\\/archiviocassano.lavocedelpaese.info\\\/#\\\/schema\\\/logo\\\/image\\\/\"},\"sameAs\":[\"https:\\\/\\\/www.facebook.com\\\/redazione.cassanoweb\"]},{\"@type\":\"Person\",\"@id\":\"https:\\\/\\\/archiviocassano.lavocedelpaese.info\\\/#\\\/schema\\\/person\\\/df195bc79a9b4c35127cf005f92e041b\",\"name\":\"admin\",\"image\":{\"@type\":\"ImageObject\",\"inLanguage\":\"it-IT\",\"@id\":\"https:\\\/\\\/secure.gravatar.com\\\/avatar\\\/eabba89a432e8eaa1b0207cc55f7e5340b22712b1ed80677efcf63e02ff5b235?s=96&d=mm&r=g\",\"url\":\"https:\\\/\\\/secure.gravatar.com\\\/avatar\\\/eabba89a432e8eaa1b0207cc55f7e5340b22712b1ed80677efcf63e02ff5b235?s=96&d=mm&r=g\",\"contentUrl\":\"https:\\\/\\\/secure.gravatar.com\\\/avatar\\\/eabba89a432e8eaa1b0207cc55f7e5340b22712b1ed80677efcf63e02ff5b235?s=96&d=mm&r=g\",\"caption\":\"admin\"},\"sameAs\":[\"https:\\\/\\\/archiviocassano.lavocedelpaese.info\"],\"url\":\"https:\\\/\\\/archiviocassano.lavocedelpaese.info\\\/index.php\\\/author\\\/admin_0qgz1xdp\\\/\"}]}<\/script>\n<!-- \/ Yoast SEO plugin. -->","yoast_head_json":{"title":"Niente DUC per Cassano: i commercianti dovranno attendere - Archivio CassanoWeb","robots":{"index":"index","follow":"follow","max-snippet":"max-snippet:-1","max-image-preview":"max-image-preview:large","max-video-preview":"max-video-preview:-1"},"canonical":"https:\/\/archiviocassano.lavocedelpaese.info\/index.php\/2019\/07\/04\/niente-duc-per-cassano-i-commercianti-dovranno-attendere-perche-il-comune-non-si-e-attivato\/","og_locale":"it_IT","og_type":"article","og_title":"Niente DUC per Cassano: i commercianti dovranno attendere - Archivio CassanoWeb","og_url":"https:\/\/archiviocassano.lavocedelpaese.info\/index.php\/2019\/07\/04\/niente-duc-per-cassano-i-commercianti-dovranno-attendere-perche-il-comune-non-si-e-attivato\/","og_site_name":"Archivio CassanoWeb","article_publisher":"https:\/\/www.facebook.com\/redazione.cassanoweb","article_published_time":"2019-07-04T05:50:54+00:00","og_image":[{"width":400,"height":400,"url":"https:\/\/archiviocassano.lavocedelpaese.info\/wp-content\/uploads\/2019\/07\/duc.jpg","type":"image\/jpeg"}],"author":"admin","twitter_card":"summary_large_image","twitter_misc":{"Scritto da":"admin","Tempo di lettura stimato":"2 minuti"},"schema":{"@context":"https:\/\/schema.org","@graph":[{"@type":"Article","@id":"https:\/\/archiviocassano.lavocedelpaese.info\/index.php\/2019\/07\/04\/niente-duc-per-cassano-i-commercianti-dovranno-attendere-perche-il-comune-non-si-e-attivato\/#article","isPartOf":{"@id":"https:\/\/archiviocassano.lavocedelpaese.info\/index.php\/2019\/07\/04\/niente-duc-per-cassano-i-commercianti-dovranno-attendere-perche-il-comune-non-si-e-attivato\/"},"author":{"name":"admin","@id":"https:\/\/archiviocassano.lavocedelpaese.info\/#\/schema\/person\/df195bc79a9b4c35127cf005f92e041b"},"headline":"Niente DUC per Cassano: i commercianti dovranno attendere","datePublished":"2019-07-04T05:50:54+00:00","mainEntityOfPage":{"@id":"https:\/\/archiviocassano.lavocedelpaese.info\/index.php\/2019\/07\/04\/niente-duc-per-cassano-i-commercianti-dovranno-attendere-perche-il-comune-non-si-e-attivato\/"},"wordCount":387,"commentCount":0,"publisher":{"@id":"https:\/\/archiviocassano.lavocedelpaese.info\/#organization"},"image":{"@id":"https:\/\/archiviocassano.lavocedelpaese.info\/index.php\/2019\/07\/04\/niente-duc-per-cassano-i-commercianti-dovranno-attendere-perche-il-comune-non-si-e-attivato\/#primaryimage"},"thumbnailUrl":"https:\/\/archiviocassano.lavocedelpaese.info\/wp-content\/uploads\/2019\/07\/duc.jpg","articleSection":["Economia"],"inLanguage":"it-IT","potentialAction":[{"@type":"CommentAction","name":"Comment","target":["https:\/\/archiviocassano.lavocedelpaese.info\/index.php\/2019\/07\/04\/niente-duc-per-cassano-i-commercianti-dovranno-attendere-perche-il-comune-non-si-e-attivato\/#respond"]}]},{"@type":"WebPage","@id":"https:\/\/archiviocassano.lavocedelpaese.info\/index.php\/2019\/07\/04\/niente-duc-per-cassano-i-commercianti-dovranno-attendere-perche-il-comune-non-si-e-attivato\/","url":"https:\/\/archiviocassano.lavocedelpaese.info\/index.php\/2019\/07\/04\/niente-duc-per-cassano-i-commercianti-dovranno-attendere-perche-il-comune-non-si-e-attivato\/","name":"Niente DUC per Cassano: i commercianti dovranno attendere - Archivio CassanoWeb","isPartOf":{"@id":"https:\/\/archiviocassano.lavocedelpaese.info\/#website"},"primaryImageOfPage":{"@id":"https:\/\/archiviocassano.lavocedelpaese.info\/index.php\/2019\/07\/04\/niente-duc-per-cassano-i-commercianti-dovranno-attendere-perche-il-comune-non-si-e-attivato\/#primaryimage"},"image":{"@id":"https:\/\/archiviocassano.lavocedelpaese.info\/index.php\/2019\/07\/04\/niente-duc-per-cassano-i-commercianti-dovranno-attendere-perche-il-comune-non-si-e-attivato\/#primaryimage"},"thumbnailUrl":"https:\/\/archiviocassano.lavocedelpaese.info\/wp-content\/uploads\/2019\/07\/duc.jpg","datePublished":"2019-07-04T05:50:54+00:00","breadcrumb":{"@id":"https:\/\/archiviocassano.lavocedelpaese.info\/index.php\/2019\/07\/04\/niente-duc-per-cassano-i-commercianti-dovranno-attendere-perche-il-comune-non-si-e-attivato\/#breadcrumb"},"inLanguage":"it-IT","potentialAction":[{"@type":"ReadAction","target":["https:\/\/archiviocassano.lavocedelpaese.info\/index.php\/2019\/07\/04\/niente-duc-per-cassano-i-commercianti-dovranno-attendere-perche-il-comune-non-si-e-attivato\/"]}]},{"@type":"ImageObject","inLanguage":"it-IT","@id":"https:\/\/archiviocassano.lavocedelpaese.info\/index.php\/2019\/07\/04\/niente-duc-per-cassano-i-commercianti-dovranno-attendere-perche-il-comune-non-si-e-attivato\/#primaryimage","url":"https:\/\/archiviocassano.lavocedelpaese.info\/wp-content\/uploads\/2019\/07\/duc.jpg","contentUrl":"https:\/\/archiviocassano.lavocedelpaese.info\/wp-content\/uploads\/2019\/07\/duc.jpg","width":400,"height":400,"caption":"duc"},{"@type":"BreadcrumbList","@id":"https:\/\/archiviocassano.lavocedelpaese.info\/index.php\/2019\/07\/04\/niente-duc-per-cassano-i-commercianti-dovranno-attendere-perche-il-comune-non-si-e-attivato\/#breadcrumb","itemListElement":[{"@type":"ListItem","position":1,"name":"Home","item":"https:\/\/archiviocassano.lavocedelpaese.info\/"},{"@type":"ListItem","position":2,"name":"Niente DUC per Cassano: i commercianti dovranno attendere"}]},{"@type":"WebSite","@id":"https:\/\/archiviocassano.lavocedelpaese.info\/#website","url":"https:\/\/archiviocassano.lavocedelpaese.info\/","name":"Archivio CassanoWeb","description":"La Voce del Paese - un network di idee","publisher":{"@id":"https:\/\/archiviocassano.lavocedelpaese.info\/#organization"},"potentialAction":[{"@type":"SearchAction","target":{"@type":"EntryPoint","urlTemplate":"https:\/\/archiviocassano.lavocedelpaese.info\/?s={search_term_string}"},"query-input":{"@type":"PropertyValueSpecification","valueRequired":true,"valueName":"search_term_string"}}],"inLanguage":"it-IT"},{"@type":"Organization","@id":"https:\/\/archiviocassano.lavocedelpaese.info\/#organization","name":"Archivio CassanoWeb","url":"https:\/\/archiviocassano.lavocedelpaese.info\/","logo":{"@type":"ImageObject","inLanguage":"it-IT","@id":"https:\/\/archiviocassano.lavocedelpaese.info\/#\/schema\/logo\/image\/","url":"https:\/\/archiviocassano.lavocedelpaese.info\/wp-content\/uploads\/2024\/08\/logo-rosso-2.png","contentUrl":"https:\/\/archiviocassano.lavocedelpaese.info\/wp-content\/uploads\/2024\/08\/logo-rosso-2.png","width":491,"height":432,"caption":"Archivio CassanoWeb"},"image":{"@id":"https:\/\/archiviocassano.lavocedelpaese.info\/#\/schema\/logo\/image\/"},"sameAs":["https:\/\/www.facebook.com\/redazione.cassanoweb"]},{"@type":"Person","@id":"https:\/\/archiviocassano.lavocedelpaese.info\/#\/schema\/person\/df195bc79a9b4c35127cf005f92e041b","name":"admin","image":{"@type":"ImageObject","inLanguage":"it-IT","@id":"https:\/\/secure.gravatar.com\/avatar\/eabba89a432e8eaa1b0207cc55f7e5340b22712b1ed80677efcf63e02ff5b235?s=96&d=mm&r=g","url":"https:\/\/secure.gravatar.com\/avatar\/eabba89a432e8eaa1b0207cc55f7e5340b22712b1ed80677efcf63e02ff5b235?s=96&d=mm&r=g","contentUrl":"https:\/\/secure.gravatar.com\/avatar\/eabba89a432e8eaa1b0207cc55f7e5340b22712b1ed80677efcf63e02ff5b235?s=96&d=mm&r=g","caption":"admin"},"sameAs":["https:\/\/archiviocassano.lavocedelpaese.info"],"url":"https:\/\/archiviocassano.lavocedelpaese.info\/index.php\/author\/admin_0qgz1xdp\/"}]}},"_links":{"self":[{"href":"https:\/\/archiviocassano.lavocedelpaese.info\/index.php\/wp-json\/wp\/v2\/posts\/17649","targetHints":{"allow":["GET"]}}],"collection":[{"href":"https:\/\/archiviocassano.lavocedelpaese.info\/index.php\/wp-json\/wp\/v2\/posts"}],"about":[{"href":"https:\/\/archiviocassano.lavocedelpaese.info\/index.php\/wp-json\/wp\/v2\/types\/post"}],"author":[{"embeddable":true,"href":"https:\/\/archiviocassano.lavocedelpaese.info\/index.php\/wp-json\/wp\/v2\/users\/1"}],"replies":[{"embeddable":true,"href":"https:\/\/archiviocassano.lavocedelpaese.info\/index.php\/wp-json\/wp\/v2\/comments?post=17649"}],"version-history":[{"count":0,"href":"https:\/\/archiviocassano.lavocedelpaese.info\/index.php\/wp-json\/wp\/v2\/posts\/17649\/revisions"}],"wp:featuredmedia":[{"embeddable":true,"href":"https:\/\/archiviocassano.lavocedelpaese.info\/index.php\/wp-json\/wp\/v2\/media\/17648"}],"wp:attachment":[{"href":"https:\/\/archiviocassano.lavocedelpaese.info\/index.php\/wp-json\/wp\/v2\/media?parent=17649"}],"wp:term":[{"taxonomy":"category","embeddable":true,"href":"https:\/\/archiviocassano.lavocedelpaese.info\/index.php\/wp-json\/wp\/v2\/categories?post=17649"},{"taxonomy":"post_tag","embeddable":true,"href":"https:\/\/archiviocassano.lavocedelpaese.info\/index.php\/wp-json\/wp\/v2\/tags?post=17649"}],"curies":[{"name":"wp","href":"https:\/\/api.w.org\/{rel}","templated":true}]}}