{"id":17767,"date":"2019-07-26T10:10:28","date_gmt":"2019-07-26T10:10:28","guid":{"rendered":"https:\/\/archiviocassano.lavocedelpaese.info\/index.php\/2019\/07\/26\/ambito-territoriale-5-aslba-interrogazione-del-m5s-laricchia-criticita-nella-gestione-giunta-valuti-il-commissariamento\/"},"modified":"2019-07-26T10:10:28","modified_gmt":"2019-07-26T10:10:28","slug":"ambito-territoriale-5-aslba-interrogazione-del-m5s-laricchia-criticita-nella-gestione-giunta-valuti-il-commissariamento","status":"publish","type":"post","link":"https:\/\/archiviocassano.lavocedelpaese.info\/index.php\/2019\/07\/26\/ambito-territoriale-5-aslba-interrogazione-del-m5s-laricchia-criticita-nella-gestione-giunta-valuti-il-commissariamento\/","title":{"rendered":"PUA Ba5, Laricchia: &#8220;Giunta valuti il commissariamento\u201d"},"content":{"rendered":"<p style=\"text-align: justify;\"><img loading=\"lazy\" decoding=\"async\" class=\" size-full wp-image-17766\" src=\"https:\/\/archiviocassano.lavocedelpaese.info\/wp-content\/uploads\/2019\/07\/PSZ2-1080x675-620x330.jpg\" alt=\"PSZ2-1080x675-620x330\" style=\"margin-right: 2px; margin-left: 2px;\" height=\"150\" width=\"320\" \/><\/p>\n<p><!--more--><\/p>\n<p style=\"text-align: justify;\">Riduzione delle ore di assistenza domiciliare integrata, ritardo nell\u2019adozione del piano sociale di zona, (lo strumento che definisce gli interventi da attuare in sostegno alle persone con fragilit\u00e0) e assenza di confronto con il partenariato sociale per la sua redazione, tagliato fuori da ogni analisi, valutazione, possibilit\u00e0 di proposta e di controllo dei fondi e mancato pagamento delle mensilit\u00e0 relative all\u2019anno 2018\/19 in favore dei centri diurni per disabili e dei centri diurni integrati per soggetti affetti da demenza.<\/p>\n<p style=\"text-align: justify;\">Sono i punti principali su cui si basa l\u2019interrogazione presentata dalla consigliera del M5S Antonella Laricchia in merito all\u2019operato dell\u2019Ambito Territoriale 5 della Asl di Bari che comprende i comuni di Grumo Appula, Toritto, Sannicandro di Bari, Binetto, <strong>Cassano delle Murge<\/strong> e Acquaviva delle Fonti.&nbsp;<\/p>\n<p style=\"text-align: justify;\">Con la Delibera di Giunta del 28\/12\/2017 \u00e8 stato approvato IV Piano regionale delle politiche sociali 2017\/2020, che assegna all&#8217;Ambito in questione 719.918,40 euro per la prima annualit\u00e0 del triennio 2018\/2020, ai quali si aggiungono le risorse proprie da bilancio di ciascun comune aderente all&#8217;ambito e le risorse della ASL occorrenti per le attivit\u00e0 di integrazione sanitaria per attuare gli indirizzi politici di sostegno alla fragilit\u00e0.&nbsp;<\/p>\n<p style=\"text-align: justify;\">\u201cChiediamo poi &#8211; continua Laricchia &#8211; di verificare l\u2019intera gestione delle somme del Piano di Zona, le modalit\u00e0 di interazione e l&#8217;impatto della spesa del Piano sull&#8217;appropriatezza delle prestazioni sanitarie\u201d.&nbsp;<\/p>\n<p style=\"text-align: justify;\">La Giunta regionale nel maggio 2018 ha anche finanziato con fondi europei la realizzazione di una piscina nel Comune di Grumo Appula, capofila dell\u2019ambito, con la concessione di oltre 850mila euro. Nella deliberazione di concessione del finanziamento si dava atto che l\u2019intervento previsto dall\u2019impresa proponente derivasse da un affidamento effettuato dal Comune secondo il modello del project financing. Il 2 agosto 2018 \u00e8 stata poi adottata la Delibera n\u00b0 18 del Coordinamento dell\u2019Ufficio di Piano, con la quale i Sindaci dei Comuni dell\u2019ambito assumevano l\u2019impegno di dare copertura di spesa al project financing con 40mila euro annui per 20 anni a partire dal 2020 da attingere alle risorse del Piano.&nbsp;<\/p>\n<p style=\"text-align: justify;\">\u201cSembrerebbe che la delibera sia stata ritirata &#8211; continua Laricchia &#8211; ed \u00e8 quello che auspichiamo dal momento che per favorire le attivit\u00e0 sportive per le persone pi\u00f9 fragili, di cui comprendiamo la necessit\u00e0, si potrebbero stipulare convenzioni nei comuni dove sono gi\u00e0 presenti piscine funzionanti anche coperte e climatizzate. I Sindaci attualmente in carica costituenti il Coordinamento dell\u2019Ufficio di Piano poi hanno il compito di attuare gli interventi del Piano di Zona per il triennio 2018-2020, mentre con la Delibera del 2 agosto del 2018 si assume una decisione che riguarda il periodo 2020-2040 e che appare inconciliabile con la programmazione triennale delle politiche socio-assistenziali. Per tutti questi aspetti chiediamo di controllare l\u2019operato dell\u2019ambito e valutare se ci siano gli estremi per il suo eventuale commissariamento\u201d.<\/p>\n","protected":false},"excerpt":{"rendered":"","protected":false},"author":1,"featured_media":17766,"comment_status":"open","ping_status":"closed","sticky":false,"template":"","format":"standard","meta":{"colormag_page_container_layout":"default_layout","colormag_page_sidebar_layout":"default_layout","footnotes":""},"categories":[4],"tags":[],"class_list":["post-17767","post","type-post","status-publish","format-standard","has-post-thumbnail","hentry","category-politica"],"yoast_head":"<!-- This site is optimized with the Yoast SEO plugin v27.5 - https:\/\/yoast.com\/product\/yoast-seo-wordpress\/ -->\n<title>PUA Ba5, Laricchia: &quot;Giunta valuti il commissariamento\u201d - Archivio CassanoWeb<\/title>\n<meta name=\"robots\" content=\"index, follow, max-snippet:-1, max-image-preview:large, max-video-preview:-1\" \/>\n<link rel=\"canonical\" href=\"https:\/\/archiviocassano.lavocedelpaese.info\/index.php\/2019\/07\/26\/ambito-territoriale-5-aslba-interrogazione-del-m5s-laricchia-criticita-nella-gestione-giunta-valuti-il-commissariamento\/\" \/>\n<meta property=\"og:locale\" content=\"it_IT\" \/>\n<meta property=\"og:type\" content=\"article\" \/>\n<meta property=\"og:title\" content=\"PUA Ba5, Laricchia: &quot;Giunta valuti il commissariamento\u201d - Archivio CassanoWeb\" \/>\n<meta property=\"og:url\" content=\"https:\/\/archiviocassano.lavocedelpaese.info\/index.php\/2019\/07\/26\/ambito-territoriale-5-aslba-interrogazione-del-m5s-laricchia-criticita-nella-gestione-giunta-valuti-il-commissariamento\/\" \/>\n<meta property=\"og:site_name\" content=\"Archivio CassanoWeb\" \/>\n<meta property=\"article:publisher\" content=\"https:\/\/www.facebook.com\/redazione.cassanoweb\" \/>\n<meta property=\"article:published_time\" content=\"2019-07-26T10:10:28+00:00\" \/>\n<meta property=\"og:image\" content=\"https:\/\/archiviocassano.lavocedelpaese.info\/wp-content\/uploads\/2019\/07\/PSZ2-1080x675-620x330.jpg\" \/>\n\t<meta property=\"og:image:width\" content=\"620\" \/>\n\t<meta property=\"og:image:height\" content=\"330\" \/>\n\t<meta property=\"og:image:type\" content=\"image\/jpeg\" \/>\n<meta name=\"author\" content=\"admin\" \/>\n<meta name=\"twitter:card\" content=\"summary_large_image\" \/>\n<meta name=\"twitter:label1\" content=\"Scritto da\" \/>\n\t<meta name=\"twitter:data1\" content=\"admin\" \/>\n\t<meta name=\"twitter:label2\" content=\"Tempo di lettura stimato\" \/>\n\t<meta name=\"twitter:data2\" content=\"2 minuti\" \/>\n<script type=\"application\/ld+json\" class=\"yoast-schema-graph\">{\"@context\":\"https:\\\/\\\/schema.org\",\"@graph\":[{\"@type\":\"Article\",\"@id\":\"https:\\\/\\\/archiviocassano.lavocedelpaese.info\\\/index.php\\\/2019\\\/07\\\/26\\\/ambito-territoriale-5-aslba-interrogazione-del-m5s-laricchia-criticita-nella-gestione-giunta-valuti-il-commissariamento\\\/#article\",\"isPartOf\":{\"@id\":\"https:\\\/\\\/archiviocassano.lavocedelpaese.info\\\/index.php\\\/2019\\\/07\\\/26\\\/ambito-territoriale-5-aslba-interrogazione-del-m5s-laricchia-criticita-nella-gestione-giunta-valuti-il-commissariamento\\\/\"},\"author\":{\"name\":\"admin\",\"@id\":\"https:\\\/\\\/archiviocassano.lavocedelpaese.info\\\/#\\\/schema\\\/person\\\/df195bc79a9b4c35127cf005f92e041b\"},\"headline\":\"PUA Ba5, Laricchia: &#8220;Giunta valuti il commissariamento\u201d\",\"datePublished\":\"2019-07-26T10:10:28+00:00\",\"mainEntityOfPage\":{\"@id\":\"https:\\\/\\\/archiviocassano.lavocedelpaese.info\\\/index.php\\\/2019\\\/07\\\/26\\\/ambito-territoriale-5-aslba-interrogazione-del-m5s-laricchia-criticita-nella-gestione-giunta-valuti-il-commissariamento\\\/\"},\"wordCount\":471,\"commentCount\":0,\"publisher\":{\"@id\":\"https:\\\/\\\/archiviocassano.lavocedelpaese.info\\\/#organization\"},\"image\":{\"@id\":\"https:\\\/\\\/archiviocassano.lavocedelpaese.info\\\/index.php\\\/2019\\\/07\\\/26\\\/ambito-territoriale-5-aslba-interrogazione-del-m5s-laricchia-criticita-nella-gestione-giunta-valuti-il-commissariamento\\\/#primaryimage\"},\"thumbnailUrl\":\"https:\\\/\\\/archiviocassano.lavocedelpaese.info\\\/wp-content\\\/uploads\\\/2019\\\/07\\\/PSZ2-1080x675-620x330.jpg\",\"articleSection\":[\"Politica\"],\"inLanguage\":\"it-IT\",\"potentialAction\":[{\"@type\":\"CommentAction\",\"name\":\"Comment\",\"target\":[\"https:\\\/\\\/archiviocassano.lavocedelpaese.info\\\/index.php\\\/2019\\\/07\\\/26\\\/ambito-territoriale-5-aslba-interrogazione-del-m5s-laricchia-criticita-nella-gestione-giunta-valuti-il-commissariamento\\\/#respond\"]}]},{\"@type\":\"WebPage\",\"@id\":\"https:\\\/\\\/archiviocassano.lavocedelpaese.info\\\/index.php\\\/2019\\\/07\\\/26\\\/ambito-territoriale-5-aslba-interrogazione-del-m5s-laricchia-criticita-nella-gestione-giunta-valuti-il-commissariamento\\\/\",\"url\":\"https:\\\/\\\/archiviocassano.lavocedelpaese.info\\\/index.php\\\/2019\\\/07\\\/26\\\/ambito-territoriale-5-aslba-interrogazione-del-m5s-laricchia-criticita-nella-gestione-giunta-valuti-il-commissariamento\\\/\",\"name\":\"PUA Ba5, Laricchia: \\\"Giunta valuti il commissariamento\u201d - Archivio CassanoWeb\",\"isPartOf\":{\"@id\":\"https:\\\/\\\/archiviocassano.lavocedelpaese.info\\\/#website\"},\"primaryImageOfPage\":{\"@id\":\"https:\\\/\\\/archiviocassano.lavocedelpaese.info\\\/index.php\\\/2019\\\/07\\\/26\\\/ambito-territoriale-5-aslba-interrogazione-del-m5s-laricchia-criticita-nella-gestione-giunta-valuti-il-commissariamento\\\/#primaryimage\"},\"image\":{\"@id\":\"https:\\\/\\\/archiviocassano.lavocedelpaese.info\\\/index.php\\\/2019\\\/07\\\/26\\\/ambito-territoriale-5-aslba-interrogazione-del-m5s-laricchia-criticita-nella-gestione-giunta-valuti-il-commissariamento\\\/#primaryimage\"},\"thumbnailUrl\":\"https:\\\/\\\/archiviocassano.lavocedelpaese.info\\\/wp-content\\\/uploads\\\/2019\\\/07\\\/PSZ2-1080x675-620x330.jpg\",\"datePublished\":\"2019-07-26T10:10:28+00:00\",\"breadcrumb\":{\"@id\":\"https:\\\/\\\/archiviocassano.lavocedelpaese.info\\\/index.php\\\/2019\\\/07\\\/26\\\/ambito-territoriale-5-aslba-interrogazione-del-m5s-laricchia-criticita-nella-gestione-giunta-valuti-il-commissariamento\\\/#breadcrumb\"},\"inLanguage\":\"it-IT\",\"potentialAction\":[{\"@type\":\"ReadAction\",\"target\":[\"https:\\\/\\\/archiviocassano.lavocedelpaese.info\\\/index.php\\\/2019\\\/07\\\/26\\\/ambito-territoriale-5-aslba-interrogazione-del-m5s-laricchia-criticita-nella-gestione-giunta-valuti-il-commissariamento\\\/\"]}]},{\"@type\":\"ImageObject\",\"inLanguage\":\"it-IT\",\"@id\":\"https:\\\/\\\/archiviocassano.lavocedelpaese.info\\\/index.php\\\/2019\\\/07\\\/26\\\/ambito-territoriale-5-aslba-interrogazione-del-m5s-laricchia-criticita-nella-gestione-giunta-valuti-il-commissariamento\\\/#primaryimage\",\"url\":\"https:\\\/\\\/archiviocassano.lavocedelpaese.info\\\/wp-content\\\/uploads\\\/2019\\\/07\\\/PSZ2-1080x675-620x330.jpg\",\"contentUrl\":\"https:\\\/\\\/archiviocassano.lavocedelpaese.info\\\/wp-content\\\/uploads\\\/2019\\\/07\\\/PSZ2-1080x675-620x330.jpg\",\"width\":620,\"height\":330,\"caption\":\"PSZ2-1080x675-620x330\"},{\"@type\":\"BreadcrumbList\",\"@id\":\"https:\\\/\\\/archiviocassano.lavocedelpaese.info\\\/index.php\\\/2019\\\/07\\\/26\\\/ambito-territoriale-5-aslba-interrogazione-del-m5s-laricchia-criticita-nella-gestione-giunta-valuti-il-commissariamento\\\/#breadcrumb\",\"itemListElement\":[{\"@type\":\"ListItem\",\"position\":1,\"name\":\"Home\",\"item\":\"https:\\\/\\\/archiviocassano.lavocedelpaese.info\\\/\"},{\"@type\":\"ListItem\",\"position\":2,\"name\":\"PUA Ba5, Laricchia: &#8220;Giunta valuti il commissariamento\u201d\"}]},{\"@type\":\"WebSite\",\"@id\":\"https:\\\/\\\/archiviocassano.lavocedelpaese.info\\\/#website\",\"url\":\"https:\\\/\\\/archiviocassano.lavocedelpaese.info\\\/\",\"name\":\"Archivio CassanoWeb\",\"description\":\"La Voce del Paese - un network di idee\",\"publisher\":{\"@id\":\"https:\\\/\\\/archiviocassano.lavocedelpaese.info\\\/#organization\"},\"potentialAction\":[{\"@type\":\"SearchAction\",\"target\":{\"@type\":\"EntryPoint\",\"urlTemplate\":\"https:\\\/\\\/archiviocassano.lavocedelpaese.info\\\/?s={search_term_string}\"},\"query-input\":{\"@type\":\"PropertyValueSpecification\",\"valueRequired\":true,\"valueName\":\"search_term_string\"}}],\"inLanguage\":\"it-IT\"},{\"@type\":\"Organization\",\"@id\":\"https:\\\/\\\/archiviocassano.lavocedelpaese.info\\\/#organization\",\"name\":\"Archivio CassanoWeb\",\"url\":\"https:\\\/\\\/archiviocassano.lavocedelpaese.info\\\/\",\"logo\":{\"@type\":\"ImageObject\",\"inLanguage\":\"it-IT\",\"@id\":\"https:\\\/\\\/archiviocassano.lavocedelpaese.info\\\/#\\\/schema\\\/logo\\\/image\\\/\",\"url\":\"https:\\\/\\\/archiviocassano.lavocedelpaese.info\\\/wp-content\\\/uploads\\\/2024\\\/08\\\/logo-rosso-2.png\",\"contentUrl\":\"https:\\\/\\\/archiviocassano.lavocedelpaese.info\\\/wp-content\\\/uploads\\\/2024\\\/08\\\/logo-rosso-2.png\",\"width\":491,\"height\":432,\"caption\":\"Archivio CassanoWeb\"},\"image\":{\"@id\":\"https:\\\/\\\/archiviocassano.lavocedelpaese.info\\\/#\\\/schema\\\/logo\\\/image\\\/\"},\"sameAs\":[\"https:\\\/\\\/www.facebook.com\\\/redazione.cassanoweb\"]},{\"@type\":\"Person\",\"@id\":\"https:\\\/\\\/archiviocassano.lavocedelpaese.info\\\/#\\\/schema\\\/person\\\/df195bc79a9b4c35127cf005f92e041b\",\"name\":\"admin\",\"image\":{\"@type\":\"ImageObject\",\"inLanguage\":\"it-IT\",\"@id\":\"https:\\\/\\\/secure.gravatar.com\\\/avatar\\\/eabba89a432e8eaa1b0207cc55f7e5340b22712b1ed80677efcf63e02ff5b235?s=96&d=mm&r=g\",\"url\":\"https:\\\/\\\/secure.gravatar.com\\\/avatar\\\/eabba89a432e8eaa1b0207cc55f7e5340b22712b1ed80677efcf63e02ff5b235?s=96&d=mm&r=g\",\"contentUrl\":\"https:\\\/\\\/secure.gravatar.com\\\/avatar\\\/eabba89a432e8eaa1b0207cc55f7e5340b22712b1ed80677efcf63e02ff5b235?s=96&d=mm&r=g\",\"caption\":\"admin\"},\"sameAs\":[\"https:\\\/\\\/archiviocassano.lavocedelpaese.info\"],\"url\":\"https:\\\/\\\/archiviocassano.lavocedelpaese.info\\\/index.php\\\/author\\\/admin_0qgz1xdp\\\/\"}]}<\/script>\n<!-- \/ Yoast SEO plugin. -->","yoast_head_json":{"title":"PUA Ba5, Laricchia: \"Giunta valuti il commissariamento\u201d - Archivio CassanoWeb","robots":{"index":"index","follow":"follow","max-snippet":"max-snippet:-1","max-image-preview":"max-image-preview:large","max-video-preview":"max-video-preview:-1"},"canonical":"https:\/\/archiviocassano.lavocedelpaese.info\/index.php\/2019\/07\/26\/ambito-territoriale-5-aslba-interrogazione-del-m5s-laricchia-criticita-nella-gestione-giunta-valuti-il-commissariamento\/","og_locale":"it_IT","og_type":"article","og_title":"PUA Ba5, Laricchia: \"Giunta valuti il commissariamento\u201d - Archivio CassanoWeb","og_url":"https:\/\/archiviocassano.lavocedelpaese.info\/index.php\/2019\/07\/26\/ambito-territoriale-5-aslba-interrogazione-del-m5s-laricchia-criticita-nella-gestione-giunta-valuti-il-commissariamento\/","og_site_name":"Archivio CassanoWeb","article_publisher":"https:\/\/www.facebook.com\/redazione.cassanoweb","article_published_time":"2019-07-26T10:10:28+00:00","og_image":[{"width":620,"height":330,"url":"https:\/\/archiviocassano.lavocedelpaese.info\/wp-content\/uploads\/2019\/07\/PSZ2-1080x675-620x330.jpg","type":"image\/jpeg"}],"author":"admin","twitter_card":"summary_large_image","twitter_misc":{"Scritto da":"admin","Tempo di lettura stimato":"2 minuti"},"schema":{"@context":"https:\/\/schema.org","@graph":[{"@type":"Article","@id":"https:\/\/archiviocassano.lavocedelpaese.info\/index.php\/2019\/07\/26\/ambito-territoriale-5-aslba-interrogazione-del-m5s-laricchia-criticita-nella-gestione-giunta-valuti-il-commissariamento\/#article","isPartOf":{"@id":"https:\/\/archiviocassano.lavocedelpaese.info\/index.php\/2019\/07\/26\/ambito-territoriale-5-aslba-interrogazione-del-m5s-laricchia-criticita-nella-gestione-giunta-valuti-il-commissariamento\/"},"author":{"name":"admin","@id":"https:\/\/archiviocassano.lavocedelpaese.info\/#\/schema\/person\/df195bc79a9b4c35127cf005f92e041b"},"headline":"PUA Ba5, Laricchia: &#8220;Giunta valuti il commissariamento\u201d","datePublished":"2019-07-26T10:10:28+00:00","mainEntityOfPage":{"@id":"https:\/\/archiviocassano.lavocedelpaese.info\/index.php\/2019\/07\/26\/ambito-territoriale-5-aslba-interrogazione-del-m5s-laricchia-criticita-nella-gestione-giunta-valuti-il-commissariamento\/"},"wordCount":471,"commentCount":0,"publisher":{"@id":"https:\/\/archiviocassano.lavocedelpaese.info\/#organization"},"image":{"@id":"https:\/\/archiviocassano.lavocedelpaese.info\/index.php\/2019\/07\/26\/ambito-territoriale-5-aslba-interrogazione-del-m5s-laricchia-criticita-nella-gestione-giunta-valuti-il-commissariamento\/#primaryimage"},"thumbnailUrl":"https:\/\/archiviocassano.lavocedelpaese.info\/wp-content\/uploads\/2019\/07\/PSZ2-1080x675-620x330.jpg","articleSection":["Politica"],"inLanguage":"it-IT","potentialAction":[{"@type":"CommentAction","name":"Comment","target":["https:\/\/archiviocassano.lavocedelpaese.info\/index.php\/2019\/07\/26\/ambito-territoriale-5-aslba-interrogazione-del-m5s-laricchia-criticita-nella-gestione-giunta-valuti-il-commissariamento\/#respond"]}]},{"@type":"WebPage","@id":"https:\/\/archiviocassano.lavocedelpaese.info\/index.php\/2019\/07\/26\/ambito-territoriale-5-aslba-interrogazione-del-m5s-laricchia-criticita-nella-gestione-giunta-valuti-il-commissariamento\/","url":"https:\/\/archiviocassano.lavocedelpaese.info\/index.php\/2019\/07\/26\/ambito-territoriale-5-aslba-interrogazione-del-m5s-laricchia-criticita-nella-gestione-giunta-valuti-il-commissariamento\/","name":"PUA Ba5, Laricchia: \"Giunta valuti il commissariamento\u201d - Archivio CassanoWeb","isPartOf":{"@id":"https:\/\/archiviocassano.lavocedelpaese.info\/#website"},"primaryImageOfPage":{"@id":"https:\/\/archiviocassano.lavocedelpaese.info\/index.php\/2019\/07\/26\/ambito-territoriale-5-aslba-interrogazione-del-m5s-laricchia-criticita-nella-gestione-giunta-valuti-il-commissariamento\/#primaryimage"},"image":{"@id":"https:\/\/archiviocassano.lavocedelpaese.info\/index.php\/2019\/07\/26\/ambito-territoriale-5-aslba-interrogazione-del-m5s-laricchia-criticita-nella-gestione-giunta-valuti-il-commissariamento\/#primaryimage"},"thumbnailUrl":"https:\/\/archiviocassano.lavocedelpaese.info\/wp-content\/uploads\/2019\/07\/PSZ2-1080x675-620x330.jpg","datePublished":"2019-07-26T10:10:28+00:00","breadcrumb":{"@id":"https:\/\/archiviocassano.lavocedelpaese.info\/index.php\/2019\/07\/26\/ambito-territoriale-5-aslba-interrogazione-del-m5s-laricchia-criticita-nella-gestione-giunta-valuti-il-commissariamento\/#breadcrumb"},"inLanguage":"it-IT","potentialAction":[{"@type":"ReadAction","target":["https:\/\/archiviocassano.lavocedelpaese.info\/index.php\/2019\/07\/26\/ambito-territoriale-5-aslba-interrogazione-del-m5s-laricchia-criticita-nella-gestione-giunta-valuti-il-commissariamento\/"]}]},{"@type":"ImageObject","inLanguage":"it-IT","@id":"https:\/\/archiviocassano.lavocedelpaese.info\/index.php\/2019\/07\/26\/ambito-territoriale-5-aslba-interrogazione-del-m5s-laricchia-criticita-nella-gestione-giunta-valuti-il-commissariamento\/#primaryimage","url":"https:\/\/archiviocassano.lavocedelpaese.info\/wp-content\/uploads\/2019\/07\/PSZ2-1080x675-620x330.jpg","contentUrl":"https:\/\/archiviocassano.lavocedelpaese.info\/wp-content\/uploads\/2019\/07\/PSZ2-1080x675-620x330.jpg","width":620,"height":330,"caption":"PSZ2-1080x675-620x330"},{"@type":"BreadcrumbList","@id":"https:\/\/archiviocassano.lavocedelpaese.info\/index.php\/2019\/07\/26\/ambito-territoriale-5-aslba-interrogazione-del-m5s-laricchia-criticita-nella-gestione-giunta-valuti-il-commissariamento\/#breadcrumb","itemListElement":[{"@type":"ListItem","position":1,"name":"Home","item":"https:\/\/archiviocassano.lavocedelpaese.info\/"},{"@type":"ListItem","position":2,"name":"PUA Ba5, Laricchia: &#8220;Giunta valuti il commissariamento\u201d"}]},{"@type":"WebSite","@id":"https:\/\/archiviocassano.lavocedelpaese.info\/#website","url":"https:\/\/archiviocassano.lavocedelpaese.info\/","name":"Archivio CassanoWeb","description":"La Voce del Paese - un network di idee","publisher":{"@id":"https:\/\/archiviocassano.lavocedelpaese.info\/#organization"},"potentialAction":[{"@type":"SearchAction","target":{"@type":"EntryPoint","urlTemplate":"https:\/\/archiviocassano.lavocedelpaese.info\/?s={search_term_string}"},"query-input":{"@type":"PropertyValueSpecification","valueRequired":true,"valueName":"search_term_string"}}],"inLanguage":"it-IT"},{"@type":"Organization","@id":"https:\/\/archiviocassano.lavocedelpaese.info\/#organization","name":"Archivio CassanoWeb","url":"https:\/\/archiviocassano.lavocedelpaese.info\/","logo":{"@type":"ImageObject","inLanguage":"it-IT","@id":"https:\/\/archiviocassano.lavocedelpaese.info\/#\/schema\/logo\/image\/","url":"https:\/\/archiviocassano.lavocedelpaese.info\/wp-content\/uploads\/2024\/08\/logo-rosso-2.png","contentUrl":"https:\/\/archiviocassano.lavocedelpaese.info\/wp-content\/uploads\/2024\/08\/logo-rosso-2.png","width":491,"height":432,"caption":"Archivio CassanoWeb"},"image":{"@id":"https:\/\/archiviocassano.lavocedelpaese.info\/#\/schema\/logo\/image\/"},"sameAs":["https:\/\/www.facebook.com\/redazione.cassanoweb"]},{"@type":"Person","@id":"https:\/\/archiviocassano.lavocedelpaese.info\/#\/schema\/person\/df195bc79a9b4c35127cf005f92e041b","name":"admin","image":{"@type":"ImageObject","inLanguage":"it-IT","@id":"https:\/\/secure.gravatar.com\/avatar\/eabba89a432e8eaa1b0207cc55f7e5340b22712b1ed80677efcf63e02ff5b235?s=96&d=mm&r=g","url":"https:\/\/secure.gravatar.com\/avatar\/eabba89a432e8eaa1b0207cc55f7e5340b22712b1ed80677efcf63e02ff5b235?s=96&d=mm&r=g","contentUrl":"https:\/\/secure.gravatar.com\/avatar\/eabba89a432e8eaa1b0207cc55f7e5340b22712b1ed80677efcf63e02ff5b235?s=96&d=mm&r=g","caption":"admin"},"sameAs":["https:\/\/archiviocassano.lavocedelpaese.info"],"url":"https:\/\/archiviocassano.lavocedelpaese.info\/index.php\/author\/admin_0qgz1xdp\/"}]}},"_links":{"self":[{"href":"https:\/\/archiviocassano.lavocedelpaese.info\/index.php\/wp-json\/wp\/v2\/posts\/17767","targetHints":{"allow":["GET"]}}],"collection":[{"href":"https:\/\/archiviocassano.lavocedelpaese.info\/index.php\/wp-json\/wp\/v2\/posts"}],"about":[{"href":"https:\/\/archiviocassano.lavocedelpaese.info\/index.php\/wp-json\/wp\/v2\/types\/post"}],"author":[{"embeddable":true,"href":"https:\/\/archiviocassano.lavocedelpaese.info\/index.php\/wp-json\/wp\/v2\/users\/1"}],"replies":[{"embeddable":true,"href":"https:\/\/archiviocassano.lavocedelpaese.info\/index.php\/wp-json\/wp\/v2\/comments?post=17767"}],"version-history":[{"count":0,"href":"https:\/\/archiviocassano.lavocedelpaese.info\/index.php\/wp-json\/wp\/v2\/posts\/17767\/revisions"}],"wp:featuredmedia":[{"embeddable":true,"href":"https:\/\/archiviocassano.lavocedelpaese.info\/index.php\/wp-json\/wp\/v2\/media\/17766"}],"wp:attachment":[{"href":"https:\/\/archiviocassano.lavocedelpaese.info\/index.php\/wp-json\/wp\/v2\/media?parent=17767"}],"wp:term":[{"taxonomy":"category","embeddable":true,"href":"https:\/\/archiviocassano.lavocedelpaese.info\/index.php\/wp-json\/wp\/v2\/categories?post=17767"},{"taxonomy":"post_tag","embeddable":true,"href":"https:\/\/archiviocassano.lavocedelpaese.info\/index.php\/wp-json\/wp\/v2\/tags?post=17767"}],"curies":[{"name":"wp","href":"https:\/\/api.w.org\/{rel}","templated":true}]}}