{"id":17831,"date":"2019-08-06T07:41:51","date_gmt":"2019-08-06T07:41:51","guid":{"rendered":"https:\/\/archiviocassano.lavocedelpaese.info\/index.php\/2019\/08\/06\/ufficio-tecnico-comunale-e-suap-santorsola-e-del-re-chiedono-chiarezza-sullo-stallo\/"},"modified":"2019-08-06T07:41:51","modified_gmt":"2019-08-06T07:41:51","slug":"ufficio-tecnico-comunale-e-suap-santorsola-e-del-re-chiedono-chiarezza-sullo-stallo","status":"publish","type":"post","link":"https:\/\/archiviocassano.lavocedelpaese.info\/index.php\/2019\/08\/06\/ufficio-tecnico-comunale-e-suap-santorsola-e-del-re-chiedono-chiarezza-sullo-stallo\/","title":{"rendered":"UTC e SUAP: Santorsola e Del Re chiedono chiarimenti"},"content":{"rendered":"<p style=\"text-align: justify;\"><img loading=\"lazy\" decoding=\"async\" class=\" size-full wp-image-17830\" src=\"https:\/\/archiviocassano.lavocedelpaese.info\/wp-content\/uploads\/2019\/08\/cassano-delle-murge-1_0.png\" alt=\"cassano-delle-murge-1 0\" style=\"margin-right: 2px; margin-left: 2px;\" height=\"150\" width=\"320\" \/><\/p>\n<p><!--more--><\/p>\n<p style=\"text-align: justify;\">Urge chiarezza per quanto riguarda l\u2019Ufficio Tecnico Comunale e il SUAP: a chiederlo sono i Consiglieri comunali <strong>Teodoro Santorsola e Davide Del Re<\/strong> che hanno chiesto la convocazione urgente della Terza Commisisone Comunale permanente che si occupa di territorio, ambiente e attivit\u00e0 produttive.<\/p>\n<p style=\"text-align: justify;\">La riunione richiesta \u00e8 utile per dibattere sulla pesante situazione&nbsp; dell\u2019ufficio tecnico comunale e quella, altrettanto inquietante, dello sportello unico per le attivit\u00e0 produttive.<\/p>\n<p style=\"text-align: justify;\">\u201c\u00c8 da troppo tempo, ormai \u2013 si legge in una nota dei due Consiglieri di minoranza &#8211; che si protrae una situazione di totale stallo per l\u2019 ufficio tecnico comunale il che crea gravi problemi ai cittadini e ai &nbsp;tecnici che non hanno interlocutori \u201cstabili \u201c per il disbrigo delle pratiche.<\/p>\n<p style=\"text-align: justify;\">Una situazione non pi\u00f9 tollerabile che si protrae da tantissimi mesi e che, nonostante le ripetute segnalazioni dei cittadini, dei tecnici che operano sul territorio di Cassano e della minoranza tutta, l\u2019amministrazione Di Medio non risolve, incapace di assumere seri provvedimenti per far funzionare un ufficio vitale per Cassano. Salvo poi, scoprire, che lo stesso ufficio per altre questioni &#8211; leggasi installazione traliccio su collina di Santa Lucia &#8211; \u00e8 pi\u00f9 che rapido. Cos\u00ec come \u00e8 rapido in altre questioni a dir poco inquietanti (vedasi lavori di basolato nei pressi della sala consiliare). Lavori appaltati con conteggi errati, procedure poco trasparenti ed esecuzione delle opere lasciate incomplete!<\/p>\n<p style=\"text-align: justify;\">Anche lo sportello unico per le attivit\u00e0 produttive, SUAP, nonostante le rassicurazioni ciclicamente ripetute da membri della maggioranza DI Medio, \u00e8 in realt\u00e0 in uno stato di fermo assoluto!<\/p>\n<p style=\"text-align: justify;\">Sono queste le ragioni che hanno spinto, quindi, i consiglieri Santorsola e Del Re, a chiedere una urgente convocazione per acquisire tutte le utili informazioni e conoscere quali intendimenti l\u2019amministrazione abbia per tentare di ridare vita a settori che dovrebbero essere strategici, ma che soffrono, ormai da lunghi mesi, della mancanza di visione prospettica.<\/p>\n<p style=\"text-align: justify;\">Una gestione miope, invece , che provoca pesanti ricadute negative sull\u2019intera Cassano!!&nbsp;&nbsp;Chi elaborer\u00e0 un progetto credibile per la Di Medio?\u201d.<\/p>\n<p>&nbsp;<\/p>\n","protected":false},"excerpt":{"rendered":"","protected":false},"author":1,"featured_media":17830,"comment_status":"open","ping_status":"closed","sticky":false,"template":"","format":"standard","meta":{"colormag_page_container_layout":"default_layout","colormag_page_sidebar_layout":"default_layout","footnotes":""},"categories":[4],"tags":[],"class_list":["post-17831","post","type-post","status-publish","format-standard","has-post-thumbnail","hentry","category-politica"],"yoast_head":"<!-- This site is optimized with the Yoast SEO plugin v27.5 - https:\/\/yoast.com\/product\/yoast-seo-wordpress\/ -->\n<title>UTC e SUAP: Santorsola e Del Re chiedono chiarimenti - Archivio CassanoWeb<\/title>\n<meta name=\"robots\" content=\"index, follow, max-snippet:-1, max-image-preview:large, max-video-preview:-1\" \/>\n<link rel=\"canonical\" href=\"https:\/\/archiviocassano.lavocedelpaese.info\/index.php\/2019\/08\/06\/ufficio-tecnico-comunale-e-suap-santorsola-e-del-re-chiedono-chiarezza-sullo-stallo\/\" \/>\n<meta property=\"og:locale\" content=\"it_IT\" \/>\n<meta property=\"og:type\" content=\"article\" \/>\n<meta property=\"og:title\" content=\"UTC e SUAP: Santorsola e Del Re chiedono chiarimenti - Archivio CassanoWeb\" \/>\n<meta property=\"og:url\" content=\"https:\/\/archiviocassano.lavocedelpaese.info\/index.php\/2019\/08\/06\/ufficio-tecnico-comunale-e-suap-santorsola-e-del-re-chiedono-chiarezza-sullo-stallo\/\" \/>\n<meta property=\"og:site_name\" content=\"Archivio CassanoWeb\" \/>\n<meta property=\"article:publisher\" content=\"https:\/\/www.facebook.com\/redazione.cassanoweb\" \/>\n<meta property=\"article:published_time\" content=\"2019-08-06T07:41:51+00:00\" \/>\n<meta property=\"og:image\" content=\"https:\/\/archiviocassano.lavocedelpaese.info\/wp-content\/uploads\/2019\/08\/cassano-delle-murge-1_0.png\" \/>\n\t<meta property=\"og:image:width\" content=\"576\" \/>\n\t<meta property=\"og:image:height\" content=\"360\" \/>\n\t<meta property=\"og:image:type\" content=\"image\/png\" \/>\n<meta name=\"author\" content=\"admin\" \/>\n<meta name=\"twitter:card\" content=\"summary_large_image\" \/>\n<meta name=\"twitter:label1\" content=\"Scritto da\" \/>\n\t<meta name=\"twitter:data1\" content=\"admin\" \/>\n\t<meta name=\"twitter:label2\" content=\"Tempo di lettura stimato\" \/>\n\t<meta name=\"twitter:data2\" content=\"2 minuti\" \/>\n<script type=\"application\/ld+json\" class=\"yoast-schema-graph\">{\"@context\":\"https:\\\/\\\/schema.org\",\"@graph\":[{\"@type\":\"Article\",\"@id\":\"https:\\\/\\\/archiviocassano.lavocedelpaese.info\\\/index.php\\\/2019\\\/08\\\/06\\\/ufficio-tecnico-comunale-e-suap-santorsola-e-del-re-chiedono-chiarezza-sullo-stallo\\\/#article\",\"isPartOf\":{\"@id\":\"https:\\\/\\\/archiviocassano.lavocedelpaese.info\\\/index.php\\\/2019\\\/08\\\/06\\\/ufficio-tecnico-comunale-e-suap-santorsola-e-del-re-chiedono-chiarezza-sullo-stallo\\\/\"},\"author\":{\"name\":\"admin\",\"@id\":\"https:\\\/\\\/archiviocassano.lavocedelpaese.info\\\/#\\\/schema\\\/person\\\/df195bc79a9b4c35127cf005f92e041b\"},\"headline\":\"UTC e SUAP: Santorsola e Del Re chiedono chiarimenti\",\"datePublished\":\"2019-08-06T07:41:51+00:00\",\"mainEntityOfPage\":{\"@id\":\"https:\\\/\\\/archiviocassano.lavocedelpaese.info\\\/index.php\\\/2019\\\/08\\\/06\\\/ufficio-tecnico-comunale-e-suap-santorsola-e-del-re-chiedono-chiarezza-sullo-stallo\\\/\"},\"wordCount\":340,\"commentCount\":0,\"publisher\":{\"@id\":\"https:\\\/\\\/archiviocassano.lavocedelpaese.info\\\/#organization\"},\"image\":{\"@id\":\"https:\\\/\\\/archiviocassano.lavocedelpaese.info\\\/index.php\\\/2019\\\/08\\\/06\\\/ufficio-tecnico-comunale-e-suap-santorsola-e-del-re-chiedono-chiarezza-sullo-stallo\\\/#primaryimage\"},\"thumbnailUrl\":\"https:\\\/\\\/archiviocassano.lavocedelpaese.info\\\/wp-content\\\/uploads\\\/2019\\\/08\\\/cassano-delle-murge-1_0.png\",\"articleSection\":[\"Politica\"],\"inLanguage\":\"it-IT\",\"potentialAction\":[{\"@type\":\"CommentAction\",\"name\":\"Comment\",\"target\":[\"https:\\\/\\\/archiviocassano.lavocedelpaese.info\\\/index.php\\\/2019\\\/08\\\/06\\\/ufficio-tecnico-comunale-e-suap-santorsola-e-del-re-chiedono-chiarezza-sullo-stallo\\\/#respond\"]}]},{\"@type\":\"WebPage\",\"@id\":\"https:\\\/\\\/archiviocassano.lavocedelpaese.info\\\/index.php\\\/2019\\\/08\\\/06\\\/ufficio-tecnico-comunale-e-suap-santorsola-e-del-re-chiedono-chiarezza-sullo-stallo\\\/\",\"url\":\"https:\\\/\\\/archiviocassano.lavocedelpaese.info\\\/index.php\\\/2019\\\/08\\\/06\\\/ufficio-tecnico-comunale-e-suap-santorsola-e-del-re-chiedono-chiarezza-sullo-stallo\\\/\",\"name\":\"UTC e SUAP: Santorsola e Del Re chiedono chiarimenti - Archivio CassanoWeb\",\"isPartOf\":{\"@id\":\"https:\\\/\\\/archiviocassano.lavocedelpaese.info\\\/#website\"},\"primaryImageOfPage\":{\"@id\":\"https:\\\/\\\/archiviocassano.lavocedelpaese.info\\\/index.php\\\/2019\\\/08\\\/06\\\/ufficio-tecnico-comunale-e-suap-santorsola-e-del-re-chiedono-chiarezza-sullo-stallo\\\/#primaryimage\"},\"image\":{\"@id\":\"https:\\\/\\\/archiviocassano.lavocedelpaese.info\\\/index.php\\\/2019\\\/08\\\/06\\\/ufficio-tecnico-comunale-e-suap-santorsola-e-del-re-chiedono-chiarezza-sullo-stallo\\\/#primaryimage\"},\"thumbnailUrl\":\"https:\\\/\\\/archiviocassano.lavocedelpaese.info\\\/wp-content\\\/uploads\\\/2019\\\/08\\\/cassano-delle-murge-1_0.png\",\"datePublished\":\"2019-08-06T07:41:51+00:00\",\"breadcrumb\":{\"@id\":\"https:\\\/\\\/archiviocassano.lavocedelpaese.info\\\/index.php\\\/2019\\\/08\\\/06\\\/ufficio-tecnico-comunale-e-suap-santorsola-e-del-re-chiedono-chiarezza-sullo-stallo\\\/#breadcrumb\"},\"inLanguage\":\"it-IT\",\"potentialAction\":[{\"@type\":\"ReadAction\",\"target\":[\"https:\\\/\\\/archiviocassano.lavocedelpaese.info\\\/index.php\\\/2019\\\/08\\\/06\\\/ufficio-tecnico-comunale-e-suap-santorsola-e-del-re-chiedono-chiarezza-sullo-stallo\\\/\"]}]},{\"@type\":\"ImageObject\",\"inLanguage\":\"it-IT\",\"@id\":\"https:\\\/\\\/archiviocassano.lavocedelpaese.info\\\/index.php\\\/2019\\\/08\\\/06\\\/ufficio-tecnico-comunale-e-suap-santorsola-e-del-re-chiedono-chiarezza-sullo-stallo\\\/#primaryimage\",\"url\":\"https:\\\/\\\/archiviocassano.lavocedelpaese.info\\\/wp-content\\\/uploads\\\/2019\\\/08\\\/cassano-delle-murge-1_0.png\",\"contentUrl\":\"https:\\\/\\\/archiviocassano.lavocedelpaese.info\\\/wp-content\\\/uploads\\\/2019\\\/08\\\/cassano-delle-murge-1_0.png\",\"width\":576,\"height\":360,\"caption\":\"cassano-delle-murge-1 0\"},{\"@type\":\"BreadcrumbList\",\"@id\":\"https:\\\/\\\/archiviocassano.lavocedelpaese.info\\\/index.php\\\/2019\\\/08\\\/06\\\/ufficio-tecnico-comunale-e-suap-santorsola-e-del-re-chiedono-chiarezza-sullo-stallo\\\/#breadcrumb\",\"itemListElement\":[{\"@type\":\"ListItem\",\"position\":1,\"name\":\"Home\",\"item\":\"https:\\\/\\\/archiviocassano.lavocedelpaese.info\\\/\"},{\"@type\":\"ListItem\",\"position\":2,\"name\":\"UTC e SUAP: Santorsola e Del Re chiedono chiarimenti\"}]},{\"@type\":\"WebSite\",\"@id\":\"https:\\\/\\\/archiviocassano.lavocedelpaese.info\\\/#website\",\"url\":\"https:\\\/\\\/archiviocassano.lavocedelpaese.info\\\/\",\"name\":\"Archivio CassanoWeb\",\"description\":\"La Voce del Paese - un network di idee\",\"publisher\":{\"@id\":\"https:\\\/\\\/archiviocassano.lavocedelpaese.info\\\/#organization\"},\"potentialAction\":[{\"@type\":\"SearchAction\",\"target\":{\"@type\":\"EntryPoint\",\"urlTemplate\":\"https:\\\/\\\/archiviocassano.lavocedelpaese.info\\\/?s={search_term_string}\"},\"query-input\":{\"@type\":\"PropertyValueSpecification\",\"valueRequired\":true,\"valueName\":\"search_term_string\"}}],\"inLanguage\":\"it-IT\"},{\"@type\":\"Organization\",\"@id\":\"https:\\\/\\\/archiviocassano.lavocedelpaese.info\\\/#organization\",\"name\":\"Archivio CassanoWeb\",\"url\":\"https:\\\/\\\/archiviocassano.lavocedelpaese.info\\\/\",\"logo\":{\"@type\":\"ImageObject\",\"inLanguage\":\"it-IT\",\"@id\":\"https:\\\/\\\/archiviocassano.lavocedelpaese.info\\\/#\\\/schema\\\/logo\\\/image\\\/\",\"url\":\"https:\\\/\\\/archiviocassano.lavocedelpaese.info\\\/wp-content\\\/uploads\\\/2024\\\/08\\\/logo-rosso-2.png\",\"contentUrl\":\"https:\\\/\\\/archiviocassano.lavocedelpaese.info\\\/wp-content\\\/uploads\\\/2024\\\/08\\\/logo-rosso-2.png\",\"width\":491,\"height\":432,\"caption\":\"Archivio CassanoWeb\"},\"image\":{\"@id\":\"https:\\\/\\\/archiviocassano.lavocedelpaese.info\\\/#\\\/schema\\\/logo\\\/image\\\/\"},\"sameAs\":[\"https:\\\/\\\/www.facebook.com\\\/redazione.cassanoweb\"]},{\"@type\":\"Person\",\"@id\":\"https:\\\/\\\/archiviocassano.lavocedelpaese.info\\\/#\\\/schema\\\/person\\\/df195bc79a9b4c35127cf005f92e041b\",\"name\":\"admin\",\"image\":{\"@type\":\"ImageObject\",\"inLanguage\":\"it-IT\",\"@id\":\"https:\\\/\\\/secure.gravatar.com\\\/avatar\\\/eabba89a432e8eaa1b0207cc55f7e5340b22712b1ed80677efcf63e02ff5b235?s=96&d=mm&r=g\",\"url\":\"https:\\\/\\\/secure.gravatar.com\\\/avatar\\\/eabba89a432e8eaa1b0207cc55f7e5340b22712b1ed80677efcf63e02ff5b235?s=96&d=mm&r=g\",\"contentUrl\":\"https:\\\/\\\/secure.gravatar.com\\\/avatar\\\/eabba89a432e8eaa1b0207cc55f7e5340b22712b1ed80677efcf63e02ff5b235?s=96&d=mm&r=g\",\"caption\":\"admin\"},\"sameAs\":[\"https:\\\/\\\/archiviocassano.lavocedelpaese.info\"],\"url\":\"https:\\\/\\\/archiviocassano.lavocedelpaese.info\\\/index.php\\\/author\\\/admin_0qgz1xdp\\\/\"}]}<\/script>\n<!-- \/ Yoast SEO plugin. -->","yoast_head_json":{"title":"UTC e SUAP: Santorsola e Del Re chiedono chiarimenti - Archivio CassanoWeb","robots":{"index":"index","follow":"follow","max-snippet":"max-snippet:-1","max-image-preview":"max-image-preview:large","max-video-preview":"max-video-preview:-1"},"canonical":"https:\/\/archiviocassano.lavocedelpaese.info\/index.php\/2019\/08\/06\/ufficio-tecnico-comunale-e-suap-santorsola-e-del-re-chiedono-chiarezza-sullo-stallo\/","og_locale":"it_IT","og_type":"article","og_title":"UTC e SUAP: Santorsola e Del Re chiedono chiarimenti - Archivio CassanoWeb","og_url":"https:\/\/archiviocassano.lavocedelpaese.info\/index.php\/2019\/08\/06\/ufficio-tecnico-comunale-e-suap-santorsola-e-del-re-chiedono-chiarezza-sullo-stallo\/","og_site_name":"Archivio CassanoWeb","article_publisher":"https:\/\/www.facebook.com\/redazione.cassanoweb","article_published_time":"2019-08-06T07:41:51+00:00","og_image":[{"width":576,"height":360,"url":"https:\/\/archiviocassano.lavocedelpaese.info\/wp-content\/uploads\/2019\/08\/cassano-delle-murge-1_0.png","type":"image\/png"}],"author":"admin","twitter_card":"summary_large_image","twitter_misc":{"Scritto da":"admin","Tempo di lettura stimato":"2 minuti"},"schema":{"@context":"https:\/\/schema.org","@graph":[{"@type":"Article","@id":"https:\/\/archiviocassano.lavocedelpaese.info\/index.php\/2019\/08\/06\/ufficio-tecnico-comunale-e-suap-santorsola-e-del-re-chiedono-chiarezza-sullo-stallo\/#article","isPartOf":{"@id":"https:\/\/archiviocassano.lavocedelpaese.info\/index.php\/2019\/08\/06\/ufficio-tecnico-comunale-e-suap-santorsola-e-del-re-chiedono-chiarezza-sullo-stallo\/"},"author":{"name":"admin","@id":"https:\/\/archiviocassano.lavocedelpaese.info\/#\/schema\/person\/df195bc79a9b4c35127cf005f92e041b"},"headline":"UTC e SUAP: Santorsola e Del Re chiedono chiarimenti","datePublished":"2019-08-06T07:41:51+00:00","mainEntityOfPage":{"@id":"https:\/\/archiviocassano.lavocedelpaese.info\/index.php\/2019\/08\/06\/ufficio-tecnico-comunale-e-suap-santorsola-e-del-re-chiedono-chiarezza-sullo-stallo\/"},"wordCount":340,"commentCount":0,"publisher":{"@id":"https:\/\/archiviocassano.lavocedelpaese.info\/#organization"},"image":{"@id":"https:\/\/archiviocassano.lavocedelpaese.info\/index.php\/2019\/08\/06\/ufficio-tecnico-comunale-e-suap-santorsola-e-del-re-chiedono-chiarezza-sullo-stallo\/#primaryimage"},"thumbnailUrl":"https:\/\/archiviocassano.lavocedelpaese.info\/wp-content\/uploads\/2019\/08\/cassano-delle-murge-1_0.png","articleSection":["Politica"],"inLanguage":"it-IT","potentialAction":[{"@type":"CommentAction","name":"Comment","target":["https:\/\/archiviocassano.lavocedelpaese.info\/index.php\/2019\/08\/06\/ufficio-tecnico-comunale-e-suap-santorsola-e-del-re-chiedono-chiarezza-sullo-stallo\/#respond"]}]},{"@type":"WebPage","@id":"https:\/\/archiviocassano.lavocedelpaese.info\/index.php\/2019\/08\/06\/ufficio-tecnico-comunale-e-suap-santorsola-e-del-re-chiedono-chiarezza-sullo-stallo\/","url":"https:\/\/archiviocassano.lavocedelpaese.info\/index.php\/2019\/08\/06\/ufficio-tecnico-comunale-e-suap-santorsola-e-del-re-chiedono-chiarezza-sullo-stallo\/","name":"UTC e SUAP: Santorsola e Del Re chiedono chiarimenti - Archivio CassanoWeb","isPartOf":{"@id":"https:\/\/archiviocassano.lavocedelpaese.info\/#website"},"primaryImageOfPage":{"@id":"https:\/\/archiviocassano.lavocedelpaese.info\/index.php\/2019\/08\/06\/ufficio-tecnico-comunale-e-suap-santorsola-e-del-re-chiedono-chiarezza-sullo-stallo\/#primaryimage"},"image":{"@id":"https:\/\/archiviocassano.lavocedelpaese.info\/index.php\/2019\/08\/06\/ufficio-tecnico-comunale-e-suap-santorsola-e-del-re-chiedono-chiarezza-sullo-stallo\/#primaryimage"},"thumbnailUrl":"https:\/\/archiviocassano.lavocedelpaese.info\/wp-content\/uploads\/2019\/08\/cassano-delle-murge-1_0.png","datePublished":"2019-08-06T07:41:51+00:00","breadcrumb":{"@id":"https:\/\/archiviocassano.lavocedelpaese.info\/index.php\/2019\/08\/06\/ufficio-tecnico-comunale-e-suap-santorsola-e-del-re-chiedono-chiarezza-sullo-stallo\/#breadcrumb"},"inLanguage":"it-IT","potentialAction":[{"@type":"ReadAction","target":["https:\/\/archiviocassano.lavocedelpaese.info\/index.php\/2019\/08\/06\/ufficio-tecnico-comunale-e-suap-santorsola-e-del-re-chiedono-chiarezza-sullo-stallo\/"]}]},{"@type":"ImageObject","inLanguage":"it-IT","@id":"https:\/\/archiviocassano.lavocedelpaese.info\/index.php\/2019\/08\/06\/ufficio-tecnico-comunale-e-suap-santorsola-e-del-re-chiedono-chiarezza-sullo-stallo\/#primaryimage","url":"https:\/\/archiviocassano.lavocedelpaese.info\/wp-content\/uploads\/2019\/08\/cassano-delle-murge-1_0.png","contentUrl":"https:\/\/archiviocassano.lavocedelpaese.info\/wp-content\/uploads\/2019\/08\/cassano-delle-murge-1_0.png","width":576,"height":360,"caption":"cassano-delle-murge-1 0"},{"@type":"BreadcrumbList","@id":"https:\/\/archiviocassano.lavocedelpaese.info\/index.php\/2019\/08\/06\/ufficio-tecnico-comunale-e-suap-santorsola-e-del-re-chiedono-chiarezza-sullo-stallo\/#breadcrumb","itemListElement":[{"@type":"ListItem","position":1,"name":"Home","item":"https:\/\/archiviocassano.lavocedelpaese.info\/"},{"@type":"ListItem","position":2,"name":"UTC e SUAP: Santorsola e Del Re chiedono chiarimenti"}]},{"@type":"WebSite","@id":"https:\/\/archiviocassano.lavocedelpaese.info\/#website","url":"https:\/\/archiviocassano.lavocedelpaese.info\/","name":"Archivio CassanoWeb","description":"La Voce del Paese - un network di idee","publisher":{"@id":"https:\/\/archiviocassano.lavocedelpaese.info\/#organization"},"potentialAction":[{"@type":"SearchAction","target":{"@type":"EntryPoint","urlTemplate":"https:\/\/archiviocassano.lavocedelpaese.info\/?s={search_term_string}"},"query-input":{"@type":"PropertyValueSpecification","valueRequired":true,"valueName":"search_term_string"}}],"inLanguage":"it-IT"},{"@type":"Organization","@id":"https:\/\/archiviocassano.lavocedelpaese.info\/#organization","name":"Archivio CassanoWeb","url":"https:\/\/archiviocassano.lavocedelpaese.info\/","logo":{"@type":"ImageObject","inLanguage":"it-IT","@id":"https:\/\/archiviocassano.lavocedelpaese.info\/#\/schema\/logo\/image\/","url":"https:\/\/archiviocassano.lavocedelpaese.info\/wp-content\/uploads\/2024\/08\/logo-rosso-2.png","contentUrl":"https:\/\/archiviocassano.lavocedelpaese.info\/wp-content\/uploads\/2024\/08\/logo-rosso-2.png","width":491,"height":432,"caption":"Archivio CassanoWeb"},"image":{"@id":"https:\/\/archiviocassano.lavocedelpaese.info\/#\/schema\/logo\/image\/"},"sameAs":["https:\/\/www.facebook.com\/redazione.cassanoweb"]},{"@type":"Person","@id":"https:\/\/archiviocassano.lavocedelpaese.info\/#\/schema\/person\/df195bc79a9b4c35127cf005f92e041b","name":"admin","image":{"@type":"ImageObject","inLanguage":"it-IT","@id":"https:\/\/secure.gravatar.com\/avatar\/eabba89a432e8eaa1b0207cc55f7e5340b22712b1ed80677efcf63e02ff5b235?s=96&d=mm&r=g","url":"https:\/\/secure.gravatar.com\/avatar\/eabba89a432e8eaa1b0207cc55f7e5340b22712b1ed80677efcf63e02ff5b235?s=96&d=mm&r=g","contentUrl":"https:\/\/secure.gravatar.com\/avatar\/eabba89a432e8eaa1b0207cc55f7e5340b22712b1ed80677efcf63e02ff5b235?s=96&d=mm&r=g","caption":"admin"},"sameAs":["https:\/\/archiviocassano.lavocedelpaese.info"],"url":"https:\/\/archiviocassano.lavocedelpaese.info\/index.php\/author\/admin_0qgz1xdp\/"}]}},"_links":{"self":[{"href":"https:\/\/archiviocassano.lavocedelpaese.info\/index.php\/wp-json\/wp\/v2\/posts\/17831","targetHints":{"allow":["GET"]}}],"collection":[{"href":"https:\/\/archiviocassano.lavocedelpaese.info\/index.php\/wp-json\/wp\/v2\/posts"}],"about":[{"href":"https:\/\/archiviocassano.lavocedelpaese.info\/index.php\/wp-json\/wp\/v2\/types\/post"}],"author":[{"embeddable":true,"href":"https:\/\/archiviocassano.lavocedelpaese.info\/index.php\/wp-json\/wp\/v2\/users\/1"}],"replies":[{"embeddable":true,"href":"https:\/\/archiviocassano.lavocedelpaese.info\/index.php\/wp-json\/wp\/v2\/comments?post=17831"}],"version-history":[{"count":0,"href":"https:\/\/archiviocassano.lavocedelpaese.info\/index.php\/wp-json\/wp\/v2\/posts\/17831\/revisions"}],"wp:featuredmedia":[{"embeddable":true,"href":"https:\/\/archiviocassano.lavocedelpaese.info\/index.php\/wp-json\/wp\/v2\/media\/17830"}],"wp:attachment":[{"href":"https:\/\/archiviocassano.lavocedelpaese.info\/index.php\/wp-json\/wp\/v2\/media?parent=17831"}],"wp:term":[{"taxonomy":"category","embeddable":true,"href":"https:\/\/archiviocassano.lavocedelpaese.info\/index.php\/wp-json\/wp\/v2\/categories?post=17831"},{"taxonomy":"post_tag","embeddable":true,"href":"https:\/\/archiviocassano.lavocedelpaese.info\/index.php\/wp-json\/wp\/v2\/tags?post=17831"}],"curies":[{"name":"wp","href":"https:\/\/api.w.org\/{rel}","templated":true}]}}